{"id":9319,"date":"2020-02-27T08:41:40","date_gmt":"2020-02-27T07:41:40","guid":{"rendered":"https:\/\/kunmedierne.dk\/mors\/?p=9319"},"modified":"2024-08-12T14:06:25","modified_gmt":"2024-08-12T12:06:25","slug":"fladskaerme-og-elvaerktoej-stjaalet-i-loedderup","status":"publish","type":"post","link":"https:\/\/kunmedierne.dk\/mors\/fladskaerme-og-elvaerktoej-stjaalet-i-loedderup\/","title":{"rendered":"Fladsk\u00e6rme og elv\u00e6rkt\u00f8j stj\u00e5let i L\u00f8dderup"},"content":{"rendered":"<p><strong>L\u00d8DDERUP<\/strong>: En landejendom p\u00e5 L\u00f8dderupvang har i tidsrummet siden s\u00f8ndag 16. februar haft et indbrud. En rude var blevet aflistet, hvilket gav adgang til stuehuset, hvorefter man har fjernet flere typer af fladsk\u00e6rme samt en rundsav af m\u00e6rket Dewalt og en boremaskine af m\u00e6rket Makita.<\/p>\n","protected":false},"excerpt":{"rendered":"<p>L\u00d8DDERUP: En landejendom p\u00e5 L\u00f8dderupvang har i tidsrummet siden s\u00f8ndag 16. februar haft et indbrud. En rude var blevet aflistet, hvilket gav adgang til stuehuset, hvorefter man har fjernet flere typer af fladsk\u00e6rme samt en rundsav af m\u00e6rket Dewalt og en boremaskine af m\u00e6rket Makita.<\/p>\n","protected":false},"author":8,"featured_media":3588,"comment_status":"open","ping_status":"open","sticky":false,"template":"","format":"standard","meta":{"_acf_changed":false,"footnotes":""},"categories":[54,51],"tags":[],"class_list":["post-9319","post","type-post","status-publish","format-standard","has-post-thumbnail","hentry","category-54","category-lokalt"],"acf":[],"yoast_head":"<!-- This site is optimized with the Yoast SEO plugin v26.8 - https:\/\/yoast.com\/product\/yoast-seo-wordpress\/ -->\n<title>Fladsk\u00e6rme og elv\u00e6rkt\u00f8j stj\u00e5let i L\u00f8dderup - Mors<\/title>\n<meta name=\"robots\" content=\"index, follow, max-snippet:-1, max-image-preview:large, max-video-preview:-1\" \/>\n<link rel=\"canonical\" href=\"https:\/\/kunmedierne.dk\/mors\/fladskaerme-og-elvaerktoej-stjaalet-i-loedderup\/\" \/>\n<meta property=\"og:locale\" content=\"da_DK\" \/>\n<meta property=\"og:type\" content=\"article\" \/>\n<meta property=\"og:title\" content=\"Fladsk\u00e6rme og elv\u00e6rkt\u00f8j stj\u00e5let i L\u00f8dderup - Mors\" \/>\n<meta property=\"og:description\" content=\"L\u00d8DDERUP: En landejendom p\u00e5 L\u00f8dderupvang har i tidsrummet siden s\u00f8ndag 16. februar haft et indbrud. En rude var blevet aflistet, hvilket gav adgang til stuehuset, hvorefter man har fjernet flere typer af fladsk\u00e6rme samt en rundsav af m\u00e6rket Dewalt og en boremaskine af m\u00e6rket Makita.\" \/>\n<meta property=\"og:url\" content=\"https:\/\/kunmedierne.dk\/mors\/fladskaerme-og-elvaerktoej-stjaalet-i-loedderup\/\" \/>\n<meta property=\"og:site_name\" content=\"Mors\" \/>\n<meta property=\"article:published_time\" content=\"2020-02-27T07:41:40+00:00\" \/>\n<meta property=\"article:modified_time\" content=\"2024-08-12T12:06:25+00:00\" \/>\n<meta property=\"og:image\" content=\"https:\/\/kunmedierne.dk\/mors\/wp-content\/uploads\/2020\/01\/politi-logo3.jpg\" \/>\n\t<meta property=\"og:image:width\" content=\"770\" \/>\n\t<meta property=\"og:image:height\" content=\"513\" \/>\n\t<meta property=\"og:image:type\" content=\"image\/jpeg\" \/>\n<meta name=\"author\" content=\"David H\u00f8jmark\" \/>\n<meta name=\"twitter:card\" content=\"summary_large_image\" \/>\n<meta name=\"twitter:label1\" content=\"Skrevet af\" \/>\n\t<meta name=\"twitter:data1\" content=\"David H\u00f8jmark\" \/>\n<script type=\"application\/ld+json\" class=\"yoast-schema-graph\">{\"@context\":\"https:\/\/schema.org\",\"@graph\":[{\"@type\":\"Article\",\"@id\":\"https:\/\/kunmedierne.dk\/mors\/fladskaerme-og-elvaerktoej-stjaalet-i-loedderup\/#article\",\"isPartOf\":{\"@id\":\"https:\/\/kunmedierne.dk\/mors\/fladskaerme-og-elvaerktoej-stjaalet-i-loedderup\/\"},\"author\":{\"name\":\"David H\u00f8jmark\",\"@id\":\"https:\/\/kunmedierne.dk\/mors\/#\/schema\/person\/5fe23251bf1d0abbcdc6f7896579d548\"},\"headline\":\"Fladsk\u00e6rme og elv\u00e6rkt\u00f8j stj\u00e5let i L\u00f8dderup\",\"datePublished\":\"2020-02-27T07:41:40+00:00\",\"dateModified\":\"2024-08-12T12:06:25+00:00\",\"mainEntityOfPage\":{\"@id\":\"https:\/\/kunmedierne.dk\/mors\/fladskaerme-og-elvaerktoej-stjaalet-i-loedderup\/\"},\"wordCount\":61,\"commentCount\":0,\"publisher\":{\"@id\":\"https:\/\/kunmedierne.dk\/mors\/#organization\"},\"image\":{\"@id\":\"https:\/\/kunmedierne.dk\/mors\/fladskaerme-og-elvaerktoej-stjaalet-i-loedderup\/#primaryimage\"},\"thumbnailUrl\":\"https:\/\/kunmedierne.dk\/mors\/wp-content\/uploads\/2020\/01\/politi-logo3.jpg\",\"articleSection\":[\"112\",\"Lokalt\"],\"inLanguage\":\"da-DK\",\"potentialAction\":[{\"@type\":\"CommentAction\",\"name\":\"Comment\",\"target\":[\"https:\/\/kunmedierne.dk\/mors\/fladskaerme-og-elvaerktoej-stjaalet-i-loedderup\/#respond\"]}]},{\"@type\":\"WebPage\",\"@id\":\"https:\/\/kunmedierne.dk\/mors\/fladskaerme-og-elvaerktoej-stjaalet-i-loedderup\/\",\"url\":\"https:\/\/kunmedierne.dk\/mors\/fladskaerme-og-elvaerktoej-stjaalet-i-loedderup\/\",\"name\":\"Fladsk\u00e6rme og elv\u00e6rkt\u00f8j stj\u00e5let i L\u00f8dderup - Mors\",\"isPartOf\":{\"@id\":\"https:\/\/kunmedierne.dk\/mors\/#website\"},\"primaryImageOfPage\":{\"@id\":\"https:\/\/kunmedierne.dk\/mors\/fladskaerme-og-elvaerktoej-stjaalet-i-loedderup\/#primaryimage\"},\"image\":{\"@id\":\"https:\/\/kunmedierne.dk\/mors\/fladskaerme-og-elvaerktoej-stjaalet-i-loedderup\/#primaryimage\"},\"thumbnailUrl\":\"https:\/\/kunmedierne.dk\/mors\/wp-content\/uploads\/2020\/01\/politi-logo3.jpg\",\"datePublished\":\"2020-02-27T07:41:40+00:00\",\"dateModified\":\"2024-08-12T12:06:25+00:00\",\"breadcrumb\":{\"@id\":\"https:\/\/kunmedierne.dk\/mors\/fladskaerme-og-elvaerktoej-stjaalet-i-loedderup\/#breadcrumb\"},\"inLanguage\":\"da-DK\",\"potentialAction\":[{\"@type\":\"ReadAction\",\"target\":[\"https:\/\/kunmedierne.dk\/mors\/fladskaerme-og-elvaerktoej-stjaalet-i-loedderup\/\"]}]},{\"@type\":\"ImageObject\",\"inLanguage\":\"da-DK\",\"@id\":\"https:\/\/kunmedierne.dk\/mors\/fladskaerme-og-elvaerktoej-stjaalet-i-loedderup\/#primaryimage\",\"url\":\"https:\/\/kunmedierne.dk\/mors\/wp-content\/uploads\/2020\/01\/politi-logo3.jpg\",\"contentUrl\":\"https:\/\/kunmedierne.dk\/mors\/wp-content\/uploads\/2020\/01\/politi-logo3.jpg\",\"width\":770,\"height\":513,\"caption\":\"Modeloto: Kim Matth\u00e4i Leland\"},{\"@type\":\"BreadcrumbList\",\"@id\":\"https:\/\/kunmedierne.dk\/mors\/fladskaerme-og-elvaerktoej-stjaalet-i-loedderup\/#breadcrumb\",\"itemListElement\":[{\"@type\":\"ListItem\",\"position\":1,\"name\":\"Hjem\",\"item\":\"https:\/\/kunmedierne.dk\/mors\/\"},{\"@type\":\"ListItem\",\"position\":2,\"name\":\"Fladsk\u00e6rme og elv\u00e6rkt\u00f8j stj\u00e5let i L\u00f8dderup\"}]},{\"@type\":\"WebSite\",\"@id\":\"https:\/\/kunmedierne.dk\/mors\/#website\",\"url\":\"https:\/\/kunmedierne.dk\/mors\/\",\"name\":\"Mors\",\"description\":\"et netmedie med journalistik om livet p\u00e5 Mors\",\"publisher\":{\"@id\":\"https:\/\/kunmedierne.dk\/mors\/#organization\"},\"potentialAction\":[{\"@type\":\"SearchAction\",\"target\":{\"@type\":\"EntryPoint\",\"urlTemplate\":\"https:\/\/kunmedierne.dk\/mors\/?s={search_term_string}\"},\"query-input\":{\"@type\":\"PropertyValueSpecification\",\"valueRequired\":true,\"valueName\":\"search_term_string\"}}],\"inLanguage\":\"da-DK\"},{\"@type\":\"Organization\",\"@id\":\"https:\/\/kunmedierne.dk\/mors\/#organization\",\"name\":\"Mors\",\"url\":\"https:\/\/kunmedierne.dk\/mors\/\",\"logo\":{\"@type\":\"ImageObject\",\"inLanguage\":\"da-DK\",\"@id\":\"https:\/\/kunmedierne.dk\/mors\/#\/schema\/logo\/image\/\",\"url\":\"https:\/\/kunmedierne.dk\/mors\/wp-content\/uploads\/2024\/08\/kunmors-logo.svg\",\"contentUrl\":\"https:\/\/kunmedierne.dk\/mors\/wp-content\/uploads\/2024\/08\/kunmors-logo.svg\",\"caption\":\"Mors\"},\"image\":{\"@id\":\"https:\/\/kunmedierne.dk\/mors\/#\/schema\/logo\/image\/\"}},{\"@type\":\"Person\",\"@id\":\"https:\/\/kunmedierne.dk\/mors\/#\/schema\/person\/5fe23251bf1d0abbcdc6f7896579d548\",\"name\":\"David H\u00f8jmark\",\"image\":{\"@type\":\"ImageObject\",\"inLanguage\":\"da-DK\",\"@id\":\"https:\/\/kunmedierne.dk\/mors\/#\/schema\/person\/image\/\",\"url\":\"https:\/\/secure.gravatar.com\/avatar\/4315d6fb9ef244d729989f5f90268eb08d5bf8a3d84402f595fa194bb35784fd?s=96&d=mm&r=g\",\"contentUrl\":\"https:\/\/secure.gravatar.com\/avatar\/4315d6fb9ef244d729989f5f90268eb08d5bf8a3d84402f595fa194bb35784fd?s=96&d=mm&r=g\",\"caption\":\"David H\u00f8jmark\"},\"sameAs\":[\"https:\/\/www.kunmedierne.dk\"],\"url\":\"https:\/\/kunmedierne.dk\/mors\/author\/david\/\"}]}<\/script>\n<!-- \/ Yoast SEO plugin. -->","yoast_head_json":{"title":"Fladsk\u00e6rme og elv\u00e6rkt\u00f8j stj\u00e5let i L\u00f8dderup - Mors","robots":{"index":"index","follow":"follow","max-snippet":"max-snippet:-1","max-image-preview":"max-image-preview:large","max-video-preview":"max-video-preview:-1"},"canonical":"https:\/\/kunmedierne.dk\/mors\/fladskaerme-og-elvaerktoej-stjaalet-i-loedderup\/","og_locale":"da_DK","og_type":"article","og_title":"Fladsk\u00e6rme og elv\u00e6rkt\u00f8j stj\u00e5let i L\u00f8dderup - Mors","og_description":"L\u00d8DDERUP: En landejendom p\u00e5 L\u00f8dderupvang har i tidsrummet siden s\u00f8ndag 16. februar haft et indbrud. En rude var blevet aflistet, hvilket gav adgang til stuehuset, hvorefter man har fjernet flere typer af fladsk\u00e6rme samt en rundsav af m\u00e6rket Dewalt og en boremaskine af m\u00e6rket Makita.","og_url":"https:\/\/kunmedierne.dk\/mors\/fladskaerme-og-elvaerktoej-stjaalet-i-loedderup\/","og_site_name":"Mors","article_published_time":"2020-02-27T07:41:40+00:00","article_modified_time":"2024-08-12T12:06:25+00:00","og_image":[{"width":770,"height":513,"url":"https:\/\/kunmedierne.dk\/mors\/wp-content\/uploads\/2020\/01\/politi-logo3.jpg","type":"image\/jpeg"}],"author":"David H\u00f8jmark","twitter_card":"summary_large_image","twitter_misc":{"Skrevet af":"David H\u00f8jmark"},"schema":{"@context":"https:\/\/schema.org","@graph":[{"@type":"Article","@id":"https:\/\/kunmedierne.dk\/mors\/fladskaerme-og-elvaerktoej-stjaalet-i-loedderup\/#article","isPartOf":{"@id":"https:\/\/kunmedierne.dk\/mors\/fladskaerme-og-elvaerktoej-stjaalet-i-loedderup\/"},"author":{"name":"David H\u00f8jmark","@id":"https:\/\/kunmedierne.dk\/mors\/#\/schema\/person\/5fe23251bf1d0abbcdc6f7896579d548"},"headline":"Fladsk\u00e6rme og elv\u00e6rkt\u00f8j stj\u00e5let i L\u00f8dderup","datePublished":"2020-02-27T07:41:40+00:00","dateModified":"2024-08-12T12:06:25+00:00","mainEntityOfPage":{"@id":"https:\/\/kunmedierne.dk\/mors\/fladskaerme-og-elvaerktoej-stjaalet-i-loedderup\/"},"wordCount":61,"commentCount":0,"publisher":{"@id":"https:\/\/kunmedierne.dk\/mors\/#organization"},"image":{"@id":"https:\/\/kunmedierne.dk\/mors\/fladskaerme-og-elvaerktoej-stjaalet-i-loedderup\/#primaryimage"},"thumbnailUrl":"https:\/\/kunmedierne.dk\/mors\/wp-content\/uploads\/2020\/01\/politi-logo3.jpg","articleSection":["112","Lokalt"],"inLanguage":"da-DK","potentialAction":[{"@type":"CommentAction","name":"Comment","target":["https:\/\/kunmedierne.dk\/mors\/fladskaerme-og-elvaerktoej-stjaalet-i-loedderup\/#respond"]}]},{"@type":"WebPage","@id":"https:\/\/kunmedierne.dk\/mors\/fladskaerme-og-elvaerktoej-stjaalet-i-loedderup\/","url":"https:\/\/kunmedierne.dk\/mors\/fladskaerme-og-elvaerktoej-stjaalet-i-loedderup\/","name":"Fladsk\u00e6rme og elv\u00e6rkt\u00f8j stj\u00e5let i L\u00f8dderup - Mors","isPartOf":{"@id":"https:\/\/kunmedierne.dk\/mors\/#website"},"primaryImageOfPage":{"@id":"https:\/\/kunmedierne.dk\/mors\/fladskaerme-og-elvaerktoej-stjaalet-i-loedderup\/#primaryimage"},"image":{"@id":"https:\/\/kunmedierne.dk\/mors\/fladskaerme-og-elvaerktoej-stjaalet-i-loedderup\/#primaryimage"},"thumbnailUrl":"https:\/\/kunmedierne.dk\/mors\/wp-content\/uploads\/2020\/01\/politi-logo3.jpg","datePublished":"2020-02-27T07:41:40+00:00","dateModified":"2024-08-12T12:06:25+00:00","breadcrumb":{"@id":"https:\/\/kunmedierne.dk\/mors\/fladskaerme-og-elvaerktoej-stjaalet-i-loedderup\/#breadcrumb"},"inLanguage":"da-DK","potentialAction":[{"@type":"ReadAction","target":["https:\/\/kunmedierne.dk\/mors\/fladskaerme-og-elvaerktoej-stjaalet-i-loedderup\/"]}]},{"@type":"ImageObject","inLanguage":"da-DK","@id":"https:\/\/kunmedierne.dk\/mors\/fladskaerme-og-elvaerktoej-stjaalet-i-loedderup\/#primaryimage","url":"https:\/\/kunmedierne.dk\/mors\/wp-content\/uploads\/2020\/01\/politi-logo3.jpg","contentUrl":"https:\/\/kunmedierne.dk\/mors\/wp-content\/uploads\/2020\/01\/politi-logo3.jpg","width":770,"height":513,"caption":"Modeloto: Kim Matth\u00e4i Leland"},{"@type":"BreadcrumbList","@id":"https:\/\/kunmedierne.dk\/mors\/fladskaerme-og-elvaerktoej-stjaalet-i-loedderup\/#breadcrumb","itemListElement":[{"@type":"ListItem","position":1,"name":"Hjem","item":"https:\/\/kunmedierne.dk\/mors\/"},{"@type":"ListItem","position":2,"name":"Fladsk\u00e6rme og elv\u00e6rkt\u00f8j stj\u00e5let i L\u00f8dderup"}]},{"@type":"WebSite","@id":"https:\/\/kunmedierne.dk\/mors\/#website","url":"https:\/\/kunmedierne.dk\/mors\/","name":"Mors","description":"et netmedie med journalistik om livet p\u00e5 Mors","publisher":{"@id":"https:\/\/kunmedierne.dk\/mors\/#organization"},"potentialAction":[{"@type":"SearchAction","target":{"@type":"EntryPoint","urlTemplate":"https:\/\/kunmedierne.dk\/mors\/?s={search_term_string}"},"query-input":{"@type":"PropertyValueSpecification","valueRequired":true,"valueName":"search_term_string"}}],"inLanguage":"da-DK"},{"@type":"Organization","@id":"https:\/\/kunmedierne.dk\/mors\/#organization","name":"Mors","url":"https:\/\/kunmedierne.dk\/mors\/","logo":{"@type":"ImageObject","inLanguage":"da-DK","@id":"https:\/\/kunmedierne.dk\/mors\/#\/schema\/logo\/image\/","url":"https:\/\/kunmedierne.dk\/mors\/wp-content\/uploads\/2024\/08\/kunmors-logo.svg","contentUrl":"https:\/\/kunmedierne.dk\/mors\/wp-content\/uploads\/2024\/08\/kunmors-logo.svg","caption":"Mors"},"image":{"@id":"https:\/\/kunmedierne.dk\/mors\/#\/schema\/logo\/image\/"}},{"@type":"Person","@id":"https:\/\/kunmedierne.dk\/mors\/#\/schema\/person\/5fe23251bf1d0abbcdc6f7896579d548","name":"David H\u00f8jmark","image":{"@type":"ImageObject","inLanguage":"da-DK","@id":"https:\/\/kunmedierne.dk\/mors\/#\/schema\/person\/image\/","url":"https:\/\/secure.gravatar.com\/avatar\/4315d6fb9ef244d729989f5f90268eb08d5bf8a3d84402f595fa194bb35784fd?s=96&d=mm&r=g","contentUrl":"https:\/\/secure.gravatar.com\/avatar\/4315d6fb9ef244d729989f5f90268eb08d5bf8a3d84402f595fa194bb35784fd?s=96&d=mm&r=g","caption":"David H\u00f8jmark"},"sameAs":["https:\/\/www.kunmedierne.dk"],"url":"https:\/\/kunmedierne.dk\/mors\/author\/david\/"}]}},"_links":{"self":[{"href":"https:\/\/kunmedierne.dk\/mors\/wp-json\/wp\/v2\/posts\/9319","targetHints":{"allow":["GET"]}}],"collection":[{"href":"https:\/\/kunmedierne.dk\/mors\/wp-json\/wp\/v2\/posts"}],"about":[{"href":"https:\/\/kunmedierne.dk\/mors\/wp-json\/wp\/v2\/types\/post"}],"author":[{"embeddable":true,"href":"https:\/\/kunmedierne.dk\/mors\/wp-json\/wp\/v2\/users\/8"}],"replies":[{"embeddable":true,"href":"https:\/\/kunmedierne.dk\/mors\/wp-json\/wp\/v2\/comments?post=9319"}],"version-history":[{"count":1,"href":"https:\/\/kunmedierne.dk\/mors\/wp-json\/wp\/v2\/posts\/9319\/revisions"}],"predecessor-version":[{"id":9321,"href":"https:\/\/kunmedierne.dk\/mors\/wp-json\/wp\/v2\/posts\/9319\/revisions\/9321"}],"wp:featuredmedia":[{"embeddable":true,"href":"https:\/\/kunmedierne.dk\/mors\/wp-json\/wp\/v2\/media\/3588"}],"wp:attachment":[{"href":"https:\/\/kunmedierne.dk\/mors\/wp-json\/wp\/v2\/media?parent=9319"}],"wp:term":[{"taxonomy":"category","embeddable":true,"href":"https:\/\/kunmedierne.dk\/mors\/wp-json\/wp\/v2\/categories?post=9319"},{"taxonomy":"post_tag","embeddable":true,"href":"https:\/\/kunmedierne.dk\/mors\/wp-json\/wp\/v2\/tags?post=9319"}],"curies":[{"name":"wp","href":"https:\/\/api.w.org\/{rel}","templated":true}]}}