{"id":93085,"date":"2023-04-18T11:03:38","date_gmt":"2023-04-18T09:03:38","guid":{"rendered":"https:\/\/kunmedierne.dk\/mors\/?p=93085"},"modified":"2024-08-12T13:18:17","modified_gmt":"2024-08-12T11:18:17","slug":"fire-lokalkendte-kunstnere-med-i-tredje-mellemrums-vandring","status":"publish","type":"post","link":"https:\/\/kunmedierne.dk\/mors\/fire-lokalkendte-kunstnere-med-i-tredje-mellemrums-vandring\/","title":{"rendered":"Fire lokalkendte kunstnere med i tredje Mellemrums-vandring"},"content":{"rendered":"<p><span data-contrast=\"auto\"><strong>KUNST:<\/strong> Mens for\u00e5ret f\u00e5r stadig mere magt, arbejder fire kunstnere, der alle har en personlig tilknytning til omr\u00e5det, p\u00e5 at f\u00e5 deres v\u00e6rker p\u00e5 plads til den tredje af i alt fire \u00e5rstidsvandringer i Nationalpark Thy. <\/span><span data-ccp-props=\"{&quot;201341983&quot;:0,&quot;335551550&quot;:0,&quot;335551620&quot;:0,&quot;335559739&quot;:160,&quot;335559740&quot;:257}\">\u00a0<\/span><\/p>\n<p><span data-contrast=\"auto\">MELLEMRUM Thy \u2013 FOR\u00c5R f\u00e5r premiere den 29. april og den s\u00e6rlige co-produktion af Reumert-vindende Kitt Johnson X-act, Stisa S\u00f8gaard og Limfjordsteatret er denne gang rykket til omr\u00e5det omkring Tvorup Hul.<\/span><span data-ccp-props=\"{&quot;201341983&quot;:0,&quot;335551550&quot;:0,&quot;335551620&quot;:0,&quot;335559739&quot;:160,&quot;335559740&quot;:257}\">\u00a0<\/span><\/p>\n<a class=\"dvrt-link\" onClick=\"cdmtrack_click(104785,jQuery(this));return false\" href=\"https:\/\/www.facebook.com\/lyndrups\"><img decoding=\"async\" style=\"width:100%;\" src=\"https:\/\/kunmedierne.dk\/mors\/wp-content\/uploads\/2022\/02\/vip-lyndrups-rengoering.jpg\"><\/a><script>cdmtrack_view(104785);<\/script>\n<p><span data-contrast=\"auto\">Her vil man frem til 7. maj kunne komme med p\u00e5 vandring i en af Jyllands \u00e6ldste klitplantager og opleve b\u00e5de gemte og glemte steder &#8211; samt fire kunstnere, som skaber v\u00e6rker til lige pr\u00e6cis dette sted. <\/span><\/p>\n<p>&nbsp;<\/p>\n<p><strong>Lokale r\u00f8dder<br \/>\n<\/strong><span data-contrast=\"auto\">Danser, performer og antropolog Stisa S\u00f8gaard, der er initiativtager til hele projektet, er den eneste kunstner, som er med p\u00e5 alle fire \u00e5rstidsvandringer. Hun flyttede for et par \u00e5r siden tilbage til barndomsegnen i Thy, hvor hun ofte arbejder sammen med Limfjordsteatret. Hun medvirker blandt andet i forestillingerne \u201dForvandling\u201d og \u201dVILD\u201d og er fast underviser p\u00e5 UngKunstThy. P\u00e5 for\u00e5rs-vandringen har hun inviteret performer Inge Agnete Tarpgaard med. Hun er opvokset i Oddense, men hendes familie stammer fra Mors &#8211; og her har hendes mor bosat sig. Selv bor og arbejder hun i K\u00f8benhavn.<\/span><span data-ccp-props=\"{&quot;201341983&quot;:0,&quot;335551550&quot;:0,&quot;335551620&quot;:0,&quot;335559739&quot;:160,&quot;335559740&quot;:257}\">\u00a0<\/span><\/p>\n<p><span data-contrast=\"auto\">Det samme g\u00f8r Naja Lee Jensen, som til daglig er leder af scenekunstorganisationen HAUT. Hun er opvokset i Sennels, t\u00e6t p\u00e5 Thisted, siden hun som sp\u00e6d blev adopteret fra Korea. Med b\u00e5de solide jyske r\u00f8dder og internationalt udsyn, balancerer hun p\u00e5 gr\u00e6nsen mellem scene- og billedkunst. <\/span><span data-ccp-props=\"{&quot;201341983&quot;:0,&quot;335551550&quot;:0,&quot;335551620&quot;:0,&quot;335559739&quot;:160,&quot;335559740&quot;:257}\">\u00a0<\/span><\/p>\n<p><span data-contrast=\"auto\">Vandringens fjerde kunstner er musikeren Jimmy Nyborg, som er f\u00f8dt i Sverige, men nu bosat i Thy. Han har turneret i store dele af verden &#8211; Kina, Europa, Gr\u00f8nland, Island &#8211; bl.a. med sine musikalske projekter MAdHAs og Nordklang. P\u00e5 vandringen bidrager han med et v\u00e6rk inspireret af naturens og landskabets sm\u00e5 og store lyde.<\/span><span data-ccp-props=\"{&quot;201341983&quot;:0,&quot;335551550&quot;:0,&quot;335551620&quot;:0,&quot;335559739&quot;:160,&quot;335559740&quot;:257}\">\u00a0<\/span><\/p>\n<p>&nbsp;<\/p>\n<p><b><span data-contrast=\"auto\">INFO<\/span><\/b><span data-ccp-props=\"{&quot;201341983&quot;:0,&quot;335551550&quot;:0,&quot;335551620&quot;:0,&quot;335559739&quot;:160,&quot;335559740&quot;:257}\"><br \/>\n<\/span><span data-contrast=\"auto\">MELLEMRUM Thy \u2013 FOR\u00c5R, ved Tvorup Hul<\/span><span data-ccp-props=\"{&quot;201341983&quot;:0,&quot;335551550&quot;:0,&quot;335551620&quot;:0,&quot;335559739&quot;:160,&quot;335559740&quot;:257}\">\u00a0<\/span><\/p>\n<p>&nbsp;<\/p>\n<p><b><span data-contrast=\"auto\">Spilletider<\/span><\/b><span data-contrast=\"auto\">: Fra den 27. april til 7. maj<\/span><br \/>\n<span data-contrast=\"auto\"> 29.+30. april kl. 12:00 og 15:00<\/span><br \/>\n<span data-contrast=\"auto\"> 2.+3. maj kl. 15:00<\/span><br \/>\n<span data-contrast=\"auto\"> 4. maj kl. 12:00 (udsolgt) og 15:00<\/span><br \/>\n<span data-contrast=\"auto\"> 5.+6.+7. maj kl. 12:00 og 15:00<\/span><\/p>\n<p>&nbsp;<\/p>\n<p><b><\/b><b><span data-contrast=\"auto\">Co-produktion<\/span><\/b><span data-contrast=\"auto\">: Kitt Johnson X-act, Stisa S\u00f8gaard og Limfjordsteatret<\/span><\/p>\n<p><b><\/b><b><span data-contrast=\"auto\">Medvirkende<\/span><\/b><span data-contrast=\"auto\">: Naja Lee Jensen, Stisa S\u00f8gaard &amp; Inge Agnete Tarpgaard samt Jimmy Nyborg.<\/span><\/p>\n<p><b><span data-contrast=\"auto\">Vandringerne<\/span><\/b><span data-contrast=\"auto\"> foreg\u00e5r &#8220;off-road&#8221; i relativt h\u00f8jt tempo og er desv\u00e6rre ikke velegnet for folk med gangbesv\u00e6r, barnevogne m.m. &#8211; eller for\u00a0hunde.<\/span><br \/>\n<span data-contrast=\"auto\"> Varighed ca. 1 time og 45 min.<\/span><\/p>\n<p><b><span data-contrast=\"auto\">Billetpriser <\/span><\/b><span data-contrast=\"auto\">ekskl. gebyr<\/span><br \/>\n<span data-contrast=\"auto\"> L\u00f8ssalg: 195 kr. (voksen), 70 kr. (unge t.o.m. 25 \u00e5r)<\/span><br \/>\n<span data-contrast=\"auto\"> Gruppebillet v. mindst otte pers.: 120 kr.<\/span><br \/>\n<span data-contrast=\"auto\"> En del af Limfjordsteatrets \u00e5rskort<\/span><br \/>\n<span data-contrast=\"auto\"> Bestilles <a href=\"http:\/\/www.limfjordsteatret.dk\" target=\"_blank\" rel=\"noopener\">her<\/a><\/span><br \/>\n<b><\/b><\/p>\n<p><b><span data-contrast=\"auto\">MELLEMRUM Thy <\/span><\/b><span data-contrast=\"auto\">best\u00e5r af i alt fire \u00e5rstidsspecifikke vandringer i Nationalpark Thy. EFTER\u00c5R foregik ved Nors S\u00f8, VINTER p\u00e5 Agger Tange, FOR\u00c5R ved Tvorup Hul \u2013 og SOMMER bliver til august ved Vandet S\u00f8.<\/span><span data-ccp-props=\"{&quot;201341983&quot;:0,&quot;335551550&quot;:0,&quot;335551620&quot;:0,&quot;335559739&quot;:160,&quot;335559740&quot;:257}\">\u00a0<\/span><\/p>\n","protected":false},"excerpt":{"rendered":"<p>KUNST: Mens for\u00e5ret f\u00e5r stadig mere magt, arbejder fire kunstnere, der alle har en personlig tilknytning til omr\u00e5det, p\u00e5 at f\u00e5 deres v\u00e6rker p\u00e5 plads til den tredje af i alt fire \u00e5rstidsvandringer i Nationalpark Thy. \u00a0 MELLEMRUM Thy \u2013 FOR\u00c5R f\u00e5r premiere den 29. april og den s\u00e6rlige co-produktion af Reumert-vindende Kitt Johnson X-act, [&hellip;]<\/p>\n","protected":false},"author":2507,"featured_media":93086,"comment_status":"closed","ping_status":"open","sticky":false,"template":"","format":"standard","meta":{"_acf_changed":false,"footnotes":""},"categories":[49],"tags":[],"class_list":["post-93085","post","type-post","status-publish","format-standard","has-post-thumbnail","hentry","category-kultur"],"acf":[],"yoast_head":"<!-- This site is optimized with the Yoast SEO plugin v26.8 - https:\/\/yoast.com\/product\/yoast-seo-wordpress\/ -->\n<title>Fire lokalkendte kunstnere med i tredje Mellemrums-vandring - Mors<\/title>\n<meta name=\"robots\" content=\"index, follow, max-snippet:-1, max-image-preview:large, max-video-preview:-1\" \/>\n<link rel=\"canonical\" href=\"https:\/\/kunmedierne.dk\/mors\/fire-lokalkendte-kunstnere-med-i-tredje-mellemrums-vandring\/\" \/>\n<meta property=\"og:locale\" content=\"da_DK\" \/>\n<meta property=\"og:type\" content=\"article\" \/>\n<meta property=\"og:title\" content=\"Fire lokalkendte kunstnere med i tredje Mellemrums-vandring - Mors\" \/>\n<meta property=\"og:description\" content=\"KUNST: Mens for\u00e5ret f\u00e5r stadig mere magt, arbejder fire kunstnere, der alle har en personlig tilknytning til omr\u00e5det, p\u00e5 at f\u00e5 deres v\u00e6rker p\u00e5 plads til den tredje af i alt fire \u00e5rstidsvandringer i Nationalpark Thy. \u00a0 MELLEMRUM Thy \u2013 FOR\u00c5R f\u00e5r premiere den 29. april og den s\u00e6rlige co-produktion af Reumert-vindende Kitt Johnson X-act, [&hellip;]\" \/>\n<meta property=\"og:url\" content=\"https:\/\/kunmedierne.dk\/mors\/fire-lokalkendte-kunstnere-med-i-tredje-mellemrums-vandring\/\" \/>\n<meta property=\"og:site_name\" content=\"Mors\" \/>\n<meta property=\"article:published_time\" content=\"2023-04-18T09:03:38+00:00\" \/>\n<meta property=\"article:modified_time\" content=\"2024-08-12T11:18:17+00:00\" \/>\n<meta property=\"og:image\" content=\"https:\/\/kunmedierne.dk\/mors\/wp-content\/uploads\/2023\/04\/Inge-Tarpgaard_Foto_Steve-Kelly-scaled.jpg\" \/>\n\t<meta property=\"og:image:width\" content=\"2560\" \/>\n\t<meta property=\"og:image:height\" content=\"1707\" \/>\n\t<meta property=\"og:image:type\" content=\"image\/jpeg\" \/>\n<meta name=\"author\" content=\"Katrine Hedegaard\" \/>\n<meta name=\"twitter:card\" content=\"summary_large_image\" \/>\n<meta name=\"twitter:label1\" content=\"Skrevet af\" \/>\n\t<meta name=\"twitter:data1\" content=\"Katrine Hedegaard\" \/>\n\t<meta name=\"twitter:label2\" content=\"Estimeret l\u00e6setid\" \/>\n\t<meta name=\"twitter:data2\" content=\"3 minutter\" \/>\n<script type=\"application\/ld+json\" class=\"yoast-schema-graph\">{\"@context\":\"https:\/\/schema.org\",\"@graph\":[{\"@type\":\"Article\",\"@id\":\"https:\/\/kunmedierne.dk\/mors\/fire-lokalkendte-kunstnere-med-i-tredje-mellemrums-vandring\/#article\",\"isPartOf\":{\"@id\":\"https:\/\/kunmedierne.dk\/mors\/fire-lokalkendte-kunstnere-med-i-tredje-mellemrums-vandring\/\"},\"author\":{\"name\":\"Katrine Hedegaard\",\"@id\":\"https:\/\/kunmedierne.dk\/mors\/#\/schema\/person\/b2e62a38069b12365e53e087a8709c64\"},\"headline\":\"Fire lokalkendte kunstnere med i tredje Mellemrums-vandring\",\"datePublished\":\"2023-04-18T09:03:38+00:00\",\"dateModified\":\"2024-08-12T11:18:17+00:00\",\"mainEntityOfPage\":{\"@id\":\"https:\/\/kunmedierne.dk\/mors\/fire-lokalkendte-kunstnere-med-i-tredje-mellemrums-vandring\/\"},\"wordCount\":479,\"publisher\":{\"@id\":\"https:\/\/kunmedierne.dk\/mors\/#organization\"},\"image\":{\"@id\":\"https:\/\/kunmedierne.dk\/mors\/fire-lokalkendte-kunstnere-med-i-tredje-mellemrums-vandring\/#primaryimage\"},\"thumbnailUrl\":\"https:\/\/kunmedierne.dk\/mors\/wp-content\/uploads\/2023\/04\/Inge-Tarpgaard_Foto_Steve-Kelly-scaled.jpg\",\"articleSection\":[\"Kultur\"],\"inLanguage\":\"da-DK\"},{\"@type\":\"WebPage\",\"@id\":\"https:\/\/kunmedierne.dk\/mors\/fire-lokalkendte-kunstnere-med-i-tredje-mellemrums-vandring\/\",\"url\":\"https:\/\/kunmedierne.dk\/mors\/fire-lokalkendte-kunstnere-med-i-tredje-mellemrums-vandring\/\",\"name\":\"Fire lokalkendte kunstnere med i tredje Mellemrums-vandring - Mors\",\"isPartOf\":{\"@id\":\"https:\/\/kunmedierne.dk\/mors\/#website\"},\"primaryImageOfPage\":{\"@id\":\"https:\/\/kunmedierne.dk\/mors\/fire-lokalkendte-kunstnere-med-i-tredje-mellemrums-vandring\/#primaryimage\"},\"image\":{\"@id\":\"https:\/\/kunmedierne.dk\/mors\/fire-lokalkendte-kunstnere-med-i-tredje-mellemrums-vandring\/#primaryimage\"},\"thumbnailUrl\":\"https:\/\/kunmedierne.dk\/mors\/wp-content\/uploads\/2023\/04\/Inge-Tarpgaard_Foto_Steve-Kelly-scaled.jpg\",\"datePublished\":\"2023-04-18T09:03:38+00:00\",\"dateModified\":\"2024-08-12T11:18:17+00:00\",\"breadcrumb\":{\"@id\":\"https:\/\/kunmedierne.dk\/mors\/fire-lokalkendte-kunstnere-med-i-tredje-mellemrums-vandring\/#breadcrumb\"},\"inLanguage\":\"da-DK\",\"potentialAction\":[{\"@type\":\"ReadAction\",\"target\":[\"https:\/\/kunmedierne.dk\/mors\/fire-lokalkendte-kunstnere-med-i-tredje-mellemrums-vandring\/\"]}]},{\"@type\":\"ImageObject\",\"inLanguage\":\"da-DK\",\"@id\":\"https:\/\/kunmedierne.dk\/mors\/fire-lokalkendte-kunstnere-med-i-tredje-mellemrums-vandring\/#primaryimage\",\"url\":\"https:\/\/kunmedierne.dk\/mors\/wp-content\/uploads\/2023\/04\/Inge-Tarpgaard_Foto_Steve-Kelly-scaled.jpg\",\"contentUrl\":\"https:\/\/kunmedierne.dk\/mors\/wp-content\/uploads\/2023\/04\/Inge-Tarpgaard_Foto_Steve-Kelly-scaled.jpg\",\"width\":2560,\"height\":1707,\"caption\":\"Performer Inge Agnete Tarpgaards familie stammer fra Mors - og hun medvirker denne gang i kompagniskab med Stisa S\u00f8gaard. Foto: Steve Kelly\"},{\"@type\":\"BreadcrumbList\",\"@id\":\"https:\/\/kunmedierne.dk\/mors\/fire-lokalkendte-kunstnere-med-i-tredje-mellemrums-vandring\/#breadcrumb\",\"itemListElement\":[{\"@type\":\"ListItem\",\"position\":1,\"name\":\"Hjem\",\"item\":\"https:\/\/kunmedierne.dk\/mors\/\"},{\"@type\":\"ListItem\",\"position\":2,\"name\":\"Fire lokalkendte kunstnere med i tredje Mellemrums-vandring\"}]},{\"@type\":\"WebSite\",\"@id\":\"https:\/\/kunmedierne.dk\/mors\/#website\",\"url\":\"https:\/\/kunmedierne.dk\/mors\/\",\"name\":\"Mors\",\"description\":\"et netmedie med journalistik om livet p\u00e5 Mors\",\"publisher\":{\"@id\":\"https:\/\/kunmedierne.dk\/mors\/#organization\"},\"potentialAction\":[{\"@type\":\"SearchAction\",\"target\":{\"@type\":\"EntryPoint\",\"urlTemplate\":\"https:\/\/kunmedierne.dk\/mors\/?s={search_term_string}\"},\"query-input\":{\"@type\":\"PropertyValueSpecification\",\"valueRequired\":true,\"valueName\":\"search_term_string\"}}],\"inLanguage\":\"da-DK\"},{\"@type\":\"Organization\",\"@id\":\"https:\/\/kunmedierne.dk\/mors\/#organization\",\"name\":\"Mors\",\"url\":\"https:\/\/kunmedierne.dk\/mors\/\",\"logo\":{\"@type\":\"ImageObject\",\"inLanguage\":\"da-DK\",\"@id\":\"https:\/\/kunmedierne.dk\/mors\/#\/schema\/logo\/image\/\",\"url\":\"https:\/\/kunmedierne.dk\/mors\/wp-content\/uploads\/2024\/08\/kunmors-logo.svg\",\"contentUrl\":\"https:\/\/kunmedierne.dk\/mors\/wp-content\/uploads\/2024\/08\/kunmors-logo.svg\",\"caption\":\"Mors\"},\"image\":{\"@id\":\"https:\/\/kunmedierne.dk\/mors\/#\/schema\/logo\/image\/\"}},{\"@type\":\"Person\",\"@id\":\"https:\/\/kunmedierne.dk\/mors\/#\/schema\/person\/b2e62a38069b12365e53e087a8709c64\",\"name\":\"Katrine Hedegaard\",\"image\":{\"@type\":\"ImageObject\",\"inLanguage\":\"da-DK\",\"@id\":\"https:\/\/kunmedierne.dk\/mors\/#\/schema\/person\/image\/\",\"url\":\"https:\/\/secure.gravatar.com\/avatar\/18a5c72fa9148052fd3ed5a58b40fc83cfdc9811090e6e6eec9539af058edcc0?s=96&d=mm&r=g\",\"contentUrl\":\"https:\/\/secure.gravatar.com\/avatar\/18a5c72fa9148052fd3ed5a58b40fc83cfdc9811090e6e6eec9539af058edcc0?s=96&d=mm&r=g\",\"caption\":\"Katrine Hedegaard\"},\"url\":\"https:\/\/kunmedierne.dk\/mors\/author\/katrine\/\"}]}<\/script>\n<!-- \/ Yoast SEO plugin. -->","yoast_head_json":{"title":"Fire lokalkendte kunstnere med i tredje Mellemrums-vandring - Mors","robots":{"index":"index","follow":"follow","max-snippet":"max-snippet:-1","max-image-preview":"max-image-preview:large","max-video-preview":"max-video-preview:-1"},"canonical":"https:\/\/kunmedierne.dk\/mors\/fire-lokalkendte-kunstnere-med-i-tredje-mellemrums-vandring\/","og_locale":"da_DK","og_type":"article","og_title":"Fire lokalkendte kunstnere med i tredje Mellemrums-vandring - Mors","og_description":"KUNST: Mens for\u00e5ret f\u00e5r stadig mere magt, arbejder fire kunstnere, der alle har en personlig tilknytning til omr\u00e5det, p\u00e5 at f\u00e5 deres v\u00e6rker p\u00e5 plads til den tredje af i alt fire \u00e5rstidsvandringer i Nationalpark Thy. \u00a0 MELLEMRUM Thy \u2013 FOR\u00c5R f\u00e5r premiere den 29. april og den s\u00e6rlige co-produktion af Reumert-vindende Kitt Johnson X-act, [&hellip;]","og_url":"https:\/\/kunmedierne.dk\/mors\/fire-lokalkendte-kunstnere-med-i-tredje-mellemrums-vandring\/","og_site_name":"Mors","article_published_time":"2023-04-18T09:03:38+00:00","article_modified_time":"2024-08-12T11:18:17+00:00","og_image":[{"width":2560,"height":1707,"url":"https:\/\/kunmedierne.dk\/mors\/wp-content\/uploads\/2023\/04\/Inge-Tarpgaard_Foto_Steve-Kelly-scaled.jpg","type":"image\/jpeg"}],"author":"Katrine Hedegaard","twitter_card":"summary_large_image","twitter_misc":{"Skrevet af":"Katrine Hedegaard","Estimeret l\u00e6setid":"3 minutter"},"schema":{"@context":"https:\/\/schema.org","@graph":[{"@type":"Article","@id":"https:\/\/kunmedierne.dk\/mors\/fire-lokalkendte-kunstnere-med-i-tredje-mellemrums-vandring\/#article","isPartOf":{"@id":"https:\/\/kunmedierne.dk\/mors\/fire-lokalkendte-kunstnere-med-i-tredje-mellemrums-vandring\/"},"author":{"name":"Katrine Hedegaard","@id":"https:\/\/kunmedierne.dk\/mors\/#\/schema\/person\/b2e62a38069b12365e53e087a8709c64"},"headline":"Fire lokalkendte kunstnere med i tredje Mellemrums-vandring","datePublished":"2023-04-18T09:03:38+00:00","dateModified":"2024-08-12T11:18:17+00:00","mainEntityOfPage":{"@id":"https:\/\/kunmedierne.dk\/mors\/fire-lokalkendte-kunstnere-med-i-tredje-mellemrums-vandring\/"},"wordCount":479,"publisher":{"@id":"https:\/\/kunmedierne.dk\/mors\/#organization"},"image":{"@id":"https:\/\/kunmedierne.dk\/mors\/fire-lokalkendte-kunstnere-med-i-tredje-mellemrums-vandring\/#primaryimage"},"thumbnailUrl":"https:\/\/kunmedierne.dk\/mors\/wp-content\/uploads\/2023\/04\/Inge-Tarpgaard_Foto_Steve-Kelly-scaled.jpg","articleSection":["Kultur"],"inLanguage":"da-DK"},{"@type":"WebPage","@id":"https:\/\/kunmedierne.dk\/mors\/fire-lokalkendte-kunstnere-med-i-tredje-mellemrums-vandring\/","url":"https:\/\/kunmedierne.dk\/mors\/fire-lokalkendte-kunstnere-med-i-tredje-mellemrums-vandring\/","name":"Fire lokalkendte kunstnere med i tredje Mellemrums-vandring - Mors","isPartOf":{"@id":"https:\/\/kunmedierne.dk\/mors\/#website"},"primaryImageOfPage":{"@id":"https:\/\/kunmedierne.dk\/mors\/fire-lokalkendte-kunstnere-med-i-tredje-mellemrums-vandring\/#primaryimage"},"image":{"@id":"https:\/\/kunmedierne.dk\/mors\/fire-lokalkendte-kunstnere-med-i-tredje-mellemrums-vandring\/#primaryimage"},"thumbnailUrl":"https:\/\/kunmedierne.dk\/mors\/wp-content\/uploads\/2023\/04\/Inge-Tarpgaard_Foto_Steve-Kelly-scaled.jpg","datePublished":"2023-04-18T09:03:38+00:00","dateModified":"2024-08-12T11:18:17+00:00","breadcrumb":{"@id":"https:\/\/kunmedierne.dk\/mors\/fire-lokalkendte-kunstnere-med-i-tredje-mellemrums-vandring\/#breadcrumb"},"inLanguage":"da-DK","potentialAction":[{"@type":"ReadAction","target":["https:\/\/kunmedierne.dk\/mors\/fire-lokalkendte-kunstnere-med-i-tredje-mellemrums-vandring\/"]}]},{"@type":"ImageObject","inLanguage":"da-DK","@id":"https:\/\/kunmedierne.dk\/mors\/fire-lokalkendte-kunstnere-med-i-tredje-mellemrums-vandring\/#primaryimage","url":"https:\/\/kunmedierne.dk\/mors\/wp-content\/uploads\/2023\/04\/Inge-Tarpgaard_Foto_Steve-Kelly-scaled.jpg","contentUrl":"https:\/\/kunmedierne.dk\/mors\/wp-content\/uploads\/2023\/04\/Inge-Tarpgaard_Foto_Steve-Kelly-scaled.jpg","width":2560,"height":1707,"caption":"Performer Inge Agnete Tarpgaards familie stammer fra Mors - og hun medvirker denne gang i kompagniskab med Stisa S\u00f8gaard. Foto: Steve Kelly"},{"@type":"BreadcrumbList","@id":"https:\/\/kunmedierne.dk\/mors\/fire-lokalkendte-kunstnere-med-i-tredje-mellemrums-vandring\/#breadcrumb","itemListElement":[{"@type":"ListItem","position":1,"name":"Hjem","item":"https:\/\/kunmedierne.dk\/mors\/"},{"@type":"ListItem","position":2,"name":"Fire lokalkendte kunstnere med i tredje Mellemrums-vandring"}]},{"@type":"WebSite","@id":"https:\/\/kunmedierne.dk\/mors\/#website","url":"https:\/\/kunmedierne.dk\/mors\/","name":"Mors","description":"et netmedie med journalistik om livet p\u00e5 Mors","publisher":{"@id":"https:\/\/kunmedierne.dk\/mors\/#organization"},"potentialAction":[{"@type":"SearchAction","target":{"@type":"EntryPoint","urlTemplate":"https:\/\/kunmedierne.dk\/mors\/?s={search_term_string}"},"query-input":{"@type":"PropertyValueSpecification","valueRequired":true,"valueName":"search_term_string"}}],"inLanguage":"da-DK"},{"@type":"Organization","@id":"https:\/\/kunmedierne.dk\/mors\/#organization","name":"Mors","url":"https:\/\/kunmedierne.dk\/mors\/","logo":{"@type":"ImageObject","inLanguage":"da-DK","@id":"https:\/\/kunmedierne.dk\/mors\/#\/schema\/logo\/image\/","url":"https:\/\/kunmedierne.dk\/mors\/wp-content\/uploads\/2024\/08\/kunmors-logo.svg","contentUrl":"https:\/\/kunmedierne.dk\/mors\/wp-content\/uploads\/2024\/08\/kunmors-logo.svg","caption":"Mors"},"image":{"@id":"https:\/\/kunmedierne.dk\/mors\/#\/schema\/logo\/image\/"}},{"@type":"Person","@id":"https:\/\/kunmedierne.dk\/mors\/#\/schema\/person\/b2e62a38069b12365e53e087a8709c64","name":"Katrine Hedegaard","image":{"@type":"ImageObject","inLanguage":"da-DK","@id":"https:\/\/kunmedierne.dk\/mors\/#\/schema\/person\/image\/","url":"https:\/\/secure.gravatar.com\/avatar\/18a5c72fa9148052fd3ed5a58b40fc83cfdc9811090e6e6eec9539af058edcc0?s=96&d=mm&r=g","contentUrl":"https:\/\/secure.gravatar.com\/avatar\/18a5c72fa9148052fd3ed5a58b40fc83cfdc9811090e6e6eec9539af058edcc0?s=96&d=mm&r=g","caption":"Katrine Hedegaard"},"url":"https:\/\/kunmedierne.dk\/mors\/author\/katrine\/"}]}},"_links":{"self":[{"href":"https:\/\/kunmedierne.dk\/mors\/wp-json\/wp\/v2\/posts\/93085","targetHints":{"allow":["GET"]}}],"collection":[{"href":"https:\/\/kunmedierne.dk\/mors\/wp-json\/wp\/v2\/posts"}],"about":[{"href":"https:\/\/kunmedierne.dk\/mors\/wp-json\/wp\/v2\/types\/post"}],"author":[{"embeddable":true,"href":"https:\/\/kunmedierne.dk\/mors\/wp-json\/wp\/v2\/users\/2507"}],"replies":[{"embeddable":true,"href":"https:\/\/kunmedierne.dk\/mors\/wp-json\/wp\/v2\/comments?post=93085"}],"version-history":[{"count":6,"href":"https:\/\/kunmedierne.dk\/mors\/wp-json\/wp\/v2\/posts\/93085\/revisions"}],"predecessor-version":[{"id":93092,"href":"https:\/\/kunmedierne.dk\/mors\/wp-json\/wp\/v2\/posts\/93085\/revisions\/93092"}],"wp:featuredmedia":[{"embeddable":true,"href":"https:\/\/kunmedierne.dk\/mors\/wp-json\/wp\/v2\/media\/93086"}],"wp:attachment":[{"href":"https:\/\/kunmedierne.dk\/mors\/wp-json\/wp\/v2\/media?parent=93085"}],"wp:term":[{"taxonomy":"category","embeddable":true,"href":"https:\/\/kunmedierne.dk\/mors\/wp-json\/wp\/v2\/categories?post=93085"},{"taxonomy":"post_tag","embeddable":true,"href":"https:\/\/kunmedierne.dk\/mors\/wp-json\/wp\/v2\/tags?post=93085"}],"curies":[{"name":"wp","href":"https:\/\/api.w.org\/{rel}","templated":true}]}}