{"id":9224,"date":"2020-02-26T17:55:29","date_gmt":"2020-02-26T16:55:29","guid":{"rendered":"https:\/\/kunmedierne.dk\/mors\/?p=9224"},"modified":"2024-08-12T14:06:26","modified_gmt":"2024-08-12T12:06:26","slug":"en-kaempe-bliver-endnu-stoerre","status":"publish","type":"post","link":"https:\/\/kunmedierne.dk\/mors\/en-kaempe-bliver-endnu-stoerre\/","title":{"rendered":"En k\u00e6mpe bliver endnu st\u00f8rre"},"content":{"rendered":"<p><strong>\u00d8RDING<\/strong>: Det begyndte i 1977 med et h\u00f8nsehus p\u00e5 120 kvadratmeter i Bjergby. 43 \u00e5r senere st\u00e5r He-Va ApS klar med endnu en udvidelse, s\u00e5 det samlede areal p\u00e5 maskinproducentens to adresser n\u00e5r op p\u00e5 fyrstelige 49.500 kvadratmeter.<\/p>\n<p>Det er fabrikken i \u00d8rding, der igen vokser i volumen &#8211; et par \u00e5r efter, at den i Nyk\u00f8bing sidst gjorde det. Og selv om man som f\u00f8rstegangsbes\u00f8gende ikke har tilstr\u00e6kkeligt empirisk materiale til at konkludere noget i den retning, lader det faktisk til, at den snarlige indvielse af det nye anl\u00e6g for overfladebehandling s\u00e6tter sit pr\u00e6g p\u00e5 hum\u00f8ret i fabrikken.<\/p>\n<p>De b\u00e5de griner og hygger sig, de ansatte, som KunMors under en rundvisning st\u00f8der p\u00e5, mens de mere eller mindre beskidte p\u00e5 h\u00e6nder og t\u00f8j kl\u00f8r p\u00e5 i en virksomhed med h\u00f8jt til loftet i mere end en forstand.<\/p>\n<p>Teknisk direkt\u00f8r Heine Christiansen, s\u00f8n af grundl\u00e6gger og administrerende direkt\u00f8r Villy Christiansen, hilser p\u00e5 hver eneste medarbejder, han m\u00f8der undervejs. Med et smil og p\u00e5 fornavn med dem alle, af og til med et klap p\u00e5 skulderen &#8211; og hele tiden med det gode hum\u00f8r som en markant faktor i m\u00e5den at m\u00f8de hinanden p\u00e5.<\/p>\n<p>Men m\u00e5ske er det bare s\u00e5dan hver dag p\u00e5 en af \u00f8ens f\u00f8rende virksomheder. M\u00e5ske skyldes det gode hum\u00f8r slet ikke det anl\u00e6g, som Heine Christiansen ellers ikke ligefrem skjuler sin begejstring over.<\/p>\n<p>&#8220;Vi bygger 1800 kvadratmeter, som udelukkende bliver det nye overfladebehandlingsanl\u00e6g,&#8221; siger han og forklarer, at anl\u00e6gget skal bruges i forbehandlingsprocessen for at opn\u00e5 en ordentlig kvalitet p\u00e5 malerarbejdet.<\/p>\n<p>&nbsp;<\/p>\n<p><strong>Landbrugsmaskiner skal v\u00e6re p\u00e6ne<\/strong><\/p>\n<p>Den er nemlig vigtig i moderne landbrug. Hvor en tromle eller harve, som er de to produkter, He-Va s\u00e6lger mest af, i gamle dage ikke beh\u00f8vede at str\u00e5le af kvalitet, er det anderledes i det 21. \u00e5rhundrede. Maskinerne skal ikke blot have kvalitet i forhold til deres funktioner. De skal ogs\u00e5 se ud af noget, s\u00e5 de tager sig godt ud p\u00e5 markerne &#8211; og efter nogle \u00e5r m\u00e5ske kan s\u00e6lges igen uden for stort v\u00e6rditab.<\/p>\n<p>S\u00e5 det er ikke for sjov, at He-Va investerer 26 millioner kroner i udvidelsen. Kravet til kvalitet stiger, og det samme g\u00f8r det i forhold til kvantitet.<\/p>\n<p>He-Va, der eksporterer 92 procent af sine maskiner til udlandet, kunne efterh\u00e5nden konstatere, at anl\u00e6gget i \u00d8rding havde for lille kapacitet. S\u00e5 selv om man kunne have m\u00f8dt kvalitetskrav med en forbedring af det eksisterende anl\u00e6g, valgte man at tage endnu et skridt i f\u00f8ljetonen af udvidelser.<\/p>\n<p>&#8220;Kapaciteten er en ting. Den er medvirkende til, at vi g\u00f8r, som vi g\u00f8r og bygger helt nyt. Men vi kunne ogs\u00e5 have opgraderet det gamle anl\u00e6g. Det havde vi s\u00e5 bare ikke f\u00e5et mere kapacitet ved,&#8221; forklarer Heine Christiansen.<\/p>\n<p>Han tilf\u00f8jer, at He-Va s\u00e5dan set var langt i overvejelserne om at kl\u00e6de det gamle anl\u00e6g p\u00e5 til at kunne h\u00e5ndtere fremtidens krav. Men det havde bare ikke \u00f8get kapaciteten, og derfor tog man skridtet og forsinkede processen med et \u00e5r, s\u00e5 man i stedet ville st\u00e5 klar med noget helt nyt.<\/p>\n<p>&#8220;Fordelen er ogs\u00e5, at det gamle anl\u00e6g, der fylder 1000 kvadratmeter, s\u00e5 bliver brugt til anden form for produktion,&#8221; siger Heine Christiansen.<\/p>\n<p>Han kan dermed reelt regne 2800 ekstra kvadratmeter ind i fabrikken, som med udvidelsen ogs\u00e5 er fremtidssikret i forhold til Arbejdstilsynet, der har v\u00e6ret med i processen med dialog om, hvad det er vigtigt at have for \u00f8je for fremtiden.<\/p>\n<p>&nbsp;<\/p>\n<p><strong>Markedet \u00e6ndrer sig hele tiden<\/strong><\/p>\n<p>Ogs\u00e5 p\u00e5 det omr\u00e5de sker der nemlig en konstant udvikling &#8211; lige som der naturligvis g\u00f8r forretningsm\u00e6ssigt.<\/p>\n<p>Da He-Va blev skabt i 1977, var Den Kolde Krig langt fra slut. Men 12 \u00e5r senere r\u00f8g jernt\u00e6ppet, og i dag er de n\u00e6rmeste \u00f8stlande en del af markedet for en virksomhed, der ogs\u00e5 sender maskiner til blandt andet Japan, Australien, New Zealand, Canada, Tyskland og England.<\/p>\n<p>Brexit er et nyt eksempel p\u00e5, at der n\u00e5r som helst kan ske forskydning i, hvor eksporten g\u00e5r hen. Men Heine Christiansen forklarer, at nok forventer man en nedgang i salget til Storbritannien efter landets farvel til EU, men det h\u00f8rer med, at britiske landm\u00e6nd op til Brexit s\u00f8rgede for at gardere sig med indk\u00f8b, hvilket i en periode gav virksomheden fra Mors et mersalg p\u00e5 den konto.<\/p>\n<p>Desuden har He-Va s\u00e5 mange markeder rundt omkring i verden, at det bliver udlignet af fremgang andre steder. S\u00e5 det forventede tab p\u00e5 Brexit \u00f8del\u00e6gger ikke det gode hum\u00f8r i virksomheden &#8211; slet ikke under rundvisningen i \u00d8rding.<\/p>\n<p>Her er man et par m\u00e5neder fra at g\u00f8re et af \u00f8ens st\u00f8rste erhvervseventyr endnu st\u00f8rre. Og selv om man igennem sin historie har pr\u00f8vet det mange gange f\u00f8r, er det ikke til at tage fejl af, at ogs\u00e5 denne udvidelse bliver im\u00f8deset med optimisme.<\/p>\n<p>&#8220;N\u00e5r vi bliver f\u00e6rdige 1. maj, bliver det rigtig godt,&#8221; siger Heine Christiansen.<\/p>\n<p>&nbsp;<\/p>\n<blockquote>\n<h2>FAKTA<\/h2>\n<h5>He-Va ApS blev skabt i 1977 af Elly og Villy Christiansen. Villy Christiansen var maskinarbejder og havde eksamensbevis som produktingeni\u00f8r, og da b\u00e5de han og Elly var f\u00f8dt op opvokset p\u00e5 landet, var de aldrig i tvivl om, at de skulle besk\u00e6ftige sig med landbrugsmaskiner.<\/h5>\n<h5>Virksomheden blev grundlagt i 1977 i et 120 kvadratmeter stort h\u00f8nsehus p\u00e5 deres g\u00e5rd i Bjergby &#8211; som de i \u00f8vrigt stadig bor p\u00e5. Det st\u00e6rke familieb\u00e5nd gennemsyrede virksomheden fra starten, hvilket ogs\u00e5 blev afspejlet i navnet: H som Heine, E som Elly, V som Villy og A som Anders.<\/h5>\n<h5>To \u00e5r senere var medarbejderstaben fordoblet fra to til fire, og i \u00e5rtierne siden har He-Va udvidet sit areal gang p\u00e5 gang, s\u00e5 virksomheden rent fysisk i dag fylder, hvad der svarer til mere end syv fodboldbaner.<\/h5>\n<h5>He-Va har i de senere \u00e5r pr\u00e6steret fornem v\u00e6kst og rundede i 2019 for f\u00f8rste gang en oms\u00e6tning p\u00e5 200 millioner kroner. Virksomheden besk\u00e6ftiger i dag 145 ansatte.<\/h5>\n<h5>B\u00e5de Villy og Elly Christiansen er stadig en del af hverdagen som henholdsvis administrerende direkt\u00f8r og sekret\u00e6r, mens s\u00f8nnen Heine er teknisk direkt\u00f8r. Hans lillebror Anders har valgt ikke at v\u00e6re en del af virksomheden, men er inden for branchen, da han driver landbrug.<\/h5>\n<h5><\/h5>\n<\/blockquote>\n<p>&nbsp;<\/p>\n<p>&nbsp;<\/p>\n<p>&nbsp;<\/p>\n<p>&nbsp;<\/p>\n","protected":false},"excerpt":{"rendered":"<p>\u00d8RDING: Det begyndte i 1977 med et h\u00f8nsehus p\u00e5 120 kvadratmeter i Bjergby. 43 \u00e5r senere st\u00e5r He-Va ApS klar med endnu en udvidelse, s\u00e5 det samlede areal p\u00e5 maskinproducentens to adresser n\u00e5r op p\u00e5 fyrstelige 49.500 kvadratmeter. Det er fabrikken i \u00d8rding, der igen vokser i volumen &#8211; et par \u00e5r efter, at den [&hellip;]<\/p>\n","protected":false},"author":8,"featured_media":9235,"comment_status":"open","ping_status":"open","sticky":false,"template":"","format":"standard","meta":{"_acf_changed":false,"footnotes":""},"categories":[51],"tags":[159],"class_list":["post-9224","post","type-post","status-publish","format-standard","has-post-thumbnail","hentry","category-lokalt","tag-erhverv"],"acf":[],"yoast_head":"<!-- This site is optimized with the Yoast SEO plugin v26.8 - https:\/\/yoast.com\/product\/yoast-seo-wordpress\/ -->\n<title>En k\u00e6mpe bliver endnu st\u00f8rre - Mors<\/title>\n<meta name=\"robots\" content=\"index, follow, max-snippet:-1, max-image-preview:large, max-video-preview:-1\" \/>\n<link rel=\"canonical\" href=\"https:\/\/kunmedierne.dk\/mors\/en-kaempe-bliver-endnu-stoerre\/\" \/>\n<meta property=\"og:locale\" content=\"da_DK\" \/>\n<meta property=\"og:type\" content=\"article\" \/>\n<meta property=\"og:title\" content=\"En k\u00e6mpe bliver endnu st\u00f8rre - Mors\" \/>\n<meta property=\"og:description\" content=\"\u00d8RDING: Det begyndte i 1977 med et h\u00f8nsehus p\u00e5 120 kvadratmeter i Bjergby. 43 \u00e5r senere st\u00e5r He-Va ApS klar med endnu en udvidelse, s\u00e5 det samlede areal p\u00e5 maskinproducentens to adresser n\u00e5r op p\u00e5 fyrstelige 49.500 kvadratmeter. Det er fabrikken i \u00d8rding, der igen vokser i volumen &#8211; et par \u00e5r efter, at den [&hellip;]\" \/>\n<meta property=\"og:url\" content=\"https:\/\/kunmedierne.dk\/mors\/en-kaempe-bliver-endnu-stoerre\/\" \/>\n<meta property=\"og:site_name\" content=\"Mors\" \/>\n<meta property=\"article:published_time\" content=\"2020-02-26T16:55:29+00:00\" \/>\n<meta property=\"article:modified_time\" content=\"2024-08-12T12:06:26+00:00\" \/>\n<meta property=\"og:image\" content=\"https:\/\/kunmedierne.dk\/mors\/wp-content\/uploads\/2020\/02\/200219-heva3.jpg\" \/>\n\t<meta property=\"og:image:width\" content=\"770\" \/>\n\t<meta property=\"og:image:height\" content=\"513\" \/>\n\t<meta property=\"og:image:type\" content=\"image\/jpeg\" \/>\n<meta name=\"author\" content=\"David H\u00f8jmark\" \/>\n<meta name=\"twitter:card\" content=\"summary_large_image\" \/>\n<meta name=\"twitter:label1\" content=\"Skrevet af\" \/>\n\t<meta name=\"twitter:data1\" content=\"David H\u00f8jmark\" \/>\n\t<meta name=\"twitter:label2\" content=\"Estimeret l\u00e6setid\" \/>\n\t<meta name=\"twitter:data2\" content=\"5 minutter\" \/>\n<script type=\"application\/ld+json\" class=\"yoast-schema-graph\">{\"@context\":\"https:\/\/schema.org\",\"@graph\":[{\"@type\":\"Article\",\"@id\":\"https:\/\/kunmedierne.dk\/mors\/en-kaempe-bliver-endnu-stoerre\/#article\",\"isPartOf\":{\"@id\":\"https:\/\/kunmedierne.dk\/mors\/en-kaempe-bliver-endnu-stoerre\/\"},\"author\":{\"name\":\"David H\u00f8jmark\",\"@id\":\"https:\/\/kunmedierne.dk\/mors\/#\/schema\/person\/5fe23251bf1d0abbcdc6f7896579d548\"},\"headline\":\"En k\u00e6mpe bliver endnu st\u00f8rre\",\"datePublished\":\"2020-02-26T16:55:29+00:00\",\"dateModified\":\"2024-08-12T12:06:26+00:00\",\"mainEntityOfPage\":{\"@id\":\"https:\/\/kunmedierne.dk\/mors\/en-kaempe-bliver-endnu-stoerre\/\"},\"wordCount\":1096,\"commentCount\":0,\"publisher\":{\"@id\":\"https:\/\/kunmedierne.dk\/mors\/#organization\"},\"image\":{\"@id\":\"https:\/\/kunmedierne.dk\/mors\/en-kaempe-bliver-endnu-stoerre\/#primaryimage\"},\"thumbnailUrl\":\"https:\/\/kunmedierne.dk\/mors\/wp-content\/uploads\/2020\/02\/200219-heva3.jpg\",\"keywords\":[\"Erhverv\"],\"articleSection\":[\"Lokalt\"],\"inLanguage\":\"da-DK\",\"potentialAction\":[{\"@type\":\"CommentAction\",\"name\":\"Comment\",\"target\":[\"https:\/\/kunmedierne.dk\/mors\/en-kaempe-bliver-endnu-stoerre\/#respond\"]}]},{\"@type\":\"WebPage\",\"@id\":\"https:\/\/kunmedierne.dk\/mors\/en-kaempe-bliver-endnu-stoerre\/\",\"url\":\"https:\/\/kunmedierne.dk\/mors\/en-kaempe-bliver-endnu-stoerre\/\",\"name\":\"En k\u00e6mpe bliver endnu st\u00f8rre - Mors\",\"isPartOf\":{\"@id\":\"https:\/\/kunmedierne.dk\/mors\/#website\"},\"primaryImageOfPage\":{\"@id\":\"https:\/\/kunmedierne.dk\/mors\/en-kaempe-bliver-endnu-stoerre\/#primaryimage\"},\"image\":{\"@id\":\"https:\/\/kunmedierne.dk\/mors\/en-kaempe-bliver-endnu-stoerre\/#primaryimage\"},\"thumbnailUrl\":\"https:\/\/kunmedierne.dk\/mors\/wp-content\/uploads\/2020\/02\/200219-heva3.jpg\",\"datePublished\":\"2020-02-26T16:55:29+00:00\",\"dateModified\":\"2024-08-12T12:06:26+00:00\",\"breadcrumb\":{\"@id\":\"https:\/\/kunmedierne.dk\/mors\/en-kaempe-bliver-endnu-stoerre\/#breadcrumb\"},\"inLanguage\":\"da-DK\",\"potentialAction\":[{\"@type\":\"ReadAction\",\"target\":[\"https:\/\/kunmedierne.dk\/mors\/en-kaempe-bliver-endnu-stoerre\/\"]}]},{\"@type\":\"ImageObject\",\"inLanguage\":\"da-DK\",\"@id\":\"https:\/\/kunmedierne.dk\/mors\/en-kaempe-bliver-endnu-stoerre\/#primaryimage\",\"url\":\"https:\/\/kunmedierne.dk\/mors\/wp-content\/uploads\/2020\/02\/200219-heva3.jpg\",\"contentUrl\":\"https:\/\/kunmedierne.dk\/mors\/wp-content\/uploads\/2020\/02\/200219-heva3.jpg\",\"width\":770,\"height\":513,\"caption\":\"Heine Christiansen, teknisk direkt\u00f8r i He-Va. Arkivfoto: David H\u00f8jmark\"},{\"@type\":\"BreadcrumbList\",\"@id\":\"https:\/\/kunmedierne.dk\/mors\/en-kaempe-bliver-endnu-stoerre\/#breadcrumb\",\"itemListElement\":[{\"@type\":\"ListItem\",\"position\":1,\"name\":\"Hjem\",\"item\":\"https:\/\/kunmedierne.dk\/mors\/\"},{\"@type\":\"ListItem\",\"position\":2,\"name\":\"En k\u00e6mpe bliver endnu st\u00f8rre\"}]},{\"@type\":\"WebSite\",\"@id\":\"https:\/\/kunmedierne.dk\/mors\/#website\",\"url\":\"https:\/\/kunmedierne.dk\/mors\/\",\"name\":\"Mors\",\"description\":\"et netmedie med journalistik om livet p\u00e5 Mors\",\"publisher\":{\"@id\":\"https:\/\/kunmedierne.dk\/mors\/#organization\"},\"potentialAction\":[{\"@type\":\"SearchAction\",\"target\":{\"@type\":\"EntryPoint\",\"urlTemplate\":\"https:\/\/kunmedierne.dk\/mors\/?s={search_term_string}\"},\"query-input\":{\"@type\":\"PropertyValueSpecification\",\"valueRequired\":true,\"valueName\":\"search_term_string\"}}],\"inLanguage\":\"da-DK\"},{\"@type\":\"Organization\",\"@id\":\"https:\/\/kunmedierne.dk\/mors\/#organization\",\"name\":\"Mors\",\"url\":\"https:\/\/kunmedierne.dk\/mors\/\",\"logo\":{\"@type\":\"ImageObject\",\"inLanguage\":\"da-DK\",\"@id\":\"https:\/\/kunmedierne.dk\/mors\/#\/schema\/logo\/image\/\",\"url\":\"https:\/\/kunmedierne.dk\/mors\/wp-content\/uploads\/2024\/08\/kunmors-logo.svg\",\"contentUrl\":\"https:\/\/kunmedierne.dk\/mors\/wp-content\/uploads\/2024\/08\/kunmors-logo.svg\",\"caption\":\"Mors\"},\"image\":{\"@id\":\"https:\/\/kunmedierne.dk\/mors\/#\/schema\/logo\/image\/\"}},{\"@type\":\"Person\",\"@id\":\"https:\/\/kunmedierne.dk\/mors\/#\/schema\/person\/5fe23251bf1d0abbcdc6f7896579d548\",\"name\":\"David H\u00f8jmark\",\"image\":{\"@type\":\"ImageObject\",\"inLanguage\":\"da-DK\",\"@id\":\"https:\/\/kunmedierne.dk\/mors\/#\/schema\/person\/image\/\",\"url\":\"https:\/\/secure.gravatar.com\/avatar\/4315d6fb9ef244d729989f5f90268eb08d5bf8a3d84402f595fa194bb35784fd?s=96&d=mm&r=g\",\"contentUrl\":\"https:\/\/secure.gravatar.com\/avatar\/4315d6fb9ef244d729989f5f90268eb08d5bf8a3d84402f595fa194bb35784fd?s=96&d=mm&r=g\",\"caption\":\"David H\u00f8jmark\"},\"sameAs\":[\"https:\/\/www.kunmedierne.dk\"],\"url\":\"https:\/\/kunmedierne.dk\/mors\/author\/david\/\"}]}<\/script>\n<!-- \/ Yoast SEO plugin. -->","yoast_head_json":{"title":"En k\u00e6mpe bliver endnu st\u00f8rre - Mors","robots":{"index":"index","follow":"follow","max-snippet":"max-snippet:-1","max-image-preview":"max-image-preview:large","max-video-preview":"max-video-preview:-1"},"canonical":"https:\/\/kunmedierne.dk\/mors\/en-kaempe-bliver-endnu-stoerre\/","og_locale":"da_DK","og_type":"article","og_title":"En k\u00e6mpe bliver endnu st\u00f8rre - Mors","og_description":"\u00d8RDING: Det begyndte i 1977 med et h\u00f8nsehus p\u00e5 120 kvadratmeter i Bjergby. 43 \u00e5r senere st\u00e5r He-Va ApS klar med endnu en udvidelse, s\u00e5 det samlede areal p\u00e5 maskinproducentens to adresser n\u00e5r op p\u00e5 fyrstelige 49.500 kvadratmeter. Det er fabrikken i \u00d8rding, der igen vokser i volumen &#8211; et par \u00e5r efter, at den [&hellip;]","og_url":"https:\/\/kunmedierne.dk\/mors\/en-kaempe-bliver-endnu-stoerre\/","og_site_name":"Mors","article_published_time":"2020-02-26T16:55:29+00:00","article_modified_time":"2024-08-12T12:06:26+00:00","og_image":[{"width":770,"height":513,"url":"https:\/\/kunmedierne.dk\/mors\/wp-content\/uploads\/2020\/02\/200219-heva3.jpg","type":"image\/jpeg"}],"author":"David H\u00f8jmark","twitter_card":"summary_large_image","twitter_misc":{"Skrevet af":"David H\u00f8jmark","Estimeret l\u00e6setid":"5 minutter"},"schema":{"@context":"https:\/\/schema.org","@graph":[{"@type":"Article","@id":"https:\/\/kunmedierne.dk\/mors\/en-kaempe-bliver-endnu-stoerre\/#article","isPartOf":{"@id":"https:\/\/kunmedierne.dk\/mors\/en-kaempe-bliver-endnu-stoerre\/"},"author":{"name":"David H\u00f8jmark","@id":"https:\/\/kunmedierne.dk\/mors\/#\/schema\/person\/5fe23251bf1d0abbcdc6f7896579d548"},"headline":"En k\u00e6mpe bliver endnu st\u00f8rre","datePublished":"2020-02-26T16:55:29+00:00","dateModified":"2024-08-12T12:06:26+00:00","mainEntityOfPage":{"@id":"https:\/\/kunmedierne.dk\/mors\/en-kaempe-bliver-endnu-stoerre\/"},"wordCount":1096,"commentCount":0,"publisher":{"@id":"https:\/\/kunmedierne.dk\/mors\/#organization"},"image":{"@id":"https:\/\/kunmedierne.dk\/mors\/en-kaempe-bliver-endnu-stoerre\/#primaryimage"},"thumbnailUrl":"https:\/\/kunmedierne.dk\/mors\/wp-content\/uploads\/2020\/02\/200219-heva3.jpg","keywords":["Erhverv"],"articleSection":["Lokalt"],"inLanguage":"da-DK","potentialAction":[{"@type":"CommentAction","name":"Comment","target":["https:\/\/kunmedierne.dk\/mors\/en-kaempe-bliver-endnu-stoerre\/#respond"]}]},{"@type":"WebPage","@id":"https:\/\/kunmedierne.dk\/mors\/en-kaempe-bliver-endnu-stoerre\/","url":"https:\/\/kunmedierne.dk\/mors\/en-kaempe-bliver-endnu-stoerre\/","name":"En k\u00e6mpe bliver endnu st\u00f8rre - Mors","isPartOf":{"@id":"https:\/\/kunmedierne.dk\/mors\/#website"},"primaryImageOfPage":{"@id":"https:\/\/kunmedierne.dk\/mors\/en-kaempe-bliver-endnu-stoerre\/#primaryimage"},"image":{"@id":"https:\/\/kunmedierne.dk\/mors\/en-kaempe-bliver-endnu-stoerre\/#primaryimage"},"thumbnailUrl":"https:\/\/kunmedierne.dk\/mors\/wp-content\/uploads\/2020\/02\/200219-heva3.jpg","datePublished":"2020-02-26T16:55:29+00:00","dateModified":"2024-08-12T12:06:26+00:00","breadcrumb":{"@id":"https:\/\/kunmedierne.dk\/mors\/en-kaempe-bliver-endnu-stoerre\/#breadcrumb"},"inLanguage":"da-DK","potentialAction":[{"@type":"ReadAction","target":["https:\/\/kunmedierne.dk\/mors\/en-kaempe-bliver-endnu-stoerre\/"]}]},{"@type":"ImageObject","inLanguage":"da-DK","@id":"https:\/\/kunmedierne.dk\/mors\/en-kaempe-bliver-endnu-stoerre\/#primaryimage","url":"https:\/\/kunmedierne.dk\/mors\/wp-content\/uploads\/2020\/02\/200219-heva3.jpg","contentUrl":"https:\/\/kunmedierne.dk\/mors\/wp-content\/uploads\/2020\/02\/200219-heva3.jpg","width":770,"height":513,"caption":"Heine Christiansen, teknisk direkt\u00f8r i He-Va. Arkivfoto: David H\u00f8jmark"},{"@type":"BreadcrumbList","@id":"https:\/\/kunmedierne.dk\/mors\/en-kaempe-bliver-endnu-stoerre\/#breadcrumb","itemListElement":[{"@type":"ListItem","position":1,"name":"Hjem","item":"https:\/\/kunmedierne.dk\/mors\/"},{"@type":"ListItem","position":2,"name":"En k\u00e6mpe bliver endnu st\u00f8rre"}]},{"@type":"WebSite","@id":"https:\/\/kunmedierne.dk\/mors\/#website","url":"https:\/\/kunmedierne.dk\/mors\/","name":"Mors","description":"et netmedie med journalistik om livet p\u00e5 Mors","publisher":{"@id":"https:\/\/kunmedierne.dk\/mors\/#organization"},"potentialAction":[{"@type":"SearchAction","target":{"@type":"EntryPoint","urlTemplate":"https:\/\/kunmedierne.dk\/mors\/?s={search_term_string}"},"query-input":{"@type":"PropertyValueSpecification","valueRequired":true,"valueName":"search_term_string"}}],"inLanguage":"da-DK"},{"@type":"Organization","@id":"https:\/\/kunmedierne.dk\/mors\/#organization","name":"Mors","url":"https:\/\/kunmedierne.dk\/mors\/","logo":{"@type":"ImageObject","inLanguage":"da-DK","@id":"https:\/\/kunmedierne.dk\/mors\/#\/schema\/logo\/image\/","url":"https:\/\/kunmedierne.dk\/mors\/wp-content\/uploads\/2024\/08\/kunmors-logo.svg","contentUrl":"https:\/\/kunmedierne.dk\/mors\/wp-content\/uploads\/2024\/08\/kunmors-logo.svg","caption":"Mors"},"image":{"@id":"https:\/\/kunmedierne.dk\/mors\/#\/schema\/logo\/image\/"}},{"@type":"Person","@id":"https:\/\/kunmedierne.dk\/mors\/#\/schema\/person\/5fe23251bf1d0abbcdc6f7896579d548","name":"David H\u00f8jmark","image":{"@type":"ImageObject","inLanguage":"da-DK","@id":"https:\/\/kunmedierne.dk\/mors\/#\/schema\/person\/image\/","url":"https:\/\/secure.gravatar.com\/avatar\/4315d6fb9ef244d729989f5f90268eb08d5bf8a3d84402f595fa194bb35784fd?s=96&d=mm&r=g","contentUrl":"https:\/\/secure.gravatar.com\/avatar\/4315d6fb9ef244d729989f5f90268eb08d5bf8a3d84402f595fa194bb35784fd?s=96&d=mm&r=g","caption":"David H\u00f8jmark"},"sameAs":["https:\/\/www.kunmedierne.dk"],"url":"https:\/\/kunmedierne.dk\/mors\/author\/david\/"}]}},"_links":{"self":[{"href":"https:\/\/kunmedierne.dk\/mors\/wp-json\/wp\/v2\/posts\/9224","targetHints":{"allow":["GET"]}}],"collection":[{"href":"https:\/\/kunmedierne.dk\/mors\/wp-json\/wp\/v2\/posts"}],"about":[{"href":"https:\/\/kunmedierne.dk\/mors\/wp-json\/wp\/v2\/types\/post"}],"author":[{"embeddable":true,"href":"https:\/\/kunmedierne.dk\/mors\/wp-json\/wp\/v2\/users\/8"}],"replies":[{"embeddable":true,"href":"https:\/\/kunmedierne.dk\/mors\/wp-json\/wp\/v2\/comments?post=9224"}],"version-history":[{"count":5,"href":"https:\/\/kunmedierne.dk\/mors\/wp-json\/wp\/v2\/posts\/9224\/revisions"}],"predecessor-version":[{"id":32688,"href":"https:\/\/kunmedierne.dk\/mors\/wp-json\/wp\/v2\/posts\/9224\/revisions\/32688"}],"wp:featuredmedia":[{"embeddable":true,"href":"https:\/\/kunmedierne.dk\/mors\/wp-json\/wp\/v2\/media\/9235"}],"wp:attachment":[{"href":"https:\/\/kunmedierne.dk\/mors\/wp-json\/wp\/v2\/media?parent=9224"}],"wp:term":[{"taxonomy":"category","embeddable":true,"href":"https:\/\/kunmedierne.dk\/mors\/wp-json\/wp\/v2\/categories?post=9224"},{"taxonomy":"post_tag","embeddable":true,"href":"https:\/\/kunmedierne.dk\/mors\/wp-json\/wp\/v2\/tags?post=9224"}],"curies":[{"name":"wp","href":"https:\/\/api.w.org\/{rel}","templated":true}]}}