{"id":91785,"date":"2023-03-30T15:54:43","date_gmt":"2023-03-30T13:54:43","guid":{"rendered":"https:\/\/kunmedierne.dk\/mors\/?p=91785"},"modified":"2024-08-12T13:18:23","modified_gmt":"2024-08-12T11:18:23","slug":"43-aarig-fik-den-ventede-behandlingsdom","status":"publish","type":"post","link":"https:\/\/kunmedierne.dk\/mors\/43-aarig-fik-den-ventede-behandlingsdom\/","title":{"rendered":"43-\u00e5rig fik den ventede behandlingsdom"},"content":{"rendered":"<p><strong>MORS\/THY\/SALLING<\/strong>: Efter et par timer torsdag morgen kom konklusionen fra dommerne i straffesagen, som blev omtalt <a href=\"https:\/\/kunmedierne.dk\/mors\/retslaegeraadet-43-aarig-bag-ravage-var-sindssyg-i-gerningsoejeblikket\/\">i g\u00e5r p\u00e5 KunMors<\/a>.<\/p>\n<p>Som ventet endte sagen med en behandlingsdom, hvor den 43-\u00e5rige forel\u00f8bigt skal i ambulant behandling for misbrug og psykiske problemer, og uden der er sat en tidsramme p\u00e5 foranstaltningen.<\/p>\n<p>Anklager Jesper Klyve forklarer, at den 43-\u00e5rige blev frifundet for blandt andet at have p\u00e5k\u00f8rt en parkeret bil, at have ud\u00f8vet vold mod et \u00e6gtepar i et hus ved Sp\u00f8ttrup, og at han helt bevidst ville uds\u00e6tte en anden for at blive mist\u00e6nkt ved at sige hans navn i grundlovsforh\u00f8ret.<\/p>\n<a class=\"dvrt-link\" onClick=\"cdmtrack_click(104785,jQuery(this));return false\" href=\"https:\/\/www.facebook.com\/lyndrups\"><img decoding=\"async\" style=\"width:100%;\" src=\"https:\/\/kunmedierne.dk\/mors\/wp-content\/uploads\/2022\/02\/vip-lyndrups-rengoering.jpg\"><\/a><script>cdmtrack_view(104785);<\/script>\n<p>Den 43-\u00e5rige accepterede dommen, som ogs\u00e5 indeb\u00e6rer at skulle betale selvrisikoen p\u00e5 en forsikringsskade mod huset p\u00e5 Salling.<\/p>\n<p>Alle \u00f8vrige erstatningskrav blev henvist til en civil sag.<\/p>\n<p><strong>L\u00c6S OGS\u00c5: <a href=\"https:\/\/kunmedierne.dk\/mors\/retslaegeraadet-43-aarig-bag-ravage-var-sindssyg-i-gerningsoejeblikket\/\">Retsl\u00e6ger\u00e5det: 43-\u00e5rig bag ravage var sindssyg i gernings\u00f8jeblikket<\/a><\/strong><\/p>\n","protected":false},"excerpt":{"rendered":"<p>MORS\/THY\/SALLING: Efter et par timer torsdag morgen kom konklusionen fra dommerne i straffesagen, som blev omtalt i g\u00e5r p\u00e5 KunMors. Som ventet endte sagen med en behandlingsdom, hvor den 43-\u00e5rige forel\u00f8bigt skal i ambulant behandling for misbrug og psykiske problemer, og uden der er sat en tidsramme p\u00e5 foranstaltningen. Anklager Jesper Klyve forklarer, at den [&hellip;]<\/p>\n","protected":false},"author":176,"featured_media":44253,"comment_status":"closed","ping_status":"open","sticky":false,"template":"","format":"standard","meta":{"_acf_changed":false,"footnotes":""},"categories":[54,51],"tags":[],"class_list":["post-91785","post","type-post","status-publish","format-standard","has-post-thumbnail","hentry","category-54","category-lokalt"],"acf":[],"yoast_head":"<!-- This site is optimized with the Yoast SEO plugin v26.8 - https:\/\/yoast.com\/product\/yoast-seo-wordpress\/ -->\n<title>43-\u00e5rig fik den ventede behandlingsdom - Mors<\/title>\n<meta name=\"robots\" content=\"index, follow, max-snippet:-1, max-image-preview:large, max-video-preview:-1\" \/>\n<link rel=\"canonical\" href=\"https:\/\/kunmedierne.dk\/mors\/43-aarig-fik-den-ventede-behandlingsdom\/\" \/>\n<meta property=\"og:locale\" content=\"da_DK\" \/>\n<meta property=\"og:type\" content=\"article\" \/>\n<meta property=\"og:title\" content=\"43-\u00e5rig fik den ventede behandlingsdom - Mors\" \/>\n<meta property=\"og:description\" content=\"MORS\/THY\/SALLING: Efter et par timer torsdag morgen kom konklusionen fra dommerne i straffesagen, som blev omtalt i g\u00e5r p\u00e5 KunMors. Som ventet endte sagen med en behandlingsdom, hvor den 43-\u00e5rige forel\u00f8bigt skal i ambulant behandling for misbrug og psykiske problemer, og uden der er sat en tidsramme p\u00e5 foranstaltningen. Anklager Jesper Klyve forklarer, at den [&hellip;]\" \/>\n<meta property=\"og:url\" content=\"https:\/\/kunmedierne.dk\/mors\/43-aarig-fik-den-ventede-behandlingsdom\/\" \/>\n<meta property=\"og:site_name\" content=\"Mors\" \/>\n<meta property=\"article:published_time\" content=\"2023-03-30T13:54:43+00:00\" \/>\n<meta property=\"article:modified_time\" content=\"2024-08-12T11:18:23+00:00\" \/>\n<meta property=\"og:image\" content=\"https:\/\/kunmedierne.dk\/mors\/wp-content\/uploads\/2021\/05\/IMG_3711.jpg\" \/>\n\t<meta property=\"og:image:width\" content=\"770\" \/>\n\t<meta property=\"og:image:height\" content=\"513\" \/>\n\t<meta property=\"og:image:type\" content=\"image\/jpeg\" \/>\n<meta name=\"author\" content=\"Niels Hansen\" \/>\n<meta name=\"twitter:card\" content=\"summary_large_image\" \/>\n<meta name=\"twitter:label1\" content=\"Skrevet af\" \/>\n\t<meta name=\"twitter:data1\" content=\"Niels Hansen\" \/>\n\t<meta name=\"twitter:label2\" content=\"Estimeret l\u00e6setid\" \/>\n\t<meta name=\"twitter:data2\" content=\"1 minut\" \/>\n<script type=\"application\/ld+json\" class=\"yoast-schema-graph\">{\"@context\":\"https:\/\/schema.org\",\"@graph\":[{\"@type\":\"Article\",\"@id\":\"https:\/\/kunmedierne.dk\/mors\/43-aarig-fik-den-ventede-behandlingsdom\/#article\",\"isPartOf\":{\"@id\":\"https:\/\/kunmedierne.dk\/mors\/43-aarig-fik-den-ventede-behandlingsdom\/\"},\"author\":{\"name\":\"Niels Hansen\",\"@id\":\"https:\/\/kunmedierne.dk\/mors\/#\/schema\/person\/09cc14cd371d523a3528ea9c4fda5254\"},\"headline\":\"43-\u00e5rig fik den ventede behandlingsdom\",\"datePublished\":\"2023-03-30T13:54:43+00:00\",\"dateModified\":\"2024-08-12T11:18:23+00:00\",\"mainEntityOfPage\":{\"@id\":\"https:\/\/kunmedierne.dk\/mors\/43-aarig-fik-den-ventede-behandlingsdom\/\"},\"wordCount\":164,\"publisher\":{\"@id\":\"https:\/\/kunmedierne.dk\/mors\/#organization\"},\"image\":{\"@id\":\"https:\/\/kunmedierne.dk\/mors\/43-aarig-fik-den-ventede-behandlingsdom\/#primaryimage\"},\"thumbnailUrl\":\"https:\/\/kunmedierne.dk\/mors\/wp-content\/uploads\/2021\/05\/IMG_3711.jpg\",\"articleSection\":[\"112\",\"Lokalt\"],\"inLanguage\":\"da-DK\"},{\"@type\":\"WebPage\",\"@id\":\"https:\/\/kunmedierne.dk\/mors\/43-aarig-fik-den-ventede-behandlingsdom\/\",\"url\":\"https:\/\/kunmedierne.dk\/mors\/43-aarig-fik-den-ventede-behandlingsdom\/\",\"name\":\"43-\u00e5rig fik den ventede behandlingsdom - Mors\",\"isPartOf\":{\"@id\":\"https:\/\/kunmedierne.dk\/mors\/#website\"},\"primaryImageOfPage\":{\"@id\":\"https:\/\/kunmedierne.dk\/mors\/43-aarig-fik-den-ventede-behandlingsdom\/#primaryimage\"},\"image\":{\"@id\":\"https:\/\/kunmedierne.dk\/mors\/43-aarig-fik-den-ventede-behandlingsdom\/#primaryimage\"},\"thumbnailUrl\":\"https:\/\/kunmedierne.dk\/mors\/wp-content\/uploads\/2021\/05\/IMG_3711.jpg\",\"datePublished\":\"2023-03-30T13:54:43+00:00\",\"dateModified\":\"2024-08-12T11:18:23+00:00\",\"breadcrumb\":{\"@id\":\"https:\/\/kunmedierne.dk\/mors\/43-aarig-fik-den-ventede-behandlingsdom\/#breadcrumb\"},\"inLanguage\":\"da-DK\",\"potentialAction\":[{\"@type\":\"ReadAction\",\"target\":[\"https:\/\/kunmedierne.dk\/mors\/43-aarig-fik-den-ventede-behandlingsdom\/\"]}]},{\"@type\":\"ImageObject\",\"inLanguage\":\"da-DK\",\"@id\":\"https:\/\/kunmedierne.dk\/mors\/43-aarig-fik-den-ventede-behandlingsdom\/#primaryimage\",\"url\":\"https:\/\/kunmedierne.dk\/mors\/wp-content\/uploads\/2021\/05\/IMG_3711.jpg\",\"contentUrl\":\"https:\/\/kunmedierne.dk\/mors\/wp-content\/uploads\/2021\/05\/IMG_3711.jpg\",\"width\":770,\"height\":513},{\"@type\":\"BreadcrumbList\",\"@id\":\"https:\/\/kunmedierne.dk\/mors\/43-aarig-fik-den-ventede-behandlingsdom\/#breadcrumb\",\"itemListElement\":[{\"@type\":\"ListItem\",\"position\":1,\"name\":\"Hjem\",\"item\":\"https:\/\/kunmedierne.dk\/mors\/\"},{\"@type\":\"ListItem\",\"position\":2,\"name\":\"43-\u00e5rig fik den ventede behandlingsdom\"}]},{\"@type\":\"WebSite\",\"@id\":\"https:\/\/kunmedierne.dk\/mors\/#website\",\"url\":\"https:\/\/kunmedierne.dk\/mors\/\",\"name\":\"Mors\",\"description\":\"et netmedie med journalistik om livet p\u00e5 Mors\",\"publisher\":{\"@id\":\"https:\/\/kunmedierne.dk\/mors\/#organization\"},\"potentialAction\":[{\"@type\":\"SearchAction\",\"target\":{\"@type\":\"EntryPoint\",\"urlTemplate\":\"https:\/\/kunmedierne.dk\/mors\/?s={search_term_string}\"},\"query-input\":{\"@type\":\"PropertyValueSpecification\",\"valueRequired\":true,\"valueName\":\"search_term_string\"}}],\"inLanguage\":\"da-DK\"},{\"@type\":\"Organization\",\"@id\":\"https:\/\/kunmedierne.dk\/mors\/#organization\",\"name\":\"Mors\",\"url\":\"https:\/\/kunmedierne.dk\/mors\/\",\"logo\":{\"@type\":\"ImageObject\",\"inLanguage\":\"da-DK\",\"@id\":\"https:\/\/kunmedierne.dk\/mors\/#\/schema\/logo\/image\/\",\"url\":\"https:\/\/kunmedierne.dk\/mors\/wp-content\/uploads\/2024\/08\/kunmors-logo.svg\",\"contentUrl\":\"https:\/\/kunmedierne.dk\/mors\/wp-content\/uploads\/2024\/08\/kunmors-logo.svg\",\"caption\":\"Mors\"},\"image\":{\"@id\":\"https:\/\/kunmedierne.dk\/mors\/#\/schema\/logo\/image\/\"}},{\"@type\":\"Person\",\"@id\":\"https:\/\/kunmedierne.dk\/mors\/#\/schema\/person\/09cc14cd371d523a3528ea9c4fda5254\",\"name\":\"Niels Hansen\",\"image\":{\"@type\":\"ImageObject\",\"inLanguage\":\"da-DK\",\"@id\":\"https:\/\/kunmedierne.dk\/mors\/#\/schema\/person\/image\/\",\"url\":\"https:\/\/secure.gravatar.com\/avatar\/568e84d860856800f9f57c56a1d8280df5422f50943b8f79fd25417a3720af53?s=96&d=mm&r=g\",\"contentUrl\":\"https:\/\/secure.gravatar.com\/avatar\/568e84d860856800f9f57c56a1d8280df5422f50943b8f79fd25417a3720af53?s=96&d=mm&r=g\",\"caption\":\"Niels Hansen\"},\"url\":\"https:\/\/kunmedierne.dk\/mors\/author\/niels-hansen\/\"}]}<\/script>\n<!-- \/ Yoast SEO plugin. -->","yoast_head_json":{"title":"43-\u00e5rig fik den ventede behandlingsdom - Mors","robots":{"index":"index","follow":"follow","max-snippet":"max-snippet:-1","max-image-preview":"max-image-preview:large","max-video-preview":"max-video-preview:-1"},"canonical":"https:\/\/kunmedierne.dk\/mors\/43-aarig-fik-den-ventede-behandlingsdom\/","og_locale":"da_DK","og_type":"article","og_title":"43-\u00e5rig fik den ventede behandlingsdom - Mors","og_description":"MORS\/THY\/SALLING: Efter et par timer torsdag morgen kom konklusionen fra dommerne i straffesagen, som blev omtalt i g\u00e5r p\u00e5 KunMors. Som ventet endte sagen med en behandlingsdom, hvor den 43-\u00e5rige forel\u00f8bigt skal i ambulant behandling for misbrug og psykiske problemer, og uden der er sat en tidsramme p\u00e5 foranstaltningen. Anklager Jesper Klyve forklarer, at den [&hellip;]","og_url":"https:\/\/kunmedierne.dk\/mors\/43-aarig-fik-den-ventede-behandlingsdom\/","og_site_name":"Mors","article_published_time":"2023-03-30T13:54:43+00:00","article_modified_time":"2024-08-12T11:18:23+00:00","og_image":[{"width":770,"height":513,"url":"https:\/\/kunmedierne.dk\/mors\/wp-content\/uploads\/2021\/05\/IMG_3711.jpg","type":"image\/jpeg"}],"author":"Niels Hansen","twitter_card":"summary_large_image","twitter_misc":{"Skrevet af":"Niels Hansen","Estimeret l\u00e6setid":"1 minut"},"schema":{"@context":"https:\/\/schema.org","@graph":[{"@type":"Article","@id":"https:\/\/kunmedierne.dk\/mors\/43-aarig-fik-den-ventede-behandlingsdom\/#article","isPartOf":{"@id":"https:\/\/kunmedierne.dk\/mors\/43-aarig-fik-den-ventede-behandlingsdom\/"},"author":{"name":"Niels Hansen","@id":"https:\/\/kunmedierne.dk\/mors\/#\/schema\/person\/09cc14cd371d523a3528ea9c4fda5254"},"headline":"43-\u00e5rig fik den ventede behandlingsdom","datePublished":"2023-03-30T13:54:43+00:00","dateModified":"2024-08-12T11:18:23+00:00","mainEntityOfPage":{"@id":"https:\/\/kunmedierne.dk\/mors\/43-aarig-fik-den-ventede-behandlingsdom\/"},"wordCount":164,"publisher":{"@id":"https:\/\/kunmedierne.dk\/mors\/#organization"},"image":{"@id":"https:\/\/kunmedierne.dk\/mors\/43-aarig-fik-den-ventede-behandlingsdom\/#primaryimage"},"thumbnailUrl":"https:\/\/kunmedierne.dk\/mors\/wp-content\/uploads\/2021\/05\/IMG_3711.jpg","articleSection":["112","Lokalt"],"inLanguage":"da-DK"},{"@type":"WebPage","@id":"https:\/\/kunmedierne.dk\/mors\/43-aarig-fik-den-ventede-behandlingsdom\/","url":"https:\/\/kunmedierne.dk\/mors\/43-aarig-fik-den-ventede-behandlingsdom\/","name":"43-\u00e5rig fik den ventede behandlingsdom - Mors","isPartOf":{"@id":"https:\/\/kunmedierne.dk\/mors\/#website"},"primaryImageOfPage":{"@id":"https:\/\/kunmedierne.dk\/mors\/43-aarig-fik-den-ventede-behandlingsdom\/#primaryimage"},"image":{"@id":"https:\/\/kunmedierne.dk\/mors\/43-aarig-fik-den-ventede-behandlingsdom\/#primaryimage"},"thumbnailUrl":"https:\/\/kunmedierne.dk\/mors\/wp-content\/uploads\/2021\/05\/IMG_3711.jpg","datePublished":"2023-03-30T13:54:43+00:00","dateModified":"2024-08-12T11:18:23+00:00","breadcrumb":{"@id":"https:\/\/kunmedierne.dk\/mors\/43-aarig-fik-den-ventede-behandlingsdom\/#breadcrumb"},"inLanguage":"da-DK","potentialAction":[{"@type":"ReadAction","target":["https:\/\/kunmedierne.dk\/mors\/43-aarig-fik-den-ventede-behandlingsdom\/"]}]},{"@type":"ImageObject","inLanguage":"da-DK","@id":"https:\/\/kunmedierne.dk\/mors\/43-aarig-fik-den-ventede-behandlingsdom\/#primaryimage","url":"https:\/\/kunmedierne.dk\/mors\/wp-content\/uploads\/2021\/05\/IMG_3711.jpg","contentUrl":"https:\/\/kunmedierne.dk\/mors\/wp-content\/uploads\/2021\/05\/IMG_3711.jpg","width":770,"height":513},{"@type":"BreadcrumbList","@id":"https:\/\/kunmedierne.dk\/mors\/43-aarig-fik-den-ventede-behandlingsdom\/#breadcrumb","itemListElement":[{"@type":"ListItem","position":1,"name":"Hjem","item":"https:\/\/kunmedierne.dk\/mors\/"},{"@type":"ListItem","position":2,"name":"43-\u00e5rig fik den ventede behandlingsdom"}]},{"@type":"WebSite","@id":"https:\/\/kunmedierne.dk\/mors\/#website","url":"https:\/\/kunmedierne.dk\/mors\/","name":"Mors","description":"et netmedie med journalistik om livet p\u00e5 Mors","publisher":{"@id":"https:\/\/kunmedierne.dk\/mors\/#organization"},"potentialAction":[{"@type":"SearchAction","target":{"@type":"EntryPoint","urlTemplate":"https:\/\/kunmedierne.dk\/mors\/?s={search_term_string}"},"query-input":{"@type":"PropertyValueSpecification","valueRequired":true,"valueName":"search_term_string"}}],"inLanguage":"da-DK"},{"@type":"Organization","@id":"https:\/\/kunmedierne.dk\/mors\/#organization","name":"Mors","url":"https:\/\/kunmedierne.dk\/mors\/","logo":{"@type":"ImageObject","inLanguage":"da-DK","@id":"https:\/\/kunmedierne.dk\/mors\/#\/schema\/logo\/image\/","url":"https:\/\/kunmedierne.dk\/mors\/wp-content\/uploads\/2024\/08\/kunmors-logo.svg","contentUrl":"https:\/\/kunmedierne.dk\/mors\/wp-content\/uploads\/2024\/08\/kunmors-logo.svg","caption":"Mors"},"image":{"@id":"https:\/\/kunmedierne.dk\/mors\/#\/schema\/logo\/image\/"}},{"@type":"Person","@id":"https:\/\/kunmedierne.dk\/mors\/#\/schema\/person\/09cc14cd371d523a3528ea9c4fda5254","name":"Niels Hansen","image":{"@type":"ImageObject","inLanguage":"da-DK","@id":"https:\/\/kunmedierne.dk\/mors\/#\/schema\/person\/image\/","url":"https:\/\/secure.gravatar.com\/avatar\/568e84d860856800f9f57c56a1d8280df5422f50943b8f79fd25417a3720af53?s=96&d=mm&r=g","contentUrl":"https:\/\/secure.gravatar.com\/avatar\/568e84d860856800f9f57c56a1d8280df5422f50943b8f79fd25417a3720af53?s=96&d=mm&r=g","caption":"Niels Hansen"},"url":"https:\/\/kunmedierne.dk\/mors\/author\/niels-hansen\/"}]}},"_links":{"self":[{"href":"https:\/\/kunmedierne.dk\/mors\/wp-json\/wp\/v2\/posts\/91785","targetHints":{"allow":["GET"]}}],"collection":[{"href":"https:\/\/kunmedierne.dk\/mors\/wp-json\/wp\/v2\/posts"}],"about":[{"href":"https:\/\/kunmedierne.dk\/mors\/wp-json\/wp\/v2\/types\/post"}],"author":[{"embeddable":true,"href":"https:\/\/kunmedierne.dk\/mors\/wp-json\/wp\/v2\/users\/176"}],"replies":[{"embeddable":true,"href":"https:\/\/kunmedierne.dk\/mors\/wp-json\/wp\/v2\/comments?post=91785"}],"version-history":[{"count":1,"href":"https:\/\/kunmedierne.dk\/mors\/wp-json\/wp\/v2\/posts\/91785\/revisions"}],"predecessor-version":[{"id":91787,"href":"https:\/\/kunmedierne.dk\/mors\/wp-json\/wp\/v2\/posts\/91785\/revisions\/91787"}],"wp:featuredmedia":[{"embeddable":true,"href":"https:\/\/kunmedierne.dk\/mors\/wp-json\/wp\/v2\/media\/44253"}],"wp:attachment":[{"href":"https:\/\/kunmedierne.dk\/mors\/wp-json\/wp\/v2\/media?parent=91785"}],"wp:term":[{"taxonomy":"category","embeddable":true,"href":"https:\/\/kunmedierne.dk\/mors\/wp-json\/wp\/v2\/categories?post=91785"},{"taxonomy":"post_tag","embeddable":true,"href":"https:\/\/kunmedierne.dk\/mors\/wp-json\/wp\/v2\/tags?post=91785"}],"curies":[{"name":"wp","href":"https:\/\/api.w.org\/{rel}","templated":true}]}}