{"id":9140,"date":"2020-02-25T16:24:27","date_gmt":"2020-02-25T15:24:27","guid":{"rendered":"https:\/\/kunmedierne.dk\/mors\/?p=9140"},"modified":"2024-08-12T14:06:26","modified_gmt":"2024-08-12T12:06:26","slug":"jeg-ville-da-lyve-hvis-jeg-sagde-at-jeg-ikke-regnede-med-en-masse-spoergsmaal","status":"publish","type":"post","link":"https:\/\/kunmedierne.dk\/mors\/jeg-ville-da-lyve-hvis-jeg-sagde-at-jeg-ikke-regnede-med-en-masse-spoergsmaal\/","title":{"rendered":"&#8211; Jeg ville da lyve, hvis jeg sagde, at jeg ikke regnede med en masse sp\u00f8rgsm\u00e5l"},"content":{"rendered":"<p><strong>NYK\u00d8BING<\/strong>: Det var det mest dramatiske \u00e5r i erhvervsr\u00e5dets historie, og flere end 100 driftige erhvervsfolk var m\u00f8dt op p\u00e5 generalforsamlingen for at h\u00f8re bestyrelsen forklare sig om direkt\u00f8rfyring, formandsafgang og et stort underskud.<\/p>\n<p>Alligevel var de tavse alle som en. Som omtalt p\u00e5 <a href=\"https:\/\/kunmedierne.dk\/mors\/larmende-tavshed-paa-dramatisk-generalforsamling\/\">KunMors mandag<\/a> var der ikke et eneste sp\u00f8rgsm\u00e5l eller en kommentar til det dramatiske forl\u00f8b &#8211; og dagen derp\u00e5 er manden, der berettede om det fra talerstolen, da ogs\u00e5 selv overrasket over, at ingen spurgte ind.<\/p>\n<p>&#8220;Jeg ville da lyve, hvis jeg sagde, at jeg ikke regnede med en masse sp\u00f8rgsm\u00e5l. Det kom lidt bag p\u00e5 mig, at der ikke var,&#8221; siger Tage Odgaard Nielsen, konstitueret formand for Mors\u00f8 Erhvervsr\u00e5d og &#8211; med stor sandsynlighed &#8211; kommende formand for \u00f8ens sammenslutning af erhvervsfolk.<\/p>\n<p>Han vurderer selv, at bestyrelsens \u00e5benhed i forhold til fyringen af direkt\u00f8r Per S\u00f8ndergaard og tidligere formand Jesper Overgaards afgang er en v\u00e6sentlig \u00e5rsag til, at generalforsamlingen blev s\u00e5 fredelig.<\/p>\n<p>&#8220;Vi har hevet plastret af i \u00e9t hug,&#8221; siger Tage Odgaard Nielsen og henviser til 20. december, da bestyrelsen selv lod bomben springe.<\/p>\n<p>&#8220;Helt fra starten, da det hele kulminerede, og vi tog action, sendte vi jo en pressemeddelelse ud, hvor vi var \u00e5bne om, hvad der var sket,&#8221; siger han.<\/p>\n<p>&nbsp;<\/p>\n<p><strong>Forventede kritikere i salen<\/strong><\/p>\n<p>Noget af det, der kunne have givet anledning til sp\u00f8rgsm\u00e5l, var selvf\u00f8lgelig bestyrelsens egen rolle i sagen. Og Tage Odgaard Nielsen lader forst\u00e5, at det har ogs\u00e5 v\u00e6ret i hans overvejelser.<\/p>\n<p>&#8220;Man kan selvf\u00f8lgelig klandre, at bestyrelsen ikke opdagede det noget f\u00f8r, og det tog jeg ogs\u00e5 med i min beretning. Det var helt bevidst, for ellers ville der jo blive en hel masse mudderkastning omkring det,&#8221; siger han, men erkl\u00e6rer sig alligevel overrasket over den udeblevne sp\u00f8rgelyst.<\/p>\n<p>&#8220;Det kan jeg lige s\u00e5 godt indr\u00f8mme. Jeg forventede selvf\u00f8lgelig, at der ville v\u00e6re nogle kritikere i salen, men det synes jeg ikke, at der var. Og det syntes jeg heller ikke, at der var bagefter,&#8221; siger han og melder i stedet om en stemning med skulderklap for h\u00e5ndteringen af forl\u00f8bet og en lyst til at se fremad.<\/p>\n<p>&nbsp;<\/p>\n<p><strong>Ingen i bestyrelsen opdagede noget<\/strong><\/p>\n<p>Men selvf\u00f8lgelig er der sp\u00f8rgsm\u00e5l at stille. Det mest n\u00e6rliggende g\u00e5r p\u00e5 bestyrelsens rolle i sagen.<\/p>\n<p>F\u00f8r jul bestod bestyrelsen i Mors\u00f8 Erhvervsr\u00e5d udover den afg\u00e5ende formand og Tage Odgaard Nielsen af Benny Nielsen (direkt\u00f8r i Freds\u00f8 Vognmandsforretning), Betina Dencker (indehaver af DenckerDeluxe), Heine Christiansen (teknisk direkt\u00f8r i HE-VA Aps), John Christiansen (LO Thy-Mors) samt borgmester Hans Ejner Bertelsen (V).<\/p>\n<p>If\u00f8lge Tage Odgaard Nielsen havde ingen af dem fattet mistanke om, at noget ikke var, som det skulle v\u00e6re. Men kan det virkelig passe, at s\u00e5 erfarne og driftige erhvervsfolk alle som en overs\u00e5, at den tidligere formand og direkt\u00f8r lavede aftaler om l\u00f8nstigninger og andre goder?<\/p>\n<p>&#8220;Vi er jo hver is\u00e6r vant til at drive vores forretning, og det er ikke s\u00e5dan, at vi aldrig har set et regnskab. Jeg sidder ogs\u00e5 selv i andre bestyrelser,&#8221; siger Tage Odgaard Nielsen, som p\u00e5 sp\u00f8rgsm\u00e5let, om bestyrelsen ikke foretog l\u00f8bende budgetopf\u00f8lgning i l\u00f8bet af \u00e5ret, svarer, at det gjorde den &#8211; men:<\/p>\n<p>&#8220;Hvis vi laver et godt resultat og ikke overskrider vores budget, og tingene k\u00f8rer, som de skal, s\u00e5 dykker man som bestyrelse ikke voldsomt meget ned i tallene. Det ville man aldrig g\u00f8re. Men vi kan selvf\u00f8lgelig nok sidde bagefter og t\u00e6nke, at det var en skam, vi ikke gjorde det.&#8221;<\/p>\n<p>&nbsp;<\/p>\n<p><strong>Vil ikke \u00e6ndre praksis\u00a0<\/strong><\/p>\n<p>Han oplyser, at han selv brugte, hvad der svarer til en m\u00e5neds arbejde p\u00e5 fuld tid p\u00e5 at rede tr\u00e5dene ud op til fyringen af direkt\u00f8ren. Og at erhvervsr\u00e5dets revisor har fortalt ham, at bestyrelsen ved regnskabsafslutningen sandsynligvis ville opdage, at noget var galt.<\/p>\n<p>&#8220;Men\u00a0f\u00f8r har vi faktisk ikke haft en chance for at se det,&#8221; siger Tage Odgaard Nielsen.<\/p>\n<p>&#8220;Det er bare s\u00e5dan, at hvis man f\u00f8ler, at forretningen g\u00e5r godt, g\u00e5r man ikke ind og stiller sig voldsomt kritisk over for regnskabet,&#8221; siger han.<\/p>\n<p>Han afviser, at bestyrelsen vil \u00e6ndre i sin praksis p\u00e5 omr\u00e5det. Den kommende direkt\u00f8r skal s\u00e5ledes ikke forvente at blive bundet p\u00e5 h\u00e6nder og f\u00f8dder og blive stillet i udsigt, at der bliver holdt n\u00f8je \u00f8je med hver eneste \u00f8konomiske disposition.<\/p>\n<p>&#8220;Der findes ikke noget v\u00e6rre, end at man bliver s\u00e5 mistroisk, at man ikke t\u00f8r stole p\u00e5 nogen. Det er min og bestyrelsens holdning, at vi ikke skal g\u00e5 helt i panik p\u00e5 grund af det her. Men det er selvf\u00f8lgelig en rigtig tr\u00e6ls sag,&#8221; siger Tage Odgaard Nielsen.<\/p>\n<p>&nbsp;<\/p>\n<p><strong>Er ikke valgt som formand endnu<\/strong><\/p>\n<p>Han ser nu frem til at l\u00e6gge sagen bag sig og arbejde p\u00e5 at ans\u00e6tte en ny direkt\u00f8r for Mors\u00f8 Erhvervsr\u00e5d.<\/p>\n<p>&#8220;Vi h\u00e5ber stadig, at vi n\u00e5r det til maj eller juni. Og der er en del interesse om stillingen,&#8221; siger den konstituerede formand &#8211; som understreger, at han indtil videre netop kun er konstitueret.<\/p>\n<p>&#8220;Jeg har godt nok h\u00f8rt, at jeg allerede er udn\u00e6vnt til formand, men s\u00e5 langt er bestyrelsen alts\u00e5 ikke n\u00e5et endnu,&#8221; griner han vel vidende, at det peger i den retning.<\/p>\n<p>&#8220;Jeg sl\u00e5r mig jo lidt i t\u00f8jret. Det er jo ikke, fordi det er attraktivt. Der bliver peget lidt p\u00e5 mig, men det er absolut ikke bestemt endnu,&#8221; siger han og melder om en forventet konstituering af bestyrelsen p\u00e5 torsdag i n\u00e6ste uge.<\/p>\n<p>&#8220;Jeg g\u00e5r ud fra, at vi s\u00e6tter os sammen, og s\u00e5 bliver vi siddende, til der kommer hvid r\u00f8g op,&#8221; siger Tage Odgaard Nielsen.<\/p>\n","protected":false},"excerpt":{"rendered":"<p>NYK\u00d8BING: Det var det mest dramatiske \u00e5r i erhvervsr\u00e5dets historie, og flere end 100 driftige erhvervsfolk var m\u00f8dt op p\u00e5 generalforsamlingen for at h\u00f8re bestyrelsen forklare sig om direkt\u00f8rfyring, formandsafgang og et stort underskud. Alligevel var de tavse alle som en. Som omtalt p\u00e5 KunMors mandag var der ikke et eneste sp\u00f8rgsm\u00e5l eller en kommentar [&hellip;]<\/p>\n","protected":false},"author":8,"featured_media":9141,"comment_status":"open","ping_status":"open","sticky":false,"template":"","format":"standard","meta":{"_acf_changed":false,"footnotes":""},"categories":[51],"tags":[159,160],"class_list":["post-9140","post","type-post","status-publish","format-standard","has-post-thumbnail","hentry","category-lokalt","tag-erhverv","tag-handel"],"acf":[],"yoast_head":"<!-- This site is optimized with the Yoast SEO plugin v26.8 - https:\/\/yoast.com\/product\/yoast-seo-wordpress\/ -->\n<title>- Jeg ville da lyve, hvis jeg sagde, at jeg ikke regnede med en masse sp\u00f8rgsm\u00e5l - Mors<\/title>\n<meta name=\"robots\" content=\"index, follow, max-snippet:-1, max-image-preview:large, max-video-preview:-1\" \/>\n<link rel=\"canonical\" href=\"https:\/\/kunmedierne.dk\/mors\/jeg-ville-da-lyve-hvis-jeg-sagde-at-jeg-ikke-regnede-med-en-masse-spoergsmaal\/\" \/>\n<meta property=\"og:locale\" content=\"da_DK\" \/>\n<meta property=\"og:type\" content=\"article\" \/>\n<meta property=\"og:title\" content=\"- Jeg ville da lyve, hvis jeg sagde, at jeg ikke regnede med en masse sp\u00f8rgsm\u00e5l - Mors\" \/>\n<meta property=\"og:description\" content=\"NYK\u00d8BING: Det var det mest dramatiske \u00e5r i erhvervsr\u00e5dets historie, og flere end 100 driftige erhvervsfolk var m\u00f8dt op p\u00e5 generalforsamlingen for at h\u00f8re bestyrelsen forklare sig om direkt\u00f8rfyring, formandsafgang og et stort underskud. Alligevel var de tavse alle som en. Som omtalt p\u00e5 KunMors mandag var der ikke et eneste sp\u00f8rgsm\u00e5l eller en kommentar [&hellip;]\" \/>\n<meta property=\"og:url\" content=\"https:\/\/kunmedierne.dk\/mors\/jeg-ville-da-lyve-hvis-jeg-sagde-at-jeg-ikke-regnede-med-en-masse-spoergsmaal\/\" \/>\n<meta property=\"og:site_name\" content=\"Mors\" \/>\n<meta property=\"article:published_time\" content=\"2020-02-25T15:24:27+00:00\" \/>\n<meta property=\"article:modified_time\" content=\"2024-08-12T12:06:26+00:00\" \/>\n<meta property=\"og:image\" content=\"https:\/\/kunmedierne.dk\/mors\/wp-content\/uploads\/2020\/02\/200225-Martin-Mikkelsen-og-Tage-Odgaard-Nielsen.jpg\" \/>\n\t<meta property=\"og:image:width\" content=\"770\" \/>\n\t<meta property=\"og:image:height\" content=\"617\" \/>\n\t<meta property=\"og:image:type\" content=\"image\/jpeg\" \/>\n<meta name=\"author\" content=\"David H\u00f8jmark\" \/>\n<meta name=\"twitter:card\" content=\"summary_large_image\" \/>\n<meta name=\"twitter:label1\" content=\"Skrevet af\" \/>\n\t<meta name=\"twitter:data1\" content=\"David H\u00f8jmark\" \/>\n\t<meta name=\"twitter:label2\" content=\"Estimeret l\u00e6setid\" \/>\n\t<meta name=\"twitter:data2\" content=\"5 minutter\" \/>\n<script type=\"application\/ld+json\" class=\"yoast-schema-graph\">{\"@context\":\"https:\/\/schema.org\",\"@graph\":[{\"@type\":\"Article\",\"@id\":\"https:\/\/kunmedierne.dk\/mors\/jeg-ville-da-lyve-hvis-jeg-sagde-at-jeg-ikke-regnede-med-en-masse-spoergsmaal\/#article\",\"isPartOf\":{\"@id\":\"https:\/\/kunmedierne.dk\/mors\/jeg-ville-da-lyve-hvis-jeg-sagde-at-jeg-ikke-regnede-med-en-masse-spoergsmaal\/\"},\"author\":{\"name\":\"David H\u00f8jmark\",\"@id\":\"https:\/\/kunmedierne.dk\/mors\/#\/schema\/person\/5fe23251bf1d0abbcdc6f7896579d548\"},\"headline\":\"&#8211; Jeg ville da lyve, hvis jeg sagde, at jeg ikke regnede med en masse sp\u00f8rgsm\u00e5l\",\"datePublished\":\"2020-02-25T15:24:27+00:00\",\"dateModified\":\"2024-08-12T12:06:26+00:00\",\"mainEntityOfPage\":{\"@id\":\"https:\/\/kunmedierne.dk\/mors\/jeg-ville-da-lyve-hvis-jeg-sagde-at-jeg-ikke-regnede-med-en-masse-spoergsmaal\/\"},\"wordCount\":1010,\"commentCount\":0,\"publisher\":{\"@id\":\"https:\/\/kunmedierne.dk\/mors\/#organization\"},\"image\":{\"@id\":\"https:\/\/kunmedierne.dk\/mors\/jeg-ville-da-lyve-hvis-jeg-sagde-at-jeg-ikke-regnede-med-en-masse-spoergsmaal\/#primaryimage\"},\"thumbnailUrl\":\"https:\/\/kunmedierne.dk\/mors\/wp-content\/uploads\/2020\/02\/200225-Martin-Mikkelsen-og-Tage-Odgaard-Nielsen.jpg\",\"keywords\":[\"Erhverv\",\"Handel\"],\"articleSection\":[\"Lokalt\"],\"inLanguage\":\"da-DK\",\"potentialAction\":[{\"@type\":\"CommentAction\",\"name\":\"Comment\",\"target\":[\"https:\/\/kunmedierne.dk\/mors\/jeg-ville-da-lyve-hvis-jeg-sagde-at-jeg-ikke-regnede-med-en-masse-spoergsmaal\/#respond\"]}]},{\"@type\":\"WebPage\",\"@id\":\"https:\/\/kunmedierne.dk\/mors\/jeg-ville-da-lyve-hvis-jeg-sagde-at-jeg-ikke-regnede-med-en-masse-spoergsmaal\/\",\"url\":\"https:\/\/kunmedierne.dk\/mors\/jeg-ville-da-lyve-hvis-jeg-sagde-at-jeg-ikke-regnede-med-en-masse-spoergsmaal\/\",\"name\":\"- Jeg ville da lyve, hvis jeg sagde, at jeg ikke regnede med en masse sp\u00f8rgsm\u00e5l - Mors\",\"isPartOf\":{\"@id\":\"https:\/\/kunmedierne.dk\/mors\/#website\"},\"primaryImageOfPage\":{\"@id\":\"https:\/\/kunmedierne.dk\/mors\/jeg-ville-da-lyve-hvis-jeg-sagde-at-jeg-ikke-regnede-med-en-masse-spoergsmaal\/#primaryimage\"},\"image\":{\"@id\":\"https:\/\/kunmedierne.dk\/mors\/jeg-ville-da-lyve-hvis-jeg-sagde-at-jeg-ikke-regnede-med-en-masse-spoergsmaal\/#primaryimage\"},\"thumbnailUrl\":\"https:\/\/kunmedierne.dk\/mors\/wp-content\/uploads\/2020\/02\/200225-Martin-Mikkelsen-og-Tage-Odgaard-Nielsen.jpg\",\"datePublished\":\"2020-02-25T15:24:27+00:00\",\"dateModified\":\"2024-08-12T12:06:26+00:00\",\"breadcrumb\":{\"@id\":\"https:\/\/kunmedierne.dk\/mors\/jeg-ville-da-lyve-hvis-jeg-sagde-at-jeg-ikke-regnede-med-en-masse-spoergsmaal\/#breadcrumb\"},\"inLanguage\":\"da-DK\",\"potentialAction\":[{\"@type\":\"ReadAction\",\"target\":[\"https:\/\/kunmedierne.dk\/mors\/jeg-ville-da-lyve-hvis-jeg-sagde-at-jeg-ikke-regnede-med-en-masse-spoergsmaal\/\"]}]},{\"@type\":\"ImageObject\",\"inLanguage\":\"da-DK\",\"@id\":\"https:\/\/kunmedierne.dk\/mors\/jeg-ville-da-lyve-hvis-jeg-sagde-at-jeg-ikke-regnede-med-en-masse-spoergsmaal\/#primaryimage\",\"url\":\"https:\/\/kunmedierne.dk\/mors\/wp-content\/uploads\/2020\/02\/200225-Martin-Mikkelsen-og-Tage-Odgaard-Nielsen.jpg\",\"contentUrl\":\"https:\/\/kunmedierne.dk\/mors\/wp-content\/uploads\/2020\/02\/200225-Martin-Mikkelsen-og-Tage-Odgaard-Nielsen.jpg\",\"width\":770,\"height\":617,\"caption\":\"Tage Odgaard Nielsen (th), her sammen med Den Gyldne \u00d8sters-vinder Martin Mikkelsen, havde forventet mere sp\u00f8rgelyst p\u00e5 erhvervsr\u00e5dets generalforsamling. Foto: Mors\u00f8 Erhvervsr\u00e5d.\"},{\"@type\":\"BreadcrumbList\",\"@id\":\"https:\/\/kunmedierne.dk\/mors\/jeg-ville-da-lyve-hvis-jeg-sagde-at-jeg-ikke-regnede-med-en-masse-spoergsmaal\/#breadcrumb\",\"itemListElement\":[{\"@type\":\"ListItem\",\"position\":1,\"name\":\"Hjem\",\"item\":\"https:\/\/kunmedierne.dk\/mors\/\"},{\"@type\":\"ListItem\",\"position\":2,\"name\":\"&#8211; Jeg ville da lyve, hvis jeg sagde, at jeg ikke regnede med en masse sp\u00f8rgsm\u00e5l\"}]},{\"@type\":\"WebSite\",\"@id\":\"https:\/\/kunmedierne.dk\/mors\/#website\",\"url\":\"https:\/\/kunmedierne.dk\/mors\/\",\"name\":\"Mors\",\"description\":\"et netmedie med journalistik om livet p\u00e5 Mors\",\"publisher\":{\"@id\":\"https:\/\/kunmedierne.dk\/mors\/#organization\"},\"potentialAction\":[{\"@type\":\"SearchAction\",\"target\":{\"@type\":\"EntryPoint\",\"urlTemplate\":\"https:\/\/kunmedierne.dk\/mors\/?s={search_term_string}\"},\"query-input\":{\"@type\":\"PropertyValueSpecification\",\"valueRequired\":true,\"valueName\":\"search_term_string\"}}],\"inLanguage\":\"da-DK\"},{\"@type\":\"Organization\",\"@id\":\"https:\/\/kunmedierne.dk\/mors\/#organization\",\"name\":\"Mors\",\"url\":\"https:\/\/kunmedierne.dk\/mors\/\",\"logo\":{\"@type\":\"ImageObject\",\"inLanguage\":\"da-DK\",\"@id\":\"https:\/\/kunmedierne.dk\/mors\/#\/schema\/logo\/image\/\",\"url\":\"https:\/\/kunmedierne.dk\/mors\/wp-content\/uploads\/2024\/08\/kunmors-logo.svg\",\"contentUrl\":\"https:\/\/kunmedierne.dk\/mors\/wp-content\/uploads\/2024\/08\/kunmors-logo.svg\",\"caption\":\"Mors\"},\"image\":{\"@id\":\"https:\/\/kunmedierne.dk\/mors\/#\/schema\/logo\/image\/\"}},{\"@type\":\"Person\",\"@id\":\"https:\/\/kunmedierne.dk\/mors\/#\/schema\/person\/5fe23251bf1d0abbcdc6f7896579d548\",\"name\":\"David H\u00f8jmark\",\"image\":{\"@type\":\"ImageObject\",\"inLanguage\":\"da-DK\",\"@id\":\"https:\/\/kunmedierne.dk\/mors\/#\/schema\/person\/image\/\",\"url\":\"https:\/\/secure.gravatar.com\/avatar\/4315d6fb9ef244d729989f5f90268eb08d5bf8a3d84402f595fa194bb35784fd?s=96&d=mm&r=g\",\"contentUrl\":\"https:\/\/secure.gravatar.com\/avatar\/4315d6fb9ef244d729989f5f90268eb08d5bf8a3d84402f595fa194bb35784fd?s=96&d=mm&r=g\",\"caption\":\"David H\u00f8jmark\"},\"sameAs\":[\"https:\/\/www.kunmedierne.dk\"],\"url\":\"https:\/\/kunmedierne.dk\/mors\/author\/david\/\"}]}<\/script>\n<!-- \/ Yoast SEO plugin. -->","yoast_head_json":{"title":"- Jeg ville da lyve, hvis jeg sagde, at jeg ikke regnede med en masse sp\u00f8rgsm\u00e5l - Mors","robots":{"index":"index","follow":"follow","max-snippet":"max-snippet:-1","max-image-preview":"max-image-preview:large","max-video-preview":"max-video-preview:-1"},"canonical":"https:\/\/kunmedierne.dk\/mors\/jeg-ville-da-lyve-hvis-jeg-sagde-at-jeg-ikke-regnede-med-en-masse-spoergsmaal\/","og_locale":"da_DK","og_type":"article","og_title":"- Jeg ville da lyve, hvis jeg sagde, at jeg ikke regnede med en masse sp\u00f8rgsm\u00e5l - Mors","og_description":"NYK\u00d8BING: Det var det mest dramatiske \u00e5r i erhvervsr\u00e5dets historie, og flere end 100 driftige erhvervsfolk var m\u00f8dt op p\u00e5 generalforsamlingen for at h\u00f8re bestyrelsen forklare sig om direkt\u00f8rfyring, formandsafgang og et stort underskud. Alligevel var de tavse alle som en. Som omtalt p\u00e5 KunMors mandag var der ikke et eneste sp\u00f8rgsm\u00e5l eller en kommentar [&hellip;]","og_url":"https:\/\/kunmedierne.dk\/mors\/jeg-ville-da-lyve-hvis-jeg-sagde-at-jeg-ikke-regnede-med-en-masse-spoergsmaal\/","og_site_name":"Mors","article_published_time":"2020-02-25T15:24:27+00:00","article_modified_time":"2024-08-12T12:06:26+00:00","og_image":[{"width":770,"height":617,"url":"https:\/\/kunmedierne.dk\/mors\/wp-content\/uploads\/2020\/02\/200225-Martin-Mikkelsen-og-Tage-Odgaard-Nielsen.jpg","type":"image\/jpeg"}],"author":"David H\u00f8jmark","twitter_card":"summary_large_image","twitter_misc":{"Skrevet af":"David H\u00f8jmark","Estimeret l\u00e6setid":"5 minutter"},"schema":{"@context":"https:\/\/schema.org","@graph":[{"@type":"Article","@id":"https:\/\/kunmedierne.dk\/mors\/jeg-ville-da-lyve-hvis-jeg-sagde-at-jeg-ikke-regnede-med-en-masse-spoergsmaal\/#article","isPartOf":{"@id":"https:\/\/kunmedierne.dk\/mors\/jeg-ville-da-lyve-hvis-jeg-sagde-at-jeg-ikke-regnede-med-en-masse-spoergsmaal\/"},"author":{"name":"David H\u00f8jmark","@id":"https:\/\/kunmedierne.dk\/mors\/#\/schema\/person\/5fe23251bf1d0abbcdc6f7896579d548"},"headline":"&#8211; Jeg ville da lyve, hvis jeg sagde, at jeg ikke regnede med en masse sp\u00f8rgsm\u00e5l","datePublished":"2020-02-25T15:24:27+00:00","dateModified":"2024-08-12T12:06:26+00:00","mainEntityOfPage":{"@id":"https:\/\/kunmedierne.dk\/mors\/jeg-ville-da-lyve-hvis-jeg-sagde-at-jeg-ikke-regnede-med-en-masse-spoergsmaal\/"},"wordCount":1010,"commentCount":0,"publisher":{"@id":"https:\/\/kunmedierne.dk\/mors\/#organization"},"image":{"@id":"https:\/\/kunmedierne.dk\/mors\/jeg-ville-da-lyve-hvis-jeg-sagde-at-jeg-ikke-regnede-med-en-masse-spoergsmaal\/#primaryimage"},"thumbnailUrl":"https:\/\/kunmedierne.dk\/mors\/wp-content\/uploads\/2020\/02\/200225-Martin-Mikkelsen-og-Tage-Odgaard-Nielsen.jpg","keywords":["Erhverv","Handel"],"articleSection":["Lokalt"],"inLanguage":"da-DK","potentialAction":[{"@type":"CommentAction","name":"Comment","target":["https:\/\/kunmedierne.dk\/mors\/jeg-ville-da-lyve-hvis-jeg-sagde-at-jeg-ikke-regnede-med-en-masse-spoergsmaal\/#respond"]}]},{"@type":"WebPage","@id":"https:\/\/kunmedierne.dk\/mors\/jeg-ville-da-lyve-hvis-jeg-sagde-at-jeg-ikke-regnede-med-en-masse-spoergsmaal\/","url":"https:\/\/kunmedierne.dk\/mors\/jeg-ville-da-lyve-hvis-jeg-sagde-at-jeg-ikke-regnede-med-en-masse-spoergsmaal\/","name":"- Jeg ville da lyve, hvis jeg sagde, at jeg ikke regnede med en masse sp\u00f8rgsm\u00e5l - Mors","isPartOf":{"@id":"https:\/\/kunmedierne.dk\/mors\/#website"},"primaryImageOfPage":{"@id":"https:\/\/kunmedierne.dk\/mors\/jeg-ville-da-lyve-hvis-jeg-sagde-at-jeg-ikke-regnede-med-en-masse-spoergsmaal\/#primaryimage"},"image":{"@id":"https:\/\/kunmedierne.dk\/mors\/jeg-ville-da-lyve-hvis-jeg-sagde-at-jeg-ikke-regnede-med-en-masse-spoergsmaal\/#primaryimage"},"thumbnailUrl":"https:\/\/kunmedierne.dk\/mors\/wp-content\/uploads\/2020\/02\/200225-Martin-Mikkelsen-og-Tage-Odgaard-Nielsen.jpg","datePublished":"2020-02-25T15:24:27+00:00","dateModified":"2024-08-12T12:06:26+00:00","breadcrumb":{"@id":"https:\/\/kunmedierne.dk\/mors\/jeg-ville-da-lyve-hvis-jeg-sagde-at-jeg-ikke-regnede-med-en-masse-spoergsmaal\/#breadcrumb"},"inLanguage":"da-DK","potentialAction":[{"@type":"ReadAction","target":["https:\/\/kunmedierne.dk\/mors\/jeg-ville-da-lyve-hvis-jeg-sagde-at-jeg-ikke-regnede-med-en-masse-spoergsmaal\/"]}]},{"@type":"ImageObject","inLanguage":"da-DK","@id":"https:\/\/kunmedierne.dk\/mors\/jeg-ville-da-lyve-hvis-jeg-sagde-at-jeg-ikke-regnede-med-en-masse-spoergsmaal\/#primaryimage","url":"https:\/\/kunmedierne.dk\/mors\/wp-content\/uploads\/2020\/02\/200225-Martin-Mikkelsen-og-Tage-Odgaard-Nielsen.jpg","contentUrl":"https:\/\/kunmedierne.dk\/mors\/wp-content\/uploads\/2020\/02\/200225-Martin-Mikkelsen-og-Tage-Odgaard-Nielsen.jpg","width":770,"height":617,"caption":"Tage Odgaard Nielsen (th), her sammen med Den Gyldne \u00d8sters-vinder Martin Mikkelsen, havde forventet mere sp\u00f8rgelyst p\u00e5 erhvervsr\u00e5dets generalforsamling. Foto: Mors\u00f8 Erhvervsr\u00e5d."},{"@type":"BreadcrumbList","@id":"https:\/\/kunmedierne.dk\/mors\/jeg-ville-da-lyve-hvis-jeg-sagde-at-jeg-ikke-regnede-med-en-masse-spoergsmaal\/#breadcrumb","itemListElement":[{"@type":"ListItem","position":1,"name":"Hjem","item":"https:\/\/kunmedierne.dk\/mors\/"},{"@type":"ListItem","position":2,"name":"&#8211; Jeg ville da lyve, hvis jeg sagde, at jeg ikke regnede med en masse sp\u00f8rgsm\u00e5l"}]},{"@type":"WebSite","@id":"https:\/\/kunmedierne.dk\/mors\/#website","url":"https:\/\/kunmedierne.dk\/mors\/","name":"Mors","description":"et netmedie med journalistik om livet p\u00e5 Mors","publisher":{"@id":"https:\/\/kunmedierne.dk\/mors\/#organization"},"potentialAction":[{"@type":"SearchAction","target":{"@type":"EntryPoint","urlTemplate":"https:\/\/kunmedierne.dk\/mors\/?s={search_term_string}"},"query-input":{"@type":"PropertyValueSpecification","valueRequired":true,"valueName":"search_term_string"}}],"inLanguage":"da-DK"},{"@type":"Organization","@id":"https:\/\/kunmedierne.dk\/mors\/#organization","name":"Mors","url":"https:\/\/kunmedierne.dk\/mors\/","logo":{"@type":"ImageObject","inLanguage":"da-DK","@id":"https:\/\/kunmedierne.dk\/mors\/#\/schema\/logo\/image\/","url":"https:\/\/kunmedierne.dk\/mors\/wp-content\/uploads\/2024\/08\/kunmors-logo.svg","contentUrl":"https:\/\/kunmedierne.dk\/mors\/wp-content\/uploads\/2024\/08\/kunmors-logo.svg","caption":"Mors"},"image":{"@id":"https:\/\/kunmedierne.dk\/mors\/#\/schema\/logo\/image\/"}},{"@type":"Person","@id":"https:\/\/kunmedierne.dk\/mors\/#\/schema\/person\/5fe23251bf1d0abbcdc6f7896579d548","name":"David H\u00f8jmark","image":{"@type":"ImageObject","inLanguage":"da-DK","@id":"https:\/\/kunmedierne.dk\/mors\/#\/schema\/person\/image\/","url":"https:\/\/secure.gravatar.com\/avatar\/4315d6fb9ef244d729989f5f90268eb08d5bf8a3d84402f595fa194bb35784fd?s=96&d=mm&r=g","contentUrl":"https:\/\/secure.gravatar.com\/avatar\/4315d6fb9ef244d729989f5f90268eb08d5bf8a3d84402f595fa194bb35784fd?s=96&d=mm&r=g","caption":"David H\u00f8jmark"},"sameAs":["https:\/\/www.kunmedierne.dk"],"url":"https:\/\/kunmedierne.dk\/mors\/author\/david\/"}]}},"_links":{"self":[{"href":"https:\/\/kunmedierne.dk\/mors\/wp-json\/wp\/v2\/posts\/9140","targetHints":{"allow":["GET"]}}],"collection":[{"href":"https:\/\/kunmedierne.dk\/mors\/wp-json\/wp\/v2\/posts"}],"about":[{"href":"https:\/\/kunmedierne.dk\/mors\/wp-json\/wp\/v2\/types\/post"}],"author":[{"embeddable":true,"href":"https:\/\/kunmedierne.dk\/mors\/wp-json\/wp\/v2\/users\/8"}],"replies":[{"embeddable":true,"href":"https:\/\/kunmedierne.dk\/mors\/wp-json\/wp\/v2\/comments?post=9140"}],"version-history":[{"count":4,"href":"https:\/\/kunmedierne.dk\/mors\/wp-json\/wp\/v2\/posts\/9140\/revisions"}],"predecessor-version":[{"id":9318,"href":"https:\/\/kunmedierne.dk\/mors\/wp-json\/wp\/v2\/posts\/9140\/revisions\/9318"}],"wp:featuredmedia":[{"embeddable":true,"href":"https:\/\/kunmedierne.dk\/mors\/wp-json\/wp\/v2\/media\/9141"}],"wp:attachment":[{"href":"https:\/\/kunmedierne.dk\/mors\/wp-json\/wp\/v2\/media?parent=9140"}],"wp:term":[{"taxonomy":"category","embeddable":true,"href":"https:\/\/kunmedierne.dk\/mors\/wp-json\/wp\/v2\/categories?post=9140"},{"taxonomy":"post_tag","embeddable":true,"href":"https:\/\/kunmedierne.dk\/mors\/wp-json\/wp\/v2\/tags?post=9140"}],"curies":[{"name":"wp","href":"https:\/\/api.w.org\/{rel}","templated":true}]}}