{"id":9134,"date":"2020-02-25T11:43:27","date_gmt":"2020-02-25T10:43:27","guid":{"rendered":"https:\/\/kunmedierne.dk\/mors\/?p=9134"},"modified":"2024-08-12T14:06:26","modified_gmt":"2024-08-12T12:06:26","slug":"lidl-aabner-igen-onsdag","status":"publish","type":"post","link":"https:\/\/kunmedierne.dk\/mors\/lidl-aabner-igen-onsdag\/","title":{"rendered":"Lidl \u00e5bner igen onsdag"},"content":{"rendered":"<p><strong>NYK\u00d8BING<\/strong>: Det bliver til to dage med lukning for Lidl i Nyk\u00f8bing.<\/p>\n<p>Som omtalt i g\u00e5r m\u00e5tte dagligvarebutikken i Gr\u00f8nnegade holdet lukket, fordi der var mistanke om skadedyr. <a href=\"https:\/\/kunmedierne.dk\/mors\/to-mus-lukker-lidl\/\">To mus blev fanget<\/a>, og efter at have fulgt procedurerne med mel p\u00e5 gulvet og anden unders\u00f8gelse for flere skadedyr har det vist sig, at problemet er l\u00f8st, lyder meldingen fra Lidl Danmark.<\/p>\n<p>&#8220;Personalet har arbejdet p\u00e5 h\u00f8jtryk, og nu har de f\u00e5et elimineret skadedyrene. Nu bliver hele butikken gjort rent, og s\u00e5 \u00e5bner den igen i morgen,&#8221; siger pressechef Morten Vestberg fra Lidl Danmarks administration i Kolding.<\/p>\n<p>Han er \u00e6rgerlig over lukningen, men trods alt lettet over, at problemet blev l\u00f8st hurtigt.<\/p>\n<p>&#8220;Det er selvf\u00f8lgelig trist, n\u00e5r det er til gene for vores kunder, s\u00e5 vi er glade for at kunne \u00e5bne igen i morgen klokken otte,&#8221; siger han.<\/p>\n<p>&nbsp;<\/p>\n","protected":false},"excerpt":{"rendered":"<p>NYK\u00d8BING: Det bliver til to dage med lukning for Lidl i Nyk\u00f8bing. Som omtalt i g\u00e5r m\u00e5tte dagligvarebutikken i Gr\u00f8nnegade holdet lukket, fordi der var mistanke om skadedyr. To mus blev fanget, og efter at have fulgt procedurerne med mel p\u00e5 gulvet og anden unders\u00f8gelse for flere skadedyr har det vist sig, at problemet er [&hellip;]<\/p>\n","protected":false},"author":8,"featured_media":8951,"comment_status":"open","ping_status":"open","sticky":false,"template":"","format":"standard","meta":{"_acf_changed":false,"footnotes":""},"categories":[51],"tags":[160],"class_list":["post-9134","post","type-post","status-publish","format-standard","has-post-thumbnail","hentry","category-lokalt","tag-handel"],"acf":[],"yoast_head":"<!-- This site is optimized with the Yoast SEO plugin v26.8 - https:\/\/yoast.com\/product\/yoast-seo-wordpress\/ -->\n<title>Lidl \u00e5bner igen onsdag - Mors<\/title>\n<meta name=\"robots\" content=\"index, follow, max-snippet:-1, max-image-preview:large, max-video-preview:-1\" \/>\n<link rel=\"canonical\" href=\"https:\/\/kunmedierne.dk\/mors\/lidl-aabner-igen-onsdag\/\" \/>\n<meta property=\"og:locale\" content=\"da_DK\" \/>\n<meta property=\"og:type\" content=\"article\" \/>\n<meta property=\"og:title\" content=\"Lidl \u00e5bner igen onsdag - Mors\" \/>\n<meta property=\"og:description\" content=\"NYK\u00d8BING: Det bliver til to dage med lukning for Lidl i Nyk\u00f8bing. Som omtalt i g\u00e5r m\u00e5tte dagligvarebutikken i Gr\u00f8nnegade holdet lukket, fordi der var mistanke om skadedyr. To mus blev fanget, og efter at have fulgt procedurerne med mel p\u00e5 gulvet og anden unders\u00f8gelse for flere skadedyr har det vist sig, at problemet er [&hellip;]\" \/>\n<meta property=\"og:url\" content=\"https:\/\/kunmedierne.dk\/mors\/lidl-aabner-igen-onsdag\/\" \/>\n<meta property=\"og:site_name\" content=\"Mors\" \/>\n<meta property=\"article:published_time\" content=\"2020-02-25T10:43:27+00:00\" \/>\n<meta property=\"article:modified_time\" content=\"2024-08-12T12:06:26+00:00\" \/>\n<meta property=\"og:image\" content=\"https:\/\/kunmedierne.dk\/mors\/wp-content\/uploads\/2020\/02\/200224-lidl.jpg\" \/>\n\t<meta property=\"og:image:width\" content=\"770\" \/>\n\t<meta property=\"og:image:height\" content=\"514\" \/>\n\t<meta property=\"og:image:type\" content=\"image\/jpeg\" \/>\n<meta name=\"author\" content=\"David H\u00f8jmark\" \/>\n<meta name=\"twitter:card\" content=\"summary_large_image\" \/>\n<meta name=\"twitter:label1\" content=\"Skrevet af\" \/>\n\t<meta name=\"twitter:data1\" content=\"David H\u00f8jmark\" \/>\n\t<meta name=\"twitter:label2\" content=\"Estimeret l\u00e6setid\" \/>\n\t<meta name=\"twitter:data2\" content=\"1 minut\" \/>\n<script type=\"application\/ld+json\" class=\"yoast-schema-graph\">{\"@context\":\"https:\/\/schema.org\",\"@graph\":[{\"@type\":\"Article\",\"@id\":\"https:\/\/kunmedierne.dk\/mors\/lidl-aabner-igen-onsdag\/#article\",\"isPartOf\":{\"@id\":\"https:\/\/kunmedierne.dk\/mors\/lidl-aabner-igen-onsdag\/\"},\"author\":{\"name\":\"David H\u00f8jmark\",\"@id\":\"https:\/\/kunmedierne.dk\/mors\/#\/schema\/person\/5fe23251bf1d0abbcdc6f7896579d548\"},\"headline\":\"Lidl \u00e5bner igen onsdag\",\"datePublished\":\"2020-02-25T10:43:27+00:00\",\"dateModified\":\"2024-08-12T12:06:26+00:00\",\"mainEntityOfPage\":{\"@id\":\"https:\/\/kunmedierne.dk\/mors\/lidl-aabner-igen-onsdag\/\"},\"wordCount\":155,\"commentCount\":0,\"publisher\":{\"@id\":\"https:\/\/kunmedierne.dk\/mors\/#organization\"},\"image\":{\"@id\":\"https:\/\/kunmedierne.dk\/mors\/lidl-aabner-igen-onsdag\/#primaryimage\"},\"thumbnailUrl\":\"https:\/\/kunmedierne.dk\/mors\/wp-content\/uploads\/2020\/02\/200224-lidl.jpg\",\"keywords\":[\"Handel\"],\"articleSection\":[\"Lokalt\"],\"inLanguage\":\"da-DK\",\"potentialAction\":[{\"@type\":\"CommentAction\",\"name\":\"Comment\",\"target\":[\"https:\/\/kunmedierne.dk\/mors\/lidl-aabner-igen-onsdag\/#respond\"]}]},{\"@type\":\"WebPage\",\"@id\":\"https:\/\/kunmedierne.dk\/mors\/lidl-aabner-igen-onsdag\/\",\"url\":\"https:\/\/kunmedierne.dk\/mors\/lidl-aabner-igen-onsdag\/\",\"name\":\"Lidl \u00e5bner igen onsdag - Mors\",\"isPartOf\":{\"@id\":\"https:\/\/kunmedierne.dk\/mors\/#website\"},\"primaryImageOfPage\":{\"@id\":\"https:\/\/kunmedierne.dk\/mors\/lidl-aabner-igen-onsdag\/#primaryimage\"},\"image\":{\"@id\":\"https:\/\/kunmedierne.dk\/mors\/lidl-aabner-igen-onsdag\/#primaryimage\"},\"thumbnailUrl\":\"https:\/\/kunmedierne.dk\/mors\/wp-content\/uploads\/2020\/02\/200224-lidl.jpg\",\"datePublished\":\"2020-02-25T10:43:27+00:00\",\"dateModified\":\"2024-08-12T12:06:26+00:00\",\"breadcrumb\":{\"@id\":\"https:\/\/kunmedierne.dk\/mors\/lidl-aabner-igen-onsdag\/#breadcrumb\"},\"inLanguage\":\"da-DK\",\"potentialAction\":[{\"@type\":\"ReadAction\",\"target\":[\"https:\/\/kunmedierne.dk\/mors\/lidl-aabner-igen-onsdag\/\"]}]},{\"@type\":\"ImageObject\",\"inLanguage\":\"da-DK\",\"@id\":\"https:\/\/kunmedierne.dk\/mors\/lidl-aabner-igen-onsdag\/#primaryimage\",\"url\":\"https:\/\/kunmedierne.dk\/mors\/wp-content\/uploads\/2020\/02\/200224-lidl.jpg\",\"contentUrl\":\"https:\/\/kunmedierne.dk\/mors\/wp-content\/uploads\/2020\/02\/200224-lidl.jpg\",\"width\":770,\"height\":514,\"caption\":\"Lidl har lukket p\u00e5 grund af skadedyr. Foto: David H\u00f8jmark.\"},{\"@type\":\"BreadcrumbList\",\"@id\":\"https:\/\/kunmedierne.dk\/mors\/lidl-aabner-igen-onsdag\/#breadcrumb\",\"itemListElement\":[{\"@type\":\"ListItem\",\"position\":1,\"name\":\"Hjem\",\"item\":\"https:\/\/kunmedierne.dk\/mors\/\"},{\"@type\":\"ListItem\",\"position\":2,\"name\":\"Lidl \u00e5bner igen onsdag\"}]},{\"@type\":\"WebSite\",\"@id\":\"https:\/\/kunmedierne.dk\/mors\/#website\",\"url\":\"https:\/\/kunmedierne.dk\/mors\/\",\"name\":\"Mors\",\"description\":\"et netmedie med journalistik om livet p\u00e5 Mors\",\"publisher\":{\"@id\":\"https:\/\/kunmedierne.dk\/mors\/#organization\"},\"potentialAction\":[{\"@type\":\"SearchAction\",\"target\":{\"@type\":\"EntryPoint\",\"urlTemplate\":\"https:\/\/kunmedierne.dk\/mors\/?s={search_term_string}\"},\"query-input\":{\"@type\":\"PropertyValueSpecification\",\"valueRequired\":true,\"valueName\":\"search_term_string\"}}],\"inLanguage\":\"da-DK\"},{\"@type\":\"Organization\",\"@id\":\"https:\/\/kunmedierne.dk\/mors\/#organization\",\"name\":\"Mors\",\"url\":\"https:\/\/kunmedierne.dk\/mors\/\",\"logo\":{\"@type\":\"ImageObject\",\"inLanguage\":\"da-DK\",\"@id\":\"https:\/\/kunmedierne.dk\/mors\/#\/schema\/logo\/image\/\",\"url\":\"https:\/\/kunmedierne.dk\/mors\/wp-content\/uploads\/2024\/08\/kunmors-logo.svg\",\"contentUrl\":\"https:\/\/kunmedierne.dk\/mors\/wp-content\/uploads\/2024\/08\/kunmors-logo.svg\",\"caption\":\"Mors\"},\"image\":{\"@id\":\"https:\/\/kunmedierne.dk\/mors\/#\/schema\/logo\/image\/\"}},{\"@type\":\"Person\",\"@id\":\"https:\/\/kunmedierne.dk\/mors\/#\/schema\/person\/5fe23251bf1d0abbcdc6f7896579d548\",\"name\":\"David H\u00f8jmark\",\"image\":{\"@type\":\"ImageObject\",\"inLanguage\":\"da-DK\",\"@id\":\"https:\/\/kunmedierne.dk\/mors\/#\/schema\/person\/image\/\",\"url\":\"https:\/\/secure.gravatar.com\/avatar\/4315d6fb9ef244d729989f5f90268eb08d5bf8a3d84402f595fa194bb35784fd?s=96&d=mm&r=g\",\"contentUrl\":\"https:\/\/secure.gravatar.com\/avatar\/4315d6fb9ef244d729989f5f90268eb08d5bf8a3d84402f595fa194bb35784fd?s=96&d=mm&r=g\",\"caption\":\"David H\u00f8jmark\"},\"sameAs\":[\"https:\/\/www.kunmedierne.dk\"],\"url\":\"https:\/\/kunmedierne.dk\/mors\/author\/david\/\"}]}<\/script>\n<!-- \/ Yoast SEO plugin. -->","yoast_head_json":{"title":"Lidl \u00e5bner igen onsdag - Mors","robots":{"index":"index","follow":"follow","max-snippet":"max-snippet:-1","max-image-preview":"max-image-preview:large","max-video-preview":"max-video-preview:-1"},"canonical":"https:\/\/kunmedierne.dk\/mors\/lidl-aabner-igen-onsdag\/","og_locale":"da_DK","og_type":"article","og_title":"Lidl \u00e5bner igen onsdag - Mors","og_description":"NYK\u00d8BING: Det bliver til to dage med lukning for Lidl i Nyk\u00f8bing. Som omtalt i g\u00e5r m\u00e5tte dagligvarebutikken i Gr\u00f8nnegade holdet lukket, fordi der var mistanke om skadedyr. To mus blev fanget, og efter at have fulgt procedurerne med mel p\u00e5 gulvet og anden unders\u00f8gelse for flere skadedyr har det vist sig, at problemet er [&hellip;]","og_url":"https:\/\/kunmedierne.dk\/mors\/lidl-aabner-igen-onsdag\/","og_site_name":"Mors","article_published_time":"2020-02-25T10:43:27+00:00","article_modified_time":"2024-08-12T12:06:26+00:00","og_image":[{"width":770,"height":514,"url":"https:\/\/kunmedierne.dk\/mors\/wp-content\/uploads\/2020\/02\/200224-lidl.jpg","type":"image\/jpeg"}],"author":"David H\u00f8jmark","twitter_card":"summary_large_image","twitter_misc":{"Skrevet af":"David H\u00f8jmark","Estimeret l\u00e6setid":"1 minut"},"schema":{"@context":"https:\/\/schema.org","@graph":[{"@type":"Article","@id":"https:\/\/kunmedierne.dk\/mors\/lidl-aabner-igen-onsdag\/#article","isPartOf":{"@id":"https:\/\/kunmedierne.dk\/mors\/lidl-aabner-igen-onsdag\/"},"author":{"name":"David H\u00f8jmark","@id":"https:\/\/kunmedierne.dk\/mors\/#\/schema\/person\/5fe23251bf1d0abbcdc6f7896579d548"},"headline":"Lidl \u00e5bner igen onsdag","datePublished":"2020-02-25T10:43:27+00:00","dateModified":"2024-08-12T12:06:26+00:00","mainEntityOfPage":{"@id":"https:\/\/kunmedierne.dk\/mors\/lidl-aabner-igen-onsdag\/"},"wordCount":155,"commentCount":0,"publisher":{"@id":"https:\/\/kunmedierne.dk\/mors\/#organization"},"image":{"@id":"https:\/\/kunmedierne.dk\/mors\/lidl-aabner-igen-onsdag\/#primaryimage"},"thumbnailUrl":"https:\/\/kunmedierne.dk\/mors\/wp-content\/uploads\/2020\/02\/200224-lidl.jpg","keywords":["Handel"],"articleSection":["Lokalt"],"inLanguage":"da-DK","potentialAction":[{"@type":"CommentAction","name":"Comment","target":["https:\/\/kunmedierne.dk\/mors\/lidl-aabner-igen-onsdag\/#respond"]}]},{"@type":"WebPage","@id":"https:\/\/kunmedierne.dk\/mors\/lidl-aabner-igen-onsdag\/","url":"https:\/\/kunmedierne.dk\/mors\/lidl-aabner-igen-onsdag\/","name":"Lidl \u00e5bner igen onsdag - Mors","isPartOf":{"@id":"https:\/\/kunmedierne.dk\/mors\/#website"},"primaryImageOfPage":{"@id":"https:\/\/kunmedierne.dk\/mors\/lidl-aabner-igen-onsdag\/#primaryimage"},"image":{"@id":"https:\/\/kunmedierne.dk\/mors\/lidl-aabner-igen-onsdag\/#primaryimage"},"thumbnailUrl":"https:\/\/kunmedierne.dk\/mors\/wp-content\/uploads\/2020\/02\/200224-lidl.jpg","datePublished":"2020-02-25T10:43:27+00:00","dateModified":"2024-08-12T12:06:26+00:00","breadcrumb":{"@id":"https:\/\/kunmedierne.dk\/mors\/lidl-aabner-igen-onsdag\/#breadcrumb"},"inLanguage":"da-DK","potentialAction":[{"@type":"ReadAction","target":["https:\/\/kunmedierne.dk\/mors\/lidl-aabner-igen-onsdag\/"]}]},{"@type":"ImageObject","inLanguage":"da-DK","@id":"https:\/\/kunmedierne.dk\/mors\/lidl-aabner-igen-onsdag\/#primaryimage","url":"https:\/\/kunmedierne.dk\/mors\/wp-content\/uploads\/2020\/02\/200224-lidl.jpg","contentUrl":"https:\/\/kunmedierne.dk\/mors\/wp-content\/uploads\/2020\/02\/200224-lidl.jpg","width":770,"height":514,"caption":"Lidl har lukket p\u00e5 grund af skadedyr. Foto: David H\u00f8jmark."},{"@type":"BreadcrumbList","@id":"https:\/\/kunmedierne.dk\/mors\/lidl-aabner-igen-onsdag\/#breadcrumb","itemListElement":[{"@type":"ListItem","position":1,"name":"Hjem","item":"https:\/\/kunmedierne.dk\/mors\/"},{"@type":"ListItem","position":2,"name":"Lidl \u00e5bner igen onsdag"}]},{"@type":"WebSite","@id":"https:\/\/kunmedierne.dk\/mors\/#website","url":"https:\/\/kunmedierne.dk\/mors\/","name":"Mors","description":"et netmedie med journalistik om livet p\u00e5 Mors","publisher":{"@id":"https:\/\/kunmedierne.dk\/mors\/#organization"},"potentialAction":[{"@type":"SearchAction","target":{"@type":"EntryPoint","urlTemplate":"https:\/\/kunmedierne.dk\/mors\/?s={search_term_string}"},"query-input":{"@type":"PropertyValueSpecification","valueRequired":true,"valueName":"search_term_string"}}],"inLanguage":"da-DK"},{"@type":"Organization","@id":"https:\/\/kunmedierne.dk\/mors\/#organization","name":"Mors","url":"https:\/\/kunmedierne.dk\/mors\/","logo":{"@type":"ImageObject","inLanguage":"da-DK","@id":"https:\/\/kunmedierne.dk\/mors\/#\/schema\/logo\/image\/","url":"https:\/\/kunmedierne.dk\/mors\/wp-content\/uploads\/2024\/08\/kunmors-logo.svg","contentUrl":"https:\/\/kunmedierne.dk\/mors\/wp-content\/uploads\/2024\/08\/kunmors-logo.svg","caption":"Mors"},"image":{"@id":"https:\/\/kunmedierne.dk\/mors\/#\/schema\/logo\/image\/"}},{"@type":"Person","@id":"https:\/\/kunmedierne.dk\/mors\/#\/schema\/person\/5fe23251bf1d0abbcdc6f7896579d548","name":"David H\u00f8jmark","image":{"@type":"ImageObject","inLanguage":"da-DK","@id":"https:\/\/kunmedierne.dk\/mors\/#\/schema\/person\/image\/","url":"https:\/\/secure.gravatar.com\/avatar\/4315d6fb9ef244d729989f5f90268eb08d5bf8a3d84402f595fa194bb35784fd?s=96&d=mm&r=g","contentUrl":"https:\/\/secure.gravatar.com\/avatar\/4315d6fb9ef244d729989f5f90268eb08d5bf8a3d84402f595fa194bb35784fd?s=96&d=mm&r=g","caption":"David H\u00f8jmark"},"sameAs":["https:\/\/www.kunmedierne.dk"],"url":"https:\/\/kunmedierne.dk\/mors\/author\/david\/"}]}},"_links":{"self":[{"href":"https:\/\/kunmedierne.dk\/mors\/wp-json\/wp\/v2\/posts\/9134","targetHints":{"allow":["GET"]}}],"collection":[{"href":"https:\/\/kunmedierne.dk\/mors\/wp-json\/wp\/v2\/posts"}],"about":[{"href":"https:\/\/kunmedierne.dk\/mors\/wp-json\/wp\/v2\/types\/post"}],"author":[{"embeddable":true,"href":"https:\/\/kunmedierne.dk\/mors\/wp-json\/wp\/v2\/users\/8"}],"replies":[{"embeddable":true,"href":"https:\/\/kunmedierne.dk\/mors\/wp-json\/wp\/v2\/comments?post=9134"}],"version-history":[{"count":1,"href":"https:\/\/kunmedierne.dk\/mors\/wp-json\/wp\/v2\/posts\/9134\/revisions"}],"predecessor-version":[{"id":9135,"href":"https:\/\/kunmedierne.dk\/mors\/wp-json\/wp\/v2\/posts\/9134\/revisions\/9135"}],"wp:featuredmedia":[{"embeddable":true,"href":"https:\/\/kunmedierne.dk\/mors\/wp-json\/wp\/v2\/media\/8951"}],"wp:attachment":[{"href":"https:\/\/kunmedierne.dk\/mors\/wp-json\/wp\/v2\/media?parent=9134"}],"wp:term":[{"taxonomy":"category","embeddable":true,"href":"https:\/\/kunmedierne.dk\/mors\/wp-json\/wp\/v2\/categories?post=9134"},{"taxonomy":"post_tag","embeddable":true,"href":"https:\/\/kunmedierne.dk\/mors\/wp-json\/wp\/v2\/tags?post=9134"}],"curies":[{"name":"wp","href":"https:\/\/api.w.org\/{rel}","templated":true}]}}