{"id":90953,"date":"2023-03-17T11:01:13","date_gmt":"2023-03-17T10:01:13","guid":{"rendered":"https:\/\/kunmedierne.dk\/mors\/?p=90953"},"modified":"2024-08-12T13:18:27","modified_gmt":"2024-08-12T11:18:27","slug":"verden-vakler-men-i-froeslev-mollerup-sparekasse-gaar-det-godt","status":"publish","type":"post","link":"https:\/\/kunmedierne.dk\/mors\/verden-vakler-men-i-froeslev-mollerup-sparekasse-gaar-det-godt\/","title":{"rendered":"Verden vakler, men i Fr\u00f8slev-Mollerup Sparekasse g\u00e5r det godt"},"content":{"rendered":"<p><b><span data-contrast=\"auto\">MORS: <\/span><\/b><span data-contrast=\"auto\">I \u00e5rsrapporten 2022 for Fr\u00f8slev-Mollerup Sparekasse kan man l\u00e6se, at banken har haft en stor kundetilgang og et h\u00f8jt aktivitetsniveau i 2022. Sparekassen har sidste \u00e5r oprettet hele 447 nye kontof\u00f8rende kunder, hvilket er det st\u00f8rste antal nogensinde. Det er if\u00f8lge banken selv, meget tilfredsstillende. I f\u00f8lge sparekassens direkt\u00f8r Frank Bertelsen, s\u00e5 er der en ganske s\u00e6rlig grund til, at fremgangen har v\u00e6ret s\u00e5 stor. Han fort\u00e6ller:<\/span><span data-ccp-props=\"{&quot;201341983&quot;:0,&quot;335551550&quot;:0,&quot;335551620&quot;:0,&quot;335559739&quot;:160,&quot;335559740&quot;:259}\">\u00a0<\/span><\/p>\n<p><span data-contrast=\"auto\">&#8211; Det er min fornemmelse, at folk gerne vil bakke op om et totalt lokalt pengeinstitut. Med totalt lokalt mener jeg, at vi har alle vores fantastiske ansatte bosiddende her p\u00e5 Mors, og vi betaler vores skat i Kommunen. S\u00e5 er vi nok ogs\u00e5 synlige, fordi vi sponsorerer mange ting i lokalsamfundet. Vi bakker op om det lokale. Og endelig s\u00e5 har vi hurtige beslutningsveje. Vi skal ikke ringe til et st\u00f8rre kreditkontor for at f\u00e5 lov til ting. Vi kan tage en beslutning hurtigt. <\/span><span data-ccp-props=\"{&quot;201341983&quot;:0,&quot;335551550&quot;:0,&quot;335551620&quot;:0,&quot;335559739&quot;:160,&quot;335559740&quot;:259}\">\u00a0<\/span><\/p>\n<a class=\"dvrt-link\" onClick=\"cdmtrack_click(104779,jQuery(this));return false\" href=\"https:\/\/morsoe-begravelsesforretning.dk\/\"><img decoding=\"async\" style=\"width:100%;\" src=\"https:\/\/kunmedierne.dk\/mors\/wp-content\/uploads\/2023\/11\/251215-morsoe-begravelsesforretning.jpg\"><\/a><script>cdmtrack_view(104779);<\/script>\n<p><span data-contrast=\"auto\">Kigger man p\u00e5 bankdirekt\u00f8rens ord, s\u00e5 kunne en tese v\u00e6re, at vi rykker t\u00e6ttere sammen, n\u00e5r verden omkring os v\u00e6lter, men andre ting spiller ogs\u00e5 ind p\u00e5 bankens stabile regnskab. Bankdirekt\u00f8ren fort\u00e6ller videre:<\/span><span data-ccp-props=\"{&quot;201341983&quot;:0,&quot;335551550&quot;:0,&quot;335551620&quot;:0,&quot;335559739&quot;:160,&quot;335559740&quot;:259}\">\u00a0<\/span><\/p>\n<p><span data-contrast=\"auto\">&#8211; N\u00e5r s\u00e5dan en krise som den vi befinder os i rammer, s\u00e5 er noget af det f\u00f8rste man begynder at bekymre sig om, det er, om man mister sit arbejde. Men her hos os har vi ikke kunnet m\u00e6rke, at der har v\u00e6ret en stigning i arbejdsl\u00f8sheden p\u00e5 Mors. Arbejdsl\u00f8sheden er stadig meget lav. <\/span><span data-ccp-props=\"{&quot;201341983&quot;:0,&quot;335551550&quot;:0,&quot;335551620&quot;:0,&quot;335559739&quot;:160,&quot;335559740&quot;:259}\">\u00a0<\/span><\/p>\n<p><span data-contrast=\"auto\">De fortsat stigende renter har heller ikke umiddelbart v\u00e6ltet banken, selvom bankens udl\u00e5n er skrumpet en del.\u00a0Nogle bankkunder har omlagt deres l\u00e5n og p\u00e5 den m\u00e5de har de bragt deres\u00a0bankg\u00e6ld ned.<\/span><span data-ccp-props=\"{&quot;201341983&quot;:0,&quot;335551550&quot;:0,&quot;335551620&quot;:0,&quot;335559739&quot;:160,&quot;335559740&quot;:259}\">\u00a0<\/span><\/p>\n<p><span data-contrast=\"auto\">&#8211; Vi har i 2022 oplevet stor aktivitet p\u00e5 alle forretningsomr\u00e5der, i s\u00e6rdeleshed p\u00e5 boligomr\u00e5det hvor vores kunder har foretaget mange l\u00e5neoml\u00e6gninger. Ifm. l\u00e5neoml\u00e6gninger har mange kunder valgt at hjemtage friv\u00e6rdi som de s\u00e5 bruger til at nedbringe deres g\u00e6ld til sparekassen. Dette p\u00e5virker sparekassens samlede udl\u00e5n, men vi gl\u00e6der os over, at vores kunder opn\u00e5r en god realkreditfinansiering, siger bankdirekt\u00f8ren. <\/span><span data-ccp-props=\"{&quot;201341983&quot;:0,&quot;335551550&quot;:0,&quot;335551620&quot;:0,&quot;335559685&quot;:0,&quot;335559739&quot;:160,&quot;335559740&quot;:259}\">\u00a0<\/span><\/p>\n<a class=\"dvrt-link\" onClick=\"cdmtrack_click(104781,jQuery(this));return false\" href=\"https:\/\/www.fmspks.dk\/\"><img decoding=\"async\" style=\"width:100%;\" src=\"https:\/\/kunmedierne.dk\/mors\/wp-content\/uploads\/2022\/02\/vip-froeslev-mollerup-sparekasse.jpg\"><\/a><script>cdmtrack_view(104781);<\/script>\n<p><span data-contrast=\"auto\">Selvom bankens og kundernes \u00f8konomi ser god ud nu, s\u00e5 vil bankdirekt\u00f8ren ikke sp\u00e5 for meget om fremtiden. Han siger dog:<\/span><span data-ccp-props=\"{&quot;201341983&quot;:0,&quot;335551550&quot;:0,&quot;335551620&quot;:0,&quot;335559739&quot;:160,&quot;335559740&quot;:259}\">\u00a0<\/span><\/p>\n<p><span data-contrast=\"auto\">&#8211; Vi t\u00f8r ikke sige, hvor barskt det bliver hen over \u00e5rene, men i Fr\u00f8slev-Mollerup Sparekasse t\u00f8r vi godt v\u00e6re stille positive. I starten af krisen var vi bekymrede for de stigende energipriser, men de har heller ikke v\u00e6ltet kunderne. De fleste af vores kunder har fortsat et arbejde, og de har haft opsparinger. Og vores erhvervskunder oplever ogs\u00e5 fortsat stor ordreindgang \u2013 men vi h\u00f8rer dog nogle meldinger p\u00e5 en mindre opbremsning efter sommerferien. En ting t\u00f8r jeg dog godt love. Jeg er 99,99 procent sikker p\u00e5, at vi ikke kommer til at krakke som bankerne i USA.<\/span><span data-ccp-props=\"{&quot;201341983&quot;:0,&quot;335551550&quot;:0,&quot;335551620&quot;:0,&quot;335559739&quot;:160,&quot;335559740&quot;:259}\">\u00a0<\/span><\/p>\n<p><span data-contrast=\"auto\">Regnskabet for 2022 kan ses <\/span><a href=\"https:\/\/www.fmspks.dk\/om-os\/arsrapport-mv\/\"><span data-contrast=\"none\">her<\/span><\/a><span data-ccp-props=\"{&quot;201341983&quot;:0,&quot;335551550&quot;:0,&quot;335551620&quot;:0,&quot;335559739&quot;:160,&quot;335559740&quot;:259}\">\u00a0<\/span><\/p>\n","protected":false},"excerpt":{"rendered":"<p>MORS: I \u00e5rsrapporten 2022 for Fr\u00f8slev-Mollerup Sparekasse kan man l\u00e6se, at banken har haft en stor kundetilgang og et h\u00f8jt aktivitetsniveau i 2022. Sparekassen har sidste \u00e5r oprettet hele 447 nye kontof\u00f8rende kunder, hvilket er det st\u00f8rste antal nogensinde. Det er if\u00f8lge banken selv, meget tilfredsstillende. I f\u00f8lge sparekassens direkt\u00f8r Frank Bertelsen, s\u00e5 er der [&hellip;]<\/p>\n","protected":false},"author":2507,"featured_media":90959,"comment_status":"closed","ping_status":"open","sticky":false,"template":"","format":"standard","meta":{"_acf_changed":false,"footnotes":""},"categories":[51],"tags":[],"class_list":["post-90953","post","type-post","status-publish","format-standard","has-post-thumbnail","hentry","category-lokalt"],"acf":[],"yoast_head":"<!-- This site is optimized with the Yoast SEO plugin v26.8 - https:\/\/yoast.com\/product\/yoast-seo-wordpress\/ -->\n<title>Verden vakler, men i Fr\u00f8slev-Mollerup Sparekasse g\u00e5r det godt - Mors<\/title>\n<meta name=\"robots\" content=\"index, follow, max-snippet:-1, max-image-preview:large, max-video-preview:-1\" \/>\n<link rel=\"canonical\" href=\"https:\/\/kunmedierne.dk\/mors\/verden-vakler-men-i-froeslev-mollerup-sparekasse-gaar-det-godt\/\" \/>\n<meta property=\"og:locale\" content=\"da_DK\" \/>\n<meta property=\"og:type\" content=\"article\" \/>\n<meta property=\"og:title\" content=\"Verden vakler, men i Fr\u00f8slev-Mollerup Sparekasse g\u00e5r det godt - Mors\" \/>\n<meta property=\"og:description\" content=\"MORS: I \u00e5rsrapporten 2022 for Fr\u00f8slev-Mollerup Sparekasse kan man l\u00e6se, at banken har haft en stor kundetilgang og et h\u00f8jt aktivitetsniveau i 2022. Sparekassen har sidste \u00e5r oprettet hele 447 nye kontof\u00f8rende kunder, hvilket er det st\u00f8rste antal nogensinde. Det er if\u00f8lge banken selv, meget tilfredsstillende. I f\u00f8lge sparekassens direkt\u00f8r Frank Bertelsen, s\u00e5 er der [&hellip;]\" \/>\n<meta property=\"og:url\" content=\"https:\/\/kunmedierne.dk\/mors\/verden-vakler-men-i-froeslev-mollerup-sparekasse-gaar-det-godt\/\" \/>\n<meta property=\"og:site_name\" content=\"Mors\" \/>\n<meta property=\"article:published_time\" content=\"2023-03-17T10:01:13+00:00\" \/>\n<meta property=\"article:modified_time\" content=\"2024-08-12T11:18:27+00:00\" \/>\n<meta property=\"og:image\" content=\"https:\/\/kunmedierne.dk\/mors\/wp-content\/uploads\/2023\/03\/Froeslev-Mollerup-Saprekasse-1-scaled.jpg\" \/>\n\t<meta property=\"og:image:width\" content=\"2560\" \/>\n\t<meta property=\"og:image:height\" content=\"1707\" \/>\n\t<meta property=\"og:image:type\" content=\"image\/jpeg\" \/>\n<meta name=\"author\" content=\"Katrine Hedegaard\" \/>\n<meta name=\"twitter:card\" content=\"summary_large_image\" \/>\n<meta name=\"twitter:label1\" content=\"Skrevet af\" \/>\n\t<meta name=\"twitter:data1\" content=\"Katrine Hedegaard\" \/>\n\t<meta name=\"twitter:label2\" content=\"Estimeret l\u00e6setid\" \/>\n\t<meta name=\"twitter:data2\" content=\"3 minutter\" \/>\n<script type=\"application\/ld+json\" class=\"yoast-schema-graph\">{\"@context\":\"https:\/\/schema.org\",\"@graph\":[{\"@type\":\"Article\",\"@id\":\"https:\/\/kunmedierne.dk\/mors\/verden-vakler-men-i-froeslev-mollerup-sparekasse-gaar-det-godt\/#article\",\"isPartOf\":{\"@id\":\"https:\/\/kunmedierne.dk\/mors\/verden-vakler-men-i-froeslev-mollerup-sparekasse-gaar-det-godt\/\"},\"author\":{\"name\":\"Katrine Hedegaard\",\"@id\":\"https:\/\/kunmedierne.dk\/mors\/#\/schema\/person\/b2e62a38069b12365e53e087a8709c64\"},\"headline\":\"Verden vakler, men i Fr\u00f8slev-Mollerup Sparekasse g\u00e5r det godt\",\"datePublished\":\"2023-03-17T10:01:13+00:00\",\"dateModified\":\"2024-08-12T11:18:27+00:00\",\"mainEntityOfPage\":{\"@id\":\"https:\/\/kunmedierne.dk\/mors\/verden-vakler-men-i-froeslev-mollerup-sparekasse-gaar-det-godt\/\"},\"wordCount\":522,\"publisher\":{\"@id\":\"https:\/\/kunmedierne.dk\/mors\/#organization\"},\"image\":{\"@id\":\"https:\/\/kunmedierne.dk\/mors\/verden-vakler-men-i-froeslev-mollerup-sparekasse-gaar-det-godt\/#primaryimage\"},\"thumbnailUrl\":\"https:\/\/kunmedierne.dk\/mors\/wp-content\/uploads\/2023\/03\/Froeslev-Mollerup-Saprekasse-1-scaled.jpg\",\"articleSection\":[\"Lokalt\"],\"inLanguage\":\"da-DK\"},{\"@type\":\"WebPage\",\"@id\":\"https:\/\/kunmedierne.dk\/mors\/verden-vakler-men-i-froeslev-mollerup-sparekasse-gaar-det-godt\/\",\"url\":\"https:\/\/kunmedierne.dk\/mors\/verden-vakler-men-i-froeslev-mollerup-sparekasse-gaar-det-godt\/\",\"name\":\"Verden vakler, men i Fr\u00f8slev-Mollerup Sparekasse g\u00e5r det godt - Mors\",\"isPartOf\":{\"@id\":\"https:\/\/kunmedierne.dk\/mors\/#website\"},\"primaryImageOfPage\":{\"@id\":\"https:\/\/kunmedierne.dk\/mors\/verden-vakler-men-i-froeslev-mollerup-sparekasse-gaar-det-godt\/#primaryimage\"},\"image\":{\"@id\":\"https:\/\/kunmedierne.dk\/mors\/verden-vakler-men-i-froeslev-mollerup-sparekasse-gaar-det-godt\/#primaryimage\"},\"thumbnailUrl\":\"https:\/\/kunmedierne.dk\/mors\/wp-content\/uploads\/2023\/03\/Froeslev-Mollerup-Saprekasse-1-scaled.jpg\",\"datePublished\":\"2023-03-17T10:01:13+00:00\",\"dateModified\":\"2024-08-12T11:18:27+00:00\",\"breadcrumb\":{\"@id\":\"https:\/\/kunmedierne.dk\/mors\/verden-vakler-men-i-froeslev-mollerup-sparekasse-gaar-det-godt\/#breadcrumb\"},\"inLanguage\":\"da-DK\",\"potentialAction\":[{\"@type\":\"ReadAction\",\"target\":[\"https:\/\/kunmedierne.dk\/mors\/verden-vakler-men-i-froeslev-mollerup-sparekasse-gaar-det-godt\/\"]}]},{\"@type\":\"ImageObject\",\"inLanguage\":\"da-DK\",\"@id\":\"https:\/\/kunmedierne.dk\/mors\/verden-vakler-men-i-froeslev-mollerup-sparekasse-gaar-det-godt\/#primaryimage\",\"url\":\"https:\/\/kunmedierne.dk\/mors\/wp-content\/uploads\/2023\/03\/Froeslev-Mollerup-Saprekasse-1-scaled.jpg\",\"contentUrl\":\"https:\/\/kunmedierne.dk\/mors\/wp-content\/uploads\/2023\/03\/Froeslev-Mollerup-Saprekasse-1-scaled.jpg\",\"width\":2560,\"height\":1707},{\"@type\":\"BreadcrumbList\",\"@id\":\"https:\/\/kunmedierne.dk\/mors\/verden-vakler-men-i-froeslev-mollerup-sparekasse-gaar-det-godt\/#breadcrumb\",\"itemListElement\":[{\"@type\":\"ListItem\",\"position\":1,\"name\":\"Hjem\",\"item\":\"https:\/\/kunmedierne.dk\/mors\/\"},{\"@type\":\"ListItem\",\"position\":2,\"name\":\"Verden vakler, men i Fr\u00f8slev-Mollerup Sparekasse g\u00e5r det godt\"}]},{\"@type\":\"WebSite\",\"@id\":\"https:\/\/kunmedierne.dk\/mors\/#website\",\"url\":\"https:\/\/kunmedierne.dk\/mors\/\",\"name\":\"Mors\",\"description\":\"et netmedie med journalistik om livet p\u00e5 Mors\",\"publisher\":{\"@id\":\"https:\/\/kunmedierne.dk\/mors\/#organization\"},\"potentialAction\":[{\"@type\":\"SearchAction\",\"target\":{\"@type\":\"EntryPoint\",\"urlTemplate\":\"https:\/\/kunmedierne.dk\/mors\/?s={search_term_string}\"},\"query-input\":{\"@type\":\"PropertyValueSpecification\",\"valueRequired\":true,\"valueName\":\"search_term_string\"}}],\"inLanguage\":\"da-DK\"},{\"@type\":\"Organization\",\"@id\":\"https:\/\/kunmedierne.dk\/mors\/#organization\",\"name\":\"Mors\",\"url\":\"https:\/\/kunmedierne.dk\/mors\/\",\"logo\":{\"@type\":\"ImageObject\",\"inLanguage\":\"da-DK\",\"@id\":\"https:\/\/kunmedierne.dk\/mors\/#\/schema\/logo\/image\/\",\"url\":\"https:\/\/kunmedierne.dk\/mors\/wp-content\/uploads\/2024\/08\/kunmors-logo.svg\",\"contentUrl\":\"https:\/\/kunmedierne.dk\/mors\/wp-content\/uploads\/2024\/08\/kunmors-logo.svg\",\"caption\":\"Mors\"},\"image\":{\"@id\":\"https:\/\/kunmedierne.dk\/mors\/#\/schema\/logo\/image\/\"}},{\"@type\":\"Person\",\"@id\":\"https:\/\/kunmedierne.dk\/mors\/#\/schema\/person\/b2e62a38069b12365e53e087a8709c64\",\"name\":\"Katrine Hedegaard\",\"image\":{\"@type\":\"ImageObject\",\"inLanguage\":\"da-DK\",\"@id\":\"https:\/\/kunmedierne.dk\/mors\/#\/schema\/person\/image\/\",\"url\":\"https:\/\/secure.gravatar.com\/avatar\/18a5c72fa9148052fd3ed5a58b40fc83cfdc9811090e6e6eec9539af058edcc0?s=96&d=mm&r=g\",\"contentUrl\":\"https:\/\/secure.gravatar.com\/avatar\/18a5c72fa9148052fd3ed5a58b40fc83cfdc9811090e6e6eec9539af058edcc0?s=96&d=mm&r=g\",\"caption\":\"Katrine Hedegaard\"},\"url\":\"https:\/\/kunmedierne.dk\/mors\/author\/katrine\/\"}]}<\/script>\n<!-- \/ Yoast SEO plugin. -->","yoast_head_json":{"title":"Verden vakler, men i Fr\u00f8slev-Mollerup Sparekasse g\u00e5r det godt - Mors","robots":{"index":"index","follow":"follow","max-snippet":"max-snippet:-1","max-image-preview":"max-image-preview:large","max-video-preview":"max-video-preview:-1"},"canonical":"https:\/\/kunmedierne.dk\/mors\/verden-vakler-men-i-froeslev-mollerup-sparekasse-gaar-det-godt\/","og_locale":"da_DK","og_type":"article","og_title":"Verden vakler, men i Fr\u00f8slev-Mollerup Sparekasse g\u00e5r det godt - Mors","og_description":"MORS: I \u00e5rsrapporten 2022 for Fr\u00f8slev-Mollerup Sparekasse kan man l\u00e6se, at banken har haft en stor kundetilgang og et h\u00f8jt aktivitetsniveau i 2022. Sparekassen har sidste \u00e5r oprettet hele 447 nye kontof\u00f8rende kunder, hvilket er det st\u00f8rste antal nogensinde. Det er if\u00f8lge banken selv, meget tilfredsstillende. I f\u00f8lge sparekassens direkt\u00f8r Frank Bertelsen, s\u00e5 er der [&hellip;]","og_url":"https:\/\/kunmedierne.dk\/mors\/verden-vakler-men-i-froeslev-mollerup-sparekasse-gaar-det-godt\/","og_site_name":"Mors","article_published_time":"2023-03-17T10:01:13+00:00","article_modified_time":"2024-08-12T11:18:27+00:00","og_image":[{"width":2560,"height":1707,"url":"https:\/\/kunmedierne.dk\/mors\/wp-content\/uploads\/2023\/03\/Froeslev-Mollerup-Saprekasse-1-scaled.jpg","type":"image\/jpeg"}],"author":"Katrine Hedegaard","twitter_card":"summary_large_image","twitter_misc":{"Skrevet af":"Katrine Hedegaard","Estimeret l\u00e6setid":"3 minutter"},"schema":{"@context":"https:\/\/schema.org","@graph":[{"@type":"Article","@id":"https:\/\/kunmedierne.dk\/mors\/verden-vakler-men-i-froeslev-mollerup-sparekasse-gaar-det-godt\/#article","isPartOf":{"@id":"https:\/\/kunmedierne.dk\/mors\/verden-vakler-men-i-froeslev-mollerup-sparekasse-gaar-det-godt\/"},"author":{"name":"Katrine Hedegaard","@id":"https:\/\/kunmedierne.dk\/mors\/#\/schema\/person\/b2e62a38069b12365e53e087a8709c64"},"headline":"Verden vakler, men i Fr\u00f8slev-Mollerup Sparekasse g\u00e5r det godt","datePublished":"2023-03-17T10:01:13+00:00","dateModified":"2024-08-12T11:18:27+00:00","mainEntityOfPage":{"@id":"https:\/\/kunmedierne.dk\/mors\/verden-vakler-men-i-froeslev-mollerup-sparekasse-gaar-det-godt\/"},"wordCount":522,"publisher":{"@id":"https:\/\/kunmedierne.dk\/mors\/#organization"},"image":{"@id":"https:\/\/kunmedierne.dk\/mors\/verden-vakler-men-i-froeslev-mollerup-sparekasse-gaar-det-godt\/#primaryimage"},"thumbnailUrl":"https:\/\/kunmedierne.dk\/mors\/wp-content\/uploads\/2023\/03\/Froeslev-Mollerup-Saprekasse-1-scaled.jpg","articleSection":["Lokalt"],"inLanguage":"da-DK"},{"@type":"WebPage","@id":"https:\/\/kunmedierne.dk\/mors\/verden-vakler-men-i-froeslev-mollerup-sparekasse-gaar-det-godt\/","url":"https:\/\/kunmedierne.dk\/mors\/verden-vakler-men-i-froeslev-mollerup-sparekasse-gaar-det-godt\/","name":"Verden vakler, men i Fr\u00f8slev-Mollerup Sparekasse g\u00e5r det godt - Mors","isPartOf":{"@id":"https:\/\/kunmedierne.dk\/mors\/#website"},"primaryImageOfPage":{"@id":"https:\/\/kunmedierne.dk\/mors\/verden-vakler-men-i-froeslev-mollerup-sparekasse-gaar-det-godt\/#primaryimage"},"image":{"@id":"https:\/\/kunmedierne.dk\/mors\/verden-vakler-men-i-froeslev-mollerup-sparekasse-gaar-det-godt\/#primaryimage"},"thumbnailUrl":"https:\/\/kunmedierne.dk\/mors\/wp-content\/uploads\/2023\/03\/Froeslev-Mollerup-Saprekasse-1-scaled.jpg","datePublished":"2023-03-17T10:01:13+00:00","dateModified":"2024-08-12T11:18:27+00:00","breadcrumb":{"@id":"https:\/\/kunmedierne.dk\/mors\/verden-vakler-men-i-froeslev-mollerup-sparekasse-gaar-det-godt\/#breadcrumb"},"inLanguage":"da-DK","potentialAction":[{"@type":"ReadAction","target":["https:\/\/kunmedierne.dk\/mors\/verden-vakler-men-i-froeslev-mollerup-sparekasse-gaar-det-godt\/"]}]},{"@type":"ImageObject","inLanguage":"da-DK","@id":"https:\/\/kunmedierne.dk\/mors\/verden-vakler-men-i-froeslev-mollerup-sparekasse-gaar-det-godt\/#primaryimage","url":"https:\/\/kunmedierne.dk\/mors\/wp-content\/uploads\/2023\/03\/Froeslev-Mollerup-Saprekasse-1-scaled.jpg","contentUrl":"https:\/\/kunmedierne.dk\/mors\/wp-content\/uploads\/2023\/03\/Froeslev-Mollerup-Saprekasse-1-scaled.jpg","width":2560,"height":1707},{"@type":"BreadcrumbList","@id":"https:\/\/kunmedierne.dk\/mors\/verden-vakler-men-i-froeslev-mollerup-sparekasse-gaar-det-godt\/#breadcrumb","itemListElement":[{"@type":"ListItem","position":1,"name":"Hjem","item":"https:\/\/kunmedierne.dk\/mors\/"},{"@type":"ListItem","position":2,"name":"Verden vakler, men i Fr\u00f8slev-Mollerup Sparekasse g\u00e5r det godt"}]},{"@type":"WebSite","@id":"https:\/\/kunmedierne.dk\/mors\/#website","url":"https:\/\/kunmedierne.dk\/mors\/","name":"Mors","description":"et netmedie med journalistik om livet p\u00e5 Mors","publisher":{"@id":"https:\/\/kunmedierne.dk\/mors\/#organization"},"potentialAction":[{"@type":"SearchAction","target":{"@type":"EntryPoint","urlTemplate":"https:\/\/kunmedierne.dk\/mors\/?s={search_term_string}"},"query-input":{"@type":"PropertyValueSpecification","valueRequired":true,"valueName":"search_term_string"}}],"inLanguage":"da-DK"},{"@type":"Organization","@id":"https:\/\/kunmedierne.dk\/mors\/#organization","name":"Mors","url":"https:\/\/kunmedierne.dk\/mors\/","logo":{"@type":"ImageObject","inLanguage":"da-DK","@id":"https:\/\/kunmedierne.dk\/mors\/#\/schema\/logo\/image\/","url":"https:\/\/kunmedierne.dk\/mors\/wp-content\/uploads\/2024\/08\/kunmors-logo.svg","contentUrl":"https:\/\/kunmedierne.dk\/mors\/wp-content\/uploads\/2024\/08\/kunmors-logo.svg","caption":"Mors"},"image":{"@id":"https:\/\/kunmedierne.dk\/mors\/#\/schema\/logo\/image\/"}},{"@type":"Person","@id":"https:\/\/kunmedierne.dk\/mors\/#\/schema\/person\/b2e62a38069b12365e53e087a8709c64","name":"Katrine Hedegaard","image":{"@type":"ImageObject","inLanguage":"da-DK","@id":"https:\/\/kunmedierne.dk\/mors\/#\/schema\/person\/image\/","url":"https:\/\/secure.gravatar.com\/avatar\/18a5c72fa9148052fd3ed5a58b40fc83cfdc9811090e6e6eec9539af058edcc0?s=96&d=mm&r=g","contentUrl":"https:\/\/secure.gravatar.com\/avatar\/18a5c72fa9148052fd3ed5a58b40fc83cfdc9811090e6e6eec9539af058edcc0?s=96&d=mm&r=g","caption":"Katrine Hedegaard"},"url":"https:\/\/kunmedierne.dk\/mors\/author\/katrine\/"}]}},"_links":{"self":[{"href":"https:\/\/kunmedierne.dk\/mors\/wp-json\/wp\/v2\/posts\/90953","targetHints":{"allow":["GET"]}}],"collection":[{"href":"https:\/\/kunmedierne.dk\/mors\/wp-json\/wp\/v2\/posts"}],"about":[{"href":"https:\/\/kunmedierne.dk\/mors\/wp-json\/wp\/v2\/types\/post"}],"author":[{"embeddable":true,"href":"https:\/\/kunmedierne.dk\/mors\/wp-json\/wp\/v2\/users\/2507"}],"replies":[{"embeddable":true,"href":"https:\/\/kunmedierne.dk\/mors\/wp-json\/wp\/v2\/comments?post=90953"}],"version-history":[{"count":7,"href":"https:\/\/kunmedierne.dk\/mors\/wp-json\/wp\/v2\/posts\/90953\/revisions"}],"predecessor-version":[{"id":90962,"href":"https:\/\/kunmedierne.dk\/mors\/wp-json\/wp\/v2\/posts\/90953\/revisions\/90962"}],"wp:featuredmedia":[{"embeddable":true,"href":"https:\/\/kunmedierne.dk\/mors\/wp-json\/wp\/v2\/media\/90959"}],"wp:attachment":[{"href":"https:\/\/kunmedierne.dk\/mors\/wp-json\/wp\/v2\/media?parent=90953"}],"wp:term":[{"taxonomy":"category","embeddable":true,"href":"https:\/\/kunmedierne.dk\/mors\/wp-json\/wp\/v2\/categories?post=90953"},{"taxonomy":"post_tag","embeddable":true,"href":"https:\/\/kunmedierne.dk\/mors\/wp-json\/wp\/v2\/tags?post=90953"}],"curies":[{"name":"wp","href":"https:\/\/api.w.org\/{rel}","templated":true}]}}