{"id":9064,"date":"2020-02-25T08:50:20","date_gmt":"2020-02-25T07:50:20","guid":{"rendered":"https:\/\/kunmedierne.dk\/mors\/?p=9064"},"modified":"2024-08-12T14:06:26","modified_gmt":"2024-08-12T12:06:26","slug":"euc-nordvest-praesenterer-nyt-uddannelsestilbud","status":"publish","type":"post","link":"https:\/\/kunmedierne.dk\/mors\/euc-nordvest-praesenterer-nyt-uddannelsestilbud\/","title":{"rendered":"EUC Nordvest pr\u00e6senterer nyt uddannelsestilbud"},"content":{"rendered":"<p><strong>NYK\u00d8BING<\/strong>: Et nyt introforl\u00f8b p\u00e5 EUC Nordvest skal v\u00e6re med til at s\u00e6nke frafaldet.<\/p>\n<p>Det nye forl\u00f8b hedder GF+ og str\u00e6kker sig over 10 uger. Det er specifikt m\u00e5lrettet unge og voksne, som har behov for opkvalificering eller afklaring, f\u00f8r de begynder en erhvervsuddannelse. Og if\u00f8lge Marianne Svenningsen, afdelingsleder ved EUC Nordvest, vil det nye forl\u00f8b v\u00e6re med til at sikre en god start p\u00e5 uddannelsen.<\/p>\n<p>Hun p\u00e5peger, at hvis det er mere end to \u00e5r siden, man har f\u00e6rdiggjort sin grundskole, kan man ikke blive optaget p\u00e5 Grundforl\u00f8b 1, men har v\u00e6ret tvunget til at starte direkte p\u00e5 Grundforl\u00f8b 2.<\/p>\n<p>&#8220;Og\u00a0mens det har v\u00e6ret helt fint for dele af m\u00e5lgruppen, har det for andre v\u00e6ret en k\u00e6mpe udfordring. For n\u00e5r det er l\u00e6nge siden, man har g\u00e5et i skole, kan det godt v\u00e6re lidt af en mundfuld at skulle springe direkte ind p\u00e5 GF2. Her har vi manglet et tilbud, der kan kl\u00e6de m\u00e5lgruppen godt p\u00e5 til at skulle p\u00e5 skoleb\u00e6nken igen. Det er noget, som b\u00e5de vi og jobcentrene har efterlyst l\u00e6nge, og med GF+ bliver det nu indfriet,&#8221; siger hun.<\/p>\n<p>Frafaldsstatistikkerne for erhvervsuddannelserne viser et klart m\u00f8nster: Det ubetinget st\u00f8rste frafald kan tilskrives de elever, der ikke har gennemf\u00f8rt Grundforl\u00f8b 1. Nu er h\u00e5bet, at GF+ bliver et afklarende og opkvalificerede undervisningsforl\u00f8b, der dels skal g\u00f8re m\u00e5lgruppen klogere p\u00e5 de mange muligheder inden for erhvervsuddannelserne, og dels skal bidrage til at opkvalificere m\u00e5lgruppens almene og erhvervsfaglige kompetencer.<\/p>\n<p>&nbsp;<\/p>\n<p><strong>Interesser bliver afpr\u00f8vet<\/strong><\/p>\n<p>P\u00e5 EUC Nordvest kan man v\u00e6lge mellem tre forskellige fagretninger:<\/p>\n<p>1) Teknologi, Byggeri og Transport (smed, mekaniker, industritekniker, t\u00f8mrer, smed, elektriker og chauff\u00f8r m.fl.)<\/p>\n<p>2) Nordic Food College\/Mors\u00f8 Landbrugsskole &amp; Culinary (landmand, anl\u00e6gsgartner, ern\u00e6ringsassistent, bager, gastronom og detailslagter m.fl.)<\/p>\n<p>3) EUD Business (handel, kontor og detail).<\/p>\n<p>If\u00f8lge Marianne Svenningsen peger alle tre retninger imod en faglig profil.<\/p>\n<p>&#8220;S\u00e5ledes er intentionen, at m\u00e5lgruppen f\u00e5r afpr\u00f8vet sine interesser inden for en specifik fagretning, inden de skal tage det endelige valg af erhvervsuddannelse. Hele forl\u00f8bet afsluttes med en personlig samtale og vejledning, der skal sikre, at deltagerne f\u00e5r valgt netop d\u00e9n erhvervsuddannelse, der matcher deres dr\u00f8mme, ambitioner og kompetencer bedst. S\u00e5ledes vil GF+ v\u00e6re et rigtig godt og kvalificeret springbr\u00e6t til erhvervsuddannelserne,&#8221; siger Marianne Svenningsen.<\/p>\n<p>EUC Nordvest vil udbyde GF+ to gange \u00e5rligt, og forl\u00f8bene vil v\u00e6re planlagt, s\u00e5 det passer med, at man kan forts\u00e6tte direkte videre p\u00e5 GF2 umiddelbart efter, at man har gennemf\u00f8rt GF+. F\u00f8rste forl\u00f8b vil v\u00e6re med opstart i uge 16, mens n\u00e6ste forl\u00f8b forventes at v\u00e6re med opstart i uge 43.<\/p>\n<p>Forl\u00f8bet er SU-berettiget, og tilmelding sker via www.optagelse.dk.<\/p>\n","protected":false},"excerpt":{"rendered":"<p>NYK\u00d8BING: Et nyt introforl\u00f8b p\u00e5 EUC Nordvest skal v\u00e6re med til at s\u00e6nke frafaldet. Det nye forl\u00f8b hedder GF+ og str\u00e6kker sig over 10 uger. Det er specifikt m\u00e5lrettet unge og voksne, som har behov for opkvalificering eller afklaring, f\u00f8r de begynder en erhvervsuddannelse. Og if\u00f8lge Marianne Svenningsen, afdelingsleder ved EUC Nordvest, vil det nye [&hellip;]<\/p>\n","protected":false},"author":8,"featured_media":9075,"comment_status":"open","ping_status":"open","sticky":false,"template":"","format":"standard","meta":{"_acf_changed":false,"footnotes":""},"categories":[51],"tags":[170],"class_list":["post-9064","post","type-post","status-publish","format-standard","has-post-thumbnail","hentry","category-lokalt","tag-uddannelse"],"acf":[],"yoast_head":"<!-- This site is optimized with the Yoast SEO plugin v26.8 - https:\/\/yoast.com\/product\/yoast-seo-wordpress\/ -->\n<title>EUC Nordvest pr\u00e6senterer nyt uddannelsestilbud - Mors<\/title>\n<meta name=\"robots\" content=\"index, follow, max-snippet:-1, max-image-preview:large, max-video-preview:-1\" \/>\n<link rel=\"canonical\" href=\"https:\/\/kunmedierne.dk\/mors\/euc-nordvest-praesenterer-nyt-uddannelsestilbud\/\" \/>\n<meta property=\"og:locale\" content=\"da_DK\" \/>\n<meta property=\"og:type\" content=\"article\" \/>\n<meta property=\"og:title\" content=\"EUC Nordvest pr\u00e6senterer nyt uddannelsestilbud - Mors\" \/>\n<meta property=\"og:description\" content=\"NYK\u00d8BING: Et nyt introforl\u00f8b p\u00e5 EUC Nordvest skal v\u00e6re med til at s\u00e6nke frafaldet. Det nye forl\u00f8b hedder GF+ og str\u00e6kker sig over 10 uger. Det er specifikt m\u00e5lrettet unge og voksne, som har behov for opkvalificering eller afklaring, f\u00f8r de begynder en erhvervsuddannelse. Og if\u00f8lge Marianne Svenningsen, afdelingsleder ved EUC Nordvest, vil det nye [&hellip;]\" \/>\n<meta property=\"og:url\" content=\"https:\/\/kunmedierne.dk\/mors\/euc-nordvest-praesenterer-nyt-uddannelsestilbud\/\" \/>\n<meta property=\"og:site_name\" content=\"Mors\" \/>\n<meta property=\"article:published_time\" content=\"2020-02-25T07:50:20+00:00\" \/>\n<meta property=\"article:modified_time\" content=\"2024-08-12T12:06:26+00:00\" \/>\n<meta property=\"og:image\" content=\"https:\/\/kunmedierne.dk\/mors\/wp-content\/uploads\/2020\/02\/200225-euc-marianne-svenningsen.jpg\" \/>\n\t<meta property=\"og:image:width\" content=\"770\" \/>\n\t<meta property=\"og:image:height\" content=\"507\" \/>\n\t<meta property=\"og:image:type\" content=\"image\/jpeg\" \/>\n<meta name=\"author\" content=\"David H\u00f8jmark\" \/>\n<meta name=\"twitter:card\" content=\"summary_large_image\" \/>\n<meta name=\"twitter:label1\" content=\"Skrevet af\" \/>\n\t<meta name=\"twitter:data1\" content=\"David H\u00f8jmark\" \/>\n\t<meta name=\"twitter:label2\" content=\"Estimeret l\u00e6setid\" \/>\n\t<meta name=\"twitter:data2\" content=\"2 minutter\" \/>\n<script type=\"application\/ld+json\" class=\"yoast-schema-graph\">{\"@context\":\"https:\/\/schema.org\",\"@graph\":[{\"@type\":\"Article\",\"@id\":\"https:\/\/kunmedierne.dk\/mors\/euc-nordvest-praesenterer-nyt-uddannelsestilbud\/#article\",\"isPartOf\":{\"@id\":\"https:\/\/kunmedierne.dk\/mors\/euc-nordvest-praesenterer-nyt-uddannelsestilbud\/\"},\"author\":{\"name\":\"David H\u00f8jmark\",\"@id\":\"https:\/\/kunmedierne.dk\/mors\/#\/schema\/person\/5fe23251bf1d0abbcdc6f7896579d548\"},\"headline\":\"EUC Nordvest pr\u00e6senterer nyt uddannelsestilbud\",\"datePublished\":\"2020-02-25T07:50:20+00:00\",\"dateModified\":\"2024-08-12T12:06:26+00:00\",\"mainEntityOfPage\":{\"@id\":\"https:\/\/kunmedierne.dk\/mors\/euc-nordvest-praesenterer-nyt-uddannelsestilbud\/\"},\"wordCount\":496,\"commentCount\":0,\"publisher\":{\"@id\":\"https:\/\/kunmedierne.dk\/mors\/#organization\"},\"image\":{\"@id\":\"https:\/\/kunmedierne.dk\/mors\/euc-nordvest-praesenterer-nyt-uddannelsestilbud\/#primaryimage\"},\"thumbnailUrl\":\"https:\/\/kunmedierne.dk\/mors\/wp-content\/uploads\/2020\/02\/200225-euc-marianne-svenningsen.jpg\",\"keywords\":[\"Skoler og uddannelse\"],\"articleSection\":[\"Lokalt\"],\"inLanguage\":\"da-DK\",\"potentialAction\":[{\"@type\":\"CommentAction\",\"name\":\"Comment\",\"target\":[\"https:\/\/kunmedierne.dk\/mors\/euc-nordvest-praesenterer-nyt-uddannelsestilbud\/#respond\"]}]},{\"@type\":\"WebPage\",\"@id\":\"https:\/\/kunmedierne.dk\/mors\/euc-nordvest-praesenterer-nyt-uddannelsestilbud\/\",\"url\":\"https:\/\/kunmedierne.dk\/mors\/euc-nordvest-praesenterer-nyt-uddannelsestilbud\/\",\"name\":\"EUC Nordvest pr\u00e6senterer nyt uddannelsestilbud - Mors\",\"isPartOf\":{\"@id\":\"https:\/\/kunmedierne.dk\/mors\/#website\"},\"primaryImageOfPage\":{\"@id\":\"https:\/\/kunmedierne.dk\/mors\/euc-nordvest-praesenterer-nyt-uddannelsestilbud\/#primaryimage\"},\"image\":{\"@id\":\"https:\/\/kunmedierne.dk\/mors\/euc-nordvest-praesenterer-nyt-uddannelsestilbud\/#primaryimage\"},\"thumbnailUrl\":\"https:\/\/kunmedierne.dk\/mors\/wp-content\/uploads\/2020\/02\/200225-euc-marianne-svenningsen.jpg\",\"datePublished\":\"2020-02-25T07:50:20+00:00\",\"dateModified\":\"2024-08-12T12:06:26+00:00\",\"breadcrumb\":{\"@id\":\"https:\/\/kunmedierne.dk\/mors\/euc-nordvest-praesenterer-nyt-uddannelsestilbud\/#breadcrumb\"},\"inLanguage\":\"da-DK\",\"potentialAction\":[{\"@type\":\"ReadAction\",\"target\":[\"https:\/\/kunmedierne.dk\/mors\/euc-nordvest-praesenterer-nyt-uddannelsestilbud\/\"]}]},{\"@type\":\"ImageObject\",\"inLanguage\":\"da-DK\",\"@id\":\"https:\/\/kunmedierne.dk\/mors\/euc-nordvest-praesenterer-nyt-uddannelsestilbud\/#primaryimage\",\"url\":\"https:\/\/kunmedierne.dk\/mors\/wp-content\/uploads\/2020\/02\/200225-euc-marianne-svenningsen.jpg\",\"contentUrl\":\"https:\/\/kunmedierne.dk\/mors\/wp-content\/uploads\/2020\/02\/200225-euc-marianne-svenningsen.jpg\",\"width\":770,\"height\":507,\"caption\":\"Marianne Svenningsen, afdelingsleder p\u00e5 EUC Nordvest. Foto: EUC Nordvest.\"},{\"@type\":\"BreadcrumbList\",\"@id\":\"https:\/\/kunmedierne.dk\/mors\/euc-nordvest-praesenterer-nyt-uddannelsestilbud\/#breadcrumb\",\"itemListElement\":[{\"@type\":\"ListItem\",\"position\":1,\"name\":\"Hjem\",\"item\":\"https:\/\/kunmedierne.dk\/mors\/\"},{\"@type\":\"ListItem\",\"position\":2,\"name\":\"EUC Nordvest pr\u00e6senterer nyt uddannelsestilbud\"}]},{\"@type\":\"WebSite\",\"@id\":\"https:\/\/kunmedierne.dk\/mors\/#website\",\"url\":\"https:\/\/kunmedierne.dk\/mors\/\",\"name\":\"Mors\",\"description\":\"et netmedie med journalistik om livet p\u00e5 Mors\",\"publisher\":{\"@id\":\"https:\/\/kunmedierne.dk\/mors\/#organization\"},\"potentialAction\":[{\"@type\":\"SearchAction\",\"target\":{\"@type\":\"EntryPoint\",\"urlTemplate\":\"https:\/\/kunmedierne.dk\/mors\/?s={search_term_string}\"},\"query-input\":{\"@type\":\"PropertyValueSpecification\",\"valueRequired\":true,\"valueName\":\"search_term_string\"}}],\"inLanguage\":\"da-DK\"},{\"@type\":\"Organization\",\"@id\":\"https:\/\/kunmedierne.dk\/mors\/#organization\",\"name\":\"Mors\",\"url\":\"https:\/\/kunmedierne.dk\/mors\/\",\"logo\":{\"@type\":\"ImageObject\",\"inLanguage\":\"da-DK\",\"@id\":\"https:\/\/kunmedierne.dk\/mors\/#\/schema\/logo\/image\/\",\"url\":\"https:\/\/kunmedierne.dk\/mors\/wp-content\/uploads\/2024\/08\/kunmors-logo.svg\",\"contentUrl\":\"https:\/\/kunmedierne.dk\/mors\/wp-content\/uploads\/2024\/08\/kunmors-logo.svg\",\"caption\":\"Mors\"},\"image\":{\"@id\":\"https:\/\/kunmedierne.dk\/mors\/#\/schema\/logo\/image\/\"}},{\"@type\":\"Person\",\"@id\":\"https:\/\/kunmedierne.dk\/mors\/#\/schema\/person\/5fe23251bf1d0abbcdc6f7896579d548\",\"name\":\"David H\u00f8jmark\",\"image\":{\"@type\":\"ImageObject\",\"inLanguage\":\"da-DK\",\"@id\":\"https:\/\/kunmedierne.dk\/mors\/#\/schema\/person\/image\/\",\"url\":\"https:\/\/secure.gravatar.com\/avatar\/4315d6fb9ef244d729989f5f90268eb08d5bf8a3d84402f595fa194bb35784fd?s=96&d=mm&r=g\",\"contentUrl\":\"https:\/\/secure.gravatar.com\/avatar\/4315d6fb9ef244d729989f5f90268eb08d5bf8a3d84402f595fa194bb35784fd?s=96&d=mm&r=g\",\"caption\":\"David H\u00f8jmark\"},\"sameAs\":[\"https:\/\/www.kunmedierne.dk\"],\"url\":\"https:\/\/kunmedierne.dk\/mors\/author\/david\/\"}]}<\/script>\n<!-- \/ Yoast SEO plugin. -->","yoast_head_json":{"title":"EUC Nordvest pr\u00e6senterer nyt uddannelsestilbud - Mors","robots":{"index":"index","follow":"follow","max-snippet":"max-snippet:-1","max-image-preview":"max-image-preview:large","max-video-preview":"max-video-preview:-1"},"canonical":"https:\/\/kunmedierne.dk\/mors\/euc-nordvest-praesenterer-nyt-uddannelsestilbud\/","og_locale":"da_DK","og_type":"article","og_title":"EUC Nordvest pr\u00e6senterer nyt uddannelsestilbud - Mors","og_description":"NYK\u00d8BING: Et nyt introforl\u00f8b p\u00e5 EUC Nordvest skal v\u00e6re med til at s\u00e6nke frafaldet. Det nye forl\u00f8b hedder GF+ og str\u00e6kker sig over 10 uger. Det er specifikt m\u00e5lrettet unge og voksne, som har behov for opkvalificering eller afklaring, f\u00f8r de begynder en erhvervsuddannelse. Og if\u00f8lge Marianne Svenningsen, afdelingsleder ved EUC Nordvest, vil det nye [&hellip;]","og_url":"https:\/\/kunmedierne.dk\/mors\/euc-nordvest-praesenterer-nyt-uddannelsestilbud\/","og_site_name":"Mors","article_published_time":"2020-02-25T07:50:20+00:00","article_modified_time":"2024-08-12T12:06:26+00:00","og_image":[{"width":770,"height":507,"url":"https:\/\/kunmedierne.dk\/mors\/wp-content\/uploads\/2020\/02\/200225-euc-marianne-svenningsen.jpg","type":"image\/jpeg"}],"author":"David H\u00f8jmark","twitter_card":"summary_large_image","twitter_misc":{"Skrevet af":"David H\u00f8jmark","Estimeret l\u00e6setid":"2 minutter"},"schema":{"@context":"https:\/\/schema.org","@graph":[{"@type":"Article","@id":"https:\/\/kunmedierne.dk\/mors\/euc-nordvest-praesenterer-nyt-uddannelsestilbud\/#article","isPartOf":{"@id":"https:\/\/kunmedierne.dk\/mors\/euc-nordvest-praesenterer-nyt-uddannelsestilbud\/"},"author":{"name":"David H\u00f8jmark","@id":"https:\/\/kunmedierne.dk\/mors\/#\/schema\/person\/5fe23251bf1d0abbcdc6f7896579d548"},"headline":"EUC Nordvest pr\u00e6senterer nyt uddannelsestilbud","datePublished":"2020-02-25T07:50:20+00:00","dateModified":"2024-08-12T12:06:26+00:00","mainEntityOfPage":{"@id":"https:\/\/kunmedierne.dk\/mors\/euc-nordvest-praesenterer-nyt-uddannelsestilbud\/"},"wordCount":496,"commentCount":0,"publisher":{"@id":"https:\/\/kunmedierne.dk\/mors\/#organization"},"image":{"@id":"https:\/\/kunmedierne.dk\/mors\/euc-nordvest-praesenterer-nyt-uddannelsestilbud\/#primaryimage"},"thumbnailUrl":"https:\/\/kunmedierne.dk\/mors\/wp-content\/uploads\/2020\/02\/200225-euc-marianne-svenningsen.jpg","keywords":["Skoler og uddannelse"],"articleSection":["Lokalt"],"inLanguage":"da-DK","potentialAction":[{"@type":"CommentAction","name":"Comment","target":["https:\/\/kunmedierne.dk\/mors\/euc-nordvest-praesenterer-nyt-uddannelsestilbud\/#respond"]}]},{"@type":"WebPage","@id":"https:\/\/kunmedierne.dk\/mors\/euc-nordvest-praesenterer-nyt-uddannelsestilbud\/","url":"https:\/\/kunmedierne.dk\/mors\/euc-nordvest-praesenterer-nyt-uddannelsestilbud\/","name":"EUC Nordvest pr\u00e6senterer nyt uddannelsestilbud - Mors","isPartOf":{"@id":"https:\/\/kunmedierne.dk\/mors\/#website"},"primaryImageOfPage":{"@id":"https:\/\/kunmedierne.dk\/mors\/euc-nordvest-praesenterer-nyt-uddannelsestilbud\/#primaryimage"},"image":{"@id":"https:\/\/kunmedierne.dk\/mors\/euc-nordvest-praesenterer-nyt-uddannelsestilbud\/#primaryimage"},"thumbnailUrl":"https:\/\/kunmedierne.dk\/mors\/wp-content\/uploads\/2020\/02\/200225-euc-marianne-svenningsen.jpg","datePublished":"2020-02-25T07:50:20+00:00","dateModified":"2024-08-12T12:06:26+00:00","breadcrumb":{"@id":"https:\/\/kunmedierne.dk\/mors\/euc-nordvest-praesenterer-nyt-uddannelsestilbud\/#breadcrumb"},"inLanguage":"da-DK","potentialAction":[{"@type":"ReadAction","target":["https:\/\/kunmedierne.dk\/mors\/euc-nordvest-praesenterer-nyt-uddannelsestilbud\/"]}]},{"@type":"ImageObject","inLanguage":"da-DK","@id":"https:\/\/kunmedierne.dk\/mors\/euc-nordvest-praesenterer-nyt-uddannelsestilbud\/#primaryimage","url":"https:\/\/kunmedierne.dk\/mors\/wp-content\/uploads\/2020\/02\/200225-euc-marianne-svenningsen.jpg","contentUrl":"https:\/\/kunmedierne.dk\/mors\/wp-content\/uploads\/2020\/02\/200225-euc-marianne-svenningsen.jpg","width":770,"height":507,"caption":"Marianne Svenningsen, afdelingsleder p\u00e5 EUC Nordvest. Foto: EUC Nordvest."},{"@type":"BreadcrumbList","@id":"https:\/\/kunmedierne.dk\/mors\/euc-nordvest-praesenterer-nyt-uddannelsestilbud\/#breadcrumb","itemListElement":[{"@type":"ListItem","position":1,"name":"Hjem","item":"https:\/\/kunmedierne.dk\/mors\/"},{"@type":"ListItem","position":2,"name":"EUC Nordvest pr\u00e6senterer nyt uddannelsestilbud"}]},{"@type":"WebSite","@id":"https:\/\/kunmedierne.dk\/mors\/#website","url":"https:\/\/kunmedierne.dk\/mors\/","name":"Mors","description":"et netmedie med journalistik om livet p\u00e5 Mors","publisher":{"@id":"https:\/\/kunmedierne.dk\/mors\/#organization"},"potentialAction":[{"@type":"SearchAction","target":{"@type":"EntryPoint","urlTemplate":"https:\/\/kunmedierne.dk\/mors\/?s={search_term_string}"},"query-input":{"@type":"PropertyValueSpecification","valueRequired":true,"valueName":"search_term_string"}}],"inLanguage":"da-DK"},{"@type":"Organization","@id":"https:\/\/kunmedierne.dk\/mors\/#organization","name":"Mors","url":"https:\/\/kunmedierne.dk\/mors\/","logo":{"@type":"ImageObject","inLanguage":"da-DK","@id":"https:\/\/kunmedierne.dk\/mors\/#\/schema\/logo\/image\/","url":"https:\/\/kunmedierne.dk\/mors\/wp-content\/uploads\/2024\/08\/kunmors-logo.svg","contentUrl":"https:\/\/kunmedierne.dk\/mors\/wp-content\/uploads\/2024\/08\/kunmors-logo.svg","caption":"Mors"},"image":{"@id":"https:\/\/kunmedierne.dk\/mors\/#\/schema\/logo\/image\/"}},{"@type":"Person","@id":"https:\/\/kunmedierne.dk\/mors\/#\/schema\/person\/5fe23251bf1d0abbcdc6f7896579d548","name":"David H\u00f8jmark","image":{"@type":"ImageObject","inLanguage":"da-DK","@id":"https:\/\/kunmedierne.dk\/mors\/#\/schema\/person\/image\/","url":"https:\/\/secure.gravatar.com\/avatar\/4315d6fb9ef244d729989f5f90268eb08d5bf8a3d84402f595fa194bb35784fd?s=96&d=mm&r=g","contentUrl":"https:\/\/secure.gravatar.com\/avatar\/4315d6fb9ef244d729989f5f90268eb08d5bf8a3d84402f595fa194bb35784fd?s=96&d=mm&r=g","caption":"David H\u00f8jmark"},"sameAs":["https:\/\/www.kunmedierne.dk"],"url":"https:\/\/kunmedierne.dk\/mors\/author\/david\/"}]}},"_links":{"self":[{"href":"https:\/\/kunmedierne.dk\/mors\/wp-json\/wp\/v2\/posts\/9064","targetHints":{"allow":["GET"]}}],"collection":[{"href":"https:\/\/kunmedierne.dk\/mors\/wp-json\/wp\/v2\/posts"}],"about":[{"href":"https:\/\/kunmedierne.dk\/mors\/wp-json\/wp\/v2\/types\/post"}],"author":[{"embeddable":true,"href":"https:\/\/kunmedierne.dk\/mors\/wp-json\/wp\/v2\/users\/8"}],"replies":[{"embeddable":true,"href":"https:\/\/kunmedierne.dk\/mors\/wp-json\/wp\/v2\/comments?post=9064"}],"version-history":[{"count":3,"href":"https:\/\/kunmedierne.dk\/mors\/wp-json\/wp\/v2\/posts\/9064\/revisions"}],"predecessor-version":[{"id":9077,"href":"https:\/\/kunmedierne.dk\/mors\/wp-json\/wp\/v2\/posts\/9064\/revisions\/9077"}],"wp:featuredmedia":[{"embeddable":true,"href":"https:\/\/kunmedierne.dk\/mors\/wp-json\/wp\/v2\/media\/9075"}],"wp:attachment":[{"href":"https:\/\/kunmedierne.dk\/mors\/wp-json\/wp\/v2\/media?parent=9064"}],"wp:term":[{"taxonomy":"category","embeddable":true,"href":"https:\/\/kunmedierne.dk\/mors\/wp-json\/wp\/v2\/categories?post=9064"},{"taxonomy":"post_tag","embeddable":true,"href":"https:\/\/kunmedierne.dk\/mors\/wp-json\/wp\/v2\/tags?post=9064"}],"curies":[{"name":"wp","href":"https:\/\/api.w.org\/{rel}","templated":true}]}}