{"id":9001,"date":"2020-02-24T18:16:58","date_gmt":"2020-02-24T17:16:58","guid":{"rendered":"https:\/\/kunmedierne.dk\/mors\/?p=9001"},"modified":"2024-08-12T14:06:26","modified_gmt":"2024-08-12T12:06:26","slug":"larmende-tavshed-paa-dramatisk-generalforsamling","status":"publish","type":"post","link":"https:\/\/kunmedierne.dk\/mors\/larmende-tavshed-paa-dramatisk-generalforsamling\/","title":{"rendered":"Larmende tavshed p\u00e5 dramatisk generalforsamling"},"content":{"rendered":"<p><strong>NYK\u00d8BING<\/strong>: Direkt\u00f8ren blev fyret og sendt hjem. Formanden forlod bestyrelsen. Og \u00e5rets regnskab viste et underskud p\u00e5 en halv million kroner mod et overskud i samme st\u00f8rrelse \u00e5ret f\u00f8r.<\/p>\n<p>Alligevel var tavsheden n\u00e6rmest larmende, da Mors\u00f8 Erhvervsr\u00e5d mandag eftermiddag holdt sin ordin\u00e6re generalforsamling. To m\u00e5neder efter, at afskeden med direkt\u00f8r og formand sendte chokb\u00f8lger igennem erhvervslivet p\u00e5 Mors, kunne konstitueret formand Tage Odgaard Nielsen freml\u00e6gge sin beretning om et \u00e5r, han selv beskrev som &#8220;et helt s\u00e6rligt \u00e5r i erhvervsr\u00e5dets historie&#8221; &#8211; med en sag, der &#8220;kastede lange skygger over et \u00e5r, der ellers var pr\u00e6get af fremgang og optimisme.&#8221;<\/p>\n<p>Kort f\u00f8r jul besluttede bestyrelsen at fyre direkt\u00f8r Per S\u00f8ndergaard. \u00c5rsagen har ikke v\u00e6ret fors\u00f8gt holdt hemmelig, og den blev gentaget p\u00e5 generalforsamlingen: L\u00f8nstigninger til direkt\u00f8ren var aftalt med formanden uden om resten af bestyrelsen. Pensionsordninger, der ikke var en del af den oprindelige aftale, kom ogs\u00e5 med. Og brugen af firmabil i udlandet var heller ikke afstemt med bestyrelsen.<\/p>\n<p>Tage Odgaard Nielsen understregede, at der ikke var tale om strafbare forhold.<\/p>\n<p>&#8220;Men bestyrelsen kunne ikke l\u00e6ngere holde fast i det mest dyrebare i et samarbejde &#8211; nemlig tillid,&#8221; l\u00f8d det i beretningen fra talerstolen.<\/p>\n<p>&nbsp;<\/p>\n<p><strong>Kun et opklarende sp\u00f8rgsm\u00e5l<\/strong><\/p>\n<p>Og s\u00e5 skulle man jo tro, at en forsamling p\u00e5 mere end 100 fremm\u00f8dte erhvervsfolk havde et sp\u00f8rgsm\u00e5l eller to. M\u00e5ske endda en kommentar. I det mindste i forhold til bestyrelsens eget ansvar.<\/p>\n<p>Men nej. De fremm\u00f8dte journalister fik hverken slagsm\u00e5l eller verbale brydetag at notere i deres medbragte blokke. Ingen kritik at forholde sig til. Ikke engang et lille pip.<\/p>\n<p>Det kom heller ikke, da regnskabet blev gennemg\u00e5et, og det blev forklaret, at det store underskud blandt andet skyldtes de \u00f8gede personaleomkostninger, sagen har medf\u00f8rt, og at udgifterne til den s\u00e5ledes er bogf\u00f8rt i 2019, s\u00e5 den ikke ogs\u00e5 kaster skygger ind over 2020.<\/p>\n<p>Det n\u00e6rmeste, forsamlingen i Musikv\u00e6rket i Nyk\u00f8bing kom et sp\u00f8rgsm\u00e5l til beretning og regnskab, var et enkelt af mere opklarende karakter i forhold til, at Mors\u00f8 Erhvervsr\u00e5ds bestyrelse budgetterer forsigtigt i forhold kontingentindt\u00e6gterne for 2021.<\/p>\n<p>&nbsp;<\/p>\n<p><strong>Ingen udskiftninger i bestyrelsen<\/strong><\/p>\n<p>S\u00e5 hvis Mors\u00f8 Erhvervsr\u00e5ds konstituerede formand havde forventet et rabalder oven p\u00e5 r\u00e5dets mest dramatiske \u00e5r nogensinde, kunne han \u00e5nde lettet op. Ingen stillede sp\u00f8rgsm\u00e5l til det mindste.<\/p>\n<p>M\u00e5ske skyldtes det, at der ikke var noget nyt at sp\u00f8rge om. Tage Odgaard Nielsen og bestyrelsen har fra starten v\u00e6ret \u00e5bne om deres syn p\u00e5 sagen, og hverken tidligere direkt\u00f8r Per S\u00f8ndergaard eller tidligere formand Jesper Overgaard er blevet sk\u00e5net i udmeldingerne. Lige som den konstituerede formand ogs\u00e5 har im\u00f8deg\u00e5et sp\u00f8rgsm\u00e5l om bestyrelsens ansvar ved at forholde sig til det offentligt. Det gjorde han igen p\u00e5 generalforsamlingen, da han sagde, at bestyrelsen ikke havde v\u00e6ret vidende om de \u00f8konomiske dispositioner &#8211; og at den som ansvarlig bestyrelse tog aff\u00e6re ved at kaste lys over sagen.<\/p>\n<p>M\u00e5ske har dem, der har haft noget at sp\u00f8rge om, allerede gjort det internt &#8211; i perioden fra 20. december til nu.<\/p>\n<p>Og m\u00e5ske er det bare nemmere at komme oven p\u00e5 en omgang ballade, n\u00e5r man samtidig kan melde om positive vinde.<\/p>\n<p>For 2019 var ogs\u00e5 \u00e5ret, da Mors\u00f8 Erhvervsr\u00e5d for f\u00f8rste gang passerede 300 medlemmer. Og i maj \u00e5bnede en filial af Erhvervshus Nordjylland i Nyk\u00f8bing. S\u00e5 selv om optimismen blev udsat for et bensp\u00e6nd lige f\u00f8r jul, har troen p\u00e5 fremtiden stadig ben at g\u00e5 p\u00e5.<\/p>\n<p>Og det samme har bestyrelsen i Mors\u00f8 Erhvervsr\u00e5d. Den forblev u\u00e6ndret og best\u00e5r udover Tage Odgaard Nielsen af borgmester Hans Ejner Bertelsen, Benny Nielsen, Betina Dencker, Heine Christiansen, John Christiansen og Lene Haaning, der tr\u00e5dte til som suppleant, da Jesper Overgaard gik ud.<\/p>\n<p>Torben Leth og Anette Jensen blev valgt som suppleanter p\u00e5 en generalforsamling, der i forhold til programmet m\u00e5ske afsl\u00f8rede, at ogs\u00e5 bestyrelsen havde forventet mere rabalder. Pausen var nemlig fastlagt til klokken 17.15.<\/p>\n<p>N\u00e6sten en time inden sprang man den over og gik videre til dagens \u00f8vrige program.<\/p>\n","protected":false},"excerpt":{"rendered":"<p>NYK\u00d8BING: Direkt\u00f8ren blev fyret og sendt hjem. Formanden forlod bestyrelsen. Og \u00e5rets regnskab viste et underskud p\u00e5 en halv million kroner mod et overskud i samme st\u00f8rrelse \u00e5ret f\u00f8r. Alligevel var tavsheden n\u00e6rmest larmende, da Mors\u00f8 Erhvervsr\u00e5d mandag eftermiddag holdt sin ordin\u00e6re generalforsamling. To m\u00e5neder efter, at afskeden med direkt\u00f8r og formand sendte chokb\u00f8lger igennem [&hellip;]<\/p>\n","protected":false},"author":8,"featured_media":8542,"comment_status":"open","ping_status":"open","sticky":false,"template":"","format":"standard","meta":{"_acf_changed":false,"footnotes":""},"categories":[51],"tags":[159,160],"class_list":["post-9001","post","type-post","status-publish","format-standard","has-post-thumbnail","hentry","category-lokalt","tag-erhverv","tag-handel"],"acf":[],"yoast_head":"<!-- This site is optimized with the Yoast SEO plugin v26.8 - https:\/\/yoast.com\/product\/yoast-seo-wordpress\/ -->\n<title>Larmende tavshed p\u00e5 dramatisk generalforsamling - Mors<\/title>\n<meta name=\"robots\" content=\"index, follow, max-snippet:-1, max-image-preview:large, max-video-preview:-1\" \/>\n<link rel=\"canonical\" href=\"https:\/\/kunmedierne.dk\/mors\/larmende-tavshed-paa-dramatisk-generalforsamling\/\" \/>\n<meta property=\"og:locale\" content=\"da_DK\" \/>\n<meta property=\"og:type\" content=\"article\" \/>\n<meta property=\"og:title\" content=\"Larmende tavshed p\u00e5 dramatisk generalforsamling - Mors\" \/>\n<meta property=\"og:description\" content=\"NYK\u00d8BING: Direkt\u00f8ren blev fyret og sendt hjem. Formanden forlod bestyrelsen. Og \u00e5rets regnskab viste et underskud p\u00e5 en halv million kroner mod et overskud i samme st\u00f8rrelse \u00e5ret f\u00f8r. Alligevel var tavsheden n\u00e6rmest larmende, da Mors\u00f8 Erhvervsr\u00e5d mandag eftermiddag holdt sin ordin\u00e6re generalforsamling. To m\u00e5neder efter, at afskeden med direkt\u00f8r og formand sendte chokb\u00f8lger igennem [&hellip;]\" \/>\n<meta property=\"og:url\" content=\"https:\/\/kunmedierne.dk\/mors\/larmende-tavshed-paa-dramatisk-generalforsamling\/\" \/>\n<meta property=\"og:site_name\" content=\"Mors\" \/>\n<meta property=\"article:published_time\" content=\"2020-02-24T17:16:58+00:00\" \/>\n<meta property=\"article:modified_time\" content=\"2024-08-12T12:06:26+00:00\" \/>\n<meta property=\"og:image\" content=\"https:\/\/kunmedierne.dk\/mors\/wp-content\/uploads\/2020\/02\/200129-mors\u00f8-erhvervsr\u00e5d4.jpg\" \/>\n\t<meta property=\"og:image:width\" content=\"770\" \/>\n\t<meta property=\"og:image:height\" content=\"513\" \/>\n\t<meta property=\"og:image:type\" content=\"image\/jpeg\" \/>\n<meta name=\"author\" content=\"David H\u00f8jmark\" \/>\n<meta name=\"twitter:card\" content=\"summary_large_image\" \/>\n<meta name=\"twitter:label1\" content=\"Skrevet af\" \/>\n\t<meta name=\"twitter:data1\" content=\"David H\u00f8jmark\" \/>\n\t<meta name=\"twitter:label2\" content=\"Estimeret l\u00e6setid\" \/>\n\t<meta name=\"twitter:data2\" content=\"4 minutter\" \/>\n<script type=\"application\/ld+json\" class=\"yoast-schema-graph\">{\"@context\":\"https:\/\/schema.org\",\"@graph\":[{\"@type\":\"Article\",\"@id\":\"https:\/\/kunmedierne.dk\/mors\/larmende-tavshed-paa-dramatisk-generalforsamling\/#article\",\"isPartOf\":{\"@id\":\"https:\/\/kunmedierne.dk\/mors\/larmende-tavshed-paa-dramatisk-generalforsamling\/\"},\"author\":{\"name\":\"David H\u00f8jmark\",\"@id\":\"https:\/\/kunmedierne.dk\/mors\/#\/schema\/person\/5fe23251bf1d0abbcdc6f7896579d548\"},\"headline\":\"Larmende tavshed p\u00e5 dramatisk generalforsamling\",\"datePublished\":\"2020-02-24T17:16:58+00:00\",\"dateModified\":\"2024-08-12T12:06:26+00:00\",\"mainEntityOfPage\":{\"@id\":\"https:\/\/kunmedierne.dk\/mors\/larmende-tavshed-paa-dramatisk-generalforsamling\/\"},\"wordCount\":720,\"commentCount\":0,\"publisher\":{\"@id\":\"https:\/\/kunmedierne.dk\/mors\/#organization\"},\"image\":{\"@id\":\"https:\/\/kunmedierne.dk\/mors\/larmende-tavshed-paa-dramatisk-generalforsamling\/#primaryimage\"},\"thumbnailUrl\":\"https:\/\/kunmedierne.dk\/mors\/wp-content\/uploads\/2020\/02\/200129-mors\u00f8-erhvervsr\u00e5d4.jpg\",\"keywords\":[\"Erhverv\",\"Handel\"],\"articleSection\":[\"Lokalt\"],\"inLanguage\":\"da-DK\",\"potentialAction\":[{\"@type\":\"CommentAction\",\"name\":\"Comment\",\"target\":[\"https:\/\/kunmedierne.dk\/mors\/larmende-tavshed-paa-dramatisk-generalforsamling\/#respond\"]}]},{\"@type\":\"WebPage\",\"@id\":\"https:\/\/kunmedierne.dk\/mors\/larmende-tavshed-paa-dramatisk-generalforsamling\/\",\"url\":\"https:\/\/kunmedierne.dk\/mors\/larmende-tavshed-paa-dramatisk-generalforsamling\/\",\"name\":\"Larmende tavshed p\u00e5 dramatisk generalforsamling - Mors\",\"isPartOf\":{\"@id\":\"https:\/\/kunmedierne.dk\/mors\/#website\"},\"primaryImageOfPage\":{\"@id\":\"https:\/\/kunmedierne.dk\/mors\/larmende-tavshed-paa-dramatisk-generalforsamling\/#primaryimage\"},\"image\":{\"@id\":\"https:\/\/kunmedierne.dk\/mors\/larmende-tavshed-paa-dramatisk-generalforsamling\/#primaryimage\"},\"thumbnailUrl\":\"https:\/\/kunmedierne.dk\/mors\/wp-content\/uploads\/2020\/02\/200129-mors\u00f8-erhvervsr\u00e5d4.jpg\",\"datePublished\":\"2020-02-24T17:16:58+00:00\",\"dateModified\":\"2024-08-12T12:06:26+00:00\",\"breadcrumb\":{\"@id\":\"https:\/\/kunmedierne.dk\/mors\/larmende-tavshed-paa-dramatisk-generalforsamling\/#breadcrumb\"},\"inLanguage\":\"da-DK\",\"potentialAction\":[{\"@type\":\"ReadAction\",\"target\":[\"https:\/\/kunmedierne.dk\/mors\/larmende-tavshed-paa-dramatisk-generalforsamling\/\"]}]},{\"@type\":\"ImageObject\",\"inLanguage\":\"da-DK\",\"@id\":\"https:\/\/kunmedierne.dk\/mors\/larmende-tavshed-paa-dramatisk-generalforsamling\/#primaryimage\",\"url\":\"https:\/\/kunmedierne.dk\/mors\/wp-content\/uploads\/2020\/02\/200129-mors\u00f8-erhvervsr\u00e5d4.jpg\",\"contentUrl\":\"https:\/\/kunmedierne.dk\/mors\/wp-content\/uploads\/2020\/02\/200129-mors\u00f8-erhvervsr\u00e5d4.jpg\",\"width\":770,\"height\":513},{\"@type\":\"BreadcrumbList\",\"@id\":\"https:\/\/kunmedierne.dk\/mors\/larmende-tavshed-paa-dramatisk-generalforsamling\/#breadcrumb\",\"itemListElement\":[{\"@type\":\"ListItem\",\"position\":1,\"name\":\"Hjem\",\"item\":\"https:\/\/kunmedierne.dk\/mors\/\"},{\"@type\":\"ListItem\",\"position\":2,\"name\":\"Larmende tavshed p\u00e5 dramatisk generalforsamling\"}]},{\"@type\":\"WebSite\",\"@id\":\"https:\/\/kunmedierne.dk\/mors\/#website\",\"url\":\"https:\/\/kunmedierne.dk\/mors\/\",\"name\":\"Mors\",\"description\":\"et netmedie med journalistik om livet p\u00e5 Mors\",\"publisher\":{\"@id\":\"https:\/\/kunmedierne.dk\/mors\/#organization\"},\"potentialAction\":[{\"@type\":\"SearchAction\",\"target\":{\"@type\":\"EntryPoint\",\"urlTemplate\":\"https:\/\/kunmedierne.dk\/mors\/?s={search_term_string}\"},\"query-input\":{\"@type\":\"PropertyValueSpecification\",\"valueRequired\":true,\"valueName\":\"search_term_string\"}}],\"inLanguage\":\"da-DK\"},{\"@type\":\"Organization\",\"@id\":\"https:\/\/kunmedierne.dk\/mors\/#organization\",\"name\":\"Mors\",\"url\":\"https:\/\/kunmedierne.dk\/mors\/\",\"logo\":{\"@type\":\"ImageObject\",\"inLanguage\":\"da-DK\",\"@id\":\"https:\/\/kunmedierne.dk\/mors\/#\/schema\/logo\/image\/\",\"url\":\"https:\/\/kunmedierne.dk\/mors\/wp-content\/uploads\/2024\/08\/kunmors-logo.svg\",\"contentUrl\":\"https:\/\/kunmedierne.dk\/mors\/wp-content\/uploads\/2024\/08\/kunmors-logo.svg\",\"caption\":\"Mors\"},\"image\":{\"@id\":\"https:\/\/kunmedierne.dk\/mors\/#\/schema\/logo\/image\/\"}},{\"@type\":\"Person\",\"@id\":\"https:\/\/kunmedierne.dk\/mors\/#\/schema\/person\/5fe23251bf1d0abbcdc6f7896579d548\",\"name\":\"David H\u00f8jmark\",\"image\":{\"@type\":\"ImageObject\",\"inLanguage\":\"da-DK\",\"@id\":\"https:\/\/kunmedierne.dk\/mors\/#\/schema\/person\/image\/\",\"url\":\"https:\/\/secure.gravatar.com\/avatar\/4315d6fb9ef244d729989f5f90268eb08d5bf8a3d84402f595fa194bb35784fd?s=96&d=mm&r=g\",\"contentUrl\":\"https:\/\/secure.gravatar.com\/avatar\/4315d6fb9ef244d729989f5f90268eb08d5bf8a3d84402f595fa194bb35784fd?s=96&d=mm&r=g\",\"caption\":\"David H\u00f8jmark\"},\"sameAs\":[\"https:\/\/www.kunmedierne.dk\"],\"url\":\"https:\/\/kunmedierne.dk\/mors\/author\/david\/\"}]}<\/script>\n<!-- \/ Yoast SEO plugin. -->","yoast_head_json":{"title":"Larmende tavshed p\u00e5 dramatisk generalforsamling - Mors","robots":{"index":"index","follow":"follow","max-snippet":"max-snippet:-1","max-image-preview":"max-image-preview:large","max-video-preview":"max-video-preview:-1"},"canonical":"https:\/\/kunmedierne.dk\/mors\/larmende-tavshed-paa-dramatisk-generalforsamling\/","og_locale":"da_DK","og_type":"article","og_title":"Larmende tavshed p\u00e5 dramatisk generalforsamling - Mors","og_description":"NYK\u00d8BING: Direkt\u00f8ren blev fyret og sendt hjem. Formanden forlod bestyrelsen. Og \u00e5rets regnskab viste et underskud p\u00e5 en halv million kroner mod et overskud i samme st\u00f8rrelse \u00e5ret f\u00f8r. Alligevel var tavsheden n\u00e6rmest larmende, da Mors\u00f8 Erhvervsr\u00e5d mandag eftermiddag holdt sin ordin\u00e6re generalforsamling. To m\u00e5neder efter, at afskeden med direkt\u00f8r og formand sendte chokb\u00f8lger igennem [&hellip;]","og_url":"https:\/\/kunmedierne.dk\/mors\/larmende-tavshed-paa-dramatisk-generalforsamling\/","og_site_name":"Mors","article_published_time":"2020-02-24T17:16:58+00:00","article_modified_time":"2024-08-12T12:06:26+00:00","og_image":[{"width":770,"height":513,"url":"https:\/\/kunmedierne.dk\/mors\/wp-content\/uploads\/2020\/02\/200129-mors\u00f8-erhvervsr\u00e5d4.jpg","type":"image\/jpeg"}],"author":"David H\u00f8jmark","twitter_card":"summary_large_image","twitter_misc":{"Skrevet af":"David H\u00f8jmark","Estimeret l\u00e6setid":"4 minutter"},"schema":{"@context":"https:\/\/schema.org","@graph":[{"@type":"Article","@id":"https:\/\/kunmedierne.dk\/mors\/larmende-tavshed-paa-dramatisk-generalforsamling\/#article","isPartOf":{"@id":"https:\/\/kunmedierne.dk\/mors\/larmende-tavshed-paa-dramatisk-generalforsamling\/"},"author":{"name":"David H\u00f8jmark","@id":"https:\/\/kunmedierne.dk\/mors\/#\/schema\/person\/5fe23251bf1d0abbcdc6f7896579d548"},"headline":"Larmende tavshed p\u00e5 dramatisk generalforsamling","datePublished":"2020-02-24T17:16:58+00:00","dateModified":"2024-08-12T12:06:26+00:00","mainEntityOfPage":{"@id":"https:\/\/kunmedierne.dk\/mors\/larmende-tavshed-paa-dramatisk-generalforsamling\/"},"wordCount":720,"commentCount":0,"publisher":{"@id":"https:\/\/kunmedierne.dk\/mors\/#organization"},"image":{"@id":"https:\/\/kunmedierne.dk\/mors\/larmende-tavshed-paa-dramatisk-generalforsamling\/#primaryimage"},"thumbnailUrl":"https:\/\/kunmedierne.dk\/mors\/wp-content\/uploads\/2020\/02\/200129-mors\u00f8-erhvervsr\u00e5d4.jpg","keywords":["Erhverv","Handel"],"articleSection":["Lokalt"],"inLanguage":"da-DK","potentialAction":[{"@type":"CommentAction","name":"Comment","target":["https:\/\/kunmedierne.dk\/mors\/larmende-tavshed-paa-dramatisk-generalforsamling\/#respond"]}]},{"@type":"WebPage","@id":"https:\/\/kunmedierne.dk\/mors\/larmende-tavshed-paa-dramatisk-generalforsamling\/","url":"https:\/\/kunmedierne.dk\/mors\/larmende-tavshed-paa-dramatisk-generalforsamling\/","name":"Larmende tavshed p\u00e5 dramatisk generalforsamling - Mors","isPartOf":{"@id":"https:\/\/kunmedierne.dk\/mors\/#website"},"primaryImageOfPage":{"@id":"https:\/\/kunmedierne.dk\/mors\/larmende-tavshed-paa-dramatisk-generalforsamling\/#primaryimage"},"image":{"@id":"https:\/\/kunmedierne.dk\/mors\/larmende-tavshed-paa-dramatisk-generalforsamling\/#primaryimage"},"thumbnailUrl":"https:\/\/kunmedierne.dk\/mors\/wp-content\/uploads\/2020\/02\/200129-mors\u00f8-erhvervsr\u00e5d4.jpg","datePublished":"2020-02-24T17:16:58+00:00","dateModified":"2024-08-12T12:06:26+00:00","breadcrumb":{"@id":"https:\/\/kunmedierne.dk\/mors\/larmende-tavshed-paa-dramatisk-generalforsamling\/#breadcrumb"},"inLanguage":"da-DK","potentialAction":[{"@type":"ReadAction","target":["https:\/\/kunmedierne.dk\/mors\/larmende-tavshed-paa-dramatisk-generalforsamling\/"]}]},{"@type":"ImageObject","inLanguage":"da-DK","@id":"https:\/\/kunmedierne.dk\/mors\/larmende-tavshed-paa-dramatisk-generalforsamling\/#primaryimage","url":"https:\/\/kunmedierne.dk\/mors\/wp-content\/uploads\/2020\/02\/200129-mors\u00f8-erhvervsr\u00e5d4.jpg","contentUrl":"https:\/\/kunmedierne.dk\/mors\/wp-content\/uploads\/2020\/02\/200129-mors\u00f8-erhvervsr\u00e5d4.jpg","width":770,"height":513},{"@type":"BreadcrumbList","@id":"https:\/\/kunmedierne.dk\/mors\/larmende-tavshed-paa-dramatisk-generalforsamling\/#breadcrumb","itemListElement":[{"@type":"ListItem","position":1,"name":"Hjem","item":"https:\/\/kunmedierne.dk\/mors\/"},{"@type":"ListItem","position":2,"name":"Larmende tavshed p\u00e5 dramatisk generalforsamling"}]},{"@type":"WebSite","@id":"https:\/\/kunmedierne.dk\/mors\/#website","url":"https:\/\/kunmedierne.dk\/mors\/","name":"Mors","description":"et netmedie med journalistik om livet p\u00e5 Mors","publisher":{"@id":"https:\/\/kunmedierne.dk\/mors\/#organization"},"potentialAction":[{"@type":"SearchAction","target":{"@type":"EntryPoint","urlTemplate":"https:\/\/kunmedierne.dk\/mors\/?s={search_term_string}"},"query-input":{"@type":"PropertyValueSpecification","valueRequired":true,"valueName":"search_term_string"}}],"inLanguage":"da-DK"},{"@type":"Organization","@id":"https:\/\/kunmedierne.dk\/mors\/#organization","name":"Mors","url":"https:\/\/kunmedierne.dk\/mors\/","logo":{"@type":"ImageObject","inLanguage":"da-DK","@id":"https:\/\/kunmedierne.dk\/mors\/#\/schema\/logo\/image\/","url":"https:\/\/kunmedierne.dk\/mors\/wp-content\/uploads\/2024\/08\/kunmors-logo.svg","contentUrl":"https:\/\/kunmedierne.dk\/mors\/wp-content\/uploads\/2024\/08\/kunmors-logo.svg","caption":"Mors"},"image":{"@id":"https:\/\/kunmedierne.dk\/mors\/#\/schema\/logo\/image\/"}},{"@type":"Person","@id":"https:\/\/kunmedierne.dk\/mors\/#\/schema\/person\/5fe23251bf1d0abbcdc6f7896579d548","name":"David H\u00f8jmark","image":{"@type":"ImageObject","inLanguage":"da-DK","@id":"https:\/\/kunmedierne.dk\/mors\/#\/schema\/person\/image\/","url":"https:\/\/secure.gravatar.com\/avatar\/4315d6fb9ef244d729989f5f90268eb08d5bf8a3d84402f595fa194bb35784fd?s=96&d=mm&r=g","contentUrl":"https:\/\/secure.gravatar.com\/avatar\/4315d6fb9ef244d729989f5f90268eb08d5bf8a3d84402f595fa194bb35784fd?s=96&d=mm&r=g","caption":"David H\u00f8jmark"},"sameAs":["https:\/\/www.kunmedierne.dk"],"url":"https:\/\/kunmedierne.dk\/mors\/author\/david\/"}]}},"_links":{"self":[{"href":"https:\/\/kunmedierne.dk\/mors\/wp-json\/wp\/v2\/posts\/9001","targetHints":{"allow":["GET"]}}],"collection":[{"href":"https:\/\/kunmedierne.dk\/mors\/wp-json\/wp\/v2\/posts"}],"about":[{"href":"https:\/\/kunmedierne.dk\/mors\/wp-json\/wp\/v2\/types\/post"}],"author":[{"embeddable":true,"href":"https:\/\/kunmedierne.dk\/mors\/wp-json\/wp\/v2\/users\/8"}],"replies":[{"embeddable":true,"href":"https:\/\/kunmedierne.dk\/mors\/wp-json\/wp\/v2\/comments?post=9001"}],"version-history":[{"count":3,"href":"https:\/\/kunmedierne.dk\/mors\/wp-json\/wp\/v2\/posts\/9001\/revisions"}],"predecessor-version":[{"id":9138,"href":"https:\/\/kunmedierne.dk\/mors\/wp-json\/wp\/v2\/posts\/9001\/revisions\/9138"}],"wp:featuredmedia":[{"embeddable":true,"href":"https:\/\/kunmedierne.dk\/mors\/wp-json\/wp\/v2\/media\/8542"}],"wp:attachment":[{"href":"https:\/\/kunmedierne.dk\/mors\/wp-json\/wp\/v2\/media?parent=9001"}],"wp:term":[{"taxonomy":"category","embeddable":true,"href":"https:\/\/kunmedierne.dk\/mors\/wp-json\/wp\/v2\/categories?post=9001"},{"taxonomy":"post_tag","embeddable":true,"href":"https:\/\/kunmedierne.dk\/mors\/wp-json\/wp\/v2\/tags?post=9001"}],"curies":[{"name":"wp","href":"https:\/\/api.w.org\/{rel}","templated":true}]}}