{"id":8923,"date":"2020-02-24T05:51:45","date_gmt":"2020-02-24T04:51:45","guid":{"rendered":"https:\/\/kunmedierne.dk\/mors\/?p=8923"},"modified":"2024-08-12T14:06:26","modified_gmt":"2024-08-12T12:06:26","slug":"gudstjeneste-paa-boernenes-praemisser","status":"publish","type":"post","link":"https:\/\/kunmedierne.dk\/mors\/gudstjeneste-paa-boernenes-praemisser\/","title":{"rendered":"Gudstjeneste p\u00e5 b\u00f8rnenes pr\u00e6misser"},"content":{"rendered":"<p><strong>REDSTED<\/strong>: Fastelavnss\u00f8ndag 2020 blev fejret med stil i Redsted Kirke. <img loading=\"lazy\" decoding=\"async\" class=\"size-medium wp-image-8925 alignright\" src=\"https:\/\/kunmedierne.dk\/mors\/wp-content\/uploads\/2020\/02\/200223-fastelavn-redsted4-201x300.jpg\" alt=\"\" width=\"201\" height=\"300\" srcset=\"https:\/\/kunmedierne.dk\/mors\/wp-content\/uploads\/2020\/02\/200223-fastelavn-redsted4-201x300.jpg 201w, https:\/\/kunmedierne.dk\/mors\/wp-content\/uploads\/2020\/02\/200223-fastelavn-redsted4.jpg 513w\" sizes=\"auto, (max-width: 201px) 100vw, 201px\" \/><\/p>\n<p>Her var der inviteret til gudstjeneste p\u00e5 b\u00f8rnenes pr\u00e6misser, og if\u00f8lge <a href=\"https:\/\/www.facebook.com\/groups\/1489518834596545\/\" target=\"_blank\" rel=\"noopener noreferrer\">Superlandsbyens<\/a> side p\u00e5 Facebook fik 30-40 udkl\u00e6dte b\u00f8rn og voksne en veloplagt sognepr\u00e6st i Anna-Marie Godiksen Sloth, som var med til at g\u00f8re det til en god oplevelse.<\/p>\n<p>Kirken var n\u00e6sten fyldt, og efter gudstjenesten gik turen videre til Redsted Sogneg\u00e5rd, hvor Redsted Beboerforening havde arrangeret t\u00f8ndeslagning. Det havde deltagelse af 60 b\u00f8rn, der slog katten af t\u00f8nden, mens de voksne s\u00e5 p\u00e5.<\/p>\n<p>Thorkild \u00d8stergaard var p\u00e5 plads med et kamera og har sendt disse billeder til KunMors.<\/p>\n<div class=\"text_exposed_show\">\n<div class=\"_2cuy _3dgx _2vxa\"><b><\/b><i><\/i><u><\/u><img loading=\"lazy\" decoding=\"async\" class=\"alignnone size-medium wp-image-8927\" src=\"https:\/\/kunmedierne.dk\/mors\/wp-content\/uploads\/2020\/02\/200223-fastelavn-redsted1-300x201.jpg\" alt=\"\" width=\"300\" height=\"201\" srcset=\"https:\/\/kunmedierne.dk\/mors\/wp-content\/uploads\/2020\/02\/200223-fastelavn-redsted1-300x201.jpg 300w, https:\/\/kunmedierne.dk\/mors\/wp-content\/uploads\/2020\/02\/200223-fastelavn-redsted1-768x514.jpg 768w, https:\/\/kunmedierne.dk\/mors\/wp-content\/uploads\/2020\/02\/200223-fastelavn-redsted1-360x240.jpg 360w, https:\/\/kunmedierne.dk\/mors\/wp-content\/uploads\/2020\/02\/200223-fastelavn-redsted1-424x285.jpg 424w, https:\/\/kunmedierne.dk\/mors\/wp-content\/uploads\/2020\/02\/200223-fastelavn-redsted1-600x401.jpg 600w, https:\/\/kunmedierne.dk\/mors\/wp-content\/uploads\/2020\/02\/200223-fastelavn-redsted1.jpg 770w\" sizes=\"auto, (max-width: 300px) 100vw, 300px\" \/> \u00a0 \u00a0 <img loading=\"lazy\" decoding=\"async\" class=\"alignnone size-medium wp-image-8929\" src=\"https:\/\/kunmedierne.dk\/mors\/wp-content\/uploads\/2020\/02\/200223-fastelavn-redsted5-300x201.jpg\" alt=\"\" width=\"300\" height=\"201\" srcset=\"https:\/\/kunmedierne.dk\/mors\/wp-content\/uploads\/2020\/02\/200223-fastelavn-redsted5-300x201.jpg 300w, https:\/\/kunmedierne.dk\/mors\/wp-content\/uploads\/2020\/02\/200223-fastelavn-redsted5-768x514.jpg 768w, https:\/\/kunmedierne.dk\/mors\/wp-content\/uploads\/2020\/02\/200223-fastelavn-redsted5-360x240.jpg 360w, https:\/\/kunmedierne.dk\/mors\/wp-content\/uploads\/2020\/02\/200223-fastelavn-redsted5-424x285.jpg 424w, https:\/\/kunmedierne.dk\/mors\/wp-content\/uploads\/2020\/02\/200223-fastelavn-redsted5-600x401.jpg 600w, https:\/\/kunmedierne.dk\/mors\/wp-content\/uploads\/2020\/02\/200223-fastelavn-redsted5.jpg 770w\" sizes=\"auto, (max-width: 300px) 100vw, 300px\" \/><\/div>\n<\/div>\n<p>&nbsp;<\/p>\n","protected":false},"excerpt":{"rendered":"<p>REDSTED: Fastelavnss\u00f8ndag 2020 blev fejret med stil i Redsted Kirke. Her var der inviteret til gudstjeneste p\u00e5 b\u00f8rnenes pr\u00e6misser, og if\u00f8lge Superlandsbyens side p\u00e5 Facebook fik 30-40 udkl\u00e6dte b\u00f8rn og voksne en veloplagt sognepr\u00e6st i Anna-Marie Godiksen Sloth, som var med til at g\u00f8re det til en god oplevelse. Kirken var n\u00e6sten fyldt, og efter [&hellip;]<\/p>\n","protected":false},"author":8,"featured_media":8924,"comment_status":"open","ping_status":"open","sticky":false,"template":"","format":"standard","meta":{"_acf_changed":false,"footnotes":""},"categories":[51],"tags":[161],"class_list":["post-8923","post","type-post","status-publish","format-standard","has-post-thumbnail","hentry","category-lokalt","tag-kirker"],"acf":[],"yoast_head":"<!-- This site is optimized with the Yoast SEO plugin v26.8 - https:\/\/yoast.com\/product\/yoast-seo-wordpress\/ -->\n<title>Gudstjeneste p\u00e5 b\u00f8rnenes pr\u00e6misser - Mors<\/title>\n<meta name=\"robots\" content=\"index, follow, max-snippet:-1, max-image-preview:large, max-video-preview:-1\" \/>\n<link rel=\"canonical\" href=\"https:\/\/kunmedierne.dk\/mors\/gudstjeneste-paa-boernenes-praemisser\/\" \/>\n<meta property=\"og:locale\" content=\"da_DK\" \/>\n<meta property=\"og:type\" content=\"article\" \/>\n<meta property=\"og:title\" content=\"Gudstjeneste p\u00e5 b\u00f8rnenes pr\u00e6misser - Mors\" \/>\n<meta property=\"og:description\" content=\"REDSTED: Fastelavnss\u00f8ndag 2020 blev fejret med stil i Redsted Kirke. Her var der inviteret til gudstjeneste p\u00e5 b\u00f8rnenes pr\u00e6misser, og if\u00f8lge Superlandsbyens side p\u00e5 Facebook fik 30-40 udkl\u00e6dte b\u00f8rn og voksne en veloplagt sognepr\u00e6st i Anna-Marie Godiksen Sloth, som var med til at g\u00f8re det til en god oplevelse. Kirken var n\u00e6sten fyldt, og efter [&hellip;]\" \/>\n<meta property=\"og:url\" content=\"https:\/\/kunmedierne.dk\/mors\/gudstjeneste-paa-boernenes-praemisser\/\" \/>\n<meta property=\"og:site_name\" content=\"Mors\" \/>\n<meta property=\"article:published_time\" content=\"2020-02-24T04:51:45+00:00\" \/>\n<meta property=\"article:modified_time\" content=\"2024-08-12T12:06:26+00:00\" \/>\n<meta property=\"og:image\" content=\"https:\/\/kunmedierne.dk\/mors\/wp-content\/uploads\/2020\/02\/200223-fastelavn-redsted3.jpg\" \/>\n\t<meta property=\"og:image:width\" content=\"770\" \/>\n\t<meta property=\"og:image:height\" content=\"515\" \/>\n\t<meta property=\"og:image:type\" content=\"image\/jpeg\" \/>\n<meta name=\"author\" content=\"David H\u00f8jmark\" \/>\n<meta name=\"twitter:card\" content=\"summary_large_image\" \/>\n<meta name=\"twitter:label1\" content=\"Skrevet af\" \/>\n\t<meta name=\"twitter:data1\" content=\"David H\u00f8jmark\" \/>\n\t<meta name=\"twitter:label2\" content=\"Estimeret l\u00e6setid\" \/>\n\t<meta name=\"twitter:data2\" content=\"1 minut\" \/>\n<script type=\"application\/ld+json\" class=\"yoast-schema-graph\">{\"@context\":\"https:\/\/schema.org\",\"@graph\":[{\"@type\":\"Article\",\"@id\":\"https:\/\/kunmedierne.dk\/mors\/gudstjeneste-paa-boernenes-praemisser\/#article\",\"isPartOf\":{\"@id\":\"https:\/\/kunmedierne.dk\/mors\/gudstjeneste-paa-boernenes-praemisser\/\"},\"author\":{\"name\":\"David H\u00f8jmark\",\"@id\":\"https:\/\/kunmedierne.dk\/mors\/#\/schema\/person\/5fe23251bf1d0abbcdc6f7896579d548\"},\"headline\":\"Gudstjeneste p\u00e5 b\u00f8rnenes pr\u00e6misser\",\"datePublished\":\"2020-02-24T04:51:45+00:00\",\"dateModified\":\"2024-08-12T12:06:26+00:00\",\"mainEntityOfPage\":{\"@id\":\"https:\/\/kunmedierne.dk\/mors\/gudstjeneste-paa-boernenes-praemisser\/\"},\"wordCount\":117,\"commentCount\":0,\"publisher\":{\"@id\":\"https:\/\/kunmedierne.dk\/mors\/#organization\"},\"image\":{\"@id\":\"https:\/\/kunmedierne.dk\/mors\/gudstjeneste-paa-boernenes-praemisser\/#primaryimage\"},\"thumbnailUrl\":\"https:\/\/kunmedierne.dk\/mors\/wp-content\/uploads\/2020\/02\/200223-fastelavn-redsted3.jpg\",\"keywords\":[\"Kirkestof\"],\"articleSection\":[\"Lokalt\"],\"inLanguage\":\"da-DK\",\"potentialAction\":[{\"@type\":\"CommentAction\",\"name\":\"Comment\",\"target\":[\"https:\/\/kunmedierne.dk\/mors\/gudstjeneste-paa-boernenes-praemisser\/#respond\"]}]},{\"@type\":\"WebPage\",\"@id\":\"https:\/\/kunmedierne.dk\/mors\/gudstjeneste-paa-boernenes-praemisser\/\",\"url\":\"https:\/\/kunmedierne.dk\/mors\/gudstjeneste-paa-boernenes-praemisser\/\",\"name\":\"Gudstjeneste p\u00e5 b\u00f8rnenes pr\u00e6misser - Mors\",\"isPartOf\":{\"@id\":\"https:\/\/kunmedierne.dk\/mors\/#website\"},\"primaryImageOfPage\":{\"@id\":\"https:\/\/kunmedierne.dk\/mors\/gudstjeneste-paa-boernenes-praemisser\/#primaryimage\"},\"image\":{\"@id\":\"https:\/\/kunmedierne.dk\/mors\/gudstjeneste-paa-boernenes-praemisser\/#primaryimage\"},\"thumbnailUrl\":\"https:\/\/kunmedierne.dk\/mors\/wp-content\/uploads\/2020\/02\/200223-fastelavn-redsted3.jpg\",\"datePublished\":\"2020-02-24T04:51:45+00:00\",\"dateModified\":\"2024-08-12T12:06:26+00:00\",\"breadcrumb\":{\"@id\":\"https:\/\/kunmedierne.dk\/mors\/gudstjeneste-paa-boernenes-praemisser\/#breadcrumb\"},\"inLanguage\":\"da-DK\",\"potentialAction\":[{\"@type\":\"ReadAction\",\"target\":[\"https:\/\/kunmedierne.dk\/mors\/gudstjeneste-paa-boernenes-praemisser\/\"]}]},{\"@type\":\"ImageObject\",\"inLanguage\":\"da-DK\",\"@id\":\"https:\/\/kunmedierne.dk\/mors\/gudstjeneste-paa-boernenes-praemisser\/#primaryimage\",\"url\":\"https:\/\/kunmedierne.dk\/mors\/wp-content\/uploads\/2020\/02\/200223-fastelavn-redsted3.jpg\",\"contentUrl\":\"https:\/\/kunmedierne.dk\/mors\/wp-content\/uploads\/2020\/02\/200223-fastelavn-redsted3.jpg\",\"width\":770,\"height\":515,\"caption\":\"For mange b\u00f8rn er h\u00f8jdepunktet ved fastelavn nok dette \u00f8jeblik. Foto: Thorkild \u00d8stergaard.\"},{\"@type\":\"BreadcrumbList\",\"@id\":\"https:\/\/kunmedierne.dk\/mors\/gudstjeneste-paa-boernenes-praemisser\/#breadcrumb\",\"itemListElement\":[{\"@type\":\"ListItem\",\"position\":1,\"name\":\"Hjem\",\"item\":\"https:\/\/kunmedierne.dk\/mors\/\"},{\"@type\":\"ListItem\",\"position\":2,\"name\":\"Gudstjeneste p\u00e5 b\u00f8rnenes pr\u00e6misser\"}]},{\"@type\":\"WebSite\",\"@id\":\"https:\/\/kunmedierne.dk\/mors\/#website\",\"url\":\"https:\/\/kunmedierne.dk\/mors\/\",\"name\":\"Mors\",\"description\":\"et netmedie med journalistik om livet p\u00e5 Mors\",\"publisher\":{\"@id\":\"https:\/\/kunmedierne.dk\/mors\/#organization\"},\"potentialAction\":[{\"@type\":\"SearchAction\",\"target\":{\"@type\":\"EntryPoint\",\"urlTemplate\":\"https:\/\/kunmedierne.dk\/mors\/?s={search_term_string}\"},\"query-input\":{\"@type\":\"PropertyValueSpecification\",\"valueRequired\":true,\"valueName\":\"search_term_string\"}}],\"inLanguage\":\"da-DK\"},{\"@type\":\"Organization\",\"@id\":\"https:\/\/kunmedierne.dk\/mors\/#organization\",\"name\":\"Mors\",\"url\":\"https:\/\/kunmedierne.dk\/mors\/\",\"logo\":{\"@type\":\"ImageObject\",\"inLanguage\":\"da-DK\",\"@id\":\"https:\/\/kunmedierne.dk\/mors\/#\/schema\/logo\/image\/\",\"url\":\"https:\/\/kunmedierne.dk\/mors\/wp-content\/uploads\/2024\/08\/kunmors-logo.svg\",\"contentUrl\":\"https:\/\/kunmedierne.dk\/mors\/wp-content\/uploads\/2024\/08\/kunmors-logo.svg\",\"caption\":\"Mors\"},\"image\":{\"@id\":\"https:\/\/kunmedierne.dk\/mors\/#\/schema\/logo\/image\/\"}},{\"@type\":\"Person\",\"@id\":\"https:\/\/kunmedierne.dk\/mors\/#\/schema\/person\/5fe23251bf1d0abbcdc6f7896579d548\",\"name\":\"David H\u00f8jmark\",\"image\":{\"@type\":\"ImageObject\",\"inLanguage\":\"da-DK\",\"@id\":\"https:\/\/kunmedierne.dk\/mors\/#\/schema\/person\/image\/\",\"url\":\"https:\/\/secure.gravatar.com\/avatar\/4315d6fb9ef244d729989f5f90268eb08d5bf8a3d84402f595fa194bb35784fd?s=96&d=mm&r=g\",\"contentUrl\":\"https:\/\/secure.gravatar.com\/avatar\/4315d6fb9ef244d729989f5f90268eb08d5bf8a3d84402f595fa194bb35784fd?s=96&d=mm&r=g\",\"caption\":\"David H\u00f8jmark\"},\"sameAs\":[\"https:\/\/www.kunmedierne.dk\"],\"url\":\"https:\/\/kunmedierne.dk\/mors\/author\/david\/\"}]}<\/script>\n<!-- \/ Yoast SEO plugin. -->","yoast_head_json":{"title":"Gudstjeneste p\u00e5 b\u00f8rnenes pr\u00e6misser - Mors","robots":{"index":"index","follow":"follow","max-snippet":"max-snippet:-1","max-image-preview":"max-image-preview:large","max-video-preview":"max-video-preview:-1"},"canonical":"https:\/\/kunmedierne.dk\/mors\/gudstjeneste-paa-boernenes-praemisser\/","og_locale":"da_DK","og_type":"article","og_title":"Gudstjeneste p\u00e5 b\u00f8rnenes pr\u00e6misser - Mors","og_description":"REDSTED: Fastelavnss\u00f8ndag 2020 blev fejret med stil i Redsted Kirke. Her var der inviteret til gudstjeneste p\u00e5 b\u00f8rnenes pr\u00e6misser, og if\u00f8lge Superlandsbyens side p\u00e5 Facebook fik 30-40 udkl\u00e6dte b\u00f8rn og voksne en veloplagt sognepr\u00e6st i Anna-Marie Godiksen Sloth, som var med til at g\u00f8re det til en god oplevelse. Kirken var n\u00e6sten fyldt, og efter [&hellip;]","og_url":"https:\/\/kunmedierne.dk\/mors\/gudstjeneste-paa-boernenes-praemisser\/","og_site_name":"Mors","article_published_time":"2020-02-24T04:51:45+00:00","article_modified_time":"2024-08-12T12:06:26+00:00","og_image":[{"width":770,"height":515,"url":"https:\/\/kunmedierne.dk\/mors\/wp-content\/uploads\/2020\/02\/200223-fastelavn-redsted3.jpg","type":"image\/jpeg"}],"author":"David H\u00f8jmark","twitter_card":"summary_large_image","twitter_misc":{"Skrevet af":"David H\u00f8jmark","Estimeret l\u00e6setid":"1 minut"},"schema":{"@context":"https:\/\/schema.org","@graph":[{"@type":"Article","@id":"https:\/\/kunmedierne.dk\/mors\/gudstjeneste-paa-boernenes-praemisser\/#article","isPartOf":{"@id":"https:\/\/kunmedierne.dk\/mors\/gudstjeneste-paa-boernenes-praemisser\/"},"author":{"name":"David H\u00f8jmark","@id":"https:\/\/kunmedierne.dk\/mors\/#\/schema\/person\/5fe23251bf1d0abbcdc6f7896579d548"},"headline":"Gudstjeneste p\u00e5 b\u00f8rnenes pr\u00e6misser","datePublished":"2020-02-24T04:51:45+00:00","dateModified":"2024-08-12T12:06:26+00:00","mainEntityOfPage":{"@id":"https:\/\/kunmedierne.dk\/mors\/gudstjeneste-paa-boernenes-praemisser\/"},"wordCount":117,"commentCount":0,"publisher":{"@id":"https:\/\/kunmedierne.dk\/mors\/#organization"},"image":{"@id":"https:\/\/kunmedierne.dk\/mors\/gudstjeneste-paa-boernenes-praemisser\/#primaryimage"},"thumbnailUrl":"https:\/\/kunmedierne.dk\/mors\/wp-content\/uploads\/2020\/02\/200223-fastelavn-redsted3.jpg","keywords":["Kirkestof"],"articleSection":["Lokalt"],"inLanguage":"da-DK","potentialAction":[{"@type":"CommentAction","name":"Comment","target":["https:\/\/kunmedierne.dk\/mors\/gudstjeneste-paa-boernenes-praemisser\/#respond"]}]},{"@type":"WebPage","@id":"https:\/\/kunmedierne.dk\/mors\/gudstjeneste-paa-boernenes-praemisser\/","url":"https:\/\/kunmedierne.dk\/mors\/gudstjeneste-paa-boernenes-praemisser\/","name":"Gudstjeneste p\u00e5 b\u00f8rnenes pr\u00e6misser - Mors","isPartOf":{"@id":"https:\/\/kunmedierne.dk\/mors\/#website"},"primaryImageOfPage":{"@id":"https:\/\/kunmedierne.dk\/mors\/gudstjeneste-paa-boernenes-praemisser\/#primaryimage"},"image":{"@id":"https:\/\/kunmedierne.dk\/mors\/gudstjeneste-paa-boernenes-praemisser\/#primaryimage"},"thumbnailUrl":"https:\/\/kunmedierne.dk\/mors\/wp-content\/uploads\/2020\/02\/200223-fastelavn-redsted3.jpg","datePublished":"2020-02-24T04:51:45+00:00","dateModified":"2024-08-12T12:06:26+00:00","breadcrumb":{"@id":"https:\/\/kunmedierne.dk\/mors\/gudstjeneste-paa-boernenes-praemisser\/#breadcrumb"},"inLanguage":"da-DK","potentialAction":[{"@type":"ReadAction","target":["https:\/\/kunmedierne.dk\/mors\/gudstjeneste-paa-boernenes-praemisser\/"]}]},{"@type":"ImageObject","inLanguage":"da-DK","@id":"https:\/\/kunmedierne.dk\/mors\/gudstjeneste-paa-boernenes-praemisser\/#primaryimage","url":"https:\/\/kunmedierne.dk\/mors\/wp-content\/uploads\/2020\/02\/200223-fastelavn-redsted3.jpg","contentUrl":"https:\/\/kunmedierne.dk\/mors\/wp-content\/uploads\/2020\/02\/200223-fastelavn-redsted3.jpg","width":770,"height":515,"caption":"For mange b\u00f8rn er h\u00f8jdepunktet ved fastelavn nok dette \u00f8jeblik. Foto: Thorkild \u00d8stergaard."},{"@type":"BreadcrumbList","@id":"https:\/\/kunmedierne.dk\/mors\/gudstjeneste-paa-boernenes-praemisser\/#breadcrumb","itemListElement":[{"@type":"ListItem","position":1,"name":"Hjem","item":"https:\/\/kunmedierne.dk\/mors\/"},{"@type":"ListItem","position":2,"name":"Gudstjeneste p\u00e5 b\u00f8rnenes pr\u00e6misser"}]},{"@type":"WebSite","@id":"https:\/\/kunmedierne.dk\/mors\/#website","url":"https:\/\/kunmedierne.dk\/mors\/","name":"Mors","description":"et netmedie med journalistik om livet p\u00e5 Mors","publisher":{"@id":"https:\/\/kunmedierne.dk\/mors\/#organization"},"potentialAction":[{"@type":"SearchAction","target":{"@type":"EntryPoint","urlTemplate":"https:\/\/kunmedierne.dk\/mors\/?s={search_term_string}"},"query-input":{"@type":"PropertyValueSpecification","valueRequired":true,"valueName":"search_term_string"}}],"inLanguage":"da-DK"},{"@type":"Organization","@id":"https:\/\/kunmedierne.dk\/mors\/#organization","name":"Mors","url":"https:\/\/kunmedierne.dk\/mors\/","logo":{"@type":"ImageObject","inLanguage":"da-DK","@id":"https:\/\/kunmedierne.dk\/mors\/#\/schema\/logo\/image\/","url":"https:\/\/kunmedierne.dk\/mors\/wp-content\/uploads\/2024\/08\/kunmors-logo.svg","contentUrl":"https:\/\/kunmedierne.dk\/mors\/wp-content\/uploads\/2024\/08\/kunmors-logo.svg","caption":"Mors"},"image":{"@id":"https:\/\/kunmedierne.dk\/mors\/#\/schema\/logo\/image\/"}},{"@type":"Person","@id":"https:\/\/kunmedierne.dk\/mors\/#\/schema\/person\/5fe23251bf1d0abbcdc6f7896579d548","name":"David H\u00f8jmark","image":{"@type":"ImageObject","inLanguage":"da-DK","@id":"https:\/\/kunmedierne.dk\/mors\/#\/schema\/person\/image\/","url":"https:\/\/secure.gravatar.com\/avatar\/4315d6fb9ef244d729989f5f90268eb08d5bf8a3d84402f595fa194bb35784fd?s=96&d=mm&r=g","contentUrl":"https:\/\/secure.gravatar.com\/avatar\/4315d6fb9ef244d729989f5f90268eb08d5bf8a3d84402f595fa194bb35784fd?s=96&d=mm&r=g","caption":"David H\u00f8jmark"},"sameAs":["https:\/\/www.kunmedierne.dk"],"url":"https:\/\/kunmedierne.dk\/mors\/author\/david\/"}]}},"_links":{"self":[{"href":"https:\/\/kunmedierne.dk\/mors\/wp-json\/wp\/v2\/posts\/8923","targetHints":{"allow":["GET"]}}],"collection":[{"href":"https:\/\/kunmedierne.dk\/mors\/wp-json\/wp\/v2\/posts"}],"about":[{"href":"https:\/\/kunmedierne.dk\/mors\/wp-json\/wp\/v2\/types\/post"}],"author":[{"embeddable":true,"href":"https:\/\/kunmedierne.dk\/mors\/wp-json\/wp\/v2\/users\/8"}],"replies":[{"embeddable":true,"href":"https:\/\/kunmedierne.dk\/mors\/wp-json\/wp\/v2\/comments?post=8923"}],"version-history":[{"count":7,"href":"https:\/\/kunmedierne.dk\/mors\/wp-json\/wp\/v2\/posts\/8923\/revisions"}],"predecessor-version":[{"id":8936,"href":"https:\/\/kunmedierne.dk\/mors\/wp-json\/wp\/v2\/posts\/8923\/revisions\/8936"}],"wp:featuredmedia":[{"embeddable":true,"href":"https:\/\/kunmedierne.dk\/mors\/wp-json\/wp\/v2\/media\/8924"}],"wp:attachment":[{"href":"https:\/\/kunmedierne.dk\/mors\/wp-json\/wp\/v2\/media?parent=8923"}],"wp:term":[{"taxonomy":"category","embeddable":true,"href":"https:\/\/kunmedierne.dk\/mors\/wp-json\/wp\/v2\/categories?post=8923"},{"taxonomy":"post_tag","embeddable":true,"href":"https:\/\/kunmedierne.dk\/mors\/wp-json\/wp\/v2\/tags?post=8923"}],"curies":[{"name":"wp","href":"https:\/\/api.w.org\/{rel}","templated":true}]}}