{"id":88937,"date":"2023-02-16T20:34:07","date_gmt":"2023-02-16T19:34:07","guid":{"rendered":"https:\/\/kunmedierne.dk\/mors\/?p=88937"},"modified":"2024-08-07T14:37:36","modified_gmt":"2024-08-07T12:37:36","slug":"roede-kors-slaar-butikker-sammen","status":"publish","type":"post","link":"https:\/\/kunmedierne.dk\/mors\/roede-kors-slaar-butikker-sammen\/","title":{"rendered":"R\u00f8de Kors sl\u00e5r butikker sammen"},"content":{"rendered":"<p><strong>NYK\u00d8BING<\/strong>: De to R\u00f8de Kors-butikker i Nyk\u00f8bing f\u00e5r snart den samme adresse.<\/p>\n<p>Som KunMors <a href=\"https:\/\/kunmedierne.dk\/mors\/roede-kors-overvejer-flytning-af-toejbutik\/\" target=\"_blank\" rel=\"noopener\">fortalte i november<\/a>, gik den lokale R\u00f8de Kors-afdeling med overvejelser om at samle de to butikker, der ligger p\u00e5 Gasv\u00e6rksvej og N.A. Christensensvej, p\u00e5 sidstn\u00e6vnte adresse. Og nu er beslutningen taget, fort\u00e6ller n\u00e6stformand Lisbeth Frandsen.<\/p>\n<p>&#8211; T\u00f8jbutikken flytter ud p\u00e5 N.A. Christensensvej, hvor der bliver \u00e9n stor butik. Der er god plads derude, og bygherren er ved at udvide det, s\u00e5 det bliver rigtig godt, siger hun.<\/p>\n<a class=\"dvrt-link\" onClick=\"cdmtrack_click(169437,jQuery(this));return false\" href=\"https:\/\/thymors.dk\/sponsorater\/15-til-faellesskabet?utm_source=kunmors&amp;utm_medium=annonce&amp;utm_campaign=sponsorater\"><img decoding=\"async\" style=\"width:100%;\" src=\"https:\/\/kunmedierne.dk\/mors\/wp-content\/uploads\/2026\/03\/260407ThyMors-energi_faellesskab_generel-1.jpg\"><\/a><script>cdmtrack_view(169437);<\/script>\n<p>Den pr\u00e6cise dato for flytningen er ikke p\u00e5 plads endnu, men byggeriet er i gang, og forventningen er, at det bliver en gang i l\u00f8bet af sommeren.<\/p>\n<p>Da KunMors skrev om overvejelserne i november, forklarede Carsten S\u00f8rensen, kasserer i R\u00f8de Kors Mors, dem med st\u00f8rre udgifter og udfordringer med at finde frivillige til to butikker.<\/p>\n<p>\u2013 Det er to butikker, der skal v\u00e6re \u00e5bne p\u00e5 fuld tid. Og vi kan jo ogs\u00e5 spare lidt i husleje og p\u00e5 varme og el, sagde han.<\/p>\n<p><strong>L\u00c6S OGS\u00c5: <\/strong><a href=\"https:\/\/kunmedierne.dk\/mors\/roede-kors-overvejer-flytning-af-toejbutik\/\"><strong>R\u00f8de Kors overvejer flytning af t\u00f8jbutik<\/strong><\/a><\/p>\n","protected":false},"excerpt":{"rendered":"<p>NYK\u00d8BING: De to R\u00f8de Kors-butikker i Nyk\u00f8bing f\u00e5r snart den samme adresse. Som KunMors fortalte i november, gik den lokale R\u00f8de Kors-afdeling med overvejelser om at samle de to butikker, der ligger p\u00e5 Gasv\u00e6rksvej og N.A. Christensensvej, p\u00e5 sidstn\u00e6vnte adresse. Og nu er beslutningen taget, fort\u00e6ller n\u00e6stformand Lisbeth Frandsen. &#8211; T\u00f8jbutikken flytter ud p\u00e5 N.A. [&hellip;]<\/p>\n","protected":false},"author":8,"featured_media":88982,"comment_status":"closed","ping_status":"open","sticky":false,"template":"","format":"standard","meta":{"_acf_changed":false,"footnotes":""},"categories":[51],"tags":[160],"class_list":["post-88937","post","type-post","status-publish","format-standard","has-post-thumbnail","hentry","category-lokalt","tag-handel"],"acf":[],"yoast_head":"<!-- This site is optimized with the Yoast SEO plugin v26.8 - https:\/\/yoast.com\/product\/yoast-seo-wordpress\/ -->\n<title>R\u00f8de Kors sl\u00e5r butikker sammen - Mors<\/title>\n<meta name=\"robots\" content=\"index, follow, max-snippet:-1, max-image-preview:large, max-video-preview:-1\" \/>\n<link rel=\"canonical\" href=\"https:\/\/kunmedierne.dk\/mors\/roede-kors-slaar-butikker-sammen\/\" \/>\n<meta property=\"og:locale\" content=\"da_DK\" \/>\n<meta property=\"og:type\" content=\"article\" \/>\n<meta property=\"og:title\" content=\"R\u00f8de Kors sl\u00e5r butikker sammen - Mors\" \/>\n<meta property=\"og:description\" content=\"NYK\u00d8BING: De to R\u00f8de Kors-butikker i Nyk\u00f8bing f\u00e5r snart den samme adresse. Som KunMors fortalte i november, gik den lokale R\u00f8de Kors-afdeling med overvejelser om at samle de to butikker, der ligger p\u00e5 Gasv\u00e6rksvej og N.A. Christensensvej, p\u00e5 sidstn\u00e6vnte adresse. Og nu er beslutningen taget, fort\u00e6ller n\u00e6stformand Lisbeth Frandsen. &#8211; T\u00f8jbutikken flytter ud p\u00e5 N.A. [&hellip;]\" \/>\n<meta property=\"og:url\" content=\"https:\/\/kunmedierne.dk\/mors\/roede-kors-slaar-butikker-sammen\/\" \/>\n<meta property=\"og:site_name\" content=\"Mors\" \/>\n<meta property=\"article:published_time\" content=\"2023-02-16T19:34:07+00:00\" \/>\n<meta property=\"article:modified_time\" content=\"2024-08-07T12:37:36+00:00\" \/>\n<meta property=\"og:image\" content=\"https:\/\/kunmedierne.dk\/mors\/wp-content\/uploads\/2023\/02\/roede-kors.jpg\" \/>\n\t<meta property=\"og:image:width\" content=\"770\" \/>\n\t<meta property=\"og:image:height\" content=\"513\" \/>\n\t<meta property=\"og:image:type\" content=\"image\/jpeg\" \/>\n<meta name=\"author\" content=\"David H\u00f8jmark\" \/>\n<meta name=\"twitter:card\" content=\"summary_large_image\" \/>\n<meta name=\"twitter:label1\" content=\"Skrevet af\" \/>\n\t<meta name=\"twitter:data1\" content=\"David H\u00f8jmark\" \/>\n\t<meta name=\"twitter:label2\" content=\"Estimeret l\u00e6setid\" \/>\n\t<meta name=\"twitter:data2\" content=\"1 minut\" \/>\n<script type=\"application\/ld+json\" class=\"yoast-schema-graph\">{\"@context\":\"https:\/\/schema.org\",\"@graph\":[{\"@type\":\"Article\",\"@id\":\"https:\/\/kunmedierne.dk\/mors\/roede-kors-slaar-butikker-sammen\/#article\",\"isPartOf\":{\"@id\":\"https:\/\/kunmedierne.dk\/mors\/roede-kors-slaar-butikker-sammen\/\"},\"author\":{\"name\":\"David H\u00f8jmark\",\"@id\":\"https:\/\/kunmedierne.dk\/mors\/#\/schema\/person\/5fe23251bf1d0abbcdc6f7896579d548\"},\"headline\":\"R\u00f8de Kors sl\u00e5r butikker sammen\",\"datePublished\":\"2023-02-16T19:34:07+00:00\",\"dateModified\":\"2024-08-07T12:37:36+00:00\",\"mainEntityOfPage\":{\"@id\":\"https:\/\/kunmedierne.dk\/mors\/roede-kors-slaar-butikker-sammen\/\"},\"wordCount\":201,\"publisher\":{\"@id\":\"https:\/\/kunmedierne.dk\/mors\/#organization\"},\"image\":{\"@id\":\"https:\/\/kunmedierne.dk\/mors\/roede-kors-slaar-butikker-sammen\/#primaryimage\"},\"thumbnailUrl\":\"https:\/\/kunmedierne.dk\/mors\/wp-content\/uploads\/2023\/02\/roede-kors.jpg\",\"keywords\":[\"Handel\"],\"articleSection\":[\"Lokalt\"],\"inLanguage\":\"da-DK\"},{\"@type\":\"WebPage\",\"@id\":\"https:\/\/kunmedierne.dk\/mors\/roede-kors-slaar-butikker-sammen\/\",\"url\":\"https:\/\/kunmedierne.dk\/mors\/roede-kors-slaar-butikker-sammen\/\",\"name\":\"R\u00f8de Kors sl\u00e5r butikker sammen - Mors\",\"isPartOf\":{\"@id\":\"https:\/\/kunmedierne.dk\/mors\/#website\"},\"primaryImageOfPage\":{\"@id\":\"https:\/\/kunmedierne.dk\/mors\/roede-kors-slaar-butikker-sammen\/#primaryimage\"},\"image\":{\"@id\":\"https:\/\/kunmedierne.dk\/mors\/roede-kors-slaar-butikker-sammen\/#primaryimage\"},\"thumbnailUrl\":\"https:\/\/kunmedierne.dk\/mors\/wp-content\/uploads\/2023\/02\/roede-kors.jpg\",\"datePublished\":\"2023-02-16T19:34:07+00:00\",\"dateModified\":\"2024-08-07T12:37:36+00:00\",\"breadcrumb\":{\"@id\":\"https:\/\/kunmedierne.dk\/mors\/roede-kors-slaar-butikker-sammen\/#breadcrumb\"},\"inLanguage\":\"da-DK\",\"potentialAction\":[{\"@type\":\"ReadAction\",\"target\":[\"https:\/\/kunmedierne.dk\/mors\/roede-kors-slaar-butikker-sammen\/\"]}]},{\"@type\":\"ImageObject\",\"inLanguage\":\"da-DK\",\"@id\":\"https:\/\/kunmedierne.dk\/mors\/roede-kors-slaar-butikker-sammen\/#primaryimage\",\"url\":\"https:\/\/kunmedierne.dk\/mors\/wp-content\/uploads\/2023\/02\/roede-kors.jpg\",\"contentUrl\":\"https:\/\/kunmedierne.dk\/mors\/wp-content\/uploads\/2023\/02\/roede-kors.jpg\",\"width\":770,\"height\":513,\"caption\":\"R\u00f8de Kors-butikken p\u00e5 Gasv\u00e6rksvej.\"},{\"@type\":\"BreadcrumbList\",\"@id\":\"https:\/\/kunmedierne.dk\/mors\/roede-kors-slaar-butikker-sammen\/#breadcrumb\",\"itemListElement\":[{\"@type\":\"ListItem\",\"position\":1,\"name\":\"Hjem\",\"item\":\"https:\/\/kunmedierne.dk\/mors\/\"},{\"@type\":\"ListItem\",\"position\":2,\"name\":\"R\u00f8de Kors sl\u00e5r butikker sammen\"}]},{\"@type\":\"WebSite\",\"@id\":\"https:\/\/kunmedierne.dk\/mors\/#website\",\"url\":\"https:\/\/kunmedierne.dk\/mors\/\",\"name\":\"Mors\",\"description\":\"et netmedie med journalistik om livet p\u00e5 Mors\",\"publisher\":{\"@id\":\"https:\/\/kunmedierne.dk\/mors\/#organization\"},\"potentialAction\":[{\"@type\":\"SearchAction\",\"target\":{\"@type\":\"EntryPoint\",\"urlTemplate\":\"https:\/\/kunmedierne.dk\/mors\/?s={search_term_string}\"},\"query-input\":{\"@type\":\"PropertyValueSpecification\",\"valueRequired\":true,\"valueName\":\"search_term_string\"}}],\"inLanguage\":\"da-DK\"},{\"@type\":\"Organization\",\"@id\":\"https:\/\/kunmedierne.dk\/mors\/#organization\",\"name\":\"Mors\",\"url\":\"https:\/\/kunmedierne.dk\/mors\/\",\"logo\":{\"@type\":\"ImageObject\",\"inLanguage\":\"da-DK\",\"@id\":\"https:\/\/kunmedierne.dk\/mors\/#\/schema\/logo\/image\/\",\"url\":\"https:\/\/kunmedierne.dk\/mors\/wp-content\/uploads\/2024\/08\/kunmors-logo.svg\",\"contentUrl\":\"https:\/\/kunmedierne.dk\/mors\/wp-content\/uploads\/2024\/08\/kunmors-logo.svg\",\"caption\":\"Mors\"},\"image\":{\"@id\":\"https:\/\/kunmedierne.dk\/mors\/#\/schema\/logo\/image\/\"}},{\"@type\":\"Person\",\"@id\":\"https:\/\/kunmedierne.dk\/mors\/#\/schema\/person\/5fe23251bf1d0abbcdc6f7896579d548\",\"name\":\"David H\u00f8jmark\",\"image\":{\"@type\":\"ImageObject\",\"inLanguage\":\"da-DK\",\"@id\":\"https:\/\/kunmedierne.dk\/mors\/#\/schema\/person\/image\/\",\"url\":\"https:\/\/secure.gravatar.com\/avatar\/4315d6fb9ef244d729989f5f90268eb08d5bf8a3d84402f595fa194bb35784fd?s=96&d=mm&r=g\",\"contentUrl\":\"https:\/\/secure.gravatar.com\/avatar\/4315d6fb9ef244d729989f5f90268eb08d5bf8a3d84402f595fa194bb35784fd?s=96&d=mm&r=g\",\"caption\":\"David H\u00f8jmark\"},\"sameAs\":[\"https:\/\/www.kunmedierne.dk\"],\"url\":\"https:\/\/kunmedierne.dk\/mors\/author\/david\/\"}]}<\/script>\n<!-- \/ Yoast SEO plugin. -->","yoast_head_json":{"title":"R\u00f8de Kors sl\u00e5r butikker sammen - Mors","robots":{"index":"index","follow":"follow","max-snippet":"max-snippet:-1","max-image-preview":"max-image-preview:large","max-video-preview":"max-video-preview:-1"},"canonical":"https:\/\/kunmedierne.dk\/mors\/roede-kors-slaar-butikker-sammen\/","og_locale":"da_DK","og_type":"article","og_title":"R\u00f8de Kors sl\u00e5r butikker sammen - Mors","og_description":"NYK\u00d8BING: De to R\u00f8de Kors-butikker i Nyk\u00f8bing f\u00e5r snart den samme adresse. Som KunMors fortalte i november, gik den lokale R\u00f8de Kors-afdeling med overvejelser om at samle de to butikker, der ligger p\u00e5 Gasv\u00e6rksvej og N.A. Christensensvej, p\u00e5 sidstn\u00e6vnte adresse. Og nu er beslutningen taget, fort\u00e6ller n\u00e6stformand Lisbeth Frandsen. &#8211; T\u00f8jbutikken flytter ud p\u00e5 N.A. [&hellip;]","og_url":"https:\/\/kunmedierne.dk\/mors\/roede-kors-slaar-butikker-sammen\/","og_site_name":"Mors","article_published_time":"2023-02-16T19:34:07+00:00","article_modified_time":"2024-08-07T12:37:36+00:00","og_image":[{"width":770,"height":513,"url":"https:\/\/kunmedierne.dk\/mors\/wp-content\/uploads\/2023\/02\/roede-kors.jpg","type":"image\/jpeg"}],"author":"David H\u00f8jmark","twitter_card":"summary_large_image","twitter_misc":{"Skrevet af":"David H\u00f8jmark","Estimeret l\u00e6setid":"1 minut"},"schema":{"@context":"https:\/\/schema.org","@graph":[{"@type":"Article","@id":"https:\/\/kunmedierne.dk\/mors\/roede-kors-slaar-butikker-sammen\/#article","isPartOf":{"@id":"https:\/\/kunmedierne.dk\/mors\/roede-kors-slaar-butikker-sammen\/"},"author":{"name":"David H\u00f8jmark","@id":"https:\/\/kunmedierne.dk\/mors\/#\/schema\/person\/5fe23251bf1d0abbcdc6f7896579d548"},"headline":"R\u00f8de Kors sl\u00e5r butikker sammen","datePublished":"2023-02-16T19:34:07+00:00","dateModified":"2024-08-07T12:37:36+00:00","mainEntityOfPage":{"@id":"https:\/\/kunmedierne.dk\/mors\/roede-kors-slaar-butikker-sammen\/"},"wordCount":201,"publisher":{"@id":"https:\/\/kunmedierne.dk\/mors\/#organization"},"image":{"@id":"https:\/\/kunmedierne.dk\/mors\/roede-kors-slaar-butikker-sammen\/#primaryimage"},"thumbnailUrl":"https:\/\/kunmedierne.dk\/mors\/wp-content\/uploads\/2023\/02\/roede-kors.jpg","keywords":["Handel"],"articleSection":["Lokalt"],"inLanguage":"da-DK"},{"@type":"WebPage","@id":"https:\/\/kunmedierne.dk\/mors\/roede-kors-slaar-butikker-sammen\/","url":"https:\/\/kunmedierne.dk\/mors\/roede-kors-slaar-butikker-sammen\/","name":"R\u00f8de Kors sl\u00e5r butikker sammen - Mors","isPartOf":{"@id":"https:\/\/kunmedierne.dk\/mors\/#website"},"primaryImageOfPage":{"@id":"https:\/\/kunmedierne.dk\/mors\/roede-kors-slaar-butikker-sammen\/#primaryimage"},"image":{"@id":"https:\/\/kunmedierne.dk\/mors\/roede-kors-slaar-butikker-sammen\/#primaryimage"},"thumbnailUrl":"https:\/\/kunmedierne.dk\/mors\/wp-content\/uploads\/2023\/02\/roede-kors.jpg","datePublished":"2023-02-16T19:34:07+00:00","dateModified":"2024-08-07T12:37:36+00:00","breadcrumb":{"@id":"https:\/\/kunmedierne.dk\/mors\/roede-kors-slaar-butikker-sammen\/#breadcrumb"},"inLanguage":"da-DK","potentialAction":[{"@type":"ReadAction","target":["https:\/\/kunmedierne.dk\/mors\/roede-kors-slaar-butikker-sammen\/"]}]},{"@type":"ImageObject","inLanguage":"da-DK","@id":"https:\/\/kunmedierne.dk\/mors\/roede-kors-slaar-butikker-sammen\/#primaryimage","url":"https:\/\/kunmedierne.dk\/mors\/wp-content\/uploads\/2023\/02\/roede-kors.jpg","contentUrl":"https:\/\/kunmedierne.dk\/mors\/wp-content\/uploads\/2023\/02\/roede-kors.jpg","width":770,"height":513,"caption":"R\u00f8de Kors-butikken p\u00e5 Gasv\u00e6rksvej."},{"@type":"BreadcrumbList","@id":"https:\/\/kunmedierne.dk\/mors\/roede-kors-slaar-butikker-sammen\/#breadcrumb","itemListElement":[{"@type":"ListItem","position":1,"name":"Hjem","item":"https:\/\/kunmedierne.dk\/mors\/"},{"@type":"ListItem","position":2,"name":"R\u00f8de Kors sl\u00e5r butikker sammen"}]},{"@type":"WebSite","@id":"https:\/\/kunmedierne.dk\/mors\/#website","url":"https:\/\/kunmedierne.dk\/mors\/","name":"Mors","description":"et netmedie med journalistik om livet p\u00e5 Mors","publisher":{"@id":"https:\/\/kunmedierne.dk\/mors\/#organization"},"potentialAction":[{"@type":"SearchAction","target":{"@type":"EntryPoint","urlTemplate":"https:\/\/kunmedierne.dk\/mors\/?s={search_term_string}"},"query-input":{"@type":"PropertyValueSpecification","valueRequired":true,"valueName":"search_term_string"}}],"inLanguage":"da-DK"},{"@type":"Organization","@id":"https:\/\/kunmedierne.dk\/mors\/#organization","name":"Mors","url":"https:\/\/kunmedierne.dk\/mors\/","logo":{"@type":"ImageObject","inLanguage":"da-DK","@id":"https:\/\/kunmedierne.dk\/mors\/#\/schema\/logo\/image\/","url":"https:\/\/kunmedierne.dk\/mors\/wp-content\/uploads\/2024\/08\/kunmors-logo.svg","contentUrl":"https:\/\/kunmedierne.dk\/mors\/wp-content\/uploads\/2024\/08\/kunmors-logo.svg","caption":"Mors"},"image":{"@id":"https:\/\/kunmedierne.dk\/mors\/#\/schema\/logo\/image\/"}},{"@type":"Person","@id":"https:\/\/kunmedierne.dk\/mors\/#\/schema\/person\/5fe23251bf1d0abbcdc6f7896579d548","name":"David H\u00f8jmark","image":{"@type":"ImageObject","inLanguage":"da-DK","@id":"https:\/\/kunmedierne.dk\/mors\/#\/schema\/person\/image\/","url":"https:\/\/secure.gravatar.com\/avatar\/4315d6fb9ef244d729989f5f90268eb08d5bf8a3d84402f595fa194bb35784fd?s=96&d=mm&r=g","contentUrl":"https:\/\/secure.gravatar.com\/avatar\/4315d6fb9ef244d729989f5f90268eb08d5bf8a3d84402f595fa194bb35784fd?s=96&d=mm&r=g","caption":"David H\u00f8jmark"},"sameAs":["https:\/\/www.kunmedierne.dk"],"url":"https:\/\/kunmedierne.dk\/mors\/author\/david\/"}]}},"_links":{"self":[{"href":"https:\/\/kunmedierne.dk\/mors\/wp-json\/wp\/v2\/posts\/88937","targetHints":{"allow":["GET"]}}],"collection":[{"href":"https:\/\/kunmedierne.dk\/mors\/wp-json\/wp\/v2\/posts"}],"about":[{"href":"https:\/\/kunmedierne.dk\/mors\/wp-json\/wp\/v2\/types\/post"}],"author":[{"embeddable":true,"href":"https:\/\/kunmedierne.dk\/mors\/wp-json\/wp\/v2\/users\/8"}],"replies":[{"embeddable":true,"href":"https:\/\/kunmedierne.dk\/mors\/wp-json\/wp\/v2\/comments?post=88937"}],"version-history":[{"count":4,"href":"https:\/\/kunmedierne.dk\/mors\/wp-json\/wp\/v2\/posts\/88937\/revisions"}],"predecessor-version":[{"id":88983,"href":"https:\/\/kunmedierne.dk\/mors\/wp-json\/wp\/v2\/posts\/88937\/revisions\/88983"}],"wp:featuredmedia":[{"embeddable":true,"href":"https:\/\/kunmedierne.dk\/mors\/wp-json\/wp\/v2\/media\/88982"}],"wp:attachment":[{"href":"https:\/\/kunmedierne.dk\/mors\/wp-json\/wp\/v2\/media?parent=88937"}],"wp:term":[{"taxonomy":"category","embeddable":true,"href":"https:\/\/kunmedierne.dk\/mors\/wp-json\/wp\/v2\/categories?post=88937"},{"taxonomy":"post_tag","embeddable":true,"href":"https:\/\/kunmedierne.dk\/mors\/wp-json\/wp\/v2\/tags?post=88937"}],"curies":[{"name":"wp","href":"https:\/\/api.w.org\/{rel}","templated":true}]}}