{"id":88396,"date":"2023-02-09T12:47:51","date_gmt":"2023-02-09T11:47:51","guid":{"rendered":"https:\/\/kunmedierne.dk\/mors\/?p=88396"},"modified":"2024-08-07T14:37:38","modified_gmt":"2024-08-07T12:37:38","slug":"nyt-samarbejde-med-mors-skruer-op-for-praktiktiden-paa-laereruddannelsen-i-skive","status":"publish","type":"post","link":"https:\/\/kunmedierne.dk\/mors\/nyt-samarbejde-med-mors-skruer-op-for-praktiktiden-paa-laereruddannelsen-i-skive\/","title":{"rendered":"Nyt samarbejde med Mors skruer op for praktiktiden p\u00e5 l\u00e6reruddannelsen i Skive"},"content":{"rendered":"<p><b><span data-contrast=\"auto\">MORS:<\/span><\/b><span data-contrast=\"auto\"> I de senere \u00e5r, aktuelt igen denne uge, har eksperter kritiseret l\u00e6rer- og p\u00e6dagoguddannelserne for ikke at have et fagligt h\u00f8jt nok niveau. Camilla Wang der er forperson for Danske professionsh\u00f8jskoler udtrykte i g\u00e5r i Politiken (den 8. februar 2023) en st\u00e6rk bekymring over de studerendes niveau. Hun peger p\u00e5, at mange af de studerende kommer med bundkarakterer fra grundskolen.\u00a0<\/span><span data-ccp-props=\"{&quot;201341983&quot;:0,&quot;335551550&quot;:0,&quot;335551620&quot;:0,&quot;335559739&quot;:160,&quot;335559740&quot;:259}\">\u00a0<\/span><\/p>\n<a class=\"dvrt-link\" onClick=\"cdmtrack_click(147315,jQuery(this));return false\" href=\"https:\/\/sdrhaa.dk\/\"><img decoding=\"async\" style=\"width:100%;\" src=\"https:\/\/kunmedierne.dk\/mors\/wp-content\/uploads\/2025\/05\/260302Sdr-HaaDin-gebyrvenlige-sparekasse_mors-002.gif\"><\/a><script>cdmtrack_view(147315);<\/script>\n<p><span data-contrast=\"auto\">En vej v\u00e6k fra det lave niveau fik i 2022 overskriften: Mere praktik. Det var hovedpointen, da den nye l\u00e6reruddannelse blev pr\u00e6senteret i efter\u00e5ret.<\/span><span data-ccp-props=\"{&quot;201341983&quot;:0,&quot;335551550&quot;:0,&quot;335551620&quot;:0,&quot;335559739&quot;:160,&quot;335559740&quot;:259}\">\u00a0<\/span><\/p>\n<p><span data-contrast=\"auto\">\u00a0<\/span><span data-ccp-props=\"{&quot;201341983&quot;:0,&quot;335551550&quot;:0,&quot;335551620&quot;:0,&quot;335559739&quot;:160,&quot;335559740&quot;:259}\">\u00a0<\/span><\/p>\n<p><b><span data-contrast=\"auto\">Nye tiltag p\u00e5 Mors<\/span><\/b><span data-ccp-props=\"{&quot;201341983&quot;:0,&quot;335551550&quot;:0,&quot;335551620&quot;:0,&quot;335559739&quot;:160,&quot;335559740&quot;:259}\">\u00a0<\/span><\/p>\n<p><span data-contrast=\"auto\">P\u00e5 Mors er der imidlertid lige blevet indg\u00e5et et nyt samarbejde mellem Mors\u00f8 Kommune og Skive. Et samarbejde hvis m\u00e5l netop er at skabe mere praktik for de l\u00e6rerstuderende og forh\u00e5bentlig p\u00e5 den m\u00e5de h\u00f8jne det faglige niveau.\u00a0<\/span><span data-ccp-props=\"{&quot;201341983&quot;:0,&quot;335551550&quot;:0,&quot;335551620&quot;:0,&quot;335559739&quot;:160,&quot;335559740&quot;:259}\">\u00a0<\/span><\/p>\n<p><span data-contrast=\"auto\">P\u00e5 l\u00e6reruddannelsen i Skive n\u00f8jes man nemlig ikke l\u00e6ngere med de 33 procents ekstra praktik, som den politiske aftale l\u00e6gger op til \u2013 og man venter ikke p\u00e5, at den nye aftale skal implementeres.<\/span><span data-ccp-props=\"{&quot;201341983&quot;:0,&quot;335551550&quot;:0,&quot;335551620&quot;:0,&quot;335559739&quot;:160,&quot;335559740&quot;:259}\">\u00a0<\/span><\/p>\n<p><span data-contrast=\"auto\">Med et nyt pilotprojekt er man nemlig tyvstartet og har indf\u00f8rt mere praktik for de l\u00e6rerstuderende, der startede i sommers. Det sker i samarbejde med Viborg, Skive, Mors\u00f8 og Thisted kommuner.<\/span><span data-ccp-props=\"{&quot;201341983&quot;:0,&quot;335551550&quot;:0,&quot;335551620&quot;:0,&quot;335559739&quot;:160,&quot;335559740&quot;:259}\">\u00a0<\/span><\/p>\n<a class=\"dvrt-link\" onClick=\"cdmtrack_click(104779,jQuery(this));return false\" href=\"https:\/\/morsoe-begravelsesforretning.dk\/\"><img decoding=\"async\" style=\"width:100%;\" src=\"https:\/\/kunmedierne.dk\/mors\/wp-content\/uploads\/2023\/11\/251215-morsoe-begravelsesforretning.jpg\"><\/a><script>cdmtrack_view(104779);<\/script>\n<p><span data-contrast=\"auto\">&#8211; Vi ved, hvor givende praktik er, og derfor s\u00f8satte vi i sommers \u2013 f\u00f8r den nye l\u00e6reruddannelse blev pr\u00e6senteret \u2013 det her pilotprojekt, hvor de studerende er l\u00e6ngere ude i deres praktik. Form\u00e5let er at forberede de studerende bedst muligt p\u00e5 et professionelt virke som l\u00e6rer og give dem mulighed for at udvikle sig fagligt, p\u00e6dagogisk og personligt. Siger Thomas Thorning, der er praktikleder p\u00e5 VIA L\u00e6reruddannelsen Skive.<\/span><span data-ccp-props=\"{&quot;201341983&quot;:0,&quot;335551550&quot;:0,&quot;335551620&quot;:0,&quot;335559739&quot;:160,&quot;335559740&quot;:259}\">\u00a0<\/span><\/p>\n<p><span data-contrast=\"auto\">Helt konkret betyder det, at hvor andre l\u00e6rerstuderende har praktik de fire f\u00f8rste uger af 2023, er de nye l\u00e6rerstuderende i Skive ogs\u00e5 i praktik her i uge 5 og 6.<\/span><span data-ccp-props=\"{&quot;201341983&quot;:0,&quot;335551550&quot;:0,&quot;335551620&quot;:0,&quot;335559739&quot;:160,&quot;335559740&quot;:259}\">\u00a0<\/span><\/p>\n<p><b><span data-contrast=\"auto\">\u00a0<\/span><\/b><span data-ccp-props=\"{&quot;201341983&quot;:0,&quot;335551550&quot;:0,&quot;335551620&quot;:0,&quot;335559739&quot;:160,&quot;335559740&quot;:259}\">\u00a0<\/span><\/p>\n<p><b><span data-contrast=\"auto\">Skolerne er meduddanner<\/span><\/b><span data-ccp-props=\"{&quot;201341983&quot;:0,&quot;335551550&quot;:0,&quot;335551620&quot;:0,&quot;335559739&quot;:160,&quot;335559740&quot;:259}\">\u00a0<\/span><\/p>\n<p><span data-contrast=\"auto\">Ud over den l\u00e6ngere praktikperiode er der som noget nyt tilrettelagt praktikdage hen over hele skole\u00e5ret. Det betyder, at de studerende er fast tilknyttet deres praktikskole og dermed skaber bedre relationer.<\/span><span data-ccp-props=\"{&quot;201341983&quot;:0,&quot;335551550&quot;:0,&quot;335551620&quot;:0,&quot;335559739&quot;:160,&quot;335559740&quot;:259}\">\u00a0<\/span><\/p>\n<p><span data-contrast=\"auto\">Mors\u00f8 Kommune er med i pilotprojektet, og if\u00f8lge Michael Dahlgaard, der er chef for Center for Skole og Dagtilbud i Mors\u00f8 Kommune, er det med til at give de studerende et bedre indblik i en skoles hverdag.<\/span><span data-ccp-props=\"{&quot;201341983&quot;:0,&quot;335551550&quot;:0,&quot;335551620&quot;:0,&quot;335559739&quot;:160,&quot;335559740&quot;:259}\">\u00a0<\/span><\/p>\n<a class=\"dvrt-link\" onClick=\"cdmtrack_click(104783,jQuery(this));return false\" href=\"https:\/\/konpap.dk\/\"><img decoding=\"async\" style=\"width:100%;\" src=\"https:\/\/kunmedierne.dk\/mors\/wp-content\/uploads\/2023\/10\/Kun-Mors-banner.jpg\"><\/a><script>cdmtrack_view(104783);<\/script>\n<p><span data-contrast=\"auto\">&#8211; Med mere praktik f\u00e5r vi et endnu t\u00e6ttere samarbejde mellem praktikskoler og uddannelsesstedet. Praktikken er s\u00e5 vigtig for de studerende, og med mere af den, betyder det, at skolerne i h\u00f8jere grad t\u00e6nkes som et uddannelsessted og som meduddanner af de studerende. Det giver samtidigt de studerende et st\u00f8rre indblik i hverdagen p\u00e5 skolen, og det er vigtigt for overgangen mellem uddannelse og praksis, mener han.<\/span><span data-ccp-props=\"{&quot;201341983&quot;:0,&quot;335551550&quot;:0,&quot;335551620&quot;:0,&quot;335559739&quot;:160,&quot;335559740&quot;:259}\">\u00a0<\/span><\/p>\n<p><b><span data-contrast=\"auto\">\u00a0<\/span><\/b><span data-ccp-props=\"{&quot;201341983&quot;:0,&quot;335551550&quot;:0,&quot;335551620&quot;:0,&quot;335559739&quot;:160,&quot;335559740&quot;:259}\">\u00a0<\/span><\/p>\n<p><b><span data-contrast=\"auto\">Giver et andet syn p\u00e5 l\u00e6rerlivet<\/span><\/b><span data-ccp-props=\"{&quot;201341983&quot;:0,&quot;335551550&quot;:0,&quot;335551620&quot;:0,&quot;335559739&quot;:160,&quot;335559740&quot;:259}\">\u00a0<\/span><\/p>\n<p><span data-contrast=\"auto\">Ogs\u00e5 hos de studerende v\u00e6kker det stor begejstring, at man p\u00e5 l\u00e6reruddannelsen i Skive f\u00e5r mere praktik.<\/span><span data-ccp-props=\"{&quot;201341983&quot;:0,&quot;335551550&quot;:0,&quot;335551620&quot;:0,&quot;335559739&quot;:160,&quot;335559740&quot;:259}\">\u00a0<\/span><\/p>\n<p><span data-contrast=\"auto\">&#8211; Jeg ser l\u00e6reruddannelsen som et h\u00e5ndv\u00e6rk, og det er i praktikken, at man f\u00e5r lov at pr\u00f8ve sit h\u00e5ndv\u00e6rk af. Det er i klasselokalet, man m\u00e6rker l\u00e6rerlivet, og man f\u00e5r et andet syn p\u00e5 det at v\u00e6re l\u00e6rer, for det er jo her, vi oms\u00e6tter alt vores teori til praksis. S\u00e5 jo mere praktik, jo mere kvalificerede l\u00e6rere f\u00e5r man ud i den anden ende, mener Jonas Stensdal Klitte, der er studerende p\u00e5 l\u00e6reruddannelsen i Skive. Han forts\u00e6tter:<\/span><span data-ccp-props=\"{&quot;201341983&quot;:0,&quot;335551550&quot;:0,&quot;335551620&quot;:0,&quot;335559739&quot;:160,&quot;335559740&quot;:259}\">\u00a0<\/span><\/p>\n<p><span data-contrast=\"auto\">&#8211; Og s\u00e5 giver det ogs\u00e5 et helt andet b\u00e5nd til eleverne, fordi vi er der mere. Det er tydeligt at m\u00e6rke, at de er trygge ved os.<\/span><span data-ccp-props=\"{&quot;201341983&quot;:0,&quot;335551550&quot;:0,&quot;335551620&quot;:0,&quot;335559739&quot;:160,&quot;335559740&quot;:259}\">\u00a0<\/span><\/p>\n<p><span data-contrast=\"auto\">\u00a0<\/span><span data-ccp-props=\"{&quot;201341983&quot;:0,&quot;335551550&quot;:0,&quot;335551620&quot;:0,&quot;335559739&quot;:160,&quot;335559740&quot;:259}\">\u00a0<\/span><\/p>\n<p><b><span data-contrast=\"auto\">Flere studerende til l\u00e6reruddannelsen i Skive<\/span><\/b><span data-ccp-props=\"{&quot;201341983&quot;:0,&quot;335551550&quot;:0,&quot;335551620&quot;:0,&quot;335559739&quot;:160,&quot;335559740&quot;:259}\">\u00a0<\/span><\/p>\n<p><span data-contrast=\"auto\">H\u00e5bet er, at man med den \u00f8gede praktik ogs\u00e5 kan tiltr\u00e6kke flere l\u00e6rerstuderende.<\/span><span data-ccp-props=\"{&quot;201341983&quot;:0,&quot;335551550&quot;:0,&quot;335551620&quot;:0,&quot;335559739&quot;:160,&quot;335559740&quot;:259}\">\u00a0<\/span><\/p>\n<p><span data-contrast=\"auto\">&#8211; L\u00e6reruddannelsen i Skive skiller sig ud p\u00e5 s\u00e5 mange m\u00e5der, og vi h\u00e5ber virkelig, at vi kan f\u00e5 flere til at f\u00e5 \u00f8jnene op for alt det, man kan her \u2013 og at det, at man her f\u00e5r mere praktik end noget andet sted i regionen, kan hj\u00e6lpe os med at tiltr\u00e6kke og fastholde flere, fort\u00e6ller Thomas Thorning.<\/span><span data-ccp-props=\"{&quot;201341983&quot;:0,&quot;335551550&quot;:0,&quot;335551620&quot;:0,&quot;335559739&quot;:160,&quot;335559740&quot;:259}\">\u00a0<\/span><\/p>\n<a class=\"dvrt-link\" onClick=\"cdmtrack_click(169437,jQuery(this));return false\" href=\"https:\/\/thymors.dk\/sponsorater\/15-til-faellesskabet?utm_source=kunmors&amp;utm_medium=annonce&amp;utm_campaign=sponsorater\"><img decoding=\"async\" style=\"width:100%;\" src=\"https:\/\/kunmedierne.dk\/mors\/wp-content\/uploads\/2026\/03\/260407ThyMors-energi_faellesskab_generel-1.jpg\"><\/a><script>cdmtrack_view(169437);<\/script>\n<p><span data-contrast=\"auto\">L\u00e6reruddannelsen i Skive holder \u00c5bent Hus onsdag den 22. februar, og her kan man bl.a. h\u00f8re mere om den \u00f8gede praktik.<\/span><span data-ccp-props=\"{&quot;201341983&quot;:0,&quot;335551550&quot;:0,&quot;335551620&quot;:0,&quot;335559739&quot;:160,&quot;335559740&quot;:259}\">\u00a0<\/span><\/p>\n","protected":false},"excerpt":{"rendered":"<p>MORS: I de senere \u00e5r, aktuelt igen denne uge, har eksperter kritiseret l\u00e6rer- og p\u00e6dagoguddannelserne for ikke at have et fagligt h\u00f8jt nok niveau. Camilla Wang der er forperson for Danske professionsh\u00f8jskoler udtrykte i g\u00e5r i Politiken (den 8. februar 2023) en st\u00e6rk bekymring over de studerendes niveau. Hun peger p\u00e5, at mange af de [&hellip;]<\/p>\n","protected":false},"author":2507,"featured_media":88399,"comment_status":"closed","ping_status":"open","sticky":false,"template":"","format":"standard","meta":{"_acf_changed":false,"footnotes":""},"categories":[51],"tags":[],"class_list":["post-88396","post","type-post","status-publish","format-standard","has-post-thumbnail","hentry","category-lokalt"],"acf":[],"yoast_head":"<!-- This site is optimized with the Yoast SEO plugin v26.8 - https:\/\/yoast.com\/product\/yoast-seo-wordpress\/ -->\n<title>Nyt samarbejde med Mors skruer op for praktiktiden p\u00e5 l\u00e6reruddannelsen i Skive - Mors<\/title>\n<meta name=\"robots\" content=\"index, follow, max-snippet:-1, max-image-preview:large, max-video-preview:-1\" \/>\n<link rel=\"canonical\" href=\"https:\/\/kunmedierne.dk\/mors\/nyt-samarbejde-med-mors-skruer-op-for-praktiktiden-paa-laereruddannelsen-i-skive\/\" \/>\n<meta property=\"og:locale\" content=\"da_DK\" \/>\n<meta property=\"og:type\" content=\"article\" \/>\n<meta property=\"og:title\" content=\"Nyt samarbejde med Mors skruer op for praktiktiden p\u00e5 l\u00e6reruddannelsen i Skive - Mors\" \/>\n<meta property=\"og:description\" content=\"MORS: I de senere \u00e5r, aktuelt igen denne uge, har eksperter kritiseret l\u00e6rer- og p\u00e6dagoguddannelserne for ikke at have et fagligt h\u00f8jt nok niveau. Camilla Wang der er forperson for Danske professionsh\u00f8jskoler udtrykte i g\u00e5r i Politiken (den 8. februar 2023) en st\u00e6rk bekymring over de studerendes niveau. Hun peger p\u00e5, at mange af de [&hellip;]\" \/>\n<meta property=\"og:url\" content=\"https:\/\/kunmedierne.dk\/mors\/nyt-samarbejde-med-mors-skruer-op-for-praktiktiden-paa-laereruddannelsen-i-skive\/\" \/>\n<meta property=\"og:site_name\" content=\"Mors\" \/>\n<meta property=\"article:published_time\" content=\"2023-02-09T11:47:51+00:00\" \/>\n<meta property=\"article:modified_time\" content=\"2024-08-07T12:37:38+00:00\" \/>\n<meta property=\"og:image\" content=\"https:\/\/kunmedierne.dk\/mors\/wp-content\/uploads\/2023\/02\/VIA-Skive-laerer-matematik-0221-scaled.jpg\" \/>\n\t<meta property=\"og:image:width\" content=\"2560\" \/>\n\t<meta property=\"og:image:height\" content=\"1707\" \/>\n\t<meta property=\"og:image:type\" content=\"image\/jpeg\" \/>\n<meta name=\"author\" content=\"Katrine Hedegaard\" \/>\n<meta name=\"twitter:card\" content=\"summary_large_image\" \/>\n<meta name=\"twitter:label1\" content=\"Skrevet af\" \/>\n\t<meta name=\"twitter:data1\" content=\"Katrine Hedegaard\" \/>\n\t<meta name=\"twitter:label2\" content=\"Estimeret l\u00e6setid\" \/>\n\t<meta name=\"twitter:data2\" content=\"4 minutter\" \/>\n<script type=\"application\/ld+json\" class=\"yoast-schema-graph\">{\"@context\":\"https:\/\/schema.org\",\"@graph\":[{\"@type\":\"Article\",\"@id\":\"https:\/\/kunmedierne.dk\/mors\/nyt-samarbejde-med-mors-skruer-op-for-praktiktiden-paa-laereruddannelsen-i-skive\/#article\",\"isPartOf\":{\"@id\":\"https:\/\/kunmedierne.dk\/mors\/nyt-samarbejde-med-mors-skruer-op-for-praktiktiden-paa-laereruddannelsen-i-skive\/\"},\"author\":{\"name\":\"Katrine Hedegaard\",\"@id\":\"https:\/\/kunmedierne.dk\/mors\/#\/schema\/person\/b2e62a38069b12365e53e087a8709c64\"},\"headline\":\"Nyt samarbejde med Mors skruer op for praktiktiden p\u00e5 l\u00e6reruddannelsen i Skive\",\"datePublished\":\"2023-02-09T11:47:51+00:00\",\"dateModified\":\"2024-08-07T12:37:38+00:00\",\"mainEntityOfPage\":{\"@id\":\"https:\/\/kunmedierne.dk\/mors\/nyt-samarbejde-med-mors-skruer-op-for-praktiktiden-paa-laereruddannelsen-i-skive\/\"},\"wordCount\":747,\"publisher\":{\"@id\":\"https:\/\/kunmedierne.dk\/mors\/#organization\"},\"image\":{\"@id\":\"https:\/\/kunmedierne.dk\/mors\/nyt-samarbejde-med-mors-skruer-op-for-praktiktiden-paa-laereruddannelsen-i-skive\/#primaryimage\"},\"thumbnailUrl\":\"https:\/\/kunmedierne.dk\/mors\/wp-content\/uploads\/2023\/02\/VIA-Skive-laerer-matematik-0221-scaled.jpg\",\"articleSection\":[\"Lokalt\"],\"inLanguage\":\"da-DK\"},{\"@type\":\"WebPage\",\"@id\":\"https:\/\/kunmedierne.dk\/mors\/nyt-samarbejde-med-mors-skruer-op-for-praktiktiden-paa-laereruddannelsen-i-skive\/\",\"url\":\"https:\/\/kunmedierne.dk\/mors\/nyt-samarbejde-med-mors-skruer-op-for-praktiktiden-paa-laereruddannelsen-i-skive\/\",\"name\":\"Nyt samarbejde med Mors skruer op for praktiktiden p\u00e5 l\u00e6reruddannelsen i Skive - Mors\",\"isPartOf\":{\"@id\":\"https:\/\/kunmedierne.dk\/mors\/#website\"},\"primaryImageOfPage\":{\"@id\":\"https:\/\/kunmedierne.dk\/mors\/nyt-samarbejde-med-mors-skruer-op-for-praktiktiden-paa-laereruddannelsen-i-skive\/#primaryimage\"},\"image\":{\"@id\":\"https:\/\/kunmedierne.dk\/mors\/nyt-samarbejde-med-mors-skruer-op-for-praktiktiden-paa-laereruddannelsen-i-skive\/#primaryimage\"},\"thumbnailUrl\":\"https:\/\/kunmedierne.dk\/mors\/wp-content\/uploads\/2023\/02\/VIA-Skive-laerer-matematik-0221-scaled.jpg\",\"datePublished\":\"2023-02-09T11:47:51+00:00\",\"dateModified\":\"2024-08-07T12:37:38+00:00\",\"breadcrumb\":{\"@id\":\"https:\/\/kunmedierne.dk\/mors\/nyt-samarbejde-med-mors-skruer-op-for-praktiktiden-paa-laereruddannelsen-i-skive\/#breadcrumb\"},\"inLanguage\":\"da-DK\",\"potentialAction\":[{\"@type\":\"ReadAction\",\"target\":[\"https:\/\/kunmedierne.dk\/mors\/nyt-samarbejde-med-mors-skruer-op-for-praktiktiden-paa-laereruddannelsen-i-skive\/\"]}]},{\"@type\":\"ImageObject\",\"inLanguage\":\"da-DK\",\"@id\":\"https:\/\/kunmedierne.dk\/mors\/nyt-samarbejde-med-mors-skruer-op-for-praktiktiden-paa-laereruddannelsen-i-skive\/#primaryimage\",\"url\":\"https:\/\/kunmedierne.dk\/mors\/wp-content\/uploads\/2023\/02\/VIA-Skive-laerer-matematik-0221-scaled.jpg\",\"contentUrl\":\"https:\/\/kunmedierne.dk\/mors\/wp-content\/uploads\/2023\/02\/VIA-Skive-laerer-matematik-0221-scaled.jpg\",\"width\":2560,\"height\":1707,\"caption\":\"VIA University College Skive\"},{\"@type\":\"BreadcrumbList\",\"@id\":\"https:\/\/kunmedierne.dk\/mors\/nyt-samarbejde-med-mors-skruer-op-for-praktiktiden-paa-laereruddannelsen-i-skive\/#breadcrumb\",\"itemListElement\":[{\"@type\":\"ListItem\",\"position\":1,\"name\":\"Hjem\",\"item\":\"https:\/\/kunmedierne.dk\/mors\/\"},{\"@type\":\"ListItem\",\"position\":2,\"name\":\"Nyt samarbejde med Mors skruer op for praktiktiden p\u00e5 l\u00e6reruddannelsen i Skive\"}]},{\"@type\":\"WebSite\",\"@id\":\"https:\/\/kunmedierne.dk\/mors\/#website\",\"url\":\"https:\/\/kunmedierne.dk\/mors\/\",\"name\":\"Mors\",\"description\":\"et netmedie med journalistik om livet p\u00e5 Mors\",\"publisher\":{\"@id\":\"https:\/\/kunmedierne.dk\/mors\/#organization\"},\"potentialAction\":[{\"@type\":\"SearchAction\",\"target\":{\"@type\":\"EntryPoint\",\"urlTemplate\":\"https:\/\/kunmedierne.dk\/mors\/?s={search_term_string}\"},\"query-input\":{\"@type\":\"PropertyValueSpecification\",\"valueRequired\":true,\"valueName\":\"search_term_string\"}}],\"inLanguage\":\"da-DK\"},{\"@type\":\"Organization\",\"@id\":\"https:\/\/kunmedierne.dk\/mors\/#organization\",\"name\":\"Mors\",\"url\":\"https:\/\/kunmedierne.dk\/mors\/\",\"logo\":{\"@type\":\"ImageObject\",\"inLanguage\":\"da-DK\",\"@id\":\"https:\/\/kunmedierne.dk\/mors\/#\/schema\/logo\/image\/\",\"url\":\"https:\/\/kunmedierne.dk\/mors\/wp-content\/uploads\/2024\/08\/kunmors-logo.svg\",\"contentUrl\":\"https:\/\/kunmedierne.dk\/mors\/wp-content\/uploads\/2024\/08\/kunmors-logo.svg\",\"caption\":\"Mors\"},\"image\":{\"@id\":\"https:\/\/kunmedierne.dk\/mors\/#\/schema\/logo\/image\/\"}},{\"@type\":\"Person\",\"@id\":\"https:\/\/kunmedierne.dk\/mors\/#\/schema\/person\/b2e62a38069b12365e53e087a8709c64\",\"name\":\"Katrine Hedegaard\",\"image\":{\"@type\":\"ImageObject\",\"inLanguage\":\"da-DK\",\"@id\":\"https:\/\/kunmedierne.dk\/mors\/#\/schema\/person\/image\/\",\"url\":\"https:\/\/secure.gravatar.com\/avatar\/18a5c72fa9148052fd3ed5a58b40fc83cfdc9811090e6e6eec9539af058edcc0?s=96&d=mm&r=g\",\"contentUrl\":\"https:\/\/secure.gravatar.com\/avatar\/18a5c72fa9148052fd3ed5a58b40fc83cfdc9811090e6e6eec9539af058edcc0?s=96&d=mm&r=g\",\"caption\":\"Katrine Hedegaard\"},\"url\":\"https:\/\/kunmedierne.dk\/mors\/author\/katrine\/\"}]}<\/script>\n<!-- \/ Yoast SEO plugin. -->","yoast_head_json":{"title":"Nyt samarbejde med Mors skruer op for praktiktiden p\u00e5 l\u00e6reruddannelsen i Skive - Mors","robots":{"index":"index","follow":"follow","max-snippet":"max-snippet:-1","max-image-preview":"max-image-preview:large","max-video-preview":"max-video-preview:-1"},"canonical":"https:\/\/kunmedierne.dk\/mors\/nyt-samarbejde-med-mors-skruer-op-for-praktiktiden-paa-laereruddannelsen-i-skive\/","og_locale":"da_DK","og_type":"article","og_title":"Nyt samarbejde med Mors skruer op for praktiktiden p\u00e5 l\u00e6reruddannelsen i Skive - Mors","og_description":"MORS: I de senere \u00e5r, aktuelt igen denne uge, har eksperter kritiseret l\u00e6rer- og p\u00e6dagoguddannelserne for ikke at have et fagligt h\u00f8jt nok niveau. Camilla Wang der er forperson for Danske professionsh\u00f8jskoler udtrykte i g\u00e5r i Politiken (den 8. februar 2023) en st\u00e6rk bekymring over de studerendes niveau. Hun peger p\u00e5, at mange af de [&hellip;]","og_url":"https:\/\/kunmedierne.dk\/mors\/nyt-samarbejde-med-mors-skruer-op-for-praktiktiden-paa-laereruddannelsen-i-skive\/","og_site_name":"Mors","article_published_time":"2023-02-09T11:47:51+00:00","article_modified_time":"2024-08-07T12:37:38+00:00","og_image":[{"width":2560,"height":1707,"url":"https:\/\/kunmedierne.dk\/mors\/wp-content\/uploads\/2023\/02\/VIA-Skive-laerer-matematik-0221-scaled.jpg","type":"image\/jpeg"}],"author":"Katrine Hedegaard","twitter_card":"summary_large_image","twitter_misc":{"Skrevet af":"Katrine Hedegaard","Estimeret l\u00e6setid":"4 minutter"},"schema":{"@context":"https:\/\/schema.org","@graph":[{"@type":"Article","@id":"https:\/\/kunmedierne.dk\/mors\/nyt-samarbejde-med-mors-skruer-op-for-praktiktiden-paa-laereruddannelsen-i-skive\/#article","isPartOf":{"@id":"https:\/\/kunmedierne.dk\/mors\/nyt-samarbejde-med-mors-skruer-op-for-praktiktiden-paa-laereruddannelsen-i-skive\/"},"author":{"name":"Katrine Hedegaard","@id":"https:\/\/kunmedierne.dk\/mors\/#\/schema\/person\/b2e62a38069b12365e53e087a8709c64"},"headline":"Nyt samarbejde med Mors skruer op for praktiktiden p\u00e5 l\u00e6reruddannelsen i Skive","datePublished":"2023-02-09T11:47:51+00:00","dateModified":"2024-08-07T12:37:38+00:00","mainEntityOfPage":{"@id":"https:\/\/kunmedierne.dk\/mors\/nyt-samarbejde-med-mors-skruer-op-for-praktiktiden-paa-laereruddannelsen-i-skive\/"},"wordCount":747,"publisher":{"@id":"https:\/\/kunmedierne.dk\/mors\/#organization"},"image":{"@id":"https:\/\/kunmedierne.dk\/mors\/nyt-samarbejde-med-mors-skruer-op-for-praktiktiden-paa-laereruddannelsen-i-skive\/#primaryimage"},"thumbnailUrl":"https:\/\/kunmedierne.dk\/mors\/wp-content\/uploads\/2023\/02\/VIA-Skive-laerer-matematik-0221-scaled.jpg","articleSection":["Lokalt"],"inLanguage":"da-DK"},{"@type":"WebPage","@id":"https:\/\/kunmedierne.dk\/mors\/nyt-samarbejde-med-mors-skruer-op-for-praktiktiden-paa-laereruddannelsen-i-skive\/","url":"https:\/\/kunmedierne.dk\/mors\/nyt-samarbejde-med-mors-skruer-op-for-praktiktiden-paa-laereruddannelsen-i-skive\/","name":"Nyt samarbejde med Mors skruer op for praktiktiden p\u00e5 l\u00e6reruddannelsen i Skive - Mors","isPartOf":{"@id":"https:\/\/kunmedierne.dk\/mors\/#website"},"primaryImageOfPage":{"@id":"https:\/\/kunmedierne.dk\/mors\/nyt-samarbejde-med-mors-skruer-op-for-praktiktiden-paa-laereruddannelsen-i-skive\/#primaryimage"},"image":{"@id":"https:\/\/kunmedierne.dk\/mors\/nyt-samarbejde-med-mors-skruer-op-for-praktiktiden-paa-laereruddannelsen-i-skive\/#primaryimage"},"thumbnailUrl":"https:\/\/kunmedierne.dk\/mors\/wp-content\/uploads\/2023\/02\/VIA-Skive-laerer-matematik-0221-scaled.jpg","datePublished":"2023-02-09T11:47:51+00:00","dateModified":"2024-08-07T12:37:38+00:00","breadcrumb":{"@id":"https:\/\/kunmedierne.dk\/mors\/nyt-samarbejde-med-mors-skruer-op-for-praktiktiden-paa-laereruddannelsen-i-skive\/#breadcrumb"},"inLanguage":"da-DK","potentialAction":[{"@type":"ReadAction","target":["https:\/\/kunmedierne.dk\/mors\/nyt-samarbejde-med-mors-skruer-op-for-praktiktiden-paa-laereruddannelsen-i-skive\/"]}]},{"@type":"ImageObject","inLanguage":"da-DK","@id":"https:\/\/kunmedierne.dk\/mors\/nyt-samarbejde-med-mors-skruer-op-for-praktiktiden-paa-laereruddannelsen-i-skive\/#primaryimage","url":"https:\/\/kunmedierne.dk\/mors\/wp-content\/uploads\/2023\/02\/VIA-Skive-laerer-matematik-0221-scaled.jpg","contentUrl":"https:\/\/kunmedierne.dk\/mors\/wp-content\/uploads\/2023\/02\/VIA-Skive-laerer-matematik-0221-scaled.jpg","width":2560,"height":1707,"caption":"VIA University College Skive"},{"@type":"BreadcrumbList","@id":"https:\/\/kunmedierne.dk\/mors\/nyt-samarbejde-med-mors-skruer-op-for-praktiktiden-paa-laereruddannelsen-i-skive\/#breadcrumb","itemListElement":[{"@type":"ListItem","position":1,"name":"Hjem","item":"https:\/\/kunmedierne.dk\/mors\/"},{"@type":"ListItem","position":2,"name":"Nyt samarbejde med Mors skruer op for praktiktiden p\u00e5 l\u00e6reruddannelsen i Skive"}]},{"@type":"WebSite","@id":"https:\/\/kunmedierne.dk\/mors\/#website","url":"https:\/\/kunmedierne.dk\/mors\/","name":"Mors","description":"et netmedie med journalistik om livet p\u00e5 Mors","publisher":{"@id":"https:\/\/kunmedierne.dk\/mors\/#organization"},"potentialAction":[{"@type":"SearchAction","target":{"@type":"EntryPoint","urlTemplate":"https:\/\/kunmedierne.dk\/mors\/?s={search_term_string}"},"query-input":{"@type":"PropertyValueSpecification","valueRequired":true,"valueName":"search_term_string"}}],"inLanguage":"da-DK"},{"@type":"Organization","@id":"https:\/\/kunmedierne.dk\/mors\/#organization","name":"Mors","url":"https:\/\/kunmedierne.dk\/mors\/","logo":{"@type":"ImageObject","inLanguage":"da-DK","@id":"https:\/\/kunmedierne.dk\/mors\/#\/schema\/logo\/image\/","url":"https:\/\/kunmedierne.dk\/mors\/wp-content\/uploads\/2024\/08\/kunmors-logo.svg","contentUrl":"https:\/\/kunmedierne.dk\/mors\/wp-content\/uploads\/2024\/08\/kunmors-logo.svg","caption":"Mors"},"image":{"@id":"https:\/\/kunmedierne.dk\/mors\/#\/schema\/logo\/image\/"}},{"@type":"Person","@id":"https:\/\/kunmedierne.dk\/mors\/#\/schema\/person\/b2e62a38069b12365e53e087a8709c64","name":"Katrine Hedegaard","image":{"@type":"ImageObject","inLanguage":"da-DK","@id":"https:\/\/kunmedierne.dk\/mors\/#\/schema\/person\/image\/","url":"https:\/\/secure.gravatar.com\/avatar\/18a5c72fa9148052fd3ed5a58b40fc83cfdc9811090e6e6eec9539af058edcc0?s=96&d=mm&r=g","contentUrl":"https:\/\/secure.gravatar.com\/avatar\/18a5c72fa9148052fd3ed5a58b40fc83cfdc9811090e6e6eec9539af058edcc0?s=96&d=mm&r=g","caption":"Katrine Hedegaard"},"url":"https:\/\/kunmedierne.dk\/mors\/author\/katrine\/"}]}},"_links":{"self":[{"href":"https:\/\/kunmedierne.dk\/mors\/wp-json\/wp\/v2\/posts\/88396","targetHints":{"allow":["GET"]}}],"collection":[{"href":"https:\/\/kunmedierne.dk\/mors\/wp-json\/wp\/v2\/posts"}],"about":[{"href":"https:\/\/kunmedierne.dk\/mors\/wp-json\/wp\/v2\/types\/post"}],"author":[{"embeddable":true,"href":"https:\/\/kunmedierne.dk\/mors\/wp-json\/wp\/v2\/users\/2507"}],"replies":[{"embeddable":true,"href":"https:\/\/kunmedierne.dk\/mors\/wp-json\/wp\/v2\/comments?post=88396"}],"version-history":[{"count":2,"href":"https:\/\/kunmedierne.dk\/mors\/wp-json\/wp\/v2\/posts\/88396\/revisions"}],"predecessor-version":[{"id":88398,"href":"https:\/\/kunmedierne.dk\/mors\/wp-json\/wp\/v2\/posts\/88396\/revisions\/88398"}],"wp:featuredmedia":[{"embeddable":true,"href":"https:\/\/kunmedierne.dk\/mors\/wp-json\/wp\/v2\/media\/88399"}],"wp:attachment":[{"href":"https:\/\/kunmedierne.dk\/mors\/wp-json\/wp\/v2\/media?parent=88396"}],"wp:term":[{"taxonomy":"category","embeddable":true,"href":"https:\/\/kunmedierne.dk\/mors\/wp-json\/wp\/v2\/categories?post=88396"},{"taxonomy":"post_tag","embeddable":true,"href":"https:\/\/kunmedierne.dk\/mors\/wp-json\/wp\/v2\/tags?post=88396"}],"curies":[{"name":"wp","href":"https:\/\/api.w.org\/{rel}","templated":true}]}}