{"id":87915,"date":"2023-02-03T13:04:37","date_gmt":"2023-02-03T12:04:37","guid":{"rendered":"https:\/\/kunmedierne.dk\/mors\/?p=87915"},"modified":"2024-08-07T14:37:40","modified_gmt":"2024-08-07T12:37:40","slug":"husk-i-denne-weekend-saetter-vi-fokus-paa-oerding","status":"publish","type":"post","link":"https:\/\/kunmedierne.dk\/mors\/husk-i-denne-weekend-saetter-vi-fokus-paa-oerding\/","title":{"rendered":"Husk: I denne weekend s\u00e6tter vi fokus p\u00e5 \u00d8rding"},"content":{"rendered":"<p><strong>\u00d8RDING:\u00a0<\/strong>I denne weekend s\u00e6tter vi fokus p\u00e5 \u00d8rding. Det g\u00f8r vi med andet afsnit af vores serie med fokus p\u00e5 \u00f8ens landsbyer. I den f\u00f8rste zoomede vi ind p\u00e5 Sejerslev, og artikelserien bestod af et introduktionstilbud med en r\u00e6kke gratis artikler, som du kan finde links til under artiklen her.<\/p>\n<div class=\"entry-content entry\">\n<p>I denne weekend d. 3.-5. februar skal man have abonnement for at l\u00e6se med, men ellers er konceptet det samme: Vi udgiver en r\u00e6kke artikler om \u00d8rding og omegn \u2013 og I har v\u00e6ret med til at p\u00e5virke, hvilke historier vi fort\u00e6ller. Tak for alle jeres id\u00e9er. Dem s\u00e6tter vi stor pris p\u00e5.<\/p>\n<a class=\"dvrt-link\" onClick=\"cdmtrack_click(114591,jQuery(this));return false\" href=\"https:\/\/www.facebook.com\/kopogkandemors\"><img decoding=\"async\" style=\"width:100%;\" src=\"https:\/\/kunmedierne.dk\/mors\/wp-content\/uploads\/2024\/03\/kop-og-kande-ja-tak-tilbud.jpg\"><\/a><script>cdmtrack_view(114591);<\/script>\n<p>Vi h\u00e5ber I vil l\u00e6se med, og gl\u00e6der os til at vise jer bare lidt af alt det, der sker i \u00d8rding.<\/p>\n<p>&nbsp;<\/p>\n<blockquote>\n<h4>ARTIKLERNE OM SEJERSLEV:<\/h4>\n<h5><a href=\"https:\/\/kunmedierne.dk\/mors\/dj-paa-mors-var-jeg-ikke-flyttet-til-sejerslev-saa-havde-mit-liv-set-noget-anderledes-ud\/\" target=\"_blank\" rel=\"noopener\">DJ p\u00e5 Mors: Var jeg ikke flyttet til Sejerslev, s\u00e5 havde mit liv set noget anderledes ud<\/a><\/h5>\n<h5><a href=\"https:\/\/kunmedierne.dk\/mors\/hvordan-har-borgerne-i-sejerslev-det-med-koebmandsskiftet\/\" target=\"_blank\" rel=\"noopener\">Hvordan har borgerne i Sejerslev det med k\u00f8bmandsskiftet? <\/a><\/h5>\n<h5><a href=\"https:\/\/kunmedierne.dk\/mors\/ny-koebmand-i-sejerslev-det-er-meget-vigtigt-for-den-her-ende-af-oeen\/\" target=\"_blank\" rel=\"noopener\">Ny k\u00f8bmand i Sejerslev: \u201cDet er meget vigtigt for den her ende af \u00f8en\u201d <\/a><\/h5>\n<h5><a href=\"https:\/\/kunmedierne.dk\/mors\/koebmand-foer-afskeden-glaedeligt-med-en-knude-i-maven\/\" target=\"_blank\" rel=\"noopener\">K\u00f8bmand f\u00f8r afskeden: Gl\u00e6deligt \u2013 med en knude i maven<\/a><\/h5>\n<h5><a href=\"https:\/\/kunmedierne.dk\/mors\/det-bedste-juleparty-nogensinde\/\" target=\"_blank\" rel=\"noopener\">Det bedste juleparty nogensinde<\/a><\/h5>\n<h5><a href=\"https:\/\/kunmedierne.dk\/mors\/portraet-af-den-kommende-koebmand\/\" target=\"_blank\" rel=\"noopener\">Portr\u00e6t af den kommende k\u00f8bmand<\/a><\/h5>\n<h5><a href=\"https:\/\/kunmedierne.dk\/mors\/hvad-oensker-boernene-sig-allermest-til-jul\/\" target=\"_blank\" rel=\"noopener\">Hvad \u00f8nsker b\u00f8rnene sig allermest til jul? <\/a><\/h5>\n<\/blockquote>\n<\/div>\n","protected":false},"excerpt":{"rendered":"<p>\u00d8RDING:\u00a0I denne weekend s\u00e6tter vi fokus p\u00e5 \u00d8rding. Det g\u00f8r vi med andet afsnit af vores serie med fokus p\u00e5 \u00f8ens landsbyer. I den f\u00f8rste zoomede vi ind p\u00e5 Sejerslev, og artikelserien bestod af et introduktionstilbud med en r\u00e6kke gratis artikler, som du kan finde links til under artiklen her. I denne weekend d. 3.-5. [&hellip;]<\/p>\n","protected":false},"author":2507,"featured_media":85753,"comment_status":"closed","ping_status":"open","sticky":false,"template":"","format":"standard","meta":{"_acf_changed":false,"footnotes":""},"categories":[51],"tags":[],"class_list":["post-87915","post","type-post","status-publish","format-standard","has-post-thumbnail","hentry","category-lokalt"],"acf":[],"yoast_head":"<!-- This site is optimized with the Yoast SEO plugin v26.8 - https:\/\/yoast.com\/product\/yoast-seo-wordpress\/ -->\n<title>Husk: I denne weekend s\u00e6tter vi fokus p\u00e5 \u00d8rding - Mors<\/title>\n<meta name=\"robots\" content=\"index, follow, max-snippet:-1, max-image-preview:large, max-video-preview:-1\" \/>\n<link rel=\"canonical\" href=\"https:\/\/kunmedierne.dk\/mors\/husk-i-denne-weekend-saetter-vi-fokus-paa-oerding\/\" \/>\n<meta property=\"og:locale\" content=\"da_DK\" \/>\n<meta property=\"og:type\" content=\"article\" \/>\n<meta property=\"og:title\" content=\"Husk: I denne weekend s\u00e6tter vi fokus p\u00e5 \u00d8rding - Mors\" \/>\n<meta property=\"og:description\" content=\"\u00d8RDING:\u00a0I denne weekend s\u00e6tter vi fokus p\u00e5 \u00d8rding. Det g\u00f8r vi med andet afsnit af vores serie med fokus p\u00e5 \u00f8ens landsbyer. I den f\u00f8rste zoomede vi ind p\u00e5 Sejerslev, og artikelserien bestod af et introduktionstilbud med en r\u00e6kke gratis artikler, som du kan finde links til under artiklen her. I denne weekend d. 3.-5. [&hellip;]\" \/>\n<meta property=\"og:url\" content=\"https:\/\/kunmedierne.dk\/mors\/husk-i-denne-weekend-saetter-vi-fokus-paa-oerding\/\" \/>\n<meta property=\"og:site_name\" content=\"Mors\" \/>\n<meta property=\"article:published_time\" content=\"2023-02-03T12:04:37+00:00\" \/>\n<meta property=\"article:modified_time\" content=\"2024-08-07T12:37:40+00:00\" \/>\n<meta property=\"og:image\" content=\"https:\/\/kunmedierne.dk\/mors\/wp-content\/uploads\/2023\/01\/oerding2.jpg\" \/>\n\t<meta property=\"og:image:width\" content=\"770\" \/>\n\t<meta property=\"og:image:height\" content=\"513\" \/>\n\t<meta property=\"og:image:type\" content=\"image\/jpeg\" \/>\n<meta name=\"author\" content=\"Katrine Hedegaard\" \/>\n<meta name=\"twitter:card\" content=\"summary_large_image\" \/>\n<meta name=\"twitter:label1\" content=\"Skrevet af\" \/>\n\t<meta name=\"twitter:data1\" content=\"Katrine Hedegaard\" \/>\n\t<meta name=\"twitter:label2\" content=\"Estimeret l\u00e6setid\" \/>\n\t<meta name=\"twitter:data2\" content=\"2 minutter\" \/>\n<script type=\"application\/ld+json\" class=\"yoast-schema-graph\">{\"@context\":\"https:\/\/schema.org\",\"@graph\":[{\"@type\":\"Article\",\"@id\":\"https:\/\/kunmedierne.dk\/mors\/husk-i-denne-weekend-saetter-vi-fokus-paa-oerding\/#article\",\"isPartOf\":{\"@id\":\"https:\/\/kunmedierne.dk\/mors\/husk-i-denne-weekend-saetter-vi-fokus-paa-oerding\/\"},\"author\":{\"name\":\"Katrine Hedegaard\",\"@id\":\"https:\/\/kunmedierne.dk\/mors\/#\/schema\/person\/b2e62a38069b12365e53e087a8709c64\"},\"headline\":\"Husk: I denne weekend s\u00e6tter vi fokus p\u00e5 \u00d8rding\",\"datePublished\":\"2023-02-03T12:04:37+00:00\",\"dateModified\":\"2024-08-07T12:37:40+00:00\",\"mainEntityOfPage\":{\"@id\":\"https:\/\/kunmedierne.dk\/mors\/husk-i-denne-weekend-saetter-vi-fokus-paa-oerding\/\"},\"wordCount\":227,\"publisher\":{\"@id\":\"https:\/\/kunmedierne.dk\/mors\/#organization\"},\"image\":{\"@id\":\"https:\/\/kunmedierne.dk\/mors\/husk-i-denne-weekend-saetter-vi-fokus-paa-oerding\/#primaryimage\"},\"thumbnailUrl\":\"https:\/\/kunmedierne.dk\/mors\/wp-content\/uploads\/2023\/01\/oerding2.jpg\",\"articleSection\":[\"Lokalt\"],\"inLanguage\":\"da-DK\"},{\"@type\":\"WebPage\",\"@id\":\"https:\/\/kunmedierne.dk\/mors\/husk-i-denne-weekend-saetter-vi-fokus-paa-oerding\/\",\"url\":\"https:\/\/kunmedierne.dk\/mors\/husk-i-denne-weekend-saetter-vi-fokus-paa-oerding\/\",\"name\":\"Husk: I denne weekend s\u00e6tter vi fokus p\u00e5 \u00d8rding - Mors\",\"isPartOf\":{\"@id\":\"https:\/\/kunmedierne.dk\/mors\/#website\"},\"primaryImageOfPage\":{\"@id\":\"https:\/\/kunmedierne.dk\/mors\/husk-i-denne-weekend-saetter-vi-fokus-paa-oerding\/#primaryimage\"},\"image\":{\"@id\":\"https:\/\/kunmedierne.dk\/mors\/husk-i-denne-weekend-saetter-vi-fokus-paa-oerding\/#primaryimage\"},\"thumbnailUrl\":\"https:\/\/kunmedierne.dk\/mors\/wp-content\/uploads\/2023\/01\/oerding2.jpg\",\"datePublished\":\"2023-02-03T12:04:37+00:00\",\"dateModified\":\"2024-08-07T12:37:40+00:00\",\"breadcrumb\":{\"@id\":\"https:\/\/kunmedierne.dk\/mors\/husk-i-denne-weekend-saetter-vi-fokus-paa-oerding\/#breadcrumb\"},\"inLanguage\":\"da-DK\",\"potentialAction\":[{\"@type\":\"ReadAction\",\"target\":[\"https:\/\/kunmedierne.dk\/mors\/husk-i-denne-weekend-saetter-vi-fokus-paa-oerding\/\"]}]},{\"@type\":\"ImageObject\",\"inLanguage\":\"da-DK\",\"@id\":\"https:\/\/kunmedierne.dk\/mors\/husk-i-denne-weekend-saetter-vi-fokus-paa-oerding\/#primaryimage\",\"url\":\"https:\/\/kunmedierne.dk\/mors\/wp-content\/uploads\/2023\/01\/oerding2.jpg\",\"contentUrl\":\"https:\/\/kunmedierne.dk\/mors\/wp-content\/uploads\/2023\/01\/oerding2.jpg\",\"width\":770,\"height\":513},{\"@type\":\"BreadcrumbList\",\"@id\":\"https:\/\/kunmedierne.dk\/mors\/husk-i-denne-weekend-saetter-vi-fokus-paa-oerding\/#breadcrumb\",\"itemListElement\":[{\"@type\":\"ListItem\",\"position\":1,\"name\":\"Hjem\",\"item\":\"https:\/\/kunmedierne.dk\/mors\/\"},{\"@type\":\"ListItem\",\"position\":2,\"name\":\"Husk: I denne weekend s\u00e6tter vi fokus p\u00e5 \u00d8rding\"}]},{\"@type\":\"WebSite\",\"@id\":\"https:\/\/kunmedierne.dk\/mors\/#website\",\"url\":\"https:\/\/kunmedierne.dk\/mors\/\",\"name\":\"Mors\",\"description\":\"et netmedie med journalistik om livet p\u00e5 Mors\",\"publisher\":{\"@id\":\"https:\/\/kunmedierne.dk\/mors\/#organization\"},\"potentialAction\":[{\"@type\":\"SearchAction\",\"target\":{\"@type\":\"EntryPoint\",\"urlTemplate\":\"https:\/\/kunmedierne.dk\/mors\/?s={search_term_string}\"},\"query-input\":{\"@type\":\"PropertyValueSpecification\",\"valueRequired\":true,\"valueName\":\"search_term_string\"}}],\"inLanguage\":\"da-DK\"},{\"@type\":\"Organization\",\"@id\":\"https:\/\/kunmedierne.dk\/mors\/#organization\",\"name\":\"Mors\",\"url\":\"https:\/\/kunmedierne.dk\/mors\/\",\"logo\":{\"@type\":\"ImageObject\",\"inLanguage\":\"da-DK\",\"@id\":\"https:\/\/kunmedierne.dk\/mors\/#\/schema\/logo\/image\/\",\"url\":\"https:\/\/kunmedierne.dk\/mors\/wp-content\/uploads\/2024\/08\/kunmors-logo.svg\",\"contentUrl\":\"https:\/\/kunmedierne.dk\/mors\/wp-content\/uploads\/2024\/08\/kunmors-logo.svg\",\"caption\":\"Mors\"},\"image\":{\"@id\":\"https:\/\/kunmedierne.dk\/mors\/#\/schema\/logo\/image\/\"}},{\"@type\":\"Person\",\"@id\":\"https:\/\/kunmedierne.dk\/mors\/#\/schema\/person\/b2e62a38069b12365e53e087a8709c64\",\"name\":\"Katrine Hedegaard\",\"image\":{\"@type\":\"ImageObject\",\"inLanguage\":\"da-DK\",\"@id\":\"https:\/\/kunmedierne.dk\/mors\/#\/schema\/person\/image\/\",\"url\":\"https:\/\/secure.gravatar.com\/avatar\/18a5c72fa9148052fd3ed5a58b40fc83cfdc9811090e6e6eec9539af058edcc0?s=96&d=mm&r=g\",\"contentUrl\":\"https:\/\/secure.gravatar.com\/avatar\/18a5c72fa9148052fd3ed5a58b40fc83cfdc9811090e6e6eec9539af058edcc0?s=96&d=mm&r=g\",\"caption\":\"Katrine Hedegaard\"},\"url\":\"https:\/\/kunmedierne.dk\/mors\/author\/katrine\/\"}]}<\/script>\n<!-- \/ Yoast SEO plugin. -->","yoast_head_json":{"title":"Husk: I denne weekend s\u00e6tter vi fokus p\u00e5 \u00d8rding - Mors","robots":{"index":"index","follow":"follow","max-snippet":"max-snippet:-1","max-image-preview":"max-image-preview:large","max-video-preview":"max-video-preview:-1"},"canonical":"https:\/\/kunmedierne.dk\/mors\/husk-i-denne-weekend-saetter-vi-fokus-paa-oerding\/","og_locale":"da_DK","og_type":"article","og_title":"Husk: I denne weekend s\u00e6tter vi fokus p\u00e5 \u00d8rding - Mors","og_description":"\u00d8RDING:\u00a0I denne weekend s\u00e6tter vi fokus p\u00e5 \u00d8rding. Det g\u00f8r vi med andet afsnit af vores serie med fokus p\u00e5 \u00f8ens landsbyer. I den f\u00f8rste zoomede vi ind p\u00e5 Sejerslev, og artikelserien bestod af et introduktionstilbud med en r\u00e6kke gratis artikler, som du kan finde links til under artiklen her. I denne weekend d. 3.-5. [&hellip;]","og_url":"https:\/\/kunmedierne.dk\/mors\/husk-i-denne-weekend-saetter-vi-fokus-paa-oerding\/","og_site_name":"Mors","article_published_time":"2023-02-03T12:04:37+00:00","article_modified_time":"2024-08-07T12:37:40+00:00","og_image":[{"width":770,"height":513,"url":"https:\/\/kunmedierne.dk\/mors\/wp-content\/uploads\/2023\/01\/oerding2.jpg","type":"image\/jpeg"}],"author":"Katrine Hedegaard","twitter_card":"summary_large_image","twitter_misc":{"Skrevet af":"Katrine Hedegaard","Estimeret l\u00e6setid":"2 minutter"},"schema":{"@context":"https:\/\/schema.org","@graph":[{"@type":"Article","@id":"https:\/\/kunmedierne.dk\/mors\/husk-i-denne-weekend-saetter-vi-fokus-paa-oerding\/#article","isPartOf":{"@id":"https:\/\/kunmedierne.dk\/mors\/husk-i-denne-weekend-saetter-vi-fokus-paa-oerding\/"},"author":{"name":"Katrine Hedegaard","@id":"https:\/\/kunmedierne.dk\/mors\/#\/schema\/person\/b2e62a38069b12365e53e087a8709c64"},"headline":"Husk: I denne weekend s\u00e6tter vi fokus p\u00e5 \u00d8rding","datePublished":"2023-02-03T12:04:37+00:00","dateModified":"2024-08-07T12:37:40+00:00","mainEntityOfPage":{"@id":"https:\/\/kunmedierne.dk\/mors\/husk-i-denne-weekend-saetter-vi-fokus-paa-oerding\/"},"wordCount":227,"publisher":{"@id":"https:\/\/kunmedierne.dk\/mors\/#organization"},"image":{"@id":"https:\/\/kunmedierne.dk\/mors\/husk-i-denne-weekend-saetter-vi-fokus-paa-oerding\/#primaryimage"},"thumbnailUrl":"https:\/\/kunmedierne.dk\/mors\/wp-content\/uploads\/2023\/01\/oerding2.jpg","articleSection":["Lokalt"],"inLanguage":"da-DK"},{"@type":"WebPage","@id":"https:\/\/kunmedierne.dk\/mors\/husk-i-denne-weekend-saetter-vi-fokus-paa-oerding\/","url":"https:\/\/kunmedierne.dk\/mors\/husk-i-denne-weekend-saetter-vi-fokus-paa-oerding\/","name":"Husk: I denne weekend s\u00e6tter vi fokus p\u00e5 \u00d8rding - Mors","isPartOf":{"@id":"https:\/\/kunmedierne.dk\/mors\/#website"},"primaryImageOfPage":{"@id":"https:\/\/kunmedierne.dk\/mors\/husk-i-denne-weekend-saetter-vi-fokus-paa-oerding\/#primaryimage"},"image":{"@id":"https:\/\/kunmedierne.dk\/mors\/husk-i-denne-weekend-saetter-vi-fokus-paa-oerding\/#primaryimage"},"thumbnailUrl":"https:\/\/kunmedierne.dk\/mors\/wp-content\/uploads\/2023\/01\/oerding2.jpg","datePublished":"2023-02-03T12:04:37+00:00","dateModified":"2024-08-07T12:37:40+00:00","breadcrumb":{"@id":"https:\/\/kunmedierne.dk\/mors\/husk-i-denne-weekend-saetter-vi-fokus-paa-oerding\/#breadcrumb"},"inLanguage":"da-DK","potentialAction":[{"@type":"ReadAction","target":["https:\/\/kunmedierne.dk\/mors\/husk-i-denne-weekend-saetter-vi-fokus-paa-oerding\/"]}]},{"@type":"ImageObject","inLanguage":"da-DK","@id":"https:\/\/kunmedierne.dk\/mors\/husk-i-denne-weekend-saetter-vi-fokus-paa-oerding\/#primaryimage","url":"https:\/\/kunmedierne.dk\/mors\/wp-content\/uploads\/2023\/01\/oerding2.jpg","contentUrl":"https:\/\/kunmedierne.dk\/mors\/wp-content\/uploads\/2023\/01\/oerding2.jpg","width":770,"height":513},{"@type":"BreadcrumbList","@id":"https:\/\/kunmedierne.dk\/mors\/husk-i-denne-weekend-saetter-vi-fokus-paa-oerding\/#breadcrumb","itemListElement":[{"@type":"ListItem","position":1,"name":"Hjem","item":"https:\/\/kunmedierne.dk\/mors\/"},{"@type":"ListItem","position":2,"name":"Husk: I denne weekend s\u00e6tter vi fokus p\u00e5 \u00d8rding"}]},{"@type":"WebSite","@id":"https:\/\/kunmedierne.dk\/mors\/#website","url":"https:\/\/kunmedierne.dk\/mors\/","name":"Mors","description":"et netmedie med journalistik om livet p\u00e5 Mors","publisher":{"@id":"https:\/\/kunmedierne.dk\/mors\/#organization"},"potentialAction":[{"@type":"SearchAction","target":{"@type":"EntryPoint","urlTemplate":"https:\/\/kunmedierne.dk\/mors\/?s={search_term_string}"},"query-input":{"@type":"PropertyValueSpecification","valueRequired":true,"valueName":"search_term_string"}}],"inLanguage":"da-DK"},{"@type":"Organization","@id":"https:\/\/kunmedierne.dk\/mors\/#organization","name":"Mors","url":"https:\/\/kunmedierne.dk\/mors\/","logo":{"@type":"ImageObject","inLanguage":"da-DK","@id":"https:\/\/kunmedierne.dk\/mors\/#\/schema\/logo\/image\/","url":"https:\/\/kunmedierne.dk\/mors\/wp-content\/uploads\/2024\/08\/kunmors-logo.svg","contentUrl":"https:\/\/kunmedierne.dk\/mors\/wp-content\/uploads\/2024\/08\/kunmors-logo.svg","caption":"Mors"},"image":{"@id":"https:\/\/kunmedierne.dk\/mors\/#\/schema\/logo\/image\/"}},{"@type":"Person","@id":"https:\/\/kunmedierne.dk\/mors\/#\/schema\/person\/b2e62a38069b12365e53e087a8709c64","name":"Katrine Hedegaard","image":{"@type":"ImageObject","inLanguage":"da-DK","@id":"https:\/\/kunmedierne.dk\/mors\/#\/schema\/person\/image\/","url":"https:\/\/secure.gravatar.com\/avatar\/18a5c72fa9148052fd3ed5a58b40fc83cfdc9811090e6e6eec9539af058edcc0?s=96&d=mm&r=g","contentUrl":"https:\/\/secure.gravatar.com\/avatar\/18a5c72fa9148052fd3ed5a58b40fc83cfdc9811090e6e6eec9539af058edcc0?s=96&d=mm&r=g","caption":"Katrine Hedegaard"},"url":"https:\/\/kunmedierne.dk\/mors\/author\/katrine\/"}]}},"_links":{"self":[{"href":"https:\/\/kunmedierne.dk\/mors\/wp-json\/wp\/v2\/posts\/87915","targetHints":{"allow":["GET"]}}],"collection":[{"href":"https:\/\/kunmedierne.dk\/mors\/wp-json\/wp\/v2\/posts"}],"about":[{"href":"https:\/\/kunmedierne.dk\/mors\/wp-json\/wp\/v2\/types\/post"}],"author":[{"embeddable":true,"href":"https:\/\/kunmedierne.dk\/mors\/wp-json\/wp\/v2\/users\/2507"}],"replies":[{"embeddable":true,"href":"https:\/\/kunmedierne.dk\/mors\/wp-json\/wp\/v2\/comments?post=87915"}],"version-history":[{"count":2,"href":"https:\/\/kunmedierne.dk\/mors\/wp-json\/wp\/v2\/posts\/87915\/revisions"}],"predecessor-version":[{"id":87920,"href":"https:\/\/kunmedierne.dk\/mors\/wp-json\/wp\/v2\/posts\/87915\/revisions\/87920"}],"wp:featuredmedia":[{"embeddable":true,"href":"https:\/\/kunmedierne.dk\/mors\/wp-json\/wp\/v2\/media\/85753"}],"wp:attachment":[{"href":"https:\/\/kunmedierne.dk\/mors\/wp-json\/wp\/v2\/media?parent=87915"}],"wp:term":[{"taxonomy":"category","embeddable":true,"href":"https:\/\/kunmedierne.dk\/mors\/wp-json\/wp\/v2\/categories?post=87915"},{"taxonomy":"post_tag","embeddable":true,"href":"https:\/\/kunmedierne.dk\/mors\/wp-json\/wp\/v2\/tags?post=87915"}],"curies":[{"name":"wp","href":"https:\/\/api.w.org\/{rel}","templated":true}]}}