{"id":87334,"date":"2023-01-26T15:40:04","date_gmt":"2023-01-26T14:40:04","guid":{"rendered":"https:\/\/kunmedierne.dk\/mors\/?p=87334"},"modified":"2024-08-07T14:37:43","modified_gmt":"2024-08-07T12:37:43","slug":"morsoe-erhvervsraad-udpeger-ny-erhvervschef","status":"publish","type":"post","link":"https:\/\/kunmedierne.dk\/mors\/morsoe-erhvervsraad-udpeger-ny-erhvervschef\/","title":{"rendered":"Mors\u00f8 Erhvervsr\u00e5d udpeger ny erhvervschef"},"content":{"rendered":"<p><strong>MORS<\/strong>: Mors\u00f8 Erhvervsr\u00e5d har ansat Susanne Toftegaard Hansen som erhvervschef.\u00a0Det oplyser det lokale erhvervsr\u00e5d i en pressemeddelelse.<\/p>\n<p>Dem fort\u00e6ller, at\u00a0Susanne Toftegaard Hansen har mange \u00e5rs erfaring med erhvervsudvikling og erhvervsfremme bag sig. Hun er uddannet cand.merc. i udenrigshandel og har blandt andet arbejdet som eksportkonsulent hos Skov A\/S i Glyng\u00f8re og som erhvervskonsulent hos Skiveegnes Erhvervs- og Turistcenter (2005-2007), v\u00e6ret udviklingschef hos ViborgEgnens Erhvervsr\u00e5d (2007-2010) samt v\u00e6ret ansat som erhvervs- og turismechef i Holstebro Kommune (2010-2022).<\/p>\n<a class=\"dvrt-link\" onClick=\"cdmtrack_click(104779,jQuery(this));return false\" href=\"https:\/\/morsoe-begravelsesforretning.dk\/\"><img decoding=\"async\" style=\"width:100%;\" src=\"https:\/\/kunmedierne.dk\/mors\/wp-content\/uploads\/2023\/11\/251215-morsoe-begravelsesforretning.jpg\"><\/a><script>cdmtrack_view(104779);<\/script>\n<p>&#8211; Jeg har via min erhvervserfaring et godt kendskab til lokalomr\u00e5det samt landsdelens erhvervsliv og konkurrencevilk\u00e5r. Jeg er optaget af at kunne levere en markedsdrevet erhvervsservice, der tager udgangspunkt i virksomhedernes \u00f8nsker og behov. Jeg v\u00e6gter derfor en t\u00e6t og kvalificeret dialog med virksomhederne h\u00f8jt. V\u00e6kst og udvikling skabes sammen og i f\u00e6llesskab &#8211; et f\u00e6llesskab ud fra den gamle sandhed om, at vi l\u00f8fter bedst i flok, siger Susanne Toftegaard Hansen.<\/p>\n<p>&nbsp;<\/p>\n<p><strong>Erhvervsvenlighed som tr\u00e6kplaster<\/strong><\/p>\n<p>Mors\u00f8 Kommunes placering som nummer to p\u00e5 Dansk Industris liste over Danmarks mest erhvervsvenlige kommuner var blandt andet med til at v\u00e6kke interessen for jobbet, og Susanne Toftegaard Hansen mener, at netop denne placering kan og skal benyttes til at skabe yderligere v\u00e6kst og opm\u00e6rksomhed omkring erhvervslivet og mulighederne p\u00e5 Mors.<\/p>\n<p>&#8211; Vi skal kvalificere og fremtidssikre udviklingen af det lokale erhvervsliv, blandt andet med udgangspunkt i b\u00e6redygtig forretningsudvikling og gr\u00f8n omstilling. Synligg\u00f8relse af kommunens erhvervsvenlighed b\u00f8r ogs\u00e5 kunne aktiveres i forhold til tiltr\u00e6kning af virksomheder og iv\u00e6rks\u00e6ttere til Mors\u00f8 Kommune. Mors rummer et hav af muligheder, og det allerede eksisterende perspektivrige erhvervsliv skal samles og styrkes som et st\u00e6rkt erhvervsf\u00e6llesskab, siger Susanne Toftegaard Hansen.<\/p>\n<a class=\"dvrt-link\" onClick=\"cdmtrack_click(104787,jQuery(this));return false\" href=\"https:\/\/www.jyskebank.dk\/kontakt\/afdelingsinfo?departmentid=11890\"><img decoding=\"async\" style=\"width:100%;\" src=\"https:\/\/kunmedierne.dk\/mors\/wp-content\/uploads\/2023\/10\/260325JyskeBankMorsNy-1.jpg\"><\/a><script>cdmtrack_view(104787);<\/script>\n<p>&#8211; Jeg gl\u00e6der mig til at medvirke til udviklingen af et inspirerende og forpligtende samarbejde mellem erhvervsr\u00e5det og de etablerede virksomheder, iv\u00e6rks\u00e6ttere, Mors\u00f8 Kommune og andre relevante akt\u00f8rer. Herunder ogs\u00e5 Erhvervshus Nordjylland, Destination Limfjorden, Mors\u00f8 Handel og andre naboer p\u00e5 erhvervsr\u00e5dets adresse i Holgersgade, siger Susanne Toftegaard Hansen.<\/p>\n<p>&nbsp;<\/p>\n<p><strong>Uro under afskedigelse<\/strong><\/p>\n<p>Formanden for Mors\u00f8 Erhvervsr\u00e5d, Tage Odgaard Nielsen, ser frem til samarbejdet med den nye erhvervschef:<\/p>\n<p>&#8211; Med Susanne Toftegaard Hansen f\u00e5r vi en erhvervschef, der har relevant erfaring og de rigtige kompetencer: Hun kender til det lokale erhvervsliv, hun har erfaring med erhvervsfremmesystemet, og hun har solid erfaring i at samarbejde med et kommunalt system og med de \u00f8vrige netv\u00e6rk, der i f\u00e6llesskab kan styrke udviklingen af erhvervslivet p\u00e5 Mors, siger Tage Odgaard Nielsen.<\/p>\n<a class=\"dvrt-link\" onClick=\"cdmtrack_click(113414,jQuery(this));return false\" href=\"https:\/\/www.p-soerensen.dk\/\"><img decoding=\"async\" style=\"width:100%;\" src=\"https:\/\/kunmedierne.dk\/mors\/wp-content\/uploads\/2024\/03\/p-soerensen-juni25.jpg\"><\/a><script>cdmtrack_view(113414);<\/script>\n<p>Stillingen som erhvervschef blev ledig, da Tinna Malmborg fratr\u00e5dte i august sidste \u00e5r. Afbrydelsen af ans\u00e6ttelsen blev af erhvervsr\u00e5det udlagt som <a href=\"https:\/\/kunmedierne.dk\/mors\/erhvervsdirektoer-fratraeder-hos-morsoe-erhvervsraad\/\" target=\"_blank\" rel=\"noopener\">gensidig overenskomst<\/a>, men beslutningen blev dog <a href=\"https:\/\/kunmedierne.dk\/mors\/trods-gensidig-overenskomst-erhvervsdirektoer-blev-fyret\/\" target=\"_blank\" rel=\"noopener\">taget af erhvervsr\u00e5det<\/a>, og siden gik Tinna Malmborg offentligt med <a href=\"https:\/\/kunmedierne.dk\/mors\/fyret-erhvervsdirektoer-i-haardt-angreb-paa-borgmesteren\/\" target=\"_blank\" rel=\"noopener\">sin version af forl\u00f8bet<\/a>. En version, som blev afvist af f\u00f8rst <a href=\"https:\/\/kunmedierne.dk\/mors\/formand-for-morsoe-erhvervsraad-det-maa-staa-for-hendes-egen-regning\/\" target=\"_blank\" rel=\"noopener\">Tage Odgaard Nielsen<\/a> og derefter i en <a href=\"https:\/\/kunmedierne.dk\/morsoe-erhvervsraad-bestyrelse-i-samlet-udmeldning\/\" target=\"_blank\" rel=\"noopener\">f\u00e6lles udmelding<\/a> fra Mors\u00f8 Erhvervsr\u00e5ds bestyrelse.<\/p>\n<p>Susanne Toftegaard Hansen tiltr\u00e6der i jobbet 1. februar 2023.<\/p>\n<p><strong>L\u00c6S OGS\u00c5:<\/strong><\/p>\n<p><strong>9\/8.22: <a href=\"https:\/\/kunmedierne.dk\/mors\/erhvervsdirektoer-fratraeder-hos-morsoe-erhvervsraad\/\">Erhvervsdirekt\u00f8r fratr\u00e6der hos Mors\u00f8 Erhvervsr\u00e5d<\/a><\/strong><\/p>\n<p><strong>25\/8-22: <a href=\"https:\/\/kunmedierne.dk\/mors\/trods-gensidig-overenskomst-erhvervsdirektoer-blev-fyret\/\">Trods &#8216;gensidig overenskomst&#8217;: Erhvervsdirekt\u00f8r blev fyret<\/a><\/strong><\/p>\n<p><strong>31\/8-22: <a href=\"https:\/\/kunmedierne.dk\/mors\/fyret-erhvervsdirektoer-i-haardt-angreb-paa-borgmesteren\/\">Fyret erhvervsdirekt\u00f8r i h\u00e5rdt angreb p\u00e5 borgmesteren<\/a><\/strong><\/p>\n<p><strong>31\/8-22: <a href=\"https:\/\/kunmedierne.dk\/mors\/formand-for-morsoe-erhvervsraad-det-maa-staa-for-hendes-egen-regning\/\">Formand for Mors\u00f8 Erhvervsr\u00e5d: &#8220;Det m\u00e5 st\u00e5 for hendes egen regning&#8221;<\/a><\/strong><\/p>\n<p><strong>1\/9-22: <a href=\"https:\/\/kunmedierne.dk\/morsoe-erhvervsraad-bestyrelse-i-samlet-udmeldning\/\">Mors\u00f8 Erhvervsr\u00e5d bestyrelse i samlet udmeldning<\/a><\/strong><\/p>\n","protected":false},"excerpt":{"rendered":"<p>MORS: Mors\u00f8 Erhvervsr\u00e5d har ansat Susanne Toftegaard Hansen som erhvervschef.\u00a0Det oplyser det lokale erhvervsr\u00e5d i en pressemeddelelse. Dem fort\u00e6ller, at\u00a0Susanne Toftegaard Hansen har mange \u00e5rs erfaring med erhvervsudvikling og erhvervsfremme bag sig. Hun er uddannet cand.merc. i udenrigshandel og har blandt andet arbejdet som eksportkonsulent hos Skov A\/S i Glyng\u00f8re og som erhvervskonsulent hos Skiveegnes [&hellip;]<\/p>\n","protected":false},"author":8,"featured_media":87335,"comment_status":"closed","ping_status":"open","sticky":false,"template":"","format":"standard","meta":{"_acf_changed":false,"footnotes":""},"categories":[51],"tags":[159],"class_list":["post-87334","post","type-post","status-publish","format-standard","has-post-thumbnail","hentry","category-lokalt","tag-erhverv"],"acf":[],"yoast_head":"<!-- This site is optimized with the Yoast SEO plugin v26.8 - https:\/\/yoast.com\/product\/yoast-seo-wordpress\/ -->\n<title>Mors\u00f8 Erhvervsr\u00e5d udpeger ny erhvervschef - Mors<\/title>\n<meta name=\"robots\" content=\"index, follow, max-snippet:-1, max-image-preview:large, max-video-preview:-1\" \/>\n<link rel=\"canonical\" href=\"https:\/\/kunmedierne.dk\/mors\/morsoe-erhvervsraad-udpeger-ny-erhvervschef\/\" \/>\n<meta property=\"og:locale\" content=\"da_DK\" \/>\n<meta property=\"og:type\" content=\"article\" \/>\n<meta property=\"og:title\" content=\"Mors\u00f8 Erhvervsr\u00e5d udpeger ny erhvervschef - Mors\" \/>\n<meta property=\"og:description\" content=\"MORS: Mors\u00f8 Erhvervsr\u00e5d har ansat Susanne Toftegaard Hansen som erhvervschef.\u00a0Det oplyser det lokale erhvervsr\u00e5d i en pressemeddelelse. Dem fort\u00e6ller, at\u00a0Susanne Toftegaard Hansen har mange \u00e5rs erfaring med erhvervsudvikling og erhvervsfremme bag sig. Hun er uddannet cand.merc. i udenrigshandel og har blandt andet arbejdet som eksportkonsulent hos Skov A\/S i Glyng\u00f8re og som erhvervskonsulent hos Skiveegnes [&hellip;]\" \/>\n<meta property=\"og:url\" content=\"https:\/\/kunmedierne.dk\/mors\/morsoe-erhvervsraad-udpeger-ny-erhvervschef\/\" \/>\n<meta property=\"og:site_name\" content=\"Mors\" \/>\n<meta property=\"article:published_time\" content=\"2023-01-26T14:40:04+00:00\" \/>\n<meta property=\"article:modified_time\" content=\"2024-08-07T12:37:43+00:00\" \/>\n<meta property=\"og:image\" content=\"https:\/\/kunmedierne.dk\/mors\/wp-content\/uploads\/2023\/01\/susanne-toftegaard-hansen.jpg\" \/>\n\t<meta property=\"og:image:width\" content=\"770\" \/>\n\t<meta property=\"og:image:height\" content=\"514\" \/>\n\t<meta property=\"og:image:type\" content=\"image\/jpeg\" \/>\n<meta name=\"author\" content=\"David H\u00f8jmark\" \/>\n<meta name=\"twitter:card\" content=\"summary_large_image\" \/>\n<meta name=\"twitter:label1\" content=\"Skrevet af\" \/>\n\t<meta name=\"twitter:data1\" content=\"David H\u00f8jmark\" \/>\n\t<meta name=\"twitter:label2\" content=\"Estimeret l\u00e6setid\" \/>\n\t<meta name=\"twitter:data2\" content=\"3 minutter\" \/>\n<script type=\"application\/ld+json\" class=\"yoast-schema-graph\">{\"@context\":\"https:\/\/schema.org\",\"@graph\":[{\"@type\":\"Article\",\"@id\":\"https:\/\/kunmedierne.dk\/mors\/morsoe-erhvervsraad-udpeger-ny-erhvervschef\/#article\",\"isPartOf\":{\"@id\":\"https:\/\/kunmedierne.dk\/mors\/morsoe-erhvervsraad-udpeger-ny-erhvervschef\/\"},\"author\":{\"name\":\"David H\u00f8jmark\",\"@id\":\"https:\/\/kunmedierne.dk\/mors\/#\/schema\/person\/5fe23251bf1d0abbcdc6f7896579d548\"},\"headline\":\"Mors\u00f8 Erhvervsr\u00e5d udpeger ny erhvervschef\",\"datePublished\":\"2023-01-26T14:40:04+00:00\",\"dateModified\":\"2024-08-07T12:37:43+00:00\",\"mainEntityOfPage\":{\"@id\":\"https:\/\/kunmedierne.dk\/mors\/morsoe-erhvervsraad-udpeger-ny-erhvervschef\/\"},\"wordCount\":575,\"publisher\":{\"@id\":\"https:\/\/kunmedierne.dk\/mors\/#organization\"},\"image\":{\"@id\":\"https:\/\/kunmedierne.dk\/mors\/morsoe-erhvervsraad-udpeger-ny-erhvervschef\/#primaryimage\"},\"thumbnailUrl\":\"https:\/\/kunmedierne.dk\/mors\/wp-content\/uploads\/2023\/01\/susanne-toftegaard-hansen.jpg\",\"keywords\":[\"Erhverv\"],\"articleSection\":[\"Lokalt\"],\"inLanguage\":\"da-DK\"},{\"@type\":\"WebPage\",\"@id\":\"https:\/\/kunmedierne.dk\/mors\/morsoe-erhvervsraad-udpeger-ny-erhvervschef\/\",\"url\":\"https:\/\/kunmedierne.dk\/mors\/morsoe-erhvervsraad-udpeger-ny-erhvervschef\/\",\"name\":\"Mors\u00f8 Erhvervsr\u00e5d udpeger ny erhvervschef - Mors\",\"isPartOf\":{\"@id\":\"https:\/\/kunmedierne.dk\/mors\/#website\"},\"primaryImageOfPage\":{\"@id\":\"https:\/\/kunmedierne.dk\/mors\/morsoe-erhvervsraad-udpeger-ny-erhvervschef\/#primaryimage\"},\"image\":{\"@id\":\"https:\/\/kunmedierne.dk\/mors\/morsoe-erhvervsraad-udpeger-ny-erhvervschef\/#primaryimage\"},\"thumbnailUrl\":\"https:\/\/kunmedierne.dk\/mors\/wp-content\/uploads\/2023\/01\/susanne-toftegaard-hansen.jpg\",\"datePublished\":\"2023-01-26T14:40:04+00:00\",\"dateModified\":\"2024-08-07T12:37:43+00:00\",\"breadcrumb\":{\"@id\":\"https:\/\/kunmedierne.dk\/mors\/morsoe-erhvervsraad-udpeger-ny-erhvervschef\/#breadcrumb\"},\"inLanguage\":\"da-DK\",\"potentialAction\":[{\"@type\":\"ReadAction\",\"target\":[\"https:\/\/kunmedierne.dk\/mors\/morsoe-erhvervsraad-udpeger-ny-erhvervschef\/\"]}]},{\"@type\":\"ImageObject\",\"inLanguage\":\"da-DK\",\"@id\":\"https:\/\/kunmedierne.dk\/mors\/morsoe-erhvervsraad-udpeger-ny-erhvervschef\/#primaryimage\",\"url\":\"https:\/\/kunmedierne.dk\/mors\/wp-content\/uploads\/2023\/01\/susanne-toftegaard-hansen.jpg\",\"contentUrl\":\"https:\/\/kunmedierne.dk\/mors\/wp-content\/uploads\/2023\/01\/susanne-toftegaard-hansen.jpg\",\"width\":770,\"height\":514,\"caption\":\"Susanne Toftegaard Hansen, erhvervschef i Mors\u00f8 Kommune.\"},{\"@type\":\"BreadcrumbList\",\"@id\":\"https:\/\/kunmedierne.dk\/mors\/morsoe-erhvervsraad-udpeger-ny-erhvervschef\/#breadcrumb\",\"itemListElement\":[{\"@type\":\"ListItem\",\"position\":1,\"name\":\"Hjem\",\"item\":\"https:\/\/kunmedierne.dk\/mors\/\"},{\"@type\":\"ListItem\",\"position\":2,\"name\":\"Mors\u00f8 Erhvervsr\u00e5d udpeger ny erhvervschef\"}]},{\"@type\":\"WebSite\",\"@id\":\"https:\/\/kunmedierne.dk\/mors\/#website\",\"url\":\"https:\/\/kunmedierne.dk\/mors\/\",\"name\":\"Mors\",\"description\":\"et netmedie med journalistik om livet p\u00e5 Mors\",\"publisher\":{\"@id\":\"https:\/\/kunmedierne.dk\/mors\/#organization\"},\"potentialAction\":[{\"@type\":\"SearchAction\",\"target\":{\"@type\":\"EntryPoint\",\"urlTemplate\":\"https:\/\/kunmedierne.dk\/mors\/?s={search_term_string}\"},\"query-input\":{\"@type\":\"PropertyValueSpecification\",\"valueRequired\":true,\"valueName\":\"search_term_string\"}}],\"inLanguage\":\"da-DK\"},{\"@type\":\"Organization\",\"@id\":\"https:\/\/kunmedierne.dk\/mors\/#organization\",\"name\":\"Mors\",\"url\":\"https:\/\/kunmedierne.dk\/mors\/\",\"logo\":{\"@type\":\"ImageObject\",\"inLanguage\":\"da-DK\",\"@id\":\"https:\/\/kunmedierne.dk\/mors\/#\/schema\/logo\/image\/\",\"url\":\"https:\/\/kunmedierne.dk\/mors\/wp-content\/uploads\/2024\/08\/kunmors-logo.svg\",\"contentUrl\":\"https:\/\/kunmedierne.dk\/mors\/wp-content\/uploads\/2024\/08\/kunmors-logo.svg\",\"caption\":\"Mors\"},\"image\":{\"@id\":\"https:\/\/kunmedierne.dk\/mors\/#\/schema\/logo\/image\/\"}},{\"@type\":\"Person\",\"@id\":\"https:\/\/kunmedierne.dk\/mors\/#\/schema\/person\/5fe23251bf1d0abbcdc6f7896579d548\",\"name\":\"David H\u00f8jmark\",\"image\":{\"@type\":\"ImageObject\",\"inLanguage\":\"da-DK\",\"@id\":\"https:\/\/kunmedierne.dk\/mors\/#\/schema\/person\/image\/\",\"url\":\"https:\/\/secure.gravatar.com\/avatar\/4315d6fb9ef244d729989f5f90268eb08d5bf8a3d84402f595fa194bb35784fd?s=96&d=mm&r=g\",\"contentUrl\":\"https:\/\/secure.gravatar.com\/avatar\/4315d6fb9ef244d729989f5f90268eb08d5bf8a3d84402f595fa194bb35784fd?s=96&d=mm&r=g\",\"caption\":\"David H\u00f8jmark\"},\"sameAs\":[\"https:\/\/www.kunmedierne.dk\"],\"url\":\"https:\/\/kunmedierne.dk\/mors\/author\/david\/\"}]}<\/script>\n<!-- \/ Yoast SEO plugin. -->","yoast_head_json":{"title":"Mors\u00f8 Erhvervsr\u00e5d udpeger ny erhvervschef - Mors","robots":{"index":"index","follow":"follow","max-snippet":"max-snippet:-1","max-image-preview":"max-image-preview:large","max-video-preview":"max-video-preview:-1"},"canonical":"https:\/\/kunmedierne.dk\/mors\/morsoe-erhvervsraad-udpeger-ny-erhvervschef\/","og_locale":"da_DK","og_type":"article","og_title":"Mors\u00f8 Erhvervsr\u00e5d udpeger ny erhvervschef - Mors","og_description":"MORS: Mors\u00f8 Erhvervsr\u00e5d har ansat Susanne Toftegaard Hansen som erhvervschef.\u00a0Det oplyser det lokale erhvervsr\u00e5d i en pressemeddelelse. Dem fort\u00e6ller, at\u00a0Susanne Toftegaard Hansen har mange \u00e5rs erfaring med erhvervsudvikling og erhvervsfremme bag sig. Hun er uddannet cand.merc. i udenrigshandel og har blandt andet arbejdet som eksportkonsulent hos Skov A\/S i Glyng\u00f8re og som erhvervskonsulent hos Skiveegnes [&hellip;]","og_url":"https:\/\/kunmedierne.dk\/mors\/morsoe-erhvervsraad-udpeger-ny-erhvervschef\/","og_site_name":"Mors","article_published_time":"2023-01-26T14:40:04+00:00","article_modified_time":"2024-08-07T12:37:43+00:00","og_image":[{"width":770,"height":514,"url":"https:\/\/kunmedierne.dk\/mors\/wp-content\/uploads\/2023\/01\/susanne-toftegaard-hansen.jpg","type":"image\/jpeg"}],"author":"David H\u00f8jmark","twitter_card":"summary_large_image","twitter_misc":{"Skrevet af":"David H\u00f8jmark","Estimeret l\u00e6setid":"3 minutter"},"schema":{"@context":"https:\/\/schema.org","@graph":[{"@type":"Article","@id":"https:\/\/kunmedierne.dk\/mors\/morsoe-erhvervsraad-udpeger-ny-erhvervschef\/#article","isPartOf":{"@id":"https:\/\/kunmedierne.dk\/mors\/morsoe-erhvervsraad-udpeger-ny-erhvervschef\/"},"author":{"name":"David H\u00f8jmark","@id":"https:\/\/kunmedierne.dk\/mors\/#\/schema\/person\/5fe23251bf1d0abbcdc6f7896579d548"},"headline":"Mors\u00f8 Erhvervsr\u00e5d udpeger ny erhvervschef","datePublished":"2023-01-26T14:40:04+00:00","dateModified":"2024-08-07T12:37:43+00:00","mainEntityOfPage":{"@id":"https:\/\/kunmedierne.dk\/mors\/morsoe-erhvervsraad-udpeger-ny-erhvervschef\/"},"wordCount":575,"publisher":{"@id":"https:\/\/kunmedierne.dk\/mors\/#organization"},"image":{"@id":"https:\/\/kunmedierne.dk\/mors\/morsoe-erhvervsraad-udpeger-ny-erhvervschef\/#primaryimage"},"thumbnailUrl":"https:\/\/kunmedierne.dk\/mors\/wp-content\/uploads\/2023\/01\/susanne-toftegaard-hansen.jpg","keywords":["Erhverv"],"articleSection":["Lokalt"],"inLanguage":"da-DK"},{"@type":"WebPage","@id":"https:\/\/kunmedierne.dk\/mors\/morsoe-erhvervsraad-udpeger-ny-erhvervschef\/","url":"https:\/\/kunmedierne.dk\/mors\/morsoe-erhvervsraad-udpeger-ny-erhvervschef\/","name":"Mors\u00f8 Erhvervsr\u00e5d udpeger ny erhvervschef - Mors","isPartOf":{"@id":"https:\/\/kunmedierne.dk\/mors\/#website"},"primaryImageOfPage":{"@id":"https:\/\/kunmedierne.dk\/mors\/morsoe-erhvervsraad-udpeger-ny-erhvervschef\/#primaryimage"},"image":{"@id":"https:\/\/kunmedierne.dk\/mors\/morsoe-erhvervsraad-udpeger-ny-erhvervschef\/#primaryimage"},"thumbnailUrl":"https:\/\/kunmedierne.dk\/mors\/wp-content\/uploads\/2023\/01\/susanne-toftegaard-hansen.jpg","datePublished":"2023-01-26T14:40:04+00:00","dateModified":"2024-08-07T12:37:43+00:00","breadcrumb":{"@id":"https:\/\/kunmedierne.dk\/mors\/morsoe-erhvervsraad-udpeger-ny-erhvervschef\/#breadcrumb"},"inLanguage":"da-DK","potentialAction":[{"@type":"ReadAction","target":["https:\/\/kunmedierne.dk\/mors\/morsoe-erhvervsraad-udpeger-ny-erhvervschef\/"]}]},{"@type":"ImageObject","inLanguage":"da-DK","@id":"https:\/\/kunmedierne.dk\/mors\/morsoe-erhvervsraad-udpeger-ny-erhvervschef\/#primaryimage","url":"https:\/\/kunmedierne.dk\/mors\/wp-content\/uploads\/2023\/01\/susanne-toftegaard-hansen.jpg","contentUrl":"https:\/\/kunmedierne.dk\/mors\/wp-content\/uploads\/2023\/01\/susanne-toftegaard-hansen.jpg","width":770,"height":514,"caption":"Susanne Toftegaard Hansen, erhvervschef i Mors\u00f8 Kommune."},{"@type":"BreadcrumbList","@id":"https:\/\/kunmedierne.dk\/mors\/morsoe-erhvervsraad-udpeger-ny-erhvervschef\/#breadcrumb","itemListElement":[{"@type":"ListItem","position":1,"name":"Hjem","item":"https:\/\/kunmedierne.dk\/mors\/"},{"@type":"ListItem","position":2,"name":"Mors\u00f8 Erhvervsr\u00e5d udpeger ny erhvervschef"}]},{"@type":"WebSite","@id":"https:\/\/kunmedierne.dk\/mors\/#website","url":"https:\/\/kunmedierne.dk\/mors\/","name":"Mors","description":"et netmedie med journalistik om livet p\u00e5 Mors","publisher":{"@id":"https:\/\/kunmedierne.dk\/mors\/#organization"},"potentialAction":[{"@type":"SearchAction","target":{"@type":"EntryPoint","urlTemplate":"https:\/\/kunmedierne.dk\/mors\/?s={search_term_string}"},"query-input":{"@type":"PropertyValueSpecification","valueRequired":true,"valueName":"search_term_string"}}],"inLanguage":"da-DK"},{"@type":"Organization","@id":"https:\/\/kunmedierne.dk\/mors\/#organization","name":"Mors","url":"https:\/\/kunmedierne.dk\/mors\/","logo":{"@type":"ImageObject","inLanguage":"da-DK","@id":"https:\/\/kunmedierne.dk\/mors\/#\/schema\/logo\/image\/","url":"https:\/\/kunmedierne.dk\/mors\/wp-content\/uploads\/2024\/08\/kunmors-logo.svg","contentUrl":"https:\/\/kunmedierne.dk\/mors\/wp-content\/uploads\/2024\/08\/kunmors-logo.svg","caption":"Mors"},"image":{"@id":"https:\/\/kunmedierne.dk\/mors\/#\/schema\/logo\/image\/"}},{"@type":"Person","@id":"https:\/\/kunmedierne.dk\/mors\/#\/schema\/person\/5fe23251bf1d0abbcdc6f7896579d548","name":"David H\u00f8jmark","image":{"@type":"ImageObject","inLanguage":"da-DK","@id":"https:\/\/kunmedierne.dk\/mors\/#\/schema\/person\/image\/","url":"https:\/\/secure.gravatar.com\/avatar\/4315d6fb9ef244d729989f5f90268eb08d5bf8a3d84402f595fa194bb35784fd?s=96&d=mm&r=g","contentUrl":"https:\/\/secure.gravatar.com\/avatar\/4315d6fb9ef244d729989f5f90268eb08d5bf8a3d84402f595fa194bb35784fd?s=96&d=mm&r=g","caption":"David H\u00f8jmark"},"sameAs":["https:\/\/www.kunmedierne.dk"],"url":"https:\/\/kunmedierne.dk\/mors\/author\/david\/"}]}},"_links":{"self":[{"href":"https:\/\/kunmedierne.dk\/mors\/wp-json\/wp\/v2\/posts\/87334","targetHints":{"allow":["GET"]}}],"collection":[{"href":"https:\/\/kunmedierne.dk\/mors\/wp-json\/wp\/v2\/posts"}],"about":[{"href":"https:\/\/kunmedierne.dk\/mors\/wp-json\/wp\/v2\/types\/post"}],"author":[{"embeddable":true,"href":"https:\/\/kunmedierne.dk\/mors\/wp-json\/wp\/v2\/users\/8"}],"replies":[{"embeddable":true,"href":"https:\/\/kunmedierne.dk\/mors\/wp-json\/wp\/v2\/comments?post=87334"}],"version-history":[{"count":1,"href":"https:\/\/kunmedierne.dk\/mors\/wp-json\/wp\/v2\/posts\/87334\/revisions"}],"predecessor-version":[{"id":87336,"href":"https:\/\/kunmedierne.dk\/mors\/wp-json\/wp\/v2\/posts\/87334\/revisions\/87336"}],"wp:featuredmedia":[{"embeddable":true,"href":"https:\/\/kunmedierne.dk\/mors\/wp-json\/wp\/v2\/media\/87335"}],"wp:attachment":[{"href":"https:\/\/kunmedierne.dk\/mors\/wp-json\/wp\/v2\/media?parent=87334"}],"wp:term":[{"taxonomy":"category","embeddable":true,"href":"https:\/\/kunmedierne.dk\/mors\/wp-json\/wp\/v2\/categories?post=87334"},{"taxonomy":"post_tag","embeddable":true,"href":"https:\/\/kunmedierne.dk\/mors\/wp-json\/wp\/v2\/tags?post=87334"}],"curies":[{"name":"wp","href":"https:\/\/api.w.org\/{rel}","templated":true}]}}