{"id":8571,"date":"2020-02-21T17:25:01","date_gmt":"2020-02-21T16:25:01","guid":{"rendered":"https:\/\/kunmedierne.dk\/mors\/?p=8571"},"modified":"2024-08-12T14:06:27","modified_gmt":"2024-08-12T12:06:27","slug":"kulturmoedet-har-syv-temaer-klar","status":"publish","type":"post","link":"https:\/\/kunmedierne.dk\/mors\/kulturmoedet-har-syv-temaer-klar\/","title":{"rendered":"Kulturm\u00f8det har syv temaer klar"},"content":{"rendered":"<p><strong>MORS<\/strong>: Klima. Sundhed. Talent. Demokrati. Den kreative by. Medier, digitalisering og teknologi. Kreativitet og dannelse.<\/p>\n<p>Kulturm\u00f8det 2020 n\u00e5r vidt omkring i sine syv temaer, som arrang\u00f8rerne nu har offentliggjort. N\u00e5r &#8220;Culture Matters&#8221; for sidste gang er hovedtema for kulturm\u00f8det, vil de mange tusinde deltagere og g\u00e6ster kunne forholde sig til en r\u00e6kke forskellige temaer.<\/p>\n<p>&#8220;Vi befinder os i en forandringstid. De globale klimaudfordringer kr\u00e6ver, at vi tager ansvar, udviser mod og viser vejen for en radikal gr\u00f8n omstilling,&#8221; lyder det eksempelvis om temaet &#8220;Klima&#8221;, mens teamet om demokrati pr\u00e6senteres med denne indledning: &#8220;Kunst og kultur er broen mellem fortid og nutid. De er vores f\u00e6lles referencer, erfaringer og identitet.&#8221;<\/p>\n<p>L\u00e6s mere om \u00e5rets syv temaer <a href=\"https:\/\/www.kulturmoedet.dk\/tema?utm_source=Nyhedsbrev+fra+kulturm%C3%B8det&amp;utm_campaign=5bf4afc478-EMAIL_CAMPAIGN_2019_09_20_09_43_COPY_01&amp;utm_medium=email&amp;utm_term=0_356eb12fce-5bf4afc478-530616757\" target=\"_blank\" rel=\"noopener noreferrer\">her<\/a>.<\/p>\n<p>Programmet for den store kulturelle begivenhed er ikke p\u00e5 plads endnu, da det stadig er muligt at s\u00f8ge om deltagelse i programmet. Deadline for d\u00e9t n\u00e6rmer sig dog. 10. marts er sidste frist for kunstnere og andre med lyst til at deltage.<\/p>\n<p>\u00c5rets kulturm\u00f8de p\u00e5 Mors, der finder sted 20.-22. august, er nummer otte af sin slags og tr\u00e6kker \u00e5r efter \u00e5r mennesker i tusindvis til \u00f8en. 2019-udgaven havde deltagelse af flere end 30.000.<\/p>\n<p>&nbsp;<\/p>\n","protected":false},"excerpt":{"rendered":"<p>MORS: Klima. Sundhed. Talent. Demokrati. Den kreative by. Medier, digitalisering og teknologi. Kreativitet og dannelse. Kulturm\u00f8det 2020 n\u00e5r vidt omkring i sine syv temaer, som arrang\u00f8rerne nu har offentliggjort. N\u00e5r &#8220;Culture Matters&#8221; for sidste gang er hovedtema for kulturm\u00f8det, vil de mange tusinde deltagere og g\u00e6ster kunne forholde sig til en r\u00e6kke forskellige temaer. &#8220;Vi [&hellip;]<\/p>\n","protected":false},"author":8,"featured_media":8578,"comment_status":"open","ping_status":"open","sticky":false,"template":"","format":"standard","meta":{"_acf_changed":false,"footnotes":""},"categories":[49],"tags":[162],"class_list":["post-8571","post","type-post","status-publish","format-standard","has-post-thumbnail","hentry","category-kultur","tag-kulturmoedet"],"acf":[],"yoast_head":"<!-- This site is optimized with the Yoast SEO plugin v26.8 - https:\/\/yoast.com\/product\/yoast-seo-wordpress\/ -->\n<title>Kulturm\u00f8det har syv temaer klar - Mors<\/title>\n<meta name=\"robots\" content=\"index, follow, max-snippet:-1, max-image-preview:large, max-video-preview:-1\" \/>\n<link rel=\"canonical\" href=\"https:\/\/kunmedierne.dk\/mors\/kulturmoedet-har-syv-temaer-klar\/\" \/>\n<meta property=\"og:locale\" content=\"da_DK\" \/>\n<meta property=\"og:type\" content=\"article\" \/>\n<meta property=\"og:title\" content=\"Kulturm\u00f8det har syv temaer klar - Mors\" \/>\n<meta property=\"og:description\" content=\"MORS: Klima. Sundhed. Talent. Demokrati. Den kreative by. Medier, digitalisering og teknologi. Kreativitet og dannelse. Kulturm\u00f8det 2020 n\u00e5r vidt omkring i sine syv temaer, som arrang\u00f8rerne nu har offentliggjort. N\u00e5r &#8220;Culture Matters&#8221; for sidste gang er hovedtema for kulturm\u00f8det, vil de mange tusinde deltagere og g\u00e6ster kunne forholde sig til en r\u00e6kke forskellige temaer. &#8220;Vi [&hellip;]\" \/>\n<meta property=\"og:url\" content=\"https:\/\/kunmedierne.dk\/mors\/kulturmoedet-har-syv-temaer-klar\/\" \/>\n<meta property=\"og:site_name\" content=\"Mors\" \/>\n<meta property=\"article:published_time\" content=\"2020-02-21T16:25:01+00:00\" \/>\n<meta property=\"article:modified_time\" content=\"2024-08-12T12:06:27+00:00\" \/>\n<meta property=\"og:image\" content=\"https:\/\/kunmedierne.dk\/mors\/wp-content\/uploads\/2020\/02\/200221-kulturm\u00f8de-2019.jpg\" \/>\n\t<meta property=\"og:image:width\" content=\"770\" \/>\n\t<meta property=\"og:image:height\" content=\"514\" \/>\n\t<meta property=\"og:image:type\" content=\"image\/jpeg\" \/>\n<meta name=\"author\" content=\"David H\u00f8jmark\" \/>\n<meta name=\"twitter:card\" content=\"summary_large_image\" \/>\n<meta name=\"twitter:label1\" content=\"Skrevet af\" \/>\n\t<meta name=\"twitter:data1\" content=\"David H\u00f8jmark\" \/>\n\t<meta name=\"twitter:label2\" content=\"Estimeret l\u00e6setid\" \/>\n\t<meta name=\"twitter:data2\" content=\"1 minut\" \/>\n<script type=\"application\/ld+json\" class=\"yoast-schema-graph\">{\"@context\":\"https:\/\/schema.org\",\"@graph\":[{\"@type\":\"Article\",\"@id\":\"https:\/\/kunmedierne.dk\/mors\/kulturmoedet-har-syv-temaer-klar\/#article\",\"isPartOf\":{\"@id\":\"https:\/\/kunmedierne.dk\/mors\/kulturmoedet-har-syv-temaer-klar\/\"},\"author\":{\"name\":\"David H\u00f8jmark\",\"@id\":\"https:\/\/kunmedierne.dk\/mors\/#\/schema\/person\/5fe23251bf1d0abbcdc6f7896579d548\"},\"headline\":\"Kulturm\u00f8det har syv temaer klar\",\"datePublished\":\"2020-02-21T16:25:01+00:00\",\"dateModified\":\"2024-08-12T12:06:27+00:00\",\"mainEntityOfPage\":{\"@id\":\"https:\/\/kunmedierne.dk\/mors\/kulturmoedet-har-syv-temaer-klar\/\"},\"wordCount\":211,\"commentCount\":0,\"publisher\":{\"@id\":\"https:\/\/kunmedierne.dk\/mors\/#organization\"},\"image\":{\"@id\":\"https:\/\/kunmedierne.dk\/mors\/kulturmoedet-har-syv-temaer-klar\/#primaryimage\"},\"thumbnailUrl\":\"https:\/\/kunmedierne.dk\/mors\/wp-content\/uploads\/2020\/02\/200221-kulturm\u00f8de-2019.jpg\",\"keywords\":[\"Kulturm\u00f8det\"],\"articleSection\":[\"Kultur\"],\"inLanguage\":\"da-DK\",\"potentialAction\":[{\"@type\":\"CommentAction\",\"name\":\"Comment\",\"target\":[\"https:\/\/kunmedierne.dk\/mors\/kulturmoedet-har-syv-temaer-klar\/#respond\"]}]},{\"@type\":\"WebPage\",\"@id\":\"https:\/\/kunmedierne.dk\/mors\/kulturmoedet-har-syv-temaer-klar\/\",\"url\":\"https:\/\/kunmedierne.dk\/mors\/kulturmoedet-har-syv-temaer-klar\/\",\"name\":\"Kulturm\u00f8det har syv temaer klar - Mors\",\"isPartOf\":{\"@id\":\"https:\/\/kunmedierne.dk\/mors\/#website\"},\"primaryImageOfPage\":{\"@id\":\"https:\/\/kunmedierne.dk\/mors\/kulturmoedet-har-syv-temaer-klar\/#primaryimage\"},\"image\":{\"@id\":\"https:\/\/kunmedierne.dk\/mors\/kulturmoedet-har-syv-temaer-klar\/#primaryimage\"},\"thumbnailUrl\":\"https:\/\/kunmedierne.dk\/mors\/wp-content\/uploads\/2020\/02\/200221-kulturm\u00f8de-2019.jpg\",\"datePublished\":\"2020-02-21T16:25:01+00:00\",\"dateModified\":\"2024-08-12T12:06:27+00:00\",\"breadcrumb\":{\"@id\":\"https:\/\/kunmedierne.dk\/mors\/kulturmoedet-har-syv-temaer-klar\/#breadcrumb\"},\"inLanguage\":\"da-DK\",\"potentialAction\":[{\"@type\":\"ReadAction\",\"target\":[\"https:\/\/kunmedierne.dk\/mors\/kulturmoedet-har-syv-temaer-klar\/\"]}]},{\"@type\":\"ImageObject\",\"inLanguage\":\"da-DK\",\"@id\":\"https:\/\/kunmedierne.dk\/mors\/kulturmoedet-har-syv-temaer-klar\/#primaryimage\",\"url\":\"https:\/\/kunmedierne.dk\/mors\/wp-content\/uploads\/2020\/02\/200221-kulturm\u00f8de-2019.jpg\",\"contentUrl\":\"https:\/\/kunmedierne.dk\/mors\/wp-content\/uploads\/2020\/02\/200221-kulturm\u00f8de-2019.jpg\",\"width\":770,\"height\":514,\"caption\":\"Fra Kulturm\u00f8det 2019. Foto: Per Bille.\"},{\"@type\":\"BreadcrumbList\",\"@id\":\"https:\/\/kunmedierne.dk\/mors\/kulturmoedet-har-syv-temaer-klar\/#breadcrumb\",\"itemListElement\":[{\"@type\":\"ListItem\",\"position\":1,\"name\":\"Hjem\",\"item\":\"https:\/\/kunmedierne.dk\/mors\/\"},{\"@type\":\"ListItem\",\"position\":2,\"name\":\"Kulturm\u00f8det har syv temaer klar\"}]},{\"@type\":\"WebSite\",\"@id\":\"https:\/\/kunmedierne.dk\/mors\/#website\",\"url\":\"https:\/\/kunmedierne.dk\/mors\/\",\"name\":\"Mors\",\"description\":\"et netmedie med journalistik om livet p\u00e5 Mors\",\"publisher\":{\"@id\":\"https:\/\/kunmedierne.dk\/mors\/#organization\"},\"potentialAction\":[{\"@type\":\"SearchAction\",\"target\":{\"@type\":\"EntryPoint\",\"urlTemplate\":\"https:\/\/kunmedierne.dk\/mors\/?s={search_term_string}\"},\"query-input\":{\"@type\":\"PropertyValueSpecification\",\"valueRequired\":true,\"valueName\":\"search_term_string\"}}],\"inLanguage\":\"da-DK\"},{\"@type\":\"Organization\",\"@id\":\"https:\/\/kunmedierne.dk\/mors\/#organization\",\"name\":\"Mors\",\"url\":\"https:\/\/kunmedierne.dk\/mors\/\",\"logo\":{\"@type\":\"ImageObject\",\"inLanguage\":\"da-DK\",\"@id\":\"https:\/\/kunmedierne.dk\/mors\/#\/schema\/logo\/image\/\",\"url\":\"https:\/\/kunmedierne.dk\/mors\/wp-content\/uploads\/2024\/08\/kunmors-logo.svg\",\"contentUrl\":\"https:\/\/kunmedierne.dk\/mors\/wp-content\/uploads\/2024\/08\/kunmors-logo.svg\",\"caption\":\"Mors\"},\"image\":{\"@id\":\"https:\/\/kunmedierne.dk\/mors\/#\/schema\/logo\/image\/\"}},{\"@type\":\"Person\",\"@id\":\"https:\/\/kunmedierne.dk\/mors\/#\/schema\/person\/5fe23251bf1d0abbcdc6f7896579d548\",\"name\":\"David H\u00f8jmark\",\"image\":{\"@type\":\"ImageObject\",\"inLanguage\":\"da-DK\",\"@id\":\"https:\/\/kunmedierne.dk\/mors\/#\/schema\/person\/image\/\",\"url\":\"https:\/\/secure.gravatar.com\/avatar\/4315d6fb9ef244d729989f5f90268eb08d5bf8a3d84402f595fa194bb35784fd?s=96&d=mm&r=g\",\"contentUrl\":\"https:\/\/secure.gravatar.com\/avatar\/4315d6fb9ef244d729989f5f90268eb08d5bf8a3d84402f595fa194bb35784fd?s=96&d=mm&r=g\",\"caption\":\"David H\u00f8jmark\"},\"sameAs\":[\"https:\/\/www.kunmedierne.dk\"],\"url\":\"https:\/\/kunmedierne.dk\/mors\/author\/david\/\"}]}<\/script>\n<!-- \/ Yoast SEO plugin. -->","yoast_head_json":{"title":"Kulturm\u00f8det har syv temaer klar - Mors","robots":{"index":"index","follow":"follow","max-snippet":"max-snippet:-1","max-image-preview":"max-image-preview:large","max-video-preview":"max-video-preview:-1"},"canonical":"https:\/\/kunmedierne.dk\/mors\/kulturmoedet-har-syv-temaer-klar\/","og_locale":"da_DK","og_type":"article","og_title":"Kulturm\u00f8det har syv temaer klar - Mors","og_description":"MORS: Klima. Sundhed. Talent. Demokrati. Den kreative by. Medier, digitalisering og teknologi. Kreativitet og dannelse. Kulturm\u00f8det 2020 n\u00e5r vidt omkring i sine syv temaer, som arrang\u00f8rerne nu har offentliggjort. N\u00e5r &#8220;Culture Matters&#8221; for sidste gang er hovedtema for kulturm\u00f8det, vil de mange tusinde deltagere og g\u00e6ster kunne forholde sig til en r\u00e6kke forskellige temaer. &#8220;Vi [&hellip;]","og_url":"https:\/\/kunmedierne.dk\/mors\/kulturmoedet-har-syv-temaer-klar\/","og_site_name":"Mors","article_published_time":"2020-02-21T16:25:01+00:00","article_modified_time":"2024-08-12T12:06:27+00:00","og_image":[{"width":770,"height":514,"url":"https:\/\/kunmedierne.dk\/mors\/wp-content\/uploads\/2020\/02\/200221-kulturm\u00f8de-2019.jpg","type":"image\/jpeg"}],"author":"David H\u00f8jmark","twitter_card":"summary_large_image","twitter_misc":{"Skrevet af":"David H\u00f8jmark","Estimeret l\u00e6setid":"1 minut"},"schema":{"@context":"https:\/\/schema.org","@graph":[{"@type":"Article","@id":"https:\/\/kunmedierne.dk\/mors\/kulturmoedet-har-syv-temaer-klar\/#article","isPartOf":{"@id":"https:\/\/kunmedierne.dk\/mors\/kulturmoedet-har-syv-temaer-klar\/"},"author":{"name":"David H\u00f8jmark","@id":"https:\/\/kunmedierne.dk\/mors\/#\/schema\/person\/5fe23251bf1d0abbcdc6f7896579d548"},"headline":"Kulturm\u00f8det har syv temaer klar","datePublished":"2020-02-21T16:25:01+00:00","dateModified":"2024-08-12T12:06:27+00:00","mainEntityOfPage":{"@id":"https:\/\/kunmedierne.dk\/mors\/kulturmoedet-har-syv-temaer-klar\/"},"wordCount":211,"commentCount":0,"publisher":{"@id":"https:\/\/kunmedierne.dk\/mors\/#organization"},"image":{"@id":"https:\/\/kunmedierne.dk\/mors\/kulturmoedet-har-syv-temaer-klar\/#primaryimage"},"thumbnailUrl":"https:\/\/kunmedierne.dk\/mors\/wp-content\/uploads\/2020\/02\/200221-kulturm\u00f8de-2019.jpg","keywords":["Kulturm\u00f8det"],"articleSection":["Kultur"],"inLanguage":"da-DK","potentialAction":[{"@type":"CommentAction","name":"Comment","target":["https:\/\/kunmedierne.dk\/mors\/kulturmoedet-har-syv-temaer-klar\/#respond"]}]},{"@type":"WebPage","@id":"https:\/\/kunmedierne.dk\/mors\/kulturmoedet-har-syv-temaer-klar\/","url":"https:\/\/kunmedierne.dk\/mors\/kulturmoedet-har-syv-temaer-klar\/","name":"Kulturm\u00f8det har syv temaer klar - Mors","isPartOf":{"@id":"https:\/\/kunmedierne.dk\/mors\/#website"},"primaryImageOfPage":{"@id":"https:\/\/kunmedierne.dk\/mors\/kulturmoedet-har-syv-temaer-klar\/#primaryimage"},"image":{"@id":"https:\/\/kunmedierne.dk\/mors\/kulturmoedet-har-syv-temaer-klar\/#primaryimage"},"thumbnailUrl":"https:\/\/kunmedierne.dk\/mors\/wp-content\/uploads\/2020\/02\/200221-kulturm\u00f8de-2019.jpg","datePublished":"2020-02-21T16:25:01+00:00","dateModified":"2024-08-12T12:06:27+00:00","breadcrumb":{"@id":"https:\/\/kunmedierne.dk\/mors\/kulturmoedet-har-syv-temaer-klar\/#breadcrumb"},"inLanguage":"da-DK","potentialAction":[{"@type":"ReadAction","target":["https:\/\/kunmedierne.dk\/mors\/kulturmoedet-har-syv-temaer-klar\/"]}]},{"@type":"ImageObject","inLanguage":"da-DK","@id":"https:\/\/kunmedierne.dk\/mors\/kulturmoedet-har-syv-temaer-klar\/#primaryimage","url":"https:\/\/kunmedierne.dk\/mors\/wp-content\/uploads\/2020\/02\/200221-kulturm\u00f8de-2019.jpg","contentUrl":"https:\/\/kunmedierne.dk\/mors\/wp-content\/uploads\/2020\/02\/200221-kulturm\u00f8de-2019.jpg","width":770,"height":514,"caption":"Fra Kulturm\u00f8det 2019. Foto: Per Bille."},{"@type":"BreadcrumbList","@id":"https:\/\/kunmedierne.dk\/mors\/kulturmoedet-har-syv-temaer-klar\/#breadcrumb","itemListElement":[{"@type":"ListItem","position":1,"name":"Hjem","item":"https:\/\/kunmedierne.dk\/mors\/"},{"@type":"ListItem","position":2,"name":"Kulturm\u00f8det har syv temaer klar"}]},{"@type":"WebSite","@id":"https:\/\/kunmedierne.dk\/mors\/#website","url":"https:\/\/kunmedierne.dk\/mors\/","name":"Mors","description":"et netmedie med journalistik om livet p\u00e5 Mors","publisher":{"@id":"https:\/\/kunmedierne.dk\/mors\/#organization"},"potentialAction":[{"@type":"SearchAction","target":{"@type":"EntryPoint","urlTemplate":"https:\/\/kunmedierne.dk\/mors\/?s={search_term_string}"},"query-input":{"@type":"PropertyValueSpecification","valueRequired":true,"valueName":"search_term_string"}}],"inLanguage":"da-DK"},{"@type":"Organization","@id":"https:\/\/kunmedierne.dk\/mors\/#organization","name":"Mors","url":"https:\/\/kunmedierne.dk\/mors\/","logo":{"@type":"ImageObject","inLanguage":"da-DK","@id":"https:\/\/kunmedierne.dk\/mors\/#\/schema\/logo\/image\/","url":"https:\/\/kunmedierne.dk\/mors\/wp-content\/uploads\/2024\/08\/kunmors-logo.svg","contentUrl":"https:\/\/kunmedierne.dk\/mors\/wp-content\/uploads\/2024\/08\/kunmors-logo.svg","caption":"Mors"},"image":{"@id":"https:\/\/kunmedierne.dk\/mors\/#\/schema\/logo\/image\/"}},{"@type":"Person","@id":"https:\/\/kunmedierne.dk\/mors\/#\/schema\/person\/5fe23251bf1d0abbcdc6f7896579d548","name":"David H\u00f8jmark","image":{"@type":"ImageObject","inLanguage":"da-DK","@id":"https:\/\/kunmedierne.dk\/mors\/#\/schema\/person\/image\/","url":"https:\/\/secure.gravatar.com\/avatar\/4315d6fb9ef244d729989f5f90268eb08d5bf8a3d84402f595fa194bb35784fd?s=96&d=mm&r=g","contentUrl":"https:\/\/secure.gravatar.com\/avatar\/4315d6fb9ef244d729989f5f90268eb08d5bf8a3d84402f595fa194bb35784fd?s=96&d=mm&r=g","caption":"David H\u00f8jmark"},"sameAs":["https:\/\/www.kunmedierne.dk"],"url":"https:\/\/kunmedierne.dk\/mors\/author\/david\/"}]}},"_links":{"self":[{"href":"https:\/\/kunmedierne.dk\/mors\/wp-json\/wp\/v2\/posts\/8571","targetHints":{"allow":["GET"]}}],"collection":[{"href":"https:\/\/kunmedierne.dk\/mors\/wp-json\/wp\/v2\/posts"}],"about":[{"href":"https:\/\/kunmedierne.dk\/mors\/wp-json\/wp\/v2\/types\/post"}],"author":[{"embeddable":true,"href":"https:\/\/kunmedierne.dk\/mors\/wp-json\/wp\/v2\/users\/8"}],"replies":[{"embeddable":true,"href":"https:\/\/kunmedierne.dk\/mors\/wp-json\/wp\/v2\/comments?post=8571"}],"version-history":[{"count":1,"href":"https:\/\/kunmedierne.dk\/mors\/wp-json\/wp\/v2\/posts\/8571\/revisions"}],"predecessor-version":[{"id":8572,"href":"https:\/\/kunmedierne.dk\/mors\/wp-json\/wp\/v2\/posts\/8571\/revisions\/8572"}],"wp:featuredmedia":[{"embeddable":true,"href":"https:\/\/kunmedierne.dk\/mors\/wp-json\/wp\/v2\/media\/8578"}],"wp:attachment":[{"href":"https:\/\/kunmedierne.dk\/mors\/wp-json\/wp\/v2\/media?parent=8571"}],"wp:term":[{"taxonomy":"category","embeddable":true,"href":"https:\/\/kunmedierne.dk\/mors\/wp-json\/wp\/v2\/categories?post=8571"},{"taxonomy":"post_tag","embeddable":true,"href":"https:\/\/kunmedierne.dk\/mors\/wp-json\/wp\/v2\/tags?post=8571"}],"curies":[{"name":"wp","href":"https:\/\/api.w.org\/{rel}","templated":true}]}}