{"id":8510,"date":"2020-02-21T05:21:10","date_gmt":"2020-02-21T04:21:10","guid":{"rendered":"https:\/\/kunmedierne.dk\/mors\/?p=8510"},"modified":"2024-08-12T14:06:27","modified_gmt":"2024-08-12T12:06:27","slug":"destination-limfjorden-satte-sejlene","status":"publish","type":"post","link":"https:\/\/kunmedierne.dk\/mors\/destination-limfjorden-satte-sejlene\/","title":{"rendered":"Destination Limfjorden satte sejlene"},"content":{"rendered":"<p><strong>NYK\u00d8BING<\/strong>: 90 m\u00f8dte op, da turismesamarbejdet mellem Mors\u00f8, Skive og Struer kommuner torsdag formelt kom til verden p\u00e5 en stiftende generalforsamling for Destination Limfjorden.<\/p>\n<p>Den foregik i Sparekassen Thy Arena Mors, hvor borgmester i Mors\u00f8 Kommune Hans Ejner Bertelsen b\u00f8d velkommen til en aften, der foruden sammens\u00e6tningen af foreningens bestyrelse b\u00f8d p\u00e5 velkomst til Kristina Lehmann Schj\u00f8tt, som fra 1. marts bliver direkt\u00f8r for Destination Limfjorden.<\/p>\n<p>B\u00e5de turismeerhvervet og de tre kommuner deltog i godkendelsen af vedt\u00e6gterne, og valget til bestyrelsen, som best\u00e5r af de tre kommuners borgmestre: Hans Ejner Bertelsen (Mors\u00f8), Niels Viggo Lyngh\u00f8j (Struer) og Peder Chr. Kirkegaard (Skive) samt tre fra turisterhvervene: Charlotte Overgaard Clausen (Mors\u00f8), J\u00f8rgen Christiansen (Skive) og Kristina Sk\u00f8tt Pedersen (Struer).<\/p>\n<p>Det syvende medlem bliver en vidensperson med s\u00e6rlige turismefaglige kompetencer og vil blive udpeget af den \u00f8vrige bestyrelse i samr\u00e5d med direkt\u00f8ren.<\/p>\n<p>Allerede i januar blev det besluttet, at Skive Kommune f\u00e5r formandsposten i Destination Limfjorden, som dermed bliver besat af Peder Chr. Kirkegaard. Foreningen f\u00e5r hoveds\u00e6de i Nyk\u00f8bing.<\/p>\n","protected":false},"excerpt":{"rendered":"<p>NYK\u00d8BING: 90 m\u00f8dte op, da turismesamarbejdet mellem Mors\u00f8, Skive og Struer kommuner torsdag formelt kom til verden p\u00e5 en stiftende generalforsamling for Destination Limfjorden. Den foregik i Sparekassen Thy Arena Mors, hvor borgmester i Mors\u00f8 Kommune Hans Ejner Bertelsen b\u00f8d velkommen til en aften, der foruden sammens\u00e6tningen af foreningens bestyrelse b\u00f8d p\u00e5 velkomst til Kristina [&hellip;]<\/p>\n","protected":false},"author":8,"featured_media":8512,"comment_status":"open","ping_status":"open","sticky":false,"template":"","format":"standard","meta":{"_acf_changed":false,"footnotes":""},"categories":[51],"tags":[171],"class_list":["post-8510","post","type-post","status-publish","format-standard","has-post-thumbnail","hentry","category-lokalt","tag-turisme"],"acf":[],"yoast_head":"<!-- This site is optimized with the Yoast SEO plugin v26.8 - https:\/\/yoast.com\/product\/yoast-seo-wordpress\/ -->\n<title>Destination Limfjorden satte sejlene - Mors<\/title>\n<meta name=\"robots\" content=\"index, follow, max-snippet:-1, max-image-preview:large, max-video-preview:-1\" \/>\n<link rel=\"canonical\" href=\"https:\/\/kunmedierne.dk\/mors\/destination-limfjorden-satte-sejlene\/\" \/>\n<meta property=\"og:locale\" content=\"da_DK\" \/>\n<meta property=\"og:type\" content=\"article\" \/>\n<meta property=\"og:title\" content=\"Destination Limfjorden satte sejlene - Mors\" \/>\n<meta property=\"og:description\" content=\"NYK\u00d8BING: 90 m\u00f8dte op, da turismesamarbejdet mellem Mors\u00f8, Skive og Struer kommuner torsdag formelt kom til verden p\u00e5 en stiftende generalforsamling for Destination Limfjorden. Den foregik i Sparekassen Thy Arena Mors, hvor borgmester i Mors\u00f8 Kommune Hans Ejner Bertelsen b\u00f8d velkommen til en aften, der foruden sammens\u00e6tningen af foreningens bestyrelse b\u00f8d p\u00e5 velkomst til Kristina [&hellip;]\" \/>\n<meta property=\"og:url\" content=\"https:\/\/kunmedierne.dk\/mors\/destination-limfjorden-satte-sejlene\/\" \/>\n<meta property=\"og:site_name\" content=\"Mors\" \/>\n<meta property=\"article:published_time\" content=\"2020-02-21T04:21:10+00:00\" \/>\n<meta property=\"article:modified_time\" content=\"2024-08-12T12:06:27+00:00\" \/>\n<meta property=\"og:image\" content=\"https:\/\/kunmedierne.dk\/mors\/wp-content\/uploads\/2020\/02\/sejler.jpg\" \/>\n\t<meta property=\"og:image:width\" content=\"770\" \/>\n\t<meta property=\"og:image:height\" content=\"513\" \/>\n\t<meta property=\"og:image:type\" content=\"image\/jpeg\" \/>\n<meta name=\"author\" content=\"David H\u00f8jmark\" \/>\n<meta name=\"twitter:card\" content=\"summary_large_image\" \/>\n<meta name=\"twitter:label1\" content=\"Skrevet af\" \/>\n\t<meta name=\"twitter:data1\" content=\"David H\u00f8jmark\" \/>\n\t<meta name=\"twitter:label2\" content=\"Estimeret l\u00e6setid\" \/>\n\t<meta name=\"twitter:data2\" content=\"1 minut\" \/>\n<script type=\"application\/ld+json\" class=\"yoast-schema-graph\">{\"@context\":\"https:\/\/schema.org\",\"@graph\":[{\"@type\":\"Article\",\"@id\":\"https:\/\/kunmedierne.dk\/mors\/destination-limfjorden-satte-sejlene\/#article\",\"isPartOf\":{\"@id\":\"https:\/\/kunmedierne.dk\/mors\/destination-limfjorden-satte-sejlene\/\"},\"author\":{\"name\":\"David H\u00f8jmark\",\"@id\":\"https:\/\/kunmedierne.dk\/mors\/#\/schema\/person\/5fe23251bf1d0abbcdc6f7896579d548\"},\"headline\":\"Destination Limfjorden satte sejlene\",\"datePublished\":\"2020-02-21T04:21:10+00:00\",\"dateModified\":\"2024-08-12T12:06:27+00:00\",\"mainEntityOfPage\":{\"@id\":\"https:\/\/kunmedierne.dk\/mors\/destination-limfjorden-satte-sejlene\/\"},\"wordCount\":188,\"commentCount\":0,\"publisher\":{\"@id\":\"https:\/\/kunmedierne.dk\/mors\/#organization\"},\"image\":{\"@id\":\"https:\/\/kunmedierne.dk\/mors\/destination-limfjorden-satte-sejlene\/#primaryimage\"},\"thumbnailUrl\":\"https:\/\/kunmedierne.dk\/mors\/wp-content\/uploads\/2020\/02\/sejler.jpg\",\"keywords\":[\"Turisme\"],\"articleSection\":[\"Lokalt\"],\"inLanguage\":\"da-DK\",\"potentialAction\":[{\"@type\":\"CommentAction\",\"name\":\"Comment\",\"target\":[\"https:\/\/kunmedierne.dk\/mors\/destination-limfjorden-satte-sejlene\/#respond\"]}]},{\"@type\":\"WebPage\",\"@id\":\"https:\/\/kunmedierne.dk\/mors\/destination-limfjorden-satte-sejlene\/\",\"url\":\"https:\/\/kunmedierne.dk\/mors\/destination-limfjorden-satte-sejlene\/\",\"name\":\"Destination Limfjorden satte sejlene - Mors\",\"isPartOf\":{\"@id\":\"https:\/\/kunmedierne.dk\/mors\/#website\"},\"primaryImageOfPage\":{\"@id\":\"https:\/\/kunmedierne.dk\/mors\/destination-limfjorden-satte-sejlene\/#primaryimage\"},\"image\":{\"@id\":\"https:\/\/kunmedierne.dk\/mors\/destination-limfjorden-satte-sejlene\/#primaryimage\"},\"thumbnailUrl\":\"https:\/\/kunmedierne.dk\/mors\/wp-content\/uploads\/2020\/02\/sejler.jpg\",\"datePublished\":\"2020-02-21T04:21:10+00:00\",\"dateModified\":\"2024-08-12T12:06:27+00:00\",\"breadcrumb\":{\"@id\":\"https:\/\/kunmedierne.dk\/mors\/destination-limfjorden-satte-sejlene\/#breadcrumb\"},\"inLanguage\":\"da-DK\",\"potentialAction\":[{\"@type\":\"ReadAction\",\"target\":[\"https:\/\/kunmedierne.dk\/mors\/destination-limfjorden-satte-sejlene\/\"]}]},{\"@type\":\"ImageObject\",\"inLanguage\":\"da-DK\",\"@id\":\"https:\/\/kunmedierne.dk\/mors\/destination-limfjorden-satte-sejlene\/#primaryimage\",\"url\":\"https:\/\/kunmedierne.dk\/mors\/wp-content\/uploads\/2020\/02\/sejler.jpg\",\"contentUrl\":\"https:\/\/kunmedierne.dk\/mors\/wp-content\/uploads\/2020\/02\/sejler.jpg\",\"width\":770,\"height\":513,\"caption\":\"Foto: Evan Smogor, Unsplash.\"},{\"@type\":\"BreadcrumbList\",\"@id\":\"https:\/\/kunmedierne.dk\/mors\/destination-limfjorden-satte-sejlene\/#breadcrumb\",\"itemListElement\":[{\"@type\":\"ListItem\",\"position\":1,\"name\":\"Hjem\",\"item\":\"https:\/\/kunmedierne.dk\/mors\/\"},{\"@type\":\"ListItem\",\"position\":2,\"name\":\"Destination Limfjorden satte sejlene\"}]},{\"@type\":\"WebSite\",\"@id\":\"https:\/\/kunmedierne.dk\/mors\/#website\",\"url\":\"https:\/\/kunmedierne.dk\/mors\/\",\"name\":\"Mors\",\"description\":\"et netmedie med journalistik om livet p\u00e5 Mors\",\"publisher\":{\"@id\":\"https:\/\/kunmedierne.dk\/mors\/#organization\"},\"potentialAction\":[{\"@type\":\"SearchAction\",\"target\":{\"@type\":\"EntryPoint\",\"urlTemplate\":\"https:\/\/kunmedierne.dk\/mors\/?s={search_term_string}\"},\"query-input\":{\"@type\":\"PropertyValueSpecification\",\"valueRequired\":true,\"valueName\":\"search_term_string\"}}],\"inLanguage\":\"da-DK\"},{\"@type\":\"Organization\",\"@id\":\"https:\/\/kunmedierne.dk\/mors\/#organization\",\"name\":\"Mors\",\"url\":\"https:\/\/kunmedierne.dk\/mors\/\",\"logo\":{\"@type\":\"ImageObject\",\"inLanguage\":\"da-DK\",\"@id\":\"https:\/\/kunmedierne.dk\/mors\/#\/schema\/logo\/image\/\",\"url\":\"https:\/\/kunmedierne.dk\/mors\/wp-content\/uploads\/2024\/08\/kunmors-logo.svg\",\"contentUrl\":\"https:\/\/kunmedierne.dk\/mors\/wp-content\/uploads\/2024\/08\/kunmors-logo.svg\",\"caption\":\"Mors\"},\"image\":{\"@id\":\"https:\/\/kunmedierne.dk\/mors\/#\/schema\/logo\/image\/\"}},{\"@type\":\"Person\",\"@id\":\"https:\/\/kunmedierne.dk\/mors\/#\/schema\/person\/5fe23251bf1d0abbcdc6f7896579d548\",\"name\":\"David H\u00f8jmark\",\"image\":{\"@type\":\"ImageObject\",\"inLanguage\":\"da-DK\",\"@id\":\"https:\/\/kunmedierne.dk\/mors\/#\/schema\/person\/image\/\",\"url\":\"https:\/\/secure.gravatar.com\/avatar\/4315d6fb9ef244d729989f5f90268eb08d5bf8a3d84402f595fa194bb35784fd?s=96&d=mm&r=g\",\"contentUrl\":\"https:\/\/secure.gravatar.com\/avatar\/4315d6fb9ef244d729989f5f90268eb08d5bf8a3d84402f595fa194bb35784fd?s=96&d=mm&r=g\",\"caption\":\"David H\u00f8jmark\"},\"sameAs\":[\"https:\/\/www.kunmedierne.dk\"],\"url\":\"https:\/\/kunmedierne.dk\/mors\/author\/david\/\"}]}<\/script>\n<!-- \/ Yoast SEO plugin. -->","yoast_head_json":{"title":"Destination Limfjorden satte sejlene - Mors","robots":{"index":"index","follow":"follow","max-snippet":"max-snippet:-1","max-image-preview":"max-image-preview:large","max-video-preview":"max-video-preview:-1"},"canonical":"https:\/\/kunmedierne.dk\/mors\/destination-limfjorden-satte-sejlene\/","og_locale":"da_DK","og_type":"article","og_title":"Destination Limfjorden satte sejlene - Mors","og_description":"NYK\u00d8BING: 90 m\u00f8dte op, da turismesamarbejdet mellem Mors\u00f8, Skive og Struer kommuner torsdag formelt kom til verden p\u00e5 en stiftende generalforsamling for Destination Limfjorden. Den foregik i Sparekassen Thy Arena Mors, hvor borgmester i Mors\u00f8 Kommune Hans Ejner Bertelsen b\u00f8d velkommen til en aften, der foruden sammens\u00e6tningen af foreningens bestyrelse b\u00f8d p\u00e5 velkomst til Kristina [&hellip;]","og_url":"https:\/\/kunmedierne.dk\/mors\/destination-limfjorden-satte-sejlene\/","og_site_name":"Mors","article_published_time":"2020-02-21T04:21:10+00:00","article_modified_time":"2024-08-12T12:06:27+00:00","og_image":[{"width":770,"height":513,"url":"https:\/\/kunmedierne.dk\/mors\/wp-content\/uploads\/2020\/02\/sejler.jpg","type":"image\/jpeg"}],"author":"David H\u00f8jmark","twitter_card":"summary_large_image","twitter_misc":{"Skrevet af":"David H\u00f8jmark","Estimeret l\u00e6setid":"1 minut"},"schema":{"@context":"https:\/\/schema.org","@graph":[{"@type":"Article","@id":"https:\/\/kunmedierne.dk\/mors\/destination-limfjorden-satte-sejlene\/#article","isPartOf":{"@id":"https:\/\/kunmedierne.dk\/mors\/destination-limfjorden-satte-sejlene\/"},"author":{"name":"David H\u00f8jmark","@id":"https:\/\/kunmedierne.dk\/mors\/#\/schema\/person\/5fe23251bf1d0abbcdc6f7896579d548"},"headline":"Destination Limfjorden satte sejlene","datePublished":"2020-02-21T04:21:10+00:00","dateModified":"2024-08-12T12:06:27+00:00","mainEntityOfPage":{"@id":"https:\/\/kunmedierne.dk\/mors\/destination-limfjorden-satte-sejlene\/"},"wordCount":188,"commentCount":0,"publisher":{"@id":"https:\/\/kunmedierne.dk\/mors\/#organization"},"image":{"@id":"https:\/\/kunmedierne.dk\/mors\/destination-limfjorden-satte-sejlene\/#primaryimage"},"thumbnailUrl":"https:\/\/kunmedierne.dk\/mors\/wp-content\/uploads\/2020\/02\/sejler.jpg","keywords":["Turisme"],"articleSection":["Lokalt"],"inLanguage":"da-DK","potentialAction":[{"@type":"CommentAction","name":"Comment","target":["https:\/\/kunmedierne.dk\/mors\/destination-limfjorden-satte-sejlene\/#respond"]}]},{"@type":"WebPage","@id":"https:\/\/kunmedierne.dk\/mors\/destination-limfjorden-satte-sejlene\/","url":"https:\/\/kunmedierne.dk\/mors\/destination-limfjorden-satte-sejlene\/","name":"Destination Limfjorden satte sejlene - Mors","isPartOf":{"@id":"https:\/\/kunmedierne.dk\/mors\/#website"},"primaryImageOfPage":{"@id":"https:\/\/kunmedierne.dk\/mors\/destination-limfjorden-satte-sejlene\/#primaryimage"},"image":{"@id":"https:\/\/kunmedierne.dk\/mors\/destination-limfjorden-satte-sejlene\/#primaryimage"},"thumbnailUrl":"https:\/\/kunmedierne.dk\/mors\/wp-content\/uploads\/2020\/02\/sejler.jpg","datePublished":"2020-02-21T04:21:10+00:00","dateModified":"2024-08-12T12:06:27+00:00","breadcrumb":{"@id":"https:\/\/kunmedierne.dk\/mors\/destination-limfjorden-satte-sejlene\/#breadcrumb"},"inLanguage":"da-DK","potentialAction":[{"@type":"ReadAction","target":["https:\/\/kunmedierne.dk\/mors\/destination-limfjorden-satte-sejlene\/"]}]},{"@type":"ImageObject","inLanguage":"da-DK","@id":"https:\/\/kunmedierne.dk\/mors\/destination-limfjorden-satte-sejlene\/#primaryimage","url":"https:\/\/kunmedierne.dk\/mors\/wp-content\/uploads\/2020\/02\/sejler.jpg","contentUrl":"https:\/\/kunmedierne.dk\/mors\/wp-content\/uploads\/2020\/02\/sejler.jpg","width":770,"height":513,"caption":"Foto: Evan Smogor, Unsplash."},{"@type":"BreadcrumbList","@id":"https:\/\/kunmedierne.dk\/mors\/destination-limfjorden-satte-sejlene\/#breadcrumb","itemListElement":[{"@type":"ListItem","position":1,"name":"Hjem","item":"https:\/\/kunmedierne.dk\/mors\/"},{"@type":"ListItem","position":2,"name":"Destination Limfjorden satte sejlene"}]},{"@type":"WebSite","@id":"https:\/\/kunmedierne.dk\/mors\/#website","url":"https:\/\/kunmedierne.dk\/mors\/","name":"Mors","description":"et netmedie med journalistik om livet p\u00e5 Mors","publisher":{"@id":"https:\/\/kunmedierne.dk\/mors\/#organization"},"potentialAction":[{"@type":"SearchAction","target":{"@type":"EntryPoint","urlTemplate":"https:\/\/kunmedierne.dk\/mors\/?s={search_term_string}"},"query-input":{"@type":"PropertyValueSpecification","valueRequired":true,"valueName":"search_term_string"}}],"inLanguage":"da-DK"},{"@type":"Organization","@id":"https:\/\/kunmedierne.dk\/mors\/#organization","name":"Mors","url":"https:\/\/kunmedierne.dk\/mors\/","logo":{"@type":"ImageObject","inLanguage":"da-DK","@id":"https:\/\/kunmedierne.dk\/mors\/#\/schema\/logo\/image\/","url":"https:\/\/kunmedierne.dk\/mors\/wp-content\/uploads\/2024\/08\/kunmors-logo.svg","contentUrl":"https:\/\/kunmedierne.dk\/mors\/wp-content\/uploads\/2024\/08\/kunmors-logo.svg","caption":"Mors"},"image":{"@id":"https:\/\/kunmedierne.dk\/mors\/#\/schema\/logo\/image\/"}},{"@type":"Person","@id":"https:\/\/kunmedierne.dk\/mors\/#\/schema\/person\/5fe23251bf1d0abbcdc6f7896579d548","name":"David H\u00f8jmark","image":{"@type":"ImageObject","inLanguage":"da-DK","@id":"https:\/\/kunmedierne.dk\/mors\/#\/schema\/person\/image\/","url":"https:\/\/secure.gravatar.com\/avatar\/4315d6fb9ef244d729989f5f90268eb08d5bf8a3d84402f595fa194bb35784fd?s=96&d=mm&r=g","contentUrl":"https:\/\/secure.gravatar.com\/avatar\/4315d6fb9ef244d729989f5f90268eb08d5bf8a3d84402f595fa194bb35784fd?s=96&d=mm&r=g","caption":"David H\u00f8jmark"},"sameAs":["https:\/\/www.kunmedierne.dk"],"url":"https:\/\/kunmedierne.dk\/mors\/author\/david\/"}]}},"_links":{"self":[{"href":"https:\/\/kunmedierne.dk\/mors\/wp-json\/wp\/v2\/posts\/8510","targetHints":{"allow":["GET"]}}],"collection":[{"href":"https:\/\/kunmedierne.dk\/mors\/wp-json\/wp\/v2\/posts"}],"about":[{"href":"https:\/\/kunmedierne.dk\/mors\/wp-json\/wp\/v2\/types\/post"}],"author":[{"embeddable":true,"href":"https:\/\/kunmedierne.dk\/mors\/wp-json\/wp\/v2\/users\/8"}],"replies":[{"embeddable":true,"href":"https:\/\/kunmedierne.dk\/mors\/wp-json\/wp\/v2\/comments?post=8510"}],"version-history":[{"count":2,"href":"https:\/\/kunmedierne.dk\/mors\/wp-json\/wp\/v2\/posts\/8510\/revisions"}],"predecessor-version":[{"id":8514,"href":"https:\/\/kunmedierne.dk\/mors\/wp-json\/wp\/v2\/posts\/8510\/revisions\/8514"}],"wp:featuredmedia":[{"embeddable":true,"href":"https:\/\/kunmedierne.dk\/mors\/wp-json\/wp\/v2\/media\/8512"}],"wp:attachment":[{"href":"https:\/\/kunmedierne.dk\/mors\/wp-json\/wp\/v2\/media?parent=8510"}],"wp:term":[{"taxonomy":"category","embeddable":true,"href":"https:\/\/kunmedierne.dk\/mors\/wp-json\/wp\/v2\/categories?post=8510"},{"taxonomy":"post_tag","embeddable":true,"href":"https:\/\/kunmedierne.dk\/mors\/wp-json\/wp\/v2\/tags?post=8510"}],"curies":[{"name":"wp","href":"https:\/\/api.w.org\/{rel}","templated":true}]}}