{"id":84849,"date":"2022-12-19T09:27:05","date_gmt":"2022-12-19T08:27:05","guid":{"rendered":"https:\/\/kunmedierne.dk\/mors\/?p=84849"},"modified":"2024-08-07T14:37:55","modified_gmt":"2024-08-07T12:37:55","slug":"nykoebing-faerdselsuheld-i-vejkryds","status":"publish","type":"post","link":"https:\/\/kunmedierne.dk\/mors\/nykoebing-faerdselsuheld-i-vejkryds\/","title":{"rendered":"Nyk\u00f8bing: F\u00e6rdselsuheld i vejkryds"},"content":{"rendered":"<p><b><span data-contrast=\"auto\">NYK\u00d8BING:<\/span><\/b><span data-contrast=\"auto\"> L\u00f8rdag klokken 13:21 fik politiet en anmeldelse om et f\u00e6rdselsuheld i Nyk\u00f8bing. Uheldet skete i krydset mellem Limfjordsvej og Strandparken.\u00a0En 35-\u00e5rig mand fra Nyk\u00f8bing-omr\u00e5det k\u00f8rte i en personbil ad Strandparken i nordlig retning, manden mistede herred\u00f8mmet over bilen, og fortsatte ud i krydset, hvor han ramte en anden bil, der k\u00f8rte ad Limfjordsvej i vestlig retning. I den ramte bil sad en 40-\u00e5rig mand fra Thisted.<\/span><span data-ccp-props=\"{&quot;335551550&quot;:0,&quot;335551620&quot;:0}\">\u00a0<\/span><\/p>\n<a class=\"dvrt-link\" onClick=\"cdmtrack_click(113414,jQuery(this));return false\" href=\"https:\/\/www.p-soerensen.dk\/\"><img decoding=\"async\" style=\"width:100%;\" src=\"https:\/\/kunmedierne.dk\/mors\/wp-content\/uploads\/2024\/03\/p-soerensen-juni25.jpg\"><\/a><script>cdmtrack_view(113414);<\/script>\n<p><span data-contrast=\"auto\">Politikommiss\u00e6r Henrik Skriver Jensen fra lokalpolitiet i Thisted, oplyser, at den 35-\u00e5rige mand formentligt mistede herred\u00f8mmet over sin bil, fordi vejen var glat. Bilisterne blev k\u00f8rt til kontrol p\u00e5 Thisted Sygehus fordi de havde\u00a0smerter i nakke og skuldre, men udover det er politiet ikke blevet oplyst om nogen personskade. Henrik Skriver Jensen fort\u00e6ller, at der selvf\u00f8lgelig er optaget rapport, og at det kan v\u00e6re, det ender ud i en vigepligtsforseelse. Det vil tiden vise.<\/span><span data-ccp-props=\"{&quot;335551550&quot;:0,&quot;335551620&quot;:0}\">\u00a0<\/span><\/p>\n<p>&nbsp;<\/p>\n<blockquote>\n<h4>POPUL\u00c6RE ARTIKLER LIGE NU:<\/h4>\n<h5><a href=\"https:\/\/kunmedierne.dk\/mors\/tidligere-topleder-i-morsoe-kommune-har-soegt-aktindsigt-om-toldbygningen\/\" target=\"_blank\" rel=\"noopener\">Tidligere topleder i Mors\u00f8 Kommune har s\u00f8gt aktindsigt om toldbygningen<\/a><\/h5>\n<h5><a href=\"https:\/\/kunmedierne.dk\/mors\/udvalgsformand-foerst-skal-vi-spare-saa-skal-vi-bruge-unoedvendige-penge\/\" target=\"_blank\" rel=\"noopener\">Udvalgsformand: F\u00f8rst skal vi spare, s\u00e5 skal vi bruge un\u00f8dvendige penge<\/a><\/h5>\n<h5><a href=\"https:\/\/kunmedierne.dk\/mors\/doeden-kommer-til-mors\/\" target=\"_blank\" rel=\"noopener\">D\u00f8den kommer til Mors<\/a><\/h5>\n<\/blockquote>\n<p><img loading=\"lazy\" decoding=\"async\" class=\"alignnone size-full wp-image-76227\" src=\"https:\/\/kunmedierne.dk\/mors\/wp-content\/uploads\/2022\/08\/fb-ann.jpg\" alt=\"\" width=\"770\" height=\"513\" \/><\/p>\n","protected":false},"excerpt":{"rendered":"<p>NYK\u00d8BING: L\u00f8rdag klokken 13:21 fik politiet en anmeldelse om et f\u00e6rdselsuheld i Nyk\u00f8bing. Uheldet skete i krydset mellem Limfjordsvej og Strandparken.\u00a0En 35-\u00e5rig mand fra Nyk\u00f8bing-omr\u00e5det k\u00f8rte i en personbil ad Strandparken i nordlig retning, manden mistede herred\u00f8mmet over bilen, og fortsatte ud i krydset, hvor han ramte en anden bil, der k\u00f8rte ad Limfjordsvej i [&hellip;]<\/p>\n","protected":false},"author":2507,"featured_media":26775,"comment_status":"closed","ping_status":"open","sticky":false,"template":"","format":"standard","meta":{"_acf_changed":false,"footnotes":""},"categories":[54,51],"tags":[],"class_list":["post-84849","post","type-post","status-publish","format-standard","has-post-thumbnail","hentry","category-54","category-lokalt"],"acf":[],"yoast_head":"<!-- This site is optimized with the Yoast SEO plugin v26.8 - https:\/\/yoast.com\/product\/yoast-seo-wordpress\/ -->\n<title>Nyk\u00f8bing: F\u00e6rdselsuheld i vejkryds - Mors<\/title>\n<meta name=\"robots\" content=\"index, follow, max-snippet:-1, max-image-preview:large, max-video-preview:-1\" \/>\n<link rel=\"canonical\" href=\"https:\/\/kunmedierne.dk\/mors\/nykoebing-faerdselsuheld-i-vejkryds\/\" \/>\n<meta property=\"og:locale\" content=\"da_DK\" \/>\n<meta property=\"og:type\" content=\"article\" \/>\n<meta property=\"og:title\" content=\"Nyk\u00f8bing: F\u00e6rdselsuheld i vejkryds - Mors\" \/>\n<meta property=\"og:description\" content=\"NYK\u00d8BING: L\u00f8rdag klokken 13:21 fik politiet en anmeldelse om et f\u00e6rdselsuheld i Nyk\u00f8bing. Uheldet skete i krydset mellem Limfjordsvej og Strandparken.\u00a0En 35-\u00e5rig mand fra Nyk\u00f8bing-omr\u00e5det k\u00f8rte i en personbil ad Strandparken i nordlig retning, manden mistede herred\u00f8mmet over bilen, og fortsatte ud i krydset, hvor han ramte en anden bil, der k\u00f8rte ad Limfjordsvej i [&hellip;]\" \/>\n<meta property=\"og:url\" content=\"https:\/\/kunmedierne.dk\/mors\/nykoebing-faerdselsuheld-i-vejkryds\/\" \/>\n<meta property=\"og:site_name\" content=\"Mors\" \/>\n<meta property=\"article:published_time\" content=\"2022-12-19T08:27:05+00:00\" \/>\n<meta property=\"article:modified_time\" content=\"2024-08-07T12:37:55+00:00\" \/>\n<meta property=\"og:image\" content=\"https:\/\/kunmedierne.dk\/mors\/wp-content\/uploads\/2020\/06\/politi-uniform.jpg\" \/>\n\t<meta property=\"og:image:width\" content=\"770\" \/>\n\t<meta property=\"og:image:height\" content=\"513\" \/>\n\t<meta property=\"og:image:type\" content=\"image\/jpeg\" \/>\n<meta name=\"author\" content=\"Katrine Hedegaard\" \/>\n<meta name=\"twitter:card\" content=\"summary_large_image\" \/>\n<meta name=\"twitter:label1\" content=\"Skrevet af\" \/>\n\t<meta name=\"twitter:data1\" content=\"Katrine Hedegaard\" \/>\n\t<meta name=\"twitter:label2\" content=\"Estimeret l\u00e6setid\" \/>\n\t<meta name=\"twitter:data2\" content=\"2 minutter\" \/>\n<script type=\"application\/ld+json\" class=\"yoast-schema-graph\">{\"@context\":\"https:\/\/schema.org\",\"@graph\":[{\"@type\":\"Article\",\"@id\":\"https:\/\/kunmedierne.dk\/mors\/nykoebing-faerdselsuheld-i-vejkryds\/#article\",\"isPartOf\":{\"@id\":\"https:\/\/kunmedierne.dk\/mors\/nykoebing-faerdselsuheld-i-vejkryds\/\"},\"author\":{\"name\":\"Katrine Hedegaard\",\"@id\":\"https:\/\/kunmedierne.dk\/mors\/#\/schema\/person\/b2e62a38069b12365e53e087a8709c64\"},\"headline\":\"Nyk\u00f8bing: F\u00e6rdselsuheld i vejkryds\",\"datePublished\":\"2022-12-19T08:27:05+00:00\",\"dateModified\":\"2024-08-07T12:37:55+00:00\",\"mainEntityOfPage\":{\"@id\":\"https:\/\/kunmedierne.dk\/mors\/nykoebing-faerdselsuheld-i-vejkryds\/\"},\"wordCount\":203,\"publisher\":{\"@id\":\"https:\/\/kunmedierne.dk\/mors\/#organization\"},\"image\":{\"@id\":\"https:\/\/kunmedierne.dk\/mors\/nykoebing-faerdselsuheld-i-vejkryds\/#primaryimage\"},\"thumbnailUrl\":\"https:\/\/kunmedierne.dk\/mors\/wp-content\/uploads\/2020\/06\/politi-uniform.jpg\",\"articleSection\":[\"112\",\"Lokalt\"],\"inLanguage\":\"da-DK\"},{\"@type\":\"WebPage\",\"@id\":\"https:\/\/kunmedierne.dk\/mors\/nykoebing-faerdselsuheld-i-vejkryds\/\",\"url\":\"https:\/\/kunmedierne.dk\/mors\/nykoebing-faerdselsuheld-i-vejkryds\/\",\"name\":\"Nyk\u00f8bing: F\u00e6rdselsuheld i vejkryds - Mors\",\"isPartOf\":{\"@id\":\"https:\/\/kunmedierne.dk\/mors\/#website\"},\"primaryImageOfPage\":{\"@id\":\"https:\/\/kunmedierne.dk\/mors\/nykoebing-faerdselsuheld-i-vejkryds\/#primaryimage\"},\"image\":{\"@id\":\"https:\/\/kunmedierne.dk\/mors\/nykoebing-faerdselsuheld-i-vejkryds\/#primaryimage\"},\"thumbnailUrl\":\"https:\/\/kunmedierne.dk\/mors\/wp-content\/uploads\/2020\/06\/politi-uniform.jpg\",\"datePublished\":\"2022-12-19T08:27:05+00:00\",\"dateModified\":\"2024-08-07T12:37:55+00:00\",\"breadcrumb\":{\"@id\":\"https:\/\/kunmedierne.dk\/mors\/nykoebing-faerdselsuheld-i-vejkryds\/#breadcrumb\"},\"inLanguage\":\"da-DK\",\"potentialAction\":[{\"@type\":\"ReadAction\",\"target\":[\"https:\/\/kunmedierne.dk\/mors\/nykoebing-faerdselsuheld-i-vejkryds\/\"]}]},{\"@type\":\"ImageObject\",\"inLanguage\":\"da-DK\",\"@id\":\"https:\/\/kunmedierne.dk\/mors\/nykoebing-faerdselsuheld-i-vejkryds\/#primaryimage\",\"url\":\"https:\/\/kunmedierne.dk\/mors\/wp-content\/uploads\/2020\/06\/politi-uniform.jpg\",\"contentUrl\":\"https:\/\/kunmedierne.dk\/mors\/wp-content\/uploads\/2020\/06\/politi-uniform.jpg\",\"width\":770,\"height\":513,\"caption\":\"Modelfoto: Kim Matth\u00e4i Leland\"},{\"@type\":\"BreadcrumbList\",\"@id\":\"https:\/\/kunmedierne.dk\/mors\/nykoebing-faerdselsuheld-i-vejkryds\/#breadcrumb\",\"itemListElement\":[{\"@type\":\"ListItem\",\"position\":1,\"name\":\"Hjem\",\"item\":\"https:\/\/kunmedierne.dk\/mors\/\"},{\"@type\":\"ListItem\",\"position\":2,\"name\":\"Nyk\u00f8bing: F\u00e6rdselsuheld i vejkryds\"}]},{\"@type\":\"WebSite\",\"@id\":\"https:\/\/kunmedierne.dk\/mors\/#website\",\"url\":\"https:\/\/kunmedierne.dk\/mors\/\",\"name\":\"Mors\",\"description\":\"et netmedie med journalistik om livet p\u00e5 Mors\",\"publisher\":{\"@id\":\"https:\/\/kunmedierne.dk\/mors\/#organization\"},\"potentialAction\":[{\"@type\":\"SearchAction\",\"target\":{\"@type\":\"EntryPoint\",\"urlTemplate\":\"https:\/\/kunmedierne.dk\/mors\/?s={search_term_string}\"},\"query-input\":{\"@type\":\"PropertyValueSpecification\",\"valueRequired\":true,\"valueName\":\"search_term_string\"}}],\"inLanguage\":\"da-DK\"},{\"@type\":\"Organization\",\"@id\":\"https:\/\/kunmedierne.dk\/mors\/#organization\",\"name\":\"Mors\",\"url\":\"https:\/\/kunmedierne.dk\/mors\/\",\"logo\":{\"@type\":\"ImageObject\",\"inLanguage\":\"da-DK\",\"@id\":\"https:\/\/kunmedierne.dk\/mors\/#\/schema\/logo\/image\/\",\"url\":\"https:\/\/kunmedierne.dk\/mors\/wp-content\/uploads\/2024\/08\/kunmors-logo.svg\",\"contentUrl\":\"https:\/\/kunmedierne.dk\/mors\/wp-content\/uploads\/2024\/08\/kunmors-logo.svg\",\"caption\":\"Mors\"},\"image\":{\"@id\":\"https:\/\/kunmedierne.dk\/mors\/#\/schema\/logo\/image\/\"}},{\"@type\":\"Person\",\"@id\":\"https:\/\/kunmedierne.dk\/mors\/#\/schema\/person\/b2e62a38069b12365e53e087a8709c64\",\"name\":\"Katrine Hedegaard\",\"image\":{\"@type\":\"ImageObject\",\"inLanguage\":\"da-DK\",\"@id\":\"https:\/\/kunmedierne.dk\/mors\/#\/schema\/person\/image\/\",\"url\":\"https:\/\/secure.gravatar.com\/avatar\/18a5c72fa9148052fd3ed5a58b40fc83cfdc9811090e6e6eec9539af058edcc0?s=96&d=mm&r=g\",\"contentUrl\":\"https:\/\/secure.gravatar.com\/avatar\/18a5c72fa9148052fd3ed5a58b40fc83cfdc9811090e6e6eec9539af058edcc0?s=96&d=mm&r=g\",\"caption\":\"Katrine Hedegaard\"},\"url\":\"https:\/\/kunmedierne.dk\/mors\/author\/katrine\/\"}]}<\/script>\n<!-- \/ Yoast SEO plugin. -->","yoast_head_json":{"title":"Nyk\u00f8bing: F\u00e6rdselsuheld i vejkryds - Mors","robots":{"index":"index","follow":"follow","max-snippet":"max-snippet:-1","max-image-preview":"max-image-preview:large","max-video-preview":"max-video-preview:-1"},"canonical":"https:\/\/kunmedierne.dk\/mors\/nykoebing-faerdselsuheld-i-vejkryds\/","og_locale":"da_DK","og_type":"article","og_title":"Nyk\u00f8bing: F\u00e6rdselsuheld i vejkryds - Mors","og_description":"NYK\u00d8BING: L\u00f8rdag klokken 13:21 fik politiet en anmeldelse om et f\u00e6rdselsuheld i Nyk\u00f8bing. Uheldet skete i krydset mellem Limfjordsvej og Strandparken.\u00a0En 35-\u00e5rig mand fra Nyk\u00f8bing-omr\u00e5det k\u00f8rte i en personbil ad Strandparken i nordlig retning, manden mistede herred\u00f8mmet over bilen, og fortsatte ud i krydset, hvor han ramte en anden bil, der k\u00f8rte ad Limfjordsvej i [&hellip;]","og_url":"https:\/\/kunmedierne.dk\/mors\/nykoebing-faerdselsuheld-i-vejkryds\/","og_site_name":"Mors","article_published_time":"2022-12-19T08:27:05+00:00","article_modified_time":"2024-08-07T12:37:55+00:00","og_image":[{"width":770,"height":513,"url":"https:\/\/kunmedierne.dk\/mors\/wp-content\/uploads\/2020\/06\/politi-uniform.jpg","type":"image\/jpeg"}],"author":"Katrine Hedegaard","twitter_card":"summary_large_image","twitter_misc":{"Skrevet af":"Katrine Hedegaard","Estimeret l\u00e6setid":"2 minutter"},"schema":{"@context":"https:\/\/schema.org","@graph":[{"@type":"Article","@id":"https:\/\/kunmedierne.dk\/mors\/nykoebing-faerdselsuheld-i-vejkryds\/#article","isPartOf":{"@id":"https:\/\/kunmedierne.dk\/mors\/nykoebing-faerdselsuheld-i-vejkryds\/"},"author":{"name":"Katrine Hedegaard","@id":"https:\/\/kunmedierne.dk\/mors\/#\/schema\/person\/b2e62a38069b12365e53e087a8709c64"},"headline":"Nyk\u00f8bing: F\u00e6rdselsuheld i vejkryds","datePublished":"2022-12-19T08:27:05+00:00","dateModified":"2024-08-07T12:37:55+00:00","mainEntityOfPage":{"@id":"https:\/\/kunmedierne.dk\/mors\/nykoebing-faerdselsuheld-i-vejkryds\/"},"wordCount":203,"publisher":{"@id":"https:\/\/kunmedierne.dk\/mors\/#organization"},"image":{"@id":"https:\/\/kunmedierne.dk\/mors\/nykoebing-faerdselsuheld-i-vejkryds\/#primaryimage"},"thumbnailUrl":"https:\/\/kunmedierne.dk\/mors\/wp-content\/uploads\/2020\/06\/politi-uniform.jpg","articleSection":["112","Lokalt"],"inLanguage":"da-DK"},{"@type":"WebPage","@id":"https:\/\/kunmedierne.dk\/mors\/nykoebing-faerdselsuheld-i-vejkryds\/","url":"https:\/\/kunmedierne.dk\/mors\/nykoebing-faerdselsuheld-i-vejkryds\/","name":"Nyk\u00f8bing: F\u00e6rdselsuheld i vejkryds - Mors","isPartOf":{"@id":"https:\/\/kunmedierne.dk\/mors\/#website"},"primaryImageOfPage":{"@id":"https:\/\/kunmedierne.dk\/mors\/nykoebing-faerdselsuheld-i-vejkryds\/#primaryimage"},"image":{"@id":"https:\/\/kunmedierne.dk\/mors\/nykoebing-faerdselsuheld-i-vejkryds\/#primaryimage"},"thumbnailUrl":"https:\/\/kunmedierne.dk\/mors\/wp-content\/uploads\/2020\/06\/politi-uniform.jpg","datePublished":"2022-12-19T08:27:05+00:00","dateModified":"2024-08-07T12:37:55+00:00","breadcrumb":{"@id":"https:\/\/kunmedierne.dk\/mors\/nykoebing-faerdselsuheld-i-vejkryds\/#breadcrumb"},"inLanguage":"da-DK","potentialAction":[{"@type":"ReadAction","target":["https:\/\/kunmedierne.dk\/mors\/nykoebing-faerdselsuheld-i-vejkryds\/"]}]},{"@type":"ImageObject","inLanguage":"da-DK","@id":"https:\/\/kunmedierne.dk\/mors\/nykoebing-faerdselsuheld-i-vejkryds\/#primaryimage","url":"https:\/\/kunmedierne.dk\/mors\/wp-content\/uploads\/2020\/06\/politi-uniform.jpg","contentUrl":"https:\/\/kunmedierne.dk\/mors\/wp-content\/uploads\/2020\/06\/politi-uniform.jpg","width":770,"height":513,"caption":"Modelfoto: Kim Matth\u00e4i Leland"},{"@type":"BreadcrumbList","@id":"https:\/\/kunmedierne.dk\/mors\/nykoebing-faerdselsuheld-i-vejkryds\/#breadcrumb","itemListElement":[{"@type":"ListItem","position":1,"name":"Hjem","item":"https:\/\/kunmedierne.dk\/mors\/"},{"@type":"ListItem","position":2,"name":"Nyk\u00f8bing: F\u00e6rdselsuheld i vejkryds"}]},{"@type":"WebSite","@id":"https:\/\/kunmedierne.dk\/mors\/#website","url":"https:\/\/kunmedierne.dk\/mors\/","name":"Mors","description":"et netmedie med journalistik om livet p\u00e5 Mors","publisher":{"@id":"https:\/\/kunmedierne.dk\/mors\/#organization"},"potentialAction":[{"@type":"SearchAction","target":{"@type":"EntryPoint","urlTemplate":"https:\/\/kunmedierne.dk\/mors\/?s={search_term_string}"},"query-input":{"@type":"PropertyValueSpecification","valueRequired":true,"valueName":"search_term_string"}}],"inLanguage":"da-DK"},{"@type":"Organization","@id":"https:\/\/kunmedierne.dk\/mors\/#organization","name":"Mors","url":"https:\/\/kunmedierne.dk\/mors\/","logo":{"@type":"ImageObject","inLanguage":"da-DK","@id":"https:\/\/kunmedierne.dk\/mors\/#\/schema\/logo\/image\/","url":"https:\/\/kunmedierne.dk\/mors\/wp-content\/uploads\/2024\/08\/kunmors-logo.svg","contentUrl":"https:\/\/kunmedierne.dk\/mors\/wp-content\/uploads\/2024\/08\/kunmors-logo.svg","caption":"Mors"},"image":{"@id":"https:\/\/kunmedierne.dk\/mors\/#\/schema\/logo\/image\/"}},{"@type":"Person","@id":"https:\/\/kunmedierne.dk\/mors\/#\/schema\/person\/b2e62a38069b12365e53e087a8709c64","name":"Katrine Hedegaard","image":{"@type":"ImageObject","inLanguage":"da-DK","@id":"https:\/\/kunmedierne.dk\/mors\/#\/schema\/person\/image\/","url":"https:\/\/secure.gravatar.com\/avatar\/18a5c72fa9148052fd3ed5a58b40fc83cfdc9811090e6e6eec9539af058edcc0?s=96&d=mm&r=g","contentUrl":"https:\/\/secure.gravatar.com\/avatar\/18a5c72fa9148052fd3ed5a58b40fc83cfdc9811090e6e6eec9539af058edcc0?s=96&d=mm&r=g","caption":"Katrine Hedegaard"},"url":"https:\/\/kunmedierne.dk\/mors\/author\/katrine\/"}]}},"_links":{"self":[{"href":"https:\/\/kunmedierne.dk\/mors\/wp-json\/wp\/v2\/posts\/84849","targetHints":{"allow":["GET"]}}],"collection":[{"href":"https:\/\/kunmedierne.dk\/mors\/wp-json\/wp\/v2\/posts"}],"about":[{"href":"https:\/\/kunmedierne.dk\/mors\/wp-json\/wp\/v2\/types\/post"}],"author":[{"embeddable":true,"href":"https:\/\/kunmedierne.dk\/mors\/wp-json\/wp\/v2\/users\/2507"}],"replies":[{"embeddable":true,"href":"https:\/\/kunmedierne.dk\/mors\/wp-json\/wp\/v2\/comments?post=84849"}],"version-history":[{"count":4,"href":"https:\/\/kunmedierne.dk\/mors\/wp-json\/wp\/v2\/posts\/84849\/revisions"}],"predecessor-version":[{"id":84854,"href":"https:\/\/kunmedierne.dk\/mors\/wp-json\/wp\/v2\/posts\/84849\/revisions\/84854"}],"wp:featuredmedia":[{"embeddable":true,"href":"https:\/\/kunmedierne.dk\/mors\/wp-json\/wp\/v2\/media\/26775"}],"wp:attachment":[{"href":"https:\/\/kunmedierne.dk\/mors\/wp-json\/wp\/v2\/media?parent=84849"}],"wp:term":[{"taxonomy":"category","embeddable":true,"href":"https:\/\/kunmedierne.dk\/mors\/wp-json\/wp\/v2\/categories?post=84849"},{"taxonomy":"post_tag","embeddable":true,"href":"https:\/\/kunmedierne.dk\/mors\/wp-json\/wp\/v2\/tags?post=84849"}],"curies":[{"name":"wp","href":"https:\/\/api.w.org\/{rel}","templated":true}]}}