{"id":8474,"date":"2020-02-20T16:44:46","date_gmt":"2020-02-20T15:44:46","guid":{"rendered":"https:\/\/kunmedierne.dk\/mors\/?p=8474"},"modified":"2024-08-12T14:06:27","modified_gmt":"2024-08-12T12:06:27","slug":"yngre-laeger-tror-paa-lokalt-laegeboom","status":"publish","type":"post","link":"https:\/\/kunmedierne.dk\/mors\/yngre-laeger-tror-paa-lokalt-laegeboom\/","title":{"rendered":"Yngre l\u00e6ger tror p\u00e5 lokalt l\u00e6geboom"},"content":{"rendered":"<p><strong>MORS\/THY<\/strong>: &#8220;K\u00e6re Thy og Mors. Jeg har gode udviklende nyheder i den ellers massive str\u00f8m af information om afvikling af l\u00e6ged\u00e6kning i vores omr\u00e5de.&#8221;<\/p>\n<p>S\u00e5dan begynder et opslag, som Sara S\u00f8ndergaard, s\u00e5kaldt uddannelsesl\u00e6ge p\u00e5 vej mod titlen som speciall\u00e6ge, tidligere i dag slog op p\u00e5 Facebook. Hun har lige startet en 12-mandsgruppe for yngre l\u00e6ger i omr\u00e5det, og budskabet fra hende og de andre er klart: Mors og Thy er s\u00e5 godt et omr\u00e5de, at de regner med at blive.<\/p>\n<p>&#8220;Og det bedste er, at der er endnu flere kollegaer p\u00e5 vej,&#8221; tilf\u00f8jer hun i opslaget.<\/p>\n<p>Det fik straks positive reaktioner, og over for KunMors uddyber Sara S\u00f8ndergaard, at optimismen ikke er grebet ud af den bl\u00e5 luft. En 12-mandsgruppe er et normalt forum for l\u00e6ger, og den, hun har oprettet, er ene og alene befolket af l\u00e6ger med tilknytning til Mors og Thy. Og nok s\u00e5 vigtigt: L\u00e6ger, der har lyst til at blive i omr\u00e5det.<\/p>\n<p>&#8220;Inklusionskriteret for at v\u00e6re med i vores gruppe er, at man t\u00e6nker, at man vil blive her. Det kan vi jo ikke love, men det er planen. De fleste har ogs\u00e5 k\u00f8bt hus heroppe,&#8221; siger Sara S\u00f8ndergaard.<\/p>\n<p>&nbsp;<\/p>\n<p><strong>Ikke rigtigt, at ingen gider v\u00e6re her<\/strong><\/p>\n<p>Hos mange er formodningen ellers, at det er sv\u00e6rt at f\u00e5 l\u00e6ger til at sl\u00e5 sig ned i det nordvestjyske. Men den tid er forbi, mener Sara S\u00f8ndergaard, som ogs\u00e5 har et m\u00e5l med at v\u00e6re offentlig med sin optimisme: Hun vil bek\u00e6mpe opfattelsen af, at l\u00e6ger frav\u00e6lger omr\u00e5det.<\/p>\n<p>&#8220;Folk f\u00e5r kun at vide, at der er l\u00e6gemangel, og at der ikke er nogen, der gider at v\u00e6re her. Og det er bare ikke rigtigt. Jeg ved ikke, om der nogensinde f\u00f8r er kommet s\u00e5 mange p\u00e5 en gang,&#8221; siger hun.<\/p>\n<p>P\u00e5 sp\u00f8rgsm\u00e5let om, hvordan hun kan vide, at stigningen af yngre l\u00e6ger i omr\u00e5det vil forts\u00e6tte i de kommende \u00e5r, siger hun:<\/p>\n<p>&#8220;Det kan jeg vide, for vi snakker selvf\u00f8lgelig ogs\u00e5 med andre. Der bliver nok sl\u00e5et fire-fem stillinger op om \u00e5ret, og de sidste mange gange har de v\u00e6ret besat hver gang. Og vi ved, at mange af vores kollegaer ogs\u00e5 vil s\u00f8ge i l\u00f8bet af de n\u00e6ste par \u00e5r. S\u00e5 jeg vil tro, at i l\u00f8bet af fem \u00e5r er der en 12-mandsgruppe mere,&#8221; siger hun.<\/p>\n<p>&nbsp;<\/p>\n<p><strong>En selvforst\u00e6rkende effekt<\/strong><\/p>\n<p>Hun vurderer, at en af \u00e5rsagerne til, at udviklingen er vendt, er, at man er blevet bedre til at fort\u00e6lle den gode historie om, at l\u00e6ger faktisk godt kan lide at v\u00e6re p\u00e5 Mors og i Thy.<\/p>\n<p>&#8220;Dem, der har v\u00e6ret her for l\u00e6ngere tid siden, har ogs\u00e5 v\u00e6ret glade for at v\u00e6re her. Der er bare blevet en mere positiv stemning omkring det hele, og s\u00e5 t\u00e6nker jeg, at man hellere vil blive her,&#8221; siger hun og kalder det en selvforst\u00e6rkende effekt.<\/p>\n<p>Personligt var hun ogs\u00e5 tidligere i tvivl, om hun som kommende praktiserende l\u00e6ge skulle sl\u00e5 sig ned i omr\u00e5det. Men udviklingen har gjort hende sikker i sin sag.<\/p>\n<p>&#8220;Jeg har hele tiden t\u00e6nkt, at jeg gerne ville v\u00e6re her, men jeg har ogs\u00e5 t\u00e6nkt: &#8220;Hvor fedt er det at v\u00e6re praktiserende l\u00e6ge i Thisted som den eneste unge l\u00e6ge?&#8221; Og det er jo netop s\u00e5dan, det ikke er nu,&#8221; siger hun.<\/p>\n<p>&#8220;Og jeg tror, det bliver endnu nemmere at f\u00e5 de n\u00e6ste til at komme,&#8221; tilf\u00f8jer hun med en n\u00e6sten l\u00e6gefaglig formulering om, hvorfor det bliver mere og mere popul\u00e6rt for yngre l\u00e6ger at s\u00f8ge mod Mors og Thy:<\/p>\n<p>&#8220;Det smitter meget.&#8221;<\/p>\n","protected":false},"excerpt":{"rendered":"<p>MORS\/THY: &#8220;K\u00e6re Thy og Mors. Jeg har gode udviklende nyheder i den ellers massive str\u00f8m af information om afvikling af l\u00e6ged\u00e6kning i vores omr\u00e5de.&#8221; S\u00e5dan begynder et opslag, som Sara S\u00f8ndergaard, s\u00e5kaldt uddannelsesl\u00e6ge p\u00e5 vej mod titlen som speciall\u00e6ge, tidligere i dag slog op p\u00e5 Facebook. Hun har lige startet en 12-mandsgruppe for yngre l\u00e6ger [&hellip;]<\/p>\n","protected":false},"author":8,"featured_media":8475,"comment_status":"open","ping_status":"open","sticky":false,"template":"","format":"standard","meta":{"_acf_changed":false,"footnotes":""},"categories":[51],"tags":[],"class_list":["post-8474","post","type-post","status-publish","format-standard","has-post-thumbnail","hentry","category-lokalt"],"acf":[],"yoast_head":"<!-- This site is optimized with the Yoast SEO plugin v26.8 - https:\/\/yoast.com\/product\/yoast-seo-wordpress\/ -->\n<title>Yngre l\u00e6ger tror p\u00e5 lokalt l\u00e6geboom - Mors<\/title>\n<meta name=\"robots\" content=\"index, follow, max-snippet:-1, max-image-preview:large, max-video-preview:-1\" \/>\n<link rel=\"canonical\" href=\"https:\/\/kunmedierne.dk\/mors\/yngre-laeger-tror-paa-lokalt-laegeboom\/\" \/>\n<meta property=\"og:locale\" content=\"da_DK\" \/>\n<meta property=\"og:type\" content=\"article\" \/>\n<meta property=\"og:title\" content=\"Yngre l\u00e6ger tror p\u00e5 lokalt l\u00e6geboom - Mors\" \/>\n<meta property=\"og:description\" content=\"MORS\/THY: &#8220;K\u00e6re Thy og Mors. Jeg har gode udviklende nyheder i den ellers massive str\u00f8m af information om afvikling af l\u00e6ged\u00e6kning i vores omr\u00e5de.&#8221; S\u00e5dan begynder et opslag, som Sara S\u00f8ndergaard, s\u00e5kaldt uddannelsesl\u00e6ge p\u00e5 vej mod titlen som speciall\u00e6ge, tidligere i dag slog op p\u00e5 Facebook. Hun har lige startet en 12-mandsgruppe for yngre l\u00e6ger [&hellip;]\" \/>\n<meta property=\"og:url\" content=\"https:\/\/kunmedierne.dk\/mors\/yngre-laeger-tror-paa-lokalt-laegeboom\/\" \/>\n<meta property=\"og:site_name\" content=\"Mors\" \/>\n<meta property=\"article:published_time\" content=\"2020-02-20T15:44:46+00:00\" \/>\n<meta property=\"article:modified_time\" content=\"2024-08-12T12:06:27+00:00\" \/>\n<meta property=\"og:image\" content=\"https:\/\/kunmedierne.dk\/mors\/wp-content\/uploads\/2020\/02\/200220-unge-l\u00e6ger.jpg\" \/>\n\t<meta property=\"og:image:width\" content=\"770\" \/>\n\t<meta property=\"og:image:height\" content=\"469\" \/>\n\t<meta property=\"og:image:type\" content=\"image\/jpeg\" \/>\n<meta name=\"author\" content=\"David H\u00f8jmark\" \/>\n<meta name=\"twitter:card\" content=\"summary_large_image\" \/>\n<meta name=\"twitter:label1\" content=\"Skrevet af\" \/>\n\t<meta name=\"twitter:data1\" content=\"David H\u00f8jmark\" \/>\n\t<meta name=\"twitter:label2\" content=\"Estimeret l\u00e6setid\" \/>\n\t<meta name=\"twitter:data2\" content=\"3 minutter\" \/>\n<script type=\"application\/ld+json\" class=\"yoast-schema-graph\">{\"@context\":\"https:\/\/schema.org\",\"@graph\":[{\"@type\":\"Article\",\"@id\":\"https:\/\/kunmedierne.dk\/mors\/yngre-laeger-tror-paa-lokalt-laegeboom\/#article\",\"isPartOf\":{\"@id\":\"https:\/\/kunmedierne.dk\/mors\/yngre-laeger-tror-paa-lokalt-laegeboom\/\"},\"author\":{\"name\":\"David H\u00f8jmark\",\"@id\":\"https:\/\/kunmedierne.dk\/mors\/#\/schema\/person\/5fe23251bf1d0abbcdc6f7896579d548\"},\"headline\":\"Yngre l\u00e6ger tror p\u00e5 lokalt l\u00e6geboom\",\"datePublished\":\"2020-02-20T15:44:46+00:00\",\"dateModified\":\"2024-08-12T12:06:27+00:00\",\"mainEntityOfPage\":{\"@id\":\"https:\/\/kunmedierne.dk\/mors\/yngre-laeger-tror-paa-lokalt-laegeboom\/\"},\"wordCount\":664,\"commentCount\":0,\"publisher\":{\"@id\":\"https:\/\/kunmedierne.dk\/mors\/#organization\"},\"image\":{\"@id\":\"https:\/\/kunmedierne.dk\/mors\/yngre-laeger-tror-paa-lokalt-laegeboom\/#primaryimage\"},\"thumbnailUrl\":\"https:\/\/kunmedierne.dk\/mors\/wp-content\/uploads\/2020\/02\/200220-unge-l\u00e6ger.jpg\",\"articleSection\":[\"Lokalt\"],\"inLanguage\":\"da-DK\",\"potentialAction\":[{\"@type\":\"CommentAction\",\"name\":\"Comment\",\"target\":[\"https:\/\/kunmedierne.dk\/mors\/yngre-laeger-tror-paa-lokalt-laegeboom\/#respond\"]}]},{\"@type\":\"WebPage\",\"@id\":\"https:\/\/kunmedierne.dk\/mors\/yngre-laeger-tror-paa-lokalt-laegeboom\/\",\"url\":\"https:\/\/kunmedierne.dk\/mors\/yngre-laeger-tror-paa-lokalt-laegeboom\/\",\"name\":\"Yngre l\u00e6ger tror p\u00e5 lokalt l\u00e6geboom - Mors\",\"isPartOf\":{\"@id\":\"https:\/\/kunmedierne.dk\/mors\/#website\"},\"primaryImageOfPage\":{\"@id\":\"https:\/\/kunmedierne.dk\/mors\/yngre-laeger-tror-paa-lokalt-laegeboom\/#primaryimage\"},\"image\":{\"@id\":\"https:\/\/kunmedierne.dk\/mors\/yngre-laeger-tror-paa-lokalt-laegeboom\/#primaryimage\"},\"thumbnailUrl\":\"https:\/\/kunmedierne.dk\/mors\/wp-content\/uploads\/2020\/02\/200220-unge-l\u00e6ger.jpg\",\"datePublished\":\"2020-02-20T15:44:46+00:00\",\"dateModified\":\"2024-08-12T12:06:27+00:00\",\"breadcrumb\":{\"@id\":\"https:\/\/kunmedierne.dk\/mors\/yngre-laeger-tror-paa-lokalt-laegeboom\/#breadcrumb\"},\"inLanguage\":\"da-DK\",\"potentialAction\":[{\"@type\":\"ReadAction\",\"target\":[\"https:\/\/kunmedierne.dk\/mors\/yngre-laeger-tror-paa-lokalt-laegeboom\/\"]}]},{\"@type\":\"ImageObject\",\"inLanguage\":\"da-DK\",\"@id\":\"https:\/\/kunmedierne.dk\/mors\/yngre-laeger-tror-paa-lokalt-laegeboom\/#primaryimage\",\"url\":\"https:\/\/kunmedierne.dk\/mors\/wp-content\/uploads\/2020\/02\/200220-unge-l\u00e6ger.jpg\",\"contentUrl\":\"https:\/\/kunmedierne.dk\/mors\/wp-content\/uploads\/2020\/02\/200220-unge-l\u00e6ger.jpg\",\"width\":770,\"height\":469,\"caption\":\"En del af 12-mandsgruppen for unge l\u00e6ger med Sara S\u00f8ndergaard (nummer to fra h\u00f8jre) som initiativtager. Privatfoto.\"},{\"@type\":\"BreadcrumbList\",\"@id\":\"https:\/\/kunmedierne.dk\/mors\/yngre-laeger-tror-paa-lokalt-laegeboom\/#breadcrumb\",\"itemListElement\":[{\"@type\":\"ListItem\",\"position\":1,\"name\":\"Hjem\",\"item\":\"https:\/\/kunmedierne.dk\/mors\/\"},{\"@type\":\"ListItem\",\"position\":2,\"name\":\"Yngre l\u00e6ger tror p\u00e5 lokalt l\u00e6geboom\"}]},{\"@type\":\"WebSite\",\"@id\":\"https:\/\/kunmedierne.dk\/mors\/#website\",\"url\":\"https:\/\/kunmedierne.dk\/mors\/\",\"name\":\"Mors\",\"description\":\"et netmedie med journalistik om livet p\u00e5 Mors\",\"publisher\":{\"@id\":\"https:\/\/kunmedierne.dk\/mors\/#organization\"},\"potentialAction\":[{\"@type\":\"SearchAction\",\"target\":{\"@type\":\"EntryPoint\",\"urlTemplate\":\"https:\/\/kunmedierne.dk\/mors\/?s={search_term_string}\"},\"query-input\":{\"@type\":\"PropertyValueSpecification\",\"valueRequired\":true,\"valueName\":\"search_term_string\"}}],\"inLanguage\":\"da-DK\"},{\"@type\":\"Organization\",\"@id\":\"https:\/\/kunmedierne.dk\/mors\/#organization\",\"name\":\"Mors\",\"url\":\"https:\/\/kunmedierne.dk\/mors\/\",\"logo\":{\"@type\":\"ImageObject\",\"inLanguage\":\"da-DK\",\"@id\":\"https:\/\/kunmedierne.dk\/mors\/#\/schema\/logo\/image\/\",\"url\":\"https:\/\/kunmedierne.dk\/mors\/wp-content\/uploads\/2024\/08\/kunmors-logo.svg\",\"contentUrl\":\"https:\/\/kunmedierne.dk\/mors\/wp-content\/uploads\/2024\/08\/kunmors-logo.svg\",\"caption\":\"Mors\"},\"image\":{\"@id\":\"https:\/\/kunmedierne.dk\/mors\/#\/schema\/logo\/image\/\"}},{\"@type\":\"Person\",\"@id\":\"https:\/\/kunmedierne.dk\/mors\/#\/schema\/person\/5fe23251bf1d0abbcdc6f7896579d548\",\"name\":\"David H\u00f8jmark\",\"image\":{\"@type\":\"ImageObject\",\"inLanguage\":\"da-DK\",\"@id\":\"https:\/\/kunmedierne.dk\/mors\/#\/schema\/person\/image\/\",\"url\":\"https:\/\/secure.gravatar.com\/avatar\/4315d6fb9ef244d729989f5f90268eb08d5bf8a3d84402f595fa194bb35784fd?s=96&d=mm&r=g\",\"contentUrl\":\"https:\/\/secure.gravatar.com\/avatar\/4315d6fb9ef244d729989f5f90268eb08d5bf8a3d84402f595fa194bb35784fd?s=96&d=mm&r=g\",\"caption\":\"David H\u00f8jmark\"},\"sameAs\":[\"https:\/\/www.kunmedierne.dk\"],\"url\":\"https:\/\/kunmedierne.dk\/mors\/author\/david\/\"}]}<\/script>\n<!-- \/ Yoast SEO plugin. -->","yoast_head_json":{"title":"Yngre l\u00e6ger tror p\u00e5 lokalt l\u00e6geboom - Mors","robots":{"index":"index","follow":"follow","max-snippet":"max-snippet:-1","max-image-preview":"max-image-preview:large","max-video-preview":"max-video-preview:-1"},"canonical":"https:\/\/kunmedierne.dk\/mors\/yngre-laeger-tror-paa-lokalt-laegeboom\/","og_locale":"da_DK","og_type":"article","og_title":"Yngre l\u00e6ger tror p\u00e5 lokalt l\u00e6geboom - Mors","og_description":"MORS\/THY: &#8220;K\u00e6re Thy og Mors. Jeg har gode udviklende nyheder i den ellers massive str\u00f8m af information om afvikling af l\u00e6ged\u00e6kning i vores omr\u00e5de.&#8221; S\u00e5dan begynder et opslag, som Sara S\u00f8ndergaard, s\u00e5kaldt uddannelsesl\u00e6ge p\u00e5 vej mod titlen som speciall\u00e6ge, tidligere i dag slog op p\u00e5 Facebook. Hun har lige startet en 12-mandsgruppe for yngre l\u00e6ger [&hellip;]","og_url":"https:\/\/kunmedierne.dk\/mors\/yngre-laeger-tror-paa-lokalt-laegeboom\/","og_site_name":"Mors","article_published_time":"2020-02-20T15:44:46+00:00","article_modified_time":"2024-08-12T12:06:27+00:00","og_image":[{"width":770,"height":469,"url":"https:\/\/kunmedierne.dk\/mors\/wp-content\/uploads\/2020\/02\/200220-unge-l\u00e6ger.jpg","type":"image\/jpeg"}],"author":"David H\u00f8jmark","twitter_card":"summary_large_image","twitter_misc":{"Skrevet af":"David H\u00f8jmark","Estimeret l\u00e6setid":"3 minutter"},"schema":{"@context":"https:\/\/schema.org","@graph":[{"@type":"Article","@id":"https:\/\/kunmedierne.dk\/mors\/yngre-laeger-tror-paa-lokalt-laegeboom\/#article","isPartOf":{"@id":"https:\/\/kunmedierne.dk\/mors\/yngre-laeger-tror-paa-lokalt-laegeboom\/"},"author":{"name":"David H\u00f8jmark","@id":"https:\/\/kunmedierne.dk\/mors\/#\/schema\/person\/5fe23251bf1d0abbcdc6f7896579d548"},"headline":"Yngre l\u00e6ger tror p\u00e5 lokalt l\u00e6geboom","datePublished":"2020-02-20T15:44:46+00:00","dateModified":"2024-08-12T12:06:27+00:00","mainEntityOfPage":{"@id":"https:\/\/kunmedierne.dk\/mors\/yngre-laeger-tror-paa-lokalt-laegeboom\/"},"wordCount":664,"commentCount":0,"publisher":{"@id":"https:\/\/kunmedierne.dk\/mors\/#organization"},"image":{"@id":"https:\/\/kunmedierne.dk\/mors\/yngre-laeger-tror-paa-lokalt-laegeboom\/#primaryimage"},"thumbnailUrl":"https:\/\/kunmedierne.dk\/mors\/wp-content\/uploads\/2020\/02\/200220-unge-l\u00e6ger.jpg","articleSection":["Lokalt"],"inLanguage":"da-DK","potentialAction":[{"@type":"CommentAction","name":"Comment","target":["https:\/\/kunmedierne.dk\/mors\/yngre-laeger-tror-paa-lokalt-laegeboom\/#respond"]}]},{"@type":"WebPage","@id":"https:\/\/kunmedierne.dk\/mors\/yngre-laeger-tror-paa-lokalt-laegeboom\/","url":"https:\/\/kunmedierne.dk\/mors\/yngre-laeger-tror-paa-lokalt-laegeboom\/","name":"Yngre l\u00e6ger tror p\u00e5 lokalt l\u00e6geboom - Mors","isPartOf":{"@id":"https:\/\/kunmedierne.dk\/mors\/#website"},"primaryImageOfPage":{"@id":"https:\/\/kunmedierne.dk\/mors\/yngre-laeger-tror-paa-lokalt-laegeboom\/#primaryimage"},"image":{"@id":"https:\/\/kunmedierne.dk\/mors\/yngre-laeger-tror-paa-lokalt-laegeboom\/#primaryimage"},"thumbnailUrl":"https:\/\/kunmedierne.dk\/mors\/wp-content\/uploads\/2020\/02\/200220-unge-l\u00e6ger.jpg","datePublished":"2020-02-20T15:44:46+00:00","dateModified":"2024-08-12T12:06:27+00:00","breadcrumb":{"@id":"https:\/\/kunmedierne.dk\/mors\/yngre-laeger-tror-paa-lokalt-laegeboom\/#breadcrumb"},"inLanguage":"da-DK","potentialAction":[{"@type":"ReadAction","target":["https:\/\/kunmedierne.dk\/mors\/yngre-laeger-tror-paa-lokalt-laegeboom\/"]}]},{"@type":"ImageObject","inLanguage":"da-DK","@id":"https:\/\/kunmedierne.dk\/mors\/yngre-laeger-tror-paa-lokalt-laegeboom\/#primaryimage","url":"https:\/\/kunmedierne.dk\/mors\/wp-content\/uploads\/2020\/02\/200220-unge-l\u00e6ger.jpg","contentUrl":"https:\/\/kunmedierne.dk\/mors\/wp-content\/uploads\/2020\/02\/200220-unge-l\u00e6ger.jpg","width":770,"height":469,"caption":"En del af 12-mandsgruppen for unge l\u00e6ger med Sara S\u00f8ndergaard (nummer to fra h\u00f8jre) som initiativtager. Privatfoto."},{"@type":"BreadcrumbList","@id":"https:\/\/kunmedierne.dk\/mors\/yngre-laeger-tror-paa-lokalt-laegeboom\/#breadcrumb","itemListElement":[{"@type":"ListItem","position":1,"name":"Hjem","item":"https:\/\/kunmedierne.dk\/mors\/"},{"@type":"ListItem","position":2,"name":"Yngre l\u00e6ger tror p\u00e5 lokalt l\u00e6geboom"}]},{"@type":"WebSite","@id":"https:\/\/kunmedierne.dk\/mors\/#website","url":"https:\/\/kunmedierne.dk\/mors\/","name":"Mors","description":"et netmedie med journalistik om livet p\u00e5 Mors","publisher":{"@id":"https:\/\/kunmedierne.dk\/mors\/#organization"},"potentialAction":[{"@type":"SearchAction","target":{"@type":"EntryPoint","urlTemplate":"https:\/\/kunmedierne.dk\/mors\/?s={search_term_string}"},"query-input":{"@type":"PropertyValueSpecification","valueRequired":true,"valueName":"search_term_string"}}],"inLanguage":"da-DK"},{"@type":"Organization","@id":"https:\/\/kunmedierne.dk\/mors\/#organization","name":"Mors","url":"https:\/\/kunmedierne.dk\/mors\/","logo":{"@type":"ImageObject","inLanguage":"da-DK","@id":"https:\/\/kunmedierne.dk\/mors\/#\/schema\/logo\/image\/","url":"https:\/\/kunmedierne.dk\/mors\/wp-content\/uploads\/2024\/08\/kunmors-logo.svg","contentUrl":"https:\/\/kunmedierne.dk\/mors\/wp-content\/uploads\/2024\/08\/kunmors-logo.svg","caption":"Mors"},"image":{"@id":"https:\/\/kunmedierne.dk\/mors\/#\/schema\/logo\/image\/"}},{"@type":"Person","@id":"https:\/\/kunmedierne.dk\/mors\/#\/schema\/person\/5fe23251bf1d0abbcdc6f7896579d548","name":"David H\u00f8jmark","image":{"@type":"ImageObject","inLanguage":"da-DK","@id":"https:\/\/kunmedierne.dk\/mors\/#\/schema\/person\/image\/","url":"https:\/\/secure.gravatar.com\/avatar\/4315d6fb9ef244d729989f5f90268eb08d5bf8a3d84402f595fa194bb35784fd?s=96&d=mm&r=g","contentUrl":"https:\/\/secure.gravatar.com\/avatar\/4315d6fb9ef244d729989f5f90268eb08d5bf8a3d84402f595fa194bb35784fd?s=96&d=mm&r=g","caption":"David H\u00f8jmark"},"sameAs":["https:\/\/www.kunmedierne.dk"],"url":"https:\/\/kunmedierne.dk\/mors\/author\/david\/"}]}},"_links":{"self":[{"href":"https:\/\/kunmedierne.dk\/mors\/wp-json\/wp\/v2\/posts\/8474","targetHints":{"allow":["GET"]}}],"collection":[{"href":"https:\/\/kunmedierne.dk\/mors\/wp-json\/wp\/v2\/posts"}],"about":[{"href":"https:\/\/kunmedierne.dk\/mors\/wp-json\/wp\/v2\/types\/post"}],"author":[{"embeddable":true,"href":"https:\/\/kunmedierne.dk\/mors\/wp-json\/wp\/v2\/users\/8"}],"replies":[{"embeddable":true,"href":"https:\/\/kunmedierne.dk\/mors\/wp-json\/wp\/v2\/comments?post=8474"}],"version-history":[{"count":1,"href":"https:\/\/kunmedierne.dk\/mors\/wp-json\/wp\/v2\/posts\/8474\/revisions"}],"predecessor-version":[{"id":8476,"href":"https:\/\/kunmedierne.dk\/mors\/wp-json\/wp\/v2\/posts\/8474\/revisions\/8476"}],"wp:featuredmedia":[{"embeddable":true,"href":"https:\/\/kunmedierne.dk\/mors\/wp-json\/wp\/v2\/media\/8475"}],"wp:attachment":[{"href":"https:\/\/kunmedierne.dk\/mors\/wp-json\/wp\/v2\/media?parent=8474"}],"wp:term":[{"taxonomy":"category","embeddable":true,"href":"https:\/\/kunmedierne.dk\/mors\/wp-json\/wp\/v2\/categories?post=8474"},{"taxonomy":"post_tag","embeddable":true,"href":"https:\/\/kunmedierne.dk\/mors\/wp-json\/wp\/v2\/tags?post=8474"}],"curies":[{"name":"wp","href":"https:\/\/api.w.org\/{rel}","templated":true}]}}