{"id":83881,"date":"2022-12-05T05:37:30","date_gmt":"2022-12-05T04:37:30","guid":{"rendered":"https:\/\/kunmedierne.dk\/mors\/?p=83881"},"modified":"2024-08-07T14:38:00","modified_gmt":"2024-08-07T12:38:00","slug":"75-aar-i-dag-inger-nielsen","status":"publish","type":"post","link":"https:\/\/kunmedierne.dk\/mors\/75-aar-i-dag-inger-nielsen\/","title":{"rendered":"75 \u00e5r i dag: Inger Nielsen"},"content":{"rendered":"<p><strong>KARBY<\/strong>: T\u00e6nk at v\u00e6re 66 \u00e5r og gennemf\u00f8re et maratonl\u00f8b.<\/p>\n<p>En s\u00e5dan pr\u00e6station er umulig for langt de fleste mennesker i verden p\u00e5 d\u00e9n alder &#8211; og for mange yngre. Men t\u00e6nk s\u00e5 at gennemf\u00f8re ikke bare et, men n\u00e6sten fire maratonl\u00f8b p\u00e5 rad og r\u00e6kke, fordi man ikke bare krydser startlinjen, men ogs\u00e5 n\u00e5r m\u00e5lstregen i et 160,9 kilometer langt l\u00f8b.<\/p>\n<p>Det gjorde Inger Nielsen fra Karby i 2014, da hun blev den f\u00f8rste kvinde fra Mors til at gennemf\u00f8re \u00f8ens eget ultral\u00f8b &#8211; og den \u00e6ldste overhovedet i l\u00f8bets historie.<\/p>\n<a class=\"dvrt-link\" onClick=\"cdmtrack_click(104785,jQuery(this));return false\" href=\"https:\/\/www.facebook.com\/lyndrups\"><img decoding=\"async\" style=\"width:100%;\" src=\"https:\/\/kunmedierne.dk\/mors\/wp-content\/uploads\/2022\/02\/vip-lyndrups-rengoering.jpg\"><\/a><script>cdmtrack_view(104785);<\/script>\n<p>Men ikke nok med det: Hun n\u00e5ede Mors 100 Miles-m\u00e5lstregen p\u00e5 \u00d8sterstrand mere end en time inden for tidsgr\u00e6nsen og havde derefter s\u00e5 stort overskud, at publikum, officials og l\u00f8bere gjorde store \u00f8jne, da de en time senere s\u00e5 hende l\u00f8be den sidste og meget yngre deltager i m\u00f8de og tage ham i h\u00e5nden for at hj\u00e6lpe ham ind over m\u00e5lstregen.<\/p>\n<p>I dag fylder energibomben fra Karby 75 \u00e5r.<\/p>\n<p>Og hun er selvf\u00f8lgelig stadig fyldt med energi. Som aktiv i Mors\u00f8 Fodslaw og Pilgrim Mors hj\u00e6lper hun langt yngre morsingboer til sund livsstil if\u00f8rt vandresko under \u00f8ens \u00e5bne himmel.<\/p>\n<a class=\"dvrt-link\" onClick=\"cdmtrack_click(147315,jQuery(this));return false\" href=\"https:\/\/sdrhaa.dk\/\"><img decoding=\"async\" style=\"width:100%;\" src=\"https:\/\/kunmedierne.dk\/mors\/wp-content\/uploads\/2025\/05\/260302Sdr-HaaDin-gebyrvenlige-sparekasse_mors-002.gif\"><\/a><script>cdmtrack_view(147315);<\/script>\n<p>Hun har formentlig ikke planer om at l\u00f8be med i Mors 100 Miles igen, for som hun sagde til Mors\u00f8 Folkeblad efter bedriften i 2014: &#8220;N\u00e5r noget er g\u00e5et totalt op i en h\u00f8jere enhed, skal det ikke g\u00f8res igen.&#8221; Alligevel g\u00f8r Inger Nielsen stadig en forskel i det folkek\u00e6re l\u00f8b, n\u00e5r hun som frivillig tovholder for L\u00f8behulen skipper nattes\u00f8vnen for at tage sig godt af de udmattede deltagere, efterh\u00e5nden som de kommer i m\u00e5l.<\/p>\n<p>Pr\u00e6cis som hun gjorde det den septemberdag i 2014.<\/p>\n<p>KunMors siger tillykke med dagen.<\/p>\n<p><strong>L\u00c6S OGS\u00c5: <a href=\"https:\/\/kunmedierne.dk\/mors\/hvis-man-sigter-efter-stjernerne-kan-det-godt-vaere-at-man-kun-rammer-maanen\/\">&#8211; Hvis man sigter efter stjernerne, kan det godt v\u00e6re, at man kun rammer M\u00e5nen&#8230;<\/a><\/strong><\/p>\n","protected":false},"excerpt":{"rendered":"<p>KARBY: T\u00e6nk at v\u00e6re 66 \u00e5r og gennemf\u00f8re et maratonl\u00f8b. En s\u00e5dan pr\u00e6station er umulig for langt de fleste mennesker i verden p\u00e5 d\u00e9n alder &#8211; og for mange yngre. Men t\u00e6nk s\u00e5 at gennemf\u00f8re ikke bare et, men n\u00e6sten fire maratonl\u00f8b p\u00e5 rad og r\u00e6kke, fordi man ikke bare krydser startlinjen, men ogs\u00e5 n\u00e5r [&hellip;]<\/p>\n","protected":false},"author":264,"featured_media":83883,"comment_status":"closed","ping_status":"open","sticky":false,"template":"","format":"standard","meta":{"_acf_changed":false,"footnotes":""},"categories":[51,52],"tags":[163],"class_list":["post-83881","post","type-post","status-publish","format-standard","has-post-thumbnail","hentry","category-lokalt","category-navne","tag-mors-100-miles"],"acf":[],"yoast_head":"<!-- This site is optimized with the Yoast SEO plugin v26.8 - https:\/\/yoast.com\/product\/yoast-seo-wordpress\/ -->\n<title>75 \u00e5r i dag: Inger Nielsen - Mors<\/title>\n<meta name=\"robots\" content=\"index, follow, max-snippet:-1, max-image-preview:large, max-video-preview:-1\" \/>\n<link rel=\"canonical\" href=\"https:\/\/kunmedierne.dk\/mors\/75-aar-i-dag-inger-nielsen\/\" \/>\n<meta property=\"og:locale\" content=\"da_DK\" \/>\n<meta property=\"og:type\" content=\"article\" \/>\n<meta property=\"og:title\" content=\"75 \u00e5r i dag: Inger Nielsen - Mors\" \/>\n<meta property=\"og:description\" content=\"KARBY: T\u00e6nk at v\u00e6re 66 \u00e5r og gennemf\u00f8re et maratonl\u00f8b. En s\u00e5dan pr\u00e6station er umulig for langt de fleste mennesker i verden p\u00e5 d\u00e9n alder &#8211; og for mange yngre. Men t\u00e6nk s\u00e5 at gennemf\u00f8re ikke bare et, men n\u00e6sten fire maratonl\u00f8b p\u00e5 rad og r\u00e6kke, fordi man ikke bare krydser startlinjen, men ogs\u00e5 n\u00e5r [&hellip;]\" \/>\n<meta property=\"og:url\" content=\"https:\/\/kunmedierne.dk\/mors\/75-aar-i-dag-inger-nielsen\/\" \/>\n<meta property=\"og:site_name\" content=\"Mors\" \/>\n<meta property=\"article:published_time\" content=\"2022-12-05T04:37:30+00:00\" \/>\n<meta property=\"article:modified_time\" content=\"2024-08-07T12:38:00+00:00\" \/>\n<meta property=\"og:image\" content=\"https:\/\/kunmedierne.dk\/mors\/wp-content\/uploads\/2022\/12\/inger-nielsen.jpg\" \/>\n\t<meta property=\"og:image:width\" content=\"1126\" \/>\n\t<meta property=\"og:image:height\" content=\"750\" \/>\n\t<meta property=\"og:image:type\" content=\"image\/jpeg\" \/>\n<meta name=\"author\" content=\"Navne\" \/>\n<meta name=\"twitter:card\" content=\"summary_large_image\" \/>\n<meta name=\"twitter:label1\" content=\"Skrevet af\" \/>\n\t<meta name=\"twitter:data1\" content=\"Navne\" \/>\n\t<meta name=\"twitter:label2\" content=\"Estimeret l\u00e6setid\" \/>\n\t<meta name=\"twitter:data2\" content=\"2 minutter\" \/>\n<script type=\"application\/ld+json\" class=\"yoast-schema-graph\">{\"@context\":\"https:\/\/schema.org\",\"@graph\":[{\"@type\":\"Article\",\"@id\":\"https:\/\/kunmedierne.dk\/mors\/75-aar-i-dag-inger-nielsen\/#article\",\"isPartOf\":{\"@id\":\"https:\/\/kunmedierne.dk\/mors\/75-aar-i-dag-inger-nielsen\/\"},\"author\":{\"name\":\"Navne\",\"@id\":\"https:\/\/kunmedierne.dk\/mors\/#\/schema\/person\/f084885f8161963bb583d8604763a6b7\"},\"headline\":\"75 \u00e5r i dag: Inger Nielsen\",\"datePublished\":\"2022-12-05T04:37:30+00:00\",\"dateModified\":\"2024-08-07T12:38:00+00:00\",\"mainEntityOfPage\":{\"@id\":\"https:\/\/kunmedierne.dk\/mors\/75-aar-i-dag-inger-nielsen\/\"},\"wordCount\":346,\"publisher\":{\"@id\":\"https:\/\/kunmedierne.dk\/mors\/#organization\"},\"image\":{\"@id\":\"https:\/\/kunmedierne.dk\/mors\/75-aar-i-dag-inger-nielsen\/#primaryimage\"},\"thumbnailUrl\":\"https:\/\/kunmedierne.dk\/mors\/wp-content\/uploads\/2022\/12\/inger-nielsen.jpg\",\"keywords\":[\"Mors 100 Miles\"],\"articleSection\":[\"Lokalt\",\"Navne\"],\"inLanguage\":\"da-DK\"},{\"@type\":\"WebPage\",\"@id\":\"https:\/\/kunmedierne.dk\/mors\/75-aar-i-dag-inger-nielsen\/\",\"url\":\"https:\/\/kunmedierne.dk\/mors\/75-aar-i-dag-inger-nielsen\/\",\"name\":\"75 \u00e5r i dag: Inger Nielsen - Mors\",\"isPartOf\":{\"@id\":\"https:\/\/kunmedierne.dk\/mors\/#website\"},\"primaryImageOfPage\":{\"@id\":\"https:\/\/kunmedierne.dk\/mors\/75-aar-i-dag-inger-nielsen\/#primaryimage\"},\"image\":{\"@id\":\"https:\/\/kunmedierne.dk\/mors\/75-aar-i-dag-inger-nielsen\/#primaryimage\"},\"thumbnailUrl\":\"https:\/\/kunmedierne.dk\/mors\/wp-content\/uploads\/2022\/12\/inger-nielsen.jpg\",\"datePublished\":\"2022-12-05T04:37:30+00:00\",\"dateModified\":\"2024-08-07T12:38:00+00:00\",\"breadcrumb\":{\"@id\":\"https:\/\/kunmedierne.dk\/mors\/75-aar-i-dag-inger-nielsen\/#breadcrumb\"},\"inLanguage\":\"da-DK\",\"potentialAction\":[{\"@type\":\"ReadAction\",\"target\":[\"https:\/\/kunmedierne.dk\/mors\/75-aar-i-dag-inger-nielsen\/\"]}]},{\"@type\":\"ImageObject\",\"inLanguage\":\"da-DK\",\"@id\":\"https:\/\/kunmedierne.dk\/mors\/75-aar-i-dag-inger-nielsen\/#primaryimage\",\"url\":\"https:\/\/kunmedierne.dk\/mors\/wp-content\/uploads\/2022\/12\/inger-nielsen.jpg\",\"contentUrl\":\"https:\/\/kunmedierne.dk\/mors\/wp-content\/uploads\/2022\/12\/inger-nielsen.jpg\",\"width\":1126,\"height\":750,\"caption\":\"Inger Nielsen, her i selskab med en anden ultral\u00f8ber, Carsten Martinetz, fylder 75 \u00e5r i dag. Foto: Mors 100 Miles\"},{\"@type\":\"BreadcrumbList\",\"@id\":\"https:\/\/kunmedierne.dk\/mors\/75-aar-i-dag-inger-nielsen\/#breadcrumb\",\"itemListElement\":[{\"@type\":\"ListItem\",\"position\":1,\"name\":\"Hjem\",\"item\":\"https:\/\/kunmedierne.dk\/mors\/\"},{\"@type\":\"ListItem\",\"position\":2,\"name\":\"75 \u00e5r i dag: Inger Nielsen\"}]},{\"@type\":\"WebSite\",\"@id\":\"https:\/\/kunmedierne.dk\/mors\/#website\",\"url\":\"https:\/\/kunmedierne.dk\/mors\/\",\"name\":\"Mors\",\"description\":\"et netmedie med journalistik om livet p\u00e5 Mors\",\"publisher\":{\"@id\":\"https:\/\/kunmedierne.dk\/mors\/#organization\"},\"potentialAction\":[{\"@type\":\"SearchAction\",\"target\":{\"@type\":\"EntryPoint\",\"urlTemplate\":\"https:\/\/kunmedierne.dk\/mors\/?s={search_term_string}\"},\"query-input\":{\"@type\":\"PropertyValueSpecification\",\"valueRequired\":true,\"valueName\":\"search_term_string\"}}],\"inLanguage\":\"da-DK\"},{\"@type\":\"Organization\",\"@id\":\"https:\/\/kunmedierne.dk\/mors\/#organization\",\"name\":\"Mors\",\"url\":\"https:\/\/kunmedierne.dk\/mors\/\",\"logo\":{\"@type\":\"ImageObject\",\"inLanguage\":\"da-DK\",\"@id\":\"https:\/\/kunmedierne.dk\/mors\/#\/schema\/logo\/image\/\",\"url\":\"https:\/\/kunmedierne.dk\/mors\/wp-content\/uploads\/2024\/08\/kunmors-logo.svg\",\"contentUrl\":\"https:\/\/kunmedierne.dk\/mors\/wp-content\/uploads\/2024\/08\/kunmors-logo.svg\",\"caption\":\"Mors\"},\"image\":{\"@id\":\"https:\/\/kunmedierne.dk\/mors\/#\/schema\/logo\/image\/\"}},{\"@type\":\"Person\",\"@id\":\"https:\/\/kunmedierne.dk\/mors\/#\/schema\/person\/f084885f8161963bb583d8604763a6b7\",\"name\":\"Navne\",\"image\":{\"@type\":\"ImageObject\",\"inLanguage\":\"da-DK\",\"@id\":\"https:\/\/kunmedierne.dk\/mors\/#\/schema\/person\/image\/\",\"url\":\"https:\/\/secure.gravatar.com\/avatar\/6f0953307eaee87813e8e3c90223d5589b093e56e7cc66b5575f901f7b5868a5?s=96&d=mm&r=g\",\"contentUrl\":\"https:\/\/secure.gravatar.com\/avatar\/6f0953307eaee87813e8e3c90223d5589b093e56e7cc66b5575f901f7b5868a5?s=96&d=mm&r=g\",\"caption\":\"Navne\"},\"url\":\"https:\/\/kunmedierne.dk\/mors\/author\/navne\/\"}]}<\/script>\n<!-- \/ Yoast SEO plugin. -->","yoast_head_json":{"title":"75 \u00e5r i dag: Inger Nielsen - Mors","robots":{"index":"index","follow":"follow","max-snippet":"max-snippet:-1","max-image-preview":"max-image-preview:large","max-video-preview":"max-video-preview:-1"},"canonical":"https:\/\/kunmedierne.dk\/mors\/75-aar-i-dag-inger-nielsen\/","og_locale":"da_DK","og_type":"article","og_title":"75 \u00e5r i dag: Inger Nielsen - Mors","og_description":"KARBY: T\u00e6nk at v\u00e6re 66 \u00e5r og gennemf\u00f8re et maratonl\u00f8b. En s\u00e5dan pr\u00e6station er umulig for langt de fleste mennesker i verden p\u00e5 d\u00e9n alder &#8211; og for mange yngre. Men t\u00e6nk s\u00e5 at gennemf\u00f8re ikke bare et, men n\u00e6sten fire maratonl\u00f8b p\u00e5 rad og r\u00e6kke, fordi man ikke bare krydser startlinjen, men ogs\u00e5 n\u00e5r [&hellip;]","og_url":"https:\/\/kunmedierne.dk\/mors\/75-aar-i-dag-inger-nielsen\/","og_site_name":"Mors","article_published_time":"2022-12-05T04:37:30+00:00","article_modified_time":"2024-08-07T12:38:00+00:00","og_image":[{"width":1126,"height":750,"url":"https:\/\/kunmedierne.dk\/mors\/wp-content\/uploads\/2022\/12\/inger-nielsen.jpg","type":"image\/jpeg"}],"author":"Navne","twitter_card":"summary_large_image","twitter_misc":{"Skrevet af":"Navne","Estimeret l\u00e6setid":"2 minutter"},"schema":{"@context":"https:\/\/schema.org","@graph":[{"@type":"Article","@id":"https:\/\/kunmedierne.dk\/mors\/75-aar-i-dag-inger-nielsen\/#article","isPartOf":{"@id":"https:\/\/kunmedierne.dk\/mors\/75-aar-i-dag-inger-nielsen\/"},"author":{"name":"Navne","@id":"https:\/\/kunmedierne.dk\/mors\/#\/schema\/person\/f084885f8161963bb583d8604763a6b7"},"headline":"75 \u00e5r i dag: Inger Nielsen","datePublished":"2022-12-05T04:37:30+00:00","dateModified":"2024-08-07T12:38:00+00:00","mainEntityOfPage":{"@id":"https:\/\/kunmedierne.dk\/mors\/75-aar-i-dag-inger-nielsen\/"},"wordCount":346,"publisher":{"@id":"https:\/\/kunmedierne.dk\/mors\/#organization"},"image":{"@id":"https:\/\/kunmedierne.dk\/mors\/75-aar-i-dag-inger-nielsen\/#primaryimage"},"thumbnailUrl":"https:\/\/kunmedierne.dk\/mors\/wp-content\/uploads\/2022\/12\/inger-nielsen.jpg","keywords":["Mors 100 Miles"],"articleSection":["Lokalt","Navne"],"inLanguage":"da-DK"},{"@type":"WebPage","@id":"https:\/\/kunmedierne.dk\/mors\/75-aar-i-dag-inger-nielsen\/","url":"https:\/\/kunmedierne.dk\/mors\/75-aar-i-dag-inger-nielsen\/","name":"75 \u00e5r i dag: Inger Nielsen - Mors","isPartOf":{"@id":"https:\/\/kunmedierne.dk\/mors\/#website"},"primaryImageOfPage":{"@id":"https:\/\/kunmedierne.dk\/mors\/75-aar-i-dag-inger-nielsen\/#primaryimage"},"image":{"@id":"https:\/\/kunmedierne.dk\/mors\/75-aar-i-dag-inger-nielsen\/#primaryimage"},"thumbnailUrl":"https:\/\/kunmedierne.dk\/mors\/wp-content\/uploads\/2022\/12\/inger-nielsen.jpg","datePublished":"2022-12-05T04:37:30+00:00","dateModified":"2024-08-07T12:38:00+00:00","breadcrumb":{"@id":"https:\/\/kunmedierne.dk\/mors\/75-aar-i-dag-inger-nielsen\/#breadcrumb"},"inLanguage":"da-DK","potentialAction":[{"@type":"ReadAction","target":["https:\/\/kunmedierne.dk\/mors\/75-aar-i-dag-inger-nielsen\/"]}]},{"@type":"ImageObject","inLanguage":"da-DK","@id":"https:\/\/kunmedierne.dk\/mors\/75-aar-i-dag-inger-nielsen\/#primaryimage","url":"https:\/\/kunmedierne.dk\/mors\/wp-content\/uploads\/2022\/12\/inger-nielsen.jpg","contentUrl":"https:\/\/kunmedierne.dk\/mors\/wp-content\/uploads\/2022\/12\/inger-nielsen.jpg","width":1126,"height":750,"caption":"Inger Nielsen, her i selskab med en anden ultral\u00f8ber, Carsten Martinetz, fylder 75 \u00e5r i dag. Foto: Mors 100 Miles"},{"@type":"BreadcrumbList","@id":"https:\/\/kunmedierne.dk\/mors\/75-aar-i-dag-inger-nielsen\/#breadcrumb","itemListElement":[{"@type":"ListItem","position":1,"name":"Hjem","item":"https:\/\/kunmedierne.dk\/mors\/"},{"@type":"ListItem","position":2,"name":"75 \u00e5r i dag: Inger Nielsen"}]},{"@type":"WebSite","@id":"https:\/\/kunmedierne.dk\/mors\/#website","url":"https:\/\/kunmedierne.dk\/mors\/","name":"Mors","description":"et netmedie med journalistik om livet p\u00e5 Mors","publisher":{"@id":"https:\/\/kunmedierne.dk\/mors\/#organization"},"potentialAction":[{"@type":"SearchAction","target":{"@type":"EntryPoint","urlTemplate":"https:\/\/kunmedierne.dk\/mors\/?s={search_term_string}"},"query-input":{"@type":"PropertyValueSpecification","valueRequired":true,"valueName":"search_term_string"}}],"inLanguage":"da-DK"},{"@type":"Organization","@id":"https:\/\/kunmedierne.dk\/mors\/#organization","name":"Mors","url":"https:\/\/kunmedierne.dk\/mors\/","logo":{"@type":"ImageObject","inLanguage":"da-DK","@id":"https:\/\/kunmedierne.dk\/mors\/#\/schema\/logo\/image\/","url":"https:\/\/kunmedierne.dk\/mors\/wp-content\/uploads\/2024\/08\/kunmors-logo.svg","contentUrl":"https:\/\/kunmedierne.dk\/mors\/wp-content\/uploads\/2024\/08\/kunmors-logo.svg","caption":"Mors"},"image":{"@id":"https:\/\/kunmedierne.dk\/mors\/#\/schema\/logo\/image\/"}},{"@type":"Person","@id":"https:\/\/kunmedierne.dk\/mors\/#\/schema\/person\/f084885f8161963bb583d8604763a6b7","name":"Navne","image":{"@type":"ImageObject","inLanguage":"da-DK","@id":"https:\/\/kunmedierne.dk\/mors\/#\/schema\/person\/image\/","url":"https:\/\/secure.gravatar.com\/avatar\/6f0953307eaee87813e8e3c90223d5589b093e56e7cc66b5575f901f7b5868a5?s=96&d=mm&r=g","contentUrl":"https:\/\/secure.gravatar.com\/avatar\/6f0953307eaee87813e8e3c90223d5589b093e56e7cc66b5575f901f7b5868a5?s=96&d=mm&r=g","caption":"Navne"},"url":"https:\/\/kunmedierne.dk\/mors\/author\/navne\/"}]}},"_links":{"self":[{"href":"https:\/\/kunmedierne.dk\/mors\/wp-json\/wp\/v2\/posts\/83881","targetHints":{"allow":["GET"]}}],"collection":[{"href":"https:\/\/kunmedierne.dk\/mors\/wp-json\/wp\/v2\/posts"}],"about":[{"href":"https:\/\/kunmedierne.dk\/mors\/wp-json\/wp\/v2\/types\/post"}],"author":[{"embeddable":true,"href":"https:\/\/kunmedierne.dk\/mors\/wp-json\/wp\/v2\/users\/264"}],"replies":[{"embeddable":true,"href":"https:\/\/kunmedierne.dk\/mors\/wp-json\/wp\/v2\/comments?post=83881"}],"version-history":[{"count":5,"href":"https:\/\/kunmedierne.dk\/mors\/wp-json\/wp\/v2\/posts\/83881\/revisions"}],"predecessor-version":[{"id":84267,"href":"https:\/\/kunmedierne.dk\/mors\/wp-json\/wp\/v2\/posts\/83881\/revisions\/84267"}],"wp:featuredmedia":[{"embeddable":true,"href":"https:\/\/kunmedierne.dk\/mors\/wp-json\/wp\/v2\/media\/83883"}],"wp:attachment":[{"href":"https:\/\/kunmedierne.dk\/mors\/wp-json\/wp\/v2\/media?parent=83881"}],"wp:term":[{"taxonomy":"category","embeddable":true,"href":"https:\/\/kunmedierne.dk\/mors\/wp-json\/wp\/v2\/categories?post=83881"},{"taxonomy":"post_tag","embeddable":true,"href":"https:\/\/kunmedierne.dk\/mors\/wp-json\/wp\/v2\/tags?post=83881"}],"curies":[{"name":"wp","href":"https:\/\/api.w.org\/{rel}","templated":true}]}}