{"id":8343,"date":"2020-02-19T19:12:29","date_gmt":"2020-02-19T18:12:29","guid":{"rendered":"https:\/\/kunmedierne.dk\/mors\/?p=8343"},"modified":"2024-08-12T14:06:27","modified_gmt":"2024-08-12T12:06:27","slug":"helt-kanon-i-cordoba","status":"publish","type":"post","link":"https:\/\/kunmedierne.dk\/mors\/helt-kanon-i-cordoba\/","title":{"rendered":"Helt kanon i C\u00f3rdoba"},"content":{"rendered":"<p><strong>CORDOBA<\/strong>: &#8211; Det er den bedste beslutning, jeg nogensinde har taget.<\/p>\n<p>Josephine Noppenau, 17-\u00e5rig studerende fra Mors\u00f8 Handelsgymnasium, l\u00e6gger ikke en d\u00e6mper p\u00e5 begejstringen, n\u00e5r hun skal opsummere de tre uger i C\u00f3rdoba, der snart er forbi.<\/p>\n<p>Sammen med 15 andre HHX-elever fra Mors, Thisted og Fjerritslev er hun p\u00e5 studietur i den sydspanske by, hvor indtrykkene har v\u00e6ret mange og gode.<\/p>\n<p>&#8220;Det har v\u00e6ret vildt fedt at f\u00e5 en s\u00e5 fantastisk oplevelse sammen med sine gode venner samt en hel masse gode minder i en helt fantastisk by, som jeg stensikkert vil komme tilbage til,&#8221; beretter Josephine Noppenau og opfordrer andre unge til at gribe chancen, hvis de nogensinde f\u00e5r den samme mulighed.<\/p>\n<div id=\"attachment_8345\" style=\"width: 310px\" class=\"wp-caption alignright\"><img loading=\"lazy\" decoding=\"async\" aria-describedby=\"caption-attachment-8345\" class=\"wp-image-8345 size-medium\" src=\"https:\/\/kunmedierne.dk\/mors\/wp-content\/uploads\/2020\/02\/200219-HHX-cordoba2-300x200.jpg\" alt=\"\" width=\"300\" height=\"200\" srcset=\"https:\/\/kunmedierne.dk\/mors\/wp-content\/uploads\/2020\/02\/200219-HHX-cordoba2-300x200.jpg 300w, https:\/\/kunmedierne.dk\/mors\/wp-content\/uploads\/2020\/02\/200219-HHX-cordoba2-768x512.jpg 768w, https:\/\/kunmedierne.dk\/mors\/wp-content\/uploads\/2020\/02\/200219-HHX-cordoba2-360x240.jpg 360w, https:\/\/kunmedierne.dk\/mors\/wp-content\/uploads\/2020\/02\/200219-HHX-cordoba2-600x400.jpg 600w, https:\/\/kunmedierne.dk\/mors\/wp-content\/uploads\/2020\/02\/200219-HHX-cordoba2.jpg 770w\" sizes=\"auto, (max-width: 300px) 100vw, 300px\" \/><p id=\"caption-attachment-8345\" class=\"wp-caption-text\">C\u00f3rdoba har for tiden bes\u00f8g af lokale HHX-studerende. Privatfoto.<\/p><\/div>\n<p>Studieturen g\u00e5r i al sin enkelhed ud p\u00e5 at arbejde i lokale virksomheder og derigennem f\u00e5 erfaring med den spanske kultur, det spanske arbejdsmarked og &#8211; ikke mindst &#8211; det spanske sprog.<\/p>\n<p>&#8220;Vi kommer en gang imellem i nogle kommunikationsproblemer, da vores spanskniveau ikke helt lever op til spanierne,&#8221; siger Josephine Noppenau, som dog beretter om s\u00f8de og im\u00f8dekommende medarbejdere.<\/p>\n<p>Det er i telekommunikationsvirksomheden OFG, hvor hun hj\u00e6lper til i administrationen.<\/p>\n<p>&#8220;Jeg hj\u00e6lper med at bogf\u00f8re fakturaer og hente dokumenter og kontoudtog,&#8221; siger hun og tilf\u00f8jer, at programmet ogs\u00e5 byder p\u00e5 s\u00e5kaldt &#8220;kulturel torsdag&#8221;, hvor eleverne er ude og se byen eller kommer t\u00e6ttere p\u00e5 nogle af de andre elever, som via Training Europe er i C\u00f3rdoba.<\/p>\n<p>Hverdagen, som byder p\u00e5 fire-fem timers praktik i virksomheder i eller omkring C\u00f3rdoba, indeholder ogs\u00e5 skolegang, hvor eleverne l\u00e6rer basale verber og talem\u00e5der p\u00e5 spansk. S\u00e5 alt i alt har Josephine Noppenau og hendes studiekammerater udsigt til at f\u00e5 en bredere forst\u00e5else for sproget og en st\u00f8rre kulturel forst\u00e5else &#8211; ja, i det hele taget bedre muligheder i fremtiden, h\u00e5ber hun.<\/p>\n<div dir=\"auto\"><\/div>\n<p>&nbsp;<\/p>\n<p><strong>Appelsinerne p\u00e5 tr\u00e6erne er bitre<\/strong><\/p>\n<p>Det er sjette \u00e5r i tr\u00e6k, de lokale handelsgymnasier sender elever p\u00e5 job i det sydspanske. Turen, der er st\u00f8ttet af EU-programmet Erasmus+, er et frivilligt tilbud til de 2. g-elever, der har spansk som andet fremmedsprog.<\/p>\n<div id=\"attachment_8346\" style=\"width: 395px\" class=\"wp-caption alignright\"><img loading=\"lazy\" decoding=\"async\" aria-describedby=\"caption-attachment-8346\" class=\"size-full wp-image-8346\" src=\"https:\/\/kunmedierne.dk\/mors\/wp-content\/uploads\/2020\/02\/200219-HHX-cordoba3.jpg\" alt=\"\" width=\"385\" height=\"513\" srcset=\"https:\/\/kunmedierne.dk\/mors\/wp-content\/uploads\/2020\/02\/200219-HHX-cordoba3.jpg 385w, https:\/\/kunmedierne.dk\/mors\/wp-content\/uploads\/2020\/02\/200219-HHX-cordoba3-225x300.jpg 225w\" sizes=\"auto, (max-width: 385px) 100vw, 385px\" \/><p id=\"caption-attachment-8346\" class=\"wp-caption-text\">Privatfoto.<\/p><\/div>\n<p>Men udover det uddannelsesm\u00e6ssige f\u00e5r eleverne ogs\u00e5 andre erfaringer ud af turen.<\/p>\n<p>&#8220;Indtil videre er det g\u00e5et meget godt, men vi k\u00e6mper med at l\u00e6re at elske maden, da det ikke er den traditionelle danske fl\u00e6skesteg, vi f\u00e5r,&#8221; lyder det fra Josephine Noppenau, som ogs\u00e5 beretter om en sjov oplevelse med de store og flotte appelsiner, man ser p\u00e5 alle tr\u00e6erne i byen.<\/p>\n<p>&#8220;Problemet er, at de kun vandes, s\u00e5 de ser flotte ud og ikke, s\u00e5 de bliver lige s\u00e5 s\u00f8de, som dem vi har derhjemme,&#8221; siger hun &#8211; af bitter erfaring.<\/p>\n<p>&#8220;Vi fik lyst til at smage en af de her store og saftige appelsiner i h\u00e5b om, at de smagte godt. Men tv\u00e6rtimod var de meget bitre &#8211; ikke sure, men bare vildt bitre. Men det er en oplevelse v\u00e6rd, for man kan ikke beskrive smagen,&#8221; siger hun og tilf\u00f8jer, at man faktisk ogs\u00e5 kan v\u00e6re heldig, at de smager godt.<\/p>\n<p>&nbsp;<\/p>\n<p><strong>Tre uger p\u00e5 egen h\u00e5nd giver selvtillid<\/strong><\/p>\n<p>P\u00e5 l\u00f8rdag g\u00e5r det s\u00e5 hjemad for de 16 HHX-elever &#8211; med rygs\u00e6kken fyldt med oplevelser og l\u00e6rdom.<\/p>\n<p>Fritiden har ogs\u00e5 v\u00e6ret brugt p\u00e5 en ryste sammen-bytur, der for en af drengene f\u00f8rte til den overbevisning, at han havde f\u00e5et mange nye venner i C\u00f3rdoba &#8211; og dagen efter til en tung hovedpine, beretter Josephine Noppenau.<\/p>\n<p>Hun og vennerne kommer dog hjem med meget mere end hovedpine. If\u00f8lge Kenny Thomasen, vicedirekt\u00f8r i EUC Nordvest, er de tre uger p\u00e5 egen h\u00e5nd noget, eleverne kan bruge videre frem. Ikke mindst fordi de er p\u00e5 arbejdspladser, hvor chef og kollegaer ikke n\u00f8dvendigvis taler engelsk.<\/p>\n<p>Som han sagde i en pressemeddelelse i forbindelse med afrejsen:<\/p>\n<p>&#8220;Det kan godt f\u00f8les gr\u00e6nseoverskridende i starten, men det er i d\u00e9n grad ogs\u00e5 med til at udvikle dem b\u00e5de sprogligt og menneskeligt. Og heldigvis finder de jo hurtigt ud af, at de sagtens kan klare sig, selvom de ikke lige har en l\u00e6rer eller en kammerat i ryggen, og d\u00e9t er noget, der giver selvtillid.&#8221;<\/p>\n<div id=\"attachment_8378\" style=\"width: 780px\" class=\"wp-caption alignnone\"><img loading=\"lazy\" decoding=\"async\" aria-describedby=\"caption-attachment-8378\" class=\"size-full wp-image-8378\" src=\"https:\/\/kunmedierne.dk\/mors\/wp-content\/uploads\/2020\/02\/200219-hhx-cordoba5.jpg\" alt=\"\" width=\"770\" height=\"513\" srcset=\"https:\/\/kunmedierne.dk\/mors\/wp-content\/uploads\/2020\/02\/200219-hhx-cordoba5.jpg 770w, https:\/\/kunmedierne.dk\/mors\/wp-content\/uploads\/2020\/02\/200219-hhx-cordoba5-300x200.jpg 300w, https:\/\/kunmedierne.dk\/mors\/wp-content\/uploads\/2020\/02\/200219-hhx-cordoba5-768x512.jpg 768w, https:\/\/kunmedierne.dk\/mors\/wp-content\/uploads\/2020\/02\/200219-hhx-cordoba5-360x240.jpg 360w, https:\/\/kunmedierne.dk\/mors\/wp-content\/uploads\/2020\/02\/200219-hhx-cordoba5-600x400.jpg 600w\" sizes=\"auto, (max-width: 770px) 100vw, 770px\" \/><p id=\"caption-attachment-8378\" class=\"wp-caption-text\">Josephine Noppenau i C\u00f3rdoba. Privatfoto<\/p><\/div>\n","protected":false},"excerpt":{"rendered":"<p>CORDOBA: &#8211; Det er den bedste beslutning, jeg nogensinde har taget. Josephine Noppenau, 17-\u00e5rig studerende fra Mors\u00f8 Handelsgymnasium, l\u00e6gger ikke en d\u00e6mper p\u00e5 begejstringen, n\u00e5r hun skal opsummere de tre uger i C\u00f3rdoba, der snart er forbi. Sammen med 15 andre HHX-elever fra Mors, Thisted og Fjerritslev er hun p\u00e5 studietur i den sydspanske by, [&hellip;]<\/p>\n","protected":false},"author":8,"featured_media":8376,"comment_status":"open","ping_status":"open","sticky":false,"template":"","format":"standard","meta":{"_acf_changed":false,"footnotes":""},"categories":[51],"tags":[170],"class_list":["post-8343","post","type-post","status-publish","format-standard","has-post-thumbnail","hentry","category-lokalt","tag-uddannelse"],"acf":[],"yoast_head":"<!-- This site is optimized with the Yoast SEO plugin v26.8 - https:\/\/yoast.com\/product\/yoast-seo-wordpress\/ -->\n<title>Helt kanon i C\u00f3rdoba - Mors<\/title>\n<meta name=\"robots\" content=\"index, follow, max-snippet:-1, max-image-preview:large, max-video-preview:-1\" \/>\n<link rel=\"canonical\" href=\"https:\/\/kunmedierne.dk\/mors\/helt-kanon-i-cordoba\/\" \/>\n<meta property=\"og:locale\" content=\"da_DK\" \/>\n<meta property=\"og:type\" content=\"article\" \/>\n<meta property=\"og:title\" content=\"Helt kanon i C\u00f3rdoba - Mors\" \/>\n<meta property=\"og:description\" content=\"CORDOBA: &#8211; Det er den bedste beslutning, jeg nogensinde har taget. Josephine Noppenau, 17-\u00e5rig studerende fra Mors\u00f8 Handelsgymnasium, l\u00e6gger ikke en d\u00e6mper p\u00e5 begejstringen, n\u00e5r hun skal opsummere de tre uger i C\u00f3rdoba, der snart er forbi. Sammen med 15 andre HHX-elever fra Mors, Thisted og Fjerritslev er hun p\u00e5 studietur i den sydspanske by, [&hellip;]\" \/>\n<meta property=\"og:url\" content=\"https:\/\/kunmedierne.dk\/mors\/helt-kanon-i-cordoba\/\" \/>\n<meta property=\"og:site_name\" content=\"Mors\" \/>\n<meta property=\"article:published_time\" content=\"2020-02-19T18:12:29+00:00\" \/>\n<meta property=\"article:modified_time\" content=\"2024-08-12T12:06:27+00:00\" \/>\n<meta property=\"og:image\" content=\"https:\/\/kunmedierne.dk\/mors\/wp-content\/uploads\/2020\/02\/200219-hhc-cordoba4.jpg\" \/>\n\t<meta property=\"og:image:width\" content=\"770\" \/>\n\t<meta property=\"og:image:height\" content=\"513\" \/>\n\t<meta property=\"og:image:type\" content=\"image\/jpeg\" \/>\n<meta name=\"author\" content=\"David H\u00f8jmark\" \/>\n<meta name=\"twitter:card\" content=\"summary_large_image\" \/>\n<meta name=\"twitter:label1\" content=\"Skrevet af\" \/>\n\t<meta name=\"twitter:data1\" content=\"David H\u00f8jmark\" \/>\n\t<meta name=\"twitter:label2\" content=\"Estimeret l\u00e6setid\" \/>\n\t<meta name=\"twitter:data2\" content=\"4 minutter\" \/>\n<script type=\"application\/ld+json\" class=\"yoast-schema-graph\">{\"@context\":\"https:\/\/schema.org\",\"@graph\":[{\"@type\":\"Article\",\"@id\":\"https:\/\/kunmedierne.dk\/mors\/helt-kanon-i-cordoba\/#article\",\"isPartOf\":{\"@id\":\"https:\/\/kunmedierne.dk\/mors\/helt-kanon-i-cordoba\/\"},\"author\":{\"name\":\"David H\u00f8jmark\",\"@id\":\"https:\/\/kunmedierne.dk\/mors\/#\/schema\/person\/5fe23251bf1d0abbcdc6f7896579d548\"},\"headline\":\"Helt kanon i C\u00f3rdoba\",\"datePublished\":\"2020-02-19T18:12:29+00:00\",\"dateModified\":\"2024-08-12T12:06:27+00:00\",\"mainEntityOfPage\":{\"@id\":\"https:\/\/kunmedierne.dk\/mors\/helt-kanon-i-cordoba\/\"},\"wordCount\":767,\"commentCount\":0,\"publisher\":{\"@id\":\"https:\/\/kunmedierne.dk\/mors\/#organization\"},\"image\":{\"@id\":\"https:\/\/kunmedierne.dk\/mors\/helt-kanon-i-cordoba\/#primaryimage\"},\"thumbnailUrl\":\"https:\/\/kunmedierne.dk\/mors\/wp-content\/uploads\/2020\/02\/200219-hhc-cordoba4.jpg\",\"keywords\":[\"Skoler og uddannelse\"],\"articleSection\":[\"Lokalt\"],\"inLanguage\":\"da-DK\",\"potentialAction\":[{\"@type\":\"CommentAction\",\"name\":\"Comment\",\"target\":[\"https:\/\/kunmedierne.dk\/mors\/helt-kanon-i-cordoba\/#respond\"]}]},{\"@type\":\"WebPage\",\"@id\":\"https:\/\/kunmedierne.dk\/mors\/helt-kanon-i-cordoba\/\",\"url\":\"https:\/\/kunmedierne.dk\/mors\/helt-kanon-i-cordoba\/\",\"name\":\"Helt kanon i C\u00f3rdoba - Mors\",\"isPartOf\":{\"@id\":\"https:\/\/kunmedierne.dk\/mors\/#website\"},\"primaryImageOfPage\":{\"@id\":\"https:\/\/kunmedierne.dk\/mors\/helt-kanon-i-cordoba\/#primaryimage\"},\"image\":{\"@id\":\"https:\/\/kunmedierne.dk\/mors\/helt-kanon-i-cordoba\/#primaryimage\"},\"thumbnailUrl\":\"https:\/\/kunmedierne.dk\/mors\/wp-content\/uploads\/2020\/02\/200219-hhc-cordoba4.jpg\",\"datePublished\":\"2020-02-19T18:12:29+00:00\",\"dateModified\":\"2024-08-12T12:06:27+00:00\",\"breadcrumb\":{\"@id\":\"https:\/\/kunmedierne.dk\/mors\/helt-kanon-i-cordoba\/#breadcrumb\"},\"inLanguage\":\"da-DK\",\"potentialAction\":[{\"@type\":\"ReadAction\",\"target\":[\"https:\/\/kunmedierne.dk\/mors\/helt-kanon-i-cordoba\/\"]}]},{\"@type\":\"ImageObject\",\"inLanguage\":\"da-DK\",\"@id\":\"https:\/\/kunmedierne.dk\/mors\/helt-kanon-i-cordoba\/#primaryimage\",\"url\":\"https:\/\/kunmedierne.dk\/mors\/wp-content\/uploads\/2020\/02\/200219-hhc-cordoba4.jpg\",\"contentUrl\":\"https:\/\/kunmedierne.dk\/mors\/wp-content\/uploads\/2020\/02\/200219-hhc-cordoba4.jpg\",\"width\":770,\"height\":513,\"caption\":\"Josephine Noppenau i C\u00f3rdoba. Privatfoto.\"},{\"@type\":\"BreadcrumbList\",\"@id\":\"https:\/\/kunmedierne.dk\/mors\/helt-kanon-i-cordoba\/#breadcrumb\",\"itemListElement\":[{\"@type\":\"ListItem\",\"position\":1,\"name\":\"Hjem\",\"item\":\"https:\/\/kunmedierne.dk\/mors\/\"},{\"@type\":\"ListItem\",\"position\":2,\"name\":\"Helt kanon i C\u00f3rdoba\"}]},{\"@type\":\"WebSite\",\"@id\":\"https:\/\/kunmedierne.dk\/mors\/#website\",\"url\":\"https:\/\/kunmedierne.dk\/mors\/\",\"name\":\"Mors\",\"description\":\"et netmedie med journalistik om livet p\u00e5 Mors\",\"publisher\":{\"@id\":\"https:\/\/kunmedierne.dk\/mors\/#organization\"},\"potentialAction\":[{\"@type\":\"SearchAction\",\"target\":{\"@type\":\"EntryPoint\",\"urlTemplate\":\"https:\/\/kunmedierne.dk\/mors\/?s={search_term_string}\"},\"query-input\":{\"@type\":\"PropertyValueSpecification\",\"valueRequired\":true,\"valueName\":\"search_term_string\"}}],\"inLanguage\":\"da-DK\"},{\"@type\":\"Organization\",\"@id\":\"https:\/\/kunmedierne.dk\/mors\/#organization\",\"name\":\"Mors\",\"url\":\"https:\/\/kunmedierne.dk\/mors\/\",\"logo\":{\"@type\":\"ImageObject\",\"inLanguage\":\"da-DK\",\"@id\":\"https:\/\/kunmedierne.dk\/mors\/#\/schema\/logo\/image\/\",\"url\":\"https:\/\/kunmedierne.dk\/mors\/wp-content\/uploads\/2024\/08\/kunmors-logo.svg\",\"contentUrl\":\"https:\/\/kunmedierne.dk\/mors\/wp-content\/uploads\/2024\/08\/kunmors-logo.svg\",\"caption\":\"Mors\"},\"image\":{\"@id\":\"https:\/\/kunmedierne.dk\/mors\/#\/schema\/logo\/image\/\"}},{\"@type\":\"Person\",\"@id\":\"https:\/\/kunmedierne.dk\/mors\/#\/schema\/person\/5fe23251bf1d0abbcdc6f7896579d548\",\"name\":\"David H\u00f8jmark\",\"image\":{\"@type\":\"ImageObject\",\"inLanguage\":\"da-DK\",\"@id\":\"https:\/\/kunmedierne.dk\/mors\/#\/schema\/person\/image\/\",\"url\":\"https:\/\/secure.gravatar.com\/avatar\/4315d6fb9ef244d729989f5f90268eb08d5bf8a3d84402f595fa194bb35784fd?s=96&d=mm&r=g\",\"contentUrl\":\"https:\/\/secure.gravatar.com\/avatar\/4315d6fb9ef244d729989f5f90268eb08d5bf8a3d84402f595fa194bb35784fd?s=96&d=mm&r=g\",\"caption\":\"David H\u00f8jmark\"},\"sameAs\":[\"https:\/\/www.kunmedierne.dk\"],\"url\":\"https:\/\/kunmedierne.dk\/mors\/author\/david\/\"}]}<\/script>\n<!-- \/ Yoast SEO plugin. -->","yoast_head_json":{"title":"Helt kanon i C\u00f3rdoba - Mors","robots":{"index":"index","follow":"follow","max-snippet":"max-snippet:-1","max-image-preview":"max-image-preview:large","max-video-preview":"max-video-preview:-1"},"canonical":"https:\/\/kunmedierne.dk\/mors\/helt-kanon-i-cordoba\/","og_locale":"da_DK","og_type":"article","og_title":"Helt kanon i C\u00f3rdoba - Mors","og_description":"CORDOBA: &#8211; Det er den bedste beslutning, jeg nogensinde har taget. Josephine Noppenau, 17-\u00e5rig studerende fra Mors\u00f8 Handelsgymnasium, l\u00e6gger ikke en d\u00e6mper p\u00e5 begejstringen, n\u00e5r hun skal opsummere de tre uger i C\u00f3rdoba, der snart er forbi. Sammen med 15 andre HHX-elever fra Mors, Thisted og Fjerritslev er hun p\u00e5 studietur i den sydspanske by, [&hellip;]","og_url":"https:\/\/kunmedierne.dk\/mors\/helt-kanon-i-cordoba\/","og_site_name":"Mors","article_published_time":"2020-02-19T18:12:29+00:00","article_modified_time":"2024-08-12T12:06:27+00:00","og_image":[{"width":770,"height":513,"url":"https:\/\/kunmedierne.dk\/mors\/wp-content\/uploads\/2020\/02\/200219-hhc-cordoba4.jpg","type":"image\/jpeg"}],"author":"David H\u00f8jmark","twitter_card":"summary_large_image","twitter_misc":{"Skrevet af":"David H\u00f8jmark","Estimeret l\u00e6setid":"4 minutter"},"schema":{"@context":"https:\/\/schema.org","@graph":[{"@type":"Article","@id":"https:\/\/kunmedierne.dk\/mors\/helt-kanon-i-cordoba\/#article","isPartOf":{"@id":"https:\/\/kunmedierne.dk\/mors\/helt-kanon-i-cordoba\/"},"author":{"name":"David H\u00f8jmark","@id":"https:\/\/kunmedierne.dk\/mors\/#\/schema\/person\/5fe23251bf1d0abbcdc6f7896579d548"},"headline":"Helt kanon i C\u00f3rdoba","datePublished":"2020-02-19T18:12:29+00:00","dateModified":"2024-08-12T12:06:27+00:00","mainEntityOfPage":{"@id":"https:\/\/kunmedierne.dk\/mors\/helt-kanon-i-cordoba\/"},"wordCount":767,"commentCount":0,"publisher":{"@id":"https:\/\/kunmedierne.dk\/mors\/#organization"},"image":{"@id":"https:\/\/kunmedierne.dk\/mors\/helt-kanon-i-cordoba\/#primaryimage"},"thumbnailUrl":"https:\/\/kunmedierne.dk\/mors\/wp-content\/uploads\/2020\/02\/200219-hhc-cordoba4.jpg","keywords":["Skoler og uddannelse"],"articleSection":["Lokalt"],"inLanguage":"da-DK","potentialAction":[{"@type":"CommentAction","name":"Comment","target":["https:\/\/kunmedierne.dk\/mors\/helt-kanon-i-cordoba\/#respond"]}]},{"@type":"WebPage","@id":"https:\/\/kunmedierne.dk\/mors\/helt-kanon-i-cordoba\/","url":"https:\/\/kunmedierne.dk\/mors\/helt-kanon-i-cordoba\/","name":"Helt kanon i C\u00f3rdoba - Mors","isPartOf":{"@id":"https:\/\/kunmedierne.dk\/mors\/#website"},"primaryImageOfPage":{"@id":"https:\/\/kunmedierne.dk\/mors\/helt-kanon-i-cordoba\/#primaryimage"},"image":{"@id":"https:\/\/kunmedierne.dk\/mors\/helt-kanon-i-cordoba\/#primaryimage"},"thumbnailUrl":"https:\/\/kunmedierne.dk\/mors\/wp-content\/uploads\/2020\/02\/200219-hhc-cordoba4.jpg","datePublished":"2020-02-19T18:12:29+00:00","dateModified":"2024-08-12T12:06:27+00:00","breadcrumb":{"@id":"https:\/\/kunmedierne.dk\/mors\/helt-kanon-i-cordoba\/#breadcrumb"},"inLanguage":"da-DK","potentialAction":[{"@type":"ReadAction","target":["https:\/\/kunmedierne.dk\/mors\/helt-kanon-i-cordoba\/"]}]},{"@type":"ImageObject","inLanguage":"da-DK","@id":"https:\/\/kunmedierne.dk\/mors\/helt-kanon-i-cordoba\/#primaryimage","url":"https:\/\/kunmedierne.dk\/mors\/wp-content\/uploads\/2020\/02\/200219-hhc-cordoba4.jpg","contentUrl":"https:\/\/kunmedierne.dk\/mors\/wp-content\/uploads\/2020\/02\/200219-hhc-cordoba4.jpg","width":770,"height":513,"caption":"Josephine Noppenau i C\u00f3rdoba. Privatfoto."},{"@type":"BreadcrumbList","@id":"https:\/\/kunmedierne.dk\/mors\/helt-kanon-i-cordoba\/#breadcrumb","itemListElement":[{"@type":"ListItem","position":1,"name":"Hjem","item":"https:\/\/kunmedierne.dk\/mors\/"},{"@type":"ListItem","position":2,"name":"Helt kanon i C\u00f3rdoba"}]},{"@type":"WebSite","@id":"https:\/\/kunmedierne.dk\/mors\/#website","url":"https:\/\/kunmedierne.dk\/mors\/","name":"Mors","description":"et netmedie med journalistik om livet p\u00e5 Mors","publisher":{"@id":"https:\/\/kunmedierne.dk\/mors\/#organization"},"potentialAction":[{"@type":"SearchAction","target":{"@type":"EntryPoint","urlTemplate":"https:\/\/kunmedierne.dk\/mors\/?s={search_term_string}"},"query-input":{"@type":"PropertyValueSpecification","valueRequired":true,"valueName":"search_term_string"}}],"inLanguage":"da-DK"},{"@type":"Organization","@id":"https:\/\/kunmedierne.dk\/mors\/#organization","name":"Mors","url":"https:\/\/kunmedierne.dk\/mors\/","logo":{"@type":"ImageObject","inLanguage":"da-DK","@id":"https:\/\/kunmedierne.dk\/mors\/#\/schema\/logo\/image\/","url":"https:\/\/kunmedierne.dk\/mors\/wp-content\/uploads\/2024\/08\/kunmors-logo.svg","contentUrl":"https:\/\/kunmedierne.dk\/mors\/wp-content\/uploads\/2024\/08\/kunmors-logo.svg","caption":"Mors"},"image":{"@id":"https:\/\/kunmedierne.dk\/mors\/#\/schema\/logo\/image\/"}},{"@type":"Person","@id":"https:\/\/kunmedierne.dk\/mors\/#\/schema\/person\/5fe23251bf1d0abbcdc6f7896579d548","name":"David H\u00f8jmark","image":{"@type":"ImageObject","inLanguage":"da-DK","@id":"https:\/\/kunmedierne.dk\/mors\/#\/schema\/person\/image\/","url":"https:\/\/secure.gravatar.com\/avatar\/4315d6fb9ef244d729989f5f90268eb08d5bf8a3d84402f595fa194bb35784fd?s=96&d=mm&r=g","contentUrl":"https:\/\/secure.gravatar.com\/avatar\/4315d6fb9ef244d729989f5f90268eb08d5bf8a3d84402f595fa194bb35784fd?s=96&d=mm&r=g","caption":"David H\u00f8jmark"},"sameAs":["https:\/\/www.kunmedierne.dk"],"url":"https:\/\/kunmedierne.dk\/mors\/author\/david\/"}]}},"_links":{"self":[{"href":"https:\/\/kunmedierne.dk\/mors\/wp-json\/wp\/v2\/posts\/8343","targetHints":{"allow":["GET"]}}],"collection":[{"href":"https:\/\/kunmedierne.dk\/mors\/wp-json\/wp\/v2\/posts"}],"about":[{"href":"https:\/\/kunmedierne.dk\/mors\/wp-json\/wp\/v2\/types\/post"}],"author":[{"embeddable":true,"href":"https:\/\/kunmedierne.dk\/mors\/wp-json\/wp\/v2\/users\/8"}],"replies":[{"embeddable":true,"href":"https:\/\/kunmedierne.dk\/mors\/wp-json\/wp\/v2\/comments?post=8343"}],"version-history":[{"count":5,"href":"https:\/\/kunmedierne.dk\/mors\/wp-json\/wp\/v2\/posts\/8343\/revisions"}],"predecessor-version":[{"id":8379,"href":"https:\/\/kunmedierne.dk\/mors\/wp-json\/wp\/v2\/posts\/8343\/revisions\/8379"}],"wp:featuredmedia":[{"embeddable":true,"href":"https:\/\/kunmedierne.dk\/mors\/wp-json\/wp\/v2\/media\/8376"}],"wp:attachment":[{"href":"https:\/\/kunmedierne.dk\/mors\/wp-json\/wp\/v2\/media?parent=8343"}],"wp:term":[{"taxonomy":"category","embeddable":true,"href":"https:\/\/kunmedierne.dk\/mors\/wp-json\/wp\/v2\/categories?post=8343"},{"taxonomy":"post_tag","embeddable":true,"href":"https:\/\/kunmedierne.dk\/mors\/wp-json\/wp\/v2\/tags?post=8343"}],"curies":[{"name":"wp","href":"https:\/\/api.w.org\/{rel}","templated":true}]}}