{"id":8315,"date":"2020-02-19T17:43:55","date_gmt":"2020-02-19T16:43:55","guid":{"rendered":"https:\/\/kunmedierne.dk\/mors\/?p=8315"},"modified":"2024-08-12T14:06:27","modified_gmt":"2024-08-12T12:06:27","slug":"sundhedshusets-nye-ansigt-blev-indviet","status":"publish","type":"post","link":"https:\/\/kunmedierne.dk\/mors\/sundhedshusets-nye-ansigt-blev-indviet\/","title":{"rendered":"Sundhedshusets nye ansigt blev indviet"},"content":{"rendered":"<p><strong>NYK\u00d8BING<\/strong>: V\u00e6rterne er de samme som f\u00f8r, men deres velkomst er blevet mere tidsvarende.<\/p>\n<p>Det kunne man konstatere onsdag formiddag, da den nyrenoverede forhal i Mors\u00f8 Sundhedshus blev indviet ved en lille festlighed for husets lejere og ejere.<\/p>\n<p>Renoveringen til 600.000 kroner blev sat i gang i efter\u00e5ret, og siden har indgangspartiet f\u00e5et et farveskift fra sygehusbl\u00e5 til antrazitgr\u00e5, mens der er lavet nye lofter, flyttet uhensigtsm\u00e6ssigt placerede d\u00f8re og \u00e5bninger i v\u00e6gge og ikke mindst skabt en ny og meget bedre skiltning.<\/p>\n<p>Alt i alt tager Mors\u00f8 Sundhedshus nu imod sine g\u00e6ster med et mere moderne udtryk end f\u00f8r.<\/p>\n<p>Renoveringen er finansieret fra flere steder. Region Nordjylland s\u00f8gte og fik et tilskud fra\u00a0 Sundhedsministeriet p\u00e5 500.000 kroner og lagde selv en egenfinansiering p\u00e5 100.000 kroner oveni. Og da det undervejs stod klart, at midlerne ikke rakte til nye ventem\u00f8bler til husets bes\u00f8gende, tr\u00e5dte Den Erhvervsdrivende Fond Mors\u00f8 Behandlerhus, som indg\u00e5r i husets ejerforening, til og bevilligede et bel\u00f8b til indk\u00f8b af nye m\u00f8bler p\u00e5 35.000 kroner.<\/p>\n<p>Ved indvielsen onsdag formiddag var der deltagelse fra\u00a0regionr\u00e5dsmedlem Lauge Larsen (S), der er formand for bestyrelsen for Den Erhvervsdrivende Fond Mors\u00f8 Behandlerhus, samt regionsr\u00e5dsmedlem Peter Therkildsen (V) og kommunalbestyrelsesmedlem i Mors\u00f8 Kommune Henning S\u00f8rensen (V).<\/p>\n<div id=\"attachment_8331\" style=\"width: 780px\" class=\"wp-caption alignnone\"><img loading=\"lazy\" decoding=\"async\" aria-describedby=\"caption-attachment-8331\" class=\"size-full wp-image-8331\" src=\"https:\/\/kunmedierne.dk\/mors\/wp-content\/uploads\/2020\/02\/200219-sundhedshus-lauge-larsen.jpg\" alt=\"\" width=\"770\" height=\"514\" srcset=\"https:\/\/kunmedierne.dk\/mors\/wp-content\/uploads\/2020\/02\/200219-sundhedshus-lauge-larsen.jpg 770w, https:\/\/kunmedierne.dk\/mors\/wp-content\/uploads\/2020\/02\/200219-sundhedshus-lauge-larsen-300x200.jpg 300w, https:\/\/kunmedierne.dk\/mors\/wp-content\/uploads\/2020\/02\/200219-sundhedshus-lauge-larsen-768x513.jpg 768w, https:\/\/kunmedierne.dk\/mors\/wp-content\/uploads\/2020\/02\/200219-sundhedshus-lauge-larsen-360x240.jpg 360w, https:\/\/kunmedierne.dk\/mors\/wp-content\/uploads\/2020\/02\/200219-sundhedshus-lauge-larsen-600x401.jpg 600w\" sizes=\"auto, (max-width: 770px) 100vw, 770px\" \/><p id=\"caption-attachment-8331\" class=\"wp-caption-text\">Lauge Larsen. Foto: Region Nordjylland.<\/p><\/div>\n","protected":false},"excerpt":{"rendered":"<p>NYK\u00d8BING: V\u00e6rterne er de samme som f\u00f8r, men deres velkomst er blevet mere tidsvarende. Det kunne man konstatere onsdag formiddag, da den nyrenoverede forhal i Mors\u00f8 Sundhedshus blev indviet ved en lille festlighed for husets lejere og ejere. Renoveringen til 600.000 kroner blev sat i gang i efter\u00e5ret, og siden har indgangspartiet f\u00e5et et farveskift [&hellip;]<\/p>\n","protected":false},"author":8,"featured_media":8330,"comment_status":"open","ping_status":"open","sticky":false,"template":"","format":"standard","meta":{"_acf_changed":false,"footnotes":""},"categories":[51],"tags":[],"class_list":["post-8315","post","type-post","status-publish","format-standard","has-post-thumbnail","hentry","category-lokalt"],"acf":[],"yoast_head":"<!-- This site is optimized with the Yoast SEO plugin v26.8 - https:\/\/yoast.com\/product\/yoast-seo-wordpress\/ -->\n<title>Sundhedshusets nye ansigt blev indviet - Mors<\/title>\n<meta name=\"robots\" content=\"index, follow, max-snippet:-1, max-image-preview:large, max-video-preview:-1\" \/>\n<link rel=\"canonical\" href=\"https:\/\/kunmedierne.dk\/mors\/sundhedshusets-nye-ansigt-blev-indviet\/\" \/>\n<meta property=\"og:locale\" content=\"da_DK\" \/>\n<meta property=\"og:type\" content=\"article\" \/>\n<meta property=\"og:title\" content=\"Sundhedshusets nye ansigt blev indviet - Mors\" \/>\n<meta property=\"og:description\" content=\"NYK\u00d8BING: V\u00e6rterne er de samme som f\u00f8r, men deres velkomst er blevet mere tidsvarende. Det kunne man konstatere onsdag formiddag, da den nyrenoverede forhal i Mors\u00f8 Sundhedshus blev indviet ved en lille festlighed for husets lejere og ejere. Renoveringen til 600.000 kroner blev sat i gang i efter\u00e5ret, og siden har indgangspartiet f\u00e5et et farveskift [&hellip;]\" \/>\n<meta property=\"og:url\" content=\"https:\/\/kunmedierne.dk\/mors\/sundhedshusets-nye-ansigt-blev-indviet\/\" \/>\n<meta property=\"og:site_name\" content=\"Mors\" \/>\n<meta property=\"article:published_time\" content=\"2020-02-19T16:43:55+00:00\" \/>\n<meta property=\"article:modified_time\" content=\"2024-08-12T12:06:27+00:00\" \/>\n<meta property=\"og:image\" content=\"https:\/\/kunmedierne.dk\/mors\/wp-content\/uploads\/2020\/02\/200219-sundhedshus.jpg\" \/>\n\t<meta property=\"og:image:width\" content=\"770\" \/>\n\t<meta property=\"og:image:height\" content=\"513\" \/>\n\t<meta property=\"og:image:type\" content=\"image\/jpeg\" \/>\n<meta name=\"author\" content=\"David H\u00f8jmark\" \/>\n<meta name=\"twitter:card\" content=\"summary_large_image\" \/>\n<meta name=\"twitter:label1\" content=\"Skrevet af\" \/>\n\t<meta name=\"twitter:data1\" content=\"David H\u00f8jmark\" \/>\n\t<meta name=\"twitter:label2\" content=\"Estimeret l\u00e6setid\" \/>\n\t<meta name=\"twitter:data2\" content=\"1 minut\" \/>\n<script type=\"application\/ld+json\" class=\"yoast-schema-graph\">{\"@context\":\"https:\/\/schema.org\",\"@graph\":[{\"@type\":\"Article\",\"@id\":\"https:\/\/kunmedierne.dk\/mors\/sundhedshusets-nye-ansigt-blev-indviet\/#article\",\"isPartOf\":{\"@id\":\"https:\/\/kunmedierne.dk\/mors\/sundhedshusets-nye-ansigt-blev-indviet\/\"},\"author\":{\"name\":\"David H\u00f8jmark\",\"@id\":\"https:\/\/kunmedierne.dk\/mors\/#\/schema\/person\/5fe23251bf1d0abbcdc6f7896579d548\"},\"headline\":\"Sundhedshusets nye ansigt blev indviet\",\"datePublished\":\"2020-02-19T16:43:55+00:00\",\"dateModified\":\"2024-08-12T12:06:27+00:00\",\"mainEntityOfPage\":{\"@id\":\"https:\/\/kunmedierne.dk\/mors\/sundhedshusets-nye-ansigt-blev-indviet\/\"},\"wordCount\":237,\"commentCount\":0,\"publisher\":{\"@id\":\"https:\/\/kunmedierne.dk\/mors\/#organization\"},\"image\":{\"@id\":\"https:\/\/kunmedierne.dk\/mors\/sundhedshusets-nye-ansigt-blev-indviet\/#primaryimage\"},\"thumbnailUrl\":\"https:\/\/kunmedierne.dk\/mors\/wp-content\/uploads\/2020\/02\/200219-sundhedshus.jpg\",\"articleSection\":[\"Lokalt\"],\"inLanguage\":\"da-DK\",\"potentialAction\":[{\"@type\":\"CommentAction\",\"name\":\"Comment\",\"target\":[\"https:\/\/kunmedierne.dk\/mors\/sundhedshusets-nye-ansigt-blev-indviet\/#respond\"]}]},{\"@type\":\"WebPage\",\"@id\":\"https:\/\/kunmedierne.dk\/mors\/sundhedshusets-nye-ansigt-blev-indviet\/\",\"url\":\"https:\/\/kunmedierne.dk\/mors\/sundhedshusets-nye-ansigt-blev-indviet\/\",\"name\":\"Sundhedshusets nye ansigt blev indviet - Mors\",\"isPartOf\":{\"@id\":\"https:\/\/kunmedierne.dk\/mors\/#website\"},\"primaryImageOfPage\":{\"@id\":\"https:\/\/kunmedierne.dk\/mors\/sundhedshusets-nye-ansigt-blev-indviet\/#primaryimage\"},\"image\":{\"@id\":\"https:\/\/kunmedierne.dk\/mors\/sundhedshusets-nye-ansigt-blev-indviet\/#primaryimage\"},\"thumbnailUrl\":\"https:\/\/kunmedierne.dk\/mors\/wp-content\/uploads\/2020\/02\/200219-sundhedshus.jpg\",\"datePublished\":\"2020-02-19T16:43:55+00:00\",\"dateModified\":\"2024-08-12T12:06:27+00:00\",\"breadcrumb\":{\"@id\":\"https:\/\/kunmedierne.dk\/mors\/sundhedshusets-nye-ansigt-blev-indviet\/#breadcrumb\"},\"inLanguage\":\"da-DK\",\"potentialAction\":[{\"@type\":\"ReadAction\",\"target\":[\"https:\/\/kunmedierne.dk\/mors\/sundhedshusets-nye-ansigt-blev-indviet\/\"]}]},{\"@type\":\"ImageObject\",\"inLanguage\":\"da-DK\",\"@id\":\"https:\/\/kunmedierne.dk\/mors\/sundhedshusets-nye-ansigt-blev-indviet\/#primaryimage\",\"url\":\"https:\/\/kunmedierne.dk\/mors\/wp-content\/uploads\/2020\/02\/200219-sundhedshus.jpg\",\"contentUrl\":\"https:\/\/kunmedierne.dk\/mors\/wp-content\/uploads\/2020\/02\/200219-sundhedshus.jpg\",\"width\":770,\"height\":513,\"caption\":\"Mors\u00f8 Sundhedshus. Foto: David H\u00f8jmark.\"},{\"@type\":\"BreadcrumbList\",\"@id\":\"https:\/\/kunmedierne.dk\/mors\/sundhedshusets-nye-ansigt-blev-indviet\/#breadcrumb\",\"itemListElement\":[{\"@type\":\"ListItem\",\"position\":1,\"name\":\"Hjem\",\"item\":\"https:\/\/kunmedierne.dk\/mors\/\"},{\"@type\":\"ListItem\",\"position\":2,\"name\":\"Sundhedshusets nye ansigt blev indviet\"}]},{\"@type\":\"WebSite\",\"@id\":\"https:\/\/kunmedierne.dk\/mors\/#website\",\"url\":\"https:\/\/kunmedierne.dk\/mors\/\",\"name\":\"Mors\",\"description\":\"et netmedie med journalistik om livet p\u00e5 Mors\",\"publisher\":{\"@id\":\"https:\/\/kunmedierne.dk\/mors\/#organization\"},\"potentialAction\":[{\"@type\":\"SearchAction\",\"target\":{\"@type\":\"EntryPoint\",\"urlTemplate\":\"https:\/\/kunmedierne.dk\/mors\/?s={search_term_string}\"},\"query-input\":{\"@type\":\"PropertyValueSpecification\",\"valueRequired\":true,\"valueName\":\"search_term_string\"}}],\"inLanguage\":\"da-DK\"},{\"@type\":\"Organization\",\"@id\":\"https:\/\/kunmedierne.dk\/mors\/#organization\",\"name\":\"Mors\",\"url\":\"https:\/\/kunmedierne.dk\/mors\/\",\"logo\":{\"@type\":\"ImageObject\",\"inLanguage\":\"da-DK\",\"@id\":\"https:\/\/kunmedierne.dk\/mors\/#\/schema\/logo\/image\/\",\"url\":\"https:\/\/kunmedierne.dk\/mors\/wp-content\/uploads\/2024\/08\/kunmors-logo.svg\",\"contentUrl\":\"https:\/\/kunmedierne.dk\/mors\/wp-content\/uploads\/2024\/08\/kunmors-logo.svg\",\"caption\":\"Mors\"},\"image\":{\"@id\":\"https:\/\/kunmedierne.dk\/mors\/#\/schema\/logo\/image\/\"}},{\"@type\":\"Person\",\"@id\":\"https:\/\/kunmedierne.dk\/mors\/#\/schema\/person\/5fe23251bf1d0abbcdc6f7896579d548\",\"name\":\"David H\u00f8jmark\",\"image\":{\"@type\":\"ImageObject\",\"inLanguage\":\"da-DK\",\"@id\":\"https:\/\/kunmedierne.dk\/mors\/#\/schema\/person\/image\/\",\"url\":\"https:\/\/secure.gravatar.com\/avatar\/4315d6fb9ef244d729989f5f90268eb08d5bf8a3d84402f595fa194bb35784fd?s=96&d=mm&r=g\",\"contentUrl\":\"https:\/\/secure.gravatar.com\/avatar\/4315d6fb9ef244d729989f5f90268eb08d5bf8a3d84402f595fa194bb35784fd?s=96&d=mm&r=g\",\"caption\":\"David H\u00f8jmark\"},\"sameAs\":[\"https:\/\/www.kunmedierne.dk\"],\"url\":\"https:\/\/kunmedierne.dk\/mors\/author\/david\/\"}]}<\/script>\n<!-- \/ Yoast SEO plugin. -->","yoast_head_json":{"title":"Sundhedshusets nye ansigt blev indviet - Mors","robots":{"index":"index","follow":"follow","max-snippet":"max-snippet:-1","max-image-preview":"max-image-preview:large","max-video-preview":"max-video-preview:-1"},"canonical":"https:\/\/kunmedierne.dk\/mors\/sundhedshusets-nye-ansigt-blev-indviet\/","og_locale":"da_DK","og_type":"article","og_title":"Sundhedshusets nye ansigt blev indviet - Mors","og_description":"NYK\u00d8BING: V\u00e6rterne er de samme som f\u00f8r, men deres velkomst er blevet mere tidsvarende. Det kunne man konstatere onsdag formiddag, da den nyrenoverede forhal i Mors\u00f8 Sundhedshus blev indviet ved en lille festlighed for husets lejere og ejere. Renoveringen til 600.000 kroner blev sat i gang i efter\u00e5ret, og siden har indgangspartiet f\u00e5et et farveskift [&hellip;]","og_url":"https:\/\/kunmedierne.dk\/mors\/sundhedshusets-nye-ansigt-blev-indviet\/","og_site_name":"Mors","article_published_time":"2020-02-19T16:43:55+00:00","article_modified_time":"2024-08-12T12:06:27+00:00","og_image":[{"width":770,"height":513,"url":"https:\/\/kunmedierne.dk\/mors\/wp-content\/uploads\/2020\/02\/200219-sundhedshus.jpg","type":"image\/jpeg"}],"author":"David H\u00f8jmark","twitter_card":"summary_large_image","twitter_misc":{"Skrevet af":"David H\u00f8jmark","Estimeret l\u00e6setid":"1 minut"},"schema":{"@context":"https:\/\/schema.org","@graph":[{"@type":"Article","@id":"https:\/\/kunmedierne.dk\/mors\/sundhedshusets-nye-ansigt-blev-indviet\/#article","isPartOf":{"@id":"https:\/\/kunmedierne.dk\/mors\/sundhedshusets-nye-ansigt-blev-indviet\/"},"author":{"name":"David H\u00f8jmark","@id":"https:\/\/kunmedierne.dk\/mors\/#\/schema\/person\/5fe23251bf1d0abbcdc6f7896579d548"},"headline":"Sundhedshusets nye ansigt blev indviet","datePublished":"2020-02-19T16:43:55+00:00","dateModified":"2024-08-12T12:06:27+00:00","mainEntityOfPage":{"@id":"https:\/\/kunmedierne.dk\/mors\/sundhedshusets-nye-ansigt-blev-indviet\/"},"wordCount":237,"commentCount":0,"publisher":{"@id":"https:\/\/kunmedierne.dk\/mors\/#organization"},"image":{"@id":"https:\/\/kunmedierne.dk\/mors\/sundhedshusets-nye-ansigt-blev-indviet\/#primaryimage"},"thumbnailUrl":"https:\/\/kunmedierne.dk\/mors\/wp-content\/uploads\/2020\/02\/200219-sundhedshus.jpg","articleSection":["Lokalt"],"inLanguage":"da-DK","potentialAction":[{"@type":"CommentAction","name":"Comment","target":["https:\/\/kunmedierne.dk\/mors\/sundhedshusets-nye-ansigt-blev-indviet\/#respond"]}]},{"@type":"WebPage","@id":"https:\/\/kunmedierne.dk\/mors\/sundhedshusets-nye-ansigt-blev-indviet\/","url":"https:\/\/kunmedierne.dk\/mors\/sundhedshusets-nye-ansigt-blev-indviet\/","name":"Sundhedshusets nye ansigt blev indviet - Mors","isPartOf":{"@id":"https:\/\/kunmedierne.dk\/mors\/#website"},"primaryImageOfPage":{"@id":"https:\/\/kunmedierne.dk\/mors\/sundhedshusets-nye-ansigt-blev-indviet\/#primaryimage"},"image":{"@id":"https:\/\/kunmedierne.dk\/mors\/sundhedshusets-nye-ansigt-blev-indviet\/#primaryimage"},"thumbnailUrl":"https:\/\/kunmedierne.dk\/mors\/wp-content\/uploads\/2020\/02\/200219-sundhedshus.jpg","datePublished":"2020-02-19T16:43:55+00:00","dateModified":"2024-08-12T12:06:27+00:00","breadcrumb":{"@id":"https:\/\/kunmedierne.dk\/mors\/sundhedshusets-nye-ansigt-blev-indviet\/#breadcrumb"},"inLanguage":"da-DK","potentialAction":[{"@type":"ReadAction","target":["https:\/\/kunmedierne.dk\/mors\/sundhedshusets-nye-ansigt-blev-indviet\/"]}]},{"@type":"ImageObject","inLanguage":"da-DK","@id":"https:\/\/kunmedierne.dk\/mors\/sundhedshusets-nye-ansigt-blev-indviet\/#primaryimage","url":"https:\/\/kunmedierne.dk\/mors\/wp-content\/uploads\/2020\/02\/200219-sundhedshus.jpg","contentUrl":"https:\/\/kunmedierne.dk\/mors\/wp-content\/uploads\/2020\/02\/200219-sundhedshus.jpg","width":770,"height":513,"caption":"Mors\u00f8 Sundhedshus. Foto: David H\u00f8jmark."},{"@type":"BreadcrumbList","@id":"https:\/\/kunmedierne.dk\/mors\/sundhedshusets-nye-ansigt-blev-indviet\/#breadcrumb","itemListElement":[{"@type":"ListItem","position":1,"name":"Hjem","item":"https:\/\/kunmedierne.dk\/mors\/"},{"@type":"ListItem","position":2,"name":"Sundhedshusets nye ansigt blev indviet"}]},{"@type":"WebSite","@id":"https:\/\/kunmedierne.dk\/mors\/#website","url":"https:\/\/kunmedierne.dk\/mors\/","name":"Mors","description":"et netmedie med journalistik om livet p\u00e5 Mors","publisher":{"@id":"https:\/\/kunmedierne.dk\/mors\/#organization"},"potentialAction":[{"@type":"SearchAction","target":{"@type":"EntryPoint","urlTemplate":"https:\/\/kunmedierne.dk\/mors\/?s={search_term_string}"},"query-input":{"@type":"PropertyValueSpecification","valueRequired":true,"valueName":"search_term_string"}}],"inLanguage":"da-DK"},{"@type":"Organization","@id":"https:\/\/kunmedierne.dk\/mors\/#organization","name":"Mors","url":"https:\/\/kunmedierne.dk\/mors\/","logo":{"@type":"ImageObject","inLanguage":"da-DK","@id":"https:\/\/kunmedierne.dk\/mors\/#\/schema\/logo\/image\/","url":"https:\/\/kunmedierne.dk\/mors\/wp-content\/uploads\/2024\/08\/kunmors-logo.svg","contentUrl":"https:\/\/kunmedierne.dk\/mors\/wp-content\/uploads\/2024\/08\/kunmors-logo.svg","caption":"Mors"},"image":{"@id":"https:\/\/kunmedierne.dk\/mors\/#\/schema\/logo\/image\/"}},{"@type":"Person","@id":"https:\/\/kunmedierne.dk\/mors\/#\/schema\/person\/5fe23251bf1d0abbcdc6f7896579d548","name":"David H\u00f8jmark","image":{"@type":"ImageObject","inLanguage":"da-DK","@id":"https:\/\/kunmedierne.dk\/mors\/#\/schema\/person\/image\/","url":"https:\/\/secure.gravatar.com\/avatar\/4315d6fb9ef244d729989f5f90268eb08d5bf8a3d84402f595fa194bb35784fd?s=96&d=mm&r=g","contentUrl":"https:\/\/secure.gravatar.com\/avatar\/4315d6fb9ef244d729989f5f90268eb08d5bf8a3d84402f595fa194bb35784fd?s=96&d=mm&r=g","caption":"David H\u00f8jmark"},"sameAs":["https:\/\/www.kunmedierne.dk"],"url":"https:\/\/kunmedierne.dk\/mors\/author\/david\/"}]}},"_links":{"self":[{"href":"https:\/\/kunmedierne.dk\/mors\/wp-json\/wp\/v2\/posts\/8315","targetHints":{"allow":["GET"]}}],"collection":[{"href":"https:\/\/kunmedierne.dk\/mors\/wp-json\/wp\/v2\/posts"}],"about":[{"href":"https:\/\/kunmedierne.dk\/mors\/wp-json\/wp\/v2\/types\/post"}],"author":[{"embeddable":true,"href":"https:\/\/kunmedierne.dk\/mors\/wp-json\/wp\/v2\/users\/8"}],"replies":[{"embeddable":true,"href":"https:\/\/kunmedierne.dk\/mors\/wp-json\/wp\/v2\/comments?post=8315"}],"version-history":[{"count":2,"href":"https:\/\/kunmedierne.dk\/mors\/wp-json\/wp\/v2\/posts\/8315\/revisions"}],"predecessor-version":[{"id":8332,"href":"https:\/\/kunmedierne.dk\/mors\/wp-json\/wp\/v2\/posts\/8315\/revisions\/8332"}],"wp:featuredmedia":[{"embeddable":true,"href":"https:\/\/kunmedierne.dk\/mors\/wp-json\/wp\/v2\/media\/8330"}],"wp:attachment":[{"href":"https:\/\/kunmedierne.dk\/mors\/wp-json\/wp\/v2\/media?parent=8315"}],"wp:term":[{"taxonomy":"category","embeddable":true,"href":"https:\/\/kunmedierne.dk\/mors\/wp-json\/wp\/v2\/categories?post=8315"},{"taxonomy":"post_tag","embeddable":true,"href":"https:\/\/kunmedierne.dk\/mors\/wp-json\/wp\/v2\/tags?post=8315"}],"curies":[{"name":"wp","href":"https:\/\/api.w.org\/{rel}","templated":true}]}}