{"id":8275,"date":"2020-02-19T11:07:14","date_gmt":"2020-02-19T10:07:14","guid":{"rendered":"https:\/\/kunmedierne.dk\/mors\/?p=8275"},"modified":"2024-08-12T14:06:27","modified_gmt":"2024-08-12T12:06:27","slug":"morsoe-kommune-samler-indsatsen-inden-for-psykiatrien","status":"publish","type":"post","link":"https:\/\/kunmedierne.dk\/mors\/morsoe-kommune-samler-indsatsen-inden-for-psykiatrien\/","title":{"rendered":"Mors\u00f8 Kommune samler indsatsen inden for psykiatrien"},"content":{"rendered":"<p><strong>NYK\u00d8BING:\u00a0<\/strong>Mere plads til borgerne og bedre mulighed for professionel sparring hos personalet.<\/p>\n<p>Det er blandt fordelene, Mors\u00f8 Kommune forventer at h\u00f8ste, efter at socialudvalget tirsdag besluttede at samle tre indsatsomr\u00e5der p\u00e5 samme adresse: P\u00e5 Fyrvejen 65, der tidligere husede rehabiliteringscentret for Region Nordjylland.<\/p>\n<p>&#8220;Det er nu besluttet, at bygningen skal bruges til samling af indsatser p\u00e5 hjerneskade, psykiatri og det specialiserede socialcenter. Dermed vil der blive skabt et stort og levende center, som der ogs\u00e5 i fremtiden kan bygges yderligere aktiviteter op omkring,&#8221; lyder det fra Henning S\u00f8rensen (V), formand for det sociale udvalg i Mors\u00f8 Kommune.<\/p>\n<p>Han vil indtil videre ikke ud med, hvilke yderligere aktiviteter, kommunen har i tankerne. Men i f\u00f8rste omgang bliver det aktivitetscentret p\u00e5 Enghavevej, Mors\u00f8 St\u00f8ttecenter og aktivitets- og v\u00e6restedet Paraplyen, som nu er i Skovparken, der flytter til ny adresse. Flere af kommunens ansatte, for eksempel idr\u00e6tskoordinator Mette Boel, vil ogs\u00e5 f\u00e5 kontor p\u00e5 adressen.<\/p>\n<p>&#8220;Det vil give synergieffekt for borgernes aktivitet, og det vil samtidig give den tv\u00e6rfaglige sammens\u00e6tning af personale mulighed for st\u00f8rre udvikling p\u00e5 kompetencerne,&#8221; siger Henning S\u00f8rensen, som oplyser, at forventningen er, at der fremover vil v\u00e6re personale p\u00e5 Fyrvejen fra klokken otte om morgenen til 22 om aftenen.<\/p>\n<p>Det har ogs\u00e5 en effekt, p\u00e5peger han, i forhold til, at det er store krav at stille til folk med psykiske udfordringer, at de skal v\u00e6re klar til at m\u00f8de andre p\u00e5 bestemte tidspunkter i l\u00f8bet af dagen. I fremtiden vil tilbuddene til dem blive spredt ud over hele dagen, s\u00e5 det vil v\u00e6re nemmere for dem at tage imod dem.<\/p>\n<p>&#8220;Det er forskellige ting, der vil foreg\u00e5. Nogle vil m\u00f8des til aktiviteter om morgenen, og om aftenen vil der v\u00e6re caf\u00e9 og nogle forskellige ting, der bliver arrangeret i l\u00f8bet af ugen,&#8221; siger Henning S\u00f8rensen.<\/p>\n<p>&nbsp;<\/p>\n<p><strong>God forretning for kommunen<\/strong><\/p>\n<p>Det var i november, at Mors\u00f8 Kommune k\u00f8bte ejendommen p\u00e5 Fyrvejen, og if\u00f8lge Henning S\u00f8rensen er handlen en god forretning for kommunen.<\/p>\n<p>&#8220;Vi var heldige med, at det gamle Viborg Amt lavede en aftale med Mors\u00f8 Kommune om, at hvis regionen stoppede med at have rehabiliteringscenter, skulle vi kunne overtage den til det, der var afsat til det &#8211; og det var 900.000 kroner. Det var vi s\u00e5dan set heldige med, for vi m\u00e5 sige, at den er gjort i rigtig god stand, og det er nogle billige lokaler, vi f\u00e5r der,&#8221; siger han og tilf\u00f8jer, at samlingen af indsatsomr\u00e5derne ogs\u00e5 f\u00e5r \u00f8konomisk effekt.<\/p>\n<p>&#8220;Det, vi har lavet nu, giver en besparelse p\u00e5 omkring 400.000 kroner. Men f\u00e5r vi det hele p\u00e5 plads, f\u00e5r vi en besparelse p\u00e5 480.000 kroner. Det er jo ikke helt ligegyldigt, om vi skal ud og finde de penge til husleje,&#8221; siger Henning S\u00f8rensen.<\/p>\n","protected":false},"excerpt":{"rendered":"<p>NYK\u00d8BING:\u00a0Mere plads til borgerne og bedre mulighed for professionel sparring hos personalet. Det er blandt fordelene, Mors\u00f8 Kommune forventer at h\u00f8ste, efter at socialudvalget tirsdag besluttede at samle tre indsatsomr\u00e5der p\u00e5 samme adresse: P\u00e5 Fyrvejen 65, der tidligere husede rehabiliteringscentret for Region Nordjylland. &#8220;Det er nu besluttet, at bygningen skal bruges til samling af indsatser [&hellip;]<\/p>\n","protected":false},"author":8,"featured_media":8289,"comment_status":"open","ping_status":"open","sticky":false,"template":"","format":"standard","meta":{"_acf_changed":false,"footnotes":""},"categories":[51],"tags":[167],"class_list":["post-8275","post","type-post","status-publish","format-standard","has-post-thumbnail","hentry","category-lokalt","tag-politik"],"acf":[],"yoast_head":"<!-- This site is optimized with the Yoast SEO plugin v26.8 - https:\/\/yoast.com\/product\/yoast-seo-wordpress\/ -->\n<title>Mors\u00f8 Kommune samler indsatsen inden for psykiatrien - Mors<\/title>\n<meta name=\"robots\" content=\"index, follow, max-snippet:-1, max-image-preview:large, max-video-preview:-1\" \/>\n<link rel=\"canonical\" href=\"https:\/\/kunmedierne.dk\/mors\/morsoe-kommune-samler-indsatsen-inden-for-psykiatrien\/\" \/>\n<meta property=\"og:locale\" content=\"da_DK\" \/>\n<meta property=\"og:type\" content=\"article\" \/>\n<meta property=\"og:title\" content=\"Mors\u00f8 Kommune samler indsatsen inden for psykiatrien - Mors\" \/>\n<meta property=\"og:description\" content=\"NYK\u00d8BING:\u00a0Mere plads til borgerne og bedre mulighed for professionel sparring hos personalet. Det er blandt fordelene, Mors\u00f8 Kommune forventer at h\u00f8ste, efter at socialudvalget tirsdag besluttede at samle tre indsatsomr\u00e5der p\u00e5 samme adresse: P\u00e5 Fyrvejen 65, der tidligere husede rehabiliteringscentret for Region Nordjylland. &#8220;Det er nu besluttet, at bygningen skal bruges til samling af indsatser [&hellip;]\" \/>\n<meta property=\"og:url\" content=\"https:\/\/kunmedierne.dk\/mors\/morsoe-kommune-samler-indsatsen-inden-for-psykiatrien\/\" \/>\n<meta property=\"og:site_name\" content=\"Mors\" \/>\n<meta property=\"article:published_time\" content=\"2020-02-19T10:07:14+00:00\" \/>\n<meta property=\"article:modified_time\" content=\"2024-08-12T12:06:27+00:00\" \/>\n<meta property=\"og:image\" content=\"https:\/\/kunmedierne.dk\/mors\/wp-content\/uploads\/2020\/02\/200218-fyrvejen-65.jpg\" \/>\n\t<meta property=\"og:image:width\" content=\"770\" \/>\n\t<meta property=\"og:image:height\" content=\"513\" \/>\n\t<meta property=\"og:image:type\" content=\"image\/jpeg\" \/>\n<meta name=\"author\" content=\"David H\u00f8jmark\" \/>\n<meta name=\"twitter:card\" content=\"summary_large_image\" \/>\n<meta name=\"twitter:label1\" content=\"Skrevet af\" \/>\n\t<meta name=\"twitter:data1\" content=\"David H\u00f8jmark\" \/>\n\t<meta name=\"twitter:label2\" content=\"Estimeret l\u00e6setid\" \/>\n\t<meta name=\"twitter:data2\" content=\"2 minutter\" \/>\n<script type=\"application\/ld+json\" class=\"yoast-schema-graph\">{\"@context\":\"https:\/\/schema.org\",\"@graph\":[{\"@type\":\"Article\",\"@id\":\"https:\/\/kunmedierne.dk\/mors\/morsoe-kommune-samler-indsatsen-inden-for-psykiatrien\/#article\",\"isPartOf\":{\"@id\":\"https:\/\/kunmedierne.dk\/mors\/morsoe-kommune-samler-indsatsen-inden-for-psykiatrien\/\"},\"author\":{\"name\":\"David H\u00f8jmark\",\"@id\":\"https:\/\/kunmedierne.dk\/mors\/#\/schema\/person\/5fe23251bf1d0abbcdc6f7896579d548\"},\"headline\":\"Mors\u00f8 Kommune samler indsatsen inden for psykiatrien\",\"datePublished\":\"2020-02-19T10:07:14+00:00\",\"dateModified\":\"2024-08-12T12:06:27+00:00\",\"mainEntityOfPage\":{\"@id\":\"https:\/\/kunmedierne.dk\/mors\/morsoe-kommune-samler-indsatsen-inden-for-psykiatrien\/\"},\"wordCount\":486,\"commentCount\":0,\"publisher\":{\"@id\":\"https:\/\/kunmedierne.dk\/mors\/#organization\"},\"image\":{\"@id\":\"https:\/\/kunmedierne.dk\/mors\/morsoe-kommune-samler-indsatsen-inden-for-psykiatrien\/#primaryimage\"},\"thumbnailUrl\":\"https:\/\/kunmedierne.dk\/mors\/wp-content\/uploads\/2020\/02\/200218-fyrvejen-65.jpg\",\"keywords\":[\"Politik\"],\"articleSection\":[\"Lokalt\"],\"inLanguage\":\"da-DK\",\"potentialAction\":[{\"@type\":\"CommentAction\",\"name\":\"Comment\",\"target\":[\"https:\/\/kunmedierne.dk\/mors\/morsoe-kommune-samler-indsatsen-inden-for-psykiatrien\/#respond\"]}]},{\"@type\":\"WebPage\",\"@id\":\"https:\/\/kunmedierne.dk\/mors\/morsoe-kommune-samler-indsatsen-inden-for-psykiatrien\/\",\"url\":\"https:\/\/kunmedierne.dk\/mors\/morsoe-kommune-samler-indsatsen-inden-for-psykiatrien\/\",\"name\":\"Mors\u00f8 Kommune samler indsatsen inden for psykiatrien - Mors\",\"isPartOf\":{\"@id\":\"https:\/\/kunmedierne.dk\/mors\/#website\"},\"primaryImageOfPage\":{\"@id\":\"https:\/\/kunmedierne.dk\/mors\/morsoe-kommune-samler-indsatsen-inden-for-psykiatrien\/#primaryimage\"},\"image\":{\"@id\":\"https:\/\/kunmedierne.dk\/mors\/morsoe-kommune-samler-indsatsen-inden-for-psykiatrien\/#primaryimage\"},\"thumbnailUrl\":\"https:\/\/kunmedierne.dk\/mors\/wp-content\/uploads\/2020\/02\/200218-fyrvejen-65.jpg\",\"datePublished\":\"2020-02-19T10:07:14+00:00\",\"dateModified\":\"2024-08-12T12:06:27+00:00\",\"breadcrumb\":{\"@id\":\"https:\/\/kunmedierne.dk\/mors\/morsoe-kommune-samler-indsatsen-inden-for-psykiatrien\/#breadcrumb\"},\"inLanguage\":\"da-DK\",\"potentialAction\":[{\"@type\":\"ReadAction\",\"target\":[\"https:\/\/kunmedierne.dk\/mors\/morsoe-kommune-samler-indsatsen-inden-for-psykiatrien\/\"]}]},{\"@type\":\"ImageObject\",\"inLanguage\":\"da-DK\",\"@id\":\"https:\/\/kunmedierne.dk\/mors\/morsoe-kommune-samler-indsatsen-inden-for-psykiatrien\/#primaryimage\",\"url\":\"https:\/\/kunmedierne.dk\/mors\/wp-content\/uploads\/2020\/02\/200218-fyrvejen-65.jpg\",\"contentUrl\":\"https:\/\/kunmedierne.dk\/mors\/wp-content\/uploads\/2020\/02\/200218-fyrvejen-65.jpg\",\"width\":770,\"height\":513,\"caption\":\"Fyrvejen 65. Foto: David H\u00f8jmark.\"},{\"@type\":\"BreadcrumbList\",\"@id\":\"https:\/\/kunmedierne.dk\/mors\/morsoe-kommune-samler-indsatsen-inden-for-psykiatrien\/#breadcrumb\",\"itemListElement\":[{\"@type\":\"ListItem\",\"position\":1,\"name\":\"Hjem\",\"item\":\"https:\/\/kunmedierne.dk\/mors\/\"},{\"@type\":\"ListItem\",\"position\":2,\"name\":\"Mors\u00f8 Kommune samler indsatsen inden for psykiatrien\"}]},{\"@type\":\"WebSite\",\"@id\":\"https:\/\/kunmedierne.dk\/mors\/#website\",\"url\":\"https:\/\/kunmedierne.dk\/mors\/\",\"name\":\"Mors\",\"description\":\"et netmedie med journalistik om livet p\u00e5 Mors\",\"publisher\":{\"@id\":\"https:\/\/kunmedierne.dk\/mors\/#organization\"},\"potentialAction\":[{\"@type\":\"SearchAction\",\"target\":{\"@type\":\"EntryPoint\",\"urlTemplate\":\"https:\/\/kunmedierne.dk\/mors\/?s={search_term_string}\"},\"query-input\":{\"@type\":\"PropertyValueSpecification\",\"valueRequired\":true,\"valueName\":\"search_term_string\"}}],\"inLanguage\":\"da-DK\"},{\"@type\":\"Organization\",\"@id\":\"https:\/\/kunmedierne.dk\/mors\/#organization\",\"name\":\"Mors\",\"url\":\"https:\/\/kunmedierne.dk\/mors\/\",\"logo\":{\"@type\":\"ImageObject\",\"inLanguage\":\"da-DK\",\"@id\":\"https:\/\/kunmedierne.dk\/mors\/#\/schema\/logo\/image\/\",\"url\":\"https:\/\/kunmedierne.dk\/mors\/wp-content\/uploads\/2024\/08\/kunmors-logo.svg\",\"contentUrl\":\"https:\/\/kunmedierne.dk\/mors\/wp-content\/uploads\/2024\/08\/kunmors-logo.svg\",\"caption\":\"Mors\"},\"image\":{\"@id\":\"https:\/\/kunmedierne.dk\/mors\/#\/schema\/logo\/image\/\"}},{\"@type\":\"Person\",\"@id\":\"https:\/\/kunmedierne.dk\/mors\/#\/schema\/person\/5fe23251bf1d0abbcdc6f7896579d548\",\"name\":\"David H\u00f8jmark\",\"image\":{\"@type\":\"ImageObject\",\"inLanguage\":\"da-DK\",\"@id\":\"https:\/\/kunmedierne.dk\/mors\/#\/schema\/person\/image\/\",\"url\":\"https:\/\/secure.gravatar.com\/avatar\/4315d6fb9ef244d729989f5f90268eb08d5bf8a3d84402f595fa194bb35784fd?s=96&d=mm&r=g\",\"contentUrl\":\"https:\/\/secure.gravatar.com\/avatar\/4315d6fb9ef244d729989f5f90268eb08d5bf8a3d84402f595fa194bb35784fd?s=96&d=mm&r=g\",\"caption\":\"David H\u00f8jmark\"},\"sameAs\":[\"https:\/\/www.kunmedierne.dk\"],\"url\":\"https:\/\/kunmedierne.dk\/mors\/author\/david\/\"}]}<\/script>\n<!-- \/ Yoast SEO plugin. -->","yoast_head_json":{"title":"Mors\u00f8 Kommune samler indsatsen inden for psykiatrien - Mors","robots":{"index":"index","follow":"follow","max-snippet":"max-snippet:-1","max-image-preview":"max-image-preview:large","max-video-preview":"max-video-preview:-1"},"canonical":"https:\/\/kunmedierne.dk\/mors\/morsoe-kommune-samler-indsatsen-inden-for-psykiatrien\/","og_locale":"da_DK","og_type":"article","og_title":"Mors\u00f8 Kommune samler indsatsen inden for psykiatrien - Mors","og_description":"NYK\u00d8BING:\u00a0Mere plads til borgerne og bedre mulighed for professionel sparring hos personalet. Det er blandt fordelene, Mors\u00f8 Kommune forventer at h\u00f8ste, efter at socialudvalget tirsdag besluttede at samle tre indsatsomr\u00e5der p\u00e5 samme adresse: P\u00e5 Fyrvejen 65, der tidligere husede rehabiliteringscentret for Region Nordjylland. &#8220;Det er nu besluttet, at bygningen skal bruges til samling af indsatser [&hellip;]","og_url":"https:\/\/kunmedierne.dk\/mors\/morsoe-kommune-samler-indsatsen-inden-for-psykiatrien\/","og_site_name":"Mors","article_published_time":"2020-02-19T10:07:14+00:00","article_modified_time":"2024-08-12T12:06:27+00:00","og_image":[{"width":770,"height":513,"url":"https:\/\/kunmedierne.dk\/mors\/wp-content\/uploads\/2020\/02\/200218-fyrvejen-65.jpg","type":"image\/jpeg"}],"author":"David H\u00f8jmark","twitter_card":"summary_large_image","twitter_misc":{"Skrevet af":"David H\u00f8jmark","Estimeret l\u00e6setid":"2 minutter"},"schema":{"@context":"https:\/\/schema.org","@graph":[{"@type":"Article","@id":"https:\/\/kunmedierne.dk\/mors\/morsoe-kommune-samler-indsatsen-inden-for-psykiatrien\/#article","isPartOf":{"@id":"https:\/\/kunmedierne.dk\/mors\/morsoe-kommune-samler-indsatsen-inden-for-psykiatrien\/"},"author":{"name":"David H\u00f8jmark","@id":"https:\/\/kunmedierne.dk\/mors\/#\/schema\/person\/5fe23251bf1d0abbcdc6f7896579d548"},"headline":"Mors\u00f8 Kommune samler indsatsen inden for psykiatrien","datePublished":"2020-02-19T10:07:14+00:00","dateModified":"2024-08-12T12:06:27+00:00","mainEntityOfPage":{"@id":"https:\/\/kunmedierne.dk\/mors\/morsoe-kommune-samler-indsatsen-inden-for-psykiatrien\/"},"wordCount":486,"commentCount":0,"publisher":{"@id":"https:\/\/kunmedierne.dk\/mors\/#organization"},"image":{"@id":"https:\/\/kunmedierne.dk\/mors\/morsoe-kommune-samler-indsatsen-inden-for-psykiatrien\/#primaryimage"},"thumbnailUrl":"https:\/\/kunmedierne.dk\/mors\/wp-content\/uploads\/2020\/02\/200218-fyrvejen-65.jpg","keywords":["Politik"],"articleSection":["Lokalt"],"inLanguage":"da-DK","potentialAction":[{"@type":"CommentAction","name":"Comment","target":["https:\/\/kunmedierne.dk\/mors\/morsoe-kommune-samler-indsatsen-inden-for-psykiatrien\/#respond"]}]},{"@type":"WebPage","@id":"https:\/\/kunmedierne.dk\/mors\/morsoe-kommune-samler-indsatsen-inden-for-psykiatrien\/","url":"https:\/\/kunmedierne.dk\/mors\/morsoe-kommune-samler-indsatsen-inden-for-psykiatrien\/","name":"Mors\u00f8 Kommune samler indsatsen inden for psykiatrien - Mors","isPartOf":{"@id":"https:\/\/kunmedierne.dk\/mors\/#website"},"primaryImageOfPage":{"@id":"https:\/\/kunmedierne.dk\/mors\/morsoe-kommune-samler-indsatsen-inden-for-psykiatrien\/#primaryimage"},"image":{"@id":"https:\/\/kunmedierne.dk\/mors\/morsoe-kommune-samler-indsatsen-inden-for-psykiatrien\/#primaryimage"},"thumbnailUrl":"https:\/\/kunmedierne.dk\/mors\/wp-content\/uploads\/2020\/02\/200218-fyrvejen-65.jpg","datePublished":"2020-02-19T10:07:14+00:00","dateModified":"2024-08-12T12:06:27+00:00","breadcrumb":{"@id":"https:\/\/kunmedierne.dk\/mors\/morsoe-kommune-samler-indsatsen-inden-for-psykiatrien\/#breadcrumb"},"inLanguage":"da-DK","potentialAction":[{"@type":"ReadAction","target":["https:\/\/kunmedierne.dk\/mors\/morsoe-kommune-samler-indsatsen-inden-for-psykiatrien\/"]}]},{"@type":"ImageObject","inLanguage":"da-DK","@id":"https:\/\/kunmedierne.dk\/mors\/morsoe-kommune-samler-indsatsen-inden-for-psykiatrien\/#primaryimage","url":"https:\/\/kunmedierne.dk\/mors\/wp-content\/uploads\/2020\/02\/200218-fyrvejen-65.jpg","contentUrl":"https:\/\/kunmedierne.dk\/mors\/wp-content\/uploads\/2020\/02\/200218-fyrvejen-65.jpg","width":770,"height":513,"caption":"Fyrvejen 65. Foto: David H\u00f8jmark."},{"@type":"BreadcrumbList","@id":"https:\/\/kunmedierne.dk\/mors\/morsoe-kommune-samler-indsatsen-inden-for-psykiatrien\/#breadcrumb","itemListElement":[{"@type":"ListItem","position":1,"name":"Hjem","item":"https:\/\/kunmedierne.dk\/mors\/"},{"@type":"ListItem","position":2,"name":"Mors\u00f8 Kommune samler indsatsen inden for psykiatrien"}]},{"@type":"WebSite","@id":"https:\/\/kunmedierne.dk\/mors\/#website","url":"https:\/\/kunmedierne.dk\/mors\/","name":"Mors","description":"et netmedie med journalistik om livet p\u00e5 Mors","publisher":{"@id":"https:\/\/kunmedierne.dk\/mors\/#organization"},"potentialAction":[{"@type":"SearchAction","target":{"@type":"EntryPoint","urlTemplate":"https:\/\/kunmedierne.dk\/mors\/?s={search_term_string}"},"query-input":{"@type":"PropertyValueSpecification","valueRequired":true,"valueName":"search_term_string"}}],"inLanguage":"da-DK"},{"@type":"Organization","@id":"https:\/\/kunmedierne.dk\/mors\/#organization","name":"Mors","url":"https:\/\/kunmedierne.dk\/mors\/","logo":{"@type":"ImageObject","inLanguage":"da-DK","@id":"https:\/\/kunmedierne.dk\/mors\/#\/schema\/logo\/image\/","url":"https:\/\/kunmedierne.dk\/mors\/wp-content\/uploads\/2024\/08\/kunmors-logo.svg","contentUrl":"https:\/\/kunmedierne.dk\/mors\/wp-content\/uploads\/2024\/08\/kunmors-logo.svg","caption":"Mors"},"image":{"@id":"https:\/\/kunmedierne.dk\/mors\/#\/schema\/logo\/image\/"}},{"@type":"Person","@id":"https:\/\/kunmedierne.dk\/mors\/#\/schema\/person\/5fe23251bf1d0abbcdc6f7896579d548","name":"David H\u00f8jmark","image":{"@type":"ImageObject","inLanguage":"da-DK","@id":"https:\/\/kunmedierne.dk\/mors\/#\/schema\/person\/image\/","url":"https:\/\/secure.gravatar.com\/avatar\/4315d6fb9ef244d729989f5f90268eb08d5bf8a3d84402f595fa194bb35784fd?s=96&d=mm&r=g","contentUrl":"https:\/\/secure.gravatar.com\/avatar\/4315d6fb9ef244d729989f5f90268eb08d5bf8a3d84402f595fa194bb35784fd?s=96&d=mm&r=g","caption":"David H\u00f8jmark"},"sameAs":["https:\/\/www.kunmedierne.dk"],"url":"https:\/\/kunmedierne.dk\/mors\/author\/david\/"}]}},"_links":{"self":[{"href":"https:\/\/kunmedierne.dk\/mors\/wp-json\/wp\/v2\/posts\/8275","targetHints":{"allow":["GET"]}}],"collection":[{"href":"https:\/\/kunmedierne.dk\/mors\/wp-json\/wp\/v2\/posts"}],"about":[{"href":"https:\/\/kunmedierne.dk\/mors\/wp-json\/wp\/v2\/types\/post"}],"author":[{"embeddable":true,"href":"https:\/\/kunmedierne.dk\/mors\/wp-json\/wp\/v2\/users\/8"}],"replies":[{"embeddable":true,"href":"https:\/\/kunmedierne.dk\/mors\/wp-json\/wp\/v2\/comments?post=8275"}],"version-history":[{"count":3,"href":"https:\/\/kunmedierne.dk\/mors\/wp-json\/wp\/v2\/posts\/8275\/revisions"}],"predecessor-version":[{"id":8288,"href":"https:\/\/kunmedierne.dk\/mors\/wp-json\/wp\/v2\/posts\/8275\/revisions\/8288"}],"wp:featuredmedia":[{"embeddable":true,"href":"https:\/\/kunmedierne.dk\/mors\/wp-json\/wp\/v2\/media\/8289"}],"wp:attachment":[{"href":"https:\/\/kunmedierne.dk\/mors\/wp-json\/wp\/v2\/media?parent=8275"}],"wp:term":[{"taxonomy":"category","embeddable":true,"href":"https:\/\/kunmedierne.dk\/mors\/wp-json\/wp\/v2\/categories?post=8275"},{"taxonomy":"post_tag","embeddable":true,"href":"https:\/\/kunmedierne.dk\/mors\/wp-json\/wp\/v2\/tags?post=8275"}],"curies":[{"name":"wp","href":"https:\/\/api.w.org\/{rel}","templated":true}]}}