{"id":82692,"date":"2022-11-17T13:05:59","date_gmt":"2022-11-17T12:05:59","guid":{"rendered":"https:\/\/kunmedierne.dk\/mors\/?p=82692"},"modified":"2024-08-07T14:38:07","modified_gmt":"2024-08-07T12:38:07","slug":"i-morgen-bliver-juletraeet-taendt","status":"publish","type":"post","link":"https:\/\/kunmedierne.dk\/mors\/i-morgen-bliver-juletraeet-taendt\/","title":{"rendered":"I morgen bliver juletr\u00e6et t\u00e6ndt i Nyk\u00f8bing"},"content":{"rendered":"<p><b><span data-contrast=\"auto\">NYK\u00d8BING:<\/span><\/b><span data-contrast=\"auto\"> Hvis du tr\u00e6kker i det varme t\u00f8j, og trodser kulden, s\u00e5 kan du i morgen klokken 17:00 opleve juletr\u00e6et blive t\u00e6ndt p\u00e5 Kirketorvet i Nyk\u00f8bing. <\/span><span data-ccp-props=\"{&quot;335551550&quot;:0,&quot;335551620&quot;:0}\">\u00a0<\/span><\/p>\n<p><span data-contrast=\"auto\">Julemanden og Borgermesteren ankommer i \u00e5r i hestevogn nede fra Klostertorvet. De k\u00f8rer op igennem gaden, og p\u00e5 Kirketorvet vil de blive m\u00f8dt af en brandbil, der hejser dem op i tr\u00e6et. Borgermesteren vil holde en lille tale, juletr\u00e6et bliver t\u00e6ndt, og s\u00e5 vil Mors\u00f8 Garden spille julen ind.\u00a0 <\/span><span data-ccp-props=\"{&quot;335551550&quot;:0,&quot;335551620&quot;:0}\">\u00a0<\/span><\/p>\n<p><span data-contrast=\"auto\">Handelschef, Lisbeth Thrys\u00f8e fort\u00e6ller:<\/span><span data-ccp-props=\"{&quot;335551550&quot;:0,&quot;335551620&quot;:0}\">\u00a0<\/span><\/p>\n<p><span data-contrast=\"auto\">&#8211; Torvet plejer at v\u00e6re helt fyldt, og folk kommer fra hele \u00f8en. Men de sm\u00e5 byer har jo ogs\u00e5 tit deres egne juletr\u00e6er, som de t\u00e6nder. Men jeg regner med, at der ogs\u00e5 kommer mange i \u00e5r. Og s\u00e5 har man jo ogs\u00e5 en god anledning til at k\u00f8be en julegave eller to, nu man er her.<\/span><span data-ccp-props=\"{&quot;335551550&quot;:0,&quot;335551620&quot;:0}\">\u00a0<\/span><\/p>\n<p><span data-contrast=\"auto\">Her p\u00e5 KunMors har vi tidligere skrevet om energikrisen, og hvordan den kommer til at p\u00e5virke julebelysningen p\u00e5 Mors. Dette g\u00e5r dog ikke ud over juletr\u00e6et i Nyk\u00f8bing. Lisbeth Thrys\u00f8e fort\u00e6ller:<\/span><span data-ccp-props=\"{&quot;335551550&quot;:0,&quot;335551620&quot;:0}\">\u00a0<\/span><\/p>\n<p><span data-contrast=\"auto\">&#8211; Juletr\u00e6et vil v\u00e6re t\u00e6ndt fra i morgen og hele julen igennem. Det laver vi ikke om p\u00e5.<\/span><span data-ccp-props=\"{&quot;335551550&quot;:0,&quot;335551620&quot;:0}\">\u00a0<\/span><\/p>\n<p><span data-contrast=\"auto\">Politisk er det blevet bestemt, at man slukker for belysning af bygninger, og at man tilpasser perioderne, hvor gadelyset er t\u00e6ndt. Det betyder blandt andet, at handelsstandsforeningen kun m\u00e5 have julebelysning i g\u00e5gaden i perioden fra f\u00f8rste s\u00f8ndag i advent til og med 28. december. Men dette g\u00e6lder alts\u00e5 ikke juletr\u00e6et.<\/span><span data-ccp-props=\"{&quot;335551550&quot;:0,&quot;335551620&quot;:0}\">\u00a0<\/span><\/p>\n<p><span data-contrast=\"auto\">Lisbeth Thrys\u00f8e slutter med at sige:<\/span><span data-ccp-props=\"{&quot;335551550&quot;:0,&quot;335551620&quot;:0}\">\u00a0<\/span><\/p>\n<p><span data-contrast=\"auto\">&#8211; Jeg gl\u00e6der mig til i morgen, s\u00e5 er julen ligesom skudt i gang.<\/span><span data-ccp-props=\"{&quot;335551550&quot;:0,&quot;335551620&quot;:0}\">\u00a0<\/span><\/p>\n","protected":false},"excerpt":{"rendered":"<p>NYK\u00d8BING: Hvis du tr\u00e6kker i det varme t\u00f8j, og trodser kulden, s\u00e5 kan du i morgen klokken 17:00 opleve juletr\u00e6et blive t\u00e6ndt p\u00e5 Kirketorvet i Nyk\u00f8bing. \u00a0 Julemanden og Borgermesteren ankommer i \u00e5r i hestevogn nede fra Klostertorvet. De k\u00f8rer op igennem gaden, og p\u00e5 Kirketorvet vil de blive m\u00f8dt af en brandbil, der hejser [&hellip;]<\/p>\n","protected":false},"author":2507,"featured_media":82702,"comment_status":"closed","ping_status":"open","sticky":false,"template":"","format":"standard","meta":{"_acf_changed":false,"footnotes":""},"categories":[51],"tags":[],"class_list":["post-82692","post","type-post","status-publish","format-standard","has-post-thumbnail","hentry","category-lokalt"],"acf":[],"yoast_head":"<!-- This site is optimized with the Yoast SEO plugin v26.8 - https:\/\/yoast.com\/product\/yoast-seo-wordpress\/ -->\n<title>I morgen bliver juletr\u00e6et t\u00e6ndt i Nyk\u00f8bing - Mors<\/title>\n<meta name=\"robots\" content=\"index, follow, max-snippet:-1, max-image-preview:large, max-video-preview:-1\" \/>\n<link rel=\"canonical\" href=\"https:\/\/kunmedierne.dk\/mors\/i-morgen-bliver-juletraeet-taendt\/\" \/>\n<meta property=\"og:locale\" content=\"da_DK\" \/>\n<meta property=\"og:type\" content=\"article\" \/>\n<meta property=\"og:title\" content=\"I morgen bliver juletr\u00e6et t\u00e6ndt i Nyk\u00f8bing - Mors\" \/>\n<meta property=\"og:description\" content=\"NYK\u00d8BING: Hvis du tr\u00e6kker i det varme t\u00f8j, og trodser kulden, s\u00e5 kan du i morgen klokken 17:00 opleve juletr\u00e6et blive t\u00e6ndt p\u00e5 Kirketorvet i Nyk\u00f8bing. \u00a0 Julemanden og Borgermesteren ankommer i \u00e5r i hestevogn nede fra Klostertorvet. De k\u00f8rer op igennem gaden, og p\u00e5 Kirketorvet vil de blive m\u00f8dt af en brandbil, der hejser [&hellip;]\" \/>\n<meta property=\"og:url\" content=\"https:\/\/kunmedierne.dk\/mors\/i-morgen-bliver-juletraeet-taendt\/\" \/>\n<meta property=\"og:site_name\" content=\"Mors\" \/>\n<meta property=\"article:published_time\" content=\"2022-11-17T12:05:59+00:00\" \/>\n<meta property=\"article:modified_time\" content=\"2024-08-07T12:38:07+00:00\" \/>\n<meta property=\"og:image\" content=\"https:\/\/kunmedierne.dk\/mors\/wp-content\/uploads\/2022\/11\/juletrae-1-scaled.jpg\" \/>\n\t<meta property=\"og:image:width\" content=\"2560\" \/>\n\t<meta property=\"og:image:height\" content=\"1707\" \/>\n\t<meta property=\"og:image:type\" content=\"image\/jpeg\" \/>\n<meta name=\"author\" content=\"Katrine Hedegaard\" \/>\n<meta name=\"twitter:card\" content=\"summary_large_image\" \/>\n<meta name=\"twitter:label1\" content=\"Skrevet af\" \/>\n\t<meta name=\"twitter:data1\" content=\"Katrine Hedegaard\" \/>\n\t<meta name=\"twitter:label2\" content=\"Estimeret l\u00e6setid\" \/>\n\t<meta name=\"twitter:data2\" content=\"1 minut\" \/>\n<script type=\"application\/ld+json\" class=\"yoast-schema-graph\">{\"@context\":\"https:\/\/schema.org\",\"@graph\":[{\"@type\":\"Article\",\"@id\":\"https:\/\/kunmedierne.dk\/mors\/i-morgen-bliver-juletraeet-taendt\/#article\",\"isPartOf\":{\"@id\":\"https:\/\/kunmedierne.dk\/mors\/i-morgen-bliver-juletraeet-taendt\/\"},\"author\":{\"name\":\"Katrine Hedegaard\",\"@id\":\"https:\/\/kunmedierne.dk\/mors\/#\/schema\/person\/b2e62a38069b12365e53e087a8709c64\"},\"headline\":\"I morgen bliver juletr\u00e6et t\u00e6ndt i Nyk\u00f8bing\",\"datePublished\":\"2022-11-17T12:05:59+00:00\",\"dateModified\":\"2024-08-07T12:38:07+00:00\",\"mainEntityOfPage\":{\"@id\":\"https:\/\/kunmedierne.dk\/mors\/i-morgen-bliver-juletraeet-taendt\/\"},\"wordCount\":299,\"publisher\":{\"@id\":\"https:\/\/kunmedierne.dk\/mors\/#organization\"},\"image\":{\"@id\":\"https:\/\/kunmedierne.dk\/mors\/i-morgen-bliver-juletraeet-taendt\/#primaryimage\"},\"thumbnailUrl\":\"https:\/\/kunmedierne.dk\/mors\/wp-content\/uploads\/2022\/11\/juletrae-1-scaled.jpg\",\"articleSection\":[\"Lokalt\"],\"inLanguage\":\"da-DK\"},{\"@type\":\"WebPage\",\"@id\":\"https:\/\/kunmedierne.dk\/mors\/i-morgen-bliver-juletraeet-taendt\/\",\"url\":\"https:\/\/kunmedierne.dk\/mors\/i-morgen-bliver-juletraeet-taendt\/\",\"name\":\"I morgen bliver juletr\u00e6et t\u00e6ndt i Nyk\u00f8bing - Mors\",\"isPartOf\":{\"@id\":\"https:\/\/kunmedierne.dk\/mors\/#website\"},\"primaryImageOfPage\":{\"@id\":\"https:\/\/kunmedierne.dk\/mors\/i-morgen-bliver-juletraeet-taendt\/#primaryimage\"},\"image\":{\"@id\":\"https:\/\/kunmedierne.dk\/mors\/i-morgen-bliver-juletraeet-taendt\/#primaryimage\"},\"thumbnailUrl\":\"https:\/\/kunmedierne.dk\/mors\/wp-content\/uploads\/2022\/11\/juletrae-1-scaled.jpg\",\"datePublished\":\"2022-11-17T12:05:59+00:00\",\"dateModified\":\"2024-08-07T12:38:07+00:00\",\"breadcrumb\":{\"@id\":\"https:\/\/kunmedierne.dk\/mors\/i-morgen-bliver-juletraeet-taendt\/#breadcrumb\"},\"inLanguage\":\"da-DK\",\"potentialAction\":[{\"@type\":\"ReadAction\",\"target\":[\"https:\/\/kunmedierne.dk\/mors\/i-morgen-bliver-juletraeet-taendt\/\"]}]},{\"@type\":\"ImageObject\",\"inLanguage\":\"da-DK\",\"@id\":\"https:\/\/kunmedierne.dk\/mors\/i-morgen-bliver-juletraeet-taendt\/#primaryimage\",\"url\":\"https:\/\/kunmedierne.dk\/mors\/wp-content\/uploads\/2022\/11\/juletrae-1-scaled.jpg\",\"contentUrl\":\"https:\/\/kunmedierne.dk\/mors\/wp-content\/uploads\/2022\/11\/juletrae-1-scaled.jpg\",\"width\":2560,\"height\":1707},{\"@type\":\"BreadcrumbList\",\"@id\":\"https:\/\/kunmedierne.dk\/mors\/i-morgen-bliver-juletraeet-taendt\/#breadcrumb\",\"itemListElement\":[{\"@type\":\"ListItem\",\"position\":1,\"name\":\"Hjem\",\"item\":\"https:\/\/kunmedierne.dk\/mors\/\"},{\"@type\":\"ListItem\",\"position\":2,\"name\":\"I morgen bliver juletr\u00e6et t\u00e6ndt i Nyk\u00f8bing\"}]},{\"@type\":\"WebSite\",\"@id\":\"https:\/\/kunmedierne.dk\/mors\/#website\",\"url\":\"https:\/\/kunmedierne.dk\/mors\/\",\"name\":\"Mors\",\"description\":\"et netmedie med journalistik om livet p\u00e5 Mors\",\"publisher\":{\"@id\":\"https:\/\/kunmedierne.dk\/mors\/#organization\"},\"potentialAction\":[{\"@type\":\"SearchAction\",\"target\":{\"@type\":\"EntryPoint\",\"urlTemplate\":\"https:\/\/kunmedierne.dk\/mors\/?s={search_term_string}\"},\"query-input\":{\"@type\":\"PropertyValueSpecification\",\"valueRequired\":true,\"valueName\":\"search_term_string\"}}],\"inLanguage\":\"da-DK\"},{\"@type\":\"Organization\",\"@id\":\"https:\/\/kunmedierne.dk\/mors\/#organization\",\"name\":\"Mors\",\"url\":\"https:\/\/kunmedierne.dk\/mors\/\",\"logo\":{\"@type\":\"ImageObject\",\"inLanguage\":\"da-DK\",\"@id\":\"https:\/\/kunmedierne.dk\/mors\/#\/schema\/logo\/image\/\",\"url\":\"https:\/\/kunmedierne.dk\/mors\/wp-content\/uploads\/2024\/08\/kunmors-logo.svg\",\"contentUrl\":\"https:\/\/kunmedierne.dk\/mors\/wp-content\/uploads\/2024\/08\/kunmors-logo.svg\",\"caption\":\"Mors\"},\"image\":{\"@id\":\"https:\/\/kunmedierne.dk\/mors\/#\/schema\/logo\/image\/\"}},{\"@type\":\"Person\",\"@id\":\"https:\/\/kunmedierne.dk\/mors\/#\/schema\/person\/b2e62a38069b12365e53e087a8709c64\",\"name\":\"Katrine Hedegaard\",\"image\":{\"@type\":\"ImageObject\",\"inLanguage\":\"da-DK\",\"@id\":\"https:\/\/kunmedierne.dk\/mors\/#\/schema\/person\/image\/\",\"url\":\"https:\/\/secure.gravatar.com\/avatar\/18a5c72fa9148052fd3ed5a58b40fc83cfdc9811090e6e6eec9539af058edcc0?s=96&d=mm&r=g\",\"contentUrl\":\"https:\/\/secure.gravatar.com\/avatar\/18a5c72fa9148052fd3ed5a58b40fc83cfdc9811090e6e6eec9539af058edcc0?s=96&d=mm&r=g\",\"caption\":\"Katrine Hedegaard\"},\"url\":\"https:\/\/kunmedierne.dk\/mors\/author\/katrine\/\"}]}<\/script>\n<!-- \/ Yoast SEO plugin. -->","yoast_head_json":{"title":"I morgen bliver juletr\u00e6et t\u00e6ndt i Nyk\u00f8bing - Mors","robots":{"index":"index","follow":"follow","max-snippet":"max-snippet:-1","max-image-preview":"max-image-preview:large","max-video-preview":"max-video-preview:-1"},"canonical":"https:\/\/kunmedierne.dk\/mors\/i-morgen-bliver-juletraeet-taendt\/","og_locale":"da_DK","og_type":"article","og_title":"I morgen bliver juletr\u00e6et t\u00e6ndt i Nyk\u00f8bing - Mors","og_description":"NYK\u00d8BING: Hvis du tr\u00e6kker i det varme t\u00f8j, og trodser kulden, s\u00e5 kan du i morgen klokken 17:00 opleve juletr\u00e6et blive t\u00e6ndt p\u00e5 Kirketorvet i Nyk\u00f8bing. \u00a0 Julemanden og Borgermesteren ankommer i \u00e5r i hestevogn nede fra Klostertorvet. De k\u00f8rer op igennem gaden, og p\u00e5 Kirketorvet vil de blive m\u00f8dt af en brandbil, der hejser [&hellip;]","og_url":"https:\/\/kunmedierne.dk\/mors\/i-morgen-bliver-juletraeet-taendt\/","og_site_name":"Mors","article_published_time":"2022-11-17T12:05:59+00:00","article_modified_time":"2024-08-07T12:38:07+00:00","og_image":[{"width":2560,"height":1707,"url":"https:\/\/kunmedierne.dk\/mors\/wp-content\/uploads\/2022\/11\/juletrae-1-scaled.jpg","type":"image\/jpeg"}],"author":"Katrine Hedegaard","twitter_card":"summary_large_image","twitter_misc":{"Skrevet af":"Katrine Hedegaard","Estimeret l\u00e6setid":"1 minut"},"schema":{"@context":"https:\/\/schema.org","@graph":[{"@type":"Article","@id":"https:\/\/kunmedierne.dk\/mors\/i-morgen-bliver-juletraeet-taendt\/#article","isPartOf":{"@id":"https:\/\/kunmedierne.dk\/mors\/i-morgen-bliver-juletraeet-taendt\/"},"author":{"name":"Katrine Hedegaard","@id":"https:\/\/kunmedierne.dk\/mors\/#\/schema\/person\/b2e62a38069b12365e53e087a8709c64"},"headline":"I morgen bliver juletr\u00e6et t\u00e6ndt i Nyk\u00f8bing","datePublished":"2022-11-17T12:05:59+00:00","dateModified":"2024-08-07T12:38:07+00:00","mainEntityOfPage":{"@id":"https:\/\/kunmedierne.dk\/mors\/i-morgen-bliver-juletraeet-taendt\/"},"wordCount":299,"publisher":{"@id":"https:\/\/kunmedierne.dk\/mors\/#organization"},"image":{"@id":"https:\/\/kunmedierne.dk\/mors\/i-morgen-bliver-juletraeet-taendt\/#primaryimage"},"thumbnailUrl":"https:\/\/kunmedierne.dk\/mors\/wp-content\/uploads\/2022\/11\/juletrae-1-scaled.jpg","articleSection":["Lokalt"],"inLanguage":"da-DK"},{"@type":"WebPage","@id":"https:\/\/kunmedierne.dk\/mors\/i-morgen-bliver-juletraeet-taendt\/","url":"https:\/\/kunmedierne.dk\/mors\/i-morgen-bliver-juletraeet-taendt\/","name":"I morgen bliver juletr\u00e6et t\u00e6ndt i Nyk\u00f8bing - Mors","isPartOf":{"@id":"https:\/\/kunmedierne.dk\/mors\/#website"},"primaryImageOfPage":{"@id":"https:\/\/kunmedierne.dk\/mors\/i-morgen-bliver-juletraeet-taendt\/#primaryimage"},"image":{"@id":"https:\/\/kunmedierne.dk\/mors\/i-morgen-bliver-juletraeet-taendt\/#primaryimage"},"thumbnailUrl":"https:\/\/kunmedierne.dk\/mors\/wp-content\/uploads\/2022\/11\/juletrae-1-scaled.jpg","datePublished":"2022-11-17T12:05:59+00:00","dateModified":"2024-08-07T12:38:07+00:00","breadcrumb":{"@id":"https:\/\/kunmedierne.dk\/mors\/i-morgen-bliver-juletraeet-taendt\/#breadcrumb"},"inLanguage":"da-DK","potentialAction":[{"@type":"ReadAction","target":["https:\/\/kunmedierne.dk\/mors\/i-morgen-bliver-juletraeet-taendt\/"]}]},{"@type":"ImageObject","inLanguage":"da-DK","@id":"https:\/\/kunmedierne.dk\/mors\/i-morgen-bliver-juletraeet-taendt\/#primaryimage","url":"https:\/\/kunmedierne.dk\/mors\/wp-content\/uploads\/2022\/11\/juletrae-1-scaled.jpg","contentUrl":"https:\/\/kunmedierne.dk\/mors\/wp-content\/uploads\/2022\/11\/juletrae-1-scaled.jpg","width":2560,"height":1707},{"@type":"BreadcrumbList","@id":"https:\/\/kunmedierne.dk\/mors\/i-morgen-bliver-juletraeet-taendt\/#breadcrumb","itemListElement":[{"@type":"ListItem","position":1,"name":"Hjem","item":"https:\/\/kunmedierne.dk\/mors\/"},{"@type":"ListItem","position":2,"name":"I morgen bliver juletr\u00e6et t\u00e6ndt i Nyk\u00f8bing"}]},{"@type":"WebSite","@id":"https:\/\/kunmedierne.dk\/mors\/#website","url":"https:\/\/kunmedierne.dk\/mors\/","name":"Mors","description":"et netmedie med journalistik om livet p\u00e5 Mors","publisher":{"@id":"https:\/\/kunmedierne.dk\/mors\/#organization"},"potentialAction":[{"@type":"SearchAction","target":{"@type":"EntryPoint","urlTemplate":"https:\/\/kunmedierne.dk\/mors\/?s={search_term_string}"},"query-input":{"@type":"PropertyValueSpecification","valueRequired":true,"valueName":"search_term_string"}}],"inLanguage":"da-DK"},{"@type":"Organization","@id":"https:\/\/kunmedierne.dk\/mors\/#organization","name":"Mors","url":"https:\/\/kunmedierne.dk\/mors\/","logo":{"@type":"ImageObject","inLanguage":"da-DK","@id":"https:\/\/kunmedierne.dk\/mors\/#\/schema\/logo\/image\/","url":"https:\/\/kunmedierne.dk\/mors\/wp-content\/uploads\/2024\/08\/kunmors-logo.svg","contentUrl":"https:\/\/kunmedierne.dk\/mors\/wp-content\/uploads\/2024\/08\/kunmors-logo.svg","caption":"Mors"},"image":{"@id":"https:\/\/kunmedierne.dk\/mors\/#\/schema\/logo\/image\/"}},{"@type":"Person","@id":"https:\/\/kunmedierne.dk\/mors\/#\/schema\/person\/b2e62a38069b12365e53e087a8709c64","name":"Katrine Hedegaard","image":{"@type":"ImageObject","inLanguage":"da-DK","@id":"https:\/\/kunmedierne.dk\/mors\/#\/schema\/person\/image\/","url":"https:\/\/secure.gravatar.com\/avatar\/18a5c72fa9148052fd3ed5a58b40fc83cfdc9811090e6e6eec9539af058edcc0?s=96&d=mm&r=g","contentUrl":"https:\/\/secure.gravatar.com\/avatar\/18a5c72fa9148052fd3ed5a58b40fc83cfdc9811090e6e6eec9539af058edcc0?s=96&d=mm&r=g","caption":"Katrine Hedegaard"},"url":"https:\/\/kunmedierne.dk\/mors\/author\/katrine\/"}]}},"_links":{"self":[{"href":"https:\/\/kunmedierne.dk\/mors\/wp-json\/wp\/v2\/posts\/82692","targetHints":{"allow":["GET"]}}],"collection":[{"href":"https:\/\/kunmedierne.dk\/mors\/wp-json\/wp\/v2\/posts"}],"about":[{"href":"https:\/\/kunmedierne.dk\/mors\/wp-json\/wp\/v2\/types\/post"}],"author":[{"embeddable":true,"href":"https:\/\/kunmedierne.dk\/mors\/wp-json\/wp\/v2\/users\/2507"}],"replies":[{"embeddable":true,"href":"https:\/\/kunmedierne.dk\/mors\/wp-json\/wp\/v2\/comments?post=82692"}],"version-history":[{"count":5,"href":"https:\/\/kunmedierne.dk\/mors\/wp-json\/wp\/v2\/posts\/82692\/revisions"}],"predecessor-version":[{"id":82701,"href":"https:\/\/kunmedierne.dk\/mors\/wp-json\/wp\/v2\/posts\/82692\/revisions\/82701"}],"wp:featuredmedia":[{"embeddable":true,"href":"https:\/\/kunmedierne.dk\/mors\/wp-json\/wp\/v2\/media\/82702"}],"wp:attachment":[{"href":"https:\/\/kunmedierne.dk\/mors\/wp-json\/wp\/v2\/media?parent=82692"}],"wp:term":[{"taxonomy":"category","embeddable":true,"href":"https:\/\/kunmedierne.dk\/mors\/wp-json\/wp\/v2\/categories?post=82692"},{"taxonomy":"post_tag","embeddable":true,"href":"https:\/\/kunmedierne.dk\/mors\/wp-json\/wp\/v2\/tags?post=82692"}],"curies":[{"name":"wp","href":"https:\/\/api.w.org\/{rel}","templated":true}]}}