{"id":82675,"date":"2022-11-17T13:55:30","date_gmt":"2022-11-17T12:55:30","guid":{"rendered":"https:\/\/kunmedierne.dk\/mors\/?p=82675"},"modified":"2024-08-07T14:38:07","modified_gmt":"2024-08-07T12:38:07","slug":"bodil-munk-fylder-90-aar","status":"publish","type":"post","link":"https:\/\/kunmedierne.dk\/mors\/bodil-munk-fylder-90-aar\/","title":{"rendered":"Bodil Munk fylder 90 \u00e5r  \u00a0"},"content":{"rendered":"<p><b><span data-contrast=\"auto\">NYK\u00d8BING<\/span><\/b><span data-contrast=\"auto\">: Bodil Munk blev f\u00f8dt den 17. november\u00a0i Lyngs p\u00e5 Thyholm i 1932 som nummer seks ud af en b\u00f8rneflok p\u00e5 otte.<\/span><span data-ccp-props=\"{&quot;335551550&quot;:0,&quot;335551620&quot;:0}\">\u00a0<\/span><\/p>\n<p><span data-contrast=\"auto\">Som det var skik p\u00e5 den tid, kom Bodil tidligt ud at tjene. Hun arbejdede i huset flere steder i Thy, f\u00f8r hun blev ansat som servitrice hos sin s\u00f8ster og svoger p\u00e5 Hotel Vildsund Strand. Hun fulgte ogs\u00e5 med, da de i 1960 overtog Hotel Bendix i Nyk\u00f8bing.<\/span><span data-ccp-props=\"{&quot;335551550&quot;:0,&quot;335551620&quot;:0}\">\u00a0<\/span><\/p>\n<p><span data-contrast=\"auto\">I 1960\u2019erne havde hun \u00bd \u00e5rs pause, hvor hun tog p\u00e5 Haslev Udvidede H\u00f8jskole. Et ophold, der kom til at betyde meget for Bodil, og som hun stadig taler om med stor gl\u00e6de.<\/span><span data-ccp-props=\"{&quot;335551550&quot;:0,&quot;335551620&quot;:0}\">\u00a0<\/span><\/p>\n<p><span data-contrast=\"auto\">Det var ogs\u00e5 p\u00e5 Hotel Bendix, hun fandt sin mand Godtfred Munk, der kom og drak kaffe hver fredag aften.<\/span><span data-ccp-props=\"{&quot;335551550&quot;:0,&quot;335551620&quot;:0}\">\u00a0<\/span><\/p>\n<p><span data-contrast=\"auto\">Parret blev gift i julen 1969 og byggede hus i T\u00f8ds\u00f8. Efter Godtfreds d\u00f8d julen 2014 blev Bodil boende i sit hus i T\u00f8ds\u00f8, hvor hun havde et godt f\u00e6llesskab med gode naboer.<\/span><span data-ccp-props=\"{&quot;335551550&quot;:0,&quot;335551620&quot;:0}\">\u00a0<\/span><\/p>\n<a class=\"dvrt-link\" onClick=\"cdmtrack_click(113414,jQuery(this));return false\" href=\"https:\/\/www.p-soerensen.dk\/\"><img decoding=\"async\" style=\"width:100%;\" src=\"https:\/\/kunmedierne.dk\/mors\/wp-content\/uploads\/2024\/03\/p-soerensen-juni25.jpg\"><\/a><script>cdmtrack_view(113414);<\/script>\n<p><span data-contrast=\"auto\">I Godtfreds tid tilbragte de mange campingferier i Norge og har bl.a. k\u00f8rt til Nordkap. Senere blev det til mange ferier p\u00e5 Madeira.<\/span><span data-ccp-props=\"{&quot;335551550&quot;:0,&quot;335551620&quot;:0}\">\u00a0<\/span><\/p>\n<p><span data-contrast=\"auto\">For 2 \u00e5r siden solgte Bodil huset og fik en dejlig lejlighed i M. C. Holms Gade, hvor hun ogs\u00e5 har fundet gode nabof\u00e6llesskaber, og hvor hun nyder udsigten ud over byen og de gode muligheder for g\u00e5ture i anl\u00e6gget og ud til stranden.<\/span><span data-ccp-props=\"{&quot;335551550&quot;:0,&quot;335551620&quot;:0}\">\u00a0<\/span><\/p>\n<p><span data-contrast=\"auto\">Det er nu ogs\u00e5 blevet let for Bodil i g\u00e5afstand at deltage i sine mange aktiviteter: gymnastik, l\u00e6sekreds, bibelkreds, gudstjeneste og aktiviteter i kirken, ligesom hun ogs\u00e5 har let adgang til indk\u00f8b i centrum.<\/span><span data-ccp-props=\"{&quot;335551550&quot;:0,&quot;335551620&quot;:0}\">\u00a0<\/span><\/p>\n<p><span data-contrast=\"auto\">Bodil er interesseret i verden og har ogs\u00e5 bes\u00f8gt en nev\u00f8 i London og senere i Caribien.<\/span><span data-ccp-props=\"{&quot;335551550&quot;:0,&quot;335551620&quot;:0}\">\u00a0<\/span><\/p>\n<p><span data-contrast=\"auto\">Bodil klarer sig selv og f\u00f8lger interesseret med i livet, politik og nyheder og deltager gerne i en diskussion. Musik og sang er en stor del af Bodils liv, og hun nyder at spille p\u00e5 klaveret og p\u00e5 mundharpen, n\u00e5r hun kan lokkes til det.<\/span><span data-ccp-props=\"{&quot;335551550&quot;:0,&quot;335551620&quot;:0}\">\u00a0<\/span><\/p>\n<a class=\"dvrt-link\" onClick=\"cdmtrack_click(104781,jQuery(this));return false\" href=\"https:\/\/www.fmspks.dk\/\"><img decoding=\"async\" style=\"width:100%;\" src=\"https:\/\/kunmedierne.dk\/mors\/wp-content\/uploads\/2022\/02\/vip-froeslev-mollerup-sparekasse.jpg\"><\/a><script>cdmtrack_view(104781);<\/script>\n<p><span data-contrast=\"auto\">Bodil og Godtfred fik ikke selv b\u00f8rn, men Bodil er moster og faster for sine mange s\u00f8skendeb\u00f8rn og ogs\u00e5 for deres b\u00f8rn og b\u00f8rneb\u00f8rn.<\/span><span data-ccp-props=\"{&quot;335551550&quot;:0,&quot;335551620&quot;:0}\">\u00a0<\/span><\/p>\n<p><span data-contrast=\"auto\">Bodil har et stort hjerte og har stor omsorg for alle i familien og nyder, n\u00e5r der er familieweekender og bes\u00f8g hos familien.<\/span><span data-ccp-props=\"{&quot;335551550&quot;:0,&quot;335551620&quot;:0}\">\u00a0<\/span><\/p>\n<p><span data-contrast=\"auto\">F\u00f8dselsdagen fejres for familie og venner p\u00e5 T\u2019bords 19. november.<\/span><span data-ccp-props=\"{&quot;335551550&quot;:0,&quot;335551620&quot;:0}\">\u00a0<\/span><\/p>\n","protected":false},"excerpt":{"rendered":"<p>NYK\u00d8BING: Bodil Munk blev f\u00f8dt den 17. november\u00a0i Lyngs p\u00e5 Thyholm i 1932 som nummer seks ud af en b\u00f8rneflok p\u00e5 otte.\u00a0 Som det var skik p\u00e5 den tid, kom Bodil tidligt ud at tjene. Hun arbejdede i huset flere steder i Thy, f\u00f8r hun blev ansat som servitrice hos sin s\u00f8ster og svoger p\u00e5 [&hellip;]<\/p>\n","protected":false},"author":2507,"featured_media":82705,"comment_status":"closed","ping_status":"open","sticky":false,"template":"","format":"standard","meta":{"_acf_changed":false,"footnotes":""},"categories":[51,52],"tags":[],"class_list":["post-82675","post","type-post","status-publish","format-standard","has-post-thumbnail","hentry","category-lokalt","category-navne"],"acf":[],"yoast_head":"<!-- This site is optimized with the Yoast SEO plugin v26.8 - https:\/\/yoast.com\/product\/yoast-seo-wordpress\/ -->\n<title>Bodil Munk fylder 90 \u00e5r \u00a0 - Mors<\/title>\n<meta name=\"robots\" content=\"index, follow, max-snippet:-1, max-image-preview:large, max-video-preview:-1\" \/>\n<link rel=\"canonical\" href=\"https:\/\/kunmedierne.dk\/mors\/bodil-munk-fylder-90-aar\/\" \/>\n<meta property=\"og:locale\" content=\"da_DK\" \/>\n<meta property=\"og:type\" content=\"article\" \/>\n<meta property=\"og:title\" content=\"Bodil Munk fylder 90 \u00e5r \u00a0 - Mors\" \/>\n<meta property=\"og:description\" content=\"NYK\u00d8BING: Bodil Munk blev f\u00f8dt den 17. november\u00a0i Lyngs p\u00e5 Thyholm i 1932 som nummer seks ud af en b\u00f8rneflok p\u00e5 otte.\u00a0 Som det var skik p\u00e5 den tid, kom Bodil tidligt ud at tjene. Hun arbejdede i huset flere steder i Thy, f\u00f8r hun blev ansat som servitrice hos sin s\u00f8ster og svoger p\u00e5 [&hellip;]\" \/>\n<meta property=\"og:url\" content=\"https:\/\/kunmedierne.dk\/mors\/bodil-munk-fylder-90-aar\/\" \/>\n<meta property=\"og:site_name\" content=\"Mors\" \/>\n<meta property=\"article:published_time\" content=\"2022-11-17T12:55:30+00:00\" \/>\n<meta property=\"article:modified_time\" content=\"2024-08-07T12:38:07+00:00\" \/>\n<meta property=\"og:image\" content=\"https:\/\/kunmedierne.dk\/mors\/wp-content\/uploads\/2022\/11\/Bodil-Munk.jpg\" \/>\n\t<meta property=\"og:image:width\" content=\"768\" \/>\n\t<meta property=\"og:image:height\" content=\"512\" \/>\n\t<meta property=\"og:image:type\" content=\"image\/jpeg\" \/>\n<meta name=\"author\" content=\"Katrine Hedegaard\" \/>\n<meta name=\"twitter:card\" content=\"summary_large_image\" \/>\n<meta name=\"twitter:label1\" content=\"Skrevet af\" \/>\n\t<meta name=\"twitter:data1\" content=\"Katrine Hedegaard\" \/>\n\t<meta name=\"twitter:label2\" content=\"Estimeret l\u00e6setid\" \/>\n\t<meta name=\"twitter:data2\" content=\"2 minutter\" \/>\n<script type=\"application\/ld+json\" class=\"yoast-schema-graph\">{\"@context\":\"https:\/\/schema.org\",\"@graph\":[{\"@type\":\"Article\",\"@id\":\"https:\/\/kunmedierne.dk\/mors\/bodil-munk-fylder-90-aar\/#article\",\"isPartOf\":{\"@id\":\"https:\/\/kunmedierne.dk\/mors\/bodil-munk-fylder-90-aar\/\"},\"author\":{\"name\":\"Katrine Hedegaard\",\"@id\":\"https:\/\/kunmedierne.dk\/mors\/#\/schema\/person\/b2e62a38069b12365e53e087a8709c64\"},\"headline\":\"Bodil Munk fylder 90 \u00e5r \u00a0\",\"datePublished\":\"2022-11-17T12:55:30+00:00\",\"dateModified\":\"2024-08-07T12:38:07+00:00\",\"mainEntityOfPage\":{\"@id\":\"https:\/\/kunmedierne.dk\/mors\/bodil-munk-fylder-90-aar\/\"},\"wordCount\":411,\"publisher\":{\"@id\":\"https:\/\/kunmedierne.dk\/mors\/#organization\"},\"image\":{\"@id\":\"https:\/\/kunmedierne.dk\/mors\/bodil-munk-fylder-90-aar\/#primaryimage\"},\"thumbnailUrl\":\"https:\/\/kunmedierne.dk\/mors\/wp-content\/uploads\/2022\/11\/Bodil-Munk.jpg\",\"articleSection\":[\"Lokalt\",\"Navne\"],\"inLanguage\":\"da-DK\"},{\"@type\":\"WebPage\",\"@id\":\"https:\/\/kunmedierne.dk\/mors\/bodil-munk-fylder-90-aar\/\",\"url\":\"https:\/\/kunmedierne.dk\/mors\/bodil-munk-fylder-90-aar\/\",\"name\":\"Bodil Munk fylder 90 \u00e5r \u00a0 - Mors\",\"isPartOf\":{\"@id\":\"https:\/\/kunmedierne.dk\/mors\/#website\"},\"primaryImageOfPage\":{\"@id\":\"https:\/\/kunmedierne.dk\/mors\/bodil-munk-fylder-90-aar\/#primaryimage\"},\"image\":{\"@id\":\"https:\/\/kunmedierne.dk\/mors\/bodil-munk-fylder-90-aar\/#primaryimage\"},\"thumbnailUrl\":\"https:\/\/kunmedierne.dk\/mors\/wp-content\/uploads\/2022\/11\/Bodil-Munk.jpg\",\"datePublished\":\"2022-11-17T12:55:30+00:00\",\"dateModified\":\"2024-08-07T12:38:07+00:00\",\"breadcrumb\":{\"@id\":\"https:\/\/kunmedierne.dk\/mors\/bodil-munk-fylder-90-aar\/#breadcrumb\"},\"inLanguage\":\"da-DK\",\"potentialAction\":[{\"@type\":\"ReadAction\",\"target\":[\"https:\/\/kunmedierne.dk\/mors\/bodil-munk-fylder-90-aar\/\"]}]},{\"@type\":\"ImageObject\",\"inLanguage\":\"da-DK\",\"@id\":\"https:\/\/kunmedierne.dk\/mors\/bodil-munk-fylder-90-aar\/#primaryimage\",\"url\":\"https:\/\/kunmedierne.dk\/mors\/wp-content\/uploads\/2022\/11\/Bodil-Munk.jpg\",\"contentUrl\":\"https:\/\/kunmedierne.dk\/mors\/wp-content\/uploads\/2022\/11\/Bodil-Munk.jpg\",\"width\":768,\"height\":512},{\"@type\":\"BreadcrumbList\",\"@id\":\"https:\/\/kunmedierne.dk\/mors\/bodil-munk-fylder-90-aar\/#breadcrumb\",\"itemListElement\":[{\"@type\":\"ListItem\",\"position\":1,\"name\":\"Hjem\",\"item\":\"https:\/\/kunmedierne.dk\/mors\/\"},{\"@type\":\"ListItem\",\"position\":2,\"name\":\"Bodil Munk fylder 90 \u00e5r \u00a0\"}]},{\"@type\":\"WebSite\",\"@id\":\"https:\/\/kunmedierne.dk\/mors\/#website\",\"url\":\"https:\/\/kunmedierne.dk\/mors\/\",\"name\":\"Mors\",\"description\":\"et netmedie med journalistik om livet p\u00e5 Mors\",\"publisher\":{\"@id\":\"https:\/\/kunmedierne.dk\/mors\/#organization\"},\"potentialAction\":[{\"@type\":\"SearchAction\",\"target\":{\"@type\":\"EntryPoint\",\"urlTemplate\":\"https:\/\/kunmedierne.dk\/mors\/?s={search_term_string}\"},\"query-input\":{\"@type\":\"PropertyValueSpecification\",\"valueRequired\":true,\"valueName\":\"search_term_string\"}}],\"inLanguage\":\"da-DK\"},{\"@type\":\"Organization\",\"@id\":\"https:\/\/kunmedierne.dk\/mors\/#organization\",\"name\":\"Mors\",\"url\":\"https:\/\/kunmedierne.dk\/mors\/\",\"logo\":{\"@type\":\"ImageObject\",\"inLanguage\":\"da-DK\",\"@id\":\"https:\/\/kunmedierne.dk\/mors\/#\/schema\/logo\/image\/\",\"url\":\"https:\/\/kunmedierne.dk\/mors\/wp-content\/uploads\/2024\/08\/kunmors-logo.svg\",\"contentUrl\":\"https:\/\/kunmedierne.dk\/mors\/wp-content\/uploads\/2024\/08\/kunmors-logo.svg\",\"caption\":\"Mors\"},\"image\":{\"@id\":\"https:\/\/kunmedierne.dk\/mors\/#\/schema\/logo\/image\/\"}},{\"@type\":\"Person\",\"@id\":\"https:\/\/kunmedierne.dk\/mors\/#\/schema\/person\/b2e62a38069b12365e53e087a8709c64\",\"name\":\"Katrine Hedegaard\",\"image\":{\"@type\":\"ImageObject\",\"inLanguage\":\"da-DK\",\"@id\":\"https:\/\/kunmedierne.dk\/mors\/#\/schema\/person\/image\/\",\"url\":\"https:\/\/secure.gravatar.com\/avatar\/18a5c72fa9148052fd3ed5a58b40fc83cfdc9811090e6e6eec9539af058edcc0?s=96&d=mm&r=g\",\"contentUrl\":\"https:\/\/secure.gravatar.com\/avatar\/18a5c72fa9148052fd3ed5a58b40fc83cfdc9811090e6e6eec9539af058edcc0?s=96&d=mm&r=g\",\"caption\":\"Katrine Hedegaard\"},\"url\":\"https:\/\/kunmedierne.dk\/mors\/author\/katrine\/\"}]}<\/script>\n<!-- \/ Yoast SEO plugin. -->","yoast_head_json":{"title":"Bodil Munk fylder 90 \u00e5r \u00a0 - Mors","robots":{"index":"index","follow":"follow","max-snippet":"max-snippet:-1","max-image-preview":"max-image-preview:large","max-video-preview":"max-video-preview:-1"},"canonical":"https:\/\/kunmedierne.dk\/mors\/bodil-munk-fylder-90-aar\/","og_locale":"da_DK","og_type":"article","og_title":"Bodil Munk fylder 90 \u00e5r \u00a0 - Mors","og_description":"NYK\u00d8BING: Bodil Munk blev f\u00f8dt den 17. november\u00a0i Lyngs p\u00e5 Thyholm i 1932 som nummer seks ud af en b\u00f8rneflok p\u00e5 otte.\u00a0 Som det var skik p\u00e5 den tid, kom Bodil tidligt ud at tjene. Hun arbejdede i huset flere steder i Thy, f\u00f8r hun blev ansat som servitrice hos sin s\u00f8ster og svoger p\u00e5 [&hellip;]","og_url":"https:\/\/kunmedierne.dk\/mors\/bodil-munk-fylder-90-aar\/","og_site_name":"Mors","article_published_time":"2022-11-17T12:55:30+00:00","article_modified_time":"2024-08-07T12:38:07+00:00","og_image":[{"width":768,"height":512,"url":"https:\/\/kunmedierne.dk\/mors\/wp-content\/uploads\/2022\/11\/Bodil-Munk.jpg","type":"image\/jpeg"}],"author":"Katrine Hedegaard","twitter_card":"summary_large_image","twitter_misc":{"Skrevet af":"Katrine Hedegaard","Estimeret l\u00e6setid":"2 minutter"},"schema":{"@context":"https:\/\/schema.org","@graph":[{"@type":"Article","@id":"https:\/\/kunmedierne.dk\/mors\/bodil-munk-fylder-90-aar\/#article","isPartOf":{"@id":"https:\/\/kunmedierne.dk\/mors\/bodil-munk-fylder-90-aar\/"},"author":{"name":"Katrine Hedegaard","@id":"https:\/\/kunmedierne.dk\/mors\/#\/schema\/person\/b2e62a38069b12365e53e087a8709c64"},"headline":"Bodil Munk fylder 90 \u00e5r \u00a0","datePublished":"2022-11-17T12:55:30+00:00","dateModified":"2024-08-07T12:38:07+00:00","mainEntityOfPage":{"@id":"https:\/\/kunmedierne.dk\/mors\/bodil-munk-fylder-90-aar\/"},"wordCount":411,"publisher":{"@id":"https:\/\/kunmedierne.dk\/mors\/#organization"},"image":{"@id":"https:\/\/kunmedierne.dk\/mors\/bodil-munk-fylder-90-aar\/#primaryimage"},"thumbnailUrl":"https:\/\/kunmedierne.dk\/mors\/wp-content\/uploads\/2022\/11\/Bodil-Munk.jpg","articleSection":["Lokalt","Navne"],"inLanguage":"da-DK"},{"@type":"WebPage","@id":"https:\/\/kunmedierne.dk\/mors\/bodil-munk-fylder-90-aar\/","url":"https:\/\/kunmedierne.dk\/mors\/bodil-munk-fylder-90-aar\/","name":"Bodil Munk fylder 90 \u00e5r \u00a0 - Mors","isPartOf":{"@id":"https:\/\/kunmedierne.dk\/mors\/#website"},"primaryImageOfPage":{"@id":"https:\/\/kunmedierne.dk\/mors\/bodil-munk-fylder-90-aar\/#primaryimage"},"image":{"@id":"https:\/\/kunmedierne.dk\/mors\/bodil-munk-fylder-90-aar\/#primaryimage"},"thumbnailUrl":"https:\/\/kunmedierne.dk\/mors\/wp-content\/uploads\/2022\/11\/Bodil-Munk.jpg","datePublished":"2022-11-17T12:55:30+00:00","dateModified":"2024-08-07T12:38:07+00:00","breadcrumb":{"@id":"https:\/\/kunmedierne.dk\/mors\/bodil-munk-fylder-90-aar\/#breadcrumb"},"inLanguage":"da-DK","potentialAction":[{"@type":"ReadAction","target":["https:\/\/kunmedierne.dk\/mors\/bodil-munk-fylder-90-aar\/"]}]},{"@type":"ImageObject","inLanguage":"da-DK","@id":"https:\/\/kunmedierne.dk\/mors\/bodil-munk-fylder-90-aar\/#primaryimage","url":"https:\/\/kunmedierne.dk\/mors\/wp-content\/uploads\/2022\/11\/Bodil-Munk.jpg","contentUrl":"https:\/\/kunmedierne.dk\/mors\/wp-content\/uploads\/2022\/11\/Bodil-Munk.jpg","width":768,"height":512},{"@type":"BreadcrumbList","@id":"https:\/\/kunmedierne.dk\/mors\/bodil-munk-fylder-90-aar\/#breadcrumb","itemListElement":[{"@type":"ListItem","position":1,"name":"Hjem","item":"https:\/\/kunmedierne.dk\/mors\/"},{"@type":"ListItem","position":2,"name":"Bodil Munk fylder 90 \u00e5r \u00a0"}]},{"@type":"WebSite","@id":"https:\/\/kunmedierne.dk\/mors\/#website","url":"https:\/\/kunmedierne.dk\/mors\/","name":"Mors","description":"et netmedie med journalistik om livet p\u00e5 Mors","publisher":{"@id":"https:\/\/kunmedierne.dk\/mors\/#organization"},"potentialAction":[{"@type":"SearchAction","target":{"@type":"EntryPoint","urlTemplate":"https:\/\/kunmedierne.dk\/mors\/?s={search_term_string}"},"query-input":{"@type":"PropertyValueSpecification","valueRequired":true,"valueName":"search_term_string"}}],"inLanguage":"da-DK"},{"@type":"Organization","@id":"https:\/\/kunmedierne.dk\/mors\/#organization","name":"Mors","url":"https:\/\/kunmedierne.dk\/mors\/","logo":{"@type":"ImageObject","inLanguage":"da-DK","@id":"https:\/\/kunmedierne.dk\/mors\/#\/schema\/logo\/image\/","url":"https:\/\/kunmedierne.dk\/mors\/wp-content\/uploads\/2024\/08\/kunmors-logo.svg","contentUrl":"https:\/\/kunmedierne.dk\/mors\/wp-content\/uploads\/2024\/08\/kunmors-logo.svg","caption":"Mors"},"image":{"@id":"https:\/\/kunmedierne.dk\/mors\/#\/schema\/logo\/image\/"}},{"@type":"Person","@id":"https:\/\/kunmedierne.dk\/mors\/#\/schema\/person\/b2e62a38069b12365e53e087a8709c64","name":"Katrine Hedegaard","image":{"@type":"ImageObject","inLanguage":"da-DK","@id":"https:\/\/kunmedierne.dk\/mors\/#\/schema\/person\/image\/","url":"https:\/\/secure.gravatar.com\/avatar\/18a5c72fa9148052fd3ed5a58b40fc83cfdc9811090e6e6eec9539af058edcc0?s=96&d=mm&r=g","contentUrl":"https:\/\/secure.gravatar.com\/avatar\/18a5c72fa9148052fd3ed5a58b40fc83cfdc9811090e6e6eec9539af058edcc0?s=96&d=mm&r=g","caption":"Katrine Hedegaard"},"url":"https:\/\/kunmedierne.dk\/mors\/author\/katrine\/"}]}},"_links":{"self":[{"href":"https:\/\/kunmedierne.dk\/mors\/wp-json\/wp\/v2\/posts\/82675","targetHints":{"allow":["GET"]}}],"collection":[{"href":"https:\/\/kunmedierne.dk\/mors\/wp-json\/wp\/v2\/posts"}],"about":[{"href":"https:\/\/kunmedierne.dk\/mors\/wp-json\/wp\/v2\/types\/post"}],"author":[{"embeddable":true,"href":"https:\/\/kunmedierne.dk\/mors\/wp-json\/wp\/v2\/users\/2507"}],"replies":[{"embeddable":true,"href":"https:\/\/kunmedierne.dk\/mors\/wp-json\/wp\/v2\/comments?post=82675"}],"version-history":[{"count":3,"href":"https:\/\/kunmedierne.dk\/mors\/wp-json\/wp\/v2\/posts\/82675\/revisions"}],"predecessor-version":[{"id":82711,"href":"https:\/\/kunmedierne.dk\/mors\/wp-json\/wp\/v2\/posts\/82675\/revisions\/82711"}],"wp:featuredmedia":[{"embeddable":true,"href":"https:\/\/kunmedierne.dk\/mors\/wp-json\/wp\/v2\/media\/82705"}],"wp:attachment":[{"href":"https:\/\/kunmedierne.dk\/mors\/wp-json\/wp\/v2\/media?parent=82675"}],"wp:term":[{"taxonomy":"category","embeddable":true,"href":"https:\/\/kunmedierne.dk\/mors\/wp-json\/wp\/v2\/categories?post=82675"},{"taxonomy":"post_tag","embeddable":true,"href":"https:\/\/kunmedierne.dk\/mors\/wp-json\/wp\/v2\/tags?post=82675"}],"curies":[{"name":"wp","href":"https:\/\/api.w.org\/{rel}","templated":true}]}}