{"id":82198,"date":"2022-11-11T09:43:52","date_gmt":"2022-11-11T08:43:52","guid":{"rendered":"https:\/\/kunmedierne.dk\/mors\/?p=82198"},"modified":"2024-08-07T14:38:09","modified_gmt":"2024-08-07T12:38:09","slug":"politiet-arbejder-paa-at-finde-aarsag-til-brand-i-nykoebing","status":"publish","type":"post","link":"https:\/\/kunmedierne.dk\/mors\/politiet-arbejder-paa-at-finde-aarsag-til-brand-i-nykoebing\/","title":{"rendered":"Politiet efterforsker brand\u00e5rsag"},"content":{"rendered":"<p><strong>NYK\u00d8BING:<\/strong> I g\u00e5r aftens var Riis All\u00e9 i Nyk\u00f8bing badet i bl\u00e5 blink og sirener. Politikommiss\u00e6r, Henrik Skriver Jensen, oplyser at klokken var 21.09, da politiet fik besked om en voldsom brand i et tvillingehus p\u00e5 Riis All\u00e9 i Nyk\u00f8bing.<\/p>\n<p>Henrik Skriver Jensen fort\u00e6ller i \u00f8vrigt, at der ikke opstod nogen fare for personer i bygningen, og alle husets beboer kom sikkert ud. Nabohusene blev ogs\u00e5 advaret. Han fort\u00e6ller:<\/p>\n<p>&#8211; Der opstod stor r\u00f8gudvikling i bygningen, og den 65-\u00e5rige mandlige beboer skal genhuses. Han kom sikkert ud af bygningen og har det efter omst\u00e6ndighederne godt.<\/p>\n<a class=\"dvrt-link\" onClick=\"cdmtrack_click(104785,jQuery(this));return false\" href=\"https:\/\/www.facebook.com\/lyndrups\"><img decoding=\"async\" style=\"width:100%;\" src=\"https:\/\/kunmedierne.dk\/mors\/wp-content\/uploads\/2022\/02\/vip-lyndrups-rengoering.jpg\"><\/a><script>cdmtrack_view(104785);<\/script>\n<p>Politiet arbejder i \u00f8jeblikket p\u00e5 at finde \u00e5rsagen til branden.<\/p>\n<p>&nbsp;<\/p>\n<blockquote>\n<h4>POPUL\u00c6RE ARTIKLER LIGE NU:<\/h4>\n<h5><a href=\"https:\/\/kunmedierne.dk\/mors\/indsatsleder-efter-voldsom-brand-i-nykoebing-roegalarmer-redder-liv\/\" target=\"_blank\" rel=\"noopener\">Brand i Nyk\u00f8bing<\/a><\/h5>\n<h5><a href=\"https:\/\/kunmedierne.dk\/mors\/frynseklinikken-triller-ind-til-undsaetning\/\" target=\"_blank\" rel=\"noopener\">Frynseklinikken triller ind til unds\u00e6tning<\/a><\/h5>\n<h5><a href=\"https:\/\/kunmedierne.dk\/mors\/ny-koebmand-i-sejerslev-det-er-meget-vigtigt-for-den-her-ende-af-oeen\/\" target=\"_blank\" rel=\"noopener\">Ny k\u00f8bmand i Sejerslev<\/a><\/h5>\n<\/blockquote>\n<p><img loading=\"lazy\" decoding=\"async\" class=\"alignnone size-full wp-image-76227\" src=\"https:\/\/kunmedierne.dk\/mors\/wp-content\/uploads\/2022\/08\/fb-ann.jpg\" alt=\"\" width=\"770\" height=\"513\" \/><\/p>\n","protected":false},"excerpt":{"rendered":"<p>NYK\u00d8BING: I g\u00e5r aftens var Riis All\u00e9 i Nyk\u00f8bing badet i bl\u00e5 blink og sirener. Politikommiss\u00e6r, Henrik Skriver Jensen, oplyser at klokken var 21.09, da politiet fik besked om en voldsom brand i et tvillingehus p\u00e5 Riis All\u00e9 i Nyk\u00f8bing. Henrik Skriver Jensen fort\u00e6ller i \u00f8vrigt, at der ikke opstod nogen fare for personer i [&hellip;]<\/p>\n","protected":false},"author":2507,"featured_media":29013,"comment_status":"closed","ping_status":"open","sticky":false,"template":"","format":"standard","meta":{"_acf_changed":false,"footnotes":""},"categories":[54],"tags":[],"class_list":["post-82198","post","type-post","status-publish","format-standard","has-post-thumbnail","hentry","category-54"],"acf":[],"yoast_head":"<!-- This site is optimized with the Yoast SEO plugin v26.8 - https:\/\/yoast.com\/product\/yoast-seo-wordpress\/ -->\n<title>Politiet efterforsker brand\u00e5rsag - Mors<\/title>\n<meta name=\"robots\" content=\"index, follow, max-snippet:-1, max-image-preview:large, max-video-preview:-1\" \/>\n<link rel=\"canonical\" href=\"https:\/\/kunmedierne.dk\/mors\/politiet-arbejder-paa-at-finde-aarsag-til-brand-i-nykoebing\/\" \/>\n<meta property=\"og:locale\" content=\"da_DK\" \/>\n<meta property=\"og:type\" content=\"article\" \/>\n<meta property=\"og:title\" content=\"Politiet efterforsker brand\u00e5rsag - Mors\" \/>\n<meta property=\"og:description\" content=\"NYK\u00d8BING: I g\u00e5r aftens var Riis All\u00e9 i Nyk\u00f8bing badet i bl\u00e5 blink og sirener. Politikommiss\u00e6r, Henrik Skriver Jensen, oplyser at klokken var 21.09, da politiet fik besked om en voldsom brand i et tvillingehus p\u00e5 Riis All\u00e9 i Nyk\u00f8bing. Henrik Skriver Jensen fort\u00e6ller i \u00f8vrigt, at der ikke opstod nogen fare for personer i [&hellip;]\" \/>\n<meta property=\"og:url\" content=\"https:\/\/kunmedierne.dk\/mors\/politiet-arbejder-paa-at-finde-aarsag-til-brand-i-nykoebing\/\" \/>\n<meta property=\"og:site_name\" content=\"Mors\" \/>\n<meta property=\"article:published_time\" content=\"2022-11-11T08:43:52+00:00\" \/>\n<meta property=\"article:modified_time\" content=\"2024-08-07T12:38:09+00:00\" \/>\n<meta property=\"og:image\" content=\"https:\/\/kunmedierne.dk\/mors\/wp-content\/uploads\/2020\/08\/politi-logo.jpg\" \/>\n\t<meta property=\"og:image:width\" content=\"770\" \/>\n\t<meta property=\"og:image:height\" content=\"513\" \/>\n\t<meta property=\"og:image:type\" content=\"image\/jpeg\" \/>\n<meta name=\"author\" content=\"Katrine Hedegaard\" \/>\n<meta name=\"twitter:card\" content=\"summary_large_image\" \/>\n<meta name=\"twitter:label1\" content=\"Skrevet af\" \/>\n\t<meta name=\"twitter:data1\" content=\"Katrine Hedegaard\" \/>\n\t<meta name=\"twitter:label2\" content=\"Estimeret l\u00e6setid\" \/>\n\t<meta name=\"twitter:data2\" content=\"1 minut\" \/>\n<script type=\"application\/ld+json\" class=\"yoast-schema-graph\">{\"@context\":\"https:\/\/schema.org\",\"@graph\":[{\"@type\":\"Article\",\"@id\":\"https:\/\/kunmedierne.dk\/mors\/politiet-arbejder-paa-at-finde-aarsag-til-brand-i-nykoebing\/#article\",\"isPartOf\":{\"@id\":\"https:\/\/kunmedierne.dk\/mors\/politiet-arbejder-paa-at-finde-aarsag-til-brand-i-nykoebing\/\"},\"author\":{\"name\":\"Katrine Hedegaard\",\"@id\":\"https:\/\/kunmedierne.dk\/mors\/#\/schema\/person\/b2e62a38069b12365e53e087a8709c64\"},\"headline\":\"Politiet efterforsker brand\u00e5rsag\",\"datePublished\":\"2022-11-11T08:43:52+00:00\",\"dateModified\":\"2024-08-07T12:38:09+00:00\",\"mainEntityOfPage\":{\"@id\":\"https:\/\/kunmedierne.dk\/mors\/politiet-arbejder-paa-at-finde-aarsag-til-brand-i-nykoebing\/\"},\"wordCount\":141,\"publisher\":{\"@id\":\"https:\/\/kunmedierne.dk\/mors\/#organization\"},\"image\":{\"@id\":\"https:\/\/kunmedierne.dk\/mors\/politiet-arbejder-paa-at-finde-aarsag-til-brand-i-nykoebing\/#primaryimage\"},\"thumbnailUrl\":\"https:\/\/kunmedierne.dk\/mors\/wp-content\/uploads\/2020\/08\/politi-logo.jpg\",\"articleSection\":[\"112\"],\"inLanguage\":\"da-DK\"},{\"@type\":\"WebPage\",\"@id\":\"https:\/\/kunmedierne.dk\/mors\/politiet-arbejder-paa-at-finde-aarsag-til-brand-i-nykoebing\/\",\"url\":\"https:\/\/kunmedierne.dk\/mors\/politiet-arbejder-paa-at-finde-aarsag-til-brand-i-nykoebing\/\",\"name\":\"Politiet efterforsker brand\u00e5rsag - Mors\",\"isPartOf\":{\"@id\":\"https:\/\/kunmedierne.dk\/mors\/#website\"},\"primaryImageOfPage\":{\"@id\":\"https:\/\/kunmedierne.dk\/mors\/politiet-arbejder-paa-at-finde-aarsag-til-brand-i-nykoebing\/#primaryimage\"},\"image\":{\"@id\":\"https:\/\/kunmedierne.dk\/mors\/politiet-arbejder-paa-at-finde-aarsag-til-brand-i-nykoebing\/#primaryimage\"},\"thumbnailUrl\":\"https:\/\/kunmedierne.dk\/mors\/wp-content\/uploads\/2020\/08\/politi-logo.jpg\",\"datePublished\":\"2022-11-11T08:43:52+00:00\",\"dateModified\":\"2024-08-07T12:38:09+00:00\",\"breadcrumb\":{\"@id\":\"https:\/\/kunmedierne.dk\/mors\/politiet-arbejder-paa-at-finde-aarsag-til-brand-i-nykoebing\/#breadcrumb\"},\"inLanguage\":\"da-DK\",\"potentialAction\":[{\"@type\":\"ReadAction\",\"target\":[\"https:\/\/kunmedierne.dk\/mors\/politiet-arbejder-paa-at-finde-aarsag-til-brand-i-nykoebing\/\"]}]},{\"@type\":\"ImageObject\",\"inLanguage\":\"da-DK\",\"@id\":\"https:\/\/kunmedierne.dk\/mors\/politiet-arbejder-paa-at-finde-aarsag-til-brand-i-nykoebing\/#primaryimage\",\"url\":\"https:\/\/kunmedierne.dk\/mors\/wp-content\/uploads\/2020\/08\/politi-logo.jpg\",\"contentUrl\":\"https:\/\/kunmedierne.dk\/mors\/wp-content\/uploads\/2020\/08\/politi-logo.jpg\",\"width\":770,\"height\":513,\"caption\":\"Foto: Rigspolitiet\"},{\"@type\":\"BreadcrumbList\",\"@id\":\"https:\/\/kunmedierne.dk\/mors\/politiet-arbejder-paa-at-finde-aarsag-til-brand-i-nykoebing\/#breadcrumb\",\"itemListElement\":[{\"@type\":\"ListItem\",\"position\":1,\"name\":\"Hjem\",\"item\":\"https:\/\/kunmedierne.dk\/mors\/\"},{\"@type\":\"ListItem\",\"position\":2,\"name\":\"Politiet efterforsker brand\u00e5rsag\"}]},{\"@type\":\"WebSite\",\"@id\":\"https:\/\/kunmedierne.dk\/mors\/#website\",\"url\":\"https:\/\/kunmedierne.dk\/mors\/\",\"name\":\"Mors\",\"description\":\"et netmedie med journalistik om livet p\u00e5 Mors\",\"publisher\":{\"@id\":\"https:\/\/kunmedierne.dk\/mors\/#organization\"},\"potentialAction\":[{\"@type\":\"SearchAction\",\"target\":{\"@type\":\"EntryPoint\",\"urlTemplate\":\"https:\/\/kunmedierne.dk\/mors\/?s={search_term_string}\"},\"query-input\":{\"@type\":\"PropertyValueSpecification\",\"valueRequired\":true,\"valueName\":\"search_term_string\"}}],\"inLanguage\":\"da-DK\"},{\"@type\":\"Organization\",\"@id\":\"https:\/\/kunmedierne.dk\/mors\/#organization\",\"name\":\"Mors\",\"url\":\"https:\/\/kunmedierne.dk\/mors\/\",\"logo\":{\"@type\":\"ImageObject\",\"inLanguage\":\"da-DK\",\"@id\":\"https:\/\/kunmedierne.dk\/mors\/#\/schema\/logo\/image\/\",\"url\":\"https:\/\/kunmedierne.dk\/mors\/wp-content\/uploads\/2024\/08\/kunmors-logo.svg\",\"contentUrl\":\"https:\/\/kunmedierne.dk\/mors\/wp-content\/uploads\/2024\/08\/kunmors-logo.svg\",\"caption\":\"Mors\"},\"image\":{\"@id\":\"https:\/\/kunmedierne.dk\/mors\/#\/schema\/logo\/image\/\"}},{\"@type\":\"Person\",\"@id\":\"https:\/\/kunmedierne.dk\/mors\/#\/schema\/person\/b2e62a38069b12365e53e087a8709c64\",\"name\":\"Katrine Hedegaard\",\"image\":{\"@type\":\"ImageObject\",\"inLanguage\":\"da-DK\",\"@id\":\"https:\/\/kunmedierne.dk\/mors\/#\/schema\/person\/image\/\",\"url\":\"https:\/\/secure.gravatar.com\/avatar\/18a5c72fa9148052fd3ed5a58b40fc83cfdc9811090e6e6eec9539af058edcc0?s=96&d=mm&r=g\",\"contentUrl\":\"https:\/\/secure.gravatar.com\/avatar\/18a5c72fa9148052fd3ed5a58b40fc83cfdc9811090e6e6eec9539af058edcc0?s=96&d=mm&r=g\",\"caption\":\"Katrine Hedegaard\"},\"url\":\"https:\/\/kunmedierne.dk\/mors\/author\/katrine\/\"}]}<\/script>\n<!-- \/ Yoast SEO plugin. -->","yoast_head_json":{"title":"Politiet efterforsker brand\u00e5rsag - Mors","robots":{"index":"index","follow":"follow","max-snippet":"max-snippet:-1","max-image-preview":"max-image-preview:large","max-video-preview":"max-video-preview:-1"},"canonical":"https:\/\/kunmedierne.dk\/mors\/politiet-arbejder-paa-at-finde-aarsag-til-brand-i-nykoebing\/","og_locale":"da_DK","og_type":"article","og_title":"Politiet efterforsker brand\u00e5rsag - Mors","og_description":"NYK\u00d8BING: I g\u00e5r aftens var Riis All\u00e9 i Nyk\u00f8bing badet i bl\u00e5 blink og sirener. Politikommiss\u00e6r, Henrik Skriver Jensen, oplyser at klokken var 21.09, da politiet fik besked om en voldsom brand i et tvillingehus p\u00e5 Riis All\u00e9 i Nyk\u00f8bing. Henrik Skriver Jensen fort\u00e6ller i \u00f8vrigt, at der ikke opstod nogen fare for personer i [&hellip;]","og_url":"https:\/\/kunmedierne.dk\/mors\/politiet-arbejder-paa-at-finde-aarsag-til-brand-i-nykoebing\/","og_site_name":"Mors","article_published_time":"2022-11-11T08:43:52+00:00","article_modified_time":"2024-08-07T12:38:09+00:00","og_image":[{"width":770,"height":513,"url":"https:\/\/kunmedierne.dk\/mors\/wp-content\/uploads\/2020\/08\/politi-logo.jpg","type":"image\/jpeg"}],"author":"Katrine Hedegaard","twitter_card":"summary_large_image","twitter_misc":{"Skrevet af":"Katrine Hedegaard","Estimeret l\u00e6setid":"1 minut"},"schema":{"@context":"https:\/\/schema.org","@graph":[{"@type":"Article","@id":"https:\/\/kunmedierne.dk\/mors\/politiet-arbejder-paa-at-finde-aarsag-til-brand-i-nykoebing\/#article","isPartOf":{"@id":"https:\/\/kunmedierne.dk\/mors\/politiet-arbejder-paa-at-finde-aarsag-til-brand-i-nykoebing\/"},"author":{"name":"Katrine Hedegaard","@id":"https:\/\/kunmedierne.dk\/mors\/#\/schema\/person\/b2e62a38069b12365e53e087a8709c64"},"headline":"Politiet efterforsker brand\u00e5rsag","datePublished":"2022-11-11T08:43:52+00:00","dateModified":"2024-08-07T12:38:09+00:00","mainEntityOfPage":{"@id":"https:\/\/kunmedierne.dk\/mors\/politiet-arbejder-paa-at-finde-aarsag-til-brand-i-nykoebing\/"},"wordCount":141,"publisher":{"@id":"https:\/\/kunmedierne.dk\/mors\/#organization"},"image":{"@id":"https:\/\/kunmedierne.dk\/mors\/politiet-arbejder-paa-at-finde-aarsag-til-brand-i-nykoebing\/#primaryimage"},"thumbnailUrl":"https:\/\/kunmedierne.dk\/mors\/wp-content\/uploads\/2020\/08\/politi-logo.jpg","articleSection":["112"],"inLanguage":"da-DK"},{"@type":"WebPage","@id":"https:\/\/kunmedierne.dk\/mors\/politiet-arbejder-paa-at-finde-aarsag-til-brand-i-nykoebing\/","url":"https:\/\/kunmedierne.dk\/mors\/politiet-arbejder-paa-at-finde-aarsag-til-brand-i-nykoebing\/","name":"Politiet efterforsker brand\u00e5rsag - Mors","isPartOf":{"@id":"https:\/\/kunmedierne.dk\/mors\/#website"},"primaryImageOfPage":{"@id":"https:\/\/kunmedierne.dk\/mors\/politiet-arbejder-paa-at-finde-aarsag-til-brand-i-nykoebing\/#primaryimage"},"image":{"@id":"https:\/\/kunmedierne.dk\/mors\/politiet-arbejder-paa-at-finde-aarsag-til-brand-i-nykoebing\/#primaryimage"},"thumbnailUrl":"https:\/\/kunmedierne.dk\/mors\/wp-content\/uploads\/2020\/08\/politi-logo.jpg","datePublished":"2022-11-11T08:43:52+00:00","dateModified":"2024-08-07T12:38:09+00:00","breadcrumb":{"@id":"https:\/\/kunmedierne.dk\/mors\/politiet-arbejder-paa-at-finde-aarsag-til-brand-i-nykoebing\/#breadcrumb"},"inLanguage":"da-DK","potentialAction":[{"@type":"ReadAction","target":["https:\/\/kunmedierne.dk\/mors\/politiet-arbejder-paa-at-finde-aarsag-til-brand-i-nykoebing\/"]}]},{"@type":"ImageObject","inLanguage":"da-DK","@id":"https:\/\/kunmedierne.dk\/mors\/politiet-arbejder-paa-at-finde-aarsag-til-brand-i-nykoebing\/#primaryimage","url":"https:\/\/kunmedierne.dk\/mors\/wp-content\/uploads\/2020\/08\/politi-logo.jpg","contentUrl":"https:\/\/kunmedierne.dk\/mors\/wp-content\/uploads\/2020\/08\/politi-logo.jpg","width":770,"height":513,"caption":"Foto: Rigspolitiet"},{"@type":"BreadcrumbList","@id":"https:\/\/kunmedierne.dk\/mors\/politiet-arbejder-paa-at-finde-aarsag-til-brand-i-nykoebing\/#breadcrumb","itemListElement":[{"@type":"ListItem","position":1,"name":"Hjem","item":"https:\/\/kunmedierne.dk\/mors\/"},{"@type":"ListItem","position":2,"name":"Politiet efterforsker brand\u00e5rsag"}]},{"@type":"WebSite","@id":"https:\/\/kunmedierne.dk\/mors\/#website","url":"https:\/\/kunmedierne.dk\/mors\/","name":"Mors","description":"et netmedie med journalistik om livet p\u00e5 Mors","publisher":{"@id":"https:\/\/kunmedierne.dk\/mors\/#organization"},"potentialAction":[{"@type":"SearchAction","target":{"@type":"EntryPoint","urlTemplate":"https:\/\/kunmedierne.dk\/mors\/?s={search_term_string}"},"query-input":{"@type":"PropertyValueSpecification","valueRequired":true,"valueName":"search_term_string"}}],"inLanguage":"da-DK"},{"@type":"Organization","@id":"https:\/\/kunmedierne.dk\/mors\/#organization","name":"Mors","url":"https:\/\/kunmedierne.dk\/mors\/","logo":{"@type":"ImageObject","inLanguage":"da-DK","@id":"https:\/\/kunmedierne.dk\/mors\/#\/schema\/logo\/image\/","url":"https:\/\/kunmedierne.dk\/mors\/wp-content\/uploads\/2024\/08\/kunmors-logo.svg","contentUrl":"https:\/\/kunmedierne.dk\/mors\/wp-content\/uploads\/2024\/08\/kunmors-logo.svg","caption":"Mors"},"image":{"@id":"https:\/\/kunmedierne.dk\/mors\/#\/schema\/logo\/image\/"}},{"@type":"Person","@id":"https:\/\/kunmedierne.dk\/mors\/#\/schema\/person\/b2e62a38069b12365e53e087a8709c64","name":"Katrine Hedegaard","image":{"@type":"ImageObject","inLanguage":"da-DK","@id":"https:\/\/kunmedierne.dk\/mors\/#\/schema\/person\/image\/","url":"https:\/\/secure.gravatar.com\/avatar\/18a5c72fa9148052fd3ed5a58b40fc83cfdc9811090e6e6eec9539af058edcc0?s=96&d=mm&r=g","contentUrl":"https:\/\/secure.gravatar.com\/avatar\/18a5c72fa9148052fd3ed5a58b40fc83cfdc9811090e6e6eec9539af058edcc0?s=96&d=mm&r=g","caption":"Katrine Hedegaard"},"url":"https:\/\/kunmedierne.dk\/mors\/author\/katrine\/"}]}},"_links":{"self":[{"href":"https:\/\/kunmedierne.dk\/mors\/wp-json\/wp\/v2\/posts\/82198","targetHints":{"allow":["GET"]}}],"collection":[{"href":"https:\/\/kunmedierne.dk\/mors\/wp-json\/wp\/v2\/posts"}],"about":[{"href":"https:\/\/kunmedierne.dk\/mors\/wp-json\/wp\/v2\/types\/post"}],"author":[{"embeddable":true,"href":"https:\/\/kunmedierne.dk\/mors\/wp-json\/wp\/v2\/users\/2507"}],"replies":[{"embeddable":true,"href":"https:\/\/kunmedierne.dk\/mors\/wp-json\/wp\/v2\/comments?post=82198"}],"version-history":[{"count":14,"href":"https:\/\/kunmedierne.dk\/mors\/wp-json\/wp\/v2\/posts\/82198\/revisions"}],"predecessor-version":[{"id":82243,"href":"https:\/\/kunmedierne.dk\/mors\/wp-json\/wp\/v2\/posts\/82198\/revisions\/82243"}],"wp:featuredmedia":[{"embeddable":true,"href":"https:\/\/kunmedierne.dk\/mors\/wp-json\/wp\/v2\/media\/29013"}],"wp:attachment":[{"href":"https:\/\/kunmedierne.dk\/mors\/wp-json\/wp\/v2\/media?parent=82198"}],"wp:term":[{"taxonomy":"category","embeddable":true,"href":"https:\/\/kunmedierne.dk\/mors\/wp-json\/wp\/v2\/categories?post=82198"},{"taxonomy":"post_tag","embeddable":true,"href":"https:\/\/kunmedierne.dk\/mors\/wp-json\/wp\/v2\/tags?post=82198"}],"curies":[{"name":"wp","href":"https:\/\/api.w.org\/{rel}","templated":true}]}}