{"id":82161,"date":"2022-11-10T15:32:49","date_gmt":"2022-11-10T14:32:49","guid":{"rendered":"https:\/\/kunmedierne.dk\/mors\/?p=82161"},"modified":"2024-08-07T14:38:09","modified_gmt":"2024-08-07T12:38:09","slug":"ny-koebmand-i-sejerslev-det-er-meget-vigtigt-for-den-her-ende-af-oeen","status":"publish","type":"post","link":"https:\/\/kunmedierne.dk\/mors\/ny-koebmand-i-sejerslev-det-er-meget-vigtigt-for-den-her-ende-af-oeen\/","title":{"rendered":"Ny k\u00f8bmand i Sejerslev: &#8220;Det er meget vigtigt for den her ende af \u00f8en&#8221;"},"content":{"rendered":"<p><b>SEJERSLEV<\/b>: &#8211; Jeg har f\u00e5et mange tilkendegivelser p\u00e5 Facebook og alverdens ting, det kan du tro.<\/p>\n<p>Ole Pedersen stod for <a href=\"https:\/\/kunmedierne.dk\/mors\/koeber-af-koebmanden-i-sejerslev-melder-sig-paa-banen\/\" target=\"_blank\" rel=\"noopener\">onsdagens gode nyhed<\/a> p\u00e5 Mors. Og torsdag er hum\u00f8ret \u00e5benlyst stadig pr\u00e6get af de mange skulderklap, han siden har f\u00e5et.<\/p>\n<p>For den tidligere landmand, der driver O.P. Algebek\u00e6mperen p\u00e5 Mors, skal nu ogs\u00e5 v\u00e6re k\u00f8bmand. Fire uger efter, at Annette Kj\u00e6r Pedersen meddelte, at hun s\u00e6tter punktum efter 13 \u00e5r med opgaven, st\u00e5r han klar til at tage over.<\/p>\n<a class=\"dvrt-link\" onClick=\"cdmtrack_click(104778,jQuery(this));return false\" href=\"https:\/\/vester-begr.dk\/?gclid=CjwKCAjw5Kv7BRBSEiwAXGDElQB6WMfm9CgYVrruty-I1gaOkTkC3mlA4QRDtYNsxYgVC8sNzAJ7WhoCmBsQAvD_BwE\"><img decoding=\"async\" style=\"width:100%;\" src=\"https:\/\/kunmedierne.dk\/mors\/wp-content\/uploads\/2023\/10\/260203VesterHoukaer-02022026.jpg\"><\/a><script>cdmtrack_view(104778);<\/script>\n<p>Derfor gik KunMors onsdag aften i breaking med nyheden, der straks blev modtaget med begejstring. Og dagen derp\u00e5 er Ole Pedersen ogs\u00e5 klar til at s\u00e6tte ord p\u00e5, hvorfor overtagelsen er en god udvikling for Sejerslev og omegn.<\/p>\n<p>&#8211; Det er meget vigtigt for den her ende af \u00f8en. Vi har 14 kilometer til \u00d8ster J\u00f8lby og 16-17 til Nyk\u00f8bing, begynder han.<\/p>\n<p>&nbsp;<\/p>\n<p><b>Der er et marked<\/b><\/p>\n<p>Alene derfor er det vigtigt med en k\u00f8bmand i Sejerslev. Andre har over for KunMors formuleret flere \u00e5rsager &#8211; og Ole Pedersen er slet ikke i tvivl om, at det nok skal lykkes at drive k\u00f8bmandsbutikken videre.<\/p>\n<a class=\"dvrt-link\" onClick=\"cdmtrack_click(104785,jQuery(this));return false\" href=\"https:\/\/www.facebook.com\/lyndrups\"><img decoding=\"async\" style=\"width:100%;\" src=\"https:\/\/kunmedierne.dk\/mors\/wp-content\/uploads\/2022\/02\/vip-lyndrups-rengoering.jpg\"><\/a><script>cdmtrack_view(104785);<\/script>\n<p>&#8211; Vi har jo oplandet til, at der skal v\u00e6re en k\u00f8bmand herhenne. Der er cirka 1000 husstande i sognet &#8211; og s\u00e5 er der turisterne. Der er 50-60 sommerhuse og Ejerslev Havn, s\u00e5 der er mange ting. Vi har ogs\u00e5 skole, hal og fritidsaktiviteter, siger han og sl\u00e5r fast:<\/p>\n<p>&#8211; S\u00e5 der er et marked. Og som Annette ogs\u00e5 siger, er det ikke af \u00f8konomiske \u00e5rsager, at hun stopper.<\/p>\n<p>&nbsp;<\/p>\n<p><b>H\u00e5ber p\u00e5 julesalget<\/b><\/p>\n<p>I fredags var Ole Pedersen p\u00e5 bes\u00f8g hos Dagrofa for at lave budgetter. Det arbejde ser allerede fornuftigt ud, siger han og fort\u00e6ller, at den ni mand store styregruppe bag k\u00f8bmanden nu g\u00e5r i gang med arbejdet med at s\u00f8ge fonde, s\u00e5 der m\u00e5ske kan blive til nyt inventar og andre fysiske \u00e6ndringer.<\/p>\n<a class=\"dvrt-link\" onClick=\"cdmtrack_click(113414,jQuery(this));return false\" href=\"https:\/\/www.p-soerensen.dk\/\"><img decoding=\"async\" style=\"width:100%;\" src=\"https:\/\/kunmedierne.dk\/mors\/wp-content\/uploads\/2024\/03\/p-soerensen-juni25.jpg\"><\/a><script>cdmtrack_view(113414);<\/script>\n<p>Men som udgangspunkt bliver der tale om en k\u00f8bmand, som borgerne p\u00e5 Nordmors kender den.<\/p>\n<p>&#8211; Den forts\u00e6tter, som den altid har v\u00e6ret, indtil styregruppen finder ud af, hvilke midler de kan s\u00f8ge hjem, siger Ole Pedersen, der sigter efter en overdragelse i begyndelsen af december, s\u00e5 butikken ikke kommer til at st\u00e5 tom i en periode.<\/p>\n<p>&#8211; Og s\u00e5 k\u00f8rer vi bare p\u00e5. Jeg vil nemlig gerne have julesalget med, siger han.<\/p>\n<p>&nbsp;<\/p>\n<p><b>Forts\u00e6tter med algerne<\/b><\/p>\n<p>Hvis man kender den nye k\u00f8bmand som manden, der fjerner alger fra ens terrasse og tage, skal man i \u00f8vrigt ikke frygte, at d\u00e9n opgave bliver sv\u00e6rere at f\u00e5 l\u00f8st.<\/p>\n<p>Ole Pedersen oplyser, at O.P. Algebek\u00e6mperen p\u00e5 Mors forts\u00e6tter med uformindsket styrke.<\/p>\n<a class=\"dvrt-link\" onClick=\"cdmtrack_click(147315,jQuery(this));return false\" href=\"https:\/\/sdrhaa.dk\/\"><img decoding=\"async\" style=\"width:100%;\" src=\"https:\/\/kunmedierne.dk\/mors\/wp-content\/uploads\/2025\/05\/260302Sdr-HaaDin-gebyrvenlige-sparekasse_mors-002.gif\"><\/a><script>cdmtrack_view(147315);<\/script>\n<p>&#8211; Det k\u00f8rer videre, som det altid har gjort. Det er jo s\u00e5dan med alger, at n\u00e5r man spr\u00f8jter mod dem p\u00e5 folks tage, skal der helst v\u00e6re stille vejr. Det er altid om morgenen.\u00a0Og her i efter\u00e5rss\u00e6sonen og om vinteren kan man slet ikke k\u00f8re rundt, siger han.<\/p>\n<p>&#8211; I sommerperioden kan man altid f\u00e5 fat i nogle unge, der gerne vil tjene en ekstra skilling i sommerferien, mens jeg k\u00f8rer rigtig meget med alger, tilf\u00f8jer han med et grin om sit fremtidige arbejdsliv:<\/p>\n<p>&#8211; Jeg er klar over, at det bliver mange timer, men det har jeg altid haft i mine mange \u00e5r som landmand.<\/p>\n<blockquote>\n<h5>L\u00c6S OGS\u00c5:<\/h5>\n<h5>11\/10-22:\u00a0<a href=\"https:\/\/kunmedierne.dk\/mors\/koebmand-smider-toejlerne-i-sejerslev\/\">K\u00f8bmand smider t\u00f8jlerne i Sejerslev<\/a><\/h5>\n<h5>12\/10-22:\u00a0<a href=\"https:\/\/kunmedierne.dk\/mors\/det-er-ekstremt-vigtigt-for-lokalsamfundet-at-vi-har-en-koebmand\/\">\u2013 Det er ekstremt vigtigt for lokalsamfundet, at vi har en k\u00f8bmand<\/a><\/h5>\n<h5>14\/10-22:\u00a0<a href=\"https:\/\/kunmedierne.dk\/mors\/stor-interesse-for-at-redde-koebmanden-i-sejerslev\/\">Stor interesse for at redde k\u00f8bmanden i Sejerslev<\/a><\/h5>\n<h5>17\/10-22:\u00a0<a href=\"https:\/\/kunmedierne.dk\/mors\/ejendomsmaegler-om-risiko-for-koebmandslukning-et-af-de-parametre-nogle-kigger-meget-paa\/\">Ejendomsm\u00e6gler om risiko for k\u00f8bmandslukning: \u2013 Et af de parametre, nogle kigger meget p\u00e5<\/a><\/h5>\n<h5>9\/11-22: <a href=\"https:\/\/kunmedierne.dk\/mors\/koeber-af-koebmanden-i-sejerslev-melder-sig-paa-banen\/\">K\u00f8ber af k\u00f8bmanden i Sejerslev melder sig p\u00e5 banen<\/a><\/h5>\n<\/blockquote>\n","protected":false},"excerpt":{"rendered":"<p>SEJERSLEV: &#8211; Jeg har f\u00e5et mange tilkendegivelser p\u00e5 Facebook og alverdens ting, det kan du tro. Ole Pedersen stod for onsdagens gode nyhed p\u00e5 Mors. Og torsdag er hum\u00f8ret \u00e5benlyst stadig pr\u00e6get af de mange skulderklap, han siden har f\u00e5et. For den tidligere landmand, der driver O.P. Algebek\u00e6mperen p\u00e5 Mors, skal nu ogs\u00e5 v\u00e6re k\u00f8bmand. [&hellip;]<\/p>\n","protected":false},"author":8,"featured_media":82165,"comment_status":"closed","ping_status":"open","sticky":false,"template":"","format":"standard","meta":{"_acf_changed":false,"footnotes":""},"categories":[51],"tags":[159,160],"class_list":["post-82161","post","type-post","status-publish","format-standard","has-post-thumbnail","hentry","category-lokalt","tag-erhverv","tag-handel"],"acf":[],"yoast_head":"<!-- This site is optimized with the Yoast SEO plugin v26.8 - https:\/\/yoast.com\/product\/yoast-seo-wordpress\/ -->\n<title>Ny k\u00f8bmand i Sejerslev: &quot;Det er meget vigtigt for den her ende af \u00f8en&quot; - Mors<\/title>\n<meta name=\"robots\" content=\"index, follow, max-snippet:-1, max-image-preview:large, max-video-preview:-1\" \/>\n<link rel=\"canonical\" href=\"https:\/\/kunmedierne.dk\/mors\/ny-koebmand-i-sejerslev-det-er-meget-vigtigt-for-den-her-ende-af-oeen\/\" \/>\n<meta property=\"og:locale\" content=\"da_DK\" \/>\n<meta property=\"og:type\" content=\"article\" \/>\n<meta property=\"og:title\" content=\"Ny k\u00f8bmand i Sejerslev: &quot;Det er meget vigtigt for den her ende af \u00f8en&quot; - Mors\" \/>\n<meta property=\"og:description\" content=\"SEJERSLEV: &#8211; Jeg har f\u00e5et mange tilkendegivelser p\u00e5 Facebook og alverdens ting, det kan du tro. Ole Pedersen stod for onsdagens gode nyhed p\u00e5 Mors. Og torsdag er hum\u00f8ret \u00e5benlyst stadig pr\u00e6get af de mange skulderklap, han siden har f\u00e5et. For den tidligere landmand, der driver O.P. Algebek\u00e6mperen p\u00e5 Mors, skal nu ogs\u00e5 v\u00e6re k\u00f8bmand. [&hellip;]\" \/>\n<meta property=\"og:url\" content=\"https:\/\/kunmedierne.dk\/mors\/ny-koebmand-i-sejerslev-det-er-meget-vigtigt-for-den-her-ende-af-oeen\/\" \/>\n<meta property=\"og:site_name\" content=\"Mors\" \/>\n<meta property=\"article:published_time\" content=\"2022-11-10T14:32:49+00:00\" \/>\n<meta property=\"article:modified_time\" content=\"2024-08-07T12:38:09+00:00\" \/>\n<meta property=\"og:image\" content=\"https:\/\/kunmedierne.dk\/mors\/wp-content\/uploads\/2022\/11\/ole-pedersen.jpg\" \/>\n\t<meta property=\"og:image:width\" content=\"770\" \/>\n\t<meta property=\"og:image:height\" content=\"513\" \/>\n\t<meta property=\"og:image:type\" content=\"image\/jpeg\" \/>\n<meta name=\"author\" content=\"David H\u00f8jmark\" \/>\n<meta name=\"twitter:card\" content=\"summary_large_image\" \/>\n<meta name=\"twitter:label1\" content=\"Skrevet af\" \/>\n\t<meta name=\"twitter:data1\" content=\"David H\u00f8jmark\" \/>\n\t<meta name=\"twitter:label2\" content=\"Estimeret l\u00e6setid\" \/>\n\t<meta name=\"twitter:data2\" content=\"3 minutter\" \/>\n<script type=\"application\/ld+json\" class=\"yoast-schema-graph\">{\"@context\":\"https:\/\/schema.org\",\"@graph\":[{\"@type\":\"Article\",\"@id\":\"https:\/\/kunmedierne.dk\/mors\/ny-koebmand-i-sejerslev-det-er-meget-vigtigt-for-den-her-ende-af-oeen\/#article\",\"isPartOf\":{\"@id\":\"https:\/\/kunmedierne.dk\/mors\/ny-koebmand-i-sejerslev-det-er-meget-vigtigt-for-den-her-ende-af-oeen\/\"},\"author\":{\"name\":\"David H\u00f8jmark\",\"@id\":\"https:\/\/kunmedierne.dk\/mors\/#\/schema\/person\/5fe23251bf1d0abbcdc6f7896579d548\"},\"headline\":\"Ny k\u00f8bmand i Sejerslev: &#8220;Det er meget vigtigt for den her ende af \u00f8en&#8221;\",\"datePublished\":\"2022-11-10T14:32:49+00:00\",\"dateModified\":\"2024-08-07T12:38:09+00:00\",\"mainEntityOfPage\":{\"@id\":\"https:\/\/kunmedierne.dk\/mors\/ny-koebmand-i-sejerslev-det-er-meget-vigtigt-for-den-her-ende-af-oeen\/\"},\"wordCount\":668,\"publisher\":{\"@id\":\"https:\/\/kunmedierne.dk\/mors\/#organization\"},\"image\":{\"@id\":\"https:\/\/kunmedierne.dk\/mors\/ny-koebmand-i-sejerslev-det-er-meget-vigtigt-for-den-her-ende-af-oeen\/#primaryimage\"},\"thumbnailUrl\":\"https:\/\/kunmedierne.dk\/mors\/wp-content\/uploads\/2022\/11\/ole-pedersen.jpg\",\"keywords\":[\"Erhverv\",\"Handel\"],\"articleSection\":[\"Lokalt\"],\"inLanguage\":\"da-DK\"},{\"@type\":\"WebPage\",\"@id\":\"https:\/\/kunmedierne.dk\/mors\/ny-koebmand-i-sejerslev-det-er-meget-vigtigt-for-den-her-ende-af-oeen\/\",\"url\":\"https:\/\/kunmedierne.dk\/mors\/ny-koebmand-i-sejerslev-det-er-meget-vigtigt-for-den-her-ende-af-oeen\/\",\"name\":\"Ny k\u00f8bmand i Sejerslev: \\\"Det er meget vigtigt for den her ende af \u00f8en\\\" - Mors\",\"isPartOf\":{\"@id\":\"https:\/\/kunmedierne.dk\/mors\/#website\"},\"primaryImageOfPage\":{\"@id\":\"https:\/\/kunmedierne.dk\/mors\/ny-koebmand-i-sejerslev-det-er-meget-vigtigt-for-den-her-ende-af-oeen\/#primaryimage\"},\"image\":{\"@id\":\"https:\/\/kunmedierne.dk\/mors\/ny-koebmand-i-sejerslev-det-er-meget-vigtigt-for-den-her-ende-af-oeen\/#primaryimage\"},\"thumbnailUrl\":\"https:\/\/kunmedierne.dk\/mors\/wp-content\/uploads\/2022\/11\/ole-pedersen.jpg\",\"datePublished\":\"2022-11-10T14:32:49+00:00\",\"dateModified\":\"2024-08-07T12:38:09+00:00\",\"breadcrumb\":{\"@id\":\"https:\/\/kunmedierne.dk\/mors\/ny-koebmand-i-sejerslev-det-er-meget-vigtigt-for-den-her-ende-af-oeen\/#breadcrumb\"},\"inLanguage\":\"da-DK\",\"potentialAction\":[{\"@type\":\"ReadAction\",\"target\":[\"https:\/\/kunmedierne.dk\/mors\/ny-koebmand-i-sejerslev-det-er-meget-vigtigt-for-den-her-ende-af-oeen\/\"]}]},{\"@type\":\"ImageObject\",\"inLanguage\":\"da-DK\",\"@id\":\"https:\/\/kunmedierne.dk\/mors\/ny-koebmand-i-sejerslev-det-er-meget-vigtigt-for-den-her-ende-af-oeen\/#primaryimage\",\"url\":\"https:\/\/kunmedierne.dk\/mors\/wp-content\/uploads\/2022\/11\/ole-pedersen.jpg\",\"contentUrl\":\"https:\/\/kunmedierne.dk\/mors\/wp-content\/uploads\/2022\/11\/ole-pedersen.jpg\",\"width\":770,\"height\":513,\"caption\":\"Ole Pedersen er kendt som algebek\u00e6mper. Nu sikrer han k\u00f8bmandsbutikken i Sejerslev.\"},{\"@type\":\"BreadcrumbList\",\"@id\":\"https:\/\/kunmedierne.dk\/mors\/ny-koebmand-i-sejerslev-det-er-meget-vigtigt-for-den-her-ende-af-oeen\/#breadcrumb\",\"itemListElement\":[{\"@type\":\"ListItem\",\"position\":1,\"name\":\"Hjem\",\"item\":\"https:\/\/kunmedierne.dk\/mors\/\"},{\"@type\":\"ListItem\",\"position\":2,\"name\":\"Ny k\u00f8bmand i Sejerslev: &#8220;Det er meget vigtigt for den her ende af \u00f8en&#8221;\"}]},{\"@type\":\"WebSite\",\"@id\":\"https:\/\/kunmedierne.dk\/mors\/#website\",\"url\":\"https:\/\/kunmedierne.dk\/mors\/\",\"name\":\"Mors\",\"description\":\"et netmedie med journalistik om livet p\u00e5 Mors\",\"publisher\":{\"@id\":\"https:\/\/kunmedierne.dk\/mors\/#organization\"},\"potentialAction\":[{\"@type\":\"SearchAction\",\"target\":{\"@type\":\"EntryPoint\",\"urlTemplate\":\"https:\/\/kunmedierne.dk\/mors\/?s={search_term_string}\"},\"query-input\":{\"@type\":\"PropertyValueSpecification\",\"valueRequired\":true,\"valueName\":\"search_term_string\"}}],\"inLanguage\":\"da-DK\"},{\"@type\":\"Organization\",\"@id\":\"https:\/\/kunmedierne.dk\/mors\/#organization\",\"name\":\"Mors\",\"url\":\"https:\/\/kunmedierne.dk\/mors\/\",\"logo\":{\"@type\":\"ImageObject\",\"inLanguage\":\"da-DK\",\"@id\":\"https:\/\/kunmedierne.dk\/mors\/#\/schema\/logo\/image\/\",\"url\":\"https:\/\/kunmedierne.dk\/mors\/wp-content\/uploads\/2024\/08\/kunmors-logo.svg\",\"contentUrl\":\"https:\/\/kunmedierne.dk\/mors\/wp-content\/uploads\/2024\/08\/kunmors-logo.svg\",\"caption\":\"Mors\"},\"image\":{\"@id\":\"https:\/\/kunmedierne.dk\/mors\/#\/schema\/logo\/image\/\"}},{\"@type\":\"Person\",\"@id\":\"https:\/\/kunmedierne.dk\/mors\/#\/schema\/person\/5fe23251bf1d0abbcdc6f7896579d548\",\"name\":\"David H\u00f8jmark\",\"image\":{\"@type\":\"ImageObject\",\"inLanguage\":\"da-DK\",\"@id\":\"https:\/\/kunmedierne.dk\/mors\/#\/schema\/person\/image\/\",\"url\":\"https:\/\/secure.gravatar.com\/avatar\/4315d6fb9ef244d729989f5f90268eb08d5bf8a3d84402f595fa194bb35784fd?s=96&d=mm&r=g\",\"contentUrl\":\"https:\/\/secure.gravatar.com\/avatar\/4315d6fb9ef244d729989f5f90268eb08d5bf8a3d84402f595fa194bb35784fd?s=96&d=mm&r=g\",\"caption\":\"David H\u00f8jmark\"},\"sameAs\":[\"https:\/\/www.kunmedierne.dk\"],\"url\":\"https:\/\/kunmedierne.dk\/mors\/author\/david\/\"}]}<\/script>\n<!-- \/ Yoast SEO plugin. -->","yoast_head_json":{"title":"Ny k\u00f8bmand i Sejerslev: \"Det er meget vigtigt for den her ende af \u00f8en\" - Mors","robots":{"index":"index","follow":"follow","max-snippet":"max-snippet:-1","max-image-preview":"max-image-preview:large","max-video-preview":"max-video-preview:-1"},"canonical":"https:\/\/kunmedierne.dk\/mors\/ny-koebmand-i-sejerslev-det-er-meget-vigtigt-for-den-her-ende-af-oeen\/","og_locale":"da_DK","og_type":"article","og_title":"Ny k\u00f8bmand i Sejerslev: \"Det er meget vigtigt for den her ende af \u00f8en\" - Mors","og_description":"SEJERSLEV: &#8211; Jeg har f\u00e5et mange tilkendegivelser p\u00e5 Facebook og alverdens ting, det kan du tro. Ole Pedersen stod for onsdagens gode nyhed p\u00e5 Mors. Og torsdag er hum\u00f8ret \u00e5benlyst stadig pr\u00e6get af de mange skulderklap, han siden har f\u00e5et. For den tidligere landmand, der driver O.P. Algebek\u00e6mperen p\u00e5 Mors, skal nu ogs\u00e5 v\u00e6re k\u00f8bmand. [&hellip;]","og_url":"https:\/\/kunmedierne.dk\/mors\/ny-koebmand-i-sejerslev-det-er-meget-vigtigt-for-den-her-ende-af-oeen\/","og_site_name":"Mors","article_published_time":"2022-11-10T14:32:49+00:00","article_modified_time":"2024-08-07T12:38:09+00:00","og_image":[{"width":770,"height":513,"url":"https:\/\/kunmedierne.dk\/mors\/wp-content\/uploads\/2022\/11\/ole-pedersen.jpg","type":"image\/jpeg"}],"author":"David H\u00f8jmark","twitter_card":"summary_large_image","twitter_misc":{"Skrevet af":"David H\u00f8jmark","Estimeret l\u00e6setid":"3 minutter"},"schema":{"@context":"https:\/\/schema.org","@graph":[{"@type":"Article","@id":"https:\/\/kunmedierne.dk\/mors\/ny-koebmand-i-sejerslev-det-er-meget-vigtigt-for-den-her-ende-af-oeen\/#article","isPartOf":{"@id":"https:\/\/kunmedierne.dk\/mors\/ny-koebmand-i-sejerslev-det-er-meget-vigtigt-for-den-her-ende-af-oeen\/"},"author":{"name":"David H\u00f8jmark","@id":"https:\/\/kunmedierne.dk\/mors\/#\/schema\/person\/5fe23251bf1d0abbcdc6f7896579d548"},"headline":"Ny k\u00f8bmand i Sejerslev: &#8220;Det er meget vigtigt for den her ende af \u00f8en&#8221;","datePublished":"2022-11-10T14:32:49+00:00","dateModified":"2024-08-07T12:38:09+00:00","mainEntityOfPage":{"@id":"https:\/\/kunmedierne.dk\/mors\/ny-koebmand-i-sejerslev-det-er-meget-vigtigt-for-den-her-ende-af-oeen\/"},"wordCount":668,"publisher":{"@id":"https:\/\/kunmedierne.dk\/mors\/#organization"},"image":{"@id":"https:\/\/kunmedierne.dk\/mors\/ny-koebmand-i-sejerslev-det-er-meget-vigtigt-for-den-her-ende-af-oeen\/#primaryimage"},"thumbnailUrl":"https:\/\/kunmedierne.dk\/mors\/wp-content\/uploads\/2022\/11\/ole-pedersen.jpg","keywords":["Erhverv","Handel"],"articleSection":["Lokalt"],"inLanguage":"da-DK"},{"@type":"WebPage","@id":"https:\/\/kunmedierne.dk\/mors\/ny-koebmand-i-sejerslev-det-er-meget-vigtigt-for-den-her-ende-af-oeen\/","url":"https:\/\/kunmedierne.dk\/mors\/ny-koebmand-i-sejerslev-det-er-meget-vigtigt-for-den-her-ende-af-oeen\/","name":"Ny k\u00f8bmand i Sejerslev: \"Det er meget vigtigt for den her ende af \u00f8en\" - Mors","isPartOf":{"@id":"https:\/\/kunmedierne.dk\/mors\/#website"},"primaryImageOfPage":{"@id":"https:\/\/kunmedierne.dk\/mors\/ny-koebmand-i-sejerslev-det-er-meget-vigtigt-for-den-her-ende-af-oeen\/#primaryimage"},"image":{"@id":"https:\/\/kunmedierne.dk\/mors\/ny-koebmand-i-sejerslev-det-er-meget-vigtigt-for-den-her-ende-af-oeen\/#primaryimage"},"thumbnailUrl":"https:\/\/kunmedierne.dk\/mors\/wp-content\/uploads\/2022\/11\/ole-pedersen.jpg","datePublished":"2022-11-10T14:32:49+00:00","dateModified":"2024-08-07T12:38:09+00:00","breadcrumb":{"@id":"https:\/\/kunmedierne.dk\/mors\/ny-koebmand-i-sejerslev-det-er-meget-vigtigt-for-den-her-ende-af-oeen\/#breadcrumb"},"inLanguage":"da-DK","potentialAction":[{"@type":"ReadAction","target":["https:\/\/kunmedierne.dk\/mors\/ny-koebmand-i-sejerslev-det-er-meget-vigtigt-for-den-her-ende-af-oeen\/"]}]},{"@type":"ImageObject","inLanguage":"da-DK","@id":"https:\/\/kunmedierne.dk\/mors\/ny-koebmand-i-sejerslev-det-er-meget-vigtigt-for-den-her-ende-af-oeen\/#primaryimage","url":"https:\/\/kunmedierne.dk\/mors\/wp-content\/uploads\/2022\/11\/ole-pedersen.jpg","contentUrl":"https:\/\/kunmedierne.dk\/mors\/wp-content\/uploads\/2022\/11\/ole-pedersen.jpg","width":770,"height":513,"caption":"Ole Pedersen er kendt som algebek\u00e6mper. Nu sikrer han k\u00f8bmandsbutikken i Sejerslev."},{"@type":"BreadcrumbList","@id":"https:\/\/kunmedierne.dk\/mors\/ny-koebmand-i-sejerslev-det-er-meget-vigtigt-for-den-her-ende-af-oeen\/#breadcrumb","itemListElement":[{"@type":"ListItem","position":1,"name":"Hjem","item":"https:\/\/kunmedierne.dk\/mors\/"},{"@type":"ListItem","position":2,"name":"Ny k\u00f8bmand i Sejerslev: &#8220;Det er meget vigtigt for den her ende af \u00f8en&#8221;"}]},{"@type":"WebSite","@id":"https:\/\/kunmedierne.dk\/mors\/#website","url":"https:\/\/kunmedierne.dk\/mors\/","name":"Mors","description":"et netmedie med journalistik om livet p\u00e5 Mors","publisher":{"@id":"https:\/\/kunmedierne.dk\/mors\/#organization"},"potentialAction":[{"@type":"SearchAction","target":{"@type":"EntryPoint","urlTemplate":"https:\/\/kunmedierne.dk\/mors\/?s={search_term_string}"},"query-input":{"@type":"PropertyValueSpecification","valueRequired":true,"valueName":"search_term_string"}}],"inLanguage":"da-DK"},{"@type":"Organization","@id":"https:\/\/kunmedierne.dk\/mors\/#organization","name":"Mors","url":"https:\/\/kunmedierne.dk\/mors\/","logo":{"@type":"ImageObject","inLanguage":"da-DK","@id":"https:\/\/kunmedierne.dk\/mors\/#\/schema\/logo\/image\/","url":"https:\/\/kunmedierne.dk\/mors\/wp-content\/uploads\/2024\/08\/kunmors-logo.svg","contentUrl":"https:\/\/kunmedierne.dk\/mors\/wp-content\/uploads\/2024\/08\/kunmors-logo.svg","caption":"Mors"},"image":{"@id":"https:\/\/kunmedierne.dk\/mors\/#\/schema\/logo\/image\/"}},{"@type":"Person","@id":"https:\/\/kunmedierne.dk\/mors\/#\/schema\/person\/5fe23251bf1d0abbcdc6f7896579d548","name":"David H\u00f8jmark","image":{"@type":"ImageObject","inLanguage":"da-DK","@id":"https:\/\/kunmedierne.dk\/mors\/#\/schema\/person\/image\/","url":"https:\/\/secure.gravatar.com\/avatar\/4315d6fb9ef244d729989f5f90268eb08d5bf8a3d84402f595fa194bb35784fd?s=96&d=mm&r=g","contentUrl":"https:\/\/secure.gravatar.com\/avatar\/4315d6fb9ef244d729989f5f90268eb08d5bf8a3d84402f595fa194bb35784fd?s=96&d=mm&r=g","caption":"David H\u00f8jmark"},"sameAs":["https:\/\/www.kunmedierne.dk"],"url":"https:\/\/kunmedierne.dk\/mors\/author\/david\/"}]}},"_links":{"self":[{"href":"https:\/\/kunmedierne.dk\/mors\/wp-json\/wp\/v2\/posts\/82161","targetHints":{"allow":["GET"]}}],"collection":[{"href":"https:\/\/kunmedierne.dk\/mors\/wp-json\/wp\/v2\/posts"}],"about":[{"href":"https:\/\/kunmedierne.dk\/mors\/wp-json\/wp\/v2\/types\/post"}],"author":[{"embeddable":true,"href":"https:\/\/kunmedierne.dk\/mors\/wp-json\/wp\/v2\/users\/8"}],"replies":[{"embeddable":true,"href":"https:\/\/kunmedierne.dk\/mors\/wp-json\/wp\/v2\/comments?post=82161"}],"version-history":[{"count":3,"href":"https:\/\/kunmedierne.dk\/mors\/wp-json\/wp\/v2\/posts\/82161\/revisions"}],"predecessor-version":[{"id":82167,"href":"https:\/\/kunmedierne.dk\/mors\/wp-json\/wp\/v2\/posts\/82161\/revisions\/82167"}],"wp:featuredmedia":[{"embeddable":true,"href":"https:\/\/kunmedierne.dk\/mors\/wp-json\/wp\/v2\/media\/82165"}],"wp:attachment":[{"href":"https:\/\/kunmedierne.dk\/mors\/wp-json\/wp\/v2\/media?parent=82161"}],"wp:term":[{"taxonomy":"category","embeddable":true,"href":"https:\/\/kunmedierne.dk\/mors\/wp-json\/wp\/v2\/categories?post=82161"},{"taxonomy":"post_tag","embeddable":true,"href":"https:\/\/kunmedierne.dk\/mors\/wp-json\/wp\/v2\/tags?post=82161"}],"curies":[{"name":"wp","href":"https:\/\/api.w.org\/{rel}","templated":true}]}}