{"id":82072,"date":"2022-11-10T09:32:28","date_gmt":"2022-11-10T08:32:28","guid":{"rendered":"https:\/\/kunmedierne.dk\/mors\/?p=82072"},"modified":"2024-08-07T14:38:10","modified_gmt":"2024-08-07T12:38:10","slug":"25-aar-som-koerelaerer-carsten-kortegaard","status":"publish","type":"post","link":"https:\/\/kunmedierne.dk\/mors\/25-aar-som-koerelaerer-carsten-kortegaard\/","title":{"rendered":"25 \u00e5r som k\u00f8rel\u00e6rer: Carsten Kortegaard"},"content":{"rendered":"<div><\/div>\n<hr \/>\n<h2 style=\"text-align: center;\">K\u00e6re far Carsten!<\/h2>\n<h2 style=\"text-align: center;\">Stort Tillykke med dit 25 \u00e5rs jubil\u00e6um.<\/h2>\n<h4 style=\"text-align: center;\">Vi er stolte af dig, og elsker dig MEGA h\u00f8jt.<\/h4>\n<h4 style=\"text-align: center;\">Selvom dagen st\u00e5r p\u00e5 arbejde, gl\u00e6der vi os til at fejre dig,<\/h4>\n<h4 style=\"text-align: center;\">n\u00e5r du kommer hjem.<\/h4>\n<h4 style=\"text-align: center;\">K\u00e6rlig Hilsen<\/h4>\n<h4 style=\"text-align: center;\">Dine 4 &#8220;piger&#8221;<\/h4>\n<h4 style=\"text-align: center;\">\u2665\ufe0f\u2665\ufe0f\u2665\ufe0f\u2665\ufe0f<\/h4>\n<div><\/div>\n<div><img loading=\"lazy\" decoding=\"async\" class=\"alignleft size-full wp-image-76723\" src=\"https:\/\/kunmedierne.dk\/mors\/wp-content\/uploads\/2022\/08\/emilie-kortegaard.png\" alt=\"\" width=\"770\" height=\"514\" srcset=\"https:\/\/kunmedierne.dk\/mors\/wp-content\/uploads\/2022\/08\/emilie-kortegaard.png 770w, https:\/\/kunmedierne.dk\/mors\/wp-content\/uploads\/2022\/08\/emilie-kortegaard-300x200.png 300w, https:\/\/kunmedierne.dk\/mors\/wp-content\/uploads\/2022\/08\/emilie-kortegaard-768x513.png 768w, https:\/\/kunmedierne.dk\/mors\/wp-content\/uploads\/2022\/08\/emilie-kortegaard-360x240.png 360w, https:\/\/kunmedierne.dk\/mors\/wp-content\/uploads\/2022\/08\/emilie-kortegaard-600x401.png 600w\" sizes=\"auto, (max-width: 770px) 100vw, 770px\" \/><\/div>\n<div>\n<hr \/>\n<p>Har du noget til <a href=\"https:\/\/kunmedierne.dk\/mors\/category\/navne\/\" target=\"_blank\" rel=\"noopener\">navnesiden<\/a> p\u00e5 KunMors? Send det til os p\u00e5 e-mail: navne@kunmedierne.dk\/mors.<\/p>\n<\/div>\n","protected":false},"excerpt":{"rendered":"<p>K\u00e6re far Carsten! Stort Tillykke med dit 25 \u00e5rs jubil\u00e6um. Vi er stolte af dig, og elsker dig MEGA h\u00f8jt. Selvom dagen st\u00e5r p\u00e5 arbejde, gl\u00e6der vi os til at fejre dig, n\u00e5r du kommer hjem. K\u00e6rlig Hilsen Dine 4 &#8220;piger&#8221; \u2665\ufe0f\u2665\ufe0f\u2665\ufe0f\u2665\ufe0f Har du noget til navnesiden p\u00e5 KunMors? Send det til os p\u00e5 e-mail: [&hellip;]<\/p>\n","protected":false},"author":264,"featured_media":82119,"comment_status":"closed","ping_status":"open","sticky":false,"template":"","format":"standard","meta":{"_acf_changed":false,"footnotes":""},"categories":[52],"tags":[],"class_list":["post-82072","post","type-post","status-publish","format-standard","has-post-thumbnail","hentry","category-navne"],"acf":[],"yoast_head":"<!-- This site is optimized with the Yoast SEO plugin v26.8 - https:\/\/yoast.com\/product\/yoast-seo-wordpress\/ -->\n<title>25 \u00e5r som k\u00f8rel\u00e6rer: Carsten Kortegaard - Mors<\/title>\n<meta name=\"robots\" content=\"index, follow, max-snippet:-1, max-image-preview:large, max-video-preview:-1\" \/>\n<link rel=\"canonical\" href=\"https:\/\/kunmedierne.dk\/mors\/25-aar-som-koerelaerer-carsten-kortegaard\/\" \/>\n<meta property=\"og:locale\" content=\"da_DK\" \/>\n<meta property=\"og:type\" content=\"article\" \/>\n<meta property=\"og:title\" content=\"25 \u00e5r som k\u00f8rel\u00e6rer: Carsten Kortegaard - Mors\" \/>\n<meta property=\"og:description\" content=\"K\u00e6re far Carsten! Stort Tillykke med dit 25 \u00e5rs jubil\u00e6um. Vi er stolte af dig, og elsker dig MEGA h\u00f8jt. Selvom dagen st\u00e5r p\u00e5 arbejde, gl\u00e6der vi os til at fejre dig, n\u00e5r du kommer hjem. K\u00e6rlig Hilsen Dine 4 &#8220;piger&#8221; \u2665\ufe0f\u2665\ufe0f\u2665\ufe0f\u2665\ufe0f Har du noget til navnesiden p\u00e5 KunMors? Send det til os p\u00e5 e-mail: [&hellip;]\" \/>\n<meta property=\"og:url\" content=\"https:\/\/kunmedierne.dk\/mors\/25-aar-som-koerelaerer-carsten-kortegaard\/\" \/>\n<meta property=\"og:site_name\" content=\"Mors\" \/>\n<meta property=\"article:published_time\" content=\"2022-11-10T08:32:28+00:00\" \/>\n<meta property=\"article:modified_time\" content=\"2024-08-07T12:38:10+00:00\" \/>\n<meta property=\"og:image\" content=\"https:\/\/kunmedierne.dk\/mors\/wp-content\/uploads\/2022\/11\/IMG_0396.jpg\" \/>\n\t<meta property=\"og:image:width\" content=\"770\" \/>\n\t<meta property=\"og:image:height\" content=\"514\" \/>\n\t<meta property=\"og:image:type\" content=\"image\/jpeg\" \/>\n<meta name=\"author\" content=\"Navne\" \/>\n<meta name=\"twitter:card\" content=\"summary_large_image\" \/>\n<meta name=\"twitter:label1\" content=\"Skrevet af\" \/>\n\t<meta name=\"twitter:data1\" content=\"Navne\" \/>\n\t<meta name=\"twitter:label2\" content=\"Estimeret l\u00e6setid\" \/>\n\t<meta name=\"twitter:data2\" content=\"1 minut\" \/>\n<script type=\"application\/ld+json\" class=\"yoast-schema-graph\">{\"@context\":\"https:\/\/schema.org\",\"@graph\":[{\"@type\":\"Article\",\"@id\":\"https:\/\/kunmedierne.dk\/mors\/25-aar-som-koerelaerer-carsten-kortegaard\/#article\",\"isPartOf\":{\"@id\":\"https:\/\/kunmedierne.dk\/mors\/25-aar-som-koerelaerer-carsten-kortegaard\/\"},\"author\":{\"name\":\"Navne\",\"@id\":\"https:\/\/kunmedierne.dk\/mors\/#\/schema\/person\/f084885f8161963bb583d8604763a6b7\"},\"headline\":\"25 \u00e5r som k\u00f8rel\u00e6rer: Carsten Kortegaard\",\"datePublished\":\"2022-11-10T08:32:28+00:00\",\"dateModified\":\"2024-08-07T12:38:10+00:00\",\"mainEntityOfPage\":{\"@id\":\"https:\/\/kunmedierne.dk\/mors\/25-aar-som-koerelaerer-carsten-kortegaard\/\"},\"wordCount\":70,\"publisher\":{\"@id\":\"https:\/\/kunmedierne.dk\/mors\/#organization\"},\"image\":{\"@id\":\"https:\/\/kunmedierne.dk\/mors\/25-aar-som-koerelaerer-carsten-kortegaard\/#primaryimage\"},\"thumbnailUrl\":\"https:\/\/kunmedierne.dk\/mors\/wp-content\/uploads\/2022\/11\/IMG_0396.jpg\",\"articleSection\":[\"Navne\"],\"inLanguage\":\"da-DK\"},{\"@type\":\"WebPage\",\"@id\":\"https:\/\/kunmedierne.dk\/mors\/25-aar-som-koerelaerer-carsten-kortegaard\/\",\"url\":\"https:\/\/kunmedierne.dk\/mors\/25-aar-som-koerelaerer-carsten-kortegaard\/\",\"name\":\"25 \u00e5r som k\u00f8rel\u00e6rer: Carsten Kortegaard - Mors\",\"isPartOf\":{\"@id\":\"https:\/\/kunmedierne.dk\/mors\/#website\"},\"primaryImageOfPage\":{\"@id\":\"https:\/\/kunmedierne.dk\/mors\/25-aar-som-koerelaerer-carsten-kortegaard\/#primaryimage\"},\"image\":{\"@id\":\"https:\/\/kunmedierne.dk\/mors\/25-aar-som-koerelaerer-carsten-kortegaard\/#primaryimage\"},\"thumbnailUrl\":\"https:\/\/kunmedierne.dk\/mors\/wp-content\/uploads\/2022\/11\/IMG_0396.jpg\",\"datePublished\":\"2022-11-10T08:32:28+00:00\",\"dateModified\":\"2024-08-07T12:38:10+00:00\",\"breadcrumb\":{\"@id\":\"https:\/\/kunmedierne.dk\/mors\/25-aar-som-koerelaerer-carsten-kortegaard\/#breadcrumb\"},\"inLanguage\":\"da-DK\",\"potentialAction\":[{\"@type\":\"ReadAction\",\"target\":[\"https:\/\/kunmedierne.dk\/mors\/25-aar-som-koerelaerer-carsten-kortegaard\/\"]}]},{\"@type\":\"ImageObject\",\"inLanguage\":\"da-DK\",\"@id\":\"https:\/\/kunmedierne.dk\/mors\/25-aar-som-koerelaerer-carsten-kortegaard\/#primaryimage\",\"url\":\"https:\/\/kunmedierne.dk\/mors\/wp-content\/uploads\/2022\/11\/IMG_0396.jpg\",\"contentUrl\":\"https:\/\/kunmedierne.dk\/mors\/wp-content\/uploads\/2022\/11\/IMG_0396.jpg\",\"width\":770,\"height\":514},{\"@type\":\"BreadcrumbList\",\"@id\":\"https:\/\/kunmedierne.dk\/mors\/25-aar-som-koerelaerer-carsten-kortegaard\/#breadcrumb\",\"itemListElement\":[{\"@type\":\"ListItem\",\"position\":1,\"name\":\"Hjem\",\"item\":\"https:\/\/kunmedierne.dk\/mors\/\"},{\"@type\":\"ListItem\",\"position\":2,\"name\":\"25 \u00e5r som k\u00f8rel\u00e6rer: Carsten Kortegaard\"}]},{\"@type\":\"WebSite\",\"@id\":\"https:\/\/kunmedierne.dk\/mors\/#website\",\"url\":\"https:\/\/kunmedierne.dk\/mors\/\",\"name\":\"Mors\",\"description\":\"et netmedie med journalistik om livet p\u00e5 Mors\",\"publisher\":{\"@id\":\"https:\/\/kunmedierne.dk\/mors\/#organization\"},\"potentialAction\":[{\"@type\":\"SearchAction\",\"target\":{\"@type\":\"EntryPoint\",\"urlTemplate\":\"https:\/\/kunmedierne.dk\/mors\/?s={search_term_string}\"},\"query-input\":{\"@type\":\"PropertyValueSpecification\",\"valueRequired\":true,\"valueName\":\"search_term_string\"}}],\"inLanguage\":\"da-DK\"},{\"@type\":\"Organization\",\"@id\":\"https:\/\/kunmedierne.dk\/mors\/#organization\",\"name\":\"Mors\",\"url\":\"https:\/\/kunmedierne.dk\/mors\/\",\"logo\":{\"@type\":\"ImageObject\",\"inLanguage\":\"da-DK\",\"@id\":\"https:\/\/kunmedierne.dk\/mors\/#\/schema\/logo\/image\/\",\"url\":\"https:\/\/kunmedierne.dk\/mors\/wp-content\/uploads\/2024\/08\/kunmors-logo.svg\",\"contentUrl\":\"https:\/\/kunmedierne.dk\/mors\/wp-content\/uploads\/2024\/08\/kunmors-logo.svg\",\"caption\":\"Mors\"},\"image\":{\"@id\":\"https:\/\/kunmedierne.dk\/mors\/#\/schema\/logo\/image\/\"}},{\"@type\":\"Person\",\"@id\":\"https:\/\/kunmedierne.dk\/mors\/#\/schema\/person\/f084885f8161963bb583d8604763a6b7\",\"name\":\"Navne\",\"image\":{\"@type\":\"ImageObject\",\"inLanguage\":\"da-DK\",\"@id\":\"https:\/\/kunmedierne.dk\/mors\/#\/schema\/person\/image\/\",\"url\":\"https:\/\/secure.gravatar.com\/avatar\/6f0953307eaee87813e8e3c90223d5589b093e56e7cc66b5575f901f7b5868a5?s=96&d=mm&r=g\",\"contentUrl\":\"https:\/\/secure.gravatar.com\/avatar\/6f0953307eaee87813e8e3c90223d5589b093e56e7cc66b5575f901f7b5868a5?s=96&d=mm&r=g\",\"caption\":\"Navne\"},\"url\":\"https:\/\/kunmedierne.dk\/mors\/author\/navne\/\"}]}<\/script>\n<!-- \/ Yoast SEO plugin. -->","yoast_head_json":{"title":"25 \u00e5r som k\u00f8rel\u00e6rer: Carsten Kortegaard - Mors","robots":{"index":"index","follow":"follow","max-snippet":"max-snippet:-1","max-image-preview":"max-image-preview:large","max-video-preview":"max-video-preview:-1"},"canonical":"https:\/\/kunmedierne.dk\/mors\/25-aar-som-koerelaerer-carsten-kortegaard\/","og_locale":"da_DK","og_type":"article","og_title":"25 \u00e5r som k\u00f8rel\u00e6rer: Carsten Kortegaard - Mors","og_description":"K\u00e6re far Carsten! Stort Tillykke med dit 25 \u00e5rs jubil\u00e6um. Vi er stolte af dig, og elsker dig MEGA h\u00f8jt. Selvom dagen st\u00e5r p\u00e5 arbejde, gl\u00e6der vi os til at fejre dig, n\u00e5r du kommer hjem. K\u00e6rlig Hilsen Dine 4 &#8220;piger&#8221; \u2665\ufe0f\u2665\ufe0f\u2665\ufe0f\u2665\ufe0f Har du noget til navnesiden p\u00e5 KunMors? Send det til os p\u00e5 e-mail: [&hellip;]","og_url":"https:\/\/kunmedierne.dk\/mors\/25-aar-som-koerelaerer-carsten-kortegaard\/","og_site_name":"Mors","article_published_time":"2022-11-10T08:32:28+00:00","article_modified_time":"2024-08-07T12:38:10+00:00","og_image":[{"width":770,"height":514,"url":"https:\/\/kunmedierne.dk\/mors\/wp-content\/uploads\/2022\/11\/IMG_0396.jpg","type":"image\/jpeg"}],"author":"Navne","twitter_card":"summary_large_image","twitter_misc":{"Skrevet af":"Navne","Estimeret l\u00e6setid":"1 minut"},"schema":{"@context":"https:\/\/schema.org","@graph":[{"@type":"Article","@id":"https:\/\/kunmedierne.dk\/mors\/25-aar-som-koerelaerer-carsten-kortegaard\/#article","isPartOf":{"@id":"https:\/\/kunmedierne.dk\/mors\/25-aar-som-koerelaerer-carsten-kortegaard\/"},"author":{"name":"Navne","@id":"https:\/\/kunmedierne.dk\/mors\/#\/schema\/person\/f084885f8161963bb583d8604763a6b7"},"headline":"25 \u00e5r som k\u00f8rel\u00e6rer: Carsten Kortegaard","datePublished":"2022-11-10T08:32:28+00:00","dateModified":"2024-08-07T12:38:10+00:00","mainEntityOfPage":{"@id":"https:\/\/kunmedierne.dk\/mors\/25-aar-som-koerelaerer-carsten-kortegaard\/"},"wordCount":70,"publisher":{"@id":"https:\/\/kunmedierne.dk\/mors\/#organization"},"image":{"@id":"https:\/\/kunmedierne.dk\/mors\/25-aar-som-koerelaerer-carsten-kortegaard\/#primaryimage"},"thumbnailUrl":"https:\/\/kunmedierne.dk\/mors\/wp-content\/uploads\/2022\/11\/IMG_0396.jpg","articleSection":["Navne"],"inLanguage":"da-DK"},{"@type":"WebPage","@id":"https:\/\/kunmedierne.dk\/mors\/25-aar-som-koerelaerer-carsten-kortegaard\/","url":"https:\/\/kunmedierne.dk\/mors\/25-aar-som-koerelaerer-carsten-kortegaard\/","name":"25 \u00e5r som k\u00f8rel\u00e6rer: Carsten Kortegaard - Mors","isPartOf":{"@id":"https:\/\/kunmedierne.dk\/mors\/#website"},"primaryImageOfPage":{"@id":"https:\/\/kunmedierne.dk\/mors\/25-aar-som-koerelaerer-carsten-kortegaard\/#primaryimage"},"image":{"@id":"https:\/\/kunmedierne.dk\/mors\/25-aar-som-koerelaerer-carsten-kortegaard\/#primaryimage"},"thumbnailUrl":"https:\/\/kunmedierne.dk\/mors\/wp-content\/uploads\/2022\/11\/IMG_0396.jpg","datePublished":"2022-11-10T08:32:28+00:00","dateModified":"2024-08-07T12:38:10+00:00","breadcrumb":{"@id":"https:\/\/kunmedierne.dk\/mors\/25-aar-som-koerelaerer-carsten-kortegaard\/#breadcrumb"},"inLanguage":"da-DK","potentialAction":[{"@type":"ReadAction","target":["https:\/\/kunmedierne.dk\/mors\/25-aar-som-koerelaerer-carsten-kortegaard\/"]}]},{"@type":"ImageObject","inLanguage":"da-DK","@id":"https:\/\/kunmedierne.dk\/mors\/25-aar-som-koerelaerer-carsten-kortegaard\/#primaryimage","url":"https:\/\/kunmedierne.dk\/mors\/wp-content\/uploads\/2022\/11\/IMG_0396.jpg","contentUrl":"https:\/\/kunmedierne.dk\/mors\/wp-content\/uploads\/2022\/11\/IMG_0396.jpg","width":770,"height":514},{"@type":"BreadcrumbList","@id":"https:\/\/kunmedierne.dk\/mors\/25-aar-som-koerelaerer-carsten-kortegaard\/#breadcrumb","itemListElement":[{"@type":"ListItem","position":1,"name":"Hjem","item":"https:\/\/kunmedierne.dk\/mors\/"},{"@type":"ListItem","position":2,"name":"25 \u00e5r som k\u00f8rel\u00e6rer: Carsten Kortegaard"}]},{"@type":"WebSite","@id":"https:\/\/kunmedierne.dk\/mors\/#website","url":"https:\/\/kunmedierne.dk\/mors\/","name":"Mors","description":"et netmedie med journalistik om livet p\u00e5 Mors","publisher":{"@id":"https:\/\/kunmedierne.dk\/mors\/#organization"},"potentialAction":[{"@type":"SearchAction","target":{"@type":"EntryPoint","urlTemplate":"https:\/\/kunmedierne.dk\/mors\/?s={search_term_string}"},"query-input":{"@type":"PropertyValueSpecification","valueRequired":true,"valueName":"search_term_string"}}],"inLanguage":"da-DK"},{"@type":"Organization","@id":"https:\/\/kunmedierne.dk\/mors\/#organization","name":"Mors","url":"https:\/\/kunmedierne.dk\/mors\/","logo":{"@type":"ImageObject","inLanguage":"da-DK","@id":"https:\/\/kunmedierne.dk\/mors\/#\/schema\/logo\/image\/","url":"https:\/\/kunmedierne.dk\/mors\/wp-content\/uploads\/2024\/08\/kunmors-logo.svg","contentUrl":"https:\/\/kunmedierne.dk\/mors\/wp-content\/uploads\/2024\/08\/kunmors-logo.svg","caption":"Mors"},"image":{"@id":"https:\/\/kunmedierne.dk\/mors\/#\/schema\/logo\/image\/"}},{"@type":"Person","@id":"https:\/\/kunmedierne.dk\/mors\/#\/schema\/person\/f084885f8161963bb583d8604763a6b7","name":"Navne","image":{"@type":"ImageObject","inLanguage":"da-DK","@id":"https:\/\/kunmedierne.dk\/mors\/#\/schema\/person\/image\/","url":"https:\/\/secure.gravatar.com\/avatar\/6f0953307eaee87813e8e3c90223d5589b093e56e7cc66b5575f901f7b5868a5?s=96&d=mm&r=g","contentUrl":"https:\/\/secure.gravatar.com\/avatar\/6f0953307eaee87813e8e3c90223d5589b093e56e7cc66b5575f901f7b5868a5?s=96&d=mm&r=g","caption":"Navne"},"url":"https:\/\/kunmedierne.dk\/mors\/author\/navne\/"}]}},"_links":{"self":[{"href":"https:\/\/kunmedierne.dk\/mors\/wp-json\/wp\/v2\/posts\/82072","targetHints":{"allow":["GET"]}}],"collection":[{"href":"https:\/\/kunmedierne.dk\/mors\/wp-json\/wp\/v2\/posts"}],"about":[{"href":"https:\/\/kunmedierne.dk\/mors\/wp-json\/wp\/v2\/types\/post"}],"author":[{"embeddable":true,"href":"https:\/\/kunmedierne.dk\/mors\/wp-json\/wp\/v2\/users\/264"}],"replies":[{"embeddable":true,"href":"https:\/\/kunmedierne.dk\/mors\/wp-json\/wp\/v2\/comments?post=82072"}],"version-history":[{"count":3,"href":"https:\/\/kunmedierne.dk\/mors\/wp-json\/wp\/v2\/posts\/82072\/revisions"}],"predecessor-version":[{"id":82122,"href":"https:\/\/kunmedierne.dk\/mors\/wp-json\/wp\/v2\/posts\/82072\/revisions\/82122"}],"wp:featuredmedia":[{"embeddable":true,"href":"https:\/\/kunmedierne.dk\/mors\/wp-json\/wp\/v2\/media\/82119"}],"wp:attachment":[{"href":"https:\/\/kunmedierne.dk\/mors\/wp-json\/wp\/v2\/media?parent=82072"}],"wp:term":[{"taxonomy":"category","embeddable":true,"href":"https:\/\/kunmedierne.dk\/mors\/wp-json\/wp\/v2\/categories?post=82072"},{"taxonomy":"post_tag","embeddable":true,"href":"https:\/\/kunmedierne.dk\/mors\/wp-json\/wp\/v2\/tags?post=82072"}],"curies":[{"name":"wp","href":"https:\/\/api.w.org\/{rel}","templated":true}]}}