{"id":8165,"date":"2020-02-17T18:43:58","date_gmt":"2020-02-17T17:43:58","guid":{"rendered":"https:\/\/kunmedierne.dk\/mors\/?p=8165"},"modified":"2024-08-12T14:06:28","modified_gmt":"2024-08-12T12:06:28","slug":"bevaringsvaerdig-kutter-under-vand","status":"publish","type":"post","link":"https:\/\/kunmedierne.dk\/mors\/bevaringsvaerdig-kutter-under-vand\/","title":{"rendered":"Bevaringsv\u00e6rdig kutter under vand"},"content":{"rendered":"<p><strong>SUNDBY<\/strong>: En ellers bevaringsv\u00e6rdig fiskekutter i Sundby Mors Havn risikerer nu ikke at kunne bevares ret meget l\u00e6ngere.<\/p>\n<p>Mandag eftermiddag tog den s\u00e5 meget vand ind, at den tippede til siden, s\u00e5 den nu st\u00e5r p\u00e5 bunden delvist d\u00e6kket med vand.<\/p>\n<p>If\u00f8lge Peter Hougaard, formand for Sundby Mors Havn, var kutteren fort\u00f8jet med fire tykke tove, som alle sammen sprang.<\/p>\n<p>&#8220;S\u00f8ndag l\u00e5 den s\u00e5 p\u00e5 tv\u00e6rs og vuggede lidt. S\u00e5 blev der sp\u00e6ndt nogle wirer p\u00e5 den, men vandet er s\u00e5 steget s\u00e5 meget, og der kom s\u00e5 meget vand ind i den, at den svingede over til siden,&#8221; siger han.<\/p>\n<p>B\u00e5den var godkendt af skibsbevaringsfonden som bevaringsv\u00e6rdig, men dens fremtid er nu uvis.<\/p>\n<p>&#8220;Det er sv\u00e6rt at se, om den har f\u00e5et slag p\u00e5 stens\u00e6tningen, men der er i hvert fald rendt vand i den,&#8221; siger Peter Hougaard uden mulighed for at kunne g\u00f8re status over skaderne. Sikkert er det dog, at der venter et stort arbejde, hvis b\u00e5den skal bruges til form\u00e5let, der efter sigende var et projekt med f\u00f8rst renovering af den \u00f8vre del af b\u00e5den og siden til hav\u00f8rredfiskeri p\u00e5 Limfjorden.<\/p>\n<p>Sikkert er det ogs\u00e5, at den ikke f\u00e5r lov til at ligge som et trist syn i havnen ret l\u00e6nge.<\/p>\n<p>&#8220;Kommunen g\u00e5r jo nok ind og fjerner den, g\u00e6tter jeg p\u00e5. Og hvor den s\u00e5 skal hen, er der ikke rigtigt nogen, der ved noget om endnu,&#8221; siger Peter Hougaard, som afviser, at b\u00e5den var fort\u00f8jet forkert.<\/p>\n<p>&#8220;Jeg har set fort\u00f8jningerne, og det kunne ikke blive bedre. Man bliver forundret over, at s\u00e5dan nogle reb kan springe, men det kan de alts\u00e5. Og de kan slides op og har v\u00e6ret under tryk i minimum to dage, hvor der har v\u00e6ret fuldt pres p\u00e5. Det kunne det \u00e5benbart ikke holde til,&#8221; siger han og understreger, at der var tale om tykke reb.<\/p>\n<p>&#8220;Det er ikke noget, der bare lige springer,&#8221; siger Peter Hougaard.<\/p>\n<p>&nbsp;<\/p>\n","protected":false},"excerpt":{"rendered":"<p>SUNDBY: En ellers bevaringsv\u00e6rdig fiskekutter i Sundby Mors Havn risikerer nu ikke at kunne bevares ret meget l\u00e6ngere. Mandag eftermiddag tog den s\u00e5 meget vand ind, at den tippede til siden, s\u00e5 den nu st\u00e5r p\u00e5 bunden delvist d\u00e6kket med vand. If\u00f8lge Peter Hougaard, formand for Sundby Mors Havn, var kutteren fort\u00f8jet med fire tykke [&hellip;]<\/p>\n","protected":false},"author":8,"featured_media":8166,"comment_status":"open","ping_status":"open","sticky":false,"template":"","format":"standard","meta":{"_acf_changed":false,"footnotes":""},"categories":[51],"tags":[],"class_list":["post-8165","post","type-post","status-publish","format-standard","has-post-thumbnail","hentry","category-lokalt"],"acf":[],"yoast_head":"<!-- This site is optimized with the Yoast SEO plugin v26.8 - https:\/\/yoast.com\/product\/yoast-seo-wordpress\/ -->\n<title>Bevaringsv\u00e6rdig kutter under vand - Mors<\/title>\n<meta name=\"robots\" content=\"index, follow, max-snippet:-1, max-image-preview:large, max-video-preview:-1\" \/>\n<link rel=\"canonical\" href=\"https:\/\/kunmedierne.dk\/mors\/bevaringsvaerdig-kutter-under-vand\/\" \/>\n<meta property=\"og:locale\" content=\"da_DK\" \/>\n<meta property=\"og:type\" content=\"article\" \/>\n<meta property=\"og:title\" content=\"Bevaringsv\u00e6rdig kutter under vand - Mors\" \/>\n<meta property=\"og:description\" content=\"SUNDBY: En ellers bevaringsv\u00e6rdig fiskekutter i Sundby Mors Havn risikerer nu ikke at kunne bevares ret meget l\u00e6ngere. Mandag eftermiddag tog den s\u00e5 meget vand ind, at den tippede til siden, s\u00e5 den nu st\u00e5r p\u00e5 bunden delvist d\u00e6kket med vand. If\u00f8lge Peter Hougaard, formand for Sundby Mors Havn, var kutteren fort\u00f8jet med fire tykke [&hellip;]\" \/>\n<meta property=\"og:url\" content=\"https:\/\/kunmedierne.dk\/mors\/bevaringsvaerdig-kutter-under-vand\/\" \/>\n<meta property=\"og:site_name\" content=\"Mors\" \/>\n<meta property=\"article:published_time\" content=\"2020-02-17T17:43:58+00:00\" \/>\n<meta property=\"article:modified_time\" content=\"2024-08-12T12:06:28+00:00\" \/>\n<meta property=\"og:image\" content=\"https:\/\/kunmedierne.dk\/mors\/wp-content\/uploads\/2020\/02\/200217-kutter.jpg\" \/>\n\t<meta property=\"og:image:width\" content=\"770\" \/>\n\t<meta property=\"og:image:height\" content=\"513\" \/>\n\t<meta property=\"og:image:type\" content=\"image\/jpeg\" \/>\n<meta name=\"author\" content=\"David H\u00f8jmark\" \/>\n<meta name=\"twitter:card\" content=\"summary_large_image\" \/>\n<meta name=\"twitter:label1\" content=\"Skrevet af\" \/>\n\t<meta name=\"twitter:data1\" content=\"David H\u00f8jmark\" \/>\n\t<meta name=\"twitter:label2\" content=\"Estimeret l\u00e6setid\" \/>\n\t<meta name=\"twitter:data2\" content=\"2 minutter\" \/>\n<script type=\"application\/ld+json\" class=\"yoast-schema-graph\">{\"@context\":\"https:\/\/schema.org\",\"@graph\":[{\"@type\":\"Article\",\"@id\":\"https:\/\/kunmedierne.dk\/mors\/bevaringsvaerdig-kutter-under-vand\/#article\",\"isPartOf\":{\"@id\":\"https:\/\/kunmedierne.dk\/mors\/bevaringsvaerdig-kutter-under-vand\/\"},\"author\":{\"name\":\"David H\u00f8jmark\",\"@id\":\"https:\/\/kunmedierne.dk\/mors\/#\/schema\/person\/5fe23251bf1d0abbcdc6f7896579d548\"},\"headline\":\"Bevaringsv\u00e6rdig kutter under vand\",\"datePublished\":\"2020-02-17T17:43:58+00:00\",\"dateModified\":\"2024-08-12T12:06:28+00:00\",\"mainEntityOfPage\":{\"@id\":\"https:\/\/kunmedierne.dk\/mors\/bevaringsvaerdig-kutter-under-vand\/\"},\"wordCount\":353,\"commentCount\":0,\"publisher\":{\"@id\":\"https:\/\/kunmedierne.dk\/mors\/#organization\"},\"image\":{\"@id\":\"https:\/\/kunmedierne.dk\/mors\/bevaringsvaerdig-kutter-under-vand\/#primaryimage\"},\"thumbnailUrl\":\"https:\/\/kunmedierne.dk\/mors\/wp-content\/uploads\/2020\/02\/200217-kutter.jpg\",\"articleSection\":[\"Lokalt\"],\"inLanguage\":\"da-DK\",\"potentialAction\":[{\"@type\":\"CommentAction\",\"name\":\"Comment\",\"target\":[\"https:\/\/kunmedierne.dk\/mors\/bevaringsvaerdig-kutter-under-vand\/#respond\"]}]},{\"@type\":\"WebPage\",\"@id\":\"https:\/\/kunmedierne.dk\/mors\/bevaringsvaerdig-kutter-under-vand\/\",\"url\":\"https:\/\/kunmedierne.dk\/mors\/bevaringsvaerdig-kutter-under-vand\/\",\"name\":\"Bevaringsv\u00e6rdig kutter under vand - Mors\",\"isPartOf\":{\"@id\":\"https:\/\/kunmedierne.dk\/mors\/#website\"},\"primaryImageOfPage\":{\"@id\":\"https:\/\/kunmedierne.dk\/mors\/bevaringsvaerdig-kutter-under-vand\/#primaryimage\"},\"image\":{\"@id\":\"https:\/\/kunmedierne.dk\/mors\/bevaringsvaerdig-kutter-under-vand\/#primaryimage\"},\"thumbnailUrl\":\"https:\/\/kunmedierne.dk\/mors\/wp-content\/uploads\/2020\/02\/200217-kutter.jpg\",\"datePublished\":\"2020-02-17T17:43:58+00:00\",\"dateModified\":\"2024-08-12T12:06:28+00:00\",\"breadcrumb\":{\"@id\":\"https:\/\/kunmedierne.dk\/mors\/bevaringsvaerdig-kutter-under-vand\/#breadcrumb\"},\"inLanguage\":\"da-DK\",\"potentialAction\":[{\"@type\":\"ReadAction\",\"target\":[\"https:\/\/kunmedierne.dk\/mors\/bevaringsvaerdig-kutter-under-vand\/\"]}]},{\"@type\":\"ImageObject\",\"inLanguage\":\"da-DK\",\"@id\":\"https:\/\/kunmedierne.dk\/mors\/bevaringsvaerdig-kutter-under-vand\/#primaryimage\",\"url\":\"https:\/\/kunmedierne.dk\/mors\/wp-content\/uploads\/2020\/02\/200217-kutter.jpg\",\"contentUrl\":\"https:\/\/kunmedierne.dk\/mors\/wp-content\/uploads\/2020\/02\/200217-kutter.jpg\",\"width\":770,\"height\":513,\"caption\":\"Foto: Erik Vejling.\"},{\"@type\":\"BreadcrumbList\",\"@id\":\"https:\/\/kunmedierne.dk\/mors\/bevaringsvaerdig-kutter-under-vand\/#breadcrumb\",\"itemListElement\":[{\"@type\":\"ListItem\",\"position\":1,\"name\":\"Hjem\",\"item\":\"https:\/\/kunmedierne.dk\/mors\/\"},{\"@type\":\"ListItem\",\"position\":2,\"name\":\"Bevaringsv\u00e6rdig kutter under vand\"}]},{\"@type\":\"WebSite\",\"@id\":\"https:\/\/kunmedierne.dk\/mors\/#website\",\"url\":\"https:\/\/kunmedierne.dk\/mors\/\",\"name\":\"Mors\",\"description\":\"et netmedie med journalistik om livet p\u00e5 Mors\",\"publisher\":{\"@id\":\"https:\/\/kunmedierne.dk\/mors\/#organization\"},\"potentialAction\":[{\"@type\":\"SearchAction\",\"target\":{\"@type\":\"EntryPoint\",\"urlTemplate\":\"https:\/\/kunmedierne.dk\/mors\/?s={search_term_string}\"},\"query-input\":{\"@type\":\"PropertyValueSpecification\",\"valueRequired\":true,\"valueName\":\"search_term_string\"}}],\"inLanguage\":\"da-DK\"},{\"@type\":\"Organization\",\"@id\":\"https:\/\/kunmedierne.dk\/mors\/#organization\",\"name\":\"Mors\",\"url\":\"https:\/\/kunmedierne.dk\/mors\/\",\"logo\":{\"@type\":\"ImageObject\",\"inLanguage\":\"da-DK\",\"@id\":\"https:\/\/kunmedierne.dk\/mors\/#\/schema\/logo\/image\/\",\"url\":\"https:\/\/kunmedierne.dk\/mors\/wp-content\/uploads\/2024\/08\/kunmors-logo.svg\",\"contentUrl\":\"https:\/\/kunmedierne.dk\/mors\/wp-content\/uploads\/2024\/08\/kunmors-logo.svg\",\"caption\":\"Mors\"},\"image\":{\"@id\":\"https:\/\/kunmedierne.dk\/mors\/#\/schema\/logo\/image\/\"}},{\"@type\":\"Person\",\"@id\":\"https:\/\/kunmedierne.dk\/mors\/#\/schema\/person\/5fe23251bf1d0abbcdc6f7896579d548\",\"name\":\"David H\u00f8jmark\",\"image\":{\"@type\":\"ImageObject\",\"inLanguage\":\"da-DK\",\"@id\":\"https:\/\/kunmedierne.dk\/mors\/#\/schema\/person\/image\/\",\"url\":\"https:\/\/secure.gravatar.com\/avatar\/4315d6fb9ef244d729989f5f90268eb08d5bf8a3d84402f595fa194bb35784fd?s=96&d=mm&r=g\",\"contentUrl\":\"https:\/\/secure.gravatar.com\/avatar\/4315d6fb9ef244d729989f5f90268eb08d5bf8a3d84402f595fa194bb35784fd?s=96&d=mm&r=g\",\"caption\":\"David H\u00f8jmark\"},\"sameAs\":[\"https:\/\/www.kunmedierne.dk\"],\"url\":\"https:\/\/kunmedierne.dk\/mors\/author\/david\/\"}]}<\/script>\n<!-- \/ Yoast SEO plugin. -->","yoast_head_json":{"title":"Bevaringsv\u00e6rdig kutter under vand - Mors","robots":{"index":"index","follow":"follow","max-snippet":"max-snippet:-1","max-image-preview":"max-image-preview:large","max-video-preview":"max-video-preview:-1"},"canonical":"https:\/\/kunmedierne.dk\/mors\/bevaringsvaerdig-kutter-under-vand\/","og_locale":"da_DK","og_type":"article","og_title":"Bevaringsv\u00e6rdig kutter under vand - Mors","og_description":"SUNDBY: En ellers bevaringsv\u00e6rdig fiskekutter i Sundby Mors Havn risikerer nu ikke at kunne bevares ret meget l\u00e6ngere. Mandag eftermiddag tog den s\u00e5 meget vand ind, at den tippede til siden, s\u00e5 den nu st\u00e5r p\u00e5 bunden delvist d\u00e6kket med vand. If\u00f8lge Peter Hougaard, formand for Sundby Mors Havn, var kutteren fort\u00f8jet med fire tykke [&hellip;]","og_url":"https:\/\/kunmedierne.dk\/mors\/bevaringsvaerdig-kutter-under-vand\/","og_site_name":"Mors","article_published_time":"2020-02-17T17:43:58+00:00","article_modified_time":"2024-08-12T12:06:28+00:00","og_image":[{"width":770,"height":513,"url":"https:\/\/kunmedierne.dk\/mors\/wp-content\/uploads\/2020\/02\/200217-kutter.jpg","type":"image\/jpeg"}],"author":"David H\u00f8jmark","twitter_card":"summary_large_image","twitter_misc":{"Skrevet af":"David H\u00f8jmark","Estimeret l\u00e6setid":"2 minutter"},"schema":{"@context":"https:\/\/schema.org","@graph":[{"@type":"Article","@id":"https:\/\/kunmedierne.dk\/mors\/bevaringsvaerdig-kutter-under-vand\/#article","isPartOf":{"@id":"https:\/\/kunmedierne.dk\/mors\/bevaringsvaerdig-kutter-under-vand\/"},"author":{"name":"David H\u00f8jmark","@id":"https:\/\/kunmedierne.dk\/mors\/#\/schema\/person\/5fe23251bf1d0abbcdc6f7896579d548"},"headline":"Bevaringsv\u00e6rdig kutter under vand","datePublished":"2020-02-17T17:43:58+00:00","dateModified":"2024-08-12T12:06:28+00:00","mainEntityOfPage":{"@id":"https:\/\/kunmedierne.dk\/mors\/bevaringsvaerdig-kutter-under-vand\/"},"wordCount":353,"commentCount":0,"publisher":{"@id":"https:\/\/kunmedierne.dk\/mors\/#organization"},"image":{"@id":"https:\/\/kunmedierne.dk\/mors\/bevaringsvaerdig-kutter-under-vand\/#primaryimage"},"thumbnailUrl":"https:\/\/kunmedierne.dk\/mors\/wp-content\/uploads\/2020\/02\/200217-kutter.jpg","articleSection":["Lokalt"],"inLanguage":"da-DK","potentialAction":[{"@type":"CommentAction","name":"Comment","target":["https:\/\/kunmedierne.dk\/mors\/bevaringsvaerdig-kutter-under-vand\/#respond"]}]},{"@type":"WebPage","@id":"https:\/\/kunmedierne.dk\/mors\/bevaringsvaerdig-kutter-under-vand\/","url":"https:\/\/kunmedierne.dk\/mors\/bevaringsvaerdig-kutter-under-vand\/","name":"Bevaringsv\u00e6rdig kutter under vand - Mors","isPartOf":{"@id":"https:\/\/kunmedierne.dk\/mors\/#website"},"primaryImageOfPage":{"@id":"https:\/\/kunmedierne.dk\/mors\/bevaringsvaerdig-kutter-under-vand\/#primaryimage"},"image":{"@id":"https:\/\/kunmedierne.dk\/mors\/bevaringsvaerdig-kutter-under-vand\/#primaryimage"},"thumbnailUrl":"https:\/\/kunmedierne.dk\/mors\/wp-content\/uploads\/2020\/02\/200217-kutter.jpg","datePublished":"2020-02-17T17:43:58+00:00","dateModified":"2024-08-12T12:06:28+00:00","breadcrumb":{"@id":"https:\/\/kunmedierne.dk\/mors\/bevaringsvaerdig-kutter-under-vand\/#breadcrumb"},"inLanguage":"da-DK","potentialAction":[{"@type":"ReadAction","target":["https:\/\/kunmedierne.dk\/mors\/bevaringsvaerdig-kutter-under-vand\/"]}]},{"@type":"ImageObject","inLanguage":"da-DK","@id":"https:\/\/kunmedierne.dk\/mors\/bevaringsvaerdig-kutter-under-vand\/#primaryimage","url":"https:\/\/kunmedierne.dk\/mors\/wp-content\/uploads\/2020\/02\/200217-kutter.jpg","contentUrl":"https:\/\/kunmedierne.dk\/mors\/wp-content\/uploads\/2020\/02\/200217-kutter.jpg","width":770,"height":513,"caption":"Foto: Erik Vejling."},{"@type":"BreadcrumbList","@id":"https:\/\/kunmedierne.dk\/mors\/bevaringsvaerdig-kutter-under-vand\/#breadcrumb","itemListElement":[{"@type":"ListItem","position":1,"name":"Hjem","item":"https:\/\/kunmedierne.dk\/mors\/"},{"@type":"ListItem","position":2,"name":"Bevaringsv\u00e6rdig kutter under vand"}]},{"@type":"WebSite","@id":"https:\/\/kunmedierne.dk\/mors\/#website","url":"https:\/\/kunmedierne.dk\/mors\/","name":"Mors","description":"et netmedie med journalistik om livet p\u00e5 Mors","publisher":{"@id":"https:\/\/kunmedierne.dk\/mors\/#organization"},"potentialAction":[{"@type":"SearchAction","target":{"@type":"EntryPoint","urlTemplate":"https:\/\/kunmedierne.dk\/mors\/?s={search_term_string}"},"query-input":{"@type":"PropertyValueSpecification","valueRequired":true,"valueName":"search_term_string"}}],"inLanguage":"da-DK"},{"@type":"Organization","@id":"https:\/\/kunmedierne.dk\/mors\/#organization","name":"Mors","url":"https:\/\/kunmedierne.dk\/mors\/","logo":{"@type":"ImageObject","inLanguage":"da-DK","@id":"https:\/\/kunmedierne.dk\/mors\/#\/schema\/logo\/image\/","url":"https:\/\/kunmedierne.dk\/mors\/wp-content\/uploads\/2024\/08\/kunmors-logo.svg","contentUrl":"https:\/\/kunmedierne.dk\/mors\/wp-content\/uploads\/2024\/08\/kunmors-logo.svg","caption":"Mors"},"image":{"@id":"https:\/\/kunmedierne.dk\/mors\/#\/schema\/logo\/image\/"}},{"@type":"Person","@id":"https:\/\/kunmedierne.dk\/mors\/#\/schema\/person\/5fe23251bf1d0abbcdc6f7896579d548","name":"David H\u00f8jmark","image":{"@type":"ImageObject","inLanguage":"da-DK","@id":"https:\/\/kunmedierne.dk\/mors\/#\/schema\/person\/image\/","url":"https:\/\/secure.gravatar.com\/avatar\/4315d6fb9ef244d729989f5f90268eb08d5bf8a3d84402f595fa194bb35784fd?s=96&d=mm&r=g","contentUrl":"https:\/\/secure.gravatar.com\/avatar\/4315d6fb9ef244d729989f5f90268eb08d5bf8a3d84402f595fa194bb35784fd?s=96&d=mm&r=g","caption":"David H\u00f8jmark"},"sameAs":["https:\/\/www.kunmedierne.dk"],"url":"https:\/\/kunmedierne.dk\/mors\/author\/david\/"}]}},"_links":{"self":[{"href":"https:\/\/kunmedierne.dk\/mors\/wp-json\/wp\/v2\/posts\/8165","targetHints":{"allow":["GET"]}}],"collection":[{"href":"https:\/\/kunmedierne.dk\/mors\/wp-json\/wp\/v2\/posts"}],"about":[{"href":"https:\/\/kunmedierne.dk\/mors\/wp-json\/wp\/v2\/types\/post"}],"author":[{"embeddable":true,"href":"https:\/\/kunmedierne.dk\/mors\/wp-json\/wp\/v2\/users\/8"}],"replies":[{"embeddable":true,"href":"https:\/\/kunmedierne.dk\/mors\/wp-json\/wp\/v2\/comments?post=8165"}],"version-history":[{"count":2,"href":"https:\/\/kunmedierne.dk\/mors\/wp-json\/wp\/v2\/posts\/8165\/revisions"}],"predecessor-version":[{"id":8168,"href":"https:\/\/kunmedierne.dk\/mors\/wp-json\/wp\/v2\/posts\/8165\/revisions\/8168"}],"wp:featuredmedia":[{"embeddable":true,"href":"https:\/\/kunmedierne.dk\/mors\/wp-json\/wp\/v2\/media\/8166"}],"wp:attachment":[{"href":"https:\/\/kunmedierne.dk\/mors\/wp-json\/wp\/v2\/media?parent=8165"}],"wp:term":[{"taxonomy":"category","embeddable":true,"href":"https:\/\/kunmedierne.dk\/mors\/wp-json\/wp\/v2\/categories?post=8165"},{"taxonomy":"post_tag","embeddable":true,"href":"https:\/\/kunmedierne.dk\/mors\/wp-json\/wp\/v2\/tags?post=8165"}],"curies":[{"name":"wp","href":"https:\/\/api.w.org\/{rel}","templated":true}]}}