{"id":80754,"date":"2022-10-24T09:50:57","date_gmt":"2022-10-24T07:50:57","guid":{"rendered":"https:\/\/kunmedierne.dk\/mors\/?p=80754"},"modified":"2024-08-07T14:38:18","modified_gmt":"2024-08-07T12:38:18","slug":"smukke-kystlandskaber-fra-mors-paa-udstilling-i-nykoebing","status":"publish","type":"post","link":"https:\/\/kunmedierne.dk\/mors\/smukke-kystlandskaber-fra-mors-paa-udstilling-i-nykoebing\/","title":{"rendered":"Smukke kystlandskaber fra Mors p\u00e5 udstilling i Nyk\u00f8bing"},"content":{"rendered":"<p><strong>NYK\u00d8BING<\/strong>: Hvis du vil se, hvor smuk Mors tager sig ud rundt omkring langs kysten, er Fruens Fristed i Algade for tiden et godt sted at g\u00e5 hen.<\/p>\n<p>Her er f\u00f8rstesalen nemlig indrettet som galleri med skiftende udstillinger, og lige nu kan man se &#8220;Billeder fra Mors&#8221; med 14 landskabsbilleder fra de kystomr\u00e5der p\u00e5 \u00f8en, der g\u00f8r Mors til noget helt s\u00e6rligt.<\/p>\n<p>Det er Frans Kappel \u00d8vre, der som bekendt st\u00e5r bag fotobogen <a href=\"https:\/\/kunmedierne.dk\/mors\/mange-hundrede-vandreture-bag-en-endnu-smukkere-bog-om-mors\/\" target=\"_blank\" rel=\"noopener\">&#8220;Billeder fra Mors \u2013 Vandringer i kystlandskabet&#8221;<\/a>, der st\u00e5r bag udstillingen. Den har billeder fra\u00a0N\u00e6ssund, S\u00f8ndermarken, Skallerup, Hanklit, Feggeklit, Bj\u00f8rndrup og flere andre steder. Billederne er taget i \u00e5rene 2015-2020, hvor fotografen har vandret i \u00f8ens kystlandskaber.<\/p>\n<a class=\"dvrt-link\" onClick=\"cdmtrack_click(104781,jQuery(this));return false\" href=\"https:\/\/www.fmspks.dk\/\"><img decoding=\"async\" style=\"width:100%;\" src=\"https:\/\/kunmedierne.dk\/mors\/wp-content\/uploads\/2022\/02\/vip-froeslev-mollerup-sparekasse.jpg\"><\/a><script>cdmtrack_view(104781);<\/script>\n<p>Frans Kappel \u00d8vre har boet p\u00e5 Mors siden 1972, men da han begyndte sine vandringer, opdagede han, at der var masser af steder, hvor han aldrig havde sat sine ben. Han skriver i f\u00f8rn\u00e6vnte bog: &#8220;Man k\u00f8rer p\u00e5 en af \u00f8ens mange veje, opdager en lille stikvej ud mod kysten, k\u00f8rer ud af den, og s\u00e5 er man et helt nyt sted. Ofte med en lille holdeplads med borde og b\u00e6nke. Et nyt udgangspunkt for en vandring er fundet.&#8221;<\/p>\n<p>P\u00e5 udstillingen er der billeder fra alle \u00e5rstider. Vejret spiller en stor rolle, n\u00e5r der skal tages billeder, og det f\u00f8rste, som fotografen ser p\u00e5, n\u00e5r der skal tages et foto, er, om himlen har karakter med skyer og lys. Med sine billeder fors\u00f8ger Frans Kappel \u00d8vre at videregive sin egen version af den stemning, han finder p\u00e5 stedet.<\/p>\n<a class=\"dvrt-link\" onClick=\"cdmtrack_click(104780,jQuery(this));return false\" href=\"https:\/\/www.spard.dk\/\"><img decoding=\"async\" style=\"width:100%;\" src=\"https:\/\/kunmedierne.dk\/mors\/wp-content\/uploads\/2023\/12\/sparekassen-dk-maj25.gif\"><\/a><script>cdmtrack_view(104780);<\/script>\n<p>Udstillingen er \u00e5ben frem til 14. januar og kan ses i butikkens \u00e5bningstid fra tirsdag til torsdag klokken 10-17. fredag klokken 10-18 og l\u00f8rdag klokken 9.30-13.<\/p>\n<p><strong>L\u00c6S OGS\u00c5: <a href=\"https:\/\/kunmedierne.dk\/mors\/mange-hundrede-vandreture-bag-en-endnu-smukkere-bog-om-mors\/\">Mange hundrede vandreture bag en endnu smukkere bog om Mors<\/a><\/strong><\/p>\n<div id=\"attachment_80760\" style=\"width: 780px\" class=\"wp-caption alignleft\"><img loading=\"lazy\" decoding=\"async\" aria-describedby=\"caption-attachment-80760\" class=\"size-full wp-image-80760\" src=\"https:\/\/kunmedierne.dk\/mors\/wp-content\/uploads\/2022\/10\/2019-05-31_Fegge-02.jpg\" alt=\"\" width=\"770\" height=\"513\" srcset=\"https:\/\/kunmedierne.dk\/mors\/wp-content\/uploads\/2022\/10\/2019-05-31_Fegge-02.jpg 770w, https:\/\/kunmedierne.dk\/mors\/wp-content\/uploads\/2022\/10\/2019-05-31_Fegge-02-300x200.jpg 300w, https:\/\/kunmedierne.dk\/mors\/wp-content\/uploads\/2022\/10\/2019-05-31_Fegge-02-768x512.jpg 768w, https:\/\/kunmedierne.dk\/mors\/wp-content\/uploads\/2022\/10\/2019-05-31_Fegge-02-360x240.jpg 360w, https:\/\/kunmedierne.dk\/mors\/wp-content\/uploads\/2022\/10\/2019-05-31_Fegge-02-600x400.jpg 600w\" sizes=\"auto, (max-width: 770px) 100vw, 770px\" \/><p id=\"caption-attachment-80760\" class=\"wp-caption-text\">Fiskerhuset ved Feggeklit en tidlig morgen, Mors, maj 2019. Foto: Frans Kappel \u00d8vre<\/p><\/div>\n","protected":false},"excerpt":{"rendered":"<p>NYK\u00d8BING: Hvis du vil se, hvor smuk Mors tager sig ud rundt omkring langs kysten, er Fruens Fristed i Algade for tiden et godt sted at g\u00e5 hen. Her er f\u00f8rstesalen nemlig indrettet som galleri med skiftende udstillinger, og lige nu kan man se &#8220;Billeder fra Mors&#8221; med 14 landskabsbilleder fra de kystomr\u00e5der p\u00e5 \u00f8en, [&hellip;]<\/p>\n","protected":false},"author":8,"featured_media":80759,"comment_status":"closed","ping_status":"open","sticky":false,"template":"","format":"standard","meta":{"_acf_changed":false,"footnotes":""},"categories":[49],"tags":[],"class_list":["post-80754","post","type-post","status-publish","format-standard","has-post-thumbnail","hentry","category-kultur"],"acf":[],"yoast_head":"<!-- This site is optimized with the Yoast SEO plugin v26.8 - https:\/\/yoast.com\/product\/yoast-seo-wordpress\/ -->\n<title>Smukke kystlandskaber fra Mors p\u00e5 udstilling i Nyk\u00f8bing - Mors<\/title>\n<meta name=\"robots\" content=\"index, follow, max-snippet:-1, max-image-preview:large, max-video-preview:-1\" \/>\n<link rel=\"canonical\" href=\"https:\/\/kunmedierne.dk\/mors\/smukke-kystlandskaber-fra-mors-paa-udstilling-i-nykoebing\/\" \/>\n<meta property=\"og:locale\" content=\"da_DK\" \/>\n<meta property=\"og:type\" content=\"article\" \/>\n<meta property=\"og:title\" content=\"Smukke kystlandskaber fra Mors p\u00e5 udstilling i Nyk\u00f8bing - Mors\" \/>\n<meta property=\"og:description\" content=\"NYK\u00d8BING: Hvis du vil se, hvor smuk Mors tager sig ud rundt omkring langs kysten, er Fruens Fristed i Algade for tiden et godt sted at g\u00e5 hen. Her er f\u00f8rstesalen nemlig indrettet som galleri med skiftende udstillinger, og lige nu kan man se &#8220;Billeder fra Mors&#8221; med 14 landskabsbilleder fra de kystomr\u00e5der p\u00e5 \u00f8en, [&hellip;]\" \/>\n<meta property=\"og:url\" content=\"https:\/\/kunmedierne.dk\/mors\/smukke-kystlandskaber-fra-mors-paa-udstilling-i-nykoebing\/\" \/>\n<meta property=\"og:site_name\" content=\"Mors\" \/>\n<meta property=\"article:published_time\" content=\"2022-10-24T07:50:57+00:00\" \/>\n<meta property=\"article:modified_time\" content=\"2024-08-07T12:38:18+00:00\" \/>\n<meta property=\"og:image\" content=\"https:\/\/kunmedierne.dk\/mors\/wp-content\/uploads\/2022\/10\/frans-kappel-oevre.jpg\" \/>\n\t<meta property=\"og:image:width\" content=\"770\" \/>\n\t<meta property=\"og:image:height\" content=\"513\" \/>\n\t<meta property=\"og:image:type\" content=\"image\/jpeg\" \/>\n<meta name=\"author\" content=\"David H\u00f8jmark\" \/>\n<meta name=\"twitter:card\" content=\"summary_large_image\" \/>\n<meta name=\"twitter:label1\" content=\"Skrevet af\" \/>\n\t<meta name=\"twitter:data1\" content=\"David H\u00f8jmark\" \/>\n\t<meta name=\"twitter:label2\" content=\"Estimeret l\u00e6setid\" \/>\n\t<meta name=\"twitter:data2\" content=\"2 minutter\" \/>\n<script type=\"application\/ld+json\" class=\"yoast-schema-graph\">{\"@context\":\"https:\/\/schema.org\",\"@graph\":[{\"@type\":\"Article\",\"@id\":\"https:\/\/kunmedierne.dk\/mors\/smukke-kystlandskaber-fra-mors-paa-udstilling-i-nykoebing\/#article\",\"isPartOf\":{\"@id\":\"https:\/\/kunmedierne.dk\/mors\/smukke-kystlandskaber-fra-mors-paa-udstilling-i-nykoebing\/\"},\"author\":{\"name\":\"David H\u00f8jmark\",\"@id\":\"https:\/\/kunmedierne.dk\/mors\/#\/schema\/person\/5fe23251bf1d0abbcdc6f7896579d548\"},\"headline\":\"Smukke kystlandskaber fra Mors p\u00e5 udstilling i Nyk\u00f8bing\",\"datePublished\":\"2022-10-24T07:50:57+00:00\",\"dateModified\":\"2024-08-07T12:38:18+00:00\",\"mainEntityOfPage\":{\"@id\":\"https:\/\/kunmedierne.dk\/mors\/smukke-kystlandskaber-fra-mors-paa-udstilling-i-nykoebing\/\"},\"wordCount\":336,\"publisher\":{\"@id\":\"https:\/\/kunmedierne.dk\/mors\/#organization\"},\"image\":{\"@id\":\"https:\/\/kunmedierne.dk\/mors\/smukke-kystlandskaber-fra-mors-paa-udstilling-i-nykoebing\/#primaryimage\"},\"thumbnailUrl\":\"https:\/\/kunmedierne.dk\/mors\/wp-content\/uploads\/2022\/10\/frans-kappel-oevre.jpg\",\"articleSection\":[\"Kultur\"],\"inLanguage\":\"da-DK\"},{\"@type\":\"WebPage\",\"@id\":\"https:\/\/kunmedierne.dk\/mors\/smukke-kystlandskaber-fra-mors-paa-udstilling-i-nykoebing\/\",\"url\":\"https:\/\/kunmedierne.dk\/mors\/smukke-kystlandskaber-fra-mors-paa-udstilling-i-nykoebing\/\",\"name\":\"Smukke kystlandskaber fra Mors p\u00e5 udstilling i Nyk\u00f8bing - Mors\",\"isPartOf\":{\"@id\":\"https:\/\/kunmedierne.dk\/mors\/#website\"},\"primaryImageOfPage\":{\"@id\":\"https:\/\/kunmedierne.dk\/mors\/smukke-kystlandskaber-fra-mors-paa-udstilling-i-nykoebing\/#primaryimage\"},\"image\":{\"@id\":\"https:\/\/kunmedierne.dk\/mors\/smukke-kystlandskaber-fra-mors-paa-udstilling-i-nykoebing\/#primaryimage\"},\"thumbnailUrl\":\"https:\/\/kunmedierne.dk\/mors\/wp-content\/uploads\/2022\/10\/frans-kappel-oevre.jpg\",\"datePublished\":\"2022-10-24T07:50:57+00:00\",\"dateModified\":\"2024-08-07T12:38:18+00:00\",\"breadcrumb\":{\"@id\":\"https:\/\/kunmedierne.dk\/mors\/smukke-kystlandskaber-fra-mors-paa-udstilling-i-nykoebing\/#breadcrumb\"},\"inLanguage\":\"da-DK\",\"potentialAction\":[{\"@type\":\"ReadAction\",\"target\":[\"https:\/\/kunmedierne.dk\/mors\/smukke-kystlandskaber-fra-mors-paa-udstilling-i-nykoebing\/\"]}]},{\"@type\":\"ImageObject\",\"inLanguage\":\"da-DK\",\"@id\":\"https:\/\/kunmedierne.dk\/mors\/smukke-kystlandskaber-fra-mors-paa-udstilling-i-nykoebing\/#primaryimage\",\"url\":\"https:\/\/kunmedierne.dk\/mors\/wp-content\/uploads\/2022\/10\/frans-kappel-oevre.jpg\",\"contentUrl\":\"https:\/\/kunmedierne.dk\/mors\/wp-content\/uploads\/2022\/10\/frans-kappel-oevre.jpg\",\"width\":770,\"height\":513,\"caption\":\"Frans Kappel \u00d8vre er aktuel med udstilling om smukke steder i kystlandskabet.\"},{\"@type\":\"BreadcrumbList\",\"@id\":\"https:\/\/kunmedierne.dk\/mors\/smukke-kystlandskaber-fra-mors-paa-udstilling-i-nykoebing\/#breadcrumb\",\"itemListElement\":[{\"@type\":\"ListItem\",\"position\":1,\"name\":\"Hjem\",\"item\":\"https:\/\/kunmedierne.dk\/mors\/\"},{\"@type\":\"ListItem\",\"position\":2,\"name\":\"Smukke kystlandskaber fra Mors p\u00e5 udstilling i Nyk\u00f8bing\"}]},{\"@type\":\"WebSite\",\"@id\":\"https:\/\/kunmedierne.dk\/mors\/#website\",\"url\":\"https:\/\/kunmedierne.dk\/mors\/\",\"name\":\"Mors\",\"description\":\"et netmedie med journalistik om livet p\u00e5 Mors\",\"publisher\":{\"@id\":\"https:\/\/kunmedierne.dk\/mors\/#organization\"},\"potentialAction\":[{\"@type\":\"SearchAction\",\"target\":{\"@type\":\"EntryPoint\",\"urlTemplate\":\"https:\/\/kunmedierne.dk\/mors\/?s={search_term_string}\"},\"query-input\":{\"@type\":\"PropertyValueSpecification\",\"valueRequired\":true,\"valueName\":\"search_term_string\"}}],\"inLanguage\":\"da-DK\"},{\"@type\":\"Organization\",\"@id\":\"https:\/\/kunmedierne.dk\/mors\/#organization\",\"name\":\"Mors\",\"url\":\"https:\/\/kunmedierne.dk\/mors\/\",\"logo\":{\"@type\":\"ImageObject\",\"inLanguage\":\"da-DK\",\"@id\":\"https:\/\/kunmedierne.dk\/mors\/#\/schema\/logo\/image\/\",\"url\":\"https:\/\/kunmedierne.dk\/mors\/wp-content\/uploads\/2024\/08\/kunmors-logo.svg\",\"contentUrl\":\"https:\/\/kunmedierne.dk\/mors\/wp-content\/uploads\/2024\/08\/kunmors-logo.svg\",\"caption\":\"Mors\"},\"image\":{\"@id\":\"https:\/\/kunmedierne.dk\/mors\/#\/schema\/logo\/image\/\"}},{\"@type\":\"Person\",\"@id\":\"https:\/\/kunmedierne.dk\/mors\/#\/schema\/person\/5fe23251bf1d0abbcdc6f7896579d548\",\"name\":\"David H\u00f8jmark\",\"image\":{\"@type\":\"ImageObject\",\"inLanguage\":\"da-DK\",\"@id\":\"https:\/\/kunmedierne.dk\/mors\/#\/schema\/person\/image\/\",\"url\":\"https:\/\/secure.gravatar.com\/avatar\/4315d6fb9ef244d729989f5f90268eb08d5bf8a3d84402f595fa194bb35784fd?s=96&d=mm&r=g\",\"contentUrl\":\"https:\/\/secure.gravatar.com\/avatar\/4315d6fb9ef244d729989f5f90268eb08d5bf8a3d84402f595fa194bb35784fd?s=96&d=mm&r=g\",\"caption\":\"David H\u00f8jmark\"},\"sameAs\":[\"https:\/\/www.kunmedierne.dk\"],\"url\":\"https:\/\/kunmedierne.dk\/mors\/author\/david\/\"}]}<\/script>\n<!-- \/ Yoast SEO plugin. -->","yoast_head_json":{"title":"Smukke kystlandskaber fra Mors p\u00e5 udstilling i Nyk\u00f8bing - Mors","robots":{"index":"index","follow":"follow","max-snippet":"max-snippet:-1","max-image-preview":"max-image-preview:large","max-video-preview":"max-video-preview:-1"},"canonical":"https:\/\/kunmedierne.dk\/mors\/smukke-kystlandskaber-fra-mors-paa-udstilling-i-nykoebing\/","og_locale":"da_DK","og_type":"article","og_title":"Smukke kystlandskaber fra Mors p\u00e5 udstilling i Nyk\u00f8bing - Mors","og_description":"NYK\u00d8BING: Hvis du vil se, hvor smuk Mors tager sig ud rundt omkring langs kysten, er Fruens Fristed i Algade for tiden et godt sted at g\u00e5 hen. Her er f\u00f8rstesalen nemlig indrettet som galleri med skiftende udstillinger, og lige nu kan man se &#8220;Billeder fra Mors&#8221; med 14 landskabsbilleder fra de kystomr\u00e5der p\u00e5 \u00f8en, [&hellip;]","og_url":"https:\/\/kunmedierne.dk\/mors\/smukke-kystlandskaber-fra-mors-paa-udstilling-i-nykoebing\/","og_site_name":"Mors","article_published_time":"2022-10-24T07:50:57+00:00","article_modified_time":"2024-08-07T12:38:18+00:00","og_image":[{"width":770,"height":513,"url":"https:\/\/kunmedierne.dk\/mors\/wp-content\/uploads\/2022\/10\/frans-kappel-oevre.jpg","type":"image\/jpeg"}],"author":"David H\u00f8jmark","twitter_card":"summary_large_image","twitter_misc":{"Skrevet af":"David H\u00f8jmark","Estimeret l\u00e6setid":"2 minutter"},"schema":{"@context":"https:\/\/schema.org","@graph":[{"@type":"Article","@id":"https:\/\/kunmedierne.dk\/mors\/smukke-kystlandskaber-fra-mors-paa-udstilling-i-nykoebing\/#article","isPartOf":{"@id":"https:\/\/kunmedierne.dk\/mors\/smukke-kystlandskaber-fra-mors-paa-udstilling-i-nykoebing\/"},"author":{"name":"David H\u00f8jmark","@id":"https:\/\/kunmedierne.dk\/mors\/#\/schema\/person\/5fe23251bf1d0abbcdc6f7896579d548"},"headline":"Smukke kystlandskaber fra Mors p\u00e5 udstilling i Nyk\u00f8bing","datePublished":"2022-10-24T07:50:57+00:00","dateModified":"2024-08-07T12:38:18+00:00","mainEntityOfPage":{"@id":"https:\/\/kunmedierne.dk\/mors\/smukke-kystlandskaber-fra-mors-paa-udstilling-i-nykoebing\/"},"wordCount":336,"publisher":{"@id":"https:\/\/kunmedierne.dk\/mors\/#organization"},"image":{"@id":"https:\/\/kunmedierne.dk\/mors\/smukke-kystlandskaber-fra-mors-paa-udstilling-i-nykoebing\/#primaryimage"},"thumbnailUrl":"https:\/\/kunmedierne.dk\/mors\/wp-content\/uploads\/2022\/10\/frans-kappel-oevre.jpg","articleSection":["Kultur"],"inLanguage":"da-DK"},{"@type":"WebPage","@id":"https:\/\/kunmedierne.dk\/mors\/smukke-kystlandskaber-fra-mors-paa-udstilling-i-nykoebing\/","url":"https:\/\/kunmedierne.dk\/mors\/smukke-kystlandskaber-fra-mors-paa-udstilling-i-nykoebing\/","name":"Smukke kystlandskaber fra Mors p\u00e5 udstilling i Nyk\u00f8bing - Mors","isPartOf":{"@id":"https:\/\/kunmedierne.dk\/mors\/#website"},"primaryImageOfPage":{"@id":"https:\/\/kunmedierne.dk\/mors\/smukke-kystlandskaber-fra-mors-paa-udstilling-i-nykoebing\/#primaryimage"},"image":{"@id":"https:\/\/kunmedierne.dk\/mors\/smukke-kystlandskaber-fra-mors-paa-udstilling-i-nykoebing\/#primaryimage"},"thumbnailUrl":"https:\/\/kunmedierne.dk\/mors\/wp-content\/uploads\/2022\/10\/frans-kappel-oevre.jpg","datePublished":"2022-10-24T07:50:57+00:00","dateModified":"2024-08-07T12:38:18+00:00","breadcrumb":{"@id":"https:\/\/kunmedierne.dk\/mors\/smukke-kystlandskaber-fra-mors-paa-udstilling-i-nykoebing\/#breadcrumb"},"inLanguage":"da-DK","potentialAction":[{"@type":"ReadAction","target":["https:\/\/kunmedierne.dk\/mors\/smukke-kystlandskaber-fra-mors-paa-udstilling-i-nykoebing\/"]}]},{"@type":"ImageObject","inLanguage":"da-DK","@id":"https:\/\/kunmedierne.dk\/mors\/smukke-kystlandskaber-fra-mors-paa-udstilling-i-nykoebing\/#primaryimage","url":"https:\/\/kunmedierne.dk\/mors\/wp-content\/uploads\/2022\/10\/frans-kappel-oevre.jpg","contentUrl":"https:\/\/kunmedierne.dk\/mors\/wp-content\/uploads\/2022\/10\/frans-kappel-oevre.jpg","width":770,"height":513,"caption":"Frans Kappel \u00d8vre er aktuel med udstilling om smukke steder i kystlandskabet."},{"@type":"BreadcrumbList","@id":"https:\/\/kunmedierne.dk\/mors\/smukke-kystlandskaber-fra-mors-paa-udstilling-i-nykoebing\/#breadcrumb","itemListElement":[{"@type":"ListItem","position":1,"name":"Hjem","item":"https:\/\/kunmedierne.dk\/mors\/"},{"@type":"ListItem","position":2,"name":"Smukke kystlandskaber fra Mors p\u00e5 udstilling i Nyk\u00f8bing"}]},{"@type":"WebSite","@id":"https:\/\/kunmedierne.dk\/mors\/#website","url":"https:\/\/kunmedierne.dk\/mors\/","name":"Mors","description":"et netmedie med journalistik om livet p\u00e5 Mors","publisher":{"@id":"https:\/\/kunmedierne.dk\/mors\/#organization"},"potentialAction":[{"@type":"SearchAction","target":{"@type":"EntryPoint","urlTemplate":"https:\/\/kunmedierne.dk\/mors\/?s={search_term_string}"},"query-input":{"@type":"PropertyValueSpecification","valueRequired":true,"valueName":"search_term_string"}}],"inLanguage":"da-DK"},{"@type":"Organization","@id":"https:\/\/kunmedierne.dk\/mors\/#organization","name":"Mors","url":"https:\/\/kunmedierne.dk\/mors\/","logo":{"@type":"ImageObject","inLanguage":"da-DK","@id":"https:\/\/kunmedierne.dk\/mors\/#\/schema\/logo\/image\/","url":"https:\/\/kunmedierne.dk\/mors\/wp-content\/uploads\/2024\/08\/kunmors-logo.svg","contentUrl":"https:\/\/kunmedierne.dk\/mors\/wp-content\/uploads\/2024\/08\/kunmors-logo.svg","caption":"Mors"},"image":{"@id":"https:\/\/kunmedierne.dk\/mors\/#\/schema\/logo\/image\/"}},{"@type":"Person","@id":"https:\/\/kunmedierne.dk\/mors\/#\/schema\/person\/5fe23251bf1d0abbcdc6f7896579d548","name":"David H\u00f8jmark","image":{"@type":"ImageObject","inLanguage":"da-DK","@id":"https:\/\/kunmedierne.dk\/mors\/#\/schema\/person\/image\/","url":"https:\/\/secure.gravatar.com\/avatar\/4315d6fb9ef244d729989f5f90268eb08d5bf8a3d84402f595fa194bb35784fd?s=96&d=mm&r=g","contentUrl":"https:\/\/secure.gravatar.com\/avatar\/4315d6fb9ef244d729989f5f90268eb08d5bf8a3d84402f595fa194bb35784fd?s=96&d=mm&r=g","caption":"David H\u00f8jmark"},"sameAs":["https:\/\/www.kunmedierne.dk"],"url":"https:\/\/kunmedierne.dk\/mors\/author\/david\/"}]}},"_links":{"self":[{"href":"https:\/\/kunmedierne.dk\/mors\/wp-json\/wp\/v2\/posts\/80754","targetHints":{"allow":["GET"]}}],"collection":[{"href":"https:\/\/kunmedierne.dk\/mors\/wp-json\/wp\/v2\/posts"}],"about":[{"href":"https:\/\/kunmedierne.dk\/mors\/wp-json\/wp\/v2\/types\/post"}],"author":[{"embeddable":true,"href":"https:\/\/kunmedierne.dk\/mors\/wp-json\/wp\/v2\/users\/8"}],"replies":[{"embeddable":true,"href":"https:\/\/kunmedierne.dk\/mors\/wp-json\/wp\/v2\/comments?post=80754"}],"version-history":[{"count":5,"href":"https:\/\/kunmedierne.dk\/mors\/wp-json\/wp\/v2\/posts\/80754\/revisions"}],"predecessor-version":[{"id":80768,"href":"https:\/\/kunmedierne.dk\/mors\/wp-json\/wp\/v2\/posts\/80754\/revisions\/80768"}],"wp:featuredmedia":[{"embeddable":true,"href":"https:\/\/kunmedierne.dk\/mors\/wp-json\/wp\/v2\/media\/80759"}],"wp:attachment":[{"href":"https:\/\/kunmedierne.dk\/mors\/wp-json\/wp\/v2\/media?parent=80754"}],"wp:term":[{"taxonomy":"category","embeddable":true,"href":"https:\/\/kunmedierne.dk\/mors\/wp-json\/wp\/v2\/categories?post=80754"},{"taxonomy":"post_tag","embeddable":true,"href":"https:\/\/kunmedierne.dk\/mors\/wp-json\/wp\/v2\/tags?post=80754"}],"curies":[{"name":"wp","href":"https:\/\/api.w.org\/{rel}","templated":true}]}}