{"id":80021,"date":"2022-10-13T19:29:01","date_gmt":"2022-10-13T17:29:01","guid":{"rendered":"https:\/\/kunmedierne.dk\/mors\/?p=80021"},"modified":"2024-08-07T14:38:22","modified_gmt":"2024-08-07T12:38:22","slug":"praestejubilaeum-haabet-betyder-meget-for-mig","status":"publish","type":"post","link":"https:\/\/kunmedierne.dk\/mors\/praestejubilaeum-haabet-betyder-meget-for-mig\/","title":{"rendered":"Pr\u00e6stejubil\u00e6um: H\u00e5bet betyder meget for mig"},"content":{"rendered":"<p><b><span data-contrast=\"auto\">FR\u00d8SLEV:<\/span><\/b><span data-contrast=\"auto\"> Han st\u00e5r med telefonen i h\u00e5nden i en antikforretning i Harzen. Uden for er tr\u00e6erne efter\u00e5rsgule, men luften er varm. Peter Albek Noer er p\u00e5 ferie i Tyskland, med sin kone Bettina, for at fordybe sig i deres store f\u00e6llesinterresse, salmeb\u00f8ger med en s\u00e6rlig s\u00f8lvudsmykning. De holder af at tage p\u00e5 eventyr sammen. P\u00e5 &#8220;studieture&#8221; som han kalder det.<\/span><span data-ccp-props=\"{&quot;335551550&quot;:0,&quot;335551620&quot;:0}\">\u00a0<\/span><\/p>\n<p><span data-contrast=\"auto\">Pr\u00e6sten i Fr\u00f8slev har i \u00e5r 25-\u00e5rs jubil\u00e6um, men det er nu ikke derfor de er i Harzen, der var simpelthen bare noget ferie, der skulle afvikles.<\/span><span data-ccp-props=\"{&quot;335551550&quot;:0,&quot;335551620&quot;:0}\">\u00a0<\/span><\/p>\n<a class=\"dvrt-link\" onClick=\"cdmtrack_click(169437,jQuery(this));return false\" href=\"https:\/\/thymors.dk\/sponsorater\/15-til-faellesskabet?utm_source=kunmors&amp;utm_medium=annonce&amp;utm_campaign=sponsorater\"><img decoding=\"async\" style=\"width:100%;\" src=\"https:\/\/kunmedierne.dk\/mors\/wp-content\/uploads\/2026\/03\/260407ThyMors-energi_faellesskab_generel-1.jpg\"><\/a><script>cdmtrack_view(169437);<\/script>\n<p><span data-contrast=\"auto\">D\u00f8rklokken ringer, og Peter Albek Noer tr\u00e6kker ud af antikvitetsforretningen ud i det lune efter\u00e5r, og lader sine kone kigge videre alene. Han griner og siger:<\/span><span data-ccp-props=\"{&quot;335551550&quot;:0,&quot;335551620&quot;:0}\">\u00a0<\/span><\/p>\n<p><span data-contrast=\"auto\">&#8211; S\u00e5 m\u00e5 vi s\u00e5 se, hvor meget hun har k\u00f8bt, n\u00e5r vi er f\u00e6rdige med den her telefonsamtale&#8230; det kan blive farligt, siger han med smil i stemmen.<\/span><span data-ccp-props=\"{&quot;335551550&quot;:0,&quot;335551620&quot;:0}\">\u00a0<\/span><\/p>\n<p><span data-contrast=\"auto\">\u00a0<\/span><span data-ccp-props=\"{&quot;335551550&quot;:0,&quot;335551620&quot;:0}\">\u00a0<\/span><\/p>\n<p><b><span data-contrast=\"auto\">Den f\u00f8rste pr\u00e6diken<\/span><\/b><span data-ccp-props=\"{&quot;335551550&quot;:0,&quot;335551620&quot;:0}\">\u00a0<\/span><\/p>\n<p><span data-contrast=\"auto\">Mens Peter Albek Noer st\u00e5r der i Tyskland i en let skjorte, og kigger p\u00e5 tr\u00e6erne, s\u00e5 husker han tydeligt sin f\u00f8rste dag som pr\u00e6st p\u00e5 Mors. Han var 30 \u00e5r, allerede far til tre b\u00f8rn, lykkeligt gift, ambiti\u00f8s og sp\u00e6ndt. Han fort\u00e6ller:<\/span><span data-ccp-props=\"{&quot;335551550&quot;:0,&quot;335551620&quot;:0}\">\u00a0<\/span><\/p>\n<p><span data-contrast=\"auto\">&#8211; Det var s\u00f8ndag, og dagen bet\u00f8d meget. Datoen var den 1. juli 1996, og jeg var selvf\u00f8lgelig lidt nerv\u00f8s. Jeg skulle deltage i tre gudstjenester og en velkomstfest om aftenen. Ugen op til havde v\u00e6ret intens. Jeg var til eksamen om mandagen, havde f\u00e5et min pr\u00e6stekjole om tirsdagen, flyttefolkene kom om torsdagen, og hentede vores ting i Aarhus, og s\u00e5 flyttede vi til Mors, hvor jeg s\u00e5 skulle starte s\u00f8ndag. S\u00e5 efter tre gudstjenester, og en fest om aftenen, var jeg godt brugt.<\/span><span data-ccp-props=\"{&quot;335551550&quot;:0,&quot;335551620&quot;:0}\">\u00a0<\/span><\/p>\n<p><span data-contrast=\"auto\">Han griner og siger videre:<\/span><span data-ccp-props=\"{&quot;335551550&quot;:0,&quot;335551620&quot;:0}\">\u00a0<\/span><\/p>\n<p><span data-contrast=\"auto\">&#8211; Men det f\u00f8ltes godt, og det var dejligt at v\u00e6re landet.<\/span><span data-ccp-props=\"{&quot;335551550&quot;:0,&quot;335551620&quot;:0}\">\u00a0<\/span><\/p>\n<a class=\"dvrt-link\" onClick=\"cdmtrack_click(114591,jQuery(this));return false\" href=\"https:\/\/www.facebook.com\/kopogkandemors\"><img decoding=\"async\" style=\"width:100%;\" src=\"https:\/\/kunmedierne.dk\/mors\/wp-content\/uploads\/2024\/03\/kop-og-kande-ja-tak-tilbud.jpg\"><\/a><script>cdmtrack_view(114591);<\/script>\n<p><span data-contrast=\"auto\">Da Peter Albek Noer kom til Mors havde han nogle tydelige m\u00e5l og dr\u00f8mme med sin pr\u00e6stegerning.<\/span><span data-ccp-props=\"{&quot;335551550&quot;:0,&quot;335551620&quot;:0}\">\u00a0<\/span><\/p>\n<p><span data-contrast=\"auto\">&#8211; Det var vigtigt for mig, at jeg skulle g\u00f8re det godt, og det var vigtigt, at vi skulle trives som familie. Jeg ville gerne g\u00f8re en positiv forskel. Og det der altid har betydet noget for mig, det er at v\u00e6re med til at skabe en kirke, der er interessant for alle aldre og interesser. I min f\u00f8rste tid blev jeg hurtigt involveret i spejderne, og jeg lavede ogs\u00e5 en ungdomsklub. Jeg har fors\u00f8gt at g\u00f8re kirken til et levende og n\u00e6rv\u00e6rende sted med musik og koncerter. Det har v\u00e6ret mit m\u00e5l, og jeg synes, det er lykkes.<\/span><span data-ccp-props=\"{&quot;335551550&quot;:0,&quot;335551620&quot;:0}\">\u00a0<\/span><\/p>\n<p><span data-contrast=\"auto\">\u00a0<\/span><span data-ccp-props=\"{&quot;335551550&quot;:0,&quot;335551620&quot;:0}\">\u00a0<\/span><\/p>\n<p><b><span data-contrast=\"auto\">Barndom ved Varde<\/span><\/b><span data-ccp-props=\"{&quot;335551550&quot;:0,&quot;335551620&quot;:0}\">\u00a0<\/span><\/p>\n<p><span data-contrast=\"auto\">Peter Albek Noer er opvokset p\u00e5 en kv\u00e6gg\u00e5rd ved Henne Strand nordvest for Varde. I et hjem hvor den kristne tro havde stor betydning, men det l\u00e5 egentlig mere i kortene, at han skulle v\u00e6re ingeni\u00f8r. Han var faktisk ogs\u00e5 blevet optaget p\u00e5 DTU i K\u00f8benhavn, men efter et h\u00f8jskoleophold, hvor han efterf\u00f8lgende arbejdede som volont\u00f8r, besluttede han sig for, at han ville l\u00e6se teologi. Samtalerne om tro og v\u00e6rdier \u00e5bnede hans verden, og gav ham mening.<\/span><span data-ccp-props=\"{&quot;335551550&quot;:0,&quot;335551620&quot;:0}\">\u00a0<\/span><\/p>\n<p><span data-contrast=\"auto\">\u00a0<\/span><span data-ccp-props=\"{&quot;335551550&quot;:0,&quot;335551620&quot;:0}\">\u00a0<\/span><\/p>\n<p><b><span data-contrast=\"auto\">H\u00e5bet betyder meget<\/span><\/b><span data-ccp-props=\"{&quot;335551550&quot;:0,&quot;335551620&quot;:0}\">\u00a0<\/span><\/p>\n<p><span data-contrast=\"auto\">En timer efter Peter Albek Noers officielle jubil\u00e6umsdag l\u00f8rdag d. 1 okt. d\u00f8de hans far. Peter Albek Noer fort\u00e6ller:<\/span><span data-ccp-props=\"{&quot;335551550&quot;:0,&quot;335551620&quot;:0}\">\u00a0<\/span><\/p>\n<p><span data-contrast=\"auto\">&#8211; Det var ventet, og vi havde haft mange gode samtaler op til. Men der er en s\u00e6rlig salme, der betyder noget ekstra for mig netop nu. Den hedder: &#8220;Dybt h\u00e6lder \u00e5ret i sin gang&#8221; og er skrevet af pr\u00e6st og salmedigter C. J. Boye. Den salme beskriver h\u00e5bet i sorgen, som altid har betyder meget for mig. Han citerer vers nr. 6:<\/span><span data-ccp-props=\"{&quot;335551550&quot;:0,&quot;335551620&quot;:0}\">\u00a0<\/span><\/p>\n<p><em>Jeg v\u00e9d, hvor h\u00e5bet gr\u00f8nnes da,<br \/>\n<\/em><em>n\u00e5r alting falmer her,<br \/>\n<\/em><em>min frelsers tr\u00e6 p\u00e5 Golgata<br \/>\n<\/em><em>en evig krone b\u00e6r&#8217;.\u00a0<\/em><\/p>\n<p>&nbsp;<\/p>\n<p><b><span data-contrast=\"auto\">Den sv\u00e6re samtale\u00a0<\/span><\/b><span data-ccp-props=\"{&quot;335551550&quot;:0,&quot;335551620&quot;:0}\">\u00a0<\/span><\/p>\n<p><span data-contrast=\"auto\">Peter Albek Noer fort\u00e6ller, at han i sin pr\u00e6stegerning i det hele taget altid, har fors\u00f8gt at give h\u00e5b til folk, n\u00e5r livet har v\u00e6ret allermest m\u00f8rkt. Som pr\u00e6st i 25 \u00e5r har han siddet i mange sv\u00e6re samtaler med mennesker i dyb sorg. Han fort\u00e6ller:<\/span><span data-ccp-props=\"{&quot;335551550&quot;:0,&quot;335551620&quot;:0}\">\u00a0<\/span><\/p>\n<p><span data-contrast=\"auto\">&#8211; Det er klart, at samtaler med for\u00e6ldre, der har mistet et barn, er utroligt sv\u00e6re samtaler. Jeg har ikke problemer med at v\u00e6re tilstede i det, men det er udfordrende at give dem h\u00e5b midt i h\u00e5bl\u00f8sheden. Finde en mening der, hvor gulvt\u00e6ppet er revet v\u00e6k under meningen. Det er sv\u00e6re samtaler. Men kan man v\u00e6re med til at hj\u00e6lpe der, s\u00e5 vil jeg gerne, og det er der jeg oplever, at jeg g\u00f8r en forskel. Det betyder noget, at jeg er tilstede og t\u00f8r v\u00e6re tilstede. Der er ikke noget, der kan tr\u00f8ste, for de f\u00e5r ikke barnet tilbage, men jeg kan pege p\u00e5, at Gud forh\u00e5bentlig kan give dem en styrke midt i meningsl\u00f8sheden. Kan jeg v\u00e6re med til at hj\u00e6lpe de s\u00f8rgende med at se et lille lys, s\u00e5 giver det noget. Jeg t\u00e6nker over, at jeg skal v\u00e6re en styrke midt i noget, der er sv\u00e6rt.<\/span><span data-ccp-props=\"{&quot;335551550&quot;:0,&quot;335551620&quot;:0}\">\u00a0<\/span><\/p>\n<a class=\"dvrt-link\" onClick=\"cdmtrack_click(104785,jQuery(this));return false\" href=\"https:\/\/www.facebook.com\/lyndrups\"><img decoding=\"async\" style=\"width:100%;\" src=\"https:\/\/kunmedierne.dk\/mors\/wp-content\/uploads\/2022\/02\/vip-lyndrups-rengoering.jpg\"><\/a><script>cdmtrack_view(104785);<\/script>\n<p><span data-contrast=\"auto\">Vejret er stadig flot i Harzen. Termometeret viser 17 grader, og efter\u00e5rsbladende daler ned som sommerfugle fra tr\u00e6erne. Peter Albek Noer st\u00e5r stadig med telefonen i h\u00e5nden foran antikvariatet, hvor hans kone endnu ikke er kommet ud fra. Vinden bl\u00e6ser let i hans skjorte, og p\u00e5 sp\u00f8rgsm\u00e5let om, hvor l\u00e6nge han bliver ved som sognepr\u00e6st p\u00e5 Mors svarer han:<\/span><span data-ccp-props=\"{&quot;335551550&quot;:0,&quot;335551620&quot;:0}\">\u00a0<\/span><\/p>\n<p><span data-contrast=\"auto\">&#8211; Jeg er 56 \u00e5r, s\u00e5 jeg kan jo blive ved i mange \u00e5r endnu. Jeg er glad for mit liv og min hverdag. Vi har vores familie, som vi nyder samv\u00e6ret med. Vi har t\u00e6tte relationer til mange mennesker p\u00e5 \u00f8en. Det giver mening at v\u00e6re pr\u00e6st og have betydningsfulde samtaler med folk, og ja&#8230; s\u00e5 nyder vi vores fritidsinteresse for salmeb\u00f8ger. Jeg h\u00e5ber p\u00e5 mange gode \u00e5r endnu. \u00a0<\/span><span data-ccp-props=\"{&quot;335551550&quot;:0,&quot;335551620&quot;:0}\">\u00a0<\/span><\/p>\n<p><span data-contrast=\"auto\">D\u00f8rklokken ind til antikvariatet ringer igen, og Peter Albek Noer g\u00e5r sin kone i m\u00f8de. Hun har ikke k\u00f8bt hele butikken, men de har allerede fundet den n\u00e6ste forretning. <\/span><span data-ccp-props=\"{&quot;335551550&quot;:0,&quot;335551620&quot;:0}\">\u00a0<\/span><\/p>\n","protected":false},"excerpt":{"rendered":"<p>FR\u00d8SLEV: Han st\u00e5r med telefonen i h\u00e5nden i en antikforretning i Harzen. Uden for er tr\u00e6erne efter\u00e5rsgule, men luften er varm. Peter Albek Noer er p\u00e5 ferie i Tyskland, med sin kone Bettina, for at fordybe sig i deres store f\u00e6llesinterresse, salmeb\u00f8ger med en s\u00e6rlig s\u00f8lvudsmykning. De holder af at tage p\u00e5 eventyr sammen. P\u00e5 [&hellip;]<\/p>\n","protected":false},"author":2507,"featured_media":80048,"comment_status":"closed","ping_status":"open","sticky":false,"template":"","format":"standard","meta":{"_acf_changed":false,"footnotes":""},"categories":[51,90,52],"tags":[161,175],"class_list":["post-80021","post","type-post","status-publish","format-standard","has-post-thumbnail","hentry","category-lokalt","category-morsingboerne","category-navne","tag-kirker","tag-morsingboerne"],"acf":[],"yoast_head":"<!-- This site is optimized with the Yoast SEO plugin v26.8 - https:\/\/yoast.com\/product\/yoast-seo-wordpress\/ -->\n<title>Pr\u00e6stejubil\u00e6um: H\u00e5bet betyder meget for mig - Mors<\/title>\n<meta name=\"robots\" content=\"index, follow, max-snippet:-1, max-image-preview:large, max-video-preview:-1\" \/>\n<link rel=\"canonical\" href=\"https:\/\/kunmedierne.dk\/mors\/praestejubilaeum-haabet-betyder-meget-for-mig\/\" \/>\n<meta property=\"og:locale\" content=\"da_DK\" \/>\n<meta property=\"og:type\" content=\"article\" \/>\n<meta property=\"og:title\" content=\"Pr\u00e6stejubil\u00e6um: H\u00e5bet betyder meget for mig - Mors\" \/>\n<meta property=\"og:description\" content=\"FR\u00d8SLEV: Han st\u00e5r med telefonen i h\u00e5nden i en antikforretning i Harzen. Uden for er tr\u00e6erne efter\u00e5rsgule, men luften er varm. Peter Albek Noer er p\u00e5 ferie i Tyskland, med sin kone Bettina, for at fordybe sig i deres store f\u00e6llesinterresse, salmeb\u00f8ger med en s\u00e6rlig s\u00f8lvudsmykning. De holder af at tage p\u00e5 eventyr sammen. P\u00e5 [&hellip;]\" \/>\n<meta property=\"og:url\" content=\"https:\/\/kunmedierne.dk\/mors\/praestejubilaeum-haabet-betyder-meget-for-mig\/\" \/>\n<meta property=\"og:site_name\" content=\"Mors\" \/>\n<meta property=\"article:published_time\" content=\"2022-10-13T17:29:01+00:00\" \/>\n<meta property=\"article:modified_time\" content=\"2024-08-07T12:38:22+00:00\" \/>\n<meta property=\"og:image\" content=\"https:\/\/kunmedierne.dk\/mors\/wp-content\/uploads\/2022\/10\/familiefoto_Froestrup_Praest.png\" \/>\n\t<meta property=\"og:image:width\" content=\"770\" \/>\n\t<meta property=\"og:image:height\" content=\"513\" \/>\n\t<meta property=\"og:image:type\" content=\"image\/png\" \/>\n<meta name=\"author\" content=\"Katrine Hedegaard\" \/>\n<meta name=\"twitter:card\" content=\"summary_large_image\" \/>\n<meta name=\"twitter:label1\" content=\"Skrevet af\" \/>\n\t<meta name=\"twitter:data1\" content=\"Katrine Hedegaard\" \/>\n\t<meta name=\"twitter:label2\" content=\"Estimeret l\u00e6setid\" \/>\n\t<meta name=\"twitter:data2\" content=\"6 minutter\" \/>\n<script type=\"application\/ld+json\" class=\"yoast-schema-graph\">{\"@context\":\"https:\/\/schema.org\",\"@graph\":[{\"@type\":\"Article\",\"@id\":\"https:\/\/kunmedierne.dk\/mors\/praestejubilaeum-haabet-betyder-meget-for-mig\/#article\",\"isPartOf\":{\"@id\":\"https:\/\/kunmedierne.dk\/mors\/praestejubilaeum-haabet-betyder-meget-for-mig\/\"},\"author\":{\"name\":\"Katrine Hedegaard\",\"@id\":\"https:\/\/kunmedierne.dk\/mors\/#\/schema\/person\/b2e62a38069b12365e53e087a8709c64\"},\"headline\":\"Pr\u00e6stejubil\u00e6um: H\u00e5bet betyder meget for mig\",\"datePublished\":\"2022-10-13T17:29:01+00:00\",\"dateModified\":\"2024-08-07T12:38:22+00:00\",\"mainEntityOfPage\":{\"@id\":\"https:\/\/kunmedierne.dk\/mors\/praestejubilaeum-haabet-betyder-meget-for-mig\/\"},\"wordCount\":1086,\"publisher\":{\"@id\":\"https:\/\/kunmedierne.dk\/mors\/#organization\"},\"image\":{\"@id\":\"https:\/\/kunmedierne.dk\/mors\/praestejubilaeum-haabet-betyder-meget-for-mig\/#primaryimage\"},\"thumbnailUrl\":\"https:\/\/kunmedierne.dk\/mors\/wp-content\/uploads\/2022\/10\/familiefoto_Froestrup_Praest.png\",\"keywords\":[\"Kirkestof\",\"Morsingboerne\"],\"articleSection\":[\"Lokalt\",\"Morsingboerne\",\"Navne\"],\"inLanguage\":\"da-DK\"},{\"@type\":\"WebPage\",\"@id\":\"https:\/\/kunmedierne.dk\/mors\/praestejubilaeum-haabet-betyder-meget-for-mig\/\",\"url\":\"https:\/\/kunmedierne.dk\/mors\/praestejubilaeum-haabet-betyder-meget-for-mig\/\",\"name\":\"Pr\u00e6stejubil\u00e6um: H\u00e5bet betyder meget for mig - Mors\",\"isPartOf\":{\"@id\":\"https:\/\/kunmedierne.dk\/mors\/#website\"},\"primaryImageOfPage\":{\"@id\":\"https:\/\/kunmedierne.dk\/mors\/praestejubilaeum-haabet-betyder-meget-for-mig\/#primaryimage\"},\"image\":{\"@id\":\"https:\/\/kunmedierne.dk\/mors\/praestejubilaeum-haabet-betyder-meget-for-mig\/#primaryimage\"},\"thumbnailUrl\":\"https:\/\/kunmedierne.dk\/mors\/wp-content\/uploads\/2022\/10\/familiefoto_Froestrup_Praest.png\",\"datePublished\":\"2022-10-13T17:29:01+00:00\",\"dateModified\":\"2024-08-07T12:38:22+00:00\",\"breadcrumb\":{\"@id\":\"https:\/\/kunmedierne.dk\/mors\/praestejubilaeum-haabet-betyder-meget-for-mig\/#breadcrumb\"},\"inLanguage\":\"da-DK\",\"potentialAction\":[{\"@type\":\"ReadAction\",\"target\":[\"https:\/\/kunmedierne.dk\/mors\/praestejubilaeum-haabet-betyder-meget-for-mig\/\"]}]},{\"@type\":\"ImageObject\",\"inLanguage\":\"da-DK\",\"@id\":\"https:\/\/kunmedierne.dk\/mors\/praestejubilaeum-haabet-betyder-meget-for-mig\/#primaryimage\",\"url\":\"https:\/\/kunmedierne.dk\/mors\/wp-content\/uploads\/2022\/10\/familiefoto_Froestrup_Praest.png\",\"contentUrl\":\"https:\/\/kunmedierne.dk\/mors\/wp-content\/uploads\/2022\/10\/familiefoto_Froestrup_Praest.png\",\"width\":770,\"height\":513,\"caption\":\"Familiefoto\"},{\"@type\":\"BreadcrumbList\",\"@id\":\"https:\/\/kunmedierne.dk\/mors\/praestejubilaeum-haabet-betyder-meget-for-mig\/#breadcrumb\",\"itemListElement\":[{\"@type\":\"ListItem\",\"position\":1,\"name\":\"Hjem\",\"item\":\"https:\/\/kunmedierne.dk\/mors\/\"},{\"@type\":\"ListItem\",\"position\":2,\"name\":\"Pr\u00e6stejubil\u00e6um: H\u00e5bet betyder meget for mig\"}]},{\"@type\":\"WebSite\",\"@id\":\"https:\/\/kunmedierne.dk\/mors\/#website\",\"url\":\"https:\/\/kunmedierne.dk\/mors\/\",\"name\":\"Mors\",\"description\":\"et netmedie med journalistik om livet p\u00e5 Mors\",\"publisher\":{\"@id\":\"https:\/\/kunmedierne.dk\/mors\/#organization\"},\"potentialAction\":[{\"@type\":\"SearchAction\",\"target\":{\"@type\":\"EntryPoint\",\"urlTemplate\":\"https:\/\/kunmedierne.dk\/mors\/?s={search_term_string}\"},\"query-input\":{\"@type\":\"PropertyValueSpecification\",\"valueRequired\":true,\"valueName\":\"search_term_string\"}}],\"inLanguage\":\"da-DK\"},{\"@type\":\"Organization\",\"@id\":\"https:\/\/kunmedierne.dk\/mors\/#organization\",\"name\":\"Mors\",\"url\":\"https:\/\/kunmedierne.dk\/mors\/\",\"logo\":{\"@type\":\"ImageObject\",\"inLanguage\":\"da-DK\",\"@id\":\"https:\/\/kunmedierne.dk\/mors\/#\/schema\/logo\/image\/\",\"url\":\"https:\/\/kunmedierne.dk\/mors\/wp-content\/uploads\/2024\/08\/kunmors-logo.svg\",\"contentUrl\":\"https:\/\/kunmedierne.dk\/mors\/wp-content\/uploads\/2024\/08\/kunmors-logo.svg\",\"caption\":\"Mors\"},\"image\":{\"@id\":\"https:\/\/kunmedierne.dk\/mors\/#\/schema\/logo\/image\/\"}},{\"@type\":\"Person\",\"@id\":\"https:\/\/kunmedierne.dk\/mors\/#\/schema\/person\/b2e62a38069b12365e53e087a8709c64\",\"name\":\"Katrine Hedegaard\",\"image\":{\"@type\":\"ImageObject\",\"inLanguage\":\"da-DK\",\"@id\":\"https:\/\/kunmedierne.dk\/mors\/#\/schema\/person\/image\/\",\"url\":\"https:\/\/secure.gravatar.com\/avatar\/18a5c72fa9148052fd3ed5a58b40fc83cfdc9811090e6e6eec9539af058edcc0?s=96&d=mm&r=g\",\"contentUrl\":\"https:\/\/secure.gravatar.com\/avatar\/18a5c72fa9148052fd3ed5a58b40fc83cfdc9811090e6e6eec9539af058edcc0?s=96&d=mm&r=g\",\"caption\":\"Katrine Hedegaard\"},\"url\":\"https:\/\/kunmedierne.dk\/mors\/author\/katrine\/\"}]}<\/script>\n<!-- \/ Yoast SEO plugin. -->","yoast_head_json":{"title":"Pr\u00e6stejubil\u00e6um: H\u00e5bet betyder meget for mig - Mors","robots":{"index":"index","follow":"follow","max-snippet":"max-snippet:-1","max-image-preview":"max-image-preview:large","max-video-preview":"max-video-preview:-1"},"canonical":"https:\/\/kunmedierne.dk\/mors\/praestejubilaeum-haabet-betyder-meget-for-mig\/","og_locale":"da_DK","og_type":"article","og_title":"Pr\u00e6stejubil\u00e6um: H\u00e5bet betyder meget for mig - Mors","og_description":"FR\u00d8SLEV: Han st\u00e5r med telefonen i h\u00e5nden i en antikforretning i Harzen. Uden for er tr\u00e6erne efter\u00e5rsgule, men luften er varm. Peter Albek Noer er p\u00e5 ferie i Tyskland, med sin kone Bettina, for at fordybe sig i deres store f\u00e6llesinterresse, salmeb\u00f8ger med en s\u00e6rlig s\u00f8lvudsmykning. De holder af at tage p\u00e5 eventyr sammen. P\u00e5 [&hellip;]","og_url":"https:\/\/kunmedierne.dk\/mors\/praestejubilaeum-haabet-betyder-meget-for-mig\/","og_site_name":"Mors","article_published_time":"2022-10-13T17:29:01+00:00","article_modified_time":"2024-08-07T12:38:22+00:00","og_image":[{"width":770,"height":513,"url":"https:\/\/kunmedierne.dk\/mors\/wp-content\/uploads\/2022\/10\/familiefoto_Froestrup_Praest.png","type":"image\/png"}],"author":"Katrine Hedegaard","twitter_card":"summary_large_image","twitter_misc":{"Skrevet af":"Katrine Hedegaard","Estimeret l\u00e6setid":"6 minutter"},"schema":{"@context":"https:\/\/schema.org","@graph":[{"@type":"Article","@id":"https:\/\/kunmedierne.dk\/mors\/praestejubilaeum-haabet-betyder-meget-for-mig\/#article","isPartOf":{"@id":"https:\/\/kunmedierne.dk\/mors\/praestejubilaeum-haabet-betyder-meget-for-mig\/"},"author":{"name":"Katrine Hedegaard","@id":"https:\/\/kunmedierne.dk\/mors\/#\/schema\/person\/b2e62a38069b12365e53e087a8709c64"},"headline":"Pr\u00e6stejubil\u00e6um: H\u00e5bet betyder meget for mig","datePublished":"2022-10-13T17:29:01+00:00","dateModified":"2024-08-07T12:38:22+00:00","mainEntityOfPage":{"@id":"https:\/\/kunmedierne.dk\/mors\/praestejubilaeum-haabet-betyder-meget-for-mig\/"},"wordCount":1086,"publisher":{"@id":"https:\/\/kunmedierne.dk\/mors\/#organization"},"image":{"@id":"https:\/\/kunmedierne.dk\/mors\/praestejubilaeum-haabet-betyder-meget-for-mig\/#primaryimage"},"thumbnailUrl":"https:\/\/kunmedierne.dk\/mors\/wp-content\/uploads\/2022\/10\/familiefoto_Froestrup_Praest.png","keywords":["Kirkestof","Morsingboerne"],"articleSection":["Lokalt","Morsingboerne","Navne"],"inLanguage":"da-DK"},{"@type":"WebPage","@id":"https:\/\/kunmedierne.dk\/mors\/praestejubilaeum-haabet-betyder-meget-for-mig\/","url":"https:\/\/kunmedierne.dk\/mors\/praestejubilaeum-haabet-betyder-meget-for-mig\/","name":"Pr\u00e6stejubil\u00e6um: H\u00e5bet betyder meget for mig - Mors","isPartOf":{"@id":"https:\/\/kunmedierne.dk\/mors\/#website"},"primaryImageOfPage":{"@id":"https:\/\/kunmedierne.dk\/mors\/praestejubilaeum-haabet-betyder-meget-for-mig\/#primaryimage"},"image":{"@id":"https:\/\/kunmedierne.dk\/mors\/praestejubilaeum-haabet-betyder-meget-for-mig\/#primaryimage"},"thumbnailUrl":"https:\/\/kunmedierne.dk\/mors\/wp-content\/uploads\/2022\/10\/familiefoto_Froestrup_Praest.png","datePublished":"2022-10-13T17:29:01+00:00","dateModified":"2024-08-07T12:38:22+00:00","breadcrumb":{"@id":"https:\/\/kunmedierne.dk\/mors\/praestejubilaeum-haabet-betyder-meget-for-mig\/#breadcrumb"},"inLanguage":"da-DK","potentialAction":[{"@type":"ReadAction","target":["https:\/\/kunmedierne.dk\/mors\/praestejubilaeum-haabet-betyder-meget-for-mig\/"]}]},{"@type":"ImageObject","inLanguage":"da-DK","@id":"https:\/\/kunmedierne.dk\/mors\/praestejubilaeum-haabet-betyder-meget-for-mig\/#primaryimage","url":"https:\/\/kunmedierne.dk\/mors\/wp-content\/uploads\/2022\/10\/familiefoto_Froestrup_Praest.png","contentUrl":"https:\/\/kunmedierne.dk\/mors\/wp-content\/uploads\/2022\/10\/familiefoto_Froestrup_Praest.png","width":770,"height":513,"caption":"Familiefoto"},{"@type":"BreadcrumbList","@id":"https:\/\/kunmedierne.dk\/mors\/praestejubilaeum-haabet-betyder-meget-for-mig\/#breadcrumb","itemListElement":[{"@type":"ListItem","position":1,"name":"Hjem","item":"https:\/\/kunmedierne.dk\/mors\/"},{"@type":"ListItem","position":2,"name":"Pr\u00e6stejubil\u00e6um: H\u00e5bet betyder meget for mig"}]},{"@type":"WebSite","@id":"https:\/\/kunmedierne.dk\/mors\/#website","url":"https:\/\/kunmedierne.dk\/mors\/","name":"Mors","description":"et netmedie med journalistik om livet p\u00e5 Mors","publisher":{"@id":"https:\/\/kunmedierne.dk\/mors\/#organization"},"potentialAction":[{"@type":"SearchAction","target":{"@type":"EntryPoint","urlTemplate":"https:\/\/kunmedierne.dk\/mors\/?s={search_term_string}"},"query-input":{"@type":"PropertyValueSpecification","valueRequired":true,"valueName":"search_term_string"}}],"inLanguage":"da-DK"},{"@type":"Organization","@id":"https:\/\/kunmedierne.dk\/mors\/#organization","name":"Mors","url":"https:\/\/kunmedierne.dk\/mors\/","logo":{"@type":"ImageObject","inLanguage":"da-DK","@id":"https:\/\/kunmedierne.dk\/mors\/#\/schema\/logo\/image\/","url":"https:\/\/kunmedierne.dk\/mors\/wp-content\/uploads\/2024\/08\/kunmors-logo.svg","contentUrl":"https:\/\/kunmedierne.dk\/mors\/wp-content\/uploads\/2024\/08\/kunmors-logo.svg","caption":"Mors"},"image":{"@id":"https:\/\/kunmedierne.dk\/mors\/#\/schema\/logo\/image\/"}},{"@type":"Person","@id":"https:\/\/kunmedierne.dk\/mors\/#\/schema\/person\/b2e62a38069b12365e53e087a8709c64","name":"Katrine Hedegaard","image":{"@type":"ImageObject","inLanguage":"da-DK","@id":"https:\/\/kunmedierne.dk\/mors\/#\/schema\/person\/image\/","url":"https:\/\/secure.gravatar.com\/avatar\/18a5c72fa9148052fd3ed5a58b40fc83cfdc9811090e6e6eec9539af058edcc0?s=96&d=mm&r=g","contentUrl":"https:\/\/secure.gravatar.com\/avatar\/18a5c72fa9148052fd3ed5a58b40fc83cfdc9811090e6e6eec9539af058edcc0?s=96&d=mm&r=g","caption":"Katrine Hedegaard"},"url":"https:\/\/kunmedierne.dk\/mors\/author\/katrine\/"}]}},"_links":{"self":[{"href":"https:\/\/kunmedierne.dk\/mors\/wp-json\/wp\/v2\/posts\/80021","targetHints":{"allow":["GET"]}}],"collection":[{"href":"https:\/\/kunmedierne.dk\/mors\/wp-json\/wp\/v2\/posts"}],"about":[{"href":"https:\/\/kunmedierne.dk\/mors\/wp-json\/wp\/v2\/types\/post"}],"author":[{"embeddable":true,"href":"https:\/\/kunmedierne.dk\/mors\/wp-json\/wp\/v2\/users\/2507"}],"replies":[{"embeddable":true,"href":"https:\/\/kunmedierne.dk\/mors\/wp-json\/wp\/v2\/comments?post=80021"}],"version-history":[{"count":45,"href":"https:\/\/kunmedierne.dk\/mors\/wp-json\/wp\/v2\/posts\/80021\/revisions"}],"predecessor-version":[{"id":107499,"href":"https:\/\/kunmedierne.dk\/mors\/wp-json\/wp\/v2\/posts\/80021\/revisions\/107499"}],"wp:featuredmedia":[{"embeddable":true,"href":"https:\/\/kunmedierne.dk\/mors\/wp-json\/wp\/v2\/media\/80048"}],"wp:attachment":[{"href":"https:\/\/kunmedierne.dk\/mors\/wp-json\/wp\/v2\/media?parent=80021"}],"wp:term":[{"taxonomy":"category","embeddable":true,"href":"https:\/\/kunmedierne.dk\/mors\/wp-json\/wp\/v2\/categories?post=80021"},{"taxonomy":"post_tag","embeddable":true,"href":"https:\/\/kunmedierne.dk\/mors\/wp-json\/wp\/v2\/tags?post=80021"}],"curies":[{"name":"wp","href":"https:\/\/api.w.org\/{rel}","templated":true}]}}