{"id":79514,"date":"2022-10-08T08:49:14","date_gmt":"2022-10-08T06:49:14","guid":{"rendered":"https:\/\/kunmedierne.dk\/mors\/?p=79514"},"modified":"2024-08-07T14:38:24","modified_gmt":"2024-08-07T12:38:24","slug":"kunstner-fra-mors-fylder-70-aar","status":"publish","type":"post","link":"https:\/\/kunmedierne.dk\/mors\/kunstner-fra-mors-fylder-70-aar\/","title":{"rendered":"Kunstner fra Mors fylder 70 \u00e5r"},"content":{"rendered":"<p><strong>MORS<\/strong>: Vejen l\u00e5 bestemt ikke \u00e5ben for, at Finn Have skulle blive kunstner. Men nu har den id\u00e9rige landskabsmaler levet af det siden 1985.<\/p>\n<p>L\u00f8rdag 15. oktober fylder den tidligere skolel\u00e6rer 70 \u00e5r, og barndomsegnen p\u00e5 Mors er j\u00e6vnligt omdrejningspunkter for hans virke og udstillinger. Finn Have bor p\u00e5 nuv\u00e6rende tidspunkt i Odder, men har et hus p\u00e5 Mors med atelier.<\/p>\n<p>&nbsp;<\/p>\n<p><strong>Barndommen p\u00e5 Mors<\/strong><\/p>\n<p>Dagsordenen var en helt anden end kunst i hjemmet i Nyk\u00f8bing. Faren Alfred arbejdede p\u00e5 Mors\u00f8 Jernst\u00f8beri, og moren Dora var sygehj\u00e6lper. Kunst var ikke en del af deres verden, og n\u00e5r s\u00f8nnen havde stillet hjemmets tv ind p\u00e5 udsendelser, der bare lignede kunst, gav faren ham besked p\u00e5 at slukke.<\/p>\n<p>Men hans talent for kunst kunne ikke holdes nede. Ja, faktisk solgte han sit f\u00f8rste kunstv\u00e6rk allerede, da han var 10 \u00e5r. P\u00e5 trappen foran barndomshjemmet sad han og tegnede genboens hus. Snart blev han kontaktet af genboen, der ville k\u00f8be tegningen, og det blev startskuddet p\u00e5 hans kunstneriske karriere.<\/p>\n<a class=\"dvrt-link\" onClick=\"cdmtrack_click(104785,jQuery(this));return false\" href=\"https:\/\/www.facebook.com\/lyndrups\"><img decoding=\"async\" style=\"width:100%;\" src=\"https:\/\/kunmedierne.dk\/mors\/wp-content\/uploads\/2022\/02\/vip-lyndrups-rengoering.jpg\"><\/a><script>cdmtrack_view(104785);<\/script>\n<p>Hans talent for at tegne f\u00f8rte ogs\u00e5 til, at en l\u00e6rer i skolen sagde, at \u201ddu bliver kunstner en dag\u201d.<\/p>\n<p>\u201dNej, jeg vil v\u00e6re l\u00e6ge,\u201d svarede den ambiti\u00f8se elev.<\/p>\n<p>Tidligt gik Finn Have ogs\u00e5 p\u00e5 kunstudstillinger og sugede indtryk til sig. Den slags var ikke noget for for\u00e6ldrene, og da s\u00f8nnen selv begyndte at udstille, m\u00f8dte de sj\u00e6ldent op.<\/p>\n<p>\u201dSolgte du noget?\u201d spurgte faren. Det var han mere interesseret i.<\/p>\n<p>&nbsp;<\/p>\n<p><strong>Blev l\u00e6rer<br \/>\n<\/strong><\/p>\n<p>Finn Have besluttede sig for at blive l\u00e6rer, og yderligere inspiration til at blive kunstner fik han p\u00e5 Marselisborg Seminarium i Aarhus. Lektor Niels J\u00f8rgen Thorendahl underviste i billedkunst og skabte lyst til mere, s\u00e5 Finn Have tog p\u00e5 Oskar Kokoschkas sommerakademi i \u00d8strig og havde Danmarks store maler Per Kirkeby som underviser.<\/p>\n<p>Finn Have n\u00e5ede at blive uddannet l\u00e6rer og f\u00e5 job p\u00e5 M\u00e5rslet Skole, men i 1985 besluttede han sig for, at kunst skulle v\u00e6re hans levevej.<\/p>\n<a class=\"dvrt-link\" onClick=\"cdmtrack_click(104779,jQuery(this));return false\" href=\"https:\/\/morsoe-begravelsesforretning.dk\/\"><img decoding=\"async\" style=\"width:100%;\" src=\"https:\/\/kunmedierne.dk\/mors\/wp-content\/uploads\/2023\/11\/251215-morsoe-begravelsesforretning.jpg\"><\/a><script>cdmtrack_view(104779);<\/script>\n<p>Undervejs havde han blandt andet v\u00e6ret med til at lave en happening med Labyrint i Aarhus Festuge i 1983. Gruppen havde lavet en udstilling p\u00e5 Aarhus Kunstmuseum i H\u00f8gh Guldbergs Gade med titlen \u201dNedgravning\u201d, og for at understrege det, gravede samtlige kunstnere sig ned i gr\u00e6spl\u00e6nen foran museet. Kun deres hoveder stak op.<\/p>\n<p>&#8220;Det var en varm og dejlig oplevelse, og den dag besluttede jeg mig for, at jeg vil begraves, ikke br\u00e6ndes, n\u00e5r jeg skal herfra,\u201d udtaler Finn Have.<\/p>\n<p>&nbsp;<\/p>\n<p><strong>Fr\u00f8erne v\u00e6ltede frem<\/strong><\/p>\n<p>Da han i 1987 var p\u00e5 et legatophold p\u00e5 \u00f8en Sveaborg, der var center for Nordisk Kunstcentrum, fik han en overv\u00e6ldende oplevelse, som fik stor betydning for hans arbejde med landskabet og naturen som motiv.<\/p>\n<p>Isen begyndte at smelte i en s\u00f8 midt ude p\u00e5 \u00f8en. Pludselig vrimlede det med fr\u00f8er, og han malede fr\u00f8er i 14 dage. I \u00f8ens tr\u00e6er opstod tilmed for f\u00f8rste gang hans interesse for at male landskaber.<\/p>\n<a class=\"dvrt-link\" onClick=\"cdmtrack_click(114591,jQuery(this));return false\" href=\"https:\/\/www.facebook.com\/kopogkandemors\"><img decoding=\"async\" style=\"width:100%;\" src=\"https:\/\/kunmedierne.dk\/mors\/wp-content\/uploads\/2024\/03\/kop-og-kande-ja-tak-tilbud.jpg\"><\/a><script>cdmtrack_view(114591);<\/script>\n<p>I 1990\u2019erne optog landskabet i de sydeurop\u00e6iske lande ham, og han har v\u00e6ret i Andalusien 24-25 gange. Senere drog han i perioder til Italien og Portugal.<\/p>\n<p>Finn Have kobler gerne det maleriske med skulpturer og installationer.<\/p>\n<p>Han har haft store udstillinger p\u00e5 Randers Kunstmuseum i 2006 og 2017, henholdsvis \u201dDit sted \u2013 mit sted\u201d og \u201d\u00c5ndehuller\u201d, den sidste med 150 v\u00e6rker.<\/p>\n<p>F\u00f8dselsdagen fejres med den n\u00e6rmeste familie.<\/p>\n<blockquote>\n<h4>FAKTA<\/h4>\n<h5>F\u00f8dt i Nyk\u00f8bing Mors &#8211; bor i Odder.<\/h5>\n<h5>Medlem af Kunstnersamfundet og BKF.<\/h5>\n<h5>Medstifter af bl.a. Kunstnergruppen OK-19, Prokk, kunstnergruppen Labyrint, Kunstnernes Hus i \u00c5rhus.<\/h5>\n<\/blockquote>\n","protected":false},"excerpt":{"rendered":"<p>MORS: Vejen l\u00e5 bestemt ikke \u00e5ben for, at Finn Have skulle blive kunstner. Men nu har den id\u00e9rige landskabsmaler levet af det siden 1985. L\u00f8rdag 15. oktober fylder den tidligere skolel\u00e6rer 70 \u00e5r, og barndomsegnen p\u00e5 Mors er j\u00e6vnligt omdrejningspunkter for hans virke og udstillinger. Finn Have bor p\u00e5 nuv\u00e6rende tidspunkt i Odder, men har [&hellip;]<\/p>\n","protected":false},"author":2507,"featured_media":79552,"comment_status":"closed","ping_status":"open","sticky":false,"template":"","format":"standard","meta":{"_acf_changed":false,"footnotes":""},"categories":[49,52],"tags":[],"class_list":["post-79514","post","type-post","status-publish","format-standard","has-post-thumbnail","hentry","category-kultur","category-navne"],"acf":[],"yoast_head":"<!-- This site is optimized with the Yoast SEO plugin v26.8 - https:\/\/yoast.com\/product\/yoast-seo-wordpress\/ -->\n<title>Kunstner fra Mors fylder 70 \u00e5r - Mors<\/title>\n<meta name=\"robots\" content=\"index, follow, max-snippet:-1, max-image-preview:large, max-video-preview:-1\" \/>\n<link rel=\"canonical\" href=\"https:\/\/kunmedierne.dk\/mors\/kunstner-fra-mors-fylder-70-aar\/\" \/>\n<meta property=\"og:locale\" content=\"da_DK\" \/>\n<meta property=\"og:type\" content=\"article\" \/>\n<meta property=\"og:title\" content=\"Kunstner fra Mors fylder 70 \u00e5r - Mors\" \/>\n<meta property=\"og:description\" content=\"MORS: Vejen l\u00e5 bestemt ikke \u00e5ben for, at Finn Have skulle blive kunstner. Men nu har den id\u00e9rige landskabsmaler levet af det siden 1985. L\u00f8rdag 15. oktober fylder den tidligere skolel\u00e6rer 70 \u00e5r, og barndomsegnen p\u00e5 Mors er j\u00e6vnligt omdrejningspunkter for hans virke og udstillinger. Finn Have bor p\u00e5 nuv\u00e6rende tidspunkt i Odder, men har [&hellip;]\" \/>\n<meta property=\"og:url\" content=\"https:\/\/kunmedierne.dk\/mors\/kunstner-fra-mors-fylder-70-aar\/\" \/>\n<meta property=\"og:site_name\" content=\"Mors\" \/>\n<meta property=\"article:published_time\" content=\"2022-10-08T06:49:14+00:00\" \/>\n<meta property=\"article:modified_time\" content=\"2024-08-07T12:38:24+00:00\" \/>\n<meta property=\"og:image\" content=\"https:\/\/kunmedierne.dk\/mors\/wp-content\/uploads\/2022\/10\/Finn-Have-ved-maleri.jpg\" \/>\n\t<meta property=\"og:image:width\" content=\"2518\" \/>\n\t<meta property=\"og:image:height\" content=\"1534\" \/>\n\t<meta property=\"og:image:type\" content=\"image\/jpeg\" \/>\n<meta name=\"author\" content=\"Katrine Hedegaard\" \/>\n<meta name=\"twitter:card\" content=\"summary_large_image\" \/>\n<meta name=\"twitter:label1\" content=\"Skrevet af\" \/>\n\t<meta name=\"twitter:data1\" content=\"Katrine Hedegaard\" \/>\n\t<meta name=\"twitter:label2\" content=\"Estimeret l\u00e6setid\" \/>\n\t<meta name=\"twitter:data2\" content=\"3 minutter\" \/>\n<script type=\"application\/ld+json\" class=\"yoast-schema-graph\">{\"@context\":\"https:\/\/schema.org\",\"@graph\":[{\"@type\":\"Article\",\"@id\":\"https:\/\/kunmedierne.dk\/mors\/kunstner-fra-mors-fylder-70-aar\/#article\",\"isPartOf\":{\"@id\":\"https:\/\/kunmedierne.dk\/mors\/kunstner-fra-mors-fylder-70-aar\/\"},\"author\":{\"name\":\"Katrine Hedegaard\",\"@id\":\"https:\/\/kunmedierne.dk\/mors\/#\/schema\/person\/b2e62a38069b12365e53e087a8709c64\"},\"headline\":\"Kunstner fra Mors fylder 70 \u00e5r\",\"datePublished\":\"2022-10-08T06:49:14+00:00\",\"dateModified\":\"2024-08-07T12:38:24+00:00\",\"mainEntityOfPage\":{\"@id\":\"https:\/\/kunmedierne.dk\/mors\/kunstner-fra-mors-fylder-70-aar\/\"},\"wordCount\":616,\"publisher\":{\"@id\":\"https:\/\/kunmedierne.dk\/mors\/#organization\"},\"image\":{\"@id\":\"https:\/\/kunmedierne.dk\/mors\/kunstner-fra-mors-fylder-70-aar\/#primaryimage\"},\"thumbnailUrl\":\"https:\/\/kunmedierne.dk\/mors\/wp-content\/uploads\/2022\/10\/Finn-Have-ved-maleri.jpg\",\"articleSection\":[\"Kultur\",\"Navne\"],\"inLanguage\":\"da-DK\"},{\"@type\":\"WebPage\",\"@id\":\"https:\/\/kunmedierne.dk\/mors\/kunstner-fra-mors-fylder-70-aar\/\",\"url\":\"https:\/\/kunmedierne.dk\/mors\/kunstner-fra-mors-fylder-70-aar\/\",\"name\":\"Kunstner fra Mors fylder 70 \u00e5r - Mors\",\"isPartOf\":{\"@id\":\"https:\/\/kunmedierne.dk\/mors\/#website\"},\"primaryImageOfPage\":{\"@id\":\"https:\/\/kunmedierne.dk\/mors\/kunstner-fra-mors-fylder-70-aar\/#primaryimage\"},\"image\":{\"@id\":\"https:\/\/kunmedierne.dk\/mors\/kunstner-fra-mors-fylder-70-aar\/#primaryimage\"},\"thumbnailUrl\":\"https:\/\/kunmedierne.dk\/mors\/wp-content\/uploads\/2022\/10\/Finn-Have-ved-maleri.jpg\",\"datePublished\":\"2022-10-08T06:49:14+00:00\",\"dateModified\":\"2024-08-07T12:38:24+00:00\",\"breadcrumb\":{\"@id\":\"https:\/\/kunmedierne.dk\/mors\/kunstner-fra-mors-fylder-70-aar\/#breadcrumb\"},\"inLanguage\":\"da-DK\",\"potentialAction\":[{\"@type\":\"ReadAction\",\"target\":[\"https:\/\/kunmedierne.dk\/mors\/kunstner-fra-mors-fylder-70-aar\/\"]}]},{\"@type\":\"ImageObject\",\"inLanguage\":\"da-DK\",\"@id\":\"https:\/\/kunmedierne.dk\/mors\/kunstner-fra-mors-fylder-70-aar\/#primaryimage\",\"url\":\"https:\/\/kunmedierne.dk\/mors\/wp-content\/uploads\/2022\/10\/Finn-Have-ved-maleri.jpg\",\"contentUrl\":\"https:\/\/kunmedierne.dk\/mors\/wp-content\/uploads\/2022\/10\/Finn-Have-ved-maleri.jpg\",\"width\":2518,\"height\":1534,\"caption\":\"Foto: Finn Have\"},{\"@type\":\"BreadcrumbList\",\"@id\":\"https:\/\/kunmedierne.dk\/mors\/kunstner-fra-mors-fylder-70-aar\/#breadcrumb\",\"itemListElement\":[{\"@type\":\"ListItem\",\"position\":1,\"name\":\"Hjem\",\"item\":\"https:\/\/kunmedierne.dk\/mors\/\"},{\"@type\":\"ListItem\",\"position\":2,\"name\":\"Kunstner fra Mors fylder 70 \u00e5r\"}]},{\"@type\":\"WebSite\",\"@id\":\"https:\/\/kunmedierne.dk\/mors\/#website\",\"url\":\"https:\/\/kunmedierne.dk\/mors\/\",\"name\":\"Mors\",\"description\":\"et netmedie med journalistik om livet p\u00e5 Mors\",\"publisher\":{\"@id\":\"https:\/\/kunmedierne.dk\/mors\/#organization\"},\"potentialAction\":[{\"@type\":\"SearchAction\",\"target\":{\"@type\":\"EntryPoint\",\"urlTemplate\":\"https:\/\/kunmedierne.dk\/mors\/?s={search_term_string}\"},\"query-input\":{\"@type\":\"PropertyValueSpecification\",\"valueRequired\":true,\"valueName\":\"search_term_string\"}}],\"inLanguage\":\"da-DK\"},{\"@type\":\"Organization\",\"@id\":\"https:\/\/kunmedierne.dk\/mors\/#organization\",\"name\":\"Mors\",\"url\":\"https:\/\/kunmedierne.dk\/mors\/\",\"logo\":{\"@type\":\"ImageObject\",\"inLanguage\":\"da-DK\",\"@id\":\"https:\/\/kunmedierne.dk\/mors\/#\/schema\/logo\/image\/\",\"url\":\"https:\/\/kunmedierne.dk\/mors\/wp-content\/uploads\/2024\/08\/kunmors-logo.svg\",\"contentUrl\":\"https:\/\/kunmedierne.dk\/mors\/wp-content\/uploads\/2024\/08\/kunmors-logo.svg\",\"caption\":\"Mors\"},\"image\":{\"@id\":\"https:\/\/kunmedierne.dk\/mors\/#\/schema\/logo\/image\/\"}},{\"@type\":\"Person\",\"@id\":\"https:\/\/kunmedierne.dk\/mors\/#\/schema\/person\/b2e62a38069b12365e53e087a8709c64\",\"name\":\"Katrine Hedegaard\",\"image\":{\"@type\":\"ImageObject\",\"inLanguage\":\"da-DK\",\"@id\":\"https:\/\/kunmedierne.dk\/mors\/#\/schema\/person\/image\/\",\"url\":\"https:\/\/secure.gravatar.com\/avatar\/18a5c72fa9148052fd3ed5a58b40fc83cfdc9811090e6e6eec9539af058edcc0?s=96&d=mm&r=g\",\"contentUrl\":\"https:\/\/secure.gravatar.com\/avatar\/18a5c72fa9148052fd3ed5a58b40fc83cfdc9811090e6e6eec9539af058edcc0?s=96&d=mm&r=g\",\"caption\":\"Katrine Hedegaard\"},\"url\":\"https:\/\/kunmedierne.dk\/mors\/author\/katrine\/\"}]}<\/script>\n<!-- \/ Yoast SEO plugin. -->","yoast_head_json":{"title":"Kunstner fra Mors fylder 70 \u00e5r - Mors","robots":{"index":"index","follow":"follow","max-snippet":"max-snippet:-1","max-image-preview":"max-image-preview:large","max-video-preview":"max-video-preview:-1"},"canonical":"https:\/\/kunmedierne.dk\/mors\/kunstner-fra-mors-fylder-70-aar\/","og_locale":"da_DK","og_type":"article","og_title":"Kunstner fra Mors fylder 70 \u00e5r - Mors","og_description":"MORS: Vejen l\u00e5 bestemt ikke \u00e5ben for, at Finn Have skulle blive kunstner. Men nu har den id\u00e9rige landskabsmaler levet af det siden 1985. L\u00f8rdag 15. oktober fylder den tidligere skolel\u00e6rer 70 \u00e5r, og barndomsegnen p\u00e5 Mors er j\u00e6vnligt omdrejningspunkter for hans virke og udstillinger. Finn Have bor p\u00e5 nuv\u00e6rende tidspunkt i Odder, men har [&hellip;]","og_url":"https:\/\/kunmedierne.dk\/mors\/kunstner-fra-mors-fylder-70-aar\/","og_site_name":"Mors","article_published_time":"2022-10-08T06:49:14+00:00","article_modified_time":"2024-08-07T12:38:24+00:00","og_image":[{"width":2518,"height":1534,"url":"https:\/\/kunmedierne.dk\/mors\/wp-content\/uploads\/2022\/10\/Finn-Have-ved-maleri.jpg","type":"image\/jpeg"}],"author":"Katrine Hedegaard","twitter_card":"summary_large_image","twitter_misc":{"Skrevet af":"Katrine Hedegaard","Estimeret l\u00e6setid":"3 minutter"},"schema":{"@context":"https:\/\/schema.org","@graph":[{"@type":"Article","@id":"https:\/\/kunmedierne.dk\/mors\/kunstner-fra-mors-fylder-70-aar\/#article","isPartOf":{"@id":"https:\/\/kunmedierne.dk\/mors\/kunstner-fra-mors-fylder-70-aar\/"},"author":{"name":"Katrine Hedegaard","@id":"https:\/\/kunmedierne.dk\/mors\/#\/schema\/person\/b2e62a38069b12365e53e087a8709c64"},"headline":"Kunstner fra Mors fylder 70 \u00e5r","datePublished":"2022-10-08T06:49:14+00:00","dateModified":"2024-08-07T12:38:24+00:00","mainEntityOfPage":{"@id":"https:\/\/kunmedierne.dk\/mors\/kunstner-fra-mors-fylder-70-aar\/"},"wordCount":616,"publisher":{"@id":"https:\/\/kunmedierne.dk\/mors\/#organization"},"image":{"@id":"https:\/\/kunmedierne.dk\/mors\/kunstner-fra-mors-fylder-70-aar\/#primaryimage"},"thumbnailUrl":"https:\/\/kunmedierne.dk\/mors\/wp-content\/uploads\/2022\/10\/Finn-Have-ved-maleri.jpg","articleSection":["Kultur","Navne"],"inLanguage":"da-DK"},{"@type":"WebPage","@id":"https:\/\/kunmedierne.dk\/mors\/kunstner-fra-mors-fylder-70-aar\/","url":"https:\/\/kunmedierne.dk\/mors\/kunstner-fra-mors-fylder-70-aar\/","name":"Kunstner fra Mors fylder 70 \u00e5r - Mors","isPartOf":{"@id":"https:\/\/kunmedierne.dk\/mors\/#website"},"primaryImageOfPage":{"@id":"https:\/\/kunmedierne.dk\/mors\/kunstner-fra-mors-fylder-70-aar\/#primaryimage"},"image":{"@id":"https:\/\/kunmedierne.dk\/mors\/kunstner-fra-mors-fylder-70-aar\/#primaryimage"},"thumbnailUrl":"https:\/\/kunmedierne.dk\/mors\/wp-content\/uploads\/2022\/10\/Finn-Have-ved-maleri.jpg","datePublished":"2022-10-08T06:49:14+00:00","dateModified":"2024-08-07T12:38:24+00:00","breadcrumb":{"@id":"https:\/\/kunmedierne.dk\/mors\/kunstner-fra-mors-fylder-70-aar\/#breadcrumb"},"inLanguage":"da-DK","potentialAction":[{"@type":"ReadAction","target":["https:\/\/kunmedierne.dk\/mors\/kunstner-fra-mors-fylder-70-aar\/"]}]},{"@type":"ImageObject","inLanguage":"da-DK","@id":"https:\/\/kunmedierne.dk\/mors\/kunstner-fra-mors-fylder-70-aar\/#primaryimage","url":"https:\/\/kunmedierne.dk\/mors\/wp-content\/uploads\/2022\/10\/Finn-Have-ved-maleri.jpg","contentUrl":"https:\/\/kunmedierne.dk\/mors\/wp-content\/uploads\/2022\/10\/Finn-Have-ved-maleri.jpg","width":2518,"height":1534,"caption":"Foto: Finn Have"},{"@type":"BreadcrumbList","@id":"https:\/\/kunmedierne.dk\/mors\/kunstner-fra-mors-fylder-70-aar\/#breadcrumb","itemListElement":[{"@type":"ListItem","position":1,"name":"Hjem","item":"https:\/\/kunmedierne.dk\/mors\/"},{"@type":"ListItem","position":2,"name":"Kunstner fra Mors fylder 70 \u00e5r"}]},{"@type":"WebSite","@id":"https:\/\/kunmedierne.dk\/mors\/#website","url":"https:\/\/kunmedierne.dk\/mors\/","name":"Mors","description":"et netmedie med journalistik om livet p\u00e5 Mors","publisher":{"@id":"https:\/\/kunmedierne.dk\/mors\/#organization"},"potentialAction":[{"@type":"SearchAction","target":{"@type":"EntryPoint","urlTemplate":"https:\/\/kunmedierne.dk\/mors\/?s={search_term_string}"},"query-input":{"@type":"PropertyValueSpecification","valueRequired":true,"valueName":"search_term_string"}}],"inLanguage":"da-DK"},{"@type":"Organization","@id":"https:\/\/kunmedierne.dk\/mors\/#organization","name":"Mors","url":"https:\/\/kunmedierne.dk\/mors\/","logo":{"@type":"ImageObject","inLanguage":"da-DK","@id":"https:\/\/kunmedierne.dk\/mors\/#\/schema\/logo\/image\/","url":"https:\/\/kunmedierne.dk\/mors\/wp-content\/uploads\/2024\/08\/kunmors-logo.svg","contentUrl":"https:\/\/kunmedierne.dk\/mors\/wp-content\/uploads\/2024\/08\/kunmors-logo.svg","caption":"Mors"},"image":{"@id":"https:\/\/kunmedierne.dk\/mors\/#\/schema\/logo\/image\/"}},{"@type":"Person","@id":"https:\/\/kunmedierne.dk\/mors\/#\/schema\/person\/b2e62a38069b12365e53e087a8709c64","name":"Katrine Hedegaard","image":{"@type":"ImageObject","inLanguage":"da-DK","@id":"https:\/\/kunmedierne.dk\/mors\/#\/schema\/person\/image\/","url":"https:\/\/secure.gravatar.com\/avatar\/18a5c72fa9148052fd3ed5a58b40fc83cfdc9811090e6e6eec9539af058edcc0?s=96&d=mm&r=g","contentUrl":"https:\/\/secure.gravatar.com\/avatar\/18a5c72fa9148052fd3ed5a58b40fc83cfdc9811090e6e6eec9539af058edcc0?s=96&d=mm&r=g","caption":"Katrine Hedegaard"},"url":"https:\/\/kunmedierne.dk\/mors\/author\/katrine\/"}]}},"_links":{"self":[{"href":"https:\/\/kunmedierne.dk\/mors\/wp-json\/wp\/v2\/posts\/79514","targetHints":{"allow":["GET"]}}],"collection":[{"href":"https:\/\/kunmedierne.dk\/mors\/wp-json\/wp\/v2\/posts"}],"about":[{"href":"https:\/\/kunmedierne.dk\/mors\/wp-json\/wp\/v2\/types\/post"}],"author":[{"embeddable":true,"href":"https:\/\/kunmedierne.dk\/mors\/wp-json\/wp\/v2\/users\/2507"}],"replies":[{"embeddable":true,"href":"https:\/\/kunmedierne.dk\/mors\/wp-json\/wp\/v2\/comments?post=79514"}],"version-history":[{"count":10,"href":"https:\/\/kunmedierne.dk\/mors\/wp-json\/wp\/v2\/posts\/79514\/revisions"}],"predecessor-version":[{"id":79533,"href":"https:\/\/kunmedierne.dk\/mors\/wp-json\/wp\/v2\/posts\/79514\/revisions\/79533"}],"wp:featuredmedia":[{"embeddable":true,"href":"https:\/\/kunmedierne.dk\/mors\/wp-json\/wp\/v2\/media\/79552"}],"wp:attachment":[{"href":"https:\/\/kunmedierne.dk\/mors\/wp-json\/wp\/v2\/media?parent=79514"}],"wp:term":[{"taxonomy":"category","embeddable":true,"href":"https:\/\/kunmedierne.dk\/mors\/wp-json\/wp\/v2\/categories?post=79514"},{"taxonomy":"post_tag","embeddable":true,"href":"https:\/\/kunmedierne.dk\/mors\/wp-json\/wp\/v2\/tags?post=79514"}],"curies":[{"name":"wp","href":"https:\/\/api.w.org\/{rel}","templated":true}]}}