{"id":79253,"date":"2022-10-04T14:31:41","date_gmt":"2022-10-04T12:31:41","guid":{"rendered":"https:\/\/kunmedierne.dk\/mors\/?p=79253"},"modified":"2024-08-07T14:38:26","modified_gmt":"2024-08-07T12:38:26","slug":"lader-kulturmoedet-byens-borgere-i-stikken","status":"publish","type":"post","link":"https:\/\/kunmedierne.dk\/mors\/lader-kulturmoedet-byens-borgere-i-stikken\/","title":{"rendered":"&#8220;Lader Kulturm\u00f8det byens borgere i stikken?&#8221;"},"content":{"rendered":"<p><em>L\u00e6serbrev fra Martin Bach Ottosen, Nyk\u00f8bing:<\/em><\/p>\n<hr \/>\n<p><strong>MORS<\/strong>: Sommerens Kulturm\u00f8de p\u00e5 Mors 2022 blev vist af mange vurderet til at v\u00e6re det bedste i \u201dmands minde\u201d.<\/p>\n<p>Det meget righoldige program kunne n\u00e6sten give en deltager \u00e5nden\u00f8d, fordi der var s\u00e5 stort et udbud af interessante programpunkter.<\/p>\n<p>Dog finder jeg det p\u00e5faldende og helt un\u00f8dvendigt, at MEGET h\u00f8jtspillende rockkoncerter bliver placeret i den \u00e6ldre bykerne, hvor byens borgere bor mindre end 100 meter fra forst\u00e6rkeren.<\/p>\n<a class=\"dvrt-link\" onClick=\"cdmtrack_click(104781,jQuery(this));return false\" href=\"https:\/\/www.fmspks.dk\/\"><img decoding=\"async\" style=\"width:100%;\" src=\"https:\/\/kunmedierne.dk\/mors\/wp-content\/uploads\/2022\/02\/vip-froeslev-mollerup-sparekasse.jpg\"><\/a><script>cdmtrack_view(104781);<\/script>\n<p>Dette var s\u00e5ledes tilf\u00e6ldet i \u00e5r ved koncerten med \u201dBurnin Red Ivanhoe\u201d i Klosterg\u00e5rden i Munkegade fredag aften\/nat.<\/p>\n<p>Koncerter af den kaliber b\u00f8r l\u00e6gges udenfor egentlig bym\u00e6ssig bebyggelse, s\u00e5 byens borgere kan nyde de mere stille kulturaktiviteter i selve bykernen.<\/p>\n<hr \/>\n<p><em>Har du et bidrag til den lokale debat? Send det til os p\u00e5 e-mail: debat@kunmedierne.dk\/mors<\/em><\/p>\n","protected":false},"excerpt":{"rendered":"<p>L\u00e6serbrev fra Martin Bach Ottosen, Nyk\u00f8bing: MORS: Sommerens Kulturm\u00f8de p\u00e5 Mors 2022 blev vist af mange vurderet til at v\u00e6re det bedste i \u201dmands minde\u201d. Det meget righoldige program kunne n\u00e6sten give en deltager \u00e5nden\u00f8d, fordi der var s\u00e5 stort et udbud af interessante programpunkter. Dog finder jeg det p\u00e5faldende og helt un\u00f8dvendigt, at MEGET [&hellip;]<\/p>\n","protected":false},"author":11,"featured_media":76638,"comment_status":"closed","ping_status":"open","sticky":false,"template":"","format":"standard","meta":{"_acf_changed":false,"footnotes":""},"categories":[56,49],"tags":[162],"class_list":["post-79253","post","type-post","status-publish","format-standard","has-post-thumbnail","hentry","category-debat","category-kultur","tag-kulturmoedet"],"acf":[],"yoast_head":"<!-- This site is optimized with the Yoast SEO plugin v26.8 - https:\/\/yoast.com\/product\/yoast-seo-wordpress\/ -->\n<title>&quot;Lader Kulturm\u00f8det byens borgere i stikken?&quot; - Mors<\/title>\n<meta name=\"robots\" content=\"index, follow, max-snippet:-1, max-image-preview:large, max-video-preview:-1\" \/>\n<link rel=\"canonical\" href=\"https:\/\/kunmedierne.dk\/mors\/lader-kulturmoedet-byens-borgere-i-stikken\/\" \/>\n<meta property=\"og:locale\" content=\"da_DK\" \/>\n<meta property=\"og:type\" content=\"article\" \/>\n<meta property=\"og:title\" content=\"&quot;Lader Kulturm\u00f8det byens borgere i stikken?&quot; - Mors\" \/>\n<meta property=\"og:description\" content=\"L\u00e6serbrev fra Martin Bach Ottosen, Nyk\u00f8bing: MORS: Sommerens Kulturm\u00f8de p\u00e5 Mors 2022 blev vist af mange vurderet til at v\u00e6re det bedste i \u201dmands minde\u201d. Det meget righoldige program kunne n\u00e6sten give en deltager \u00e5nden\u00f8d, fordi der var s\u00e5 stort et udbud af interessante programpunkter. Dog finder jeg det p\u00e5faldende og helt un\u00f8dvendigt, at MEGET [&hellip;]\" \/>\n<meta property=\"og:url\" content=\"https:\/\/kunmedierne.dk\/mors\/lader-kulturmoedet-byens-borgere-i-stikken\/\" \/>\n<meta property=\"og:site_name\" content=\"Mors\" \/>\n<meta property=\"article:published_time\" content=\"2022-10-04T12:31:41+00:00\" \/>\n<meta property=\"article:modified_time\" content=\"2024-08-07T12:38:26+00:00\" \/>\n<meta property=\"og:image\" content=\"https:\/\/kunmedierne.dk\/mors\/wp-content\/uploads\/2022\/08\/kulturmoedet-2022-7.jpg\" \/>\n\t<meta property=\"og:image:width\" content=\"770\" \/>\n\t<meta property=\"og:image:height\" content=\"514\" \/>\n\t<meta property=\"og:image:type\" content=\"image\/jpeg\" \/>\n<meta name=\"author\" content=\"Debat\" \/>\n<meta name=\"twitter:card\" content=\"summary_large_image\" \/>\n<meta name=\"twitter:label1\" content=\"Skrevet af\" \/>\n\t<meta name=\"twitter:data1\" content=\"Debat\" \/>\n\t<meta name=\"twitter:label2\" content=\"Estimeret l\u00e6setid\" \/>\n\t<meta name=\"twitter:data2\" content=\"1 minut\" \/>\n<script type=\"application\/ld+json\" class=\"yoast-schema-graph\">{\"@context\":\"https:\/\/schema.org\",\"@graph\":[{\"@type\":\"Article\",\"@id\":\"https:\/\/kunmedierne.dk\/mors\/lader-kulturmoedet-byens-borgere-i-stikken\/#article\",\"isPartOf\":{\"@id\":\"https:\/\/kunmedierne.dk\/mors\/lader-kulturmoedet-byens-borgere-i-stikken\/\"},\"author\":{\"name\":\"Debat\",\"@id\":\"https:\/\/kunmedierne.dk\/mors\/#\/schema\/person\/84c1391bce0b43b9bb3a49736bc0ad78\"},\"headline\":\"&#8220;Lader Kulturm\u00f8det byens borgere i stikken?&#8221;\",\"datePublished\":\"2022-10-04T12:31:41+00:00\",\"dateModified\":\"2024-08-07T12:38:26+00:00\",\"mainEntityOfPage\":{\"@id\":\"https:\/\/kunmedierne.dk\/mors\/lader-kulturmoedet-byens-borgere-i-stikken\/\"},\"wordCount\":155,\"publisher\":{\"@id\":\"https:\/\/kunmedierne.dk\/mors\/#organization\"},\"image\":{\"@id\":\"https:\/\/kunmedierne.dk\/mors\/lader-kulturmoedet-byens-borgere-i-stikken\/#primaryimage\"},\"thumbnailUrl\":\"https:\/\/kunmedierne.dk\/mors\/wp-content\/uploads\/2022\/08\/kulturmoedet-2022-7.jpg\",\"keywords\":[\"Kulturm\u00f8det\"],\"articleSection\":[\"Debat\",\"Kultur\"],\"inLanguage\":\"da-DK\"},{\"@type\":\"WebPage\",\"@id\":\"https:\/\/kunmedierne.dk\/mors\/lader-kulturmoedet-byens-borgere-i-stikken\/\",\"url\":\"https:\/\/kunmedierne.dk\/mors\/lader-kulturmoedet-byens-borgere-i-stikken\/\",\"name\":\"\\\"Lader Kulturm\u00f8det byens borgere i stikken?\\\" - Mors\",\"isPartOf\":{\"@id\":\"https:\/\/kunmedierne.dk\/mors\/#website\"},\"primaryImageOfPage\":{\"@id\":\"https:\/\/kunmedierne.dk\/mors\/lader-kulturmoedet-byens-borgere-i-stikken\/#primaryimage\"},\"image\":{\"@id\":\"https:\/\/kunmedierne.dk\/mors\/lader-kulturmoedet-byens-borgere-i-stikken\/#primaryimage\"},\"thumbnailUrl\":\"https:\/\/kunmedierne.dk\/mors\/wp-content\/uploads\/2022\/08\/kulturmoedet-2022-7.jpg\",\"datePublished\":\"2022-10-04T12:31:41+00:00\",\"dateModified\":\"2024-08-07T12:38:26+00:00\",\"breadcrumb\":{\"@id\":\"https:\/\/kunmedierne.dk\/mors\/lader-kulturmoedet-byens-borgere-i-stikken\/#breadcrumb\"},\"inLanguage\":\"da-DK\",\"potentialAction\":[{\"@type\":\"ReadAction\",\"target\":[\"https:\/\/kunmedierne.dk\/mors\/lader-kulturmoedet-byens-borgere-i-stikken\/\"]}]},{\"@type\":\"ImageObject\",\"inLanguage\":\"da-DK\",\"@id\":\"https:\/\/kunmedierne.dk\/mors\/lader-kulturmoedet-byens-borgere-i-stikken\/#primaryimage\",\"url\":\"https:\/\/kunmedierne.dk\/mors\/wp-content\/uploads\/2022\/08\/kulturmoedet-2022-7.jpg\",\"contentUrl\":\"https:\/\/kunmedierne.dk\/mors\/wp-content\/uploads\/2022\/08\/kulturmoedet-2022-7.jpg\",\"width\":770,\"height\":514,\"caption\":\"Foto: Per Bille\"},{\"@type\":\"BreadcrumbList\",\"@id\":\"https:\/\/kunmedierne.dk\/mors\/lader-kulturmoedet-byens-borgere-i-stikken\/#breadcrumb\",\"itemListElement\":[{\"@type\":\"ListItem\",\"position\":1,\"name\":\"Hjem\",\"item\":\"https:\/\/kunmedierne.dk\/mors\/\"},{\"@type\":\"ListItem\",\"position\":2,\"name\":\"&#8220;Lader Kulturm\u00f8det byens borgere i stikken?&#8221;\"}]},{\"@type\":\"WebSite\",\"@id\":\"https:\/\/kunmedierne.dk\/mors\/#website\",\"url\":\"https:\/\/kunmedierne.dk\/mors\/\",\"name\":\"Mors\",\"description\":\"et netmedie med journalistik om livet p\u00e5 Mors\",\"publisher\":{\"@id\":\"https:\/\/kunmedierne.dk\/mors\/#organization\"},\"potentialAction\":[{\"@type\":\"SearchAction\",\"target\":{\"@type\":\"EntryPoint\",\"urlTemplate\":\"https:\/\/kunmedierne.dk\/mors\/?s={search_term_string}\"},\"query-input\":{\"@type\":\"PropertyValueSpecification\",\"valueRequired\":true,\"valueName\":\"search_term_string\"}}],\"inLanguage\":\"da-DK\"},{\"@type\":\"Organization\",\"@id\":\"https:\/\/kunmedierne.dk\/mors\/#organization\",\"name\":\"Mors\",\"url\":\"https:\/\/kunmedierne.dk\/mors\/\",\"logo\":{\"@type\":\"ImageObject\",\"inLanguage\":\"da-DK\",\"@id\":\"https:\/\/kunmedierne.dk\/mors\/#\/schema\/logo\/image\/\",\"url\":\"https:\/\/kunmedierne.dk\/mors\/wp-content\/uploads\/2024\/08\/kunmors-logo.svg\",\"contentUrl\":\"https:\/\/kunmedierne.dk\/mors\/wp-content\/uploads\/2024\/08\/kunmors-logo.svg\",\"caption\":\"Mors\"},\"image\":{\"@id\":\"https:\/\/kunmedierne.dk\/mors\/#\/schema\/logo\/image\/\"}},{\"@type\":\"Person\",\"@id\":\"https:\/\/kunmedierne.dk\/mors\/#\/schema\/person\/84c1391bce0b43b9bb3a49736bc0ad78\",\"name\":\"Debat\",\"image\":{\"@type\":\"ImageObject\",\"inLanguage\":\"da-DK\",\"@id\":\"https:\/\/kunmedierne.dk\/mors\/#\/schema\/person\/image\/\",\"url\":\"https:\/\/secure.gravatar.com\/avatar\/b0fb2e221d618f7c65162ab0d49c7e8a0b580c871ca03af90e42b47b4150654c?s=96&d=mm&r=g\",\"contentUrl\":\"https:\/\/secure.gravatar.com\/avatar\/b0fb2e221d618f7c65162ab0d49c7e8a0b580c871ca03af90e42b47b4150654c?s=96&d=mm&r=g\",\"caption\":\"Debat\"},\"url\":\"https:\/\/kunmedierne.dk\/mors\/author\/debat\/\"}]}<\/script>\n<!-- \/ Yoast SEO plugin. -->","yoast_head_json":{"title":"\"Lader Kulturm\u00f8det byens borgere i stikken?\" - Mors","robots":{"index":"index","follow":"follow","max-snippet":"max-snippet:-1","max-image-preview":"max-image-preview:large","max-video-preview":"max-video-preview:-1"},"canonical":"https:\/\/kunmedierne.dk\/mors\/lader-kulturmoedet-byens-borgere-i-stikken\/","og_locale":"da_DK","og_type":"article","og_title":"\"Lader Kulturm\u00f8det byens borgere i stikken?\" - Mors","og_description":"L\u00e6serbrev fra Martin Bach Ottosen, Nyk\u00f8bing: MORS: Sommerens Kulturm\u00f8de p\u00e5 Mors 2022 blev vist af mange vurderet til at v\u00e6re det bedste i \u201dmands minde\u201d. Det meget righoldige program kunne n\u00e6sten give en deltager \u00e5nden\u00f8d, fordi der var s\u00e5 stort et udbud af interessante programpunkter. Dog finder jeg det p\u00e5faldende og helt un\u00f8dvendigt, at MEGET [&hellip;]","og_url":"https:\/\/kunmedierne.dk\/mors\/lader-kulturmoedet-byens-borgere-i-stikken\/","og_site_name":"Mors","article_published_time":"2022-10-04T12:31:41+00:00","article_modified_time":"2024-08-07T12:38:26+00:00","og_image":[{"width":770,"height":514,"url":"https:\/\/kunmedierne.dk\/mors\/wp-content\/uploads\/2022\/08\/kulturmoedet-2022-7.jpg","type":"image\/jpeg"}],"author":"Debat","twitter_card":"summary_large_image","twitter_misc":{"Skrevet af":"Debat","Estimeret l\u00e6setid":"1 minut"},"schema":{"@context":"https:\/\/schema.org","@graph":[{"@type":"Article","@id":"https:\/\/kunmedierne.dk\/mors\/lader-kulturmoedet-byens-borgere-i-stikken\/#article","isPartOf":{"@id":"https:\/\/kunmedierne.dk\/mors\/lader-kulturmoedet-byens-borgere-i-stikken\/"},"author":{"name":"Debat","@id":"https:\/\/kunmedierne.dk\/mors\/#\/schema\/person\/84c1391bce0b43b9bb3a49736bc0ad78"},"headline":"&#8220;Lader Kulturm\u00f8det byens borgere i stikken?&#8221;","datePublished":"2022-10-04T12:31:41+00:00","dateModified":"2024-08-07T12:38:26+00:00","mainEntityOfPage":{"@id":"https:\/\/kunmedierne.dk\/mors\/lader-kulturmoedet-byens-borgere-i-stikken\/"},"wordCount":155,"publisher":{"@id":"https:\/\/kunmedierne.dk\/mors\/#organization"},"image":{"@id":"https:\/\/kunmedierne.dk\/mors\/lader-kulturmoedet-byens-borgere-i-stikken\/#primaryimage"},"thumbnailUrl":"https:\/\/kunmedierne.dk\/mors\/wp-content\/uploads\/2022\/08\/kulturmoedet-2022-7.jpg","keywords":["Kulturm\u00f8det"],"articleSection":["Debat","Kultur"],"inLanguage":"da-DK"},{"@type":"WebPage","@id":"https:\/\/kunmedierne.dk\/mors\/lader-kulturmoedet-byens-borgere-i-stikken\/","url":"https:\/\/kunmedierne.dk\/mors\/lader-kulturmoedet-byens-borgere-i-stikken\/","name":"\"Lader Kulturm\u00f8det byens borgere i stikken?\" - Mors","isPartOf":{"@id":"https:\/\/kunmedierne.dk\/mors\/#website"},"primaryImageOfPage":{"@id":"https:\/\/kunmedierne.dk\/mors\/lader-kulturmoedet-byens-borgere-i-stikken\/#primaryimage"},"image":{"@id":"https:\/\/kunmedierne.dk\/mors\/lader-kulturmoedet-byens-borgere-i-stikken\/#primaryimage"},"thumbnailUrl":"https:\/\/kunmedierne.dk\/mors\/wp-content\/uploads\/2022\/08\/kulturmoedet-2022-7.jpg","datePublished":"2022-10-04T12:31:41+00:00","dateModified":"2024-08-07T12:38:26+00:00","breadcrumb":{"@id":"https:\/\/kunmedierne.dk\/mors\/lader-kulturmoedet-byens-borgere-i-stikken\/#breadcrumb"},"inLanguage":"da-DK","potentialAction":[{"@type":"ReadAction","target":["https:\/\/kunmedierne.dk\/mors\/lader-kulturmoedet-byens-borgere-i-stikken\/"]}]},{"@type":"ImageObject","inLanguage":"da-DK","@id":"https:\/\/kunmedierne.dk\/mors\/lader-kulturmoedet-byens-borgere-i-stikken\/#primaryimage","url":"https:\/\/kunmedierne.dk\/mors\/wp-content\/uploads\/2022\/08\/kulturmoedet-2022-7.jpg","contentUrl":"https:\/\/kunmedierne.dk\/mors\/wp-content\/uploads\/2022\/08\/kulturmoedet-2022-7.jpg","width":770,"height":514,"caption":"Foto: Per Bille"},{"@type":"BreadcrumbList","@id":"https:\/\/kunmedierne.dk\/mors\/lader-kulturmoedet-byens-borgere-i-stikken\/#breadcrumb","itemListElement":[{"@type":"ListItem","position":1,"name":"Hjem","item":"https:\/\/kunmedierne.dk\/mors\/"},{"@type":"ListItem","position":2,"name":"&#8220;Lader Kulturm\u00f8det byens borgere i stikken?&#8221;"}]},{"@type":"WebSite","@id":"https:\/\/kunmedierne.dk\/mors\/#website","url":"https:\/\/kunmedierne.dk\/mors\/","name":"Mors","description":"et netmedie med journalistik om livet p\u00e5 Mors","publisher":{"@id":"https:\/\/kunmedierne.dk\/mors\/#organization"},"potentialAction":[{"@type":"SearchAction","target":{"@type":"EntryPoint","urlTemplate":"https:\/\/kunmedierne.dk\/mors\/?s={search_term_string}"},"query-input":{"@type":"PropertyValueSpecification","valueRequired":true,"valueName":"search_term_string"}}],"inLanguage":"da-DK"},{"@type":"Organization","@id":"https:\/\/kunmedierne.dk\/mors\/#organization","name":"Mors","url":"https:\/\/kunmedierne.dk\/mors\/","logo":{"@type":"ImageObject","inLanguage":"da-DK","@id":"https:\/\/kunmedierne.dk\/mors\/#\/schema\/logo\/image\/","url":"https:\/\/kunmedierne.dk\/mors\/wp-content\/uploads\/2024\/08\/kunmors-logo.svg","contentUrl":"https:\/\/kunmedierne.dk\/mors\/wp-content\/uploads\/2024\/08\/kunmors-logo.svg","caption":"Mors"},"image":{"@id":"https:\/\/kunmedierne.dk\/mors\/#\/schema\/logo\/image\/"}},{"@type":"Person","@id":"https:\/\/kunmedierne.dk\/mors\/#\/schema\/person\/84c1391bce0b43b9bb3a49736bc0ad78","name":"Debat","image":{"@type":"ImageObject","inLanguage":"da-DK","@id":"https:\/\/kunmedierne.dk\/mors\/#\/schema\/person\/image\/","url":"https:\/\/secure.gravatar.com\/avatar\/b0fb2e221d618f7c65162ab0d49c7e8a0b580c871ca03af90e42b47b4150654c?s=96&d=mm&r=g","contentUrl":"https:\/\/secure.gravatar.com\/avatar\/b0fb2e221d618f7c65162ab0d49c7e8a0b580c871ca03af90e42b47b4150654c?s=96&d=mm&r=g","caption":"Debat"},"url":"https:\/\/kunmedierne.dk\/mors\/author\/debat\/"}]}},"_links":{"self":[{"href":"https:\/\/kunmedierne.dk\/mors\/wp-json\/wp\/v2\/posts\/79253","targetHints":{"allow":["GET"]}}],"collection":[{"href":"https:\/\/kunmedierne.dk\/mors\/wp-json\/wp\/v2\/posts"}],"about":[{"href":"https:\/\/kunmedierne.dk\/mors\/wp-json\/wp\/v2\/types\/post"}],"author":[{"embeddable":true,"href":"https:\/\/kunmedierne.dk\/mors\/wp-json\/wp\/v2\/users\/11"}],"replies":[{"embeddable":true,"href":"https:\/\/kunmedierne.dk\/mors\/wp-json\/wp\/v2\/comments?post=79253"}],"version-history":[{"count":1,"href":"https:\/\/kunmedierne.dk\/mors\/wp-json\/wp\/v2\/posts\/79253\/revisions"}],"predecessor-version":[{"id":79254,"href":"https:\/\/kunmedierne.dk\/mors\/wp-json\/wp\/v2\/posts\/79253\/revisions\/79254"}],"wp:featuredmedia":[{"embeddable":true,"href":"https:\/\/kunmedierne.dk\/mors\/wp-json\/wp\/v2\/media\/76638"}],"wp:attachment":[{"href":"https:\/\/kunmedierne.dk\/mors\/wp-json\/wp\/v2\/media?parent=79253"}],"wp:term":[{"taxonomy":"category","embeddable":true,"href":"https:\/\/kunmedierne.dk\/mors\/wp-json\/wp\/v2\/categories?post=79253"},{"taxonomy":"post_tag","embeddable":true,"href":"https:\/\/kunmedierne.dk\/mors\/wp-json\/wp\/v2\/tags?post=79253"}],"curies":[{"name":"wp","href":"https:\/\/api.w.org\/{rel}","templated":true}]}}