{"id":7812,"date":"2020-02-15T15:59:25","date_gmt":"2020-02-15T14:59:25","guid":{"rendered":"https:\/\/kunmedierne.dk\/mors\/?p=7812"},"modified":"2024-08-12T14:06:28","modified_gmt":"2024-08-12T12:06:28","slug":"vi-har-undgaaet-katastrofen","status":"publish","type":"post","link":"https:\/\/kunmedierne.dk\/mors\/vi-har-undgaaet-katastrofen\/","title":{"rendered":"&#8211; Vi har undg\u00e5et katastrofen"},"content":{"rendered":"<p><strong>SUNDBY<\/strong>: Det var slemt i sidste weekends storm, men selv om en ny er p\u00e5 vej, bliver det n\u00e6ppe v\u00e6rre for havnen i Sundby.<\/p>\n<p>Det s\u00f8rgede en k\u00e6mpekran og dens folk for l\u00f8rdag, da de fort\u00f8jede elementer af den l\u00f8srevne flydemole blev hejst p\u00e5 land, s\u00e5 de ikke l\u00e6ngere udg\u00f8r nogen risiko.<\/p>\n<p>Alt i alt kan havneformand Peter Hougaard derfor nu se tilbage p\u00e5 et forl\u00f8b, der kunne v\u00e6re g\u00e5et meget v\u00e6rre.<\/p>\n<p>&#8220;Vi har i hvert fald undg\u00e5et katastrofen. Det ville det jo v\u00e6re, hvis elementerne drev ind og knuste b\u00e5dbroerne. S\u00e5 ville der ikke v\u00e6re meget havn tilbage,&#8221; siger han.<\/p>\n<p>Han melder om styr p\u00e5 situationen inden den storm, der er varslet s\u00f8ndag og mandag. Ogs\u00e5 selv om der endnu er et par elementer af flydemolen i vandet.<\/p>\n<p>&#8220;Der ligger et par stykker derude, som har fire jerns\u00f8jler, der burde kunne holde det. S\u00e5 det h\u00e5ber vi p\u00e5. Men dem, der havde revet sig l\u00f8s, fordi et par s\u00f8jler var kn\u00e6kket, er hejst op p\u00e5 land,&#8221; siger han.<\/p>\n<p>Midt i skaderne p\u00e5 flydemolen kan han \u00e5nde lettet op over, at skaderne trods alt ikke var st\u00f8rre. Et par b\u00e5de, der har ligget udsat, slap mirakul\u00f8st for at blive knust af de tonstunge elementer, mens de var frit flydende. Og nu er b\u00e5dene flyttet, mens der alts\u00e5 ogs\u00e5 er kommet styr p\u00e5 resterne af den \u00f8delagte mole.<\/p>\n<p>S\u00e5 nu ser man med fortr\u00f8stning frem imod de kommende dages bl\u00e6sevejr &#8211; og frem imod arbejdet, n\u00e5r vinden har lagt sig.<\/p>\n<p>&#8220;S\u00e5 skal skaderne udbedres, og s\u00e5 skal man finde ud af, om man vil lave tingene p\u00e5 en lidt anden m\u00e5de, end man tidligere har gjort, for at stabilisere det. Det har v\u00e6ret under pres et par gange, men ikke som denne gang med et par s\u00f8jler der kn\u00e6kkede. Det var lidt voldsomt, for det g\u00f8r jo, at tingene skrider. Men kommunen tager fat p\u00e5 det p\u00e5 mandag og finder ud af, hvad der skal ske,&#8221; siger Peter Hougaard.<\/p>\n<p>Han beskriver det som umuligt at vurdere de \u00f8konomiske skader af stormen, men h\u00e5ndteringen af skaderne har uden tvivl forhindrete en endnu st\u00f8rre regning. Ogs\u00e5 i forhold til den varslede storm.<\/p>\n<p>&#8220;Vi f\u00f8ler, at vi er der, hvor vi skal v\u00e6re ud fra det udgangspunkt, der er &#8211; og at vi ogs\u00e5 klarer det bl\u00e6sevejr, der bliver s\u00f8ndag og mandag,&#8221; siger Peter Hougaard.<\/p>\n<div id=\"attachment_7824\" style=\"width: 780px\" class=\"wp-caption alignnone\"><img loading=\"lazy\" decoding=\"async\" aria-describedby=\"caption-attachment-7824\" class=\"wp-image-7824 size-full\" src=\"https:\/\/kunmedierne.dk\/mors\/wp-content\/uploads\/2020\/02\/200215-sundby-havn3.jpg\" alt=\"\" width=\"770\" height=\"433\" srcset=\"https:\/\/kunmedierne.dk\/mors\/wp-content\/uploads\/2020\/02\/200215-sundby-havn3.jpg 770w, https:\/\/kunmedierne.dk\/mors\/wp-content\/uploads\/2020\/02\/200215-sundby-havn3-300x169.jpg 300w, https:\/\/kunmedierne.dk\/mors\/wp-content\/uploads\/2020\/02\/200215-sundby-havn3-768x432.jpg 768w, https:\/\/kunmedierne.dk\/mors\/wp-content\/uploads\/2020\/02\/200215-sundby-havn3-600x337.jpg 600w\" sizes=\"auto, (max-width: 770px) 100vw, 770px\" \/><p id=\"caption-attachment-7824\" class=\"wp-caption-text\">P\u00e5 land og i sikkerhed. Foto: Kristian Bro.<\/p><\/div>\n","protected":false},"excerpt":{"rendered":"<p>SUNDBY: Det var slemt i sidste weekends storm, men selv om en ny er p\u00e5 vej, bliver det n\u00e6ppe v\u00e6rre for havnen i Sundby. Det s\u00f8rgede en k\u00e6mpekran og dens folk for l\u00f8rdag, da de fort\u00f8jede elementer af den l\u00f8srevne flydemole blev hejst p\u00e5 land, s\u00e5 de ikke l\u00e6ngere udg\u00f8r nogen risiko. Alt i alt [&hellip;]<\/p>\n","protected":false},"author":8,"featured_media":7823,"comment_status":"open","ping_status":"open","sticky":false,"template":"","format":"standard","meta":{"_acf_changed":false,"footnotes":""},"categories":[51],"tags":[],"class_list":["post-7812","post","type-post","status-publish","format-standard","has-post-thumbnail","hentry","category-lokalt"],"acf":[],"yoast_head":"<!-- This site is optimized with the Yoast SEO plugin v26.8 - https:\/\/yoast.com\/product\/yoast-seo-wordpress\/ -->\n<title>- Vi har undg\u00e5et katastrofen - Mors<\/title>\n<meta name=\"robots\" content=\"index, follow, max-snippet:-1, max-image-preview:large, max-video-preview:-1\" \/>\n<link rel=\"canonical\" href=\"https:\/\/kunmedierne.dk\/mors\/vi-har-undgaaet-katastrofen\/\" \/>\n<meta property=\"og:locale\" content=\"da_DK\" \/>\n<meta property=\"og:type\" content=\"article\" \/>\n<meta property=\"og:title\" content=\"- Vi har undg\u00e5et katastrofen - Mors\" \/>\n<meta property=\"og:description\" content=\"SUNDBY: Det var slemt i sidste weekends storm, men selv om en ny er p\u00e5 vej, bliver det n\u00e6ppe v\u00e6rre for havnen i Sundby. Det s\u00f8rgede en k\u00e6mpekran og dens folk for l\u00f8rdag, da de fort\u00f8jede elementer af den l\u00f8srevne flydemole blev hejst p\u00e5 land, s\u00e5 de ikke l\u00e6ngere udg\u00f8r nogen risiko. Alt i alt [&hellip;]\" \/>\n<meta property=\"og:url\" content=\"https:\/\/kunmedierne.dk\/mors\/vi-har-undgaaet-katastrofen\/\" \/>\n<meta property=\"og:site_name\" content=\"Mors\" \/>\n<meta property=\"article:published_time\" content=\"2020-02-15T14:59:25+00:00\" \/>\n<meta property=\"article:modified_time\" content=\"2024-08-12T12:06:28+00:00\" \/>\n<meta property=\"og:image\" content=\"https:\/\/kunmedierne.dk\/mors\/wp-content\/uploads\/2020\/02\/200215-sundby-havn1.jpg\" \/>\n\t<meta property=\"og:image:width\" content=\"770\" \/>\n\t<meta property=\"og:image:height\" content=\"433\" \/>\n\t<meta property=\"og:image:type\" content=\"image\/jpeg\" \/>\n<meta name=\"author\" content=\"David H\u00f8jmark\" \/>\n<meta name=\"twitter:card\" content=\"summary_large_image\" \/>\n<meta name=\"twitter:label1\" content=\"Skrevet af\" \/>\n\t<meta name=\"twitter:data1\" content=\"David H\u00f8jmark\" \/>\n\t<meta name=\"twitter:label2\" content=\"Estimeret l\u00e6setid\" \/>\n\t<meta name=\"twitter:data2\" content=\"2 minutter\" \/>\n<script type=\"application\/ld+json\" class=\"yoast-schema-graph\">{\"@context\":\"https:\/\/schema.org\",\"@graph\":[{\"@type\":\"Article\",\"@id\":\"https:\/\/kunmedierne.dk\/mors\/vi-har-undgaaet-katastrofen\/#article\",\"isPartOf\":{\"@id\":\"https:\/\/kunmedierne.dk\/mors\/vi-har-undgaaet-katastrofen\/\"},\"author\":{\"name\":\"David H\u00f8jmark\",\"@id\":\"https:\/\/kunmedierne.dk\/mors\/#\/schema\/person\/5fe23251bf1d0abbcdc6f7896579d548\"},\"headline\":\"&#8211; Vi har undg\u00e5et katastrofen\",\"datePublished\":\"2020-02-15T14:59:25+00:00\",\"dateModified\":\"2024-08-12T12:06:28+00:00\",\"mainEntityOfPage\":{\"@id\":\"https:\/\/kunmedierne.dk\/mors\/vi-har-undgaaet-katastrofen\/\"},\"wordCount\":452,\"commentCount\":0,\"publisher\":{\"@id\":\"https:\/\/kunmedierne.dk\/mors\/#organization\"},\"image\":{\"@id\":\"https:\/\/kunmedierne.dk\/mors\/vi-har-undgaaet-katastrofen\/#primaryimage\"},\"thumbnailUrl\":\"https:\/\/kunmedierne.dk\/mors\/wp-content\/uploads\/2020\/02\/200215-sundby-havn1.jpg\",\"articleSection\":[\"Lokalt\"],\"inLanguage\":\"da-DK\",\"potentialAction\":[{\"@type\":\"CommentAction\",\"name\":\"Comment\",\"target\":[\"https:\/\/kunmedierne.dk\/mors\/vi-har-undgaaet-katastrofen\/#respond\"]}]},{\"@type\":\"WebPage\",\"@id\":\"https:\/\/kunmedierne.dk\/mors\/vi-har-undgaaet-katastrofen\/\",\"url\":\"https:\/\/kunmedierne.dk\/mors\/vi-har-undgaaet-katastrofen\/\",\"name\":\"- Vi har undg\u00e5et katastrofen - Mors\",\"isPartOf\":{\"@id\":\"https:\/\/kunmedierne.dk\/mors\/#website\"},\"primaryImageOfPage\":{\"@id\":\"https:\/\/kunmedierne.dk\/mors\/vi-har-undgaaet-katastrofen\/#primaryimage\"},\"image\":{\"@id\":\"https:\/\/kunmedierne.dk\/mors\/vi-har-undgaaet-katastrofen\/#primaryimage\"},\"thumbnailUrl\":\"https:\/\/kunmedierne.dk\/mors\/wp-content\/uploads\/2020\/02\/200215-sundby-havn1.jpg\",\"datePublished\":\"2020-02-15T14:59:25+00:00\",\"dateModified\":\"2024-08-12T12:06:28+00:00\",\"breadcrumb\":{\"@id\":\"https:\/\/kunmedierne.dk\/mors\/vi-har-undgaaet-katastrofen\/#breadcrumb\"},\"inLanguage\":\"da-DK\",\"potentialAction\":[{\"@type\":\"ReadAction\",\"target\":[\"https:\/\/kunmedierne.dk\/mors\/vi-har-undgaaet-katastrofen\/\"]}]},{\"@type\":\"ImageObject\",\"inLanguage\":\"da-DK\",\"@id\":\"https:\/\/kunmedierne.dk\/mors\/vi-har-undgaaet-katastrofen\/#primaryimage\",\"url\":\"https:\/\/kunmedierne.dk\/mors\/wp-content\/uploads\/2020\/02\/200215-sundby-havn1.jpg\",\"contentUrl\":\"https:\/\/kunmedierne.dk\/mors\/wp-content\/uploads\/2020\/02\/200215-sundby-havn1.jpg\",\"width\":770,\"height\":433,\"caption\":\"En meget st\u00e6rk kran var p\u00e5 arbejde i Sundby Mors Havn. Foto: Kristian Bro.\"},{\"@type\":\"BreadcrumbList\",\"@id\":\"https:\/\/kunmedierne.dk\/mors\/vi-har-undgaaet-katastrofen\/#breadcrumb\",\"itemListElement\":[{\"@type\":\"ListItem\",\"position\":1,\"name\":\"Hjem\",\"item\":\"https:\/\/kunmedierne.dk\/mors\/\"},{\"@type\":\"ListItem\",\"position\":2,\"name\":\"&#8211; Vi har undg\u00e5et katastrofen\"}]},{\"@type\":\"WebSite\",\"@id\":\"https:\/\/kunmedierne.dk\/mors\/#website\",\"url\":\"https:\/\/kunmedierne.dk\/mors\/\",\"name\":\"Mors\",\"description\":\"et netmedie med journalistik om livet p\u00e5 Mors\",\"publisher\":{\"@id\":\"https:\/\/kunmedierne.dk\/mors\/#organization\"},\"potentialAction\":[{\"@type\":\"SearchAction\",\"target\":{\"@type\":\"EntryPoint\",\"urlTemplate\":\"https:\/\/kunmedierne.dk\/mors\/?s={search_term_string}\"},\"query-input\":{\"@type\":\"PropertyValueSpecification\",\"valueRequired\":true,\"valueName\":\"search_term_string\"}}],\"inLanguage\":\"da-DK\"},{\"@type\":\"Organization\",\"@id\":\"https:\/\/kunmedierne.dk\/mors\/#organization\",\"name\":\"Mors\",\"url\":\"https:\/\/kunmedierne.dk\/mors\/\",\"logo\":{\"@type\":\"ImageObject\",\"inLanguage\":\"da-DK\",\"@id\":\"https:\/\/kunmedierne.dk\/mors\/#\/schema\/logo\/image\/\",\"url\":\"https:\/\/kunmedierne.dk\/mors\/wp-content\/uploads\/2024\/08\/kunmors-logo.svg\",\"contentUrl\":\"https:\/\/kunmedierne.dk\/mors\/wp-content\/uploads\/2024\/08\/kunmors-logo.svg\",\"caption\":\"Mors\"},\"image\":{\"@id\":\"https:\/\/kunmedierne.dk\/mors\/#\/schema\/logo\/image\/\"}},{\"@type\":\"Person\",\"@id\":\"https:\/\/kunmedierne.dk\/mors\/#\/schema\/person\/5fe23251bf1d0abbcdc6f7896579d548\",\"name\":\"David H\u00f8jmark\",\"image\":{\"@type\":\"ImageObject\",\"inLanguage\":\"da-DK\",\"@id\":\"https:\/\/kunmedierne.dk\/mors\/#\/schema\/person\/image\/\",\"url\":\"https:\/\/secure.gravatar.com\/avatar\/4315d6fb9ef244d729989f5f90268eb08d5bf8a3d84402f595fa194bb35784fd?s=96&d=mm&r=g\",\"contentUrl\":\"https:\/\/secure.gravatar.com\/avatar\/4315d6fb9ef244d729989f5f90268eb08d5bf8a3d84402f595fa194bb35784fd?s=96&d=mm&r=g\",\"caption\":\"David H\u00f8jmark\"},\"sameAs\":[\"https:\/\/www.kunmedierne.dk\"],\"url\":\"https:\/\/kunmedierne.dk\/mors\/author\/david\/\"}]}<\/script>\n<!-- \/ Yoast SEO plugin. -->","yoast_head_json":{"title":"- Vi har undg\u00e5et katastrofen - Mors","robots":{"index":"index","follow":"follow","max-snippet":"max-snippet:-1","max-image-preview":"max-image-preview:large","max-video-preview":"max-video-preview:-1"},"canonical":"https:\/\/kunmedierne.dk\/mors\/vi-har-undgaaet-katastrofen\/","og_locale":"da_DK","og_type":"article","og_title":"- Vi har undg\u00e5et katastrofen - Mors","og_description":"SUNDBY: Det var slemt i sidste weekends storm, men selv om en ny er p\u00e5 vej, bliver det n\u00e6ppe v\u00e6rre for havnen i Sundby. Det s\u00f8rgede en k\u00e6mpekran og dens folk for l\u00f8rdag, da de fort\u00f8jede elementer af den l\u00f8srevne flydemole blev hejst p\u00e5 land, s\u00e5 de ikke l\u00e6ngere udg\u00f8r nogen risiko. Alt i alt [&hellip;]","og_url":"https:\/\/kunmedierne.dk\/mors\/vi-har-undgaaet-katastrofen\/","og_site_name":"Mors","article_published_time":"2020-02-15T14:59:25+00:00","article_modified_time":"2024-08-12T12:06:28+00:00","og_image":[{"width":770,"height":433,"url":"https:\/\/kunmedierne.dk\/mors\/wp-content\/uploads\/2020\/02\/200215-sundby-havn1.jpg","type":"image\/jpeg"}],"author":"David H\u00f8jmark","twitter_card":"summary_large_image","twitter_misc":{"Skrevet af":"David H\u00f8jmark","Estimeret l\u00e6setid":"2 minutter"},"schema":{"@context":"https:\/\/schema.org","@graph":[{"@type":"Article","@id":"https:\/\/kunmedierne.dk\/mors\/vi-har-undgaaet-katastrofen\/#article","isPartOf":{"@id":"https:\/\/kunmedierne.dk\/mors\/vi-har-undgaaet-katastrofen\/"},"author":{"name":"David H\u00f8jmark","@id":"https:\/\/kunmedierne.dk\/mors\/#\/schema\/person\/5fe23251bf1d0abbcdc6f7896579d548"},"headline":"&#8211; Vi har undg\u00e5et katastrofen","datePublished":"2020-02-15T14:59:25+00:00","dateModified":"2024-08-12T12:06:28+00:00","mainEntityOfPage":{"@id":"https:\/\/kunmedierne.dk\/mors\/vi-har-undgaaet-katastrofen\/"},"wordCount":452,"commentCount":0,"publisher":{"@id":"https:\/\/kunmedierne.dk\/mors\/#organization"},"image":{"@id":"https:\/\/kunmedierne.dk\/mors\/vi-har-undgaaet-katastrofen\/#primaryimage"},"thumbnailUrl":"https:\/\/kunmedierne.dk\/mors\/wp-content\/uploads\/2020\/02\/200215-sundby-havn1.jpg","articleSection":["Lokalt"],"inLanguage":"da-DK","potentialAction":[{"@type":"CommentAction","name":"Comment","target":["https:\/\/kunmedierne.dk\/mors\/vi-har-undgaaet-katastrofen\/#respond"]}]},{"@type":"WebPage","@id":"https:\/\/kunmedierne.dk\/mors\/vi-har-undgaaet-katastrofen\/","url":"https:\/\/kunmedierne.dk\/mors\/vi-har-undgaaet-katastrofen\/","name":"- Vi har undg\u00e5et katastrofen - Mors","isPartOf":{"@id":"https:\/\/kunmedierne.dk\/mors\/#website"},"primaryImageOfPage":{"@id":"https:\/\/kunmedierne.dk\/mors\/vi-har-undgaaet-katastrofen\/#primaryimage"},"image":{"@id":"https:\/\/kunmedierne.dk\/mors\/vi-har-undgaaet-katastrofen\/#primaryimage"},"thumbnailUrl":"https:\/\/kunmedierne.dk\/mors\/wp-content\/uploads\/2020\/02\/200215-sundby-havn1.jpg","datePublished":"2020-02-15T14:59:25+00:00","dateModified":"2024-08-12T12:06:28+00:00","breadcrumb":{"@id":"https:\/\/kunmedierne.dk\/mors\/vi-har-undgaaet-katastrofen\/#breadcrumb"},"inLanguage":"da-DK","potentialAction":[{"@type":"ReadAction","target":["https:\/\/kunmedierne.dk\/mors\/vi-har-undgaaet-katastrofen\/"]}]},{"@type":"ImageObject","inLanguage":"da-DK","@id":"https:\/\/kunmedierne.dk\/mors\/vi-har-undgaaet-katastrofen\/#primaryimage","url":"https:\/\/kunmedierne.dk\/mors\/wp-content\/uploads\/2020\/02\/200215-sundby-havn1.jpg","contentUrl":"https:\/\/kunmedierne.dk\/mors\/wp-content\/uploads\/2020\/02\/200215-sundby-havn1.jpg","width":770,"height":433,"caption":"En meget st\u00e6rk kran var p\u00e5 arbejde i Sundby Mors Havn. Foto: Kristian Bro."},{"@type":"BreadcrumbList","@id":"https:\/\/kunmedierne.dk\/mors\/vi-har-undgaaet-katastrofen\/#breadcrumb","itemListElement":[{"@type":"ListItem","position":1,"name":"Hjem","item":"https:\/\/kunmedierne.dk\/mors\/"},{"@type":"ListItem","position":2,"name":"&#8211; Vi har undg\u00e5et katastrofen"}]},{"@type":"WebSite","@id":"https:\/\/kunmedierne.dk\/mors\/#website","url":"https:\/\/kunmedierne.dk\/mors\/","name":"Mors","description":"et netmedie med journalistik om livet p\u00e5 Mors","publisher":{"@id":"https:\/\/kunmedierne.dk\/mors\/#organization"},"potentialAction":[{"@type":"SearchAction","target":{"@type":"EntryPoint","urlTemplate":"https:\/\/kunmedierne.dk\/mors\/?s={search_term_string}"},"query-input":{"@type":"PropertyValueSpecification","valueRequired":true,"valueName":"search_term_string"}}],"inLanguage":"da-DK"},{"@type":"Organization","@id":"https:\/\/kunmedierne.dk\/mors\/#organization","name":"Mors","url":"https:\/\/kunmedierne.dk\/mors\/","logo":{"@type":"ImageObject","inLanguage":"da-DK","@id":"https:\/\/kunmedierne.dk\/mors\/#\/schema\/logo\/image\/","url":"https:\/\/kunmedierne.dk\/mors\/wp-content\/uploads\/2024\/08\/kunmors-logo.svg","contentUrl":"https:\/\/kunmedierne.dk\/mors\/wp-content\/uploads\/2024\/08\/kunmors-logo.svg","caption":"Mors"},"image":{"@id":"https:\/\/kunmedierne.dk\/mors\/#\/schema\/logo\/image\/"}},{"@type":"Person","@id":"https:\/\/kunmedierne.dk\/mors\/#\/schema\/person\/5fe23251bf1d0abbcdc6f7896579d548","name":"David H\u00f8jmark","image":{"@type":"ImageObject","inLanguage":"da-DK","@id":"https:\/\/kunmedierne.dk\/mors\/#\/schema\/person\/image\/","url":"https:\/\/secure.gravatar.com\/avatar\/4315d6fb9ef244d729989f5f90268eb08d5bf8a3d84402f595fa194bb35784fd?s=96&d=mm&r=g","contentUrl":"https:\/\/secure.gravatar.com\/avatar\/4315d6fb9ef244d729989f5f90268eb08d5bf8a3d84402f595fa194bb35784fd?s=96&d=mm&r=g","caption":"David H\u00f8jmark"},"sameAs":["https:\/\/www.kunmedierne.dk"],"url":"https:\/\/kunmedierne.dk\/mors\/author\/david\/"}]}},"_links":{"self":[{"href":"https:\/\/kunmedierne.dk\/mors\/wp-json\/wp\/v2\/posts\/7812","targetHints":{"allow":["GET"]}}],"collection":[{"href":"https:\/\/kunmedierne.dk\/mors\/wp-json\/wp\/v2\/posts"}],"about":[{"href":"https:\/\/kunmedierne.dk\/mors\/wp-json\/wp\/v2\/types\/post"}],"author":[{"embeddable":true,"href":"https:\/\/kunmedierne.dk\/mors\/wp-json\/wp\/v2\/users\/8"}],"replies":[{"embeddable":true,"href":"https:\/\/kunmedierne.dk\/mors\/wp-json\/wp\/v2\/comments?post=7812"}],"version-history":[{"count":8,"href":"https:\/\/kunmedierne.dk\/mors\/wp-json\/wp\/v2\/posts\/7812\/revisions"}],"predecessor-version":[{"id":7832,"href":"https:\/\/kunmedierne.dk\/mors\/wp-json\/wp\/v2\/posts\/7812\/revisions\/7832"}],"wp:featuredmedia":[{"embeddable":true,"href":"https:\/\/kunmedierne.dk\/mors\/wp-json\/wp\/v2\/media\/7823"}],"wp:attachment":[{"href":"https:\/\/kunmedierne.dk\/mors\/wp-json\/wp\/v2\/media?parent=7812"}],"wp:term":[{"taxonomy":"category","embeddable":true,"href":"https:\/\/kunmedierne.dk\/mors\/wp-json\/wp\/v2\/categories?post=7812"},{"taxonomy":"post_tag","embeddable":true,"href":"https:\/\/kunmedierne.dk\/mors\/wp-json\/wp\/v2\/tags?post=7812"}],"curies":[{"name":"wp","href":"https:\/\/api.w.org\/{rel}","templated":true}]}}