{"id":78087,"date":"2022-09-17T09:08:31","date_gmt":"2022-09-17T07:08:31","guid":{"rendered":"https:\/\/kunmedierne.dk\/mors\/?p=78087"},"modified":"2024-08-12T13:27:22","modified_gmt":"2024-08-12T11:27:22","slug":"ny-journalist-paa-kunmors-3","status":"publish","type":"post","link":"https:\/\/kunmedierne.dk\/mors\/ny-journalist-paa-kunmors-3\/","title":{"rendered":"Ny journalist p\u00e5 KunMors"},"content":{"rendered":"<p><strong>MORS<\/strong>: \u00d8ens eget medie f\u00e5r nu markant tilf\u00f8rsel af redaktionelle kr\u00e6fter.<\/p>\n<p>KunMors har indg\u00e5et en aftale med Katrine Hedegaard, 37-\u00e5rig journalist fra Djursland, om fastans\u00e6ttelse p\u00e5 fuld tid fra og med 1. oktober. Dermed bliver den daglige bemanding fordoblet fra en til to fuldtidsansatte journalister.<\/p>\n<p>Katrine Hedegaard kommer fra en stilling p\u00e5 Radio4, hvor hun b\u00e5de har v\u00e6ret tilrettel\u00e6gger samt v\u00e6rt og reporter p\u00e5 programmerne \u2019Dr\u00f8mmesengen\u2019 og \u2019Menneskemixeren\u2019. Tidligere har hun lavet produktioner for DR, Radio 24syv og Vice TV.<\/p>\n<a class=\"dvrt-link\" onClick=\"cdmtrack_click(104779,jQuery(this));return false\" href=\"https:\/\/morsoe-begravelsesforretning.dk\/\"><img decoding=\"async\" style=\"width:100%;\" src=\"https:\/\/kunmedierne.dk\/mors\/wp-content\/uploads\/2023\/11\/251215-morsoe-begravelsesforretning.jpg\"><\/a><script>cdmtrack_view(104779);<\/script>\n<p>Hun er uddannet journalist fra Danmarks Journalisth\u00f8jskole og har ogs\u00e5 en bachelor i dansk fra K\u00f8benhavns Universitet. I 2015 afsluttede hun desuden en magisteruddannelse p\u00e5 Stockholms konstn\u00e4rliga h\u00f6gskola.<\/p>\n<p>Katrine Hedegaard, der er forfatter til bogen \u2019Faldne Stjerner\u2019, flytter til Mors med sin mand og deres to b\u00f8rn.<\/p>\n<p>Du kan finde lydproduktioner af Katrine Hedegaard for b\u00e5de Danmarks Radio, Radio4 og Radio 24syv <a href=\"http:\/\/norild.dk\/\" target=\"_blank\" rel=\"noopener\">her<\/a>.<\/p>\n<blockquote><p><span style=\"color: #444444; background-color: #ffffff;\">TIP: Tilmeld dig den gratis KunMors-avisen nederst p\u00e5 siden. S\u00e5 f\u00e5r du alle d\u00f8gnets artikler p\u00e5 e-mail hver dag \u2013 og kan nemt finde tidligere dages aviser.<\/span><\/p><\/blockquote>\n","protected":false},"excerpt":{"rendered":"<p>MORS: \u00d8ens eget medie f\u00e5r nu markant tilf\u00f8rsel af redaktionelle kr\u00e6fter. KunMors har indg\u00e5et en aftale med Katrine Hedegaard, 37-\u00e5rig journalist fra Djursland, om fastans\u00e6ttelse p\u00e5 fuld tid fra og med 1. oktober. Dermed bliver den daglige bemanding fordoblet fra en til to fuldtidsansatte journalister. Katrine Hedegaard kommer fra en stilling p\u00e5 Radio4, hvor hun [&hellip;]<\/p>\n","protected":false},"author":996,"featured_media":78088,"comment_status":"closed","ping_status":"open","sticky":false,"template":"","format":"standard","meta":{"_acf_changed":false,"footnotes":""},"categories":[51,52],"tags":[],"class_list":["post-78087","post","type-post","status-publish","format-standard","has-post-thumbnail","hentry","category-lokalt","category-navne"],"acf":[],"yoast_head":"<!-- This site is optimized with the Yoast SEO plugin v26.8 - https:\/\/yoast.com\/product\/yoast-seo-wordpress\/ -->\n<title>Ny journalist p\u00e5 KunMors - Mors<\/title>\n<meta name=\"robots\" content=\"index, follow, max-snippet:-1, max-image-preview:large, max-video-preview:-1\" \/>\n<link rel=\"canonical\" href=\"https:\/\/kunmedierne.dk\/mors\/ny-journalist-paa-kunmors-3\/\" \/>\n<meta property=\"og:locale\" content=\"da_DK\" \/>\n<meta property=\"og:type\" content=\"article\" \/>\n<meta property=\"og:title\" content=\"Ny journalist p\u00e5 KunMors - Mors\" \/>\n<meta property=\"og:description\" content=\"MORS: \u00d8ens eget medie f\u00e5r nu markant tilf\u00f8rsel af redaktionelle kr\u00e6fter. KunMors har indg\u00e5et en aftale med Katrine Hedegaard, 37-\u00e5rig journalist fra Djursland, om fastans\u00e6ttelse p\u00e5 fuld tid fra og med 1. oktober. Dermed bliver den daglige bemanding fordoblet fra en til to fuldtidsansatte journalister. Katrine Hedegaard kommer fra en stilling p\u00e5 Radio4, hvor hun [&hellip;]\" \/>\n<meta property=\"og:url\" content=\"https:\/\/kunmedierne.dk\/mors\/ny-journalist-paa-kunmors-3\/\" \/>\n<meta property=\"og:site_name\" content=\"Mors\" \/>\n<meta property=\"article:published_time\" content=\"2022-09-17T07:08:31+00:00\" \/>\n<meta property=\"article:modified_time\" content=\"2024-08-12T11:27:22+00:00\" \/>\n<meta property=\"og:image\" content=\"https:\/\/kunmedierne.dk\/mors\/wp-content\/uploads\/2022\/09\/katrinehedegaard.jpg\" \/>\n\t<meta property=\"og:image:width\" content=\"771\" \/>\n\t<meta property=\"og:image:height\" content=\"513\" \/>\n\t<meta property=\"og:image:type\" content=\"image\/jpeg\" \/>\n<meta name=\"author\" content=\"kunmors\" \/>\n<meta name=\"twitter:card\" content=\"summary_large_image\" \/>\n<meta name=\"twitter:label1\" content=\"Skrevet af\" \/>\n\t<meta name=\"twitter:data1\" content=\"kunmors\" \/>\n\t<meta name=\"twitter:label2\" content=\"Estimeret l\u00e6setid\" \/>\n\t<meta name=\"twitter:data2\" content=\"1 minut\" \/>\n<script type=\"application\/ld+json\" class=\"yoast-schema-graph\">{\"@context\":\"https:\/\/schema.org\",\"@graph\":[{\"@type\":\"Article\",\"@id\":\"https:\/\/kunmedierne.dk\/mors\/ny-journalist-paa-kunmors-3\/#article\",\"isPartOf\":{\"@id\":\"https:\/\/kunmedierne.dk\/mors\/ny-journalist-paa-kunmors-3\/\"},\"author\":{\"name\":\"kunmors\",\"@id\":\"https:\/\/kunmedierne.dk\/mors\/#\/schema\/person\/976036941aeb67d7da24581e637f2ba5\"},\"headline\":\"Ny journalist p\u00e5 KunMors\",\"datePublished\":\"2022-09-17T07:08:31+00:00\",\"dateModified\":\"2024-08-12T11:27:22+00:00\",\"mainEntityOfPage\":{\"@id\":\"https:\/\/kunmedierne.dk\/mors\/ny-journalist-paa-kunmors-3\/\"},\"wordCount\":192,\"publisher\":{\"@id\":\"https:\/\/kunmedierne.dk\/mors\/#organization\"},\"image\":{\"@id\":\"https:\/\/kunmedierne.dk\/mors\/ny-journalist-paa-kunmors-3\/#primaryimage\"},\"thumbnailUrl\":\"https:\/\/kunmedierne.dk\/mors\/wp-content\/uploads\/2022\/09\/katrinehedegaard.jpg\",\"articleSection\":[\"Lokalt\",\"Navne\"],\"inLanguage\":\"da-DK\"},{\"@type\":\"WebPage\",\"@id\":\"https:\/\/kunmedierne.dk\/mors\/ny-journalist-paa-kunmors-3\/\",\"url\":\"https:\/\/kunmedierne.dk\/mors\/ny-journalist-paa-kunmors-3\/\",\"name\":\"Ny journalist p\u00e5 KunMors - Mors\",\"isPartOf\":{\"@id\":\"https:\/\/kunmedierne.dk\/mors\/#website\"},\"primaryImageOfPage\":{\"@id\":\"https:\/\/kunmedierne.dk\/mors\/ny-journalist-paa-kunmors-3\/#primaryimage\"},\"image\":{\"@id\":\"https:\/\/kunmedierne.dk\/mors\/ny-journalist-paa-kunmors-3\/#primaryimage\"},\"thumbnailUrl\":\"https:\/\/kunmedierne.dk\/mors\/wp-content\/uploads\/2022\/09\/katrinehedegaard.jpg\",\"datePublished\":\"2022-09-17T07:08:31+00:00\",\"dateModified\":\"2024-08-12T11:27:22+00:00\",\"breadcrumb\":{\"@id\":\"https:\/\/kunmedierne.dk\/mors\/ny-journalist-paa-kunmors-3\/#breadcrumb\"},\"inLanguage\":\"da-DK\",\"potentialAction\":[{\"@type\":\"ReadAction\",\"target\":[\"https:\/\/kunmedierne.dk\/mors\/ny-journalist-paa-kunmors-3\/\"]}]},{\"@type\":\"ImageObject\",\"inLanguage\":\"da-DK\",\"@id\":\"https:\/\/kunmedierne.dk\/mors\/ny-journalist-paa-kunmors-3\/#primaryimage\",\"url\":\"https:\/\/kunmedierne.dk\/mors\/wp-content\/uploads\/2022\/09\/katrinehedegaard.jpg\",\"contentUrl\":\"https:\/\/kunmedierne.dk\/mors\/wp-content\/uploads\/2022\/09\/katrinehedegaard.jpg\",\"width\":771,\"height\":513,\"caption\":\"Katrine Hedegaard, ny journalist p\u00e5 KunMors.\"},{\"@type\":\"BreadcrumbList\",\"@id\":\"https:\/\/kunmedierne.dk\/mors\/ny-journalist-paa-kunmors-3\/#breadcrumb\",\"itemListElement\":[{\"@type\":\"ListItem\",\"position\":1,\"name\":\"Hjem\",\"item\":\"https:\/\/kunmedierne.dk\/mors\/\"},{\"@type\":\"ListItem\",\"position\":2,\"name\":\"Ny journalist p\u00e5 KunMors\"}]},{\"@type\":\"WebSite\",\"@id\":\"https:\/\/kunmedierne.dk\/mors\/#website\",\"url\":\"https:\/\/kunmedierne.dk\/mors\/\",\"name\":\"Mors\",\"description\":\"et netmedie med journalistik om livet p\u00e5 Mors\",\"publisher\":{\"@id\":\"https:\/\/kunmedierne.dk\/mors\/#organization\"},\"potentialAction\":[{\"@type\":\"SearchAction\",\"target\":{\"@type\":\"EntryPoint\",\"urlTemplate\":\"https:\/\/kunmedierne.dk\/mors\/?s={search_term_string}\"},\"query-input\":{\"@type\":\"PropertyValueSpecification\",\"valueRequired\":true,\"valueName\":\"search_term_string\"}}],\"inLanguage\":\"da-DK\"},{\"@type\":\"Organization\",\"@id\":\"https:\/\/kunmedierne.dk\/mors\/#organization\",\"name\":\"Mors\",\"url\":\"https:\/\/kunmedierne.dk\/mors\/\",\"logo\":{\"@type\":\"ImageObject\",\"inLanguage\":\"da-DK\",\"@id\":\"https:\/\/kunmedierne.dk\/mors\/#\/schema\/logo\/image\/\",\"url\":\"https:\/\/kunmedierne.dk\/mors\/wp-content\/uploads\/2024\/08\/kunmors-logo.svg\",\"contentUrl\":\"https:\/\/kunmedierne.dk\/mors\/wp-content\/uploads\/2024\/08\/kunmors-logo.svg\",\"caption\":\"Mors\"},\"image\":{\"@id\":\"https:\/\/kunmedierne.dk\/mors\/#\/schema\/logo\/image\/\"}},{\"@type\":\"Person\",\"@id\":\"https:\/\/kunmedierne.dk\/mors\/#\/schema\/person\/976036941aeb67d7da24581e637f2ba5\",\"name\":\"kunmors\",\"image\":{\"@type\":\"ImageObject\",\"inLanguage\":\"da-DK\",\"@id\":\"https:\/\/kunmedierne.dk\/mors\/#\/schema\/person\/image\/\",\"url\":\"https:\/\/secure.gravatar.com\/avatar\/863719231c0bdf22d6b517d97f14a1b3d1b324f1e7076c165656d591ff8cece4?s=96&d=mm&r=g\",\"contentUrl\":\"https:\/\/secure.gravatar.com\/avatar\/863719231c0bdf22d6b517d97f14a1b3d1b324f1e7076c165656d591ff8cece4?s=96&d=mm&r=g\",\"caption\":\"kunmors\"},\"url\":\"https:\/\/kunmedierne.dk\/mors\/author\/kunmors\/\"}]}<\/script>\n<!-- \/ Yoast SEO plugin. -->","yoast_head_json":{"title":"Ny journalist p\u00e5 KunMors - Mors","robots":{"index":"index","follow":"follow","max-snippet":"max-snippet:-1","max-image-preview":"max-image-preview:large","max-video-preview":"max-video-preview:-1"},"canonical":"https:\/\/kunmedierne.dk\/mors\/ny-journalist-paa-kunmors-3\/","og_locale":"da_DK","og_type":"article","og_title":"Ny journalist p\u00e5 KunMors - Mors","og_description":"MORS: \u00d8ens eget medie f\u00e5r nu markant tilf\u00f8rsel af redaktionelle kr\u00e6fter. KunMors har indg\u00e5et en aftale med Katrine Hedegaard, 37-\u00e5rig journalist fra Djursland, om fastans\u00e6ttelse p\u00e5 fuld tid fra og med 1. oktober. Dermed bliver den daglige bemanding fordoblet fra en til to fuldtidsansatte journalister. Katrine Hedegaard kommer fra en stilling p\u00e5 Radio4, hvor hun [&hellip;]","og_url":"https:\/\/kunmedierne.dk\/mors\/ny-journalist-paa-kunmors-3\/","og_site_name":"Mors","article_published_time":"2022-09-17T07:08:31+00:00","article_modified_time":"2024-08-12T11:27:22+00:00","og_image":[{"width":771,"height":513,"url":"https:\/\/kunmedierne.dk\/mors\/wp-content\/uploads\/2022\/09\/katrinehedegaard.jpg","type":"image\/jpeg"}],"author":"kunmors","twitter_card":"summary_large_image","twitter_misc":{"Skrevet af":"kunmors","Estimeret l\u00e6setid":"1 minut"},"schema":{"@context":"https:\/\/schema.org","@graph":[{"@type":"Article","@id":"https:\/\/kunmedierne.dk\/mors\/ny-journalist-paa-kunmors-3\/#article","isPartOf":{"@id":"https:\/\/kunmedierne.dk\/mors\/ny-journalist-paa-kunmors-3\/"},"author":{"name":"kunmors","@id":"https:\/\/kunmedierne.dk\/mors\/#\/schema\/person\/976036941aeb67d7da24581e637f2ba5"},"headline":"Ny journalist p\u00e5 KunMors","datePublished":"2022-09-17T07:08:31+00:00","dateModified":"2024-08-12T11:27:22+00:00","mainEntityOfPage":{"@id":"https:\/\/kunmedierne.dk\/mors\/ny-journalist-paa-kunmors-3\/"},"wordCount":192,"publisher":{"@id":"https:\/\/kunmedierne.dk\/mors\/#organization"},"image":{"@id":"https:\/\/kunmedierne.dk\/mors\/ny-journalist-paa-kunmors-3\/#primaryimage"},"thumbnailUrl":"https:\/\/kunmedierne.dk\/mors\/wp-content\/uploads\/2022\/09\/katrinehedegaard.jpg","articleSection":["Lokalt","Navne"],"inLanguage":"da-DK"},{"@type":"WebPage","@id":"https:\/\/kunmedierne.dk\/mors\/ny-journalist-paa-kunmors-3\/","url":"https:\/\/kunmedierne.dk\/mors\/ny-journalist-paa-kunmors-3\/","name":"Ny journalist p\u00e5 KunMors - Mors","isPartOf":{"@id":"https:\/\/kunmedierne.dk\/mors\/#website"},"primaryImageOfPage":{"@id":"https:\/\/kunmedierne.dk\/mors\/ny-journalist-paa-kunmors-3\/#primaryimage"},"image":{"@id":"https:\/\/kunmedierne.dk\/mors\/ny-journalist-paa-kunmors-3\/#primaryimage"},"thumbnailUrl":"https:\/\/kunmedierne.dk\/mors\/wp-content\/uploads\/2022\/09\/katrinehedegaard.jpg","datePublished":"2022-09-17T07:08:31+00:00","dateModified":"2024-08-12T11:27:22+00:00","breadcrumb":{"@id":"https:\/\/kunmedierne.dk\/mors\/ny-journalist-paa-kunmors-3\/#breadcrumb"},"inLanguage":"da-DK","potentialAction":[{"@type":"ReadAction","target":["https:\/\/kunmedierne.dk\/mors\/ny-journalist-paa-kunmors-3\/"]}]},{"@type":"ImageObject","inLanguage":"da-DK","@id":"https:\/\/kunmedierne.dk\/mors\/ny-journalist-paa-kunmors-3\/#primaryimage","url":"https:\/\/kunmedierne.dk\/mors\/wp-content\/uploads\/2022\/09\/katrinehedegaard.jpg","contentUrl":"https:\/\/kunmedierne.dk\/mors\/wp-content\/uploads\/2022\/09\/katrinehedegaard.jpg","width":771,"height":513,"caption":"Katrine Hedegaard, ny journalist p\u00e5 KunMors."},{"@type":"BreadcrumbList","@id":"https:\/\/kunmedierne.dk\/mors\/ny-journalist-paa-kunmors-3\/#breadcrumb","itemListElement":[{"@type":"ListItem","position":1,"name":"Hjem","item":"https:\/\/kunmedierne.dk\/mors\/"},{"@type":"ListItem","position":2,"name":"Ny journalist p\u00e5 KunMors"}]},{"@type":"WebSite","@id":"https:\/\/kunmedierne.dk\/mors\/#website","url":"https:\/\/kunmedierne.dk\/mors\/","name":"Mors","description":"et netmedie med journalistik om livet p\u00e5 Mors","publisher":{"@id":"https:\/\/kunmedierne.dk\/mors\/#organization"},"potentialAction":[{"@type":"SearchAction","target":{"@type":"EntryPoint","urlTemplate":"https:\/\/kunmedierne.dk\/mors\/?s={search_term_string}"},"query-input":{"@type":"PropertyValueSpecification","valueRequired":true,"valueName":"search_term_string"}}],"inLanguage":"da-DK"},{"@type":"Organization","@id":"https:\/\/kunmedierne.dk\/mors\/#organization","name":"Mors","url":"https:\/\/kunmedierne.dk\/mors\/","logo":{"@type":"ImageObject","inLanguage":"da-DK","@id":"https:\/\/kunmedierne.dk\/mors\/#\/schema\/logo\/image\/","url":"https:\/\/kunmedierne.dk\/mors\/wp-content\/uploads\/2024\/08\/kunmors-logo.svg","contentUrl":"https:\/\/kunmedierne.dk\/mors\/wp-content\/uploads\/2024\/08\/kunmors-logo.svg","caption":"Mors"},"image":{"@id":"https:\/\/kunmedierne.dk\/mors\/#\/schema\/logo\/image\/"}},{"@type":"Person","@id":"https:\/\/kunmedierne.dk\/mors\/#\/schema\/person\/976036941aeb67d7da24581e637f2ba5","name":"kunmors","image":{"@type":"ImageObject","inLanguage":"da-DK","@id":"https:\/\/kunmedierne.dk\/mors\/#\/schema\/person\/image\/","url":"https:\/\/secure.gravatar.com\/avatar\/863719231c0bdf22d6b517d97f14a1b3d1b324f1e7076c165656d591ff8cece4?s=96&d=mm&r=g","contentUrl":"https:\/\/secure.gravatar.com\/avatar\/863719231c0bdf22d6b517d97f14a1b3d1b324f1e7076c165656d591ff8cece4?s=96&d=mm&r=g","caption":"kunmors"},"url":"https:\/\/kunmedierne.dk\/mors\/author\/kunmors\/"}]}},"_links":{"self":[{"href":"https:\/\/kunmedierne.dk\/mors\/wp-json\/wp\/v2\/posts\/78087","targetHints":{"allow":["GET"]}}],"collection":[{"href":"https:\/\/kunmedierne.dk\/mors\/wp-json\/wp\/v2\/posts"}],"about":[{"href":"https:\/\/kunmedierne.dk\/mors\/wp-json\/wp\/v2\/types\/post"}],"author":[{"embeddable":true,"href":"https:\/\/kunmedierne.dk\/mors\/wp-json\/wp\/v2\/users\/996"}],"replies":[{"embeddable":true,"href":"https:\/\/kunmedierne.dk\/mors\/wp-json\/wp\/v2\/comments?post=78087"}],"version-history":[{"count":1,"href":"https:\/\/kunmedierne.dk\/mors\/wp-json\/wp\/v2\/posts\/78087\/revisions"}],"predecessor-version":[{"id":78089,"href":"https:\/\/kunmedierne.dk\/mors\/wp-json\/wp\/v2\/posts\/78087\/revisions\/78089"}],"wp:featuredmedia":[{"embeddable":true,"href":"https:\/\/kunmedierne.dk\/mors\/wp-json\/wp\/v2\/media\/78088"}],"wp:attachment":[{"href":"https:\/\/kunmedierne.dk\/mors\/wp-json\/wp\/v2\/media?parent=78087"}],"wp:term":[{"taxonomy":"category","embeddable":true,"href":"https:\/\/kunmedierne.dk\/mors\/wp-json\/wp\/v2\/categories?post=78087"},{"taxonomy":"post_tag","embeddable":true,"href":"https:\/\/kunmedierne.dk\/mors\/wp-json\/wp\/v2\/tags?post=78087"}],"curies":[{"name":"wp","href":"https:\/\/api.w.org\/{rel}","templated":true}]}}