{"id":7807,"date":"2020-02-15T19:01:42","date_gmt":"2020-02-15T18:01:42","guid":{"rendered":"https:\/\/kunmedierne.dk\/mors\/?p=7807"},"modified":"2024-08-12T14:06:28","modified_gmt":"2024-08-12T12:06:28","slug":"en-dag-gik-fruens-oereringe-i-stykker","status":"publish","type":"post","link":"https:\/\/kunmedierne.dk\/mors\/en-dag-gik-fruens-oereringe-i-stykker\/","title":{"rendered":"En dag gik fruens \u00f8reringe i stykker"},"content":{"rendered":"<p><strong>TORP<\/strong>: En dag i 1991 fik Claus Pedersen to par \u00f8reringe i h\u00e6nderne af sin kone. Det var hendes egne, men de var g\u00e5et i stykker, og nu ville hun have ham til at finde ud af, om han kunne s\u00e6tte dem i stand.<\/p>\n<p>F\u00e5 m\u00e5neder senere var han momsregistreret smykkedesigner, og yderligere 29 \u00e5r senere tager han imod KunMors i sin butik i Torp for at v\u00e6re n\u00e6ste kapitel i serien om \u00f8ens butikker.<\/p>\n<p>&#8220;Hun spurgte jo, om jeg kunne lave dem. Men det vidste jeg ikke, om jeg kunne, for jeg havde jo brugt al min tid p\u00e5 fodbold,&#8221; griner Claus Pedersen om den dengang 34 \u00e5r gamle version af sig selv, der n\u00e6rmest levede og \u00e5ndede for opgaverne som fodboldtr\u00e6ner.<\/p>\n<p>Han er oprindeligt fra Hj\u00f8rring og har v\u00e6ret en del af Fortuna, klubbens stolthed, lige som han ogs\u00e5 var med til at etablere det store fodboldst\u00e6vne Dana Cup. Siden flyttede han til Aarhus, hvor den faste bop\u00e6l stadig er, mens turene ofte g\u00e5r til Torp &#8211; b\u00e5de for at slappe af og for at st\u00e5 i sin butik.<\/p>\n<p>&#8220;Det er min kones f\u00f8dehjem, som vi har overtaget fra hendes mor. S\u00e5 der er jo ogs\u00e5 noget nostalgi i det. Vi bruger det meget som vores sommerhus, og det er ikke hver gang, vi er heroppe, at jeg har \u00e5bent,&#8221; siger Claus Pedersen.<\/p>\n<p>&nbsp;<\/p>\n<p><strong>F\u00e5r kriller i fingrene<\/strong><\/p>\n<p>Hans butik hedder Smyk-Biks og er, i hvert fald i \u00e5bningstiden, umulig at overse n\u00e5r man k\u00f8rer forbi p\u00e5 \u00d8rndrupvej. Da h\u00e6nger nemlig et stort, flot Dannebrog og blafrer udenfor, s\u00e5 man skulle tro, at der var en fest i gang.<\/p>\n<p>Men det er sm\u00e5, fine smykker, man m\u00f8der, n\u00e5r man g\u00e5r ind. \u00d8reringe, fingerringe, halsk\u00e6der, brocher og armb\u00e5nd &#8211; og stort set alt sammen et produkt af Claus Pedersens h\u00e6nder i det meget lille v\u00e6rksted for enden af butikken.<\/p>\n<p>&#8220;Det er sv\u00e6rt at lade v\u00e6re. Is\u00e6r n\u00e5r der dukker en ny sten op, jeg ikke har arbejdet med f\u00f8r. S\u00e5 f\u00e5r jeg kriller i fingrene for at komme i gang,&#8221; siger Claus Pedersen og viser med begejstring noget af det materiale, der fascinerer ham: forstenet tr\u00e6 fra Silkeborg.<\/p>\n<p>&#8220;Det kan godt g\u00e5 i stykker, men man kan for eksempel ikke s\u00e6tter m\u00e6rker i det med en negl,&#8221; siger han.<\/p>\n<p>&nbsp;<\/p>\n<p><strong>Perler imponerer i K\u00f8benhavn<\/strong><\/p>\n<p>Han er p\u00e5 det n\u00e6rmeste autodidakt inden for branchen. Tre kurser p\u00e5 en weekend ad gangen blev det til, da han i sin tid blev en del af branchen.<\/p>\n<p>&#8220;Jeg laver helt sikkert ting, der ville f\u00e5 en uddannet guldsmed til at sige, at det g\u00f8r man bare ikke. Men jeg har den fordel, at jeg ikke er bundet af forskellige regler om, hvordan man g\u00f8r,&#8221; siger han og kalder arbejdet med smykkerne for den st\u00f8rste forn\u00f8jelse ved det hele.<\/p>\n<p>En anden er at tage p\u00e5 messer og m\u00f8de andre med samme interesse. Ikke mindst n\u00e5r han i K\u00f8benhavn imponerer folk, der har sv\u00e6rt ved at forholde sig til Claus Pedersens arbejde med perler fra bl\u00e5muslinger &#8211; noget af butikkens mest popul\u00e6re.<\/p>\n<p>&#8220;N\u00e5r man snakker om Limfjorden, bliver de fjerne i blikket. De kan slet ikke forholde sig til, at der er perler i Danmark. De ser det som noget eksotisk,&#8221; griner han.<\/p>\n<p>&nbsp;<\/p>\n<p><strong>Ser stadig gerne fodbold<\/strong><\/p>\n<p>Det g\u00f8r han, mens fort\u00e6llingen g\u00e5r lystigt. Claus Pedersen er ogs\u00e5 meget glad for at sludre med kunderne, og det er tydeligt, at han mestrer disciplinen p\u00e5 rygraden.<\/p>\n<p>&#8220;Jeg har arbejdet s\u00e5 mange \u00e5r i psykiatrien, s\u00e5 k\u00e6ften st\u00e5r ikke stille p\u00e5 mig,&#8221; siger han efter 25 \u00e5r i d\u00e9n branche fulgt op af en, der til tider ogs\u00e5 kr\u00e6ver talegaver.<\/p>\n<p>&#8220;Jeg er parkeringsvagt. Det er jo ikke s\u00e5 popul\u00e6rt, men for mig er det et rigtig godt job at komme ud og r\u00f8re mig med,&#8221; siger han.<\/p>\n<p>Butikken i Torp er derfor f\u00f8rst og fremmest en hobbyvirksomhed. \u00c5bningstiderne er skiftende, men om sommeren s\u00e5 vidt muligt i weekenderne &#8211; og altid med et forskr\u00e6p p\u00e5 Facebook-siden for Superlandsbyen og butikkens <a href=\"http:\/\/smyk-biks.dk\/\" target=\"_blank\" rel=\"noopener noreferrer\">hjemmeside<\/a>, s\u00e5 kunderne ved, hvorn\u00e5r han er der.<\/p>\n<p>Da han var ny i branchen, kunne de ellers ogs\u00e5 m\u00f8de ham andre steder.<\/p>\n<p>&#8220;De f\u00f8rste \u00e5r tog vi meget ud p\u00e5 markeder. Men det holdt vi op med. Det med at st\u00e5 at fort\u00e6lle, hvorfor mine smykker skulle v\u00e6re 100 kroner dyrere end hos ham ved siden af, som hentede dem hjem fra \u00d8steuropa, mens mine var sterling s\u00f8lv, det gad jeg ikke,&#8221; siger Claus Pedersen, der ogs\u00e5 p\u00e5 sin hjemmeside beskriver sine smykker som nogle med h\u00f8j kvalitet.<\/p>\n<p>Mens det alts\u00e5 er slut med markeder, ser han til geng\u00e6ld stadig fodbold. Konens \u00f8delagte \u00f8reringe i 1991 fik ganske vist bragt noget helt andet ind i tilv\u00e6relsen, men helt slukket er interessen ikke.<\/p>\n<p>&#8220;Jeg s\u00e6tter mig da stadig og ser fodbold i fjernsynet, indtil fruen siger, at det er for meget. Og n\u00e5r hun s\u00e5 er g\u00e5et i seng, ser jeg med igen,&#8221; griner Claus Pedersen.<\/p>\n<p>&nbsp;<\/p>\n<p><img loading=\"lazy\" decoding=\"async\" class=\"alignnone size-full wp-image-7838\" src=\"https:\/\/kunmedierne.dk\/mors\/wp-content\/uploads\/2020\/02\/200215-smyk-biks4.jpg\" alt=\"\" width=\"770\" height=\"513\" srcset=\"https:\/\/kunmedierne.dk\/mors\/wp-content\/uploads\/2020\/02\/200215-smyk-biks4.jpg 770w, https:\/\/kunmedierne.dk\/mors\/wp-content\/uploads\/2020\/02\/200215-smyk-biks4-300x200.jpg 300w, https:\/\/kunmedierne.dk\/mors\/wp-content\/uploads\/2020\/02\/200215-smyk-biks4-768x512.jpg 768w, https:\/\/kunmedierne.dk\/mors\/wp-content\/uploads\/2020\/02\/200215-smyk-biks4-360x240.jpg 360w, https:\/\/kunmedierne.dk\/mors\/wp-content\/uploads\/2020\/02\/200215-smyk-biks4-600x400.jpg 600w\" sizes=\"auto, (max-width: 770px) 100vw, 770px\" \/>Et af klenodierne i Claus Pedersens butik er dette smykke lavet i den sj\u00e6ldne afghanske stensort lapis lazuli. Foto: David H\u00f8jmark<\/p>\n<p>&nbsp;<\/p>\n<blockquote>\n<h2>\u00d8ENS BUTIKKER<\/h2>\n<h5>Denne artikel er nummer fire i en serie om \u00f8ens butikker. Serien har ingen fast udgivelsesdag, men vil l\u00f8be p\u00e5 ubestemt tid og n\u00e5 vidt omkring p\u00e5 Mors for at bes\u00f8ge \u00f8ens handlende.<\/h5>\n<h5>Har du et forslag til en butik, vi skal bes\u00f8ge, kan du sende det til os p\u00e5 e-mail: redaktion@kunmedierne.dk\/mors.<\/h5>\n<h5>Vi har tidligere bes\u00f8gt: <a href=\"https:\/\/kunmedierne.dk\/mors\/pinen-og-plagen-blev-leos-skaebne\/\" target=\"_blank\" rel=\"noopener noreferrer\">Min K\u00f8bmand i Vils<\/a>,\u00a0 <a href=\"https:\/\/kunmedierne.dk\/mors\/doegnaabent-blev-ingen-doegnflue-2\/\">Circle K i Nyk\u00f8bing<\/a> og\u00a0<a href=\"https:\/\/kunmedierne.dk\/mors\/skoen-udfordring-i-sejerslev\/\">Min K\u00f8bmand i Sejerslev.<\/a><\/h5>\n<\/blockquote>\n<p>&nbsp;<\/p>\n","protected":false},"excerpt":{"rendered":"<p>TORP: En dag i 1991 fik Claus Pedersen to par \u00f8reringe i h\u00e6nderne af sin kone. Det var hendes egne, men de var g\u00e5et i stykker, og nu ville hun have ham til at finde ud af, om han kunne s\u00e6tte dem i stand. F\u00e5 m\u00e5neder senere var han momsregistreret smykkedesigner, og yderligere 29 \u00e5r [&hellip;]<\/p>\n","protected":false},"author":8,"featured_media":7834,"comment_status":"open","ping_status":"open","sticky":false,"template":"","format":"gallery","meta":{"_acf_changed":false,"footnotes":""},"categories":[51],"tags":[160],"class_list":["post-7807","post","type-post","status-publish","format-gallery","has-post-thumbnail","hentry","category-lokalt","tag-handel","post_format-post-format-gallery"],"acf":[],"yoast_head":"<!-- This site is optimized with the Yoast SEO plugin v26.8 - https:\/\/yoast.com\/product\/yoast-seo-wordpress\/ -->\n<title>En dag gik fruens \u00f8reringe i stykker - Mors<\/title>\n<meta name=\"robots\" content=\"index, follow, max-snippet:-1, max-image-preview:large, max-video-preview:-1\" \/>\n<link rel=\"canonical\" href=\"https:\/\/kunmedierne.dk\/mors\/en-dag-gik-fruens-oereringe-i-stykker\/\" \/>\n<meta property=\"og:locale\" content=\"da_DK\" \/>\n<meta property=\"og:type\" content=\"article\" \/>\n<meta property=\"og:title\" content=\"En dag gik fruens \u00f8reringe i stykker - Mors\" \/>\n<meta property=\"og:description\" content=\"TORP: En dag i 1991 fik Claus Pedersen to par \u00f8reringe i h\u00e6nderne af sin kone. Det var hendes egne, men de var g\u00e5et i stykker, og nu ville hun have ham til at finde ud af, om han kunne s\u00e6tte dem i stand. F\u00e5 m\u00e5neder senere var han momsregistreret smykkedesigner, og yderligere 29 \u00e5r [&hellip;]\" \/>\n<meta property=\"og:url\" content=\"https:\/\/kunmedierne.dk\/mors\/en-dag-gik-fruens-oereringe-i-stykker\/\" \/>\n<meta property=\"og:site_name\" content=\"Mors\" \/>\n<meta property=\"article:published_time\" content=\"2020-02-15T18:01:42+00:00\" \/>\n<meta property=\"article:modified_time\" content=\"2024-08-12T12:06:28+00:00\" \/>\n<meta property=\"og:image\" content=\"https:\/\/kunmedierne.dk\/mors\/wp-content\/uploads\/2020\/02\/200215-smyk-biks9.jpg\" \/>\n\t<meta property=\"og:image:width\" content=\"770\" \/>\n\t<meta property=\"og:image:height\" content=\"513\" \/>\n\t<meta property=\"og:image:type\" content=\"image\/jpeg\" \/>\n<meta name=\"author\" content=\"David H\u00f8jmark\" \/>\n<meta name=\"twitter:card\" content=\"summary_large_image\" \/>\n<meta name=\"twitter:label1\" content=\"Skrevet af\" \/>\n\t<meta name=\"twitter:data1\" content=\"David H\u00f8jmark\" \/>\n\t<meta name=\"twitter:label2\" content=\"Estimeret l\u00e6setid\" \/>\n\t<meta name=\"twitter:data2\" content=\"5 minutter\" \/>\n<script type=\"application\/ld+json\" class=\"yoast-schema-graph\">{\"@context\":\"https:\/\/schema.org\",\"@graph\":[{\"@type\":\"Article\",\"@id\":\"https:\/\/kunmedierne.dk\/mors\/en-dag-gik-fruens-oereringe-i-stykker\/#article\",\"isPartOf\":{\"@id\":\"https:\/\/kunmedierne.dk\/mors\/en-dag-gik-fruens-oereringe-i-stykker\/\"},\"author\":{\"name\":\"David H\u00f8jmark\",\"@id\":\"https:\/\/kunmedierne.dk\/mors\/#\/schema\/person\/5fe23251bf1d0abbcdc6f7896579d548\"},\"headline\":\"En dag gik fruens \u00f8reringe i stykker\",\"datePublished\":\"2020-02-15T18:01:42+00:00\",\"dateModified\":\"2024-08-12T12:06:28+00:00\",\"mainEntityOfPage\":{\"@id\":\"https:\/\/kunmedierne.dk\/mors\/en-dag-gik-fruens-oereringe-i-stykker\/\"},\"wordCount\":997,\"commentCount\":0,\"publisher\":{\"@id\":\"https:\/\/kunmedierne.dk\/mors\/#organization\"},\"image\":{\"@id\":\"https:\/\/kunmedierne.dk\/mors\/en-dag-gik-fruens-oereringe-i-stykker\/#primaryimage\"},\"thumbnailUrl\":\"https:\/\/kunmedierne.dk\/mors\/wp-content\/uploads\/2020\/02\/200215-smyk-biks9.jpg\",\"keywords\":[\"Handel\"],\"articleSection\":[\"Lokalt\"],\"inLanguage\":\"da-DK\",\"potentialAction\":[{\"@type\":\"CommentAction\",\"name\":\"Comment\",\"target\":[\"https:\/\/kunmedierne.dk\/mors\/en-dag-gik-fruens-oereringe-i-stykker\/#respond\"]}]},{\"@type\":\"WebPage\",\"@id\":\"https:\/\/kunmedierne.dk\/mors\/en-dag-gik-fruens-oereringe-i-stykker\/\",\"url\":\"https:\/\/kunmedierne.dk\/mors\/en-dag-gik-fruens-oereringe-i-stykker\/\",\"name\":\"En dag gik fruens \u00f8reringe i stykker - Mors\",\"isPartOf\":{\"@id\":\"https:\/\/kunmedierne.dk\/mors\/#website\"},\"primaryImageOfPage\":{\"@id\":\"https:\/\/kunmedierne.dk\/mors\/en-dag-gik-fruens-oereringe-i-stykker\/#primaryimage\"},\"image\":{\"@id\":\"https:\/\/kunmedierne.dk\/mors\/en-dag-gik-fruens-oereringe-i-stykker\/#primaryimage\"},\"thumbnailUrl\":\"https:\/\/kunmedierne.dk\/mors\/wp-content\/uploads\/2020\/02\/200215-smyk-biks9.jpg\",\"datePublished\":\"2020-02-15T18:01:42+00:00\",\"dateModified\":\"2024-08-12T12:06:28+00:00\",\"breadcrumb\":{\"@id\":\"https:\/\/kunmedierne.dk\/mors\/en-dag-gik-fruens-oereringe-i-stykker\/#breadcrumb\"},\"inLanguage\":\"da-DK\",\"potentialAction\":[{\"@type\":\"ReadAction\",\"target\":[\"https:\/\/kunmedierne.dk\/mors\/en-dag-gik-fruens-oereringe-i-stykker\/\"]}]},{\"@type\":\"ImageObject\",\"inLanguage\":\"da-DK\",\"@id\":\"https:\/\/kunmedierne.dk\/mors\/en-dag-gik-fruens-oereringe-i-stykker\/#primaryimage\",\"url\":\"https:\/\/kunmedierne.dk\/mors\/wp-content\/uploads\/2020\/02\/200215-smyk-biks9.jpg\",\"contentUrl\":\"https:\/\/kunmedierne.dk\/mors\/wp-content\/uploads\/2020\/02\/200215-smyk-biks9.jpg\",\"width\":770,\"height\":513},{\"@type\":\"BreadcrumbList\",\"@id\":\"https:\/\/kunmedierne.dk\/mors\/en-dag-gik-fruens-oereringe-i-stykker\/#breadcrumb\",\"itemListElement\":[{\"@type\":\"ListItem\",\"position\":1,\"name\":\"Hjem\",\"item\":\"https:\/\/kunmedierne.dk\/mors\/\"},{\"@type\":\"ListItem\",\"position\":2,\"name\":\"En dag gik fruens \u00f8reringe i stykker\"}]},{\"@type\":\"WebSite\",\"@id\":\"https:\/\/kunmedierne.dk\/mors\/#website\",\"url\":\"https:\/\/kunmedierne.dk\/mors\/\",\"name\":\"Mors\",\"description\":\"et netmedie med journalistik om livet p\u00e5 Mors\",\"publisher\":{\"@id\":\"https:\/\/kunmedierne.dk\/mors\/#organization\"},\"potentialAction\":[{\"@type\":\"SearchAction\",\"target\":{\"@type\":\"EntryPoint\",\"urlTemplate\":\"https:\/\/kunmedierne.dk\/mors\/?s={search_term_string}\"},\"query-input\":{\"@type\":\"PropertyValueSpecification\",\"valueRequired\":true,\"valueName\":\"search_term_string\"}}],\"inLanguage\":\"da-DK\"},{\"@type\":\"Organization\",\"@id\":\"https:\/\/kunmedierne.dk\/mors\/#organization\",\"name\":\"Mors\",\"url\":\"https:\/\/kunmedierne.dk\/mors\/\",\"logo\":{\"@type\":\"ImageObject\",\"inLanguage\":\"da-DK\",\"@id\":\"https:\/\/kunmedierne.dk\/mors\/#\/schema\/logo\/image\/\",\"url\":\"https:\/\/kunmedierne.dk\/mors\/wp-content\/uploads\/2024\/08\/kunmors-logo.svg\",\"contentUrl\":\"https:\/\/kunmedierne.dk\/mors\/wp-content\/uploads\/2024\/08\/kunmors-logo.svg\",\"caption\":\"Mors\"},\"image\":{\"@id\":\"https:\/\/kunmedierne.dk\/mors\/#\/schema\/logo\/image\/\"}},{\"@type\":\"Person\",\"@id\":\"https:\/\/kunmedierne.dk\/mors\/#\/schema\/person\/5fe23251bf1d0abbcdc6f7896579d548\",\"name\":\"David H\u00f8jmark\",\"image\":{\"@type\":\"ImageObject\",\"inLanguage\":\"da-DK\",\"@id\":\"https:\/\/kunmedierne.dk\/mors\/#\/schema\/person\/image\/\",\"url\":\"https:\/\/secure.gravatar.com\/avatar\/4315d6fb9ef244d729989f5f90268eb08d5bf8a3d84402f595fa194bb35784fd?s=96&d=mm&r=g\",\"contentUrl\":\"https:\/\/secure.gravatar.com\/avatar\/4315d6fb9ef244d729989f5f90268eb08d5bf8a3d84402f595fa194bb35784fd?s=96&d=mm&r=g\",\"caption\":\"David H\u00f8jmark\"},\"sameAs\":[\"https:\/\/www.kunmedierne.dk\"],\"url\":\"https:\/\/kunmedierne.dk\/mors\/author\/david\/\"}]}<\/script>\n<!-- \/ Yoast SEO plugin. -->","yoast_head_json":{"title":"En dag gik fruens \u00f8reringe i stykker - Mors","robots":{"index":"index","follow":"follow","max-snippet":"max-snippet:-1","max-image-preview":"max-image-preview:large","max-video-preview":"max-video-preview:-1"},"canonical":"https:\/\/kunmedierne.dk\/mors\/en-dag-gik-fruens-oereringe-i-stykker\/","og_locale":"da_DK","og_type":"article","og_title":"En dag gik fruens \u00f8reringe i stykker - Mors","og_description":"TORP: En dag i 1991 fik Claus Pedersen to par \u00f8reringe i h\u00e6nderne af sin kone. Det var hendes egne, men de var g\u00e5et i stykker, og nu ville hun have ham til at finde ud af, om han kunne s\u00e6tte dem i stand. F\u00e5 m\u00e5neder senere var han momsregistreret smykkedesigner, og yderligere 29 \u00e5r [&hellip;]","og_url":"https:\/\/kunmedierne.dk\/mors\/en-dag-gik-fruens-oereringe-i-stykker\/","og_site_name":"Mors","article_published_time":"2020-02-15T18:01:42+00:00","article_modified_time":"2024-08-12T12:06:28+00:00","og_image":[{"width":770,"height":513,"url":"https:\/\/kunmedierne.dk\/mors\/wp-content\/uploads\/2020\/02\/200215-smyk-biks9.jpg","type":"image\/jpeg"}],"author":"David H\u00f8jmark","twitter_card":"summary_large_image","twitter_misc":{"Skrevet af":"David H\u00f8jmark","Estimeret l\u00e6setid":"5 minutter"},"schema":{"@context":"https:\/\/schema.org","@graph":[{"@type":"Article","@id":"https:\/\/kunmedierne.dk\/mors\/en-dag-gik-fruens-oereringe-i-stykker\/#article","isPartOf":{"@id":"https:\/\/kunmedierne.dk\/mors\/en-dag-gik-fruens-oereringe-i-stykker\/"},"author":{"name":"David H\u00f8jmark","@id":"https:\/\/kunmedierne.dk\/mors\/#\/schema\/person\/5fe23251bf1d0abbcdc6f7896579d548"},"headline":"En dag gik fruens \u00f8reringe i stykker","datePublished":"2020-02-15T18:01:42+00:00","dateModified":"2024-08-12T12:06:28+00:00","mainEntityOfPage":{"@id":"https:\/\/kunmedierne.dk\/mors\/en-dag-gik-fruens-oereringe-i-stykker\/"},"wordCount":997,"commentCount":0,"publisher":{"@id":"https:\/\/kunmedierne.dk\/mors\/#organization"},"image":{"@id":"https:\/\/kunmedierne.dk\/mors\/en-dag-gik-fruens-oereringe-i-stykker\/#primaryimage"},"thumbnailUrl":"https:\/\/kunmedierne.dk\/mors\/wp-content\/uploads\/2020\/02\/200215-smyk-biks9.jpg","keywords":["Handel"],"articleSection":["Lokalt"],"inLanguage":"da-DK","potentialAction":[{"@type":"CommentAction","name":"Comment","target":["https:\/\/kunmedierne.dk\/mors\/en-dag-gik-fruens-oereringe-i-stykker\/#respond"]}]},{"@type":"WebPage","@id":"https:\/\/kunmedierne.dk\/mors\/en-dag-gik-fruens-oereringe-i-stykker\/","url":"https:\/\/kunmedierne.dk\/mors\/en-dag-gik-fruens-oereringe-i-stykker\/","name":"En dag gik fruens \u00f8reringe i stykker - Mors","isPartOf":{"@id":"https:\/\/kunmedierne.dk\/mors\/#website"},"primaryImageOfPage":{"@id":"https:\/\/kunmedierne.dk\/mors\/en-dag-gik-fruens-oereringe-i-stykker\/#primaryimage"},"image":{"@id":"https:\/\/kunmedierne.dk\/mors\/en-dag-gik-fruens-oereringe-i-stykker\/#primaryimage"},"thumbnailUrl":"https:\/\/kunmedierne.dk\/mors\/wp-content\/uploads\/2020\/02\/200215-smyk-biks9.jpg","datePublished":"2020-02-15T18:01:42+00:00","dateModified":"2024-08-12T12:06:28+00:00","breadcrumb":{"@id":"https:\/\/kunmedierne.dk\/mors\/en-dag-gik-fruens-oereringe-i-stykker\/#breadcrumb"},"inLanguage":"da-DK","potentialAction":[{"@type":"ReadAction","target":["https:\/\/kunmedierne.dk\/mors\/en-dag-gik-fruens-oereringe-i-stykker\/"]}]},{"@type":"ImageObject","inLanguage":"da-DK","@id":"https:\/\/kunmedierne.dk\/mors\/en-dag-gik-fruens-oereringe-i-stykker\/#primaryimage","url":"https:\/\/kunmedierne.dk\/mors\/wp-content\/uploads\/2020\/02\/200215-smyk-biks9.jpg","contentUrl":"https:\/\/kunmedierne.dk\/mors\/wp-content\/uploads\/2020\/02\/200215-smyk-biks9.jpg","width":770,"height":513},{"@type":"BreadcrumbList","@id":"https:\/\/kunmedierne.dk\/mors\/en-dag-gik-fruens-oereringe-i-stykker\/#breadcrumb","itemListElement":[{"@type":"ListItem","position":1,"name":"Hjem","item":"https:\/\/kunmedierne.dk\/mors\/"},{"@type":"ListItem","position":2,"name":"En dag gik fruens \u00f8reringe i stykker"}]},{"@type":"WebSite","@id":"https:\/\/kunmedierne.dk\/mors\/#website","url":"https:\/\/kunmedierne.dk\/mors\/","name":"Mors","description":"et netmedie med journalistik om livet p\u00e5 Mors","publisher":{"@id":"https:\/\/kunmedierne.dk\/mors\/#organization"},"potentialAction":[{"@type":"SearchAction","target":{"@type":"EntryPoint","urlTemplate":"https:\/\/kunmedierne.dk\/mors\/?s={search_term_string}"},"query-input":{"@type":"PropertyValueSpecification","valueRequired":true,"valueName":"search_term_string"}}],"inLanguage":"da-DK"},{"@type":"Organization","@id":"https:\/\/kunmedierne.dk\/mors\/#organization","name":"Mors","url":"https:\/\/kunmedierne.dk\/mors\/","logo":{"@type":"ImageObject","inLanguage":"da-DK","@id":"https:\/\/kunmedierne.dk\/mors\/#\/schema\/logo\/image\/","url":"https:\/\/kunmedierne.dk\/mors\/wp-content\/uploads\/2024\/08\/kunmors-logo.svg","contentUrl":"https:\/\/kunmedierne.dk\/mors\/wp-content\/uploads\/2024\/08\/kunmors-logo.svg","caption":"Mors"},"image":{"@id":"https:\/\/kunmedierne.dk\/mors\/#\/schema\/logo\/image\/"}},{"@type":"Person","@id":"https:\/\/kunmedierne.dk\/mors\/#\/schema\/person\/5fe23251bf1d0abbcdc6f7896579d548","name":"David H\u00f8jmark","image":{"@type":"ImageObject","inLanguage":"da-DK","@id":"https:\/\/kunmedierne.dk\/mors\/#\/schema\/person\/image\/","url":"https:\/\/secure.gravatar.com\/avatar\/4315d6fb9ef244d729989f5f90268eb08d5bf8a3d84402f595fa194bb35784fd?s=96&d=mm&r=g","contentUrl":"https:\/\/secure.gravatar.com\/avatar\/4315d6fb9ef244d729989f5f90268eb08d5bf8a3d84402f595fa194bb35784fd?s=96&d=mm&r=g","caption":"David H\u00f8jmark"},"sameAs":["https:\/\/www.kunmedierne.dk"],"url":"https:\/\/kunmedierne.dk\/mors\/author\/david\/"}]}},"_links":{"self":[{"href":"https:\/\/kunmedierne.dk\/mors\/wp-json\/wp\/v2\/posts\/7807","targetHints":{"allow":["GET"]}}],"collection":[{"href":"https:\/\/kunmedierne.dk\/mors\/wp-json\/wp\/v2\/posts"}],"about":[{"href":"https:\/\/kunmedierne.dk\/mors\/wp-json\/wp\/v2\/types\/post"}],"author":[{"embeddable":true,"href":"https:\/\/kunmedierne.dk\/mors\/wp-json\/wp\/v2\/users\/8"}],"replies":[{"embeddable":true,"href":"https:\/\/kunmedierne.dk\/mors\/wp-json\/wp\/v2\/comments?post=7807"}],"version-history":[{"count":5,"href":"https:\/\/kunmedierne.dk\/mors\/wp-json\/wp\/v2\/posts\/7807\/revisions"}],"predecessor-version":[{"id":72464,"href":"https:\/\/kunmedierne.dk\/mors\/wp-json\/wp\/v2\/posts\/7807\/revisions\/72464"}],"wp:featuredmedia":[{"embeddable":true,"href":"https:\/\/kunmedierne.dk\/mors\/wp-json\/wp\/v2\/media\/7834"}],"wp:attachment":[{"href":"https:\/\/kunmedierne.dk\/mors\/wp-json\/wp\/v2\/media?parent=7807"}],"wp:term":[{"taxonomy":"category","embeddable":true,"href":"https:\/\/kunmedierne.dk\/mors\/wp-json\/wp\/v2\/categories?post=7807"},{"taxonomy":"post_tag","embeddable":true,"href":"https:\/\/kunmedierne.dk\/mors\/wp-json\/wp\/v2\/tags?post=7807"}],"curies":[{"name":"wp","href":"https:\/\/api.w.org\/{rel}","templated":true}]}}