{"id":76928,"date":"2022-09-01T05:20:58","date_gmt":"2022-09-01T03:20:58","guid":{"rendered":"https:\/\/kunmedierne.dk\/mors\/?p=76928"},"modified":"2024-08-12T13:27:28","modified_gmt":"2024-08-12T11:27:28","slug":"stjernekokken-anika-madsen-gaester-mors-og-thy","status":"publish","type":"post","link":"https:\/\/kunmedierne.dk\/mors\/stjernekokken-anika-madsen-gaester-mors-og-thy\/","title":{"rendered":"Stjernekokken Anika Madsen g\u00e6ster Mors og Thy"},"content":{"rendered":"<p><strong>MORS\/THY<\/strong>: Der bliver trylleri med lokale gr\u00f8ntsager og skaldyr, n\u00e5r stjernekokken Anika Madsen 12. september bes\u00f8ger Mors og Thy.<\/p>\n<p>Det fort\u00e6ller Regional Madkultur Thy-Mors, som ser frem til at pr\u00e6sentere topkokken p\u00e5 et kursus hos Nordic Food College under temaet &#8216;Det gr\u00f8nne k\u00f8kken&#8217;. Her vil Anika Madsen anrette en snack og to retter for deltagerne &#8211; og til sidst runde aftenen af med sp\u00f8rgsm\u00e5l og snak om, hvordan r\u00e5varerne er brugt, og hvordan der er arbejdet med grundsmagene.<\/p>\n<p>Kurset er for alle kokke, k\u00f8kkenmedarbejdere og gastrointeresserede, og man beh\u00f8ver ikke v\u00e6re medlem af Regional Madkultur Thy-Mors for at deltage.<\/p>\n<a class=\"dvrt-link\" onClick=\"cdmtrack_click(104778,jQuery(this));return false\" href=\"https:\/\/vester-begr.dk\/?gclid=CjwKCAjw5Kv7BRBSEiwAXGDElQB6WMfm9CgYVrruty-I1gaOkTkC3mlA4QRDtYNsxYgVC8sNzAJ7WhoCmBsQAvD_BwE\"><img decoding=\"async\" style=\"width:100%;\" src=\"https:\/\/kunmedierne.dk\/mors\/wp-content\/uploads\/2023\/10\/260203VesterHoukaer-02022026.jpg\"><\/a><script>cdmtrack_view(104778);<\/script>\n<p>Den gastronomiske scene i Thy og p\u00e5 Mors udvikler sig eksplosivt i disse \u00e5r. For at underst\u00f8tte og videreudvikle den fantastiske udvikling henter Regional Madkultur Thy-Mors en r\u00e6kke stjernekokke til omr\u00e5det for yderligere at inspirere kokke, k\u00f8kkenmedarbejdere og helt almindeligt gastrointeresserede.<\/p>\n<p>&#8220;Anika Madsen, som inden kurset bes\u00f8ger producenter og henter de lokale gr\u00f8ntsager, er k\u00f8kkenchef p\u00e5 Restaurant Fasang\u00e5rden p\u00e5 Frederiksberg. Hendes madstil har r\u00f8dder i det nordiske k\u00f8kken med smage og teknikker fra alle fire verdenshj\u00f8rner. S\u00e6sonen og lokale producenter er altid udgangspunktet for hendes menu. Denne aften vil hun dele ud af sin viden og begejstring for det gr\u00f8nne k\u00f8kken,&#8221; lyder det i foromtalen af kurset.<\/p>\n<p>Du kan tilmelde dig p\u00e5 hjemmesiden for Regional Madkultur Thy-Mors <a href=\"https:\/\/regionalmadkultur.nemtilmeld.dk\/64\/\" target=\"_blank\" rel=\"noopener\">her<\/a>.<\/p>\n<a class=\"dvrt-link\" onClick=\"cdmtrack_click(147315,jQuery(this));return false\" href=\"https:\/\/sdrhaa.dk\/\"><img decoding=\"async\" style=\"width:100%;\" src=\"https:\/\/kunmedierne.dk\/mors\/wp-content\/uploads\/2025\/05\/260302Sdr-HaaDin-gebyrvenlige-sparekasse_mors-002.gif\"><\/a><script>cdmtrack_view(147315);<\/script>\n<blockquote>\n<h5><b>L\u00e6s KunMors som din daglige avis: Tilmeld dig KunMors-avisen nederst p\u00e5 siden. S\u00e5 f\u00e5r du dagens artikler i samlet form p\u00e5 e-mail hver dag lige efter klokken 17.<\/b><\/h5>\n<\/blockquote>\n","protected":false},"excerpt":{"rendered":"<p>MORS\/THY: Der bliver trylleri med lokale gr\u00f8ntsager og skaldyr, n\u00e5r stjernekokken Anika Madsen 12. september bes\u00f8ger Mors og Thy. Det fort\u00e6ller Regional Madkultur Thy-Mors, som ser frem til at pr\u00e6sentere topkokken p\u00e5 et kursus hos Nordic Food College under temaet &#8216;Det gr\u00f8nne k\u00f8kken&#8217;. Her vil Anika Madsen anrette en snack og to retter for deltagerne [&hellip;]<\/p>\n","protected":false},"author":8,"featured_media":76931,"comment_status":"closed","ping_status":"open","sticky":false,"template":"","format":"standard","meta":{"_acf_changed":false,"footnotes":""},"categories":[49],"tags":[169],"class_list":["post-76928","post","type-post","status-publish","format-standard","has-post-thumbnail","hentry","category-kultur","tag-skaldyr"],"acf":[],"yoast_head":"<!-- This site is optimized with the Yoast SEO plugin v26.8 - https:\/\/yoast.com\/product\/yoast-seo-wordpress\/ -->\n<title>Stjernekokken Anika Madsen g\u00e6ster Mors og Thy - Mors<\/title>\n<meta name=\"robots\" content=\"index, follow, max-snippet:-1, max-image-preview:large, max-video-preview:-1\" \/>\n<link rel=\"canonical\" href=\"https:\/\/kunmedierne.dk\/mors\/stjernekokken-anika-madsen-gaester-mors-og-thy\/\" \/>\n<meta property=\"og:locale\" content=\"da_DK\" \/>\n<meta property=\"og:type\" content=\"article\" \/>\n<meta property=\"og:title\" content=\"Stjernekokken Anika Madsen g\u00e6ster Mors og Thy - Mors\" \/>\n<meta property=\"og:description\" content=\"MORS\/THY: Der bliver trylleri med lokale gr\u00f8ntsager og skaldyr, n\u00e5r stjernekokken Anika Madsen 12. september bes\u00f8ger Mors og Thy. Det fort\u00e6ller Regional Madkultur Thy-Mors, som ser frem til at pr\u00e6sentere topkokken p\u00e5 et kursus hos Nordic Food College under temaet &#8216;Det gr\u00f8nne k\u00f8kken&#8217;. Her vil Anika Madsen anrette en snack og to retter for deltagerne [&hellip;]\" \/>\n<meta property=\"og:url\" content=\"https:\/\/kunmedierne.dk\/mors\/stjernekokken-anika-madsen-gaester-mors-og-thy\/\" \/>\n<meta property=\"og:site_name\" content=\"Mors\" \/>\n<meta property=\"article:published_time\" content=\"2022-09-01T03:20:58+00:00\" \/>\n<meta property=\"article:modified_time\" content=\"2024-08-12T11:27:28+00:00\" \/>\n<meta property=\"og:image\" content=\"https:\/\/kunmedierne.dk\/mors\/wp-content\/uploads\/2022\/08\/Anika-Madsen.jpg\" \/>\n\t<meta property=\"og:image:width\" content=\"770\" \/>\n\t<meta property=\"og:image:height\" content=\"554\" \/>\n\t<meta property=\"og:image:type\" content=\"image\/jpeg\" \/>\n<meta name=\"author\" content=\"David H\u00f8jmark\" \/>\n<meta name=\"twitter:card\" content=\"summary_large_image\" \/>\n<meta name=\"twitter:label1\" content=\"Skrevet af\" \/>\n\t<meta name=\"twitter:data1\" content=\"David H\u00f8jmark\" \/>\n\t<meta name=\"twitter:label2\" content=\"Estimeret l\u00e6setid\" \/>\n\t<meta name=\"twitter:data2\" content=\"1 minut\" \/>\n<script type=\"application\/ld+json\" class=\"yoast-schema-graph\">{\"@context\":\"https:\/\/schema.org\",\"@graph\":[{\"@type\":\"Article\",\"@id\":\"https:\/\/kunmedierne.dk\/mors\/stjernekokken-anika-madsen-gaester-mors-og-thy\/#article\",\"isPartOf\":{\"@id\":\"https:\/\/kunmedierne.dk\/mors\/stjernekokken-anika-madsen-gaester-mors-og-thy\/\"},\"author\":{\"name\":\"David H\u00f8jmark\",\"@id\":\"https:\/\/kunmedierne.dk\/mors\/#\/schema\/person\/5fe23251bf1d0abbcdc6f7896579d548\"},\"headline\":\"Stjernekokken Anika Madsen g\u00e6ster Mors og Thy\",\"datePublished\":\"2022-09-01T03:20:58+00:00\",\"dateModified\":\"2024-08-12T11:27:28+00:00\",\"mainEntityOfPage\":{\"@id\":\"https:\/\/kunmedierne.dk\/mors\/stjernekokken-anika-madsen-gaester-mors-og-thy\/\"},\"wordCount\":285,\"publisher\":{\"@id\":\"https:\/\/kunmedierne.dk\/mors\/#organization\"},\"image\":{\"@id\":\"https:\/\/kunmedierne.dk\/mors\/stjernekokken-anika-madsen-gaester-mors-og-thy\/#primaryimage\"},\"thumbnailUrl\":\"https:\/\/kunmedierne.dk\/mors\/wp-content\/uploads\/2022\/08\/Anika-Madsen.jpg\",\"keywords\":[\"Skaldyr\"],\"articleSection\":[\"Kultur\"],\"inLanguage\":\"da-DK\"},{\"@type\":\"WebPage\",\"@id\":\"https:\/\/kunmedierne.dk\/mors\/stjernekokken-anika-madsen-gaester-mors-og-thy\/\",\"url\":\"https:\/\/kunmedierne.dk\/mors\/stjernekokken-anika-madsen-gaester-mors-og-thy\/\",\"name\":\"Stjernekokken Anika Madsen g\u00e6ster Mors og Thy - Mors\",\"isPartOf\":{\"@id\":\"https:\/\/kunmedierne.dk\/mors\/#website\"},\"primaryImageOfPage\":{\"@id\":\"https:\/\/kunmedierne.dk\/mors\/stjernekokken-anika-madsen-gaester-mors-og-thy\/#primaryimage\"},\"image\":{\"@id\":\"https:\/\/kunmedierne.dk\/mors\/stjernekokken-anika-madsen-gaester-mors-og-thy\/#primaryimage\"},\"thumbnailUrl\":\"https:\/\/kunmedierne.dk\/mors\/wp-content\/uploads\/2022\/08\/Anika-Madsen.jpg\",\"datePublished\":\"2022-09-01T03:20:58+00:00\",\"dateModified\":\"2024-08-12T11:27:28+00:00\",\"breadcrumb\":{\"@id\":\"https:\/\/kunmedierne.dk\/mors\/stjernekokken-anika-madsen-gaester-mors-og-thy\/#breadcrumb\"},\"inLanguage\":\"da-DK\",\"potentialAction\":[{\"@type\":\"ReadAction\",\"target\":[\"https:\/\/kunmedierne.dk\/mors\/stjernekokken-anika-madsen-gaester-mors-og-thy\/\"]}]},{\"@type\":\"ImageObject\",\"inLanguage\":\"da-DK\",\"@id\":\"https:\/\/kunmedierne.dk\/mors\/stjernekokken-anika-madsen-gaester-mors-og-thy\/#primaryimage\",\"url\":\"https:\/\/kunmedierne.dk\/mors\/wp-content\/uploads\/2022\/08\/Anika-Madsen.jpg\",\"contentUrl\":\"https:\/\/kunmedierne.dk\/mors\/wp-content\/uploads\/2022\/08\/Anika-Madsen.jpg\",\"width\":770,\"height\":554,\"caption\":\"Anika Madsen. Foto: Regional Madkultur Thy\/Mors.\"},{\"@type\":\"BreadcrumbList\",\"@id\":\"https:\/\/kunmedierne.dk\/mors\/stjernekokken-anika-madsen-gaester-mors-og-thy\/#breadcrumb\",\"itemListElement\":[{\"@type\":\"ListItem\",\"position\":1,\"name\":\"Hjem\",\"item\":\"https:\/\/kunmedierne.dk\/mors\/\"},{\"@type\":\"ListItem\",\"position\":2,\"name\":\"Stjernekokken Anika Madsen g\u00e6ster Mors og Thy\"}]},{\"@type\":\"WebSite\",\"@id\":\"https:\/\/kunmedierne.dk\/mors\/#website\",\"url\":\"https:\/\/kunmedierne.dk\/mors\/\",\"name\":\"Mors\",\"description\":\"et netmedie med journalistik om livet p\u00e5 Mors\",\"publisher\":{\"@id\":\"https:\/\/kunmedierne.dk\/mors\/#organization\"},\"potentialAction\":[{\"@type\":\"SearchAction\",\"target\":{\"@type\":\"EntryPoint\",\"urlTemplate\":\"https:\/\/kunmedierne.dk\/mors\/?s={search_term_string}\"},\"query-input\":{\"@type\":\"PropertyValueSpecification\",\"valueRequired\":true,\"valueName\":\"search_term_string\"}}],\"inLanguage\":\"da-DK\"},{\"@type\":\"Organization\",\"@id\":\"https:\/\/kunmedierne.dk\/mors\/#organization\",\"name\":\"Mors\",\"url\":\"https:\/\/kunmedierne.dk\/mors\/\",\"logo\":{\"@type\":\"ImageObject\",\"inLanguage\":\"da-DK\",\"@id\":\"https:\/\/kunmedierne.dk\/mors\/#\/schema\/logo\/image\/\",\"url\":\"https:\/\/kunmedierne.dk\/mors\/wp-content\/uploads\/2024\/08\/kunmors-logo.svg\",\"contentUrl\":\"https:\/\/kunmedierne.dk\/mors\/wp-content\/uploads\/2024\/08\/kunmors-logo.svg\",\"caption\":\"Mors\"},\"image\":{\"@id\":\"https:\/\/kunmedierne.dk\/mors\/#\/schema\/logo\/image\/\"}},{\"@type\":\"Person\",\"@id\":\"https:\/\/kunmedierne.dk\/mors\/#\/schema\/person\/5fe23251bf1d0abbcdc6f7896579d548\",\"name\":\"David H\u00f8jmark\",\"image\":{\"@type\":\"ImageObject\",\"inLanguage\":\"da-DK\",\"@id\":\"https:\/\/kunmedierne.dk\/mors\/#\/schema\/person\/image\/\",\"url\":\"https:\/\/secure.gravatar.com\/avatar\/4315d6fb9ef244d729989f5f90268eb08d5bf8a3d84402f595fa194bb35784fd?s=96&d=mm&r=g\",\"contentUrl\":\"https:\/\/secure.gravatar.com\/avatar\/4315d6fb9ef244d729989f5f90268eb08d5bf8a3d84402f595fa194bb35784fd?s=96&d=mm&r=g\",\"caption\":\"David H\u00f8jmark\"},\"sameAs\":[\"https:\/\/www.kunmedierne.dk\"],\"url\":\"https:\/\/kunmedierne.dk\/mors\/author\/david\/\"}]}<\/script>\n<!-- \/ Yoast SEO plugin. -->","yoast_head_json":{"title":"Stjernekokken Anika Madsen g\u00e6ster Mors og Thy - Mors","robots":{"index":"index","follow":"follow","max-snippet":"max-snippet:-1","max-image-preview":"max-image-preview:large","max-video-preview":"max-video-preview:-1"},"canonical":"https:\/\/kunmedierne.dk\/mors\/stjernekokken-anika-madsen-gaester-mors-og-thy\/","og_locale":"da_DK","og_type":"article","og_title":"Stjernekokken Anika Madsen g\u00e6ster Mors og Thy - Mors","og_description":"MORS\/THY: Der bliver trylleri med lokale gr\u00f8ntsager og skaldyr, n\u00e5r stjernekokken Anika Madsen 12. september bes\u00f8ger Mors og Thy. Det fort\u00e6ller Regional Madkultur Thy-Mors, som ser frem til at pr\u00e6sentere topkokken p\u00e5 et kursus hos Nordic Food College under temaet &#8216;Det gr\u00f8nne k\u00f8kken&#8217;. Her vil Anika Madsen anrette en snack og to retter for deltagerne [&hellip;]","og_url":"https:\/\/kunmedierne.dk\/mors\/stjernekokken-anika-madsen-gaester-mors-og-thy\/","og_site_name":"Mors","article_published_time":"2022-09-01T03:20:58+00:00","article_modified_time":"2024-08-12T11:27:28+00:00","og_image":[{"width":770,"height":554,"url":"https:\/\/kunmedierne.dk\/mors\/wp-content\/uploads\/2022\/08\/Anika-Madsen.jpg","type":"image\/jpeg"}],"author":"David H\u00f8jmark","twitter_card":"summary_large_image","twitter_misc":{"Skrevet af":"David H\u00f8jmark","Estimeret l\u00e6setid":"1 minut"},"schema":{"@context":"https:\/\/schema.org","@graph":[{"@type":"Article","@id":"https:\/\/kunmedierne.dk\/mors\/stjernekokken-anika-madsen-gaester-mors-og-thy\/#article","isPartOf":{"@id":"https:\/\/kunmedierne.dk\/mors\/stjernekokken-anika-madsen-gaester-mors-og-thy\/"},"author":{"name":"David H\u00f8jmark","@id":"https:\/\/kunmedierne.dk\/mors\/#\/schema\/person\/5fe23251bf1d0abbcdc6f7896579d548"},"headline":"Stjernekokken Anika Madsen g\u00e6ster Mors og Thy","datePublished":"2022-09-01T03:20:58+00:00","dateModified":"2024-08-12T11:27:28+00:00","mainEntityOfPage":{"@id":"https:\/\/kunmedierne.dk\/mors\/stjernekokken-anika-madsen-gaester-mors-og-thy\/"},"wordCount":285,"publisher":{"@id":"https:\/\/kunmedierne.dk\/mors\/#organization"},"image":{"@id":"https:\/\/kunmedierne.dk\/mors\/stjernekokken-anika-madsen-gaester-mors-og-thy\/#primaryimage"},"thumbnailUrl":"https:\/\/kunmedierne.dk\/mors\/wp-content\/uploads\/2022\/08\/Anika-Madsen.jpg","keywords":["Skaldyr"],"articleSection":["Kultur"],"inLanguage":"da-DK"},{"@type":"WebPage","@id":"https:\/\/kunmedierne.dk\/mors\/stjernekokken-anika-madsen-gaester-mors-og-thy\/","url":"https:\/\/kunmedierne.dk\/mors\/stjernekokken-anika-madsen-gaester-mors-og-thy\/","name":"Stjernekokken Anika Madsen g\u00e6ster Mors og Thy - Mors","isPartOf":{"@id":"https:\/\/kunmedierne.dk\/mors\/#website"},"primaryImageOfPage":{"@id":"https:\/\/kunmedierne.dk\/mors\/stjernekokken-anika-madsen-gaester-mors-og-thy\/#primaryimage"},"image":{"@id":"https:\/\/kunmedierne.dk\/mors\/stjernekokken-anika-madsen-gaester-mors-og-thy\/#primaryimage"},"thumbnailUrl":"https:\/\/kunmedierne.dk\/mors\/wp-content\/uploads\/2022\/08\/Anika-Madsen.jpg","datePublished":"2022-09-01T03:20:58+00:00","dateModified":"2024-08-12T11:27:28+00:00","breadcrumb":{"@id":"https:\/\/kunmedierne.dk\/mors\/stjernekokken-anika-madsen-gaester-mors-og-thy\/#breadcrumb"},"inLanguage":"da-DK","potentialAction":[{"@type":"ReadAction","target":["https:\/\/kunmedierne.dk\/mors\/stjernekokken-anika-madsen-gaester-mors-og-thy\/"]}]},{"@type":"ImageObject","inLanguage":"da-DK","@id":"https:\/\/kunmedierne.dk\/mors\/stjernekokken-anika-madsen-gaester-mors-og-thy\/#primaryimage","url":"https:\/\/kunmedierne.dk\/mors\/wp-content\/uploads\/2022\/08\/Anika-Madsen.jpg","contentUrl":"https:\/\/kunmedierne.dk\/mors\/wp-content\/uploads\/2022\/08\/Anika-Madsen.jpg","width":770,"height":554,"caption":"Anika Madsen. Foto: Regional Madkultur Thy\/Mors."},{"@type":"BreadcrumbList","@id":"https:\/\/kunmedierne.dk\/mors\/stjernekokken-anika-madsen-gaester-mors-og-thy\/#breadcrumb","itemListElement":[{"@type":"ListItem","position":1,"name":"Hjem","item":"https:\/\/kunmedierne.dk\/mors\/"},{"@type":"ListItem","position":2,"name":"Stjernekokken Anika Madsen g\u00e6ster Mors og Thy"}]},{"@type":"WebSite","@id":"https:\/\/kunmedierne.dk\/mors\/#website","url":"https:\/\/kunmedierne.dk\/mors\/","name":"Mors","description":"et netmedie med journalistik om livet p\u00e5 Mors","publisher":{"@id":"https:\/\/kunmedierne.dk\/mors\/#organization"},"potentialAction":[{"@type":"SearchAction","target":{"@type":"EntryPoint","urlTemplate":"https:\/\/kunmedierne.dk\/mors\/?s={search_term_string}"},"query-input":{"@type":"PropertyValueSpecification","valueRequired":true,"valueName":"search_term_string"}}],"inLanguage":"da-DK"},{"@type":"Organization","@id":"https:\/\/kunmedierne.dk\/mors\/#organization","name":"Mors","url":"https:\/\/kunmedierne.dk\/mors\/","logo":{"@type":"ImageObject","inLanguage":"da-DK","@id":"https:\/\/kunmedierne.dk\/mors\/#\/schema\/logo\/image\/","url":"https:\/\/kunmedierne.dk\/mors\/wp-content\/uploads\/2024\/08\/kunmors-logo.svg","contentUrl":"https:\/\/kunmedierne.dk\/mors\/wp-content\/uploads\/2024\/08\/kunmors-logo.svg","caption":"Mors"},"image":{"@id":"https:\/\/kunmedierne.dk\/mors\/#\/schema\/logo\/image\/"}},{"@type":"Person","@id":"https:\/\/kunmedierne.dk\/mors\/#\/schema\/person\/5fe23251bf1d0abbcdc6f7896579d548","name":"David H\u00f8jmark","image":{"@type":"ImageObject","inLanguage":"da-DK","@id":"https:\/\/kunmedierne.dk\/mors\/#\/schema\/person\/image\/","url":"https:\/\/secure.gravatar.com\/avatar\/4315d6fb9ef244d729989f5f90268eb08d5bf8a3d84402f595fa194bb35784fd?s=96&d=mm&r=g","contentUrl":"https:\/\/secure.gravatar.com\/avatar\/4315d6fb9ef244d729989f5f90268eb08d5bf8a3d84402f595fa194bb35784fd?s=96&d=mm&r=g","caption":"David H\u00f8jmark"},"sameAs":["https:\/\/www.kunmedierne.dk"],"url":"https:\/\/kunmedierne.dk\/mors\/author\/david\/"}]}},"_links":{"self":[{"href":"https:\/\/kunmedierne.dk\/mors\/wp-json\/wp\/v2\/posts\/76928","targetHints":{"allow":["GET"]}}],"collection":[{"href":"https:\/\/kunmedierne.dk\/mors\/wp-json\/wp\/v2\/posts"}],"about":[{"href":"https:\/\/kunmedierne.dk\/mors\/wp-json\/wp\/v2\/types\/post"}],"author":[{"embeddable":true,"href":"https:\/\/kunmedierne.dk\/mors\/wp-json\/wp\/v2\/users\/8"}],"replies":[{"embeddable":true,"href":"https:\/\/kunmedierne.dk\/mors\/wp-json\/wp\/v2\/comments?post=76928"}],"version-history":[{"count":1,"href":"https:\/\/kunmedierne.dk\/mors\/wp-json\/wp\/v2\/posts\/76928\/revisions"}],"predecessor-version":[{"id":76932,"href":"https:\/\/kunmedierne.dk\/mors\/wp-json\/wp\/v2\/posts\/76928\/revisions\/76932"}],"wp:featuredmedia":[{"embeddable":true,"href":"https:\/\/kunmedierne.dk\/mors\/wp-json\/wp\/v2\/media\/76931"}],"wp:attachment":[{"href":"https:\/\/kunmedierne.dk\/mors\/wp-json\/wp\/v2\/media?parent=76928"}],"wp:term":[{"taxonomy":"category","embeddable":true,"href":"https:\/\/kunmedierne.dk\/mors\/wp-json\/wp\/v2\/categories?post=76928"},{"taxonomy":"post_tag","embeddable":true,"href":"https:\/\/kunmedierne.dk\/mors\/wp-json\/wp\/v2\/tags?post=76928"}],"curies":[{"name":"wp","href":"https:\/\/api.w.org\/{rel}","templated":true}]}}