{"id":76673,"date":"2022-08-28T19:46:54","date_gmt":"2022-08-28T17:46:54","guid":{"rendered":"https:\/\/kunmedierne.dk\/mors\/?p=76673"},"modified":"2024-08-12T13:27:29","modified_gmt":"2024-08-12T11:27:29","slug":"en-dag-ringede-en-mand-ved-navn-evanthore-vestergaard","status":"publish","type":"post","link":"https:\/\/kunmedierne.dk\/mors\/en-dag-ringede-en-mand-ved-navn-evanthore-vestergaard\/","title":{"rendered":"En dag ringede en mand ved navn Evanthore Vestergaard&#8230;"},"content":{"rendered":"<p><b>NYK\u00d8BING<\/b>: En borgmester f\u00e5r mange telefonopkald, men for cirka 10 \u00e5r siden fik Lauge Larsen et, der den dag i dag sl\u00e5r nye ringe i vandet for Mors.<\/p>\n<p>Det var Evanthore Vestergaard, kulturel iv\u00e6rks\u00e6tter med mange talenter, som ringede og bad om lov til at komme p\u00e5 bes\u00f8g.<\/p>\n<p>&#8220;Jeg kendte ham ikke specielt godt p\u00e5 det tidspunkt, men han ville have et m\u00f8de med os, for han havde f\u00e5et en id\u00e9,&#8221; fort\u00e6ller den dav\u00e6rende borgmester om det allerf\u00f8rste skridt p\u00e5 vejen mod det, der n\u00e6sten 10 \u00e5r senere lige har forenet 32.000 mennesker p\u00e5 \u00f8en i Limfjorden.<\/p>\n<p>Det var nemlig et m\u00f8de om kulturen, den engagerede Evanthore ville foresl\u00e5 den lille kommune i regionens udkant. Et forslag, der i f\u00f8rste omgang dog ikke ligefrem sparkede den socialdemokratiske borgmesters d\u00f8r op p\u00e5 vid gab.<\/p>\n<p>&#8220;Mange ringer jo til en borgmester og har gode id\u00e9er om alt muligt. Men okay &#8211; lad os da bruge en time, sagde vi. S\u00e5 kom han &#8211; og s\u00e5 blev vi alligevel grebet af det,&#8221; fort\u00e6ller Lauge Larsen.<\/p>\n<a class=\"dvrt-link\" onClick=\"cdmtrack_click(104778,jQuery(this));return false\" href=\"https:\/\/vester-begr.dk\/?gclid=CjwKCAjw5Kv7BRBSEiwAXGDElQB6WMfm9CgYVrruty-I1gaOkTkC3mlA4QRDtYNsxYgVC8sNzAJ7WhoCmBsQAvD_BwE\"><img decoding=\"async\" style=\"width:100%;\" src=\"https:\/\/kunmedierne.dk\/mors\/wp-content\/uploads\/2023\/10\/260203VesterHoukaer-02022026.jpg\"><\/a><script>cdmtrack_view(104778);<\/script>\n<p>Han var kommunens politiske f\u00f8rstemand i fire \u00e5r fra 2010 og n\u00e5ede derfor kun at \u00e5bne Kulturm\u00f8det Mors \u00e9n gang.<\/p>\n<p>Men nu gl\u00e6der han sig over, at det skete. At han sammen med lokale Niels Otto Degn, der ogs\u00e5 spillede en hovedrolle i etableringen af Kulturm\u00f8det, tog imod\u00a0Evanthore Vestergaard. At kommunalbestyrelsen viste sig at v\u00e6re med p\u00e5 id\u00e9en, selv om der skulle findes penge til den.<\/p>\n<p>Og at det siden udviklede sig skridt for skridt til noget, Lauge Larsen ikke selv havde forestillet sig, at det kunne.<\/p>\n<p>&#8220;Vi havde da en dr\u00f8m om, at der skulle v\u00e6re liv og glade dage og forskellige madtelte. Men jeg havde ikke dr\u00f8mt om, at det skulle blive s\u00e5 stort,&#8221; siger han.<\/p>\n<p>&nbsp;<\/p>\n<p><b>Fik kritik i starten<\/b><\/p>\n<p>Lauge Larsen var i bestyrelsen for Kulturm\u00f8det i de f\u00f8rste fem \u00e5r &#8211; f\u00f8rst et \u00e5r som borgmester og siden fire som formand for b\u00f8rne- og kulturudvalget i Mors\u00f8 Kommune.<\/p>\n<p>Han husker en begyndelse med andre udfordringer end i dag.<\/p>\n<p>&#8220;Det f\u00f8rste \u00e5r blev vi klandret, at det var meget elit\u00e6rt,&#8221; siger han og mindes ogs\u00e5, at der blandt morsingboer var kritik af, at Kulturm\u00f8det ikke n\u00e5ede ud p\u00e5 \u00f8en.<\/p>\n<p>&#8220;Jeg kan huske, at vi det f\u00f8rste \u00e5r fik meget sk\u00e6ld ud for, at det kun var i Nyk\u00f8bing &#8211; og at vi skulle have meget mere af det lokale med. Men vi meldte ud, at det ikke var en byfest eller en \u00f8-fest som i gamle dage. Det her var noget, der skulle v\u00e6re landsd\u00e6kkende, ellers ville det lynhurtigt d\u00f8,&#8221; siger han.<\/p>\n<a class=\"dvrt-link\" onClick=\"cdmtrack_click(147315,jQuery(this));return false\" href=\"https:\/\/sdrhaa.dk\/\"><img decoding=\"async\" style=\"width:100%;\" src=\"https:\/\/kunmedierne.dk\/mors\/wp-content\/uploads\/2025\/05\/260302Sdr-HaaDin-gebyrvenlige-sparekasse_mors-002.gif\"><\/a><script>cdmtrack_view(147315);<\/script>\n<p>Et andet kritikpunkt var, at man ikke fik gjort nok opm\u00e6rksom p\u00e5 Kulturm\u00f8det det f\u00f8rste \u00e5r.<\/p>\n<p>&#8220;Det var forst\u00e5eligt nok, men det er jo altid sv\u00e6rt at starte s\u00e5dan noget op. De f\u00f8rste \u00e5r var pengene ogs\u00e5 lidt sm\u00e5. Det var n\u00e6rmest kun for kommunale midler,&#8221; siger han &#8211; vel vidende, at Region Nordjylland trods alt ogs\u00e5 var med fra start.<\/p>\n<p>Det var dog med en meget klar betingelse.<\/p>\n<p>&#8220;Vi fik strenge p\u00e5l\u00e6g fra Ulla Astman (dav\u00e6rende regionsr\u00e5dsformand, red.) om, at vi d\u00e6leme ikke m\u00e5tte overskride budgettet, for s\u00e5 var hun sikker p\u00e5, at vi ikke fik pengene anden gang. S\u00e5 der blev virkelig holdt \u00f8je med hver en krone,&#8221; siger Lauge Larsen.<\/p>\n<p>&nbsp;<\/p>\n<p><b>Imponeret over Clement<\/b><\/p>\n<p>Og der var ikke s\u00e5 mange kroner at arbejde med p\u00e5 dette tidspunkt i Kulturm\u00f8dets sp\u00e6de begyndelse. Derfor havde begivenheden ogs\u00e5 en helt anden st\u00f8rrelse, end den siden fik.<\/p>\n<p>&#8220;Det var jo meget mindre dengang. Det foregik stort set kun nede p\u00e5 hovedpladsen, og der var ikke Folkescenen, som er kommet til senere og har v\u00e6ret en stor succes.<\/p>\n<p>B\u00e5de \u00e5bningen og afslutningen var i Musikv\u00e6rket, hvor der var plads til lidt flere end 200,&#8221; siger Lauge Larsen og kommer ind p\u00e5 en af hj\u00f8rnestenene i den succes, der siden f\u00f8rte til v\u00e6kst.<\/p>\n<a class=\"dvrt-link\" onClick=\"cdmtrack_click(104780,jQuery(this));return false\" href=\"https:\/\/www.spard.dk\/\"><img decoding=\"async\" style=\"width:100%;\" src=\"https:\/\/kunmedierne.dk\/mors\/wp-content\/uploads\/2023\/12\/sparekassen-dk-maj25.gif\"><\/a><script>cdmtrack_view(104780);<\/script>\n<p>Eller i hvert fald en af hovedpersonerne.<\/p>\n<p>&#8220;Det gode var, at vi fra starten fik fat i Clement Kjersgaard,&#8221; siger han.<\/p>\n<p>&#8220;Vi var enige om, at hvis vi skulle have fat i folk, skulle det ikke v\u00e6re nogle amat\u00f8rer, der skulle st\u00e5 der. Det gider folk ikke. Det skulle v\u00e6re en professionel, selv om de selvf\u00f8lgelig skal have betaling for det.&#8221;<\/p>\n<p>&#8220;Han har s\u00e5 holdt ved alle 10 gange, og det er ogs\u00e5 imponerende,&#8221; siger Lauge Larsen, der s\u00e5 sent som for f\u00e5 dage siden igen blev imponeret over Clement Kjersgaards kvaliteter.<\/p>\n<p>&#8220;Det var ham, der styrede debatten om Tvind-bogen, og det er fantastisk, hvordan han kan g\u00e5 ind og tage et hvilket som helst emne. Han s\u00e6tter sig ogs\u00e5 ind i det og l\u00e6ser de relevante b\u00f8ger. Det er der ikke andre, der kan p\u00e5 det niveau,&#8221; siger han.<\/p>\n<p>&nbsp;<\/p>\n<p><b>K\u00e6mpe logistisk pr\u00e6station<\/b><\/p>\n<p>\u00c5rene gik, og Kulturm\u00f8det voksede i s\u00e5vel volumen som kvalitet.<\/p>\n<p>&#8220;De f\u00f8rste \u00e5r kunne man jo d\u00e5rligt nok k\u00f8be mad dernede, og i \u00e5r er det en fantastisk betjening og god mad, man har f\u00e5et,&#8221; siger Lauge Larsen, der fremh\u00e6ver inddragelsen af Gasv\u00e6rksvej &#8211; og nu Munkegade helt om til Museum Mors &#8211; samt \u00c6blehaven, Lysskoven og andre efterh\u00e5nden velkendte steder omkring Kulturm\u00f8det.<\/p>\n<p>&#8220;Det er utroligt, hvad man har f\u00e5et ud af det. Det er jo hyggelige steder at v\u00e6re,&#8221; siger han og gl\u00e6der sig ogs\u00e5 over den t\u00e6ttere tilknytning til Ung Kult.<\/p>\n<p>&#8220;Om det s\u00e5 skal v\u00e6re st\u00f8rre, m\u00e5 bestyrelsen jo afg\u00f8re, men jeg synes ogs\u00e5, at man skal passe p\u00e5. Det kan v\u00e6re sv\u00e6rt nok at holde styr p\u00e5 500 arrangementer, men det kan jo udvikle sig p\u00e5 andre m\u00e5der,&#8221; lyder det fra Lauge Larsen, som derefter fremh\u00e6ver endnu en hovedperson i udviklingen af Kulturm\u00f8det Mors.<\/p>\n<a class=\"dvrt-link\" onClick=\"cdmtrack_click(116504,jQuery(this));return false\" href=\"https:\/\/www.nybolig.dk\/ejendomsmaeglere\/nordvestjylland\/nybolig-morsoe-nykoebing-mors\"><img decoding=\"async\" style=\"width:100%;\" src=\"https:\/\/kunmedierne.dk\/mors\/wp-content\/uploads\/2024\/04\/250825Nybolig.jpg\"><\/a><script>cdmtrack_view(116504);<\/script>\n<p>&#8220;Hvert \u00e5r synes man, at det ikke kan blive bedre &#8211; og at der ikke kan ske flere \u00e6ndringer. Men det gode er jo, at vi har f\u00e5et en professionel direkt\u00f8r i Trine Bang. Det diskuterede vi da ogs\u00e5 meget i bestyrelsen, for det koster jo, men det har ogs\u00e5 v\u00e6ret n\u00f8dvendigt. Ogs\u00e5 at det er den samme person, der kan bruge sin tid p\u00e5 det og skabe alle de her kontakter,&#8221; siger han og forts\u00e6tter:<\/p>\n<p>&#8220;Det er 500 arrangementer, og nogle af dem har tre-fire personer p\u00e5 scenen. Det er jo n\u00e6rmest over 1000 mennesker, der er p\u00e5 scenen i de her dage. Og man skal v\u00e6re sikker p\u00e5, at de kommer &#8211; de skal have mad og indkvarteres og s\u00e5 videre. S\u00e5 det er ogs\u00e5 en k\u00e6mpe logistisk pr\u00e6station.&#8221;<\/p>\n<p>&nbsp;<\/p>\n<p><b>Savner de store tv-stationer<\/b><\/p>\n<p>L\u00f8rdag tog netop Trine Bang bladet fra munden, da hun p\u00e5 KunMors formulerede <a href=\"https:\/\/kunmedierne.dk\/mors\/kulturmoedets-direktoer-det-er-saa-typisk-dansk\/\" target=\"_blank\" rel=\"noopener\">en skarp kritik<\/a> af mediers fokus p\u00e5 fredagens kraftige regnvejr.<\/p>\n<p>Lauge Larsen bakker op og undrer sig ogs\u00e5 over vinklingen p\u00e5 et s\u00e5kaldt druknet kulturm\u00f8de.<\/p>\n<p>&#8220;Nu har jeg normalt et godt forhold til journalister, men skal man brokke sig, er det over, hvorfor de v\u00e6lger s\u00e5dan en vinkel. Det er da fuldst\u00e6ndig uinteressant. Havde det s\u00e5 v\u00e6ret et stort skybrud, der fik det hele til at falde sammen. Men det var det jo ikke,&#8221; siger han.<\/p>\n<a class=\"dvrt-link\" onClick=\"cdmtrack_click(104779,jQuery(this));return false\" href=\"https:\/\/morsoe-begravelsesforretning.dk\/\"><img decoding=\"async\" style=\"width:100%;\" src=\"https:\/\/kunmedierne.dk\/mors\/wp-content\/uploads\/2023\/11\/251215-morsoe-begravelsesforretning.jpg\"><\/a><script>cdmtrack_view(104779);<\/script>\n<p>I det hele taget er spillepladen med de landsd\u00e6kkende medier en, som Kulturm\u00f8det Mors stadig har slag at vinde p\u00e5, mener den tidligere borgmester. Han savner blandt andet, at de store tv-stationer prioriterer Kulturm\u00f8det Mors p\u00e5 niveau med andre folkelige begivenheder.<\/p>\n<p>&#8220;Med Roskilde Festival og Smukfest i Skanderborg anmelder man jo n\u00e6rmest hver eneste koncert. Og selv om man kan sige, at det har v\u00e6ret under agurketiden, er Folketinget jo heller ikke m\u00f8dt endnu,&#8221; siger han og fremh\u00e6ver Kulturm\u00f8dets program som s\u00e5 st\u00e6rkt, at det n\u00e6sten forarger ham, hvordan de landsd\u00e6kkende tv-stationer kan overse det.<\/p>\n<p>&#8220;Man kunne sagtens have bragt nogle af debatterne, for kvaliteten er jo tiptop &#8211; man f\u00e5r ikke noget, der er bedre. Det skal de p\u00e5 en eller anden m\u00e5de have at vide,&#8221; lyder det.<\/p>\n<p>&nbsp;<\/p>\n<p><b>Ingen tager det fra Mors<\/b><\/p>\n<p>Lauge Larsen retter i \u00f8vrigt ogs\u00e5 et skud i anden retning. Han\u00a0er nemlig ikke tilfreds med timingen af den politiske festival, som Mariagerfjord Kommune har iv\u00e6rksat &#8211; og som man har valgt at placere samtidig med Kulturm\u00f8det.<\/p>\n<p>&#8220;De kunne d\u00e6lensparkeme godt have lagt det i sidste weekend eller i den n\u00e6ste. Man skal passe p\u00e5, at man ikke \u00f8del\u00e6gger det for hinanden, men alle kommuner vil jo gerne have et eller andet fyrt\u00e5rn,&#8221; siger han og tilf\u00f8jer, at det ogs\u00e5 stiller krav til Kulturm\u00f8det Mors.<\/p>\n<p>&#8220;Det er godt nok kommet ud over musikfestivaler. Derfor er det ogs\u00e5 vigtigt, at man holder fanen og niveauet h\u00f8jt, s\u00e5 det ikke bare drukner i m\u00e6ngden,&#8221; siger han.<\/p>\n<a class=\"dvrt-link\" onClick=\"cdmtrack_click(116504,jQuery(this));return false\" href=\"https:\/\/www.nybolig.dk\/ejendomsmaeglere\/nordvestjylland\/nybolig-morsoe-nykoebing-mors\"><img decoding=\"async\" style=\"width:100%;\" src=\"https:\/\/kunmedierne.dk\/mors\/wp-content\/uploads\/2024\/04\/250825Nybolig.jpg\"><\/a><script>cdmtrack_view(116504);<\/script>\n<p>Det er han nu heller ikke s\u00e5 nerv\u00f8s for, at det kommer til. Kulturm\u00f8det Mors har sl\u00e5et st\u00e6rke r\u00f8dder b\u00e5de p\u00e5 Mors og i dansk kulturliv, mener han. Og den frygt, man m\u00e5ske havde i de f\u00f8rste \u00e5r, at kulturlivet kunne finde p\u00e5 at flytte det v\u00e6k fra Mors, er helt v\u00e6k.<\/p>\n<p>&#8220;Det g\u00f8r man ikke. De f\u00f8rste par \u00e5r var der nogle, der mente, at det skulle g\u00e5 p\u00e5 omgang. Men s\u00e5 fandt de ud af, hvor stort et arbejde, der er med at f\u00e5 banket s\u00e5dan noget op. Og hvor meget det bet\u00f8d, at man havde en fast plads, for ellers skulle man starte forfra hver gang,&#8221; siger han.<\/p>\n<p>&#8220;Jeg er helt tryg ved, at det nok skal overleve de n\u00e6ste mange \u00e5r,&#8221; tilf\u00f8jer Lauge Larsen.<\/p>\n<p>&nbsp;<\/p>\n<p><b>Tiden og pengene v\u00e6rd<\/b><\/p>\n<p>Han kan nu se tilbage p\u00e5 den 10. udgave af Kulturm\u00f8det Mors &#8211; og den niende i en fysisk version.<\/p>\n<p>Og han kan se tilbage p\u00e5 tre dage med et omfattende kulturelt program.<\/p>\n<p>&#8220;Jeg har kun n\u00e5et en br\u00f8kdel. Og vi har jo hver vores prioriteter, men der har i den grad v\u00e6ret noget for enhver smag. Det har v\u00e6ret sv\u00e6rt ikke at finde noget, der passer til en,&#8221; siger han om 2022-versionen, der ogs\u00e5 efter hans mening er den bedste indtil nu.<\/p>\n<a class=\"dvrt-link\" onClick=\"cdmtrack_click(116504,jQuery(this));return false\" href=\"https:\/\/www.nybolig.dk\/ejendomsmaeglere\/nordvestjylland\/nybolig-morsoe-nykoebing-mors\"><img decoding=\"async\" style=\"width:100%;\" src=\"https:\/\/kunmedierne.dk\/mors\/wp-content\/uploads\/2024\/04\/250825Nybolig.jpg\"><\/a><script>cdmtrack_view(116504);<\/script>\n<p>Beslutningen om at tage et m\u00f8de med Evanthore Vestergaard var formentlig ogs\u00e5 en af de bedste i hans borgmestertid. Under alle omst\u00e6ndigheder er den sjovere at se tilbage p\u00e5 end lukning af skoler og plejehjem &#8211; og n\u00e6sten 10 \u00e5r senere har den vist sig at f\u00f8re meget med sig for de kommunale udgifter.<\/p>\n<p>&#8220;Det kan godt betale sig. Vi har f\u00e5et meget for de penge,&#8221; siger han.<\/p>\n<p>&#8220;Der er masser af mennesker i byen, hotellerne er udsolgte, og folk handler i g\u00e5gaden. S\u00e5 for f\u00e5 penge f\u00e5r man en hel masse,&#8221; lyder det inden tilbageblikket p\u00e5 det politiske aftryk fra borgmesteren, der \u00e5bnede det f\u00f8rste Kulturm\u00f8det Mors.<\/p>\n<p>&#8220;Jeg er stolt over at have v\u00e6ret med. Men mange gode folk har v\u00e6ret med &#8211; og nu er det nogle \u00e5r siden, jeg selv har v\u00e6ret i bestyrelsen,&#8221; siger Lauge Larsen og tilf\u00f8jer:<\/p>\n<p>&#8220;Men jeg synes bestemt, det har v\u00e6ret tiden og pengene v\u00e6rd.&#8221;<\/p>\n<div id=\"attachment_76599\" style=\"width: 780px\" class=\"wp-caption alignleft\"><img loading=\"lazy\" decoding=\"async\" aria-describedby=\"caption-attachment-76599\" class=\"size-full wp-image-76599\" src=\"https:\/\/kunmedierne.dk\/mors\/wp-content\/uploads\/2022\/08\/IMG_0308.jpg\" alt=\"\" width=\"770\" height=\"513\" srcset=\"https:\/\/kunmedierne.dk\/mors\/wp-content\/uploads\/2022\/08\/IMG_0308.jpg 770w, https:\/\/kunmedierne.dk\/mors\/wp-content\/uploads\/2022\/08\/IMG_0308-300x200.jpg 300w, https:\/\/kunmedierne.dk\/mors\/wp-content\/uploads\/2022\/08\/IMG_0308-768x512.jpg 768w, https:\/\/kunmedierne.dk\/mors\/wp-content\/uploads\/2022\/08\/IMG_0308-360x240.jpg 360w, https:\/\/kunmedierne.dk\/mors\/wp-content\/uploads\/2022\/08\/IMG_0308-600x400.jpg 600w\" sizes=\"auto, (max-width: 770px) 100vw, 770px\" \/><p id=\"caption-attachment-76599\" class=\"wp-caption-text\">Lauge Larsen (S), borgmester i Mors\u00f8 Kommune under f\u00f8rste udgave af Kulturm\u00f8det Mors.<\/p><\/div>\n<blockquote>\n<h5>Find alle artikler om Kulturm\u00f8det Mors <a href=\"https:\/\/kunmedierne.dk\/mors\/tag\/kulturmoedet\/\" target=\"_blank\" rel=\"noopener\">her<\/a>.<\/h5>\n<\/blockquote>\n","protected":false},"excerpt":{"rendered":"<p>NYK\u00d8BING: En borgmester f\u00e5r mange telefonopkald, men for cirka 10 \u00e5r siden fik Lauge Larsen et, der den dag i dag sl\u00e5r nye ringe i vandet for Mors. Det var Evanthore Vestergaard, kulturel iv\u00e6rks\u00e6tter med mange talenter, som ringede og bad om lov til at komme p\u00e5 bes\u00f8g. &#8220;Jeg kendte ham ikke specielt godt p\u00e5 [&hellip;]<\/p>\n","protected":false},"author":8,"featured_media":76683,"comment_status":"closed","ping_status":"open","sticky":false,"template":"","format":"standard","meta":{"_acf_changed":false,"footnotes":""},"categories":[49],"tags":[162],"class_list":["post-76673","post","type-post","status-publish","format-standard","has-post-thumbnail","hentry","category-kultur","tag-kulturmoedet"],"acf":[],"yoast_head":"<!-- This site is optimized with the Yoast SEO plugin v26.8 - https:\/\/yoast.com\/product\/yoast-seo-wordpress\/ -->\n<title>En dag ringede en mand ved navn Evanthore Vestergaard... - Mors<\/title>\n<meta name=\"robots\" content=\"index, follow, max-snippet:-1, max-image-preview:large, max-video-preview:-1\" \/>\n<link rel=\"canonical\" href=\"https:\/\/kunmedierne.dk\/mors\/en-dag-ringede-en-mand-ved-navn-evanthore-vestergaard\/\" \/>\n<meta property=\"og:locale\" content=\"da_DK\" \/>\n<meta property=\"og:type\" content=\"article\" \/>\n<meta property=\"og:title\" content=\"En dag ringede en mand ved navn Evanthore Vestergaard... - Mors\" \/>\n<meta property=\"og:description\" content=\"NYK\u00d8BING: En borgmester f\u00e5r mange telefonopkald, men for cirka 10 \u00e5r siden fik Lauge Larsen et, der den dag i dag sl\u00e5r nye ringe i vandet for Mors. Det var Evanthore Vestergaard, kulturel iv\u00e6rks\u00e6tter med mange talenter, som ringede og bad om lov til at komme p\u00e5 bes\u00f8g. &#8220;Jeg kendte ham ikke specielt godt p\u00e5 [&hellip;]\" \/>\n<meta property=\"og:url\" content=\"https:\/\/kunmedierne.dk\/mors\/en-dag-ringede-en-mand-ved-navn-evanthore-vestergaard\/\" \/>\n<meta property=\"og:site_name\" content=\"Mors\" \/>\n<meta property=\"article:published_time\" content=\"2022-08-28T17:46:54+00:00\" \/>\n<meta property=\"article:modified_time\" content=\"2024-08-12T11:27:29+00:00\" \/>\n<meta property=\"og:image\" content=\"https:\/\/kunmedierne.dk\/mors\/wp-content\/uploads\/2022\/08\/km22-slut.jpg\" \/>\n\t<meta property=\"og:image:width\" content=\"770\" \/>\n\t<meta property=\"og:image:height\" content=\"513\" \/>\n\t<meta property=\"og:image:type\" content=\"image\/jpeg\" \/>\n<meta name=\"author\" content=\"David H\u00f8jmark\" \/>\n<meta name=\"twitter:card\" content=\"summary_large_image\" \/>\n<meta name=\"twitter:label1\" content=\"Skrevet af\" \/>\n\t<meta name=\"twitter:data1\" content=\"David H\u00f8jmark\" \/>\n\t<meta name=\"twitter:label2\" content=\"Estimeret l\u00e6setid\" \/>\n\t<meta name=\"twitter:data2\" content=\"10 minutter\" \/>\n<script type=\"application\/ld+json\" class=\"yoast-schema-graph\">{\"@context\":\"https:\/\/schema.org\",\"@graph\":[{\"@type\":\"Article\",\"@id\":\"https:\/\/kunmedierne.dk\/mors\/en-dag-ringede-en-mand-ved-navn-evanthore-vestergaard\/#article\",\"isPartOf\":{\"@id\":\"https:\/\/kunmedierne.dk\/mors\/en-dag-ringede-en-mand-ved-navn-evanthore-vestergaard\/\"},\"author\":{\"name\":\"David H\u00f8jmark\",\"@id\":\"https:\/\/kunmedierne.dk\/mors\/#\/schema\/person\/5fe23251bf1d0abbcdc6f7896579d548\"},\"headline\":\"En dag ringede en mand ved navn Evanthore Vestergaard&#8230;\",\"datePublished\":\"2022-08-28T17:46:54+00:00\",\"dateModified\":\"2024-08-12T11:27:29+00:00\",\"mainEntityOfPage\":{\"@id\":\"https:\/\/kunmedierne.dk\/mors\/en-dag-ringede-en-mand-ved-navn-evanthore-vestergaard\/\"},\"wordCount\":1988,\"publisher\":{\"@id\":\"https:\/\/kunmedierne.dk\/mors\/#organization\"},\"image\":{\"@id\":\"https:\/\/kunmedierne.dk\/mors\/en-dag-ringede-en-mand-ved-navn-evanthore-vestergaard\/#primaryimage\"},\"thumbnailUrl\":\"https:\/\/kunmedierne.dk\/mors\/wp-content\/uploads\/2022\/08\/km22-slut.jpg\",\"keywords\":[\"Kulturm\u00f8det\"],\"articleSection\":[\"Kultur\"],\"inLanguage\":\"da-DK\"},{\"@type\":\"WebPage\",\"@id\":\"https:\/\/kunmedierne.dk\/mors\/en-dag-ringede-en-mand-ved-navn-evanthore-vestergaard\/\",\"url\":\"https:\/\/kunmedierne.dk\/mors\/en-dag-ringede-en-mand-ved-navn-evanthore-vestergaard\/\",\"name\":\"En dag ringede en mand ved navn Evanthore Vestergaard... - Mors\",\"isPartOf\":{\"@id\":\"https:\/\/kunmedierne.dk\/mors\/#website\"},\"primaryImageOfPage\":{\"@id\":\"https:\/\/kunmedierne.dk\/mors\/en-dag-ringede-en-mand-ved-navn-evanthore-vestergaard\/#primaryimage\"},\"image\":{\"@id\":\"https:\/\/kunmedierne.dk\/mors\/en-dag-ringede-en-mand-ved-navn-evanthore-vestergaard\/#primaryimage\"},\"thumbnailUrl\":\"https:\/\/kunmedierne.dk\/mors\/wp-content\/uploads\/2022\/08\/km22-slut.jpg\",\"datePublished\":\"2022-08-28T17:46:54+00:00\",\"dateModified\":\"2024-08-12T11:27:29+00:00\",\"breadcrumb\":{\"@id\":\"https:\/\/kunmedierne.dk\/mors\/en-dag-ringede-en-mand-ved-navn-evanthore-vestergaard\/#breadcrumb\"},\"inLanguage\":\"da-DK\",\"potentialAction\":[{\"@type\":\"ReadAction\",\"target\":[\"https:\/\/kunmedierne.dk\/mors\/en-dag-ringede-en-mand-ved-navn-evanthore-vestergaard\/\"]}]},{\"@type\":\"ImageObject\",\"inLanguage\":\"da-DK\",\"@id\":\"https:\/\/kunmedierne.dk\/mors\/en-dag-ringede-en-mand-ved-navn-evanthore-vestergaard\/#primaryimage\",\"url\":\"https:\/\/kunmedierne.dk\/mors\/wp-content\/uploads\/2022\/08\/km22-slut.jpg\",\"contentUrl\":\"https:\/\/kunmedierne.dk\/mors\/wp-content\/uploads\/2022\/08\/km22-slut.jpg\",\"width\":770,\"height\":513,\"caption\":\"Katinka Band trak et par tusinde til KulturPladsen p\u00e5 sidste aften i Kulturm\u00f8det 2022. Foto: Per Bille\"},{\"@type\":\"BreadcrumbList\",\"@id\":\"https:\/\/kunmedierne.dk\/mors\/en-dag-ringede-en-mand-ved-navn-evanthore-vestergaard\/#breadcrumb\",\"itemListElement\":[{\"@type\":\"ListItem\",\"position\":1,\"name\":\"Hjem\",\"item\":\"https:\/\/kunmedierne.dk\/mors\/\"},{\"@type\":\"ListItem\",\"position\":2,\"name\":\"En dag ringede en mand ved navn Evanthore Vestergaard&#8230;\"}]},{\"@type\":\"WebSite\",\"@id\":\"https:\/\/kunmedierne.dk\/mors\/#website\",\"url\":\"https:\/\/kunmedierne.dk\/mors\/\",\"name\":\"Mors\",\"description\":\"et netmedie med journalistik om livet p\u00e5 Mors\",\"publisher\":{\"@id\":\"https:\/\/kunmedierne.dk\/mors\/#organization\"},\"potentialAction\":[{\"@type\":\"SearchAction\",\"target\":{\"@type\":\"EntryPoint\",\"urlTemplate\":\"https:\/\/kunmedierne.dk\/mors\/?s={search_term_string}\"},\"query-input\":{\"@type\":\"PropertyValueSpecification\",\"valueRequired\":true,\"valueName\":\"search_term_string\"}}],\"inLanguage\":\"da-DK\"},{\"@type\":\"Organization\",\"@id\":\"https:\/\/kunmedierne.dk\/mors\/#organization\",\"name\":\"Mors\",\"url\":\"https:\/\/kunmedierne.dk\/mors\/\",\"logo\":{\"@type\":\"ImageObject\",\"inLanguage\":\"da-DK\",\"@id\":\"https:\/\/kunmedierne.dk\/mors\/#\/schema\/logo\/image\/\",\"url\":\"https:\/\/kunmedierne.dk\/mors\/wp-content\/uploads\/2024\/08\/kunmors-logo.svg\",\"contentUrl\":\"https:\/\/kunmedierne.dk\/mors\/wp-content\/uploads\/2024\/08\/kunmors-logo.svg\",\"caption\":\"Mors\"},\"image\":{\"@id\":\"https:\/\/kunmedierne.dk\/mors\/#\/schema\/logo\/image\/\"}},{\"@type\":\"Person\",\"@id\":\"https:\/\/kunmedierne.dk\/mors\/#\/schema\/person\/5fe23251bf1d0abbcdc6f7896579d548\",\"name\":\"David H\u00f8jmark\",\"image\":{\"@type\":\"ImageObject\",\"inLanguage\":\"da-DK\",\"@id\":\"https:\/\/kunmedierne.dk\/mors\/#\/schema\/person\/image\/\",\"url\":\"https:\/\/secure.gravatar.com\/avatar\/4315d6fb9ef244d729989f5f90268eb08d5bf8a3d84402f595fa194bb35784fd?s=96&d=mm&r=g\",\"contentUrl\":\"https:\/\/secure.gravatar.com\/avatar\/4315d6fb9ef244d729989f5f90268eb08d5bf8a3d84402f595fa194bb35784fd?s=96&d=mm&r=g\",\"caption\":\"David H\u00f8jmark\"},\"sameAs\":[\"https:\/\/www.kunmedierne.dk\"],\"url\":\"https:\/\/kunmedierne.dk\/mors\/author\/david\/\"}]}<\/script>\n<!-- \/ Yoast SEO plugin. -->","yoast_head_json":{"title":"En dag ringede en mand ved navn Evanthore Vestergaard... - Mors","robots":{"index":"index","follow":"follow","max-snippet":"max-snippet:-1","max-image-preview":"max-image-preview:large","max-video-preview":"max-video-preview:-1"},"canonical":"https:\/\/kunmedierne.dk\/mors\/en-dag-ringede-en-mand-ved-navn-evanthore-vestergaard\/","og_locale":"da_DK","og_type":"article","og_title":"En dag ringede en mand ved navn Evanthore Vestergaard... - Mors","og_description":"NYK\u00d8BING: En borgmester f\u00e5r mange telefonopkald, men for cirka 10 \u00e5r siden fik Lauge Larsen et, der den dag i dag sl\u00e5r nye ringe i vandet for Mors. Det var Evanthore Vestergaard, kulturel iv\u00e6rks\u00e6tter med mange talenter, som ringede og bad om lov til at komme p\u00e5 bes\u00f8g. &#8220;Jeg kendte ham ikke specielt godt p\u00e5 [&hellip;]","og_url":"https:\/\/kunmedierne.dk\/mors\/en-dag-ringede-en-mand-ved-navn-evanthore-vestergaard\/","og_site_name":"Mors","article_published_time":"2022-08-28T17:46:54+00:00","article_modified_time":"2024-08-12T11:27:29+00:00","og_image":[{"width":770,"height":513,"url":"https:\/\/kunmedierne.dk\/mors\/wp-content\/uploads\/2022\/08\/km22-slut.jpg","type":"image\/jpeg"}],"author":"David H\u00f8jmark","twitter_card":"summary_large_image","twitter_misc":{"Skrevet af":"David H\u00f8jmark","Estimeret l\u00e6setid":"10 minutter"},"schema":{"@context":"https:\/\/schema.org","@graph":[{"@type":"Article","@id":"https:\/\/kunmedierne.dk\/mors\/en-dag-ringede-en-mand-ved-navn-evanthore-vestergaard\/#article","isPartOf":{"@id":"https:\/\/kunmedierne.dk\/mors\/en-dag-ringede-en-mand-ved-navn-evanthore-vestergaard\/"},"author":{"name":"David H\u00f8jmark","@id":"https:\/\/kunmedierne.dk\/mors\/#\/schema\/person\/5fe23251bf1d0abbcdc6f7896579d548"},"headline":"En dag ringede en mand ved navn Evanthore Vestergaard&#8230;","datePublished":"2022-08-28T17:46:54+00:00","dateModified":"2024-08-12T11:27:29+00:00","mainEntityOfPage":{"@id":"https:\/\/kunmedierne.dk\/mors\/en-dag-ringede-en-mand-ved-navn-evanthore-vestergaard\/"},"wordCount":1988,"publisher":{"@id":"https:\/\/kunmedierne.dk\/mors\/#organization"},"image":{"@id":"https:\/\/kunmedierne.dk\/mors\/en-dag-ringede-en-mand-ved-navn-evanthore-vestergaard\/#primaryimage"},"thumbnailUrl":"https:\/\/kunmedierne.dk\/mors\/wp-content\/uploads\/2022\/08\/km22-slut.jpg","keywords":["Kulturm\u00f8det"],"articleSection":["Kultur"],"inLanguage":"da-DK"},{"@type":"WebPage","@id":"https:\/\/kunmedierne.dk\/mors\/en-dag-ringede-en-mand-ved-navn-evanthore-vestergaard\/","url":"https:\/\/kunmedierne.dk\/mors\/en-dag-ringede-en-mand-ved-navn-evanthore-vestergaard\/","name":"En dag ringede en mand ved navn Evanthore Vestergaard... - Mors","isPartOf":{"@id":"https:\/\/kunmedierne.dk\/mors\/#website"},"primaryImageOfPage":{"@id":"https:\/\/kunmedierne.dk\/mors\/en-dag-ringede-en-mand-ved-navn-evanthore-vestergaard\/#primaryimage"},"image":{"@id":"https:\/\/kunmedierne.dk\/mors\/en-dag-ringede-en-mand-ved-navn-evanthore-vestergaard\/#primaryimage"},"thumbnailUrl":"https:\/\/kunmedierne.dk\/mors\/wp-content\/uploads\/2022\/08\/km22-slut.jpg","datePublished":"2022-08-28T17:46:54+00:00","dateModified":"2024-08-12T11:27:29+00:00","breadcrumb":{"@id":"https:\/\/kunmedierne.dk\/mors\/en-dag-ringede-en-mand-ved-navn-evanthore-vestergaard\/#breadcrumb"},"inLanguage":"da-DK","potentialAction":[{"@type":"ReadAction","target":["https:\/\/kunmedierne.dk\/mors\/en-dag-ringede-en-mand-ved-navn-evanthore-vestergaard\/"]}]},{"@type":"ImageObject","inLanguage":"da-DK","@id":"https:\/\/kunmedierne.dk\/mors\/en-dag-ringede-en-mand-ved-navn-evanthore-vestergaard\/#primaryimage","url":"https:\/\/kunmedierne.dk\/mors\/wp-content\/uploads\/2022\/08\/km22-slut.jpg","contentUrl":"https:\/\/kunmedierne.dk\/mors\/wp-content\/uploads\/2022\/08\/km22-slut.jpg","width":770,"height":513,"caption":"Katinka Band trak et par tusinde til KulturPladsen p\u00e5 sidste aften i Kulturm\u00f8det 2022. Foto: Per Bille"},{"@type":"BreadcrumbList","@id":"https:\/\/kunmedierne.dk\/mors\/en-dag-ringede-en-mand-ved-navn-evanthore-vestergaard\/#breadcrumb","itemListElement":[{"@type":"ListItem","position":1,"name":"Hjem","item":"https:\/\/kunmedierne.dk\/mors\/"},{"@type":"ListItem","position":2,"name":"En dag ringede en mand ved navn Evanthore Vestergaard&#8230;"}]},{"@type":"WebSite","@id":"https:\/\/kunmedierne.dk\/mors\/#website","url":"https:\/\/kunmedierne.dk\/mors\/","name":"Mors","description":"et netmedie med journalistik om livet p\u00e5 Mors","publisher":{"@id":"https:\/\/kunmedierne.dk\/mors\/#organization"},"potentialAction":[{"@type":"SearchAction","target":{"@type":"EntryPoint","urlTemplate":"https:\/\/kunmedierne.dk\/mors\/?s={search_term_string}"},"query-input":{"@type":"PropertyValueSpecification","valueRequired":true,"valueName":"search_term_string"}}],"inLanguage":"da-DK"},{"@type":"Organization","@id":"https:\/\/kunmedierne.dk\/mors\/#organization","name":"Mors","url":"https:\/\/kunmedierne.dk\/mors\/","logo":{"@type":"ImageObject","inLanguage":"da-DK","@id":"https:\/\/kunmedierne.dk\/mors\/#\/schema\/logo\/image\/","url":"https:\/\/kunmedierne.dk\/mors\/wp-content\/uploads\/2024\/08\/kunmors-logo.svg","contentUrl":"https:\/\/kunmedierne.dk\/mors\/wp-content\/uploads\/2024\/08\/kunmors-logo.svg","caption":"Mors"},"image":{"@id":"https:\/\/kunmedierne.dk\/mors\/#\/schema\/logo\/image\/"}},{"@type":"Person","@id":"https:\/\/kunmedierne.dk\/mors\/#\/schema\/person\/5fe23251bf1d0abbcdc6f7896579d548","name":"David H\u00f8jmark","image":{"@type":"ImageObject","inLanguage":"da-DK","@id":"https:\/\/kunmedierne.dk\/mors\/#\/schema\/person\/image\/","url":"https:\/\/secure.gravatar.com\/avatar\/4315d6fb9ef244d729989f5f90268eb08d5bf8a3d84402f595fa194bb35784fd?s=96&d=mm&r=g","contentUrl":"https:\/\/secure.gravatar.com\/avatar\/4315d6fb9ef244d729989f5f90268eb08d5bf8a3d84402f595fa194bb35784fd?s=96&d=mm&r=g","caption":"David H\u00f8jmark"},"sameAs":["https:\/\/www.kunmedierne.dk"],"url":"https:\/\/kunmedierne.dk\/mors\/author\/david\/"}]}},"_links":{"self":[{"href":"https:\/\/kunmedierne.dk\/mors\/wp-json\/wp\/v2\/posts\/76673","targetHints":{"allow":["GET"]}}],"collection":[{"href":"https:\/\/kunmedierne.dk\/mors\/wp-json\/wp\/v2\/posts"}],"about":[{"href":"https:\/\/kunmedierne.dk\/mors\/wp-json\/wp\/v2\/types\/post"}],"author":[{"embeddable":true,"href":"https:\/\/kunmedierne.dk\/mors\/wp-json\/wp\/v2\/users\/8"}],"replies":[{"embeddable":true,"href":"https:\/\/kunmedierne.dk\/mors\/wp-json\/wp\/v2\/comments?post=76673"}],"version-history":[{"count":11,"href":"https:\/\/kunmedierne.dk\/mors\/wp-json\/wp\/v2\/posts\/76673\/revisions"}],"predecessor-version":[{"id":76694,"href":"https:\/\/kunmedierne.dk\/mors\/wp-json\/wp\/v2\/posts\/76673\/revisions\/76694"}],"wp:featuredmedia":[{"embeddable":true,"href":"https:\/\/kunmedierne.dk\/mors\/wp-json\/wp\/v2\/media\/76683"}],"wp:attachment":[{"href":"https:\/\/kunmedierne.dk\/mors\/wp-json\/wp\/v2\/media?parent=76673"}],"wp:term":[{"taxonomy":"category","embeddable":true,"href":"https:\/\/kunmedierne.dk\/mors\/wp-json\/wp\/v2\/categories?post=76673"},{"taxonomy":"post_tag","embeddable":true,"href":"https:\/\/kunmedierne.dk\/mors\/wp-json\/wp\/v2\/tags?post=76673"}],"curies":[{"name":"wp","href":"https:\/\/api.w.org\/{rel}","templated":true}]}}