{"id":76670,"date":"2022-08-28T16:00:12","date_gmt":"2022-08-28T14:00:12","guid":{"rendered":"https:\/\/kunmedierne.dk\/mors\/?p=76670"},"modified":"2024-08-12T13:27:29","modified_gmt":"2024-08-12T11:27:29","slug":"borgmester-kulturmoedets-betydning-for-mors-kan-naesten-ikke-overvurderes","status":"publish","type":"post","link":"https:\/\/kunmedierne.dk\/mors\/borgmester-kulturmoedets-betydning-for-mors-kan-naesten-ikke-overvurderes\/","title":{"rendered":"Borgmester: &#8220;Kulturm\u00f8dets betydning for Mors kan n\u00e6sten ikke overvurderes&#8221;"},"content":{"rendered":"<p><strong>NYK\u00d8BING<\/strong>: Kulturm\u00f8det Mors samler dansk kultur &#8211; men det g\u00f8r ogs\u00e5 noget ekstraordin\u00e6rt godt for Mors.<\/p>\n<p>S\u00e5dan lyder det fra borgmester Hans Ejner Bertelsen (V) som opf\u00f8lgning p\u00e5 Kulturm\u00f8det Mors 2022. Han gl\u00e6der sig i f\u00f8rste omgang over, at den store begivenhed nu igen kan opleves i sin helt \u00e5bne form.<\/p>\n<p>&#8220;Kulturm\u00f8det Mors er for alvor tilbage. Det at kunne m\u00f8des fysisk, se hinanden i \u00f8jnene, m\u00e6rke stemningen p\u00e5 pladsen, blive overrasket p\u00e5 vejen og hele tiden f\u00f8le, at man g\u00e5r glip af noget \u2013 det har v\u00e6ret savnet,&#8221; siger han og fremh\u00e6ver gevinsten for \u00f8en i det hele taget.<\/p>\n<a class=\"dvrt-link\" onClick=\"cdmtrack_click(114591,jQuery(this));return false\" href=\"https:\/\/www.facebook.com\/kopogkandemors\"><img decoding=\"async\" style=\"width:100%;\" src=\"https:\/\/kunmedierne.dk\/mors\/wp-content\/uploads\/2024\/03\/kop-og-kande-ja-tak-tilbud.jpg\"><\/a><script>cdmtrack_view(114591);<\/script>\n<p><em>&#8220;<\/em>Kulturm\u00f8dets betydning for Mors kan n\u00e6sten ikke overvurderes. Udover at v\u00e6re med til at forandre samtalen om Mors som v\u00e6rende en kultur- og oplevelses-\u00f8 \u2013 s\u00e5 \u00e5bner det d\u00f8re hos fonde, skaber interesse fra virksomheder og nysgerrighed fra potentielle tilflyttere,&#8221; siger han.<\/p>\n<p>&#8220;Jeg er derfor meget stolt over morsingboernes opbakning og den nationale tilslutning. Vi er vokset b\u00e5de i kvalitet og antal \u2013 og derfor skal der ogs\u00e5 lyde en stor tak til organisationen bag og til de mange frivillige, som har hjulpet til. Nu skal der pustes ud \u2013 og s\u00e5 skal vi se p\u00e5, hvordan vi kan v\u00e6re endnu bedre v\u00e6rter n\u00e6ste \u00e5r,&#8221; siger Hans Ejner Bertelsen.<\/p>\n<p>&nbsp;<\/p>\n<p><strong>Kunst og kultur er afg\u00f8rende<\/strong><\/p>\n<p>Ogs\u00e5 Mads Duedahl (V), regionsr\u00e5dsformand i Region Nordjylland og n\u00e6stformand for Kulturm\u00f8dets bestyrelse, er begejstret.<\/p>\n<p>&#8220;Det har v\u00e6ret en stor oplevelse at v\u00e6re tilbage p\u00e5 Kulturm\u00f8det, som vi kender det. De sidste dage er vi blevet mindet om, hvor afg\u00f8rende kunsten og kulturen er for os som mennesker. Det gavner vores mentale trivsel, det styrker f\u00e6llesskaberne, og det giver os livsindhold, perspektiv p\u00e5 verden og gode oplevelser,&#8221; siger han og tilf\u00f8jer:<\/p>\n<p><strong><a class=\"dvrt-link\" onClick=\"cdmtrack_click(104778,jQuery(this));return false\" href=\"https:\/\/vester-begr.dk\/?gclid=CjwKCAjw5Kv7BRBSEiwAXGDElQB6WMfm9CgYVrruty-I1gaOkTkC3mlA4QRDtYNsxYgVC8sNzAJ7WhoCmBsQAvD_BwE\"><img decoding=\"async\" style=\"width:100%;\" src=\"https:\/\/kunmedierne.dk\/mors\/wp-content\/uploads\/2023\/10\/260203VesterHoukaer-02022026.jpg\"><\/a><script>cdmtrack_view(104778);<\/script><\/strong><\/p>\n<p>&#8220;Vi har ogs\u00e5 set, hvordan kunsten og kulturen kan bidrage til den gr\u00f8nne omstilling og til nye perspektiver p\u00e5 sundhedssektoren. Jeg er sikker p\u00e5, at alle tager herfra fyldt op af inspiration og ny ideer til ting, de vil opleve mere af eller udforske n\u00e6rmere.&#8221;<\/p>\n<p><strong>Find alle artikler om Kulturm\u00f8det Mors <a href=\"https:\/\/kunmedierne.dk\/mors\/tag\/kulturmoedet\/\" target=\"_blank\" rel=\"noopener\">her<\/a>.<\/strong><\/p>\n","protected":false},"excerpt":{"rendered":"<p>NYK\u00d8BING: Kulturm\u00f8det Mors samler dansk kultur &#8211; men det g\u00f8r ogs\u00e5 noget ekstraordin\u00e6rt godt for Mors. S\u00e5dan lyder det fra borgmester Hans Ejner Bertelsen (V) som opf\u00f8lgning p\u00e5 Kulturm\u00f8det Mors 2022. Han gl\u00e6der sig i f\u00f8rste omgang over, at den store begivenhed nu igen kan opleves i sin helt \u00e5bne form. &#8220;Kulturm\u00f8det Mors er for [&hellip;]<\/p>\n","protected":false},"author":8,"featured_media":76671,"comment_status":"closed","ping_status":"open","sticky":false,"template":"","format":"standard","meta":{"_acf_changed":false,"footnotes":""},"categories":[49],"tags":[162],"class_list":["post-76670","post","type-post","status-publish","format-standard","has-post-thumbnail","hentry","category-kultur","tag-kulturmoedet"],"acf":[],"yoast_head":"<!-- This site is optimized with the Yoast SEO plugin v26.8 - https:\/\/yoast.com\/product\/yoast-seo-wordpress\/ -->\n<title>Borgmester: &quot;Kulturm\u00f8dets betydning for Mors kan n\u00e6sten ikke overvurderes&quot; - Mors<\/title>\n<meta name=\"robots\" content=\"index, follow, max-snippet:-1, max-image-preview:large, max-video-preview:-1\" \/>\n<link rel=\"canonical\" href=\"https:\/\/kunmedierne.dk\/mors\/borgmester-kulturmoedets-betydning-for-mors-kan-naesten-ikke-overvurderes\/\" \/>\n<meta property=\"og:locale\" content=\"da_DK\" \/>\n<meta property=\"og:type\" content=\"article\" \/>\n<meta property=\"og:title\" content=\"Borgmester: &quot;Kulturm\u00f8dets betydning for Mors kan n\u00e6sten ikke overvurderes&quot; - Mors\" \/>\n<meta property=\"og:description\" content=\"NYK\u00d8BING: Kulturm\u00f8det Mors samler dansk kultur &#8211; men det g\u00f8r ogs\u00e5 noget ekstraordin\u00e6rt godt for Mors. S\u00e5dan lyder det fra borgmester Hans Ejner Bertelsen (V) som opf\u00f8lgning p\u00e5 Kulturm\u00f8det Mors 2022. Han gl\u00e6der sig i f\u00f8rste omgang over, at den store begivenhed nu igen kan opleves i sin helt \u00e5bne form. &#8220;Kulturm\u00f8det Mors er for [&hellip;]\" \/>\n<meta property=\"og:url\" content=\"https:\/\/kunmedierne.dk\/mors\/borgmester-kulturmoedets-betydning-for-mors-kan-naesten-ikke-overvurderes\/\" \/>\n<meta property=\"og:site_name\" content=\"Mors\" \/>\n<meta property=\"article:published_time\" content=\"2022-08-28T14:00:12+00:00\" \/>\n<meta property=\"article:modified_time\" content=\"2024-08-12T11:27:29+00:00\" \/>\n<meta property=\"og:image\" content=\"https:\/\/kunmedierne.dk\/mors\/wp-content\/uploads\/2022\/08\/kulturmoedet-2022-.jpg\" \/>\n\t<meta property=\"og:image:width\" content=\"770\" \/>\n\t<meta property=\"og:image:height\" content=\"512\" \/>\n\t<meta property=\"og:image:type\" content=\"image\/jpeg\" \/>\n<meta name=\"author\" content=\"David H\u00f8jmark\" \/>\n<meta name=\"twitter:card\" content=\"summary_large_image\" \/>\n<meta name=\"twitter:label1\" content=\"Skrevet af\" \/>\n\t<meta name=\"twitter:data1\" content=\"David H\u00f8jmark\" \/>\n\t<meta name=\"twitter:label2\" content=\"Estimeret l\u00e6setid\" \/>\n\t<meta name=\"twitter:data2\" content=\"2 minutter\" \/>\n<script type=\"application\/ld+json\" class=\"yoast-schema-graph\">{\"@context\":\"https:\/\/schema.org\",\"@graph\":[{\"@type\":\"Article\",\"@id\":\"https:\/\/kunmedierne.dk\/mors\/borgmester-kulturmoedets-betydning-for-mors-kan-naesten-ikke-overvurderes\/#article\",\"isPartOf\":{\"@id\":\"https:\/\/kunmedierne.dk\/mors\/borgmester-kulturmoedets-betydning-for-mors-kan-naesten-ikke-overvurderes\/\"},\"author\":{\"name\":\"David H\u00f8jmark\",\"@id\":\"https:\/\/kunmedierne.dk\/mors\/#\/schema\/person\/5fe23251bf1d0abbcdc6f7896579d548\"},\"headline\":\"Borgmester: &#8220;Kulturm\u00f8dets betydning for Mors kan n\u00e6sten ikke overvurderes&#8221;\",\"datePublished\":\"2022-08-28T14:00:12+00:00\",\"dateModified\":\"2024-08-12T11:27:29+00:00\",\"mainEntityOfPage\":{\"@id\":\"https:\/\/kunmedierne.dk\/mors\/borgmester-kulturmoedets-betydning-for-mors-kan-naesten-ikke-overvurderes\/\"},\"wordCount\":386,\"publisher\":{\"@id\":\"https:\/\/kunmedierne.dk\/mors\/#organization\"},\"image\":{\"@id\":\"https:\/\/kunmedierne.dk\/mors\/borgmester-kulturmoedets-betydning-for-mors-kan-naesten-ikke-overvurderes\/#primaryimage\"},\"thumbnailUrl\":\"https:\/\/kunmedierne.dk\/mors\/wp-content\/uploads\/2022\/08\/kulturmoedet-2022-.jpg\",\"keywords\":[\"Kulturm\u00f8det\"],\"articleSection\":[\"Kultur\"],\"inLanguage\":\"da-DK\"},{\"@type\":\"WebPage\",\"@id\":\"https:\/\/kunmedierne.dk\/mors\/borgmester-kulturmoedets-betydning-for-mors-kan-naesten-ikke-overvurderes\/\",\"url\":\"https:\/\/kunmedierne.dk\/mors\/borgmester-kulturmoedets-betydning-for-mors-kan-naesten-ikke-overvurderes\/\",\"name\":\"Borgmester: \\\"Kulturm\u00f8dets betydning for Mors kan n\u00e6sten ikke overvurderes\\\" - Mors\",\"isPartOf\":{\"@id\":\"https:\/\/kunmedierne.dk\/mors\/#website\"},\"primaryImageOfPage\":{\"@id\":\"https:\/\/kunmedierne.dk\/mors\/borgmester-kulturmoedets-betydning-for-mors-kan-naesten-ikke-overvurderes\/#primaryimage\"},\"image\":{\"@id\":\"https:\/\/kunmedierne.dk\/mors\/borgmester-kulturmoedets-betydning-for-mors-kan-naesten-ikke-overvurderes\/#primaryimage\"},\"thumbnailUrl\":\"https:\/\/kunmedierne.dk\/mors\/wp-content\/uploads\/2022\/08\/kulturmoedet-2022-.jpg\",\"datePublished\":\"2022-08-28T14:00:12+00:00\",\"dateModified\":\"2024-08-12T11:27:29+00:00\",\"breadcrumb\":{\"@id\":\"https:\/\/kunmedierne.dk\/mors\/borgmester-kulturmoedets-betydning-for-mors-kan-naesten-ikke-overvurderes\/#breadcrumb\"},\"inLanguage\":\"da-DK\",\"potentialAction\":[{\"@type\":\"ReadAction\",\"target\":[\"https:\/\/kunmedierne.dk\/mors\/borgmester-kulturmoedets-betydning-for-mors-kan-naesten-ikke-overvurderes\/\"]}]},{\"@type\":\"ImageObject\",\"inLanguage\":\"da-DK\",\"@id\":\"https:\/\/kunmedierne.dk\/mors\/borgmester-kulturmoedets-betydning-for-mors-kan-naesten-ikke-overvurderes\/#primaryimage\",\"url\":\"https:\/\/kunmedierne.dk\/mors\/wp-content\/uploads\/2022\/08\/kulturmoedet-2022-.jpg\",\"contentUrl\":\"https:\/\/kunmedierne.dk\/mors\/wp-content\/uploads\/2022\/08\/kulturmoedet-2022-.jpg\",\"width\":770,\"height\":512,\"caption\":\"Borgmester Hans Ejner Bertelsen (V) i selskab med Clement Kjersgaard under Kulturm\u00f8det 2022. Foto: Per Bille\"},{\"@type\":\"BreadcrumbList\",\"@id\":\"https:\/\/kunmedierne.dk\/mors\/borgmester-kulturmoedets-betydning-for-mors-kan-naesten-ikke-overvurderes\/#breadcrumb\",\"itemListElement\":[{\"@type\":\"ListItem\",\"position\":1,\"name\":\"Hjem\",\"item\":\"https:\/\/kunmedierne.dk\/mors\/\"},{\"@type\":\"ListItem\",\"position\":2,\"name\":\"Borgmester: &#8220;Kulturm\u00f8dets betydning for Mors kan n\u00e6sten ikke overvurderes&#8221;\"}]},{\"@type\":\"WebSite\",\"@id\":\"https:\/\/kunmedierne.dk\/mors\/#website\",\"url\":\"https:\/\/kunmedierne.dk\/mors\/\",\"name\":\"Mors\",\"description\":\"et netmedie med journalistik om livet p\u00e5 Mors\",\"publisher\":{\"@id\":\"https:\/\/kunmedierne.dk\/mors\/#organization\"},\"potentialAction\":[{\"@type\":\"SearchAction\",\"target\":{\"@type\":\"EntryPoint\",\"urlTemplate\":\"https:\/\/kunmedierne.dk\/mors\/?s={search_term_string}\"},\"query-input\":{\"@type\":\"PropertyValueSpecification\",\"valueRequired\":true,\"valueName\":\"search_term_string\"}}],\"inLanguage\":\"da-DK\"},{\"@type\":\"Organization\",\"@id\":\"https:\/\/kunmedierne.dk\/mors\/#organization\",\"name\":\"Mors\",\"url\":\"https:\/\/kunmedierne.dk\/mors\/\",\"logo\":{\"@type\":\"ImageObject\",\"inLanguage\":\"da-DK\",\"@id\":\"https:\/\/kunmedierne.dk\/mors\/#\/schema\/logo\/image\/\",\"url\":\"https:\/\/kunmedierne.dk\/mors\/wp-content\/uploads\/2024\/08\/kunmors-logo.svg\",\"contentUrl\":\"https:\/\/kunmedierne.dk\/mors\/wp-content\/uploads\/2024\/08\/kunmors-logo.svg\",\"caption\":\"Mors\"},\"image\":{\"@id\":\"https:\/\/kunmedierne.dk\/mors\/#\/schema\/logo\/image\/\"}},{\"@type\":\"Person\",\"@id\":\"https:\/\/kunmedierne.dk\/mors\/#\/schema\/person\/5fe23251bf1d0abbcdc6f7896579d548\",\"name\":\"David H\u00f8jmark\",\"image\":{\"@type\":\"ImageObject\",\"inLanguage\":\"da-DK\",\"@id\":\"https:\/\/kunmedierne.dk\/mors\/#\/schema\/person\/image\/\",\"url\":\"https:\/\/secure.gravatar.com\/avatar\/4315d6fb9ef244d729989f5f90268eb08d5bf8a3d84402f595fa194bb35784fd?s=96&d=mm&r=g\",\"contentUrl\":\"https:\/\/secure.gravatar.com\/avatar\/4315d6fb9ef244d729989f5f90268eb08d5bf8a3d84402f595fa194bb35784fd?s=96&d=mm&r=g\",\"caption\":\"David H\u00f8jmark\"},\"sameAs\":[\"https:\/\/www.kunmedierne.dk\"],\"url\":\"https:\/\/kunmedierne.dk\/mors\/author\/david\/\"}]}<\/script>\n<!-- \/ Yoast SEO plugin. -->","yoast_head_json":{"title":"Borgmester: \"Kulturm\u00f8dets betydning for Mors kan n\u00e6sten ikke overvurderes\" - Mors","robots":{"index":"index","follow":"follow","max-snippet":"max-snippet:-1","max-image-preview":"max-image-preview:large","max-video-preview":"max-video-preview:-1"},"canonical":"https:\/\/kunmedierne.dk\/mors\/borgmester-kulturmoedets-betydning-for-mors-kan-naesten-ikke-overvurderes\/","og_locale":"da_DK","og_type":"article","og_title":"Borgmester: \"Kulturm\u00f8dets betydning for Mors kan n\u00e6sten ikke overvurderes\" - Mors","og_description":"NYK\u00d8BING: Kulturm\u00f8det Mors samler dansk kultur &#8211; men det g\u00f8r ogs\u00e5 noget ekstraordin\u00e6rt godt for Mors. S\u00e5dan lyder det fra borgmester Hans Ejner Bertelsen (V) som opf\u00f8lgning p\u00e5 Kulturm\u00f8det Mors 2022. Han gl\u00e6der sig i f\u00f8rste omgang over, at den store begivenhed nu igen kan opleves i sin helt \u00e5bne form. &#8220;Kulturm\u00f8det Mors er for [&hellip;]","og_url":"https:\/\/kunmedierne.dk\/mors\/borgmester-kulturmoedets-betydning-for-mors-kan-naesten-ikke-overvurderes\/","og_site_name":"Mors","article_published_time":"2022-08-28T14:00:12+00:00","article_modified_time":"2024-08-12T11:27:29+00:00","og_image":[{"width":770,"height":512,"url":"https:\/\/kunmedierne.dk\/mors\/wp-content\/uploads\/2022\/08\/kulturmoedet-2022-.jpg","type":"image\/jpeg"}],"author":"David H\u00f8jmark","twitter_card":"summary_large_image","twitter_misc":{"Skrevet af":"David H\u00f8jmark","Estimeret l\u00e6setid":"2 minutter"},"schema":{"@context":"https:\/\/schema.org","@graph":[{"@type":"Article","@id":"https:\/\/kunmedierne.dk\/mors\/borgmester-kulturmoedets-betydning-for-mors-kan-naesten-ikke-overvurderes\/#article","isPartOf":{"@id":"https:\/\/kunmedierne.dk\/mors\/borgmester-kulturmoedets-betydning-for-mors-kan-naesten-ikke-overvurderes\/"},"author":{"name":"David H\u00f8jmark","@id":"https:\/\/kunmedierne.dk\/mors\/#\/schema\/person\/5fe23251bf1d0abbcdc6f7896579d548"},"headline":"Borgmester: &#8220;Kulturm\u00f8dets betydning for Mors kan n\u00e6sten ikke overvurderes&#8221;","datePublished":"2022-08-28T14:00:12+00:00","dateModified":"2024-08-12T11:27:29+00:00","mainEntityOfPage":{"@id":"https:\/\/kunmedierne.dk\/mors\/borgmester-kulturmoedets-betydning-for-mors-kan-naesten-ikke-overvurderes\/"},"wordCount":386,"publisher":{"@id":"https:\/\/kunmedierne.dk\/mors\/#organization"},"image":{"@id":"https:\/\/kunmedierne.dk\/mors\/borgmester-kulturmoedets-betydning-for-mors-kan-naesten-ikke-overvurderes\/#primaryimage"},"thumbnailUrl":"https:\/\/kunmedierne.dk\/mors\/wp-content\/uploads\/2022\/08\/kulturmoedet-2022-.jpg","keywords":["Kulturm\u00f8det"],"articleSection":["Kultur"],"inLanguage":"da-DK"},{"@type":"WebPage","@id":"https:\/\/kunmedierne.dk\/mors\/borgmester-kulturmoedets-betydning-for-mors-kan-naesten-ikke-overvurderes\/","url":"https:\/\/kunmedierne.dk\/mors\/borgmester-kulturmoedets-betydning-for-mors-kan-naesten-ikke-overvurderes\/","name":"Borgmester: \"Kulturm\u00f8dets betydning for Mors kan n\u00e6sten ikke overvurderes\" - Mors","isPartOf":{"@id":"https:\/\/kunmedierne.dk\/mors\/#website"},"primaryImageOfPage":{"@id":"https:\/\/kunmedierne.dk\/mors\/borgmester-kulturmoedets-betydning-for-mors-kan-naesten-ikke-overvurderes\/#primaryimage"},"image":{"@id":"https:\/\/kunmedierne.dk\/mors\/borgmester-kulturmoedets-betydning-for-mors-kan-naesten-ikke-overvurderes\/#primaryimage"},"thumbnailUrl":"https:\/\/kunmedierne.dk\/mors\/wp-content\/uploads\/2022\/08\/kulturmoedet-2022-.jpg","datePublished":"2022-08-28T14:00:12+00:00","dateModified":"2024-08-12T11:27:29+00:00","breadcrumb":{"@id":"https:\/\/kunmedierne.dk\/mors\/borgmester-kulturmoedets-betydning-for-mors-kan-naesten-ikke-overvurderes\/#breadcrumb"},"inLanguage":"da-DK","potentialAction":[{"@type":"ReadAction","target":["https:\/\/kunmedierne.dk\/mors\/borgmester-kulturmoedets-betydning-for-mors-kan-naesten-ikke-overvurderes\/"]}]},{"@type":"ImageObject","inLanguage":"da-DK","@id":"https:\/\/kunmedierne.dk\/mors\/borgmester-kulturmoedets-betydning-for-mors-kan-naesten-ikke-overvurderes\/#primaryimage","url":"https:\/\/kunmedierne.dk\/mors\/wp-content\/uploads\/2022\/08\/kulturmoedet-2022-.jpg","contentUrl":"https:\/\/kunmedierne.dk\/mors\/wp-content\/uploads\/2022\/08\/kulturmoedet-2022-.jpg","width":770,"height":512,"caption":"Borgmester Hans Ejner Bertelsen (V) i selskab med Clement Kjersgaard under Kulturm\u00f8det 2022. Foto: Per Bille"},{"@type":"BreadcrumbList","@id":"https:\/\/kunmedierne.dk\/mors\/borgmester-kulturmoedets-betydning-for-mors-kan-naesten-ikke-overvurderes\/#breadcrumb","itemListElement":[{"@type":"ListItem","position":1,"name":"Hjem","item":"https:\/\/kunmedierne.dk\/mors\/"},{"@type":"ListItem","position":2,"name":"Borgmester: &#8220;Kulturm\u00f8dets betydning for Mors kan n\u00e6sten ikke overvurderes&#8221;"}]},{"@type":"WebSite","@id":"https:\/\/kunmedierne.dk\/mors\/#website","url":"https:\/\/kunmedierne.dk\/mors\/","name":"Mors","description":"et netmedie med journalistik om livet p\u00e5 Mors","publisher":{"@id":"https:\/\/kunmedierne.dk\/mors\/#organization"},"potentialAction":[{"@type":"SearchAction","target":{"@type":"EntryPoint","urlTemplate":"https:\/\/kunmedierne.dk\/mors\/?s={search_term_string}"},"query-input":{"@type":"PropertyValueSpecification","valueRequired":true,"valueName":"search_term_string"}}],"inLanguage":"da-DK"},{"@type":"Organization","@id":"https:\/\/kunmedierne.dk\/mors\/#organization","name":"Mors","url":"https:\/\/kunmedierne.dk\/mors\/","logo":{"@type":"ImageObject","inLanguage":"da-DK","@id":"https:\/\/kunmedierne.dk\/mors\/#\/schema\/logo\/image\/","url":"https:\/\/kunmedierne.dk\/mors\/wp-content\/uploads\/2024\/08\/kunmors-logo.svg","contentUrl":"https:\/\/kunmedierne.dk\/mors\/wp-content\/uploads\/2024\/08\/kunmors-logo.svg","caption":"Mors"},"image":{"@id":"https:\/\/kunmedierne.dk\/mors\/#\/schema\/logo\/image\/"}},{"@type":"Person","@id":"https:\/\/kunmedierne.dk\/mors\/#\/schema\/person\/5fe23251bf1d0abbcdc6f7896579d548","name":"David H\u00f8jmark","image":{"@type":"ImageObject","inLanguage":"da-DK","@id":"https:\/\/kunmedierne.dk\/mors\/#\/schema\/person\/image\/","url":"https:\/\/secure.gravatar.com\/avatar\/4315d6fb9ef244d729989f5f90268eb08d5bf8a3d84402f595fa194bb35784fd?s=96&d=mm&r=g","contentUrl":"https:\/\/secure.gravatar.com\/avatar\/4315d6fb9ef244d729989f5f90268eb08d5bf8a3d84402f595fa194bb35784fd?s=96&d=mm&r=g","caption":"David H\u00f8jmark"},"sameAs":["https:\/\/www.kunmedierne.dk"],"url":"https:\/\/kunmedierne.dk\/mors\/author\/david\/"}]}},"_links":{"self":[{"href":"https:\/\/kunmedierne.dk\/mors\/wp-json\/wp\/v2\/posts\/76670","targetHints":{"allow":["GET"]}}],"collection":[{"href":"https:\/\/kunmedierne.dk\/mors\/wp-json\/wp\/v2\/posts"}],"about":[{"href":"https:\/\/kunmedierne.dk\/mors\/wp-json\/wp\/v2\/types\/post"}],"author":[{"embeddable":true,"href":"https:\/\/kunmedierne.dk\/mors\/wp-json\/wp\/v2\/users\/8"}],"replies":[{"embeddable":true,"href":"https:\/\/kunmedierne.dk\/mors\/wp-json\/wp\/v2\/comments?post=76670"}],"version-history":[{"count":3,"href":"https:\/\/kunmedierne.dk\/mors\/wp-json\/wp\/v2\/posts\/76670\/revisions"}],"predecessor-version":[{"id":76680,"href":"https:\/\/kunmedierne.dk\/mors\/wp-json\/wp\/v2\/posts\/76670\/revisions\/76680"}],"wp:featuredmedia":[{"embeddable":true,"href":"https:\/\/kunmedierne.dk\/mors\/wp-json\/wp\/v2\/media\/76671"}],"wp:attachment":[{"href":"https:\/\/kunmedierne.dk\/mors\/wp-json\/wp\/v2\/media?parent=76670"}],"wp:term":[{"taxonomy":"category","embeddable":true,"href":"https:\/\/kunmedierne.dk\/mors\/wp-json\/wp\/v2\/categories?post=76670"},{"taxonomy":"post_tag","embeddable":true,"href":"https:\/\/kunmedierne.dk\/mors\/wp-json\/wp\/v2\/tags?post=76670"}],"curies":[{"name":"wp","href":"https:\/\/api.w.org\/{rel}","templated":true}]}}