{"id":76630,"date":"2022-08-28T08:33:28","date_gmt":"2022-08-28T06:33:28","guid":{"rendered":"https:\/\/kunmedierne.dk\/mors\/?p=76630"},"modified":"2024-08-12T13:27:29","modified_gmt":"2024-08-12T11:27:29","slug":"kulturmoedet-satte-ny-publikumsrekord","status":"publish","type":"post","link":"https:\/\/kunmedierne.dk\/mors\/kulturmoedet-satte-ny-publikumsrekord\/","title":{"rendered":"Kulturm\u00f8det satte ny publikumsrekord"},"content":{"rendered":"<p><strong>NYK\u00d8BING<\/strong>: Det f\u00f8rste \u00e5bne Kulturm\u00f8det Mors siden 2019 blev rekordstort.<\/p>\n<p>Arrang\u00f8rerne har s\u00f8ndag morgen gjort status over tre dage med kultur og kan blandt andet gl\u00e6de sig over, at hele 32.000 lagde vejen forbi Mors i l\u00f8bet af tre dage med st\u00e6rke stemmer, f\u00e6llesskab og masser af kunstneriske oplevelser.<\/p>\n<p>Kulturm\u00f8det indeholdt flere end 500 arrangementer og 150 organisationer &#8211; og med en bred repr\u00e6sentation fra politikere og branchefolk mener det selv at have cementeret sin position som Danmarks samlingssted for kunst og kultur.<\/p>\n<a class=\"dvrt-link\" onClick=\"cdmtrack_click(113414,jQuery(this));return false\" href=\"https:\/\/www.p-soerensen.dk\/\"><img decoding=\"async\" style=\"width:100%;\" src=\"https:\/\/kunmedierne.dk\/mors\/wp-content\/uploads\/2024\/03\/p-soerensen-juni25.jpg\"><\/a><script>cdmtrack_view(113414);<\/script>\n<p>\u201c\u00c5rets Kulturm\u00f8de st\u00e5r skarpere end nogensinde,&#8221; lyder det fra Trine Bang, direkt\u00f8r for Kulturm\u00f8det Mors.<\/p>\n<p>&#8220;Vi har investeret i to nye omr\u00e5der, udvidet \u00e5bningstiden, og gjort det p\u00e5 bagkant af to \u00e5r med hybride formater. S\u00e5 det har selvf\u00f8lgelig ikke v\u00e6ret uden premierenerver. Derfor betyder det alt, at publikum, arrang\u00f8rer og samarbejdspartnere kvitterer med s\u00e5 overv\u00e6ldende en opbakning,&#8221; siger hun.<\/p>\n<p>To nye omr\u00e5der dedikeret til b\u00f8rn og unge s\u00e5 dagens lys, og \u00e5bningstiden blev udvidet, s\u00e5 l\u00f8rdag aften var med.<\/p>\n<p>Det udnyttede flere tusinde under <a href=\"https:\/\/kunmedierne.dk\/mors\/for-mig-der-aldrig-har-vaeret-til-smukfest-saa-er-det-her-bare-smukfest\/\" target=\"_blank\" rel=\"noopener\">de sidste koncerter<\/a>, men ikke bare publikum n\u00f8d godt af Kulturm\u00f8det Mors. Det gjorde dansk kultur i det hele taget, vurderer Trine Bang, som allerede gl\u00e6der sig til 2023.<\/p>\n<p>\u201cVi sl\u00e5r fast, at det er her, samtalen om kunst og kultur foreg\u00e5r. Det er her, kulturlivet danner netv\u00e6rk, bliver klogere og lade sig inspirere p\u00e5 tv\u00e6rs af brancher. Og s\u00e5 viser vi, at det danske kulturliv er helt ufatteligt slagkraftigt, n\u00e5r vi samles. Vi er lykkes med at bringe nye stemmer og organisationer ind i kulturdebatten, og den udvikling skal vi forts\u00e6tte med n\u00e6ste \u00e5r\u201d.<\/p>\n<a class=\"dvrt-link\" onClick=\"cdmtrack_click(147315,jQuery(this));return false\" href=\"https:\/\/sdrhaa.dk\/\"><img decoding=\"async\" style=\"width:100%;\" src=\"https:\/\/kunmedierne.dk\/mors\/wp-content\/uploads\/2025\/05\/260302Sdr-HaaDin-gebyrvenlige-sparekasse_mors-002.gif\"><\/a><script>cdmtrack_view(147315);<\/script>\n<p>Kulturm\u00f8det ser tilbage p\u00e5 et hav af samtaler og oplevelser, som hver is\u00e6r har sat deres solide aftryk p\u00e5 programmet.<\/p>\n<p>\u201cDen opbakning, publikum har vist, er overv\u00e6ldende. Mere end 2500 skoleb\u00f8rn fra hele Mors har danset flamenco og g\u00e5et parade. 5000 mennesker var samlet til de to store koncerter med Katinka og Hugorm, og vi har v\u00e6ret samlet om store oplevelser med landets fineste klassiske musikere, og st\u00e6rkeste stemmer,&#8221; siger Trine Bang.<\/p>\n<p><strong>L\u00c6S OGS\u00c5: <a href=\"https:\/\/kunmedierne.dk\/mors\/for-mig-der-aldrig-har-vaeret-til-smukfest-saa-er-det-her-bare-smukfest\/\">&#8220;For mig, der aldrig har v\u00e6ret til Smukfest, s\u00e5 er det her bare Smukfest!&#8221;<\/a><\/strong><\/p>\n<a class=\"dvrt-link\" onClick=\"cdmtrack_click(113414,jQuery(this));return false\" href=\"https:\/\/www.p-soerensen.dk\/\"><img decoding=\"async\" style=\"width:100%;\" src=\"https:\/\/kunmedierne.dk\/mors\/wp-content\/uploads\/2024\/03\/p-soerensen-juni25.jpg\"><\/a><script>cdmtrack_view(113414);<\/script>\n<blockquote><p><strong>\u00a0FAKTA<\/strong><\/p>\n<h5>Kulturm\u00f8det arrangeres af S\/I Kulturm\u00f8det i samarbejde med Mors\u00f8 Kommune og Region Nordjylland. Det st\u00f8ttes af Kulturministeriet og en r\u00e6kke fonde og sponsorer.<\/h5>\n<h5>Kulturm\u00f8det er gratis for alle.<\/h5>\n<h5>Kulturm\u00f8det 2022 var nummer 10 i r\u00e6kken siden det f\u00f8rste i 2013. I 2020 var det dog i en virtuel udgave p\u00e5 grund af coronanedlukning, og i 2021 blev det gennemf\u00f8rt med begr\u00e6nset deltagelse fra publikum.<\/h5>\n<h5>Find alle artikler om Kulturm\u00f8det Mors <a href=\"https:\/\/kunmedierne.dk\/mors\/tag\/kulturmoedet\/\" target=\"_blank\" rel=\"noopener\">her<\/a>.<\/h5>\n<\/blockquote>\n","protected":false},"excerpt":{"rendered":"<p>NYK\u00d8BING: Det f\u00f8rste \u00e5bne Kulturm\u00f8det Mors siden 2019 blev rekordstort. Arrang\u00f8rerne har s\u00f8ndag morgen gjort status over tre dage med kultur og kan blandt andet gl\u00e6de sig over, at hele 32.000 lagde vejen forbi Mors i l\u00f8bet af tre dage med st\u00e6rke stemmer, f\u00e6llesskab og masser af kunstneriske oplevelser. Kulturm\u00f8det indeholdt flere end 500 arrangementer [&hellip;]<\/p>\n","protected":false},"author":8,"featured_media":76635,"comment_status":"closed","ping_status":"open","sticky":false,"template":"","format":"standard","meta":{"_acf_changed":false,"footnotes":""},"categories":[49],"tags":[162],"class_list":["post-76630","post","type-post","status-publish","format-standard","has-post-thumbnail","hentry","category-kultur","tag-kulturmoedet"],"acf":[],"yoast_head":"<!-- This site is optimized with the Yoast SEO plugin v26.8 - https:\/\/yoast.com\/product\/yoast-seo-wordpress\/ -->\n<title>Kulturm\u00f8det satte ny publikumsrekord - Mors<\/title>\n<meta name=\"robots\" content=\"index, follow, max-snippet:-1, max-image-preview:large, max-video-preview:-1\" \/>\n<link rel=\"canonical\" href=\"https:\/\/kunmedierne.dk\/mors\/kulturmoedet-satte-ny-publikumsrekord\/\" \/>\n<meta property=\"og:locale\" content=\"da_DK\" \/>\n<meta property=\"og:type\" content=\"article\" \/>\n<meta property=\"og:title\" content=\"Kulturm\u00f8det satte ny publikumsrekord - Mors\" \/>\n<meta property=\"og:description\" content=\"NYK\u00d8BING: Det f\u00f8rste \u00e5bne Kulturm\u00f8det Mors siden 2019 blev rekordstort. Arrang\u00f8rerne har s\u00f8ndag morgen gjort status over tre dage med kultur og kan blandt andet gl\u00e6de sig over, at hele 32.000 lagde vejen forbi Mors i l\u00f8bet af tre dage med st\u00e6rke stemmer, f\u00e6llesskab og masser af kunstneriske oplevelser. Kulturm\u00f8det indeholdt flere end 500 arrangementer [&hellip;]\" \/>\n<meta property=\"og:url\" content=\"https:\/\/kunmedierne.dk\/mors\/kulturmoedet-satte-ny-publikumsrekord\/\" \/>\n<meta property=\"og:site_name\" content=\"Mors\" \/>\n<meta property=\"article:published_time\" content=\"2022-08-28T06:33:28+00:00\" \/>\n<meta property=\"article:modified_time\" content=\"2024-08-12T11:27:29+00:00\" \/>\n<meta property=\"og:image\" content=\"https:\/\/kunmedierne.dk\/mors\/wp-content\/uploads\/2022\/08\/kulturmoedet-2022-4.jpg\" \/>\n\t<meta property=\"og:image:width\" content=\"770\" \/>\n\t<meta property=\"og:image:height\" content=\"513\" \/>\n\t<meta property=\"og:image:type\" content=\"image\/jpeg\" \/>\n<meta name=\"author\" content=\"David H\u00f8jmark\" \/>\n<meta name=\"twitter:card\" content=\"summary_large_image\" \/>\n<meta name=\"twitter:label1\" content=\"Skrevet af\" \/>\n\t<meta name=\"twitter:data1\" content=\"David H\u00f8jmark\" \/>\n\t<meta name=\"twitter:label2\" content=\"Estimeret l\u00e6setid\" \/>\n\t<meta name=\"twitter:data2\" content=\"3 minutter\" \/>\n<script type=\"application\/ld+json\" class=\"yoast-schema-graph\">{\"@context\":\"https:\/\/schema.org\",\"@graph\":[{\"@type\":\"Article\",\"@id\":\"https:\/\/kunmedierne.dk\/mors\/kulturmoedet-satte-ny-publikumsrekord\/#article\",\"isPartOf\":{\"@id\":\"https:\/\/kunmedierne.dk\/mors\/kulturmoedet-satte-ny-publikumsrekord\/\"},\"author\":{\"name\":\"David H\u00f8jmark\",\"@id\":\"https:\/\/kunmedierne.dk\/mors\/#\/schema\/person\/5fe23251bf1d0abbcdc6f7896579d548\"},\"headline\":\"Kulturm\u00f8det satte ny publikumsrekord\",\"datePublished\":\"2022-08-28T06:33:28+00:00\",\"dateModified\":\"2024-08-12T11:27:29+00:00\",\"mainEntityOfPage\":{\"@id\":\"https:\/\/kunmedierne.dk\/mors\/kulturmoedet-satte-ny-publikumsrekord\/\"},\"wordCount\":476,\"publisher\":{\"@id\":\"https:\/\/kunmedierne.dk\/mors\/#organization\"},\"image\":{\"@id\":\"https:\/\/kunmedierne.dk\/mors\/kulturmoedet-satte-ny-publikumsrekord\/#primaryimage\"},\"thumbnailUrl\":\"https:\/\/kunmedierne.dk\/mors\/wp-content\/uploads\/2022\/08\/kulturmoedet-2022-4.jpg\",\"keywords\":[\"Kulturm\u00f8det\"],\"articleSection\":[\"Kultur\"],\"inLanguage\":\"da-DK\"},{\"@type\":\"WebPage\",\"@id\":\"https:\/\/kunmedierne.dk\/mors\/kulturmoedet-satte-ny-publikumsrekord\/\",\"url\":\"https:\/\/kunmedierne.dk\/mors\/kulturmoedet-satte-ny-publikumsrekord\/\",\"name\":\"Kulturm\u00f8det satte ny publikumsrekord - Mors\",\"isPartOf\":{\"@id\":\"https:\/\/kunmedierne.dk\/mors\/#website\"},\"primaryImageOfPage\":{\"@id\":\"https:\/\/kunmedierne.dk\/mors\/kulturmoedet-satte-ny-publikumsrekord\/#primaryimage\"},\"image\":{\"@id\":\"https:\/\/kunmedierne.dk\/mors\/kulturmoedet-satte-ny-publikumsrekord\/#primaryimage\"},\"thumbnailUrl\":\"https:\/\/kunmedierne.dk\/mors\/wp-content\/uploads\/2022\/08\/kulturmoedet-2022-4.jpg\",\"datePublished\":\"2022-08-28T06:33:28+00:00\",\"dateModified\":\"2024-08-12T11:27:29+00:00\",\"breadcrumb\":{\"@id\":\"https:\/\/kunmedierne.dk\/mors\/kulturmoedet-satte-ny-publikumsrekord\/#breadcrumb\"},\"inLanguage\":\"da-DK\",\"potentialAction\":[{\"@type\":\"ReadAction\",\"target\":[\"https:\/\/kunmedierne.dk\/mors\/kulturmoedet-satte-ny-publikumsrekord\/\"]}]},{\"@type\":\"ImageObject\",\"inLanguage\":\"da-DK\",\"@id\":\"https:\/\/kunmedierne.dk\/mors\/kulturmoedet-satte-ny-publikumsrekord\/#primaryimage\",\"url\":\"https:\/\/kunmedierne.dk\/mors\/wp-content\/uploads\/2022\/08\/kulturmoedet-2022-4.jpg\",\"contentUrl\":\"https:\/\/kunmedierne.dk\/mors\/wp-content\/uploads\/2022\/08\/kulturmoedet-2022-4.jpg\",\"width\":770,\"height\":513,\"caption\":\"Kulturm\u00f8det samlede titusindvis om kulturen. Foto: Per Bille\"},{\"@type\":\"BreadcrumbList\",\"@id\":\"https:\/\/kunmedierne.dk\/mors\/kulturmoedet-satte-ny-publikumsrekord\/#breadcrumb\",\"itemListElement\":[{\"@type\":\"ListItem\",\"position\":1,\"name\":\"Hjem\",\"item\":\"https:\/\/kunmedierne.dk\/mors\/\"},{\"@type\":\"ListItem\",\"position\":2,\"name\":\"Kulturm\u00f8det satte ny publikumsrekord\"}]},{\"@type\":\"WebSite\",\"@id\":\"https:\/\/kunmedierne.dk\/mors\/#website\",\"url\":\"https:\/\/kunmedierne.dk\/mors\/\",\"name\":\"Mors\",\"description\":\"et netmedie med journalistik om livet p\u00e5 Mors\",\"publisher\":{\"@id\":\"https:\/\/kunmedierne.dk\/mors\/#organization\"},\"potentialAction\":[{\"@type\":\"SearchAction\",\"target\":{\"@type\":\"EntryPoint\",\"urlTemplate\":\"https:\/\/kunmedierne.dk\/mors\/?s={search_term_string}\"},\"query-input\":{\"@type\":\"PropertyValueSpecification\",\"valueRequired\":true,\"valueName\":\"search_term_string\"}}],\"inLanguage\":\"da-DK\"},{\"@type\":\"Organization\",\"@id\":\"https:\/\/kunmedierne.dk\/mors\/#organization\",\"name\":\"Mors\",\"url\":\"https:\/\/kunmedierne.dk\/mors\/\",\"logo\":{\"@type\":\"ImageObject\",\"inLanguage\":\"da-DK\",\"@id\":\"https:\/\/kunmedierne.dk\/mors\/#\/schema\/logo\/image\/\",\"url\":\"https:\/\/kunmedierne.dk\/mors\/wp-content\/uploads\/2024\/08\/kunmors-logo.svg\",\"contentUrl\":\"https:\/\/kunmedierne.dk\/mors\/wp-content\/uploads\/2024\/08\/kunmors-logo.svg\",\"caption\":\"Mors\"},\"image\":{\"@id\":\"https:\/\/kunmedierne.dk\/mors\/#\/schema\/logo\/image\/\"}},{\"@type\":\"Person\",\"@id\":\"https:\/\/kunmedierne.dk\/mors\/#\/schema\/person\/5fe23251bf1d0abbcdc6f7896579d548\",\"name\":\"David H\u00f8jmark\",\"image\":{\"@type\":\"ImageObject\",\"inLanguage\":\"da-DK\",\"@id\":\"https:\/\/kunmedierne.dk\/mors\/#\/schema\/person\/image\/\",\"url\":\"https:\/\/secure.gravatar.com\/avatar\/4315d6fb9ef244d729989f5f90268eb08d5bf8a3d84402f595fa194bb35784fd?s=96&d=mm&r=g\",\"contentUrl\":\"https:\/\/secure.gravatar.com\/avatar\/4315d6fb9ef244d729989f5f90268eb08d5bf8a3d84402f595fa194bb35784fd?s=96&d=mm&r=g\",\"caption\":\"David H\u00f8jmark\"},\"sameAs\":[\"https:\/\/www.kunmedierne.dk\"],\"url\":\"https:\/\/kunmedierne.dk\/mors\/author\/david\/\"}]}<\/script>\n<!-- \/ Yoast SEO plugin. -->","yoast_head_json":{"title":"Kulturm\u00f8det satte ny publikumsrekord - Mors","robots":{"index":"index","follow":"follow","max-snippet":"max-snippet:-1","max-image-preview":"max-image-preview:large","max-video-preview":"max-video-preview:-1"},"canonical":"https:\/\/kunmedierne.dk\/mors\/kulturmoedet-satte-ny-publikumsrekord\/","og_locale":"da_DK","og_type":"article","og_title":"Kulturm\u00f8det satte ny publikumsrekord - Mors","og_description":"NYK\u00d8BING: Det f\u00f8rste \u00e5bne Kulturm\u00f8det Mors siden 2019 blev rekordstort. Arrang\u00f8rerne har s\u00f8ndag morgen gjort status over tre dage med kultur og kan blandt andet gl\u00e6de sig over, at hele 32.000 lagde vejen forbi Mors i l\u00f8bet af tre dage med st\u00e6rke stemmer, f\u00e6llesskab og masser af kunstneriske oplevelser. Kulturm\u00f8det indeholdt flere end 500 arrangementer [&hellip;]","og_url":"https:\/\/kunmedierne.dk\/mors\/kulturmoedet-satte-ny-publikumsrekord\/","og_site_name":"Mors","article_published_time":"2022-08-28T06:33:28+00:00","article_modified_time":"2024-08-12T11:27:29+00:00","og_image":[{"width":770,"height":513,"url":"https:\/\/kunmedierne.dk\/mors\/wp-content\/uploads\/2022\/08\/kulturmoedet-2022-4.jpg","type":"image\/jpeg"}],"author":"David H\u00f8jmark","twitter_card":"summary_large_image","twitter_misc":{"Skrevet af":"David H\u00f8jmark","Estimeret l\u00e6setid":"3 minutter"},"schema":{"@context":"https:\/\/schema.org","@graph":[{"@type":"Article","@id":"https:\/\/kunmedierne.dk\/mors\/kulturmoedet-satte-ny-publikumsrekord\/#article","isPartOf":{"@id":"https:\/\/kunmedierne.dk\/mors\/kulturmoedet-satte-ny-publikumsrekord\/"},"author":{"name":"David H\u00f8jmark","@id":"https:\/\/kunmedierne.dk\/mors\/#\/schema\/person\/5fe23251bf1d0abbcdc6f7896579d548"},"headline":"Kulturm\u00f8det satte ny publikumsrekord","datePublished":"2022-08-28T06:33:28+00:00","dateModified":"2024-08-12T11:27:29+00:00","mainEntityOfPage":{"@id":"https:\/\/kunmedierne.dk\/mors\/kulturmoedet-satte-ny-publikumsrekord\/"},"wordCount":476,"publisher":{"@id":"https:\/\/kunmedierne.dk\/mors\/#organization"},"image":{"@id":"https:\/\/kunmedierne.dk\/mors\/kulturmoedet-satte-ny-publikumsrekord\/#primaryimage"},"thumbnailUrl":"https:\/\/kunmedierne.dk\/mors\/wp-content\/uploads\/2022\/08\/kulturmoedet-2022-4.jpg","keywords":["Kulturm\u00f8det"],"articleSection":["Kultur"],"inLanguage":"da-DK"},{"@type":"WebPage","@id":"https:\/\/kunmedierne.dk\/mors\/kulturmoedet-satte-ny-publikumsrekord\/","url":"https:\/\/kunmedierne.dk\/mors\/kulturmoedet-satte-ny-publikumsrekord\/","name":"Kulturm\u00f8det satte ny publikumsrekord - Mors","isPartOf":{"@id":"https:\/\/kunmedierne.dk\/mors\/#website"},"primaryImageOfPage":{"@id":"https:\/\/kunmedierne.dk\/mors\/kulturmoedet-satte-ny-publikumsrekord\/#primaryimage"},"image":{"@id":"https:\/\/kunmedierne.dk\/mors\/kulturmoedet-satte-ny-publikumsrekord\/#primaryimage"},"thumbnailUrl":"https:\/\/kunmedierne.dk\/mors\/wp-content\/uploads\/2022\/08\/kulturmoedet-2022-4.jpg","datePublished":"2022-08-28T06:33:28+00:00","dateModified":"2024-08-12T11:27:29+00:00","breadcrumb":{"@id":"https:\/\/kunmedierne.dk\/mors\/kulturmoedet-satte-ny-publikumsrekord\/#breadcrumb"},"inLanguage":"da-DK","potentialAction":[{"@type":"ReadAction","target":["https:\/\/kunmedierne.dk\/mors\/kulturmoedet-satte-ny-publikumsrekord\/"]}]},{"@type":"ImageObject","inLanguage":"da-DK","@id":"https:\/\/kunmedierne.dk\/mors\/kulturmoedet-satte-ny-publikumsrekord\/#primaryimage","url":"https:\/\/kunmedierne.dk\/mors\/wp-content\/uploads\/2022\/08\/kulturmoedet-2022-4.jpg","contentUrl":"https:\/\/kunmedierne.dk\/mors\/wp-content\/uploads\/2022\/08\/kulturmoedet-2022-4.jpg","width":770,"height":513,"caption":"Kulturm\u00f8det samlede titusindvis om kulturen. Foto: Per Bille"},{"@type":"BreadcrumbList","@id":"https:\/\/kunmedierne.dk\/mors\/kulturmoedet-satte-ny-publikumsrekord\/#breadcrumb","itemListElement":[{"@type":"ListItem","position":1,"name":"Hjem","item":"https:\/\/kunmedierne.dk\/mors\/"},{"@type":"ListItem","position":2,"name":"Kulturm\u00f8det satte ny publikumsrekord"}]},{"@type":"WebSite","@id":"https:\/\/kunmedierne.dk\/mors\/#website","url":"https:\/\/kunmedierne.dk\/mors\/","name":"Mors","description":"et netmedie med journalistik om livet p\u00e5 Mors","publisher":{"@id":"https:\/\/kunmedierne.dk\/mors\/#organization"},"potentialAction":[{"@type":"SearchAction","target":{"@type":"EntryPoint","urlTemplate":"https:\/\/kunmedierne.dk\/mors\/?s={search_term_string}"},"query-input":{"@type":"PropertyValueSpecification","valueRequired":true,"valueName":"search_term_string"}}],"inLanguage":"da-DK"},{"@type":"Organization","@id":"https:\/\/kunmedierne.dk\/mors\/#organization","name":"Mors","url":"https:\/\/kunmedierne.dk\/mors\/","logo":{"@type":"ImageObject","inLanguage":"da-DK","@id":"https:\/\/kunmedierne.dk\/mors\/#\/schema\/logo\/image\/","url":"https:\/\/kunmedierne.dk\/mors\/wp-content\/uploads\/2024\/08\/kunmors-logo.svg","contentUrl":"https:\/\/kunmedierne.dk\/mors\/wp-content\/uploads\/2024\/08\/kunmors-logo.svg","caption":"Mors"},"image":{"@id":"https:\/\/kunmedierne.dk\/mors\/#\/schema\/logo\/image\/"}},{"@type":"Person","@id":"https:\/\/kunmedierne.dk\/mors\/#\/schema\/person\/5fe23251bf1d0abbcdc6f7896579d548","name":"David H\u00f8jmark","image":{"@type":"ImageObject","inLanguage":"da-DK","@id":"https:\/\/kunmedierne.dk\/mors\/#\/schema\/person\/image\/","url":"https:\/\/secure.gravatar.com\/avatar\/4315d6fb9ef244d729989f5f90268eb08d5bf8a3d84402f595fa194bb35784fd?s=96&d=mm&r=g","contentUrl":"https:\/\/secure.gravatar.com\/avatar\/4315d6fb9ef244d729989f5f90268eb08d5bf8a3d84402f595fa194bb35784fd?s=96&d=mm&r=g","caption":"David H\u00f8jmark"},"sameAs":["https:\/\/www.kunmedierne.dk"],"url":"https:\/\/kunmedierne.dk\/mors\/author\/david\/"}]}},"_links":{"self":[{"href":"https:\/\/kunmedierne.dk\/mors\/wp-json\/wp\/v2\/posts\/76630","targetHints":{"allow":["GET"]}}],"collection":[{"href":"https:\/\/kunmedierne.dk\/mors\/wp-json\/wp\/v2\/posts"}],"about":[{"href":"https:\/\/kunmedierne.dk\/mors\/wp-json\/wp\/v2\/types\/post"}],"author":[{"embeddable":true,"href":"https:\/\/kunmedierne.dk\/mors\/wp-json\/wp\/v2\/users\/8"}],"replies":[{"embeddable":true,"href":"https:\/\/kunmedierne.dk\/mors\/wp-json\/wp\/v2\/comments?post=76630"}],"version-history":[{"count":1,"href":"https:\/\/kunmedierne.dk\/mors\/wp-json\/wp\/v2\/posts\/76630\/revisions"}],"predecessor-version":[{"id":76639,"href":"https:\/\/kunmedierne.dk\/mors\/wp-json\/wp\/v2\/posts\/76630\/revisions\/76639"}],"wp:featuredmedia":[{"embeddable":true,"href":"https:\/\/kunmedierne.dk\/mors\/wp-json\/wp\/v2\/media\/76635"}],"wp:attachment":[{"href":"https:\/\/kunmedierne.dk\/mors\/wp-json\/wp\/v2\/media?parent=76630"}],"wp:term":[{"taxonomy":"category","embeddable":true,"href":"https:\/\/kunmedierne.dk\/mors\/wp-json\/wp\/v2\/categories?post=76630"},{"taxonomy":"post_tag","embeddable":true,"href":"https:\/\/kunmedierne.dk\/mors\/wp-json\/wp\/v2\/tags?post=76630"}],"curies":[{"name":"wp","href":"https:\/\/api.w.org\/{rel}","templated":true}]}}