{"id":76598,"date":"2022-08-27T18:49:14","date_gmt":"2022-08-27T16:49:14","guid":{"rendered":"https:\/\/kunmedierne.dk\/mors\/?p=76598"},"modified":"2024-08-12T13:27:30","modified_gmt":"2024-08-12T11:27:30","slug":"kulturmoedets-foerste-borgmester-det-er-en-rigtig-god-historie","status":"publish","type":"post","link":"https:\/\/kunmedierne.dk\/mors\/kulturmoedets-foerste-borgmester-det-er-en-rigtig-god-historie\/","title":{"rendered":"Kulturm\u00f8dets f\u00f8rste borgmester: &#8220;Det er en rigtig god historie&#8221;"},"content":{"rendered":"<p><b>MORS<\/b>: Ogs\u00e5 dette \u00e5rs udgave af Kulturm\u00f8det Mors er bedre end nogensinde.<\/p>\n<p>S\u00e5dan lyder det fra Lauge Larsen (S), borgmester i Mors\u00f8 Kommune fra 2010 til 2013 og dermed \u00f8ens politiske overhoved da Kulturm\u00f8det Mors blev skabt.<\/p>\n<p>Han n\u00e5ede kun at \u00e5bne Kulturm\u00f8det \u00e9n gang, f\u00f8r han m\u00e5tte overlade opgaven til efterf\u00f8lgeren Hans Ejner Bertelsen (V). Men i de f\u00f8lgende fire \u00e5r sad han ogs\u00e5 i bestyrelsen for Kulturm\u00f8det som formand for b\u00f8rne- og kulturudvalget i Mors\u00f8 Kommune.<\/p>\n<a class=\"dvrt-link\" onClick=\"cdmtrack_click(116504,jQuery(this));return false\" href=\"https:\/\/www.nybolig.dk\/ejendomsmaeglere\/nordvestjylland\/nybolig-morsoe-nykoebing-mors\"><img decoding=\"async\" style=\"width:100%;\" src=\"https:\/\/kunmedierne.dk\/mors\/wp-content\/uploads\/2024\/04\/250825Nybolig.jpg\"><\/a><script>cdmtrack_view(116504);<\/script>\n<p>Lauge Larsen har med andre ord v\u00e6ret med omkring bordet i halvdelen af Kulturm\u00f8dets f\u00f8rste \u00e5rti &#8211; og har siden fulgt det som meget interesseret tilskuer.<\/p>\n<p>S\u00e5ledes ogs\u00e5 i \u00e5r, hvor dommen f\u00e5 timer f\u00f8r afslutningen er positiv:<\/p>\n<p>&#8220;Det har v\u00e6ret rigtig godt. Vejret er jo ogs\u00e5 en del af det &#8211; bortset fra regnen i g\u00e5r, men det fik da en ende,&#8221; siger han og roser det meget omfattende program med 500 forskellige kulturtilbud.<\/p>\n<p>&#8220;Jeg har kun n\u00e5et en br\u00f8kdel. Og vi har jo hver vores prioriteter, men der har i den grad v\u00e6ret noget for enhver smag. Det har v\u00e6ret sv\u00e6rt ikke at finde noget, der passer til en,&#8221; siger han.<\/p>\n<a class=\"dvrt-link\" onClick=\"cdmtrack_click(111725,jQuery(this));return false\" href=\"https:\/\/www.thistedforsikring.dk\/?utm_source=partnerskaber&amp;utm_campaign=kun_mors\"><img decoding=\"async\" style=\"width:100%;\" src=\"https:\/\/kunmedierne.dk\/mors\/wp-content\/uploads\/2024\/02\/269409KunMors-ThistedFor-1.png\"><\/a><script>cdmtrack_view(111725);<\/script>\n<p>Lauge Larsen, der som s\u00e5 mange andre har bem\u00e6rket og gl\u00e6der sig over ungdommens markante rykind p\u00e5 Kulturm\u00f8det, f\u00f8ler sig blandt andet kulturelt beriget inden for historie, finkultur, rock og standup, siden han torsdag tog hul p\u00e5 Kulturm\u00f8det.<\/p>\n<p>&#8220;Jeg har v\u00e6ret der lige fra start og skal da sikkert ogs\u00e5 til koncert i aften. Nu m\u00e5 vi lige se, hvad vi kan holde til,&#8221; siger han.<\/p>\n<p>Og s\u00e5 fremh\u00e6ver han indholdet p\u00e5 Kulturm\u00f8det som et, der endnu engang har taget skridt i forhold til sit indhold.<\/p>\n<a class=\"dvrt-link\" onClick=\"cdmtrack_click(114591,jQuery(this));return false\" href=\"https:\/\/www.facebook.com\/kopogkandemors\"><img decoding=\"async\" style=\"width:100%;\" src=\"https:\/\/kunmedierne.dk\/mors\/wp-content\/uploads\/2024\/03\/kop-og-kande-ja-tak-tilbud.jpg\"><\/a><script>cdmtrack_view(114591);<\/script>\n<p>&#8220;Kvaliteten er blevet markant bedre. Det er jo oplagt, n\u00e5r der er kommet flere penge ind igennem fonde. S\u00e5 jeg synes bestemt, det er en rigtig god historie,&#8221; siger han.<\/p>\n<p>L\u00e6s s\u00f8ndag en l\u00e6ngere artikel om Lauge Larsens tilbageblik p\u00e5 Kulturm\u00f8dets begyndelse og dets udvikling igennem \u00e5rene.<\/p>\n<blockquote>\n<h5><b>L\u00e6s KunMors som din daglige avis: Tilmeld dig KunMors-avisen nederst p\u00e5 siden. S\u00e5 f\u00e5r du dagens artikler i samlet form p\u00e5 e-mail hver dag lige efter klokken 17.<\/b><\/h5>\n<\/blockquote>\n","protected":false},"excerpt":{"rendered":"<p>MORS: Ogs\u00e5 dette \u00e5rs udgave af Kulturm\u00f8det Mors er bedre end nogensinde. S\u00e5dan lyder det fra Lauge Larsen (S), borgmester i Mors\u00f8 Kommune fra 2010 til 2013 og dermed \u00f8ens politiske overhoved da Kulturm\u00f8det Mors blev skabt. Han n\u00e5ede kun at \u00e5bne Kulturm\u00f8det \u00e9n gang, f\u00f8r han m\u00e5tte overlade opgaven til efterf\u00f8lgeren Hans Ejner Bertelsen [&hellip;]<\/p>\n","protected":false},"author":8,"featured_media":76599,"comment_status":"closed","ping_status":"open","sticky":false,"template":"","format":"standard","meta":{"_acf_changed":false,"footnotes":""},"categories":[49],"tags":[162],"class_list":["post-76598","post","type-post","status-publish","format-standard","has-post-thumbnail","hentry","category-kultur","tag-kulturmoedet"],"acf":[],"yoast_head":"<!-- This site is optimized with the Yoast SEO plugin v26.8 - https:\/\/yoast.com\/product\/yoast-seo-wordpress\/ -->\n<title>Kulturm\u00f8dets f\u00f8rste borgmester: &quot;Det er en rigtig god historie&quot; - Mors<\/title>\n<meta name=\"robots\" content=\"index, follow, max-snippet:-1, max-image-preview:large, max-video-preview:-1\" \/>\n<link rel=\"canonical\" href=\"https:\/\/kunmedierne.dk\/mors\/kulturmoedets-foerste-borgmester-det-er-en-rigtig-god-historie\/\" \/>\n<meta property=\"og:locale\" content=\"da_DK\" \/>\n<meta property=\"og:type\" content=\"article\" \/>\n<meta property=\"og:title\" content=\"Kulturm\u00f8dets f\u00f8rste borgmester: &quot;Det er en rigtig god historie&quot; - Mors\" \/>\n<meta property=\"og:description\" content=\"MORS: Ogs\u00e5 dette \u00e5rs udgave af Kulturm\u00f8det Mors er bedre end nogensinde. S\u00e5dan lyder det fra Lauge Larsen (S), borgmester i Mors\u00f8 Kommune fra 2010 til 2013 og dermed \u00f8ens politiske overhoved da Kulturm\u00f8det Mors blev skabt. Han n\u00e5ede kun at \u00e5bne Kulturm\u00f8det \u00e9n gang, f\u00f8r han m\u00e5tte overlade opgaven til efterf\u00f8lgeren Hans Ejner Bertelsen [&hellip;]\" \/>\n<meta property=\"og:url\" content=\"https:\/\/kunmedierne.dk\/mors\/kulturmoedets-foerste-borgmester-det-er-en-rigtig-god-historie\/\" \/>\n<meta property=\"og:site_name\" content=\"Mors\" \/>\n<meta property=\"article:published_time\" content=\"2022-08-27T16:49:14+00:00\" \/>\n<meta property=\"article:modified_time\" content=\"2024-08-12T11:27:30+00:00\" \/>\n<meta property=\"og:image\" content=\"https:\/\/kunmedierne.dk\/mors\/wp-content\/uploads\/2022\/08\/IMG_0308.jpg\" \/>\n\t<meta property=\"og:image:width\" content=\"770\" \/>\n\t<meta property=\"og:image:height\" content=\"513\" \/>\n\t<meta property=\"og:image:type\" content=\"image\/jpeg\" \/>\n<meta name=\"author\" content=\"David H\u00f8jmark\" \/>\n<meta name=\"twitter:card\" content=\"summary_large_image\" \/>\n<meta name=\"twitter:label1\" content=\"Skrevet af\" \/>\n\t<meta name=\"twitter:data1\" content=\"David H\u00f8jmark\" \/>\n\t<meta name=\"twitter:label2\" content=\"Estimeret l\u00e6setid\" \/>\n\t<meta name=\"twitter:data2\" content=\"2 minutter\" \/>\n<script type=\"application\/ld+json\" class=\"yoast-schema-graph\">{\"@context\":\"https:\/\/schema.org\",\"@graph\":[{\"@type\":\"Article\",\"@id\":\"https:\/\/kunmedierne.dk\/mors\/kulturmoedets-foerste-borgmester-det-er-en-rigtig-god-historie\/#article\",\"isPartOf\":{\"@id\":\"https:\/\/kunmedierne.dk\/mors\/kulturmoedets-foerste-borgmester-det-er-en-rigtig-god-historie\/\"},\"author\":{\"name\":\"David H\u00f8jmark\",\"@id\":\"https:\/\/kunmedierne.dk\/mors\/#\/schema\/person\/5fe23251bf1d0abbcdc6f7896579d548\"},\"headline\":\"Kulturm\u00f8dets f\u00f8rste borgmester: &#8220;Det er en rigtig god historie&#8221;\",\"datePublished\":\"2022-08-27T16:49:14+00:00\",\"dateModified\":\"2024-08-12T11:27:30+00:00\",\"mainEntityOfPage\":{\"@id\":\"https:\/\/kunmedierne.dk\/mors\/kulturmoedets-foerste-borgmester-det-er-en-rigtig-god-historie\/\"},\"wordCount\":403,\"publisher\":{\"@id\":\"https:\/\/kunmedierne.dk\/mors\/#organization\"},\"image\":{\"@id\":\"https:\/\/kunmedierne.dk\/mors\/kulturmoedets-foerste-borgmester-det-er-en-rigtig-god-historie\/#primaryimage\"},\"thumbnailUrl\":\"https:\/\/kunmedierne.dk\/mors\/wp-content\/uploads\/2022\/08\/IMG_0308.jpg\",\"keywords\":[\"Kulturm\u00f8det\"],\"articleSection\":[\"Kultur\"],\"inLanguage\":\"da-DK\"},{\"@type\":\"WebPage\",\"@id\":\"https:\/\/kunmedierne.dk\/mors\/kulturmoedets-foerste-borgmester-det-er-en-rigtig-god-historie\/\",\"url\":\"https:\/\/kunmedierne.dk\/mors\/kulturmoedets-foerste-borgmester-det-er-en-rigtig-god-historie\/\",\"name\":\"Kulturm\u00f8dets f\u00f8rste borgmester: \\\"Det er en rigtig god historie\\\" - Mors\",\"isPartOf\":{\"@id\":\"https:\/\/kunmedierne.dk\/mors\/#website\"},\"primaryImageOfPage\":{\"@id\":\"https:\/\/kunmedierne.dk\/mors\/kulturmoedets-foerste-borgmester-det-er-en-rigtig-god-historie\/#primaryimage\"},\"image\":{\"@id\":\"https:\/\/kunmedierne.dk\/mors\/kulturmoedets-foerste-borgmester-det-er-en-rigtig-god-historie\/#primaryimage\"},\"thumbnailUrl\":\"https:\/\/kunmedierne.dk\/mors\/wp-content\/uploads\/2022\/08\/IMG_0308.jpg\",\"datePublished\":\"2022-08-27T16:49:14+00:00\",\"dateModified\":\"2024-08-12T11:27:30+00:00\",\"breadcrumb\":{\"@id\":\"https:\/\/kunmedierne.dk\/mors\/kulturmoedets-foerste-borgmester-det-er-en-rigtig-god-historie\/#breadcrumb\"},\"inLanguage\":\"da-DK\",\"potentialAction\":[{\"@type\":\"ReadAction\",\"target\":[\"https:\/\/kunmedierne.dk\/mors\/kulturmoedets-foerste-borgmester-det-er-en-rigtig-god-historie\/\"]}]},{\"@type\":\"ImageObject\",\"inLanguage\":\"da-DK\",\"@id\":\"https:\/\/kunmedierne.dk\/mors\/kulturmoedets-foerste-borgmester-det-er-en-rigtig-god-historie\/#primaryimage\",\"url\":\"https:\/\/kunmedierne.dk\/mors\/wp-content\/uploads\/2022\/08\/IMG_0308.jpg\",\"contentUrl\":\"https:\/\/kunmedierne.dk\/mors\/wp-content\/uploads\/2022\/08\/IMG_0308.jpg\",\"width\":770,\"height\":513,\"caption\":\"Lauge Larsen (S), borgmester i Mors\u00f8 Kommune under f\u00f8rste udgave af Kulturm\u00f8det Mors.\"},{\"@type\":\"BreadcrumbList\",\"@id\":\"https:\/\/kunmedierne.dk\/mors\/kulturmoedets-foerste-borgmester-det-er-en-rigtig-god-historie\/#breadcrumb\",\"itemListElement\":[{\"@type\":\"ListItem\",\"position\":1,\"name\":\"Hjem\",\"item\":\"https:\/\/kunmedierne.dk\/mors\/\"},{\"@type\":\"ListItem\",\"position\":2,\"name\":\"Kulturm\u00f8dets f\u00f8rste borgmester: &#8220;Det er en rigtig god historie&#8221;\"}]},{\"@type\":\"WebSite\",\"@id\":\"https:\/\/kunmedierne.dk\/mors\/#website\",\"url\":\"https:\/\/kunmedierne.dk\/mors\/\",\"name\":\"Mors\",\"description\":\"et netmedie med journalistik om livet p\u00e5 Mors\",\"publisher\":{\"@id\":\"https:\/\/kunmedierne.dk\/mors\/#organization\"},\"potentialAction\":[{\"@type\":\"SearchAction\",\"target\":{\"@type\":\"EntryPoint\",\"urlTemplate\":\"https:\/\/kunmedierne.dk\/mors\/?s={search_term_string}\"},\"query-input\":{\"@type\":\"PropertyValueSpecification\",\"valueRequired\":true,\"valueName\":\"search_term_string\"}}],\"inLanguage\":\"da-DK\"},{\"@type\":\"Organization\",\"@id\":\"https:\/\/kunmedierne.dk\/mors\/#organization\",\"name\":\"Mors\",\"url\":\"https:\/\/kunmedierne.dk\/mors\/\",\"logo\":{\"@type\":\"ImageObject\",\"inLanguage\":\"da-DK\",\"@id\":\"https:\/\/kunmedierne.dk\/mors\/#\/schema\/logo\/image\/\",\"url\":\"https:\/\/kunmedierne.dk\/mors\/wp-content\/uploads\/2024\/08\/kunmors-logo.svg\",\"contentUrl\":\"https:\/\/kunmedierne.dk\/mors\/wp-content\/uploads\/2024\/08\/kunmors-logo.svg\",\"caption\":\"Mors\"},\"image\":{\"@id\":\"https:\/\/kunmedierne.dk\/mors\/#\/schema\/logo\/image\/\"}},{\"@type\":\"Person\",\"@id\":\"https:\/\/kunmedierne.dk\/mors\/#\/schema\/person\/5fe23251bf1d0abbcdc6f7896579d548\",\"name\":\"David H\u00f8jmark\",\"image\":{\"@type\":\"ImageObject\",\"inLanguage\":\"da-DK\",\"@id\":\"https:\/\/kunmedierne.dk\/mors\/#\/schema\/person\/image\/\",\"url\":\"https:\/\/secure.gravatar.com\/avatar\/4315d6fb9ef244d729989f5f90268eb08d5bf8a3d84402f595fa194bb35784fd?s=96&d=mm&r=g\",\"contentUrl\":\"https:\/\/secure.gravatar.com\/avatar\/4315d6fb9ef244d729989f5f90268eb08d5bf8a3d84402f595fa194bb35784fd?s=96&d=mm&r=g\",\"caption\":\"David H\u00f8jmark\"},\"sameAs\":[\"https:\/\/www.kunmedierne.dk\"],\"url\":\"https:\/\/kunmedierne.dk\/mors\/author\/david\/\"}]}<\/script>\n<!-- \/ Yoast SEO plugin. -->","yoast_head_json":{"title":"Kulturm\u00f8dets f\u00f8rste borgmester: \"Det er en rigtig god historie\" - Mors","robots":{"index":"index","follow":"follow","max-snippet":"max-snippet:-1","max-image-preview":"max-image-preview:large","max-video-preview":"max-video-preview:-1"},"canonical":"https:\/\/kunmedierne.dk\/mors\/kulturmoedets-foerste-borgmester-det-er-en-rigtig-god-historie\/","og_locale":"da_DK","og_type":"article","og_title":"Kulturm\u00f8dets f\u00f8rste borgmester: \"Det er en rigtig god historie\" - Mors","og_description":"MORS: Ogs\u00e5 dette \u00e5rs udgave af Kulturm\u00f8det Mors er bedre end nogensinde. S\u00e5dan lyder det fra Lauge Larsen (S), borgmester i Mors\u00f8 Kommune fra 2010 til 2013 og dermed \u00f8ens politiske overhoved da Kulturm\u00f8det Mors blev skabt. Han n\u00e5ede kun at \u00e5bne Kulturm\u00f8det \u00e9n gang, f\u00f8r han m\u00e5tte overlade opgaven til efterf\u00f8lgeren Hans Ejner Bertelsen [&hellip;]","og_url":"https:\/\/kunmedierne.dk\/mors\/kulturmoedets-foerste-borgmester-det-er-en-rigtig-god-historie\/","og_site_name":"Mors","article_published_time":"2022-08-27T16:49:14+00:00","article_modified_time":"2024-08-12T11:27:30+00:00","og_image":[{"width":770,"height":513,"url":"https:\/\/kunmedierne.dk\/mors\/wp-content\/uploads\/2022\/08\/IMG_0308.jpg","type":"image\/jpeg"}],"author":"David H\u00f8jmark","twitter_card":"summary_large_image","twitter_misc":{"Skrevet af":"David H\u00f8jmark","Estimeret l\u00e6setid":"2 minutter"},"schema":{"@context":"https:\/\/schema.org","@graph":[{"@type":"Article","@id":"https:\/\/kunmedierne.dk\/mors\/kulturmoedets-foerste-borgmester-det-er-en-rigtig-god-historie\/#article","isPartOf":{"@id":"https:\/\/kunmedierne.dk\/mors\/kulturmoedets-foerste-borgmester-det-er-en-rigtig-god-historie\/"},"author":{"name":"David H\u00f8jmark","@id":"https:\/\/kunmedierne.dk\/mors\/#\/schema\/person\/5fe23251bf1d0abbcdc6f7896579d548"},"headline":"Kulturm\u00f8dets f\u00f8rste borgmester: &#8220;Det er en rigtig god historie&#8221;","datePublished":"2022-08-27T16:49:14+00:00","dateModified":"2024-08-12T11:27:30+00:00","mainEntityOfPage":{"@id":"https:\/\/kunmedierne.dk\/mors\/kulturmoedets-foerste-borgmester-det-er-en-rigtig-god-historie\/"},"wordCount":403,"publisher":{"@id":"https:\/\/kunmedierne.dk\/mors\/#organization"},"image":{"@id":"https:\/\/kunmedierne.dk\/mors\/kulturmoedets-foerste-borgmester-det-er-en-rigtig-god-historie\/#primaryimage"},"thumbnailUrl":"https:\/\/kunmedierne.dk\/mors\/wp-content\/uploads\/2022\/08\/IMG_0308.jpg","keywords":["Kulturm\u00f8det"],"articleSection":["Kultur"],"inLanguage":"da-DK"},{"@type":"WebPage","@id":"https:\/\/kunmedierne.dk\/mors\/kulturmoedets-foerste-borgmester-det-er-en-rigtig-god-historie\/","url":"https:\/\/kunmedierne.dk\/mors\/kulturmoedets-foerste-borgmester-det-er-en-rigtig-god-historie\/","name":"Kulturm\u00f8dets f\u00f8rste borgmester: \"Det er en rigtig god historie\" - Mors","isPartOf":{"@id":"https:\/\/kunmedierne.dk\/mors\/#website"},"primaryImageOfPage":{"@id":"https:\/\/kunmedierne.dk\/mors\/kulturmoedets-foerste-borgmester-det-er-en-rigtig-god-historie\/#primaryimage"},"image":{"@id":"https:\/\/kunmedierne.dk\/mors\/kulturmoedets-foerste-borgmester-det-er-en-rigtig-god-historie\/#primaryimage"},"thumbnailUrl":"https:\/\/kunmedierne.dk\/mors\/wp-content\/uploads\/2022\/08\/IMG_0308.jpg","datePublished":"2022-08-27T16:49:14+00:00","dateModified":"2024-08-12T11:27:30+00:00","breadcrumb":{"@id":"https:\/\/kunmedierne.dk\/mors\/kulturmoedets-foerste-borgmester-det-er-en-rigtig-god-historie\/#breadcrumb"},"inLanguage":"da-DK","potentialAction":[{"@type":"ReadAction","target":["https:\/\/kunmedierne.dk\/mors\/kulturmoedets-foerste-borgmester-det-er-en-rigtig-god-historie\/"]}]},{"@type":"ImageObject","inLanguage":"da-DK","@id":"https:\/\/kunmedierne.dk\/mors\/kulturmoedets-foerste-borgmester-det-er-en-rigtig-god-historie\/#primaryimage","url":"https:\/\/kunmedierne.dk\/mors\/wp-content\/uploads\/2022\/08\/IMG_0308.jpg","contentUrl":"https:\/\/kunmedierne.dk\/mors\/wp-content\/uploads\/2022\/08\/IMG_0308.jpg","width":770,"height":513,"caption":"Lauge Larsen (S), borgmester i Mors\u00f8 Kommune under f\u00f8rste udgave af Kulturm\u00f8det Mors."},{"@type":"BreadcrumbList","@id":"https:\/\/kunmedierne.dk\/mors\/kulturmoedets-foerste-borgmester-det-er-en-rigtig-god-historie\/#breadcrumb","itemListElement":[{"@type":"ListItem","position":1,"name":"Hjem","item":"https:\/\/kunmedierne.dk\/mors\/"},{"@type":"ListItem","position":2,"name":"Kulturm\u00f8dets f\u00f8rste borgmester: &#8220;Det er en rigtig god historie&#8221;"}]},{"@type":"WebSite","@id":"https:\/\/kunmedierne.dk\/mors\/#website","url":"https:\/\/kunmedierne.dk\/mors\/","name":"Mors","description":"et netmedie med journalistik om livet p\u00e5 Mors","publisher":{"@id":"https:\/\/kunmedierne.dk\/mors\/#organization"},"potentialAction":[{"@type":"SearchAction","target":{"@type":"EntryPoint","urlTemplate":"https:\/\/kunmedierne.dk\/mors\/?s={search_term_string}"},"query-input":{"@type":"PropertyValueSpecification","valueRequired":true,"valueName":"search_term_string"}}],"inLanguage":"da-DK"},{"@type":"Organization","@id":"https:\/\/kunmedierne.dk\/mors\/#organization","name":"Mors","url":"https:\/\/kunmedierne.dk\/mors\/","logo":{"@type":"ImageObject","inLanguage":"da-DK","@id":"https:\/\/kunmedierne.dk\/mors\/#\/schema\/logo\/image\/","url":"https:\/\/kunmedierne.dk\/mors\/wp-content\/uploads\/2024\/08\/kunmors-logo.svg","contentUrl":"https:\/\/kunmedierne.dk\/mors\/wp-content\/uploads\/2024\/08\/kunmors-logo.svg","caption":"Mors"},"image":{"@id":"https:\/\/kunmedierne.dk\/mors\/#\/schema\/logo\/image\/"}},{"@type":"Person","@id":"https:\/\/kunmedierne.dk\/mors\/#\/schema\/person\/5fe23251bf1d0abbcdc6f7896579d548","name":"David H\u00f8jmark","image":{"@type":"ImageObject","inLanguage":"da-DK","@id":"https:\/\/kunmedierne.dk\/mors\/#\/schema\/person\/image\/","url":"https:\/\/secure.gravatar.com\/avatar\/4315d6fb9ef244d729989f5f90268eb08d5bf8a3d84402f595fa194bb35784fd?s=96&d=mm&r=g","contentUrl":"https:\/\/secure.gravatar.com\/avatar\/4315d6fb9ef244d729989f5f90268eb08d5bf8a3d84402f595fa194bb35784fd?s=96&d=mm&r=g","caption":"David H\u00f8jmark"},"sameAs":["https:\/\/www.kunmedierne.dk"],"url":"https:\/\/kunmedierne.dk\/mors\/author\/david\/"}]}},"_links":{"self":[{"href":"https:\/\/kunmedierne.dk\/mors\/wp-json\/wp\/v2\/posts\/76598","targetHints":{"allow":["GET"]}}],"collection":[{"href":"https:\/\/kunmedierne.dk\/mors\/wp-json\/wp\/v2\/posts"}],"about":[{"href":"https:\/\/kunmedierne.dk\/mors\/wp-json\/wp\/v2\/types\/post"}],"author":[{"embeddable":true,"href":"https:\/\/kunmedierne.dk\/mors\/wp-json\/wp\/v2\/users\/8"}],"replies":[{"embeddable":true,"href":"https:\/\/kunmedierne.dk\/mors\/wp-json\/wp\/v2\/comments?post=76598"}],"version-history":[{"count":5,"href":"https:\/\/kunmedierne.dk\/mors\/wp-json\/wp\/v2\/posts\/76598\/revisions"}],"predecessor-version":[{"id":76607,"href":"https:\/\/kunmedierne.dk\/mors\/wp-json\/wp\/v2\/posts\/76598\/revisions\/76607"}],"wp:featuredmedia":[{"embeddable":true,"href":"https:\/\/kunmedierne.dk\/mors\/wp-json\/wp\/v2\/media\/76599"}],"wp:attachment":[{"href":"https:\/\/kunmedierne.dk\/mors\/wp-json\/wp\/v2\/media?parent=76598"}],"wp:term":[{"taxonomy":"category","embeddable":true,"href":"https:\/\/kunmedierne.dk\/mors\/wp-json\/wp\/v2\/categories?post=76598"},{"taxonomy":"post_tag","embeddable":true,"href":"https:\/\/kunmedierne.dk\/mors\/wp-json\/wp\/v2\/tags?post=76598"}],"curies":[{"name":"wp","href":"https:\/\/api.w.org\/{rel}","templated":true}]}}