{"id":76581,"date":"2022-08-27T15:50:28","date_gmt":"2022-08-27T13:50:28","guid":{"rendered":"https:\/\/kunmedierne.dk\/mors\/?p=76581"},"modified":"2024-08-12T13:27:30","modified_gmt":"2024-08-12T11:27:30","slug":"kulturmoedets-direktoer-det-er-saa-typisk-dansk","status":"publish","type":"post","link":"https:\/\/kunmedierne.dk\/mors\/kulturmoedets-direktoer-det-er-saa-typisk-dansk\/","title":{"rendered":"Kulturm\u00f8dets direkt\u00f8r: &#8220;Det er s\u00e5 typisk dansk!&#8221;"},"content":{"rendered":"<p><b>MORS<\/b>: Ja, det regnede fredag eftermiddag &#8211; og i en times tid endda ret voldsomt.<\/p>\n<p>Men s\u00e5 var det heller ikke v\u00e6rre, og Kulturm\u00f8det Mors var b\u00e5de f\u00f8r, under og efter en folkefest med h\u00f8jt hum\u00f8r.<\/p>\n<p>S\u00e5dan lyder det fra Trine Bang, direkt\u00f8r for den lokale folkefest, i en reaktion p\u00e5 flere mediers fokus p\u00e5 regnvejret. S\u00e6rligt en overskrift om, at Kulturm\u00f8det Mors druknede i regn v\u00e6kker interesse.<\/p>\n<p>&#8220;Os, der var p\u00e5 Kulturm\u00f8det, griner af den overskrift. Det er s\u00e5 typisk dansk, at s\u00e5 snart der er et eller med vejret &#8211; om det er hedeb\u00f8lge eller regn &#8211; s\u00e5 f\u00e5r man lange artikler. Men det fyldte jo ikke s\u00e6rligt meget p\u00e5 Kulturm\u00f8det,&#8221; siger hun.<\/p>\n<p>&#8220;Det fyldte noget i fire timer, men s\u00e5 skete der jo det, at folk rykkede sammen p\u00e5 scenerne, og der opstod ret sjove ting,&#8221; siger Trine Bang.<\/p>\n<a class=\"dvrt-link\" onClick=\"cdmtrack_click(111725,jQuery(this));return false\" href=\"https:\/\/www.thistedforsikring.dk\/?utm_source=partnerskaber&amp;utm_campaign=kun_mors\"><img decoding=\"async\" style=\"width:100%;\" src=\"https:\/\/kunmedierne.dk\/mors\/wp-content\/uploads\/2024\/02\/269409KunMors-ThistedFor-1.png\"><\/a><script>cdmtrack_view(111725);<\/script>\n<p>Hun n\u00e6vner som eksempel, at arkitekt og tv-v\u00e6rt Ane Cortzen under sit program fik folk op p\u00e5 Folkescenen for at forts\u00e6tte i ly af regnen. Og at regnvejret i det hele taget bare skabte nye rammer for kulturen.<\/p>\n<p>&#8220;Jeg kender flere kulturfolk, der siger, at de pludselig var buret inde p\u00e5 Circle K, og s\u00e5 startede der nogle sjove samtaler med de lokale dernede,&#8221; siger hun.<\/p>\n<p>&nbsp;<\/p>\n<p><b>Kom nu ind i kampen!<\/b><\/p>\n<p>Den vinkel kunne man have grebet, lyder det fra Trine Bang, som melder om \u00e9n aflyst debat og to g\u00e5ture med jazz, man m\u00e5tte opgive, mens regnen var v\u00e6rst.<\/p>\n<p>Og hun beskriver det som et perfekt eksempel p\u00e5, hvad der g\u00e5r galt med reportager, n\u00e5r man ikke g\u00f8r sig umage med at fort\u00e6lle de interessante historier.<\/p>\n<a class=\"dvrt-link\" onClick=\"cdmtrack_click(104779,jQuery(this));return false\" href=\"https:\/\/morsoe-begravelsesforretning.dk\/\"><img decoding=\"async\" style=\"width:100%;\" src=\"https:\/\/kunmedierne.dk\/mors\/wp-content\/uploads\/2023\/11\/251215-morsoe-begravelsesforretning.jpg\"><\/a><script>cdmtrack_view(104779);<\/script>\n<p>&#8220;Hvorfor viser man ikke billeder af de fyldte scener? Man kunne have lavet vinklen: &#8216;K\u00e6mpe regn p\u00e5 Kulturm\u00f8det &#8211; alle stimler sammen under teltdugen!&#8217; &#8211; og s\u00e5 kunne man have lavet en reportage med alt, hvad det bringer, n\u00e5r naturen bryder ind, og mennesker rykker sammen. Det havde v\u00e6ret en interessant vinkel, s\u00e5 hvorfor ikke den? Jeg sp\u00f8rger bare. Journalister, kom nu ind i kampen &#8211; det er dovent, det der,&#8221; siger hun &#8211; dog med et h\u00f8jt grin som supplement til skudsalverne.<\/p>\n<p>&nbsp;<\/p>\n<p><b>Det bedste nogensinde<\/b><\/p>\n<p>Trine Bang melder samtidig om en 10. udgave af Kulturm\u00f8det Mors, der har rykket sig i forhold til tidligere rekorder.<\/p>\n<p>&#8220;Kulturm\u00f8det har v\u00e6ret st\u00e6rkere end nogensinde. Skarpere end nogensinde. Vi sl\u00e5r publikumsrekorder. Vi h\u00f8rer fra alle steder, at det er det bedste Kulturm\u00f8det, der nogensinde har v\u00e6ret. Vi st\u00e5r her en l\u00f8rdag, og det pibler rundt med glade g\u00e6ster og morsingboer. Og vi aldrig pr\u00f8vet noget, der er s\u00e5 succesfuldt,&#8221; siger hun og gl\u00e6der sig ikke mindst over den udvikling, de unge har s\u00f8rget for.<\/p>\n<p>&#8220;Der har v\u00e6ret endnu flere unge end nogensinde f\u00f8r. Der er endnu flere g\u00e6ster end nogensinde f\u00f8r. Pladserne er lavet om, og der er meget mere synergi mellem omr\u00e5der. Programmet er st\u00e6rkere, end det har v\u00e6ret f\u00f8r,&#8221; siger Trine Bang.<\/p>\n<a class=\"dvrt-link\" onClick=\"cdmtrack_click(116504,jQuery(this));return false\" href=\"https:\/\/www.nybolig.dk\/ejendomsmaeglere\/nordvestjylland\/nybolig-morsoe-nykoebing-mors\"><img decoding=\"async\" style=\"width:100%;\" src=\"https:\/\/kunmedierne.dk\/mors\/wp-content\/uploads\/2024\/04\/250825Nybolig.jpg\"><\/a><script>cdmtrack_view(116504);<\/script>\n<p>Der er nu f\u00e5 timer tilbage af Kulturm\u00f8det Mors 2022, og direkt\u00f8ren melder organisationen helt klar til finalen.<\/p>\n<p>&#8220;Lige nu st\u00e5r DR Pigekoret og laver lydpr\u00f8ve p\u00e5 Folkescenen. Det er vidunderligt. Og i aften slutter vi af med Katinka Band. Vi har et k\u00e6mpe madomr\u00e5de, der er helt fyldt op, og B\u00f8rnenes Kulturm\u00f8de brager derudaf,&#8221; siger hun og tilf\u00f8jer:<\/p>\n<p>&#8220;Vi er s\u00e5 glade!&#8221;<\/p>\n<a class=\"dvrt-link\" onClick=\"cdmtrack_click(114591,jQuery(this));return false\" href=\"https:\/\/www.facebook.com\/kopogkandemors\"><img decoding=\"async\" style=\"width:100%;\" src=\"https:\/\/kunmedierne.dk\/mors\/wp-content\/uploads\/2024\/03\/kop-og-kande-ja-tak-tilbud.jpg\"><\/a><script>cdmtrack_view(114591);<\/script>\n<div id=\"attachment_76583\" style=\"width: 780px\" class=\"wp-caption alignleft\"><img loading=\"lazy\" decoding=\"async\" aria-describedby=\"caption-attachment-76583\" class=\"size-full wp-image-76583\" src=\"https:\/\/kunmedierne.dk\/mors\/wp-content\/uploads\/2022\/08\/kulturmoede-fredag-web-Fotograf-Per-Bille-220826-DSC08649.jpg\" alt=\"\" width=\"770\" height=\"513\" srcset=\"https:\/\/kunmedierne.dk\/mors\/wp-content\/uploads\/2022\/08\/kulturmoede-fredag-web-Fotograf-Per-Bille-220826-DSC08649.jpg 770w, https:\/\/kunmedierne.dk\/mors\/wp-content\/uploads\/2022\/08\/kulturmoede-fredag-web-Fotograf-Per-Bille-220826-DSC08649-300x200.jpg 300w, https:\/\/kunmedierne.dk\/mors\/wp-content\/uploads\/2022\/08\/kulturmoede-fredag-web-Fotograf-Per-Bille-220826-DSC08649-768x512.jpg 768w, https:\/\/kunmedierne.dk\/mors\/wp-content\/uploads\/2022\/08\/kulturmoede-fredag-web-Fotograf-Per-Bille-220826-DSC08649-360x240.jpg 360w, https:\/\/kunmedierne.dk\/mors\/wp-content\/uploads\/2022\/08\/kulturmoede-fredag-web-Fotograf-Per-Bille-220826-DSC08649-600x400.jpg 600w\" sizes=\"auto, (max-width: 770px) 100vw, 770px\" \/><p id=\"caption-attachment-76583\" class=\"wp-caption-text\">Trine Bang, direkt\u00f8r for Kulturm\u00f8det Mors. Foto: Per Bille<\/p><\/div>\n<a class=\"dvrt-link\" onClick=\"cdmtrack_click(169437,jQuery(this));return false\" href=\"https:\/\/thymors.dk\/sponsorater\/15-til-faellesskabet?utm_source=kunmors&amp;utm_medium=annonce&amp;utm_campaign=sponsorater\"><img decoding=\"async\" style=\"width:100%;\" src=\"https:\/\/kunmedierne.dk\/mors\/wp-content\/uploads\/2026\/03\/260407ThyMors-energi_faellesskab_generel-1.jpg\"><\/a><script>cdmtrack_view(169437);<\/script>\n<div id=\"attachment_76584\" style=\"width: 780px\" class=\"wp-caption alignleft\"><img loading=\"lazy\" decoding=\"async\" aria-describedby=\"caption-attachment-76584\" class=\"size-full wp-image-76584\" src=\"https:\/\/kunmedierne.dk\/mors\/wp-content\/uploads\/2022\/08\/kulturmoede-fredag-web-Fotograf-Per-Bille-220826-DSC08055.jpg\" alt=\"\" width=\"770\" height=\"513\" srcset=\"https:\/\/kunmedierne.dk\/mors\/wp-content\/uploads\/2022\/08\/kulturmoede-fredag-web-Fotograf-Per-Bille-220826-DSC08055.jpg 770w, https:\/\/kunmedierne.dk\/mors\/wp-content\/uploads\/2022\/08\/kulturmoede-fredag-web-Fotograf-Per-Bille-220826-DSC08055-300x200.jpg 300w, https:\/\/kunmedierne.dk\/mors\/wp-content\/uploads\/2022\/08\/kulturmoede-fredag-web-Fotograf-Per-Bille-220826-DSC08055-768x512.jpg 768w, https:\/\/kunmedierne.dk\/mors\/wp-content\/uploads\/2022\/08\/kulturmoede-fredag-web-Fotograf-Per-Bille-220826-DSC08055-360x240.jpg 360w, https:\/\/kunmedierne.dk\/mors\/wp-content\/uploads\/2022\/08\/kulturmoede-fredag-web-Fotograf-Per-Bille-220826-DSC08055-600x400.jpg 600w\" sizes=\"auto, (max-width: 770px) 100vw, 770px\" \/><p id=\"caption-attachment-76584\" class=\"wp-caption-text\">F\u00f8r regnen var der mange sommertimer at gl\u00e6de sig over. Foto: Per Bille<\/p><\/div>\n<a class=\"dvrt-link\" onClick=\"cdmtrack_click(147315,jQuery(this));return false\" href=\"https:\/\/sdrhaa.dk\/\"><img decoding=\"async\" style=\"width:100%;\" src=\"https:\/\/kunmedierne.dk\/mors\/wp-content\/uploads\/2025\/05\/260302Sdr-HaaDin-gebyrvenlige-sparekasse_mors-002.gif\"><\/a><script>cdmtrack_view(147315);<\/script>\n<div id=\"attachment_76585\" style=\"width: 780px\" class=\"wp-caption alignleft\"><img loading=\"lazy\" decoding=\"async\" aria-describedby=\"caption-attachment-76585\" class=\"size-full wp-image-76585\" src=\"https:\/\/kunmedierne.dk\/mors\/wp-content\/uploads\/2022\/08\/kulturmoede-fredag-web-Fotograf-Per-Bille-220826-DSC08838.jpg\" alt=\"\" width=\"770\" height=\"513\" srcset=\"https:\/\/kunmedierne.dk\/mors\/wp-content\/uploads\/2022\/08\/kulturmoede-fredag-web-Fotograf-Per-Bille-220826-DSC08838.jpg 770w, https:\/\/kunmedierne.dk\/mors\/wp-content\/uploads\/2022\/08\/kulturmoede-fredag-web-Fotograf-Per-Bille-220826-DSC08838-300x200.jpg 300w, https:\/\/kunmedierne.dk\/mors\/wp-content\/uploads\/2022\/08\/kulturmoede-fredag-web-Fotograf-Per-Bille-220826-DSC08838-768x512.jpg 768w, https:\/\/kunmedierne.dk\/mors\/wp-content\/uploads\/2022\/08\/kulturmoede-fredag-web-Fotograf-Per-Bille-220826-DSC08838-360x240.jpg 360w, https:\/\/kunmedierne.dk\/mors\/wp-content\/uploads\/2022\/08\/kulturmoede-fredag-web-Fotograf-Per-Bille-220826-DSC08838-600x400.jpg 600w\" sizes=\"auto, (max-width: 770px) 100vw, 770px\" \/><p id=\"caption-attachment-76585\" class=\"wp-caption-text\">Mens regnen var v\u00e6rst fredag eftermiddag. Foto: Per Bille<\/p><\/div>\n<a class=\"dvrt-link\" onClick=\"cdmtrack_click(169437,jQuery(this));return false\" href=\"https:\/\/thymors.dk\/sponsorater\/15-til-faellesskabet?utm_source=kunmors&amp;utm_medium=annonce&amp;utm_campaign=sponsorater\"><img decoding=\"async\" style=\"width:100%;\" src=\"https:\/\/kunmedierne.dk\/mors\/wp-content\/uploads\/2026\/03\/260407ThyMors-energi_faellesskab_generel-1.jpg\"><\/a><script>cdmtrack_view(169437);<\/script>\n<div id=\"attachment_76586\" style=\"width: 780px\" class=\"wp-caption alignleft\"><img loading=\"lazy\" decoding=\"async\" aria-describedby=\"caption-attachment-76586\" class=\"size-full wp-image-76586\" src=\"https:\/\/kunmedierne.dk\/mors\/wp-content\/uploads\/2022\/08\/kulturmoede-fredag-web-Fotograf-Per-Bille-220826-DSC08780.jpg\" alt=\"\" width=\"770\" height=\"513\" srcset=\"https:\/\/kunmedierne.dk\/mors\/wp-content\/uploads\/2022\/08\/kulturmoede-fredag-web-Fotograf-Per-Bille-220826-DSC08780.jpg 770w, https:\/\/kunmedierne.dk\/mors\/wp-content\/uploads\/2022\/08\/kulturmoede-fredag-web-Fotograf-Per-Bille-220826-DSC08780-300x200.jpg 300w, https:\/\/kunmedierne.dk\/mors\/wp-content\/uploads\/2022\/08\/kulturmoede-fredag-web-Fotograf-Per-Bille-220826-DSC08780-768x512.jpg 768w, https:\/\/kunmedierne.dk\/mors\/wp-content\/uploads\/2022\/08\/kulturmoede-fredag-web-Fotograf-Per-Bille-220826-DSC08780-360x240.jpg 360w, https:\/\/kunmedierne.dk\/mors\/wp-content\/uploads\/2022\/08\/kulturmoede-fredag-web-Fotograf-Per-Bille-220826-DSC08780-600x400.jpg 600w\" sizes=\"auto, (max-width: 770px) 100vw, 770px\" \/><p id=\"caption-attachment-76586\" class=\"wp-caption-text\">Det var dog ikke v\u00e6rre, end at kulturen kunne folde sig ud. Foto: Per Bille<\/p><\/div>\n<a class=\"dvrt-link\" onClick=\"cdmtrack_click(104787,jQuery(this));return false\" href=\"https:\/\/www.jyskebank.dk\/kontakt\/afdelingsinfo?departmentid=11890\"><img decoding=\"async\" style=\"width:100%;\" src=\"https:\/\/kunmedierne.dk\/mors\/wp-content\/uploads\/2023\/10\/260325JyskeBankMorsNy-1.jpg\"><\/a><script>cdmtrack_view(104787);<\/script>\n<div id=\"attachment_76588\" style=\"width: 780px\" class=\"wp-caption alignleft\"><img loading=\"lazy\" decoding=\"async\" aria-describedby=\"caption-attachment-76588\" class=\"size-full wp-image-76588\" src=\"https:\/\/kunmedierne.dk\/mors\/wp-content\/uploads\/2022\/08\/kulturmoede-fredag-web-Fotograf-Per-Bille-220826-DSC08675.jpg\" alt=\"\" width=\"770\" height=\"513\" srcset=\"https:\/\/kunmedierne.dk\/mors\/wp-content\/uploads\/2022\/08\/kulturmoede-fredag-web-Fotograf-Per-Bille-220826-DSC08675.jpg 770w, https:\/\/kunmedierne.dk\/mors\/wp-content\/uploads\/2022\/08\/kulturmoede-fredag-web-Fotograf-Per-Bille-220826-DSC08675-300x200.jpg 300w, https:\/\/kunmedierne.dk\/mors\/wp-content\/uploads\/2022\/08\/kulturmoede-fredag-web-Fotograf-Per-Bille-220826-DSC08675-768x512.jpg 768w, https:\/\/kunmedierne.dk\/mors\/wp-content\/uploads\/2022\/08\/kulturmoede-fredag-web-Fotograf-Per-Bille-220826-DSC08675-360x240.jpg 360w, https:\/\/kunmedierne.dk\/mors\/wp-content\/uploads\/2022\/08\/kulturmoede-fredag-web-Fotograf-Per-Bille-220826-DSC08675-600x400.jpg 600w\" sizes=\"auto, (max-width: 770px) 100vw, 770px\" \/><p id=\"caption-attachment-76588\" class=\"wp-caption-text\">Hugorm dukkede op flere gange fredag. Blandt andet her i Monas Hus. Foto: Per Bille<\/p><\/div>\n<p>&nbsp;<\/p>\n<p>&nbsp;<\/p>\n","protected":false},"excerpt":{"rendered":"<p>MORS: Ja, det regnede fredag eftermiddag &#8211; og i en times tid endda ret voldsomt. Men s\u00e5 var det heller ikke v\u00e6rre, og Kulturm\u00f8det Mors var b\u00e5de f\u00f8r, under og efter en folkefest med h\u00f8jt hum\u00f8r. S\u00e5dan lyder det fra Trine Bang, direkt\u00f8r for den lokale folkefest, i en reaktion p\u00e5 flere mediers fokus p\u00e5 [&hellip;]<\/p>\n","protected":false},"author":8,"featured_media":76582,"comment_status":"closed","ping_status":"open","sticky":false,"template":"","format":"standard","meta":{"_acf_changed":false,"footnotes":""},"categories":[49],"tags":[162],"class_list":["post-76581","post","type-post","status-publish","format-standard","has-post-thumbnail","hentry","category-kultur","tag-kulturmoedet"],"acf":[],"yoast_head":"<!-- This site is optimized with the Yoast SEO plugin v26.8 - https:\/\/yoast.com\/product\/yoast-seo-wordpress\/ -->\n<title>Kulturm\u00f8dets direkt\u00f8r: &quot;Det er s\u00e5 typisk dansk!&quot; - Mors<\/title>\n<meta name=\"robots\" content=\"index, follow, max-snippet:-1, max-image-preview:large, max-video-preview:-1\" \/>\n<link rel=\"canonical\" href=\"https:\/\/kunmedierne.dk\/mors\/kulturmoedets-direktoer-det-er-saa-typisk-dansk\/\" \/>\n<meta property=\"og:locale\" content=\"da_DK\" \/>\n<meta property=\"og:type\" content=\"article\" \/>\n<meta property=\"og:title\" content=\"Kulturm\u00f8dets direkt\u00f8r: &quot;Det er s\u00e5 typisk dansk!&quot; - Mors\" \/>\n<meta property=\"og:description\" content=\"MORS: Ja, det regnede fredag eftermiddag &#8211; og i en times tid endda ret voldsomt. Men s\u00e5 var det heller ikke v\u00e6rre, og Kulturm\u00f8det Mors var b\u00e5de f\u00f8r, under og efter en folkefest med h\u00f8jt hum\u00f8r. S\u00e5dan lyder det fra Trine Bang, direkt\u00f8r for den lokale folkefest, i en reaktion p\u00e5 flere mediers fokus p\u00e5 [&hellip;]\" \/>\n<meta property=\"og:url\" content=\"https:\/\/kunmedierne.dk\/mors\/kulturmoedets-direktoer-det-er-saa-typisk-dansk\/\" \/>\n<meta property=\"og:site_name\" content=\"Mors\" \/>\n<meta property=\"article:published_time\" content=\"2022-08-27T13:50:28+00:00\" \/>\n<meta property=\"article:modified_time\" content=\"2024-08-12T11:27:30+00:00\" \/>\n<meta property=\"og:image\" content=\"https:\/\/kunmedierne.dk\/mors\/wp-content\/uploads\/2022\/08\/kulturmoede-fredag-web-Fotograf-Per-Bille-220826-DSC08841.jpg\" \/>\n\t<meta property=\"og:image:width\" content=\"770\" \/>\n\t<meta property=\"og:image:height\" content=\"513\" \/>\n\t<meta property=\"og:image:type\" content=\"image\/jpeg\" \/>\n<meta name=\"author\" content=\"David H\u00f8jmark\" \/>\n<meta name=\"twitter:card\" content=\"summary_large_image\" \/>\n<meta name=\"twitter:label1\" content=\"Skrevet af\" \/>\n\t<meta name=\"twitter:data1\" content=\"David H\u00f8jmark\" \/>\n\t<meta name=\"twitter:label2\" content=\"Estimeret l\u00e6setid\" \/>\n\t<meta name=\"twitter:data2\" content=\"4 minutter\" \/>\n<script type=\"application\/ld+json\" class=\"yoast-schema-graph\">{\"@context\":\"https:\/\/schema.org\",\"@graph\":[{\"@type\":\"Article\",\"@id\":\"https:\/\/kunmedierne.dk\/mors\/kulturmoedets-direktoer-det-er-saa-typisk-dansk\/#article\",\"isPartOf\":{\"@id\":\"https:\/\/kunmedierne.dk\/mors\/kulturmoedets-direktoer-det-er-saa-typisk-dansk\/\"},\"author\":{\"name\":\"David H\u00f8jmark\",\"@id\":\"https:\/\/kunmedierne.dk\/mors\/#\/schema\/person\/5fe23251bf1d0abbcdc6f7896579d548\"},\"headline\":\"Kulturm\u00f8dets direkt\u00f8r: &#8220;Det er s\u00e5 typisk dansk!&#8221;\",\"datePublished\":\"2022-08-27T13:50:28+00:00\",\"dateModified\":\"2024-08-12T11:27:30+00:00\",\"mainEntityOfPage\":{\"@id\":\"https:\/\/kunmedierne.dk\/mors\/kulturmoedets-direktoer-det-er-saa-typisk-dansk\/\"},\"wordCount\":735,\"publisher\":{\"@id\":\"https:\/\/kunmedierne.dk\/mors\/#organization\"},\"image\":{\"@id\":\"https:\/\/kunmedierne.dk\/mors\/kulturmoedets-direktoer-det-er-saa-typisk-dansk\/#primaryimage\"},\"thumbnailUrl\":\"https:\/\/kunmedierne.dk\/mors\/wp-content\/uploads\/2022\/08\/kulturmoede-fredag-web-Fotograf-Per-Bille-220826-DSC08841.jpg\",\"keywords\":[\"Kulturm\u00f8det\"],\"articleSection\":[\"Kultur\"],\"inLanguage\":\"da-DK\"},{\"@type\":\"WebPage\",\"@id\":\"https:\/\/kunmedierne.dk\/mors\/kulturmoedets-direktoer-det-er-saa-typisk-dansk\/\",\"url\":\"https:\/\/kunmedierne.dk\/mors\/kulturmoedets-direktoer-det-er-saa-typisk-dansk\/\",\"name\":\"Kulturm\u00f8dets direkt\u00f8r: \\\"Det er s\u00e5 typisk dansk!\\\" - Mors\",\"isPartOf\":{\"@id\":\"https:\/\/kunmedierne.dk\/mors\/#website\"},\"primaryImageOfPage\":{\"@id\":\"https:\/\/kunmedierne.dk\/mors\/kulturmoedets-direktoer-det-er-saa-typisk-dansk\/#primaryimage\"},\"image\":{\"@id\":\"https:\/\/kunmedierne.dk\/mors\/kulturmoedets-direktoer-det-er-saa-typisk-dansk\/#primaryimage\"},\"thumbnailUrl\":\"https:\/\/kunmedierne.dk\/mors\/wp-content\/uploads\/2022\/08\/kulturmoede-fredag-web-Fotograf-Per-Bille-220826-DSC08841.jpg\",\"datePublished\":\"2022-08-27T13:50:28+00:00\",\"dateModified\":\"2024-08-12T11:27:30+00:00\",\"breadcrumb\":{\"@id\":\"https:\/\/kunmedierne.dk\/mors\/kulturmoedets-direktoer-det-er-saa-typisk-dansk\/#breadcrumb\"},\"inLanguage\":\"da-DK\",\"potentialAction\":[{\"@type\":\"ReadAction\",\"target\":[\"https:\/\/kunmedierne.dk\/mors\/kulturmoedets-direktoer-det-er-saa-typisk-dansk\/\"]}]},{\"@type\":\"ImageObject\",\"inLanguage\":\"da-DK\",\"@id\":\"https:\/\/kunmedierne.dk\/mors\/kulturmoedets-direktoer-det-er-saa-typisk-dansk\/#primaryimage\",\"url\":\"https:\/\/kunmedierne.dk\/mors\/wp-content\/uploads\/2022\/08\/kulturmoede-fredag-web-Fotograf-Per-Bille-220826-DSC08841.jpg\",\"contentUrl\":\"https:\/\/kunmedierne.dk\/mors\/wp-content\/uploads\/2022\/08\/kulturmoede-fredag-web-Fotograf-Per-Bille-220826-DSC08841.jpg\",\"width\":770,\"height\":513,\"caption\":\"Da regnen kom, rykkede man sammen - som her p\u00e5 scenen med Ane Cortzen. Foto: Per Bille\"},{\"@type\":\"BreadcrumbList\",\"@id\":\"https:\/\/kunmedierne.dk\/mors\/kulturmoedets-direktoer-det-er-saa-typisk-dansk\/#breadcrumb\",\"itemListElement\":[{\"@type\":\"ListItem\",\"position\":1,\"name\":\"Hjem\",\"item\":\"https:\/\/kunmedierne.dk\/mors\/\"},{\"@type\":\"ListItem\",\"position\":2,\"name\":\"Kulturm\u00f8dets direkt\u00f8r: &#8220;Det er s\u00e5 typisk dansk!&#8221;\"}]},{\"@type\":\"WebSite\",\"@id\":\"https:\/\/kunmedierne.dk\/mors\/#website\",\"url\":\"https:\/\/kunmedierne.dk\/mors\/\",\"name\":\"Mors\",\"description\":\"et netmedie med journalistik om livet p\u00e5 Mors\",\"publisher\":{\"@id\":\"https:\/\/kunmedierne.dk\/mors\/#organization\"},\"potentialAction\":[{\"@type\":\"SearchAction\",\"target\":{\"@type\":\"EntryPoint\",\"urlTemplate\":\"https:\/\/kunmedierne.dk\/mors\/?s={search_term_string}\"},\"query-input\":{\"@type\":\"PropertyValueSpecification\",\"valueRequired\":true,\"valueName\":\"search_term_string\"}}],\"inLanguage\":\"da-DK\"},{\"@type\":\"Organization\",\"@id\":\"https:\/\/kunmedierne.dk\/mors\/#organization\",\"name\":\"Mors\",\"url\":\"https:\/\/kunmedierne.dk\/mors\/\",\"logo\":{\"@type\":\"ImageObject\",\"inLanguage\":\"da-DK\",\"@id\":\"https:\/\/kunmedierne.dk\/mors\/#\/schema\/logo\/image\/\",\"url\":\"https:\/\/kunmedierne.dk\/mors\/wp-content\/uploads\/2024\/08\/kunmors-logo.svg\",\"contentUrl\":\"https:\/\/kunmedierne.dk\/mors\/wp-content\/uploads\/2024\/08\/kunmors-logo.svg\",\"caption\":\"Mors\"},\"image\":{\"@id\":\"https:\/\/kunmedierne.dk\/mors\/#\/schema\/logo\/image\/\"}},{\"@type\":\"Person\",\"@id\":\"https:\/\/kunmedierne.dk\/mors\/#\/schema\/person\/5fe23251bf1d0abbcdc6f7896579d548\",\"name\":\"David H\u00f8jmark\",\"image\":{\"@type\":\"ImageObject\",\"inLanguage\":\"da-DK\",\"@id\":\"https:\/\/kunmedierne.dk\/mors\/#\/schema\/person\/image\/\",\"url\":\"https:\/\/secure.gravatar.com\/avatar\/4315d6fb9ef244d729989f5f90268eb08d5bf8a3d84402f595fa194bb35784fd?s=96&d=mm&r=g\",\"contentUrl\":\"https:\/\/secure.gravatar.com\/avatar\/4315d6fb9ef244d729989f5f90268eb08d5bf8a3d84402f595fa194bb35784fd?s=96&d=mm&r=g\",\"caption\":\"David H\u00f8jmark\"},\"sameAs\":[\"https:\/\/www.kunmedierne.dk\"],\"url\":\"https:\/\/kunmedierne.dk\/mors\/author\/david\/\"}]}<\/script>\n<!-- \/ Yoast SEO plugin. -->","yoast_head_json":{"title":"Kulturm\u00f8dets direkt\u00f8r: \"Det er s\u00e5 typisk dansk!\" - Mors","robots":{"index":"index","follow":"follow","max-snippet":"max-snippet:-1","max-image-preview":"max-image-preview:large","max-video-preview":"max-video-preview:-1"},"canonical":"https:\/\/kunmedierne.dk\/mors\/kulturmoedets-direktoer-det-er-saa-typisk-dansk\/","og_locale":"da_DK","og_type":"article","og_title":"Kulturm\u00f8dets direkt\u00f8r: \"Det er s\u00e5 typisk dansk!\" - Mors","og_description":"MORS: Ja, det regnede fredag eftermiddag &#8211; og i en times tid endda ret voldsomt. Men s\u00e5 var det heller ikke v\u00e6rre, og Kulturm\u00f8det Mors var b\u00e5de f\u00f8r, under og efter en folkefest med h\u00f8jt hum\u00f8r. S\u00e5dan lyder det fra Trine Bang, direkt\u00f8r for den lokale folkefest, i en reaktion p\u00e5 flere mediers fokus p\u00e5 [&hellip;]","og_url":"https:\/\/kunmedierne.dk\/mors\/kulturmoedets-direktoer-det-er-saa-typisk-dansk\/","og_site_name":"Mors","article_published_time":"2022-08-27T13:50:28+00:00","article_modified_time":"2024-08-12T11:27:30+00:00","og_image":[{"width":770,"height":513,"url":"https:\/\/kunmedierne.dk\/mors\/wp-content\/uploads\/2022\/08\/kulturmoede-fredag-web-Fotograf-Per-Bille-220826-DSC08841.jpg","type":"image\/jpeg"}],"author":"David H\u00f8jmark","twitter_card":"summary_large_image","twitter_misc":{"Skrevet af":"David H\u00f8jmark","Estimeret l\u00e6setid":"4 minutter"},"schema":{"@context":"https:\/\/schema.org","@graph":[{"@type":"Article","@id":"https:\/\/kunmedierne.dk\/mors\/kulturmoedets-direktoer-det-er-saa-typisk-dansk\/#article","isPartOf":{"@id":"https:\/\/kunmedierne.dk\/mors\/kulturmoedets-direktoer-det-er-saa-typisk-dansk\/"},"author":{"name":"David H\u00f8jmark","@id":"https:\/\/kunmedierne.dk\/mors\/#\/schema\/person\/5fe23251bf1d0abbcdc6f7896579d548"},"headline":"Kulturm\u00f8dets direkt\u00f8r: &#8220;Det er s\u00e5 typisk dansk!&#8221;","datePublished":"2022-08-27T13:50:28+00:00","dateModified":"2024-08-12T11:27:30+00:00","mainEntityOfPage":{"@id":"https:\/\/kunmedierne.dk\/mors\/kulturmoedets-direktoer-det-er-saa-typisk-dansk\/"},"wordCount":735,"publisher":{"@id":"https:\/\/kunmedierne.dk\/mors\/#organization"},"image":{"@id":"https:\/\/kunmedierne.dk\/mors\/kulturmoedets-direktoer-det-er-saa-typisk-dansk\/#primaryimage"},"thumbnailUrl":"https:\/\/kunmedierne.dk\/mors\/wp-content\/uploads\/2022\/08\/kulturmoede-fredag-web-Fotograf-Per-Bille-220826-DSC08841.jpg","keywords":["Kulturm\u00f8det"],"articleSection":["Kultur"],"inLanguage":"da-DK"},{"@type":"WebPage","@id":"https:\/\/kunmedierne.dk\/mors\/kulturmoedets-direktoer-det-er-saa-typisk-dansk\/","url":"https:\/\/kunmedierne.dk\/mors\/kulturmoedets-direktoer-det-er-saa-typisk-dansk\/","name":"Kulturm\u00f8dets direkt\u00f8r: \"Det er s\u00e5 typisk dansk!\" - Mors","isPartOf":{"@id":"https:\/\/kunmedierne.dk\/mors\/#website"},"primaryImageOfPage":{"@id":"https:\/\/kunmedierne.dk\/mors\/kulturmoedets-direktoer-det-er-saa-typisk-dansk\/#primaryimage"},"image":{"@id":"https:\/\/kunmedierne.dk\/mors\/kulturmoedets-direktoer-det-er-saa-typisk-dansk\/#primaryimage"},"thumbnailUrl":"https:\/\/kunmedierne.dk\/mors\/wp-content\/uploads\/2022\/08\/kulturmoede-fredag-web-Fotograf-Per-Bille-220826-DSC08841.jpg","datePublished":"2022-08-27T13:50:28+00:00","dateModified":"2024-08-12T11:27:30+00:00","breadcrumb":{"@id":"https:\/\/kunmedierne.dk\/mors\/kulturmoedets-direktoer-det-er-saa-typisk-dansk\/#breadcrumb"},"inLanguage":"da-DK","potentialAction":[{"@type":"ReadAction","target":["https:\/\/kunmedierne.dk\/mors\/kulturmoedets-direktoer-det-er-saa-typisk-dansk\/"]}]},{"@type":"ImageObject","inLanguage":"da-DK","@id":"https:\/\/kunmedierne.dk\/mors\/kulturmoedets-direktoer-det-er-saa-typisk-dansk\/#primaryimage","url":"https:\/\/kunmedierne.dk\/mors\/wp-content\/uploads\/2022\/08\/kulturmoede-fredag-web-Fotograf-Per-Bille-220826-DSC08841.jpg","contentUrl":"https:\/\/kunmedierne.dk\/mors\/wp-content\/uploads\/2022\/08\/kulturmoede-fredag-web-Fotograf-Per-Bille-220826-DSC08841.jpg","width":770,"height":513,"caption":"Da regnen kom, rykkede man sammen - som her p\u00e5 scenen med Ane Cortzen. Foto: Per Bille"},{"@type":"BreadcrumbList","@id":"https:\/\/kunmedierne.dk\/mors\/kulturmoedets-direktoer-det-er-saa-typisk-dansk\/#breadcrumb","itemListElement":[{"@type":"ListItem","position":1,"name":"Hjem","item":"https:\/\/kunmedierne.dk\/mors\/"},{"@type":"ListItem","position":2,"name":"Kulturm\u00f8dets direkt\u00f8r: &#8220;Det er s\u00e5 typisk dansk!&#8221;"}]},{"@type":"WebSite","@id":"https:\/\/kunmedierne.dk\/mors\/#website","url":"https:\/\/kunmedierne.dk\/mors\/","name":"Mors","description":"et netmedie med journalistik om livet p\u00e5 Mors","publisher":{"@id":"https:\/\/kunmedierne.dk\/mors\/#organization"},"potentialAction":[{"@type":"SearchAction","target":{"@type":"EntryPoint","urlTemplate":"https:\/\/kunmedierne.dk\/mors\/?s={search_term_string}"},"query-input":{"@type":"PropertyValueSpecification","valueRequired":true,"valueName":"search_term_string"}}],"inLanguage":"da-DK"},{"@type":"Organization","@id":"https:\/\/kunmedierne.dk\/mors\/#organization","name":"Mors","url":"https:\/\/kunmedierne.dk\/mors\/","logo":{"@type":"ImageObject","inLanguage":"da-DK","@id":"https:\/\/kunmedierne.dk\/mors\/#\/schema\/logo\/image\/","url":"https:\/\/kunmedierne.dk\/mors\/wp-content\/uploads\/2024\/08\/kunmors-logo.svg","contentUrl":"https:\/\/kunmedierne.dk\/mors\/wp-content\/uploads\/2024\/08\/kunmors-logo.svg","caption":"Mors"},"image":{"@id":"https:\/\/kunmedierne.dk\/mors\/#\/schema\/logo\/image\/"}},{"@type":"Person","@id":"https:\/\/kunmedierne.dk\/mors\/#\/schema\/person\/5fe23251bf1d0abbcdc6f7896579d548","name":"David H\u00f8jmark","image":{"@type":"ImageObject","inLanguage":"da-DK","@id":"https:\/\/kunmedierne.dk\/mors\/#\/schema\/person\/image\/","url":"https:\/\/secure.gravatar.com\/avatar\/4315d6fb9ef244d729989f5f90268eb08d5bf8a3d84402f595fa194bb35784fd?s=96&d=mm&r=g","contentUrl":"https:\/\/secure.gravatar.com\/avatar\/4315d6fb9ef244d729989f5f90268eb08d5bf8a3d84402f595fa194bb35784fd?s=96&d=mm&r=g","caption":"David H\u00f8jmark"},"sameAs":["https:\/\/www.kunmedierne.dk"],"url":"https:\/\/kunmedierne.dk\/mors\/author\/david\/"}]}},"_links":{"self":[{"href":"https:\/\/kunmedierne.dk\/mors\/wp-json\/wp\/v2\/posts\/76581","targetHints":{"allow":["GET"]}}],"collection":[{"href":"https:\/\/kunmedierne.dk\/mors\/wp-json\/wp\/v2\/posts"}],"about":[{"href":"https:\/\/kunmedierne.dk\/mors\/wp-json\/wp\/v2\/types\/post"}],"author":[{"embeddable":true,"href":"https:\/\/kunmedierne.dk\/mors\/wp-json\/wp\/v2\/users\/8"}],"replies":[{"embeddable":true,"href":"https:\/\/kunmedierne.dk\/mors\/wp-json\/wp\/v2\/comments?post=76581"}],"version-history":[{"count":4,"href":"https:\/\/kunmedierne.dk\/mors\/wp-json\/wp\/v2\/posts\/76581\/revisions"}],"predecessor-version":[{"id":76592,"href":"https:\/\/kunmedierne.dk\/mors\/wp-json\/wp\/v2\/posts\/76581\/revisions\/76592"}],"wp:featuredmedia":[{"embeddable":true,"href":"https:\/\/kunmedierne.dk\/mors\/wp-json\/wp\/v2\/media\/76582"}],"wp:attachment":[{"href":"https:\/\/kunmedierne.dk\/mors\/wp-json\/wp\/v2\/media?parent=76581"}],"wp:term":[{"taxonomy":"category","embeddable":true,"href":"https:\/\/kunmedierne.dk\/mors\/wp-json\/wp\/v2\/categories?post=76581"},{"taxonomy":"post_tag","embeddable":true,"href":"https:\/\/kunmedierne.dk\/mors\/wp-json\/wp\/v2\/tags?post=76581"}],"curies":[{"name":"wp","href":"https:\/\/api.w.org\/{rel}","templated":true}]}}