{"id":76543,"date":"2022-08-27T12:46:33","date_gmt":"2022-08-27T10:46:33","guid":{"rendered":"https:\/\/kunmedierne.dk\/mors\/?p=76543"},"modified":"2024-08-12T13:27:30","modified_gmt":"2024-08-12T11:27:30","slug":"kulturmoedet-er-yngre-end-nogensinde","status":"publish","type":"post","link":"https:\/\/kunmedierne.dk\/mors\/kulturmoedet-er-yngre-end-nogensinde\/","title":{"rendered":"Kulturm\u00f8det er yngre end nogensinde"},"content":{"rendered":"<p><strong>MORS<\/strong>: Hvis du fornemmer, at Kulturm\u00f8det Mors er yngre, end det plejer at v\u00e6re, har det sin logiske \u00e5rsag.<\/p>\n<p>For det n\u00e6sten vrimler med unge fra hele landet p\u00e5 Ung Kult-omr\u00e5det. Omr\u00e5det, der tidligere var en satellit, men som nu er en integreret del af Kulturm\u00f8det.<\/p>\n<p>Torsdag aften var 1000 p\u00e5 plads, da den musikalske underholdning toppede med Kalaset og Fabr\u00e4k.<\/p>\n<p>&#8220;Det er langt over, hvad vi havde forestillet os. Der har v\u00e6ret proppet, og det er langt fra kun unge fra Mors,&#8221; lyder det fra en glad Malte Houe, formand for Ung Kult, da KunMors m\u00f8der ham l\u00f8rdag formiddag.<\/p>\n<a class=\"dvrt-link\" onClick=\"cdmtrack_click(104778,jQuery(this));return false\" href=\"https:\/\/vester-begr.dk\/?gclid=CjwKCAjw5Kv7BRBSEiwAXGDElQB6WMfm9CgYVrruty-I1gaOkTkC3mlA4QRDtYNsxYgVC8sNzAJ7WhoCmBsQAvD_BwE\"><img decoding=\"async\" style=\"width:100%;\" src=\"https:\/\/kunmedierne.dk\/mors\/wp-content\/uploads\/2023\/10\/260203VesterHoukaer-02022026.jpg\"><\/a><script>cdmtrack_view(104778);<\/script>\n<p>Han har kun f\u00e5 timers s\u00f8vn i kroppen, men synes fyldt med energi, mens han udf\u00f8rer praktiske opgaver forud for en ny dag p\u00e5 Kulturm\u00f8det.<\/p>\n<p>Og det synes yngre end nogensinde. I hver fald n\u00e5r man m\u00e5ler p\u00e5 publikum.<\/p>\n<p>&#8220;Rigtig mange har bem\u00e6rket, at gennemsnitsalderen har s\u00e6nket sig markant,&#8221; siger Malte Houe og tilf\u00f8jer, at nogle over for ham har vurderet, at Kulturm\u00f8det er blevet 10 \u00e5r yngre.<\/p>\n<p>&nbsp;<\/p>\n<p><strong>Fra K\u00f8benhavn til Mors<\/strong><\/p>\n<p>Det skyldes blandt andet et stort benarbejde af den unge forening, som nu er vokset til 300 medlemmer. Og det g\u00e6lder ikke kun i forhold til fundraising og etablering af et varieret program med debat, musik, stand up og andet, der appellerer til unge.<\/p>\n<p>Det g\u00e6lder ogs\u00e5 i forhold til at g\u00f8re vejen til Mors s\u00e5 nem som mulig.<\/p>\n<p>For hvor busture mellem det nordvestjyske og hovedstaden normalt har landskampe, Nyhavn, teaterture og shoppingture p\u00e5 Str\u00f8get som m\u00e5l, er ruten denne gang stik modsat.<\/p>\n<a class=\"dvrt-link\" onClick=\"cdmtrack_click(147315,jQuery(this));return false\" href=\"https:\/\/sdrhaa.dk\/\"><img decoding=\"async\" style=\"width:100%;\" src=\"https:\/\/kunmedierne.dk\/mors\/wp-content\/uploads\/2025\/05\/260302Sdr-HaaDin-gebyrvenlige-sparekasse_mors-002.gif\"><\/a><script>cdmtrack_view(147315);<\/script>\n<p>Ung Kult har booket en bus, der med udgangspunkt fra K\u00f8benhavn har samlet unge op fra netv\u00e6rket rundt omkring i landet for at f\u00f8re dem til Kulturm\u00f8det p\u00e5 Mors.<\/p>\n<p>S\u00e5 ogs\u00e5 derfor ser man i disse dage mange flere unge p\u00e5 Kulturm\u00f8det end tidligere. Og med mange flere dialekter.<\/p>\n<p>&nbsp;<\/p>\n<p><strong>Fedt at v\u00e6re synlig<\/strong><\/p>\n<p>To af dem er dog tilknyttet \u00f8en i forvejen &#8211; og er i sig selv eksempler p\u00e5, hvordan rigdom p\u00e5 kulturomr\u00e5det ogs\u00e5 kan f\u00f8re til tilflytning til Mors.<\/p>\n<p>For i baren p\u00e5 Ung Kult finder vi Laura Pilgaard Christensen og Evian Lypart. Laura er thybo, og Evian er fra Aarhus. De g\u00e5r begge p\u00e5 dramalinjen p\u00e5 Mors\u00f8 Gymnasium og nyder at v\u00e6re frivillige p\u00e5 Kulturm\u00f8det.<\/p>\n<p>&#8220;Der var rigtig mange i g\u00e5r, og der var mange fra Thy. Det var en virkelig god blanding af folk, og det var fedt at se, hvordan man kan samles om det,&#8221; siger Laura.<\/p>\n<a class=\"dvrt-link\" onClick=\"cdmtrack_click(111725,jQuery(this));return false\" href=\"https:\/\/www.thistedforsikring.dk\/?utm_source=partnerskaber&amp;utm_campaign=kun_mors\"><img decoding=\"async\" style=\"width:100%;\" src=\"https:\/\/kunmedierne.dk\/mors\/wp-content\/uploads\/2024\/02\/269409KunMors-ThistedFor-1.png\"><\/a><script>cdmtrack_view(111725);<\/script>\n<p>Hun gl\u00e6der sig over, at Ung Kult med flytningen nu for alvor er en del af Kulturm\u00f8det.<\/p>\n<p>&#8220;Det er bare vildt fedt. Vi er meget mere synlige her, og vi f\u00e5r bekr\u00e6ftet, at unge og unges mening om kulturen bliver h\u00f8rt,&#8221; siger hun.<\/p>\n<p>Evian er enig.<\/p>\n<p>&#8220;Det er fedt at v\u00e6re med til at g\u00f8re en forskel og at v\u00e6re med til at stable det hele p\u00e5 benene. Det er fedt at v\u00e6re med til at skabe noget, som andre synes er fedt,&#8221; lyder den tilfredse melding.<\/p>\n<p>&nbsp;<\/p>\n<p><strong>Bliver ikke en drukfest<\/strong><\/p>\n<p>Laura og Evian er bare to ud af et halvt hundrede frivillige p\u00e5 Ung Kult-omr\u00e5det.<\/p>\n<p>En tredje er Magnus S\u00f8rensen fra Esbjerg. Han er i f\u00e6rd med at hj\u00e6lpe Malte Houe, da KunMors sp\u00f8rger ham, hvad der har f\u00e5et ham til Mors.<\/p>\n<p>&#8220;Det har ham d\u00e9r,&#8221; griner han og nikker mod efterskolekammeraten Malte.<\/p>\n<p>&#8220;Han har plaget mig i tre \u00e5r, om jeg ville v\u00e6re med, og s\u00e5 m\u00e5tte jeg hellere bakke op om det,&#8221; siger han under en af de mange opgaver for de unge frivillige.<\/p>\n<a class=\"dvrt-link\" onClick=\"cdmtrack_click(104779,jQuery(this));return false\" href=\"https:\/\/morsoe-begravelsesforretning.dk\/\"><img decoding=\"async\" style=\"width:100%;\" src=\"https:\/\/kunmedierne.dk\/mors\/wp-content\/uploads\/2023\/11\/251215-morsoe-begravelsesforretning.jpg\"><\/a><script>cdmtrack_view(104779);<\/script>\n<p>En anden er mere alvorlig. Den handler om at holde styr p\u00e5 det med alkohol.<\/p>\n<p>Malte Houe viser et armb\u00e5nd, man f\u00e5r p\u00e5, s\u00e5 man ikke ved hvert k\u00f8b beh\u00f8ver at dokumentere sin alder. P\u00e5 den m\u00e5de kommer der ogs\u00e5 lidt festivalstemning over det hele, men han frygter ikke, at Ung Kult udvikler sig til en drukfest.<\/p>\n<p>&#8220;Vi har v\u00e6ret meget opm\u00e6rksomme p\u00e5, hvordan det kunne blive, men der har ikke v\u00e6ret nogle problemer,&#8221; siger han og vurderer ogs\u00e5, at et program med kulturelt indhold og musik, som ikke bare er hyret som tr\u00e6kplastre, sikrer, at Ung Kult forbliver tro mod sit kulturelle form\u00e5l.<\/p>\n<p>&nbsp;<\/p>\n<p><strong>Klar til n\u00e6ste \u00e5r<\/strong><\/p>\n<p>L\u00f8rdag aften f\u00e5r Ung Kult oven i k\u00f8bet \u00e6ren af at lukke den 10. udgave af Kulturm\u00f8det Mors, n\u00e5r man afslutter programmet med Guldimund og Undertekst.<\/p>\n<p>&#8220;Det er en fed mulighed, at vi f\u00e5r lov til at lukke Kulturm\u00f8det efter nogle virkelig fede dage,&#8221; siger Malte Houe, som allerede synes at se frem imod Kulturm\u00f8det 2023.<\/p>\n<p>&#8220;Gejstren er s\u00e5 stor, at vi allerede er klar til at forberede n\u00e6ste \u00e5r,&#8221; griner han.<\/p>\n<a class=\"dvrt-link\" onClick=\"cdmtrack_click(104783,jQuery(this));return false\" href=\"https:\/\/konpap.dk\/\"><img decoding=\"async\" style=\"width:100%;\" src=\"https:\/\/kunmedierne.dk\/mors\/wp-content\/uploads\/2023\/10\/Kun-Mors-banner.jpg\"><\/a><script>cdmtrack_view(104783);<\/script>\n<p>Der kommer ingen protester fra efterskolekammeraten Magnus. En anelse tr\u00e6t efter den lange fredag, men sikker i stemmen inden en lige s\u00e5 lang l\u00f8rdag sl\u00e5r han fast:<\/p>\n<p>&#8220;Det er ikke mit sidste Ung Kult-arrangement.&#8221;<\/p>\n<div id=\"attachment_76545\" style=\"width: 780px\" class=\"wp-caption alignleft\"><img loading=\"lazy\" decoding=\"async\" aria-describedby=\"caption-attachment-76545\" class=\"size-full wp-image-76545\" src=\"https:\/\/kunmedierne.dk\/mors\/wp-content\/uploads\/2022\/08\/IMG_0306.jpg\" alt=\"\" width=\"770\" height=\"513\" srcset=\"https:\/\/kunmedierne.dk\/mors\/wp-content\/uploads\/2022\/08\/IMG_0306.jpg 770w, https:\/\/kunmedierne.dk\/mors\/wp-content\/uploads\/2022\/08\/IMG_0306-300x200.jpg 300w, https:\/\/kunmedierne.dk\/mors\/wp-content\/uploads\/2022\/08\/IMG_0306-768x512.jpg 768w, https:\/\/kunmedierne.dk\/mors\/wp-content\/uploads\/2022\/08\/IMG_0306-360x240.jpg 360w, https:\/\/kunmedierne.dk\/mors\/wp-content\/uploads\/2022\/08\/IMG_0306-600x400.jpg 600w\" sizes=\"auto, (max-width: 770px) 100vw, 770px\" \/><p id=\"caption-attachment-76545\" class=\"wp-caption-text\">Malte Houe (tv.) og Magnus S\u00f8rensen.<\/p><\/div>\n","protected":false},"excerpt":{"rendered":"<p>MORS: Hvis du fornemmer, at Kulturm\u00f8det Mors er yngre, end det plejer at v\u00e6re, har det sin logiske \u00e5rsag. For det n\u00e6sten vrimler med unge fra hele landet p\u00e5 Ung Kult-omr\u00e5det. Omr\u00e5det, der tidligere var en satellit, men som nu er en integreret del af Kulturm\u00f8det. Torsdag aften var 1000 p\u00e5 plads, da den musikalske [&hellip;]<\/p>\n","protected":false},"author":8,"featured_media":76544,"comment_status":"closed","ping_status":"open","sticky":false,"template":"","format":"standard","meta":{"_acf_changed":false,"footnotes":""},"categories":[49],"tags":[162],"class_list":["post-76543","post","type-post","status-publish","format-standard","has-post-thumbnail","hentry","category-kultur","tag-kulturmoedet"],"acf":[],"yoast_head":"<!-- This site is optimized with the Yoast SEO plugin v26.8 - https:\/\/yoast.com\/product\/yoast-seo-wordpress\/ -->\n<title>Kulturm\u00f8det er yngre end nogensinde - Mors<\/title>\n<meta name=\"robots\" content=\"index, follow, max-snippet:-1, max-image-preview:large, max-video-preview:-1\" \/>\n<link rel=\"canonical\" href=\"https:\/\/kunmedierne.dk\/mors\/kulturmoedet-er-yngre-end-nogensinde\/\" \/>\n<meta property=\"og:locale\" content=\"da_DK\" \/>\n<meta property=\"og:type\" content=\"article\" \/>\n<meta property=\"og:title\" content=\"Kulturm\u00f8det er yngre end nogensinde - Mors\" \/>\n<meta property=\"og:description\" content=\"MORS: Hvis du fornemmer, at Kulturm\u00f8det Mors er yngre, end det plejer at v\u00e6re, har det sin logiske \u00e5rsag. For det n\u00e6sten vrimler med unge fra hele landet p\u00e5 Ung Kult-omr\u00e5det. Omr\u00e5det, der tidligere var en satellit, men som nu er en integreret del af Kulturm\u00f8det. Torsdag aften var 1000 p\u00e5 plads, da den musikalske [&hellip;]\" \/>\n<meta property=\"og:url\" content=\"https:\/\/kunmedierne.dk\/mors\/kulturmoedet-er-yngre-end-nogensinde\/\" \/>\n<meta property=\"og:site_name\" content=\"Mors\" \/>\n<meta property=\"article:published_time\" content=\"2022-08-27T10:46:33+00:00\" \/>\n<meta property=\"article:modified_time\" content=\"2024-08-12T11:27:30+00:00\" \/>\n<meta property=\"og:image\" content=\"https:\/\/kunmedierne.dk\/mors\/wp-content\/uploads\/2022\/08\/IMG_0295.jpg\" \/>\n\t<meta property=\"og:image:width\" content=\"770\" \/>\n\t<meta property=\"og:image:height\" content=\"513\" \/>\n\t<meta property=\"og:image:type\" content=\"image\/jpeg\" \/>\n<meta name=\"author\" content=\"David H\u00f8jmark\" \/>\n<meta name=\"twitter:card\" content=\"summary_large_image\" \/>\n<meta name=\"twitter:label1\" content=\"Skrevet af\" \/>\n\t<meta name=\"twitter:data1\" content=\"David H\u00f8jmark\" \/>\n\t<meta name=\"twitter:label2\" content=\"Estimeret l\u00e6setid\" \/>\n\t<meta name=\"twitter:data2\" content=\"5 minutter\" \/>\n<script type=\"application\/ld+json\" class=\"yoast-schema-graph\">{\"@context\":\"https:\/\/schema.org\",\"@graph\":[{\"@type\":\"Article\",\"@id\":\"https:\/\/kunmedierne.dk\/mors\/kulturmoedet-er-yngre-end-nogensinde\/#article\",\"isPartOf\":{\"@id\":\"https:\/\/kunmedierne.dk\/mors\/kulturmoedet-er-yngre-end-nogensinde\/\"},\"author\":{\"name\":\"David H\u00f8jmark\",\"@id\":\"https:\/\/kunmedierne.dk\/mors\/#\/schema\/person\/5fe23251bf1d0abbcdc6f7896579d548\"},\"headline\":\"Kulturm\u00f8det er yngre end nogensinde\",\"datePublished\":\"2022-08-27T10:46:33+00:00\",\"dateModified\":\"2024-08-12T11:27:30+00:00\",\"mainEntityOfPage\":{\"@id\":\"https:\/\/kunmedierne.dk\/mors\/kulturmoedet-er-yngre-end-nogensinde\/\"},\"wordCount\":906,\"publisher\":{\"@id\":\"https:\/\/kunmedierne.dk\/mors\/#organization\"},\"image\":{\"@id\":\"https:\/\/kunmedierne.dk\/mors\/kulturmoedet-er-yngre-end-nogensinde\/#primaryimage\"},\"thumbnailUrl\":\"https:\/\/kunmedierne.dk\/mors\/wp-content\/uploads\/2022\/08\/IMG_0295.jpg\",\"keywords\":[\"Kulturm\u00f8det\"],\"articleSection\":[\"Kultur\"],\"inLanguage\":\"da-DK\"},{\"@type\":\"WebPage\",\"@id\":\"https:\/\/kunmedierne.dk\/mors\/kulturmoedet-er-yngre-end-nogensinde\/\",\"url\":\"https:\/\/kunmedierne.dk\/mors\/kulturmoedet-er-yngre-end-nogensinde\/\",\"name\":\"Kulturm\u00f8det er yngre end nogensinde - Mors\",\"isPartOf\":{\"@id\":\"https:\/\/kunmedierne.dk\/mors\/#website\"},\"primaryImageOfPage\":{\"@id\":\"https:\/\/kunmedierne.dk\/mors\/kulturmoedet-er-yngre-end-nogensinde\/#primaryimage\"},\"image\":{\"@id\":\"https:\/\/kunmedierne.dk\/mors\/kulturmoedet-er-yngre-end-nogensinde\/#primaryimage\"},\"thumbnailUrl\":\"https:\/\/kunmedierne.dk\/mors\/wp-content\/uploads\/2022\/08\/IMG_0295.jpg\",\"datePublished\":\"2022-08-27T10:46:33+00:00\",\"dateModified\":\"2024-08-12T11:27:30+00:00\",\"breadcrumb\":{\"@id\":\"https:\/\/kunmedierne.dk\/mors\/kulturmoedet-er-yngre-end-nogensinde\/#breadcrumb\"},\"inLanguage\":\"da-DK\",\"potentialAction\":[{\"@type\":\"ReadAction\",\"target\":[\"https:\/\/kunmedierne.dk\/mors\/kulturmoedet-er-yngre-end-nogensinde\/\"]}]},{\"@type\":\"ImageObject\",\"inLanguage\":\"da-DK\",\"@id\":\"https:\/\/kunmedierne.dk\/mors\/kulturmoedet-er-yngre-end-nogensinde\/#primaryimage\",\"url\":\"https:\/\/kunmedierne.dk\/mors\/wp-content\/uploads\/2022\/08\/IMG_0295.jpg\",\"contentUrl\":\"https:\/\/kunmedierne.dk\/mors\/wp-content\/uploads\/2022\/08\/IMG_0295.jpg\",\"width\":770,\"height\":513,\"caption\":\"Evian Lypart (tv.) og Laura Pilgaard Christensen.\"},{\"@type\":\"BreadcrumbList\",\"@id\":\"https:\/\/kunmedierne.dk\/mors\/kulturmoedet-er-yngre-end-nogensinde\/#breadcrumb\",\"itemListElement\":[{\"@type\":\"ListItem\",\"position\":1,\"name\":\"Hjem\",\"item\":\"https:\/\/kunmedierne.dk\/mors\/\"},{\"@type\":\"ListItem\",\"position\":2,\"name\":\"Kulturm\u00f8det er yngre end nogensinde\"}]},{\"@type\":\"WebSite\",\"@id\":\"https:\/\/kunmedierne.dk\/mors\/#website\",\"url\":\"https:\/\/kunmedierne.dk\/mors\/\",\"name\":\"Mors\",\"description\":\"et netmedie med journalistik om livet p\u00e5 Mors\",\"publisher\":{\"@id\":\"https:\/\/kunmedierne.dk\/mors\/#organization\"},\"potentialAction\":[{\"@type\":\"SearchAction\",\"target\":{\"@type\":\"EntryPoint\",\"urlTemplate\":\"https:\/\/kunmedierne.dk\/mors\/?s={search_term_string}\"},\"query-input\":{\"@type\":\"PropertyValueSpecification\",\"valueRequired\":true,\"valueName\":\"search_term_string\"}}],\"inLanguage\":\"da-DK\"},{\"@type\":\"Organization\",\"@id\":\"https:\/\/kunmedierne.dk\/mors\/#organization\",\"name\":\"Mors\",\"url\":\"https:\/\/kunmedierne.dk\/mors\/\",\"logo\":{\"@type\":\"ImageObject\",\"inLanguage\":\"da-DK\",\"@id\":\"https:\/\/kunmedierne.dk\/mors\/#\/schema\/logo\/image\/\",\"url\":\"https:\/\/kunmedierne.dk\/mors\/wp-content\/uploads\/2024\/08\/kunmors-logo.svg\",\"contentUrl\":\"https:\/\/kunmedierne.dk\/mors\/wp-content\/uploads\/2024\/08\/kunmors-logo.svg\",\"caption\":\"Mors\"},\"image\":{\"@id\":\"https:\/\/kunmedierne.dk\/mors\/#\/schema\/logo\/image\/\"}},{\"@type\":\"Person\",\"@id\":\"https:\/\/kunmedierne.dk\/mors\/#\/schema\/person\/5fe23251bf1d0abbcdc6f7896579d548\",\"name\":\"David H\u00f8jmark\",\"image\":{\"@type\":\"ImageObject\",\"inLanguage\":\"da-DK\",\"@id\":\"https:\/\/kunmedierne.dk\/mors\/#\/schema\/person\/image\/\",\"url\":\"https:\/\/secure.gravatar.com\/avatar\/4315d6fb9ef244d729989f5f90268eb08d5bf8a3d84402f595fa194bb35784fd?s=96&d=mm&r=g\",\"contentUrl\":\"https:\/\/secure.gravatar.com\/avatar\/4315d6fb9ef244d729989f5f90268eb08d5bf8a3d84402f595fa194bb35784fd?s=96&d=mm&r=g\",\"caption\":\"David H\u00f8jmark\"},\"sameAs\":[\"https:\/\/www.kunmedierne.dk\"],\"url\":\"https:\/\/kunmedierne.dk\/mors\/author\/david\/\"}]}<\/script>\n<!-- \/ Yoast SEO plugin. -->","yoast_head_json":{"title":"Kulturm\u00f8det er yngre end nogensinde - Mors","robots":{"index":"index","follow":"follow","max-snippet":"max-snippet:-1","max-image-preview":"max-image-preview:large","max-video-preview":"max-video-preview:-1"},"canonical":"https:\/\/kunmedierne.dk\/mors\/kulturmoedet-er-yngre-end-nogensinde\/","og_locale":"da_DK","og_type":"article","og_title":"Kulturm\u00f8det er yngre end nogensinde - Mors","og_description":"MORS: Hvis du fornemmer, at Kulturm\u00f8det Mors er yngre, end det plejer at v\u00e6re, har det sin logiske \u00e5rsag. For det n\u00e6sten vrimler med unge fra hele landet p\u00e5 Ung Kult-omr\u00e5det. Omr\u00e5det, der tidligere var en satellit, men som nu er en integreret del af Kulturm\u00f8det. Torsdag aften var 1000 p\u00e5 plads, da den musikalske [&hellip;]","og_url":"https:\/\/kunmedierne.dk\/mors\/kulturmoedet-er-yngre-end-nogensinde\/","og_site_name":"Mors","article_published_time":"2022-08-27T10:46:33+00:00","article_modified_time":"2024-08-12T11:27:30+00:00","og_image":[{"width":770,"height":513,"url":"https:\/\/kunmedierne.dk\/mors\/wp-content\/uploads\/2022\/08\/IMG_0295.jpg","type":"image\/jpeg"}],"author":"David H\u00f8jmark","twitter_card":"summary_large_image","twitter_misc":{"Skrevet af":"David H\u00f8jmark","Estimeret l\u00e6setid":"5 minutter"},"schema":{"@context":"https:\/\/schema.org","@graph":[{"@type":"Article","@id":"https:\/\/kunmedierne.dk\/mors\/kulturmoedet-er-yngre-end-nogensinde\/#article","isPartOf":{"@id":"https:\/\/kunmedierne.dk\/mors\/kulturmoedet-er-yngre-end-nogensinde\/"},"author":{"name":"David H\u00f8jmark","@id":"https:\/\/kunmedierne.dk\/mors\/#\/schema\/person\/5fe23251bf1d0abbcdc6f7896579d548"},"headline":"Kulturm\u00f8det er yngre end nogensinde","datePublished":"2022-08-27T10:46:33+00:00","dateModified":"2024-08-12T11:27:30+00:00","mainEntityOfPage":{"@id":"https:\/\/kunmedierne.dk\/mors\/kulturmoedet-er-yngre-end-nogensinde\/"},"wordCount":906,"publisher":{"@id":"https:\/\/kunmedierne.dk\/mors\/#organization"},"image":{"@id":"https:\/\/kunmedierne.dk\/mors\/kulturmoedet-er-yngre-end-nogensinde\/#primaryimage"},"thumbnailUrl":"https:\/\/kunmedierne.dk\/mors\/wp-content\/uploads\/2022\/08\/IMG_0295.jpg","keywords":["Kulturm\u00f8det"],"articleSection":["Kultur"],"inLanguage":"da-DK"},{"@type":"WebPage","@id":"https:\/\/kunmedierne.dk\/mors\/kulturmoedet-er-yngre-end-nogensinde\/","url":"https:\/\/kunmedierne.dk\/mors\/kulturmoedet-er-yngre-end-nogensinde\/","name":"Kulturm\u00f8det er yngre end nogensinde - Mors","isPartOf":{"@id":"https:\/\/kunmedierne.dk\/mors\/#website"},"primaryImageOfPage":{"@id":"https:\/\/kunmedierne.dk\/mors\/kulturmoedet-er-yngre-end-nogensinde\/#primaryimage"},"image":{"@id":"https:\/\/kunmedierne.dk\/mors\/kulturmoedet-er-yngre-end-nogensinde\/#primaryimage"},"thumbnailUrl":"https:\/\/kunmedierne.dk\/mors\/wp-content\/uploads\/2022\/08\/IMG_0295.jpg","datePublished":"2022-08-27T10:46:33+00:00","dateModified":"2024-08-12T11:27:30+00:00","breadcrumb":{"@id":"https:\/\/kunmedierne.dk\/mors\/kulturmoedet-er-yngre-end-nogensinde\/#breadcrumb"},"inLanguage":"da-DK","potentialAction":[{"@type":"ReadAction","target":["https:\/\/kunmedierne.dk\/mors\/kulturmoedet-er-yngre-end-nogensinde\/"]}]},{"@type":"ImageObject","inLanguage":"da-DK","@id":"https:\/\/kunmedierne.dk\/mors\/kulturmoedet-er-yngre-end-nogensinde\/#primaryimage","url":"https:\/\/kunmedierne.dk\/mors\/wp-content\/uploads\/2022\/08\/IMG_0295.jpg","contentUrl":"https:\/\/kunmedierne.dk\/mors\/wp-content\/uploads\/2022\/08\/IMG_0295.jpg","width":770,"height":513,"caption":"Evian Lypart (tv.) og Laura Pilgaard Christensen."},{"@type":"BreadcrumbList","@id":"https:\/\/kunmedierne.dk\/mors\/kulturmoedet-er-yngre-end-nogensinde\/#breadcrumb","itemListElement":[{"@type":"ListItem","position":1,"name":"Hjem","item":"https:\/\/kunmedierne.dk\/mors\/"},{"@type":"ListItem","position":2,"name":"Kulturm\u00f8det er yngre end nogensinde"}]},{"@type":"WebSite","@id":"https:\/\/kunmedierne.dk\/mors\/#website","url":"https:\/\/kunmedierne.dk\/mors\/","name":"Mors","description":"et netmedie med journalistik om livet p\u00e5 Mors","publisher":{"@id":"https:\/\/kunmedierne.dk\/mors\/#organization"},"potentialAction":[{"@type":"SearchAction","target":{"@type":"EntryPoint","urlTemplate":"https:\/\/kunmedierne.dk\/mors\/?s={search_term_string}"},"query-input":{"@type":"PropertyValueSpecification","valueRequired":true,"valueName":"search_term_string"}}],"inLanguage":"da-DK"},{"@type":"Organization","@id":"https:\/\/kunmedierne.dk\/mors\/#organization","name":"Mors","url":"https:\/\/kunmedierne.dk\/mors\/","logo":{"@type":"ImageObject","inLanguage":"da-DK","@id":"https:\/\/kunmedierne.dk\/mors\/#\/schema\/logo\/image\/","url":"https:\/\/kunmedierne.dk\/mors\/wp-content\/uploads\/2024\/08\/kunmors-logo.svg","contentUrl":"https:\/\/kunmedierne.dk\/mors\/wp-content\/uploads\/2024\/08\/kunmors-logo.svg","caption":"Mors"},"image":{"@id":"https:\/\/kunmedierne.dk\/mors\/#\/schema\/logo\/image\/"}},{"@type":"Person","@id":"https:\/\/kunmedierne.dk\/mors\/#\/schema\/person\/5fe23251bf1d0abbcdc6f7896579d548","name":"David H\u00f8jmark","image":{"@type":"ImageObject","inLanguage":"da-DK","@id":"https:\/\/kunmedierne.dk\/mors\/#\/schema\/person\/image\/","url":"https:\/\/secure.gravatar.com\/avatar\/4315d6fb9ef244d729989f5f90268eb08d5bf8a3d84402f595fa194bb35784fd?s=96&d=mm&r=g","contentUrl":"https:\/\/secure.gravatar.com\/avatar\/4315d6fb9ef244d729989f5f90268eb08d5bf8a3d84402f595fa194bb35784fd?s=96&d=mm&r=g","caption":"David H\u00f8jmark"},"sameAs":["https:\/\/www.kunmedierne.dk"],"url":"https:\/\/kunmedierne.dk\/mors\/author\/david\/"}]}},"_links":{"self":[{"href":"https:\/\/kunmedierne.dk\/mors\/wp-json\/wp\/v2\/posts\/76543","targetHints":{"allow":["GET"]}}],"collection":[{"href":"https:\/\/kunmedierne.dk\/mors\/wp-json\/wp\/v2\/posts"}],"about":[{"href":"https:\/\/kunmedierne.dk\/mors\/wp-json\/wp\/v2\/types\/post"}],"author":[{"embeddable":true,"href":"https:\/\/kunmedierne.dk\/mors\/wp-json\/wp\/v2\/users\/8"}],"replies":[{"embeddable":true,"href":"https:\/\/kunmedierne.dk\/mors\/wp-json\/wp\/v2\/comments?post=76543"}],"version-history":[{"count":24,"href":"https:\/\/kunmedierne.dk\/mors\/wp-json\/wp\/v2\/posts\/76543\/revisions"}],"predecessor-version":[{"id":76597,"href":"https:\/\/kunmedierne.dk\/mors\/wp-json\/wp\/v2\/posts\/76543\/revisions\/76597"}],"wp:featuredmedia":[{"embeddable":true,"href":"https:\/\/kunmedierne.dk\/mors\/wp-json\/wp\/v2\/media\/76544"}],"wp:attachment":[{"href":"https:\/\/kunmedierne.dk\/mors\/wp-json\/wp\/v2\/media?parent=76543"}],"wp:term":[{"taxonomy":"category","embeddable":true,"href":"https:\/\/kunmedierne.dk\/mors\/wp-json\/wp\/v2\/categories?post=76543"},{"taxonomy":"post_tag","embeddable":true,"href":"https:\/\/kunmedierne.dk\/mors\/wp-json\/wp\/v2\/tags?post=76543"}],"curies":[{"name":"wp","href":"https:\/\/api.w.org\/{rel}","templated":true}]}}