{"id":76534,"date":"2022-08-27T11:36:32","date_gmt":"2022-08-27T09:36:32","guid":{"rendered":"https:\/\/kunmedierne.dk\/mors\/?p=76534"},"modified":"2024-08-12T13:27:30","modified_gmt":"2024-08-12T11:27:30","slug":"kulturmoedet-vrider-kludene-efter-skybrud","status":"publish","type":"post","link":"https:\/\/kunmedierne.dk\/mors\/kulturmoedet-vrider-kludene-efter-skybrud\/","title":{"rendered":"Kulturm\u00f8det vrider kludene efter skybrud"},"content":{"rendered":"<p><strong>MORS<\/strong>: Det var selvf\u00f8lgelig ikke lige det, man havde h\u00e5bet p\u00e5, men omvendt var fredagens regnskyl til at komme over.<\/p>\n<p>S\u00e5dan er stemningen l\u00f8rdag formiddag i Nyk\u00f8bing, hvor frivillige er p\u00e5 spring for at g\u00f8re klar til en ny dag i Kulturm\u00f8det Mors.<\/p>\n<p>&#8220;Vi har ryddet op i en god time, og nu skal vi videre om i Klosterparken,&#8221; lyder det lidt efter klokken ni fra Anny og Lis, to af de frivillige i h\u00e6ren, der f\u00e5r det hele til at fungere, s\u00e5 de mange tusinde g\u00e6ster ogs\u00e5 f\u00e5r en god l\u00f8rdag.<\/p>\n<p>Som de havde det fredag.<\/p>\n<p>&#8220;Der er kommet en del vand, men nu er det fint,&#8221; siger de, mens de vrider klude og t\u00f8rrer stole og borde af p\u00e5 Kulturvejen.<\/p>\n<a class=\"dvrt-link\" onClick=\"cdmtrack_click(104783,jQuery(this));return false\" href=\"https:\/\/konpap.dk\/\"><img decoding=\"async\" style=\"width:100%;\" src=\"https:\/\/kunmedierne.dk\/mors\/wp-content\/uploads\/2023\/10\/Kun-Mors-banner.jpg\"><\/a><script>cdmtrack_view(104783);<\/script>\n<p>Her b\u00e6rer den tidlige formiddag pr\u00e6g af de mange dr\u00e5ber vand, der kom i g\u00e5r. Ikke alle vandpytter er t\u00f8rret ud, og fugten sidder stadig i jorden.<\/p>\n<p>Men stemningen er opl\u00f8ftet &#8211; ogs\u00e5 blandt dem, der er p\u00e5 arbejde.<\/p>\n<p>Det er Palle Graff Mouritsen for TV Midtvest. Han melder om en fredag, der \u00e6ndrede sig med skybruddet &#8211; ogs\u00e5 under teltdugen hos den regionale tv-station.<\/p>\n<p>&#8220;Der var &#8216;crowded&#8217; p\u00e5 et tidspunkt,&#8221; siger han med et grin.<\/p>\n<p>&#8220;Det begyndte f\u00f8rst at dryppe, og lige pludselig kom der vand. S\u00e5 s\u00f8gte folk hen, hvor der var t\u00f8rt,&#8221; siger han.<\/p>\n<a class=\"dvrt-link\" onClick=\"cdmtrack_click(104779,jQuery(this));return false\" href=\"https:\/\/morsoe-begravelsesforretning.dk\/\"><img decoding=\"async\" style=\"width:100%;\" src=\"https:\/\/kunmedierne.dk\/mors\/wp-content\/uploads\/2023\/11\/251215-morsoe-begravelsesforretning.jpg\"><\/a><script>cdmtrack_view(104779);<\/script>\n<p>At Kulturm\u00f8det Mors er tilbage i sin helt \u00e5bne form, kan ogs\u00e5 ses p\u00e5 programfladen hos TV Midtvest, der med flere end 20 ansatte p\u00e5 opgaven satser h\u00e5rdt p\u00e5 d\u00e6kningen.<\/p>\n<p>&#8220;Vi har aldrig v\u00e6ret s\u00e5 mange, og vi har ogs\u00e5 otte-ti biler. Det er det st\u00f8rste, vi kommer til at lave i \u00e5r,&#8221; siger Palle Graff Mouritsen.<\/p>\n<p>&nbsp;<\/p>\n<p><strong>Regnvejr gav hyggestemning<\/strong><\/p>\n<p>I Ung Kult Camp er man ogs\u00e5 ved at g\u00f8re klar oven p\u00e5 en lang og &#8211; i en periode &#8211; v\u00e5d dag.<\/p>\n<p>Skybruddet tog dog ikke noget af begejstringen, lyder meldingen fra en af de frivillige.<\/p>\n<a class=\"dvrt-link\" onClick=\"cdmtrack_click(114591,jQuery(this));return false\" href=\"https:\/\/www.facebook.com\/kopogkandemors\"><img decoding=\"async\" style=\"width:100%;\" src=\"https:\/\/kunmedierne.dk\/mors\/wp-content\/uploads\/2024\/03\/kop-og-kande-ja-tak-tilbud.jpg\"><\/a><script>cdmtrack_view(114591);<\/script>\n<p>&#8220;Jeg stod i baren, da det skete. Det var hyggeligt, for folk kom bare herind og snakkede og hyggede sig sammen,&#8221; fort\u00e6ller Laura Pilgaard Christensen, der sammen med Evian Lypart har taget hul p\u00e5 de f\u00f8rste opgaver.<\/p>\n<p>&#8220;Og heldigvis holdt alle teltene. Det var rart, for s\u00e5 kunne vi st\u00e5 i t\u00f8rvejr,&#8221; tilf\u00f8jer Laura.<\/p>\n<div id=\"attachment_76540\" style=\"width: 780px\" class=\"wp-caption alignleft\"><img loading=\"lazy\" decoding=\"async\" aria-describedby=\"caption-attachment-76540\" class=\"size-full wp-image-76540\" src=\"https:\/\/kunmedierne.dk\/mors\/wp-content\/uploads\/2022\/08\/IMG_0279.jpg\" alt=\"\" width=\"770\" height=\"513\" srcset=\"https:\/\/kunmedierne.dk\/mors\/wp-content\/uploads\/2022\/08\/IMG_0279.jpg 770w, https:\/\/kunmedierne.dk\/mors\/wp-content\/uploads\/2022\/08\/IMG_0279-300x200.jpg 300w, https:\/\/kunmedierne.dk\/mors\/wp-content\/uploads\/2022\/08\/IMG_0279-768x512.jpg 768w, https:\/\/kunmedierne.dk\/mors\/wp-content\/uploads\/2022\/08\/IMG_0279-360x240.jpg 360w, https:\/\/kunmedierne.dk\/mors\/wp-content\/uploads\/2022\/08\/IMG_0279-600x400.jpg 600w\" sizes=\"auto, (max-width: 770px) 100vw, 770px\" \/><p id=\"caption-attachment-76540\" class=\"wp-caption-text\">Palle Graff Mouritsen, TV Midtvest.<\/p><\/div>\n<a class=\"dvrt-link\" onClick=\"cdmtrack_click(104787,jQuery(this));return false\" href=\"https:\/\/www.jyskebank.dk\/kontakt\/afdelingsinfo?departmentid=11890\"><img decoding=\"async\" style=\"width:100%;\" src=\"https:\/\/kunmedierne.dk\/mors\/wp-content\/uploads\/2023\/10\/260325JyskeBankMorsNy-1.jpg\"><\/a><script>cdmtrack_view(104787);<\/script>\n<div id=\"attachment_76541\" style=\"width: 780px\" class=\"wp-caption alignleft\"><img loading=\"lazy\" decoding=\"async\" aria-describedby=\"caption-attachment-76541\" class=\"size-full wp-image-76541\" src=\"https:\/\/kunmedierne.dk\/mors\/wp-content\/uploads\/2022\/08\/IMG_0300.jpg\" alt=\"\" width=\"770\" height=\"513\" srcset=\"https:\/\/kunmedierne.dk\/mors\/wp-content\/uploads\/2022\/08\/IMG_0300.jpg 770w, https:\/\/kunmedierne.dk\/mors\/wp-content\/uploads\/2022\/08\/IMG_0300-300x200.jpg 300w, https:\/\/kunmedierne.dk\/mors\/wp-content\/uploads\/2022\/08\/IMG_0300-768x512.jpg 768w, https:\/\/kunmedierne.dk\/mors\/wp-content\/uploads\/2022\/08\/IMG_0300-360x240.jpg 360w, https:\/\/kunmedierne.dk\/mors\/wp-content\/uploads\/2022\/08\/IMG_0300-600x400.jpg 600w\" sizes=\"auto, (max-width: 770px) 100vw, 770px\" \/><p id=\"caption-attachment-76541\" class=\"wp-caption-text\">Laura (th.) og Evian var klar til en ny dag som frivillige p\u00e5 Kulturm\u00f8dets ungeomr\u00e5de.<\/p><\/div>\n<a class=\"dvrt-link\" onClick=\"cdmtrack_click(104779,jQuery(this));return false\" href=\"https:\/\/morsoe-begravelsesforretning.dk\/\"><img decoding=\"async\" style=\"width:100%;\" src=\"https:\/\/kunmedierne.dk\/mors\/wp-content\/uploads\/2023\/11\/251215-morsoe-begravelsesforretning.jpg\"><\/a><script>cdmtrack_view(104779);<\/script>\n","protected":false},"excerpt":{"rendered":"<p>MORS: Det var selvf\u00f8lgelig ikke lige det, man havde h\u00e5bet p\u00e5, men omvendt var fredagens regnskyl til at komme over. S\u00e5dan er stemningen l\u00f8rdag formiddag i Nyk\u00f8bing, hvor frivillige er p\u00e5 spring for at g\u00f8re klar til en ny dag i Kulturm\u00f8det Mors. &#8220;Vi har ryddet op i en god time, og nu skal vi [&hellip;]<\/p>\n","protected":false},"author":8,"featured_media":76539,"comment_status":"closed","ping_status":"open","sticky":false,"template":"","format":"standard","meta":{"_acf_changed":false,"footnotes":""},"categories":[49],"tags":[162],"class_list":["post-76534","post","type-post","status-publish","format-standard","has-post-thumbnail","hentry","category-kultur","tag-kulturmoedet"],"acf":[],"yoast_head":"<!-- This site is optimized with the Yoast SEO plugin v26.8 - https:\/\/yoast.com\/product\/yoast-seo-wordpress\/ -->\n<title>Kulturm\u00f8det vrider kludene efter skybrud - Mors<\/title>\n<meta name=\"robots\" content=\"index, follow, max-snippet:-1, max-image-preview:large, max-video-preview:-1\" \/>\n<link rel=\"canonical\" href=\"https:\/\/kunmedierne.dk\/mors\/kulturmoedet-vrider-kludene-efter-skybrud\/\" \/>\n<meta property=\"og:locale\" content=\"da_DK\" \/>\n<meta property=\"og:type\" content=\"article\" \/>\n<meta property=\"og:title\" content=\"Kulturm\u00f8det vrider kludene efter skybrud - Mors\" \/>\n<meta property=\"og:description\" content=\"MORS: Det var selvf\u00f8lgelig ikke lige det, man havde h\u00e5bet p\u00e5, men omvendt var fredagens regnskyl til at komme over. S\u00e5dan er stemningen l\u00f8rdag formiddag i Nyk\u00f8bing, hvor frivillige er p\u00e5 spring for at g\u00f8re klar til en ny dag i Kulturm\u00f8det Mors. &#8220;Vi har ryddet op i en god time, og nu skal vi [&hellip;]\" \/>\n<meta property=\"og:url\" content=\"https:\/\/kunmedierne.dk\/mors\/kulturmoedet-vrider-kludene-efter-skybrud\/\" \/>\n<meta property=\"og:site_name\" content=\"Mors\" \/>\n<meta property=\"article:published_time\" content=\"2022-08-27T09:36:32+00:00\" \/>\n<meta property=\"article:modified_time\" content=\"2024-08-12T11:27:30+00:00\" \/>\n<meta property=\"og:image\" content=\"https:\/\/kunmedierne.dk\/mors\/wp-content\/uploads\/2022\/08\/IMG_0269.jpg\" \/>\n\t<meta property=\"og:image:width\" content=\"770\" \/>\n\t<meta property=\"og:image:height\" content=\"520\" \/>\n\t<meta property=\"og:image:type\" content=\"image\/jpeg\" \/>\n<meta name=\"author\" content=\"David H\u00f8jmark\" \/>\n<meta name=\"twitter:card\" content=\"summary_large_image\" \/>\n<meta name=\"twitter:label1\" content=\"Skrevet af\" \/>\n\t<meta name=\"twitter:data1\" content=\"David H\u00f8jmark\" \/>\n\t<meta name=\"twitter:label2\" content=\"Estimeret l\u00e6setid\" \/>\n\t<meta name=\"twitter:data2\" content=\"2 minutter\" \/>\n<script type=\"application\/ld+json\" class=\"yoast-schema-graph\">{\"@context\":\"https:\/\/schema.org\",\"@graph\":[{\"@type\":\"Article\",\"@id\":\"https:\/\/kunmedierne.dk\/mors\/kulturmoedet-vrider-kludene-efter-skybrud\/#article\",\"isPartOf\":{\"@id\":\"https:\/\/kunmedierne.dk\/mors\/kulturmoedet-vrider-kludene-efter-skybrud\/\"},\"author\":{\"name\":\"David H\u00f8jmark\",\"@id\":\"https:\/\/kunmedierne.dk\/mors\/#\/schema\/person\/5fe23251bf1d0abbcdc6f7896579d548\"},\"headline\":\"Kulturm\u00f8det vrider kludene efter skybrud\",\"datePublished\":\"2022-08-27T09:36:32+00:00\",\"dateModified\":\"2024-08-12T11:27:30+00:00\",\"mainEntityOfPage\":{\"@id\":\"https:\/\/kunmedierne.dk\/mors\/kulturmoedet-vrider-kludene-efter-skybrud\/\"},\"wordCount\":455,\"publisher\":{\"@id\":\"https:\/\/kunmedierne.dk\/mors\/#organization\"},\"image\":{\"@id\":\"https:\/\/kunmedierne.dk\/mors\/kulturmoedet-vrider-kludene-efter-skybrud\/#primaryimage\"},\"thumbnailUrl\":\"https:\/\/kunmedierne.dk\/mors\/wp-content\/uploads\/2022\/08\/IMG_0269.jpg\",\"keywords\":[\"Kulturm\u00f8det\"],\"articleSection\":[\"Kultur\"],\"inLanguage\":\"da-DK\"},{\"@type\":\"WebPage\",\"@id\":\"https:\/\/kunmedierne.dk\/mors\/kulturmoedet-vrider-kludene-efter-skybrud\/\",\"url\":\"https:\/\/kunmedierne.dk\/mors\/kulturmoedet-vrider-kludene-efter-skybrud\/\",\"name\":\"Kulturm\u00f8det vrider kludene efter skybrud - Mors\",\"isPartOf\":{\"@id\":\"https:\/\/kunmedierne.dk\/mors\/#website\"},\"primaryImageOfPage\":{\"@id\":\"https:\/\/kunmedierne.dk\/mors\/kulturmoedet-vrider-kludene-efter-skybrud\/#primaryimage\"},\"image\":{\"@id\":\"https:\/\/kunmedierne.dk\/mors\/kulturmoedet-vrider-kludene-efter-skybrud\/#primaryimage\"},\"thumbnailUrl\":\"https:\/\/kunmedierne.dk\/mors\/wp-content\/uploads\/2022\/08\/IMG_0269.jpg\",\"datePublished\":\"2022-08-27T09:36:32+00:00\",\"dateModified\":\"2024-08-12T11:27:30+00:00\",\"breadcrumb\":{\"@id\":\"https:\/\/kunmedierne.dk\/mors\/kulturmoedet-vrider-kludene-efter-skybrud\/#breadcrumb\"},\"inLanguage\":\"da-DK\",\"potentialAction\":[{\"@type\":\"ReadAction\",\"target\":[\"https:\/\/kunmedierne.dk\/mors\/kulturmoedet-vrider-kludene-efter-skybrud\/\"]}]},{\"@type\":\"ImageObject\",\"inLanguage\":\"da-DK\",\"@id\":\"https:\/\/kunmedierne.dk\/mors\/kulturmoedet-vrider-kludene-efter-skybrud\/#primaryimage\",\"url\":\"https:\/\/kunmedierne.dk\/mors\/wp-content\/uploads\/2022\/08\/IMG_0269.jpg\",\"contentUrl\":\"https:\/\/kunmedierne.dk\/mors\/wp-content\/uploads\/2022\/08\/IMG_0269.jpg\",\"width\":770,\"height\":520,\"caption\":\"L\u00f8rdagen begyndte med oprydning efter fredagens regnskyl.\"},{\"@type\":\"BreadcrumbList\",\"@id\":\"https:\/\/kunmedierne.dk\/mors\/kulturmoedet-vrider-kludene-efter-skybrud\/#breadcrumb\",\"itemListElement\":[{\"@type\":\"ListItem\",\"position\":1,\"name\":\"Hjem\",\"item\":\"https:\/\/kunmedierne.dk\/mors\/\"},{\"@type\":\"ListItem\",\"position\":2,\"name\":\"Kulturm\u00f8det vrider kludene efter skybrud\"}]},{\"@type\":\"WebSite\",\"@id\":\"https:\/\/kunmedierne.dk\/mors\/#website\",\"url\":\"https:\/\/kunmedierne.dk\/mors\/\",\"name\":\"Mors\",\"description\":\"et netmedie med journalistik om livet p\u00e5 Mors\",\"publisher\":{\"@id\":\"https:\/\/kunmedierne.dk\/mors\/#organization\"},\"potentialAction\":[{\"@type\":\"SearchAction\",\"target\":{\"@type\":\"EntryPoint\",\"urlTemplate\":\"https:\/\/kunmedierne.dk\/mors\/?s={search_term_string}\"},\"query-input\":{\"@type\":\"PropertyValueSpecification\",\"valueRequired\":true,\"valueName\":\"search_term_string\"}}],\"inLanguage\":\"da-DK\"},{\"@type\":\"Organization\",\"@id\":\"https:\/\/kunmedierne.dk\/mors\/#organization\",\"name\":\"Mors\",\"url\":\"https:\/\/kunmedierne.dk\/mors\/\",\"logo\":{\"@type\":\"ImageObject\",\"inLanguage\":\"da-DK\",\"@id\":\"https:\/\/kunmedierne.dk\/mors\/#\/schema\/logo\/image\/\",\"url\":\"https:\/\/kunmedierne.dk\/mors\/wp-content\/uploads\/2024\/08\/kunmors-logo.svg\",\"contentUrl\":\"https:\/\/kunmedierne.dk\/mors\/wp-content\/uploads\/2024\/08\/kunmors-logo.svg\",\"caption\":\"Mors\"},\"image\":{\"@id\":\"https:\/\/kunmedierne.dk\/mors\/#\/schema\/logo\/image\/\"}},{\"@type\":\"Person\",\"@id\":\"https:\/\/kunmedierne.dk\/mors\/#\/schema\/person\/5fe23251bf1d0abbcdc6f7896579d548\",\"name\":\"David H\u00f8jmark\",\"image\":{\"@type\":\"ImageObject\",\"inLanguage\":\"da-DK\",\"@id\":\"https:\/\/kunmedierne.dk\/mors\/#\/schema\/person\/image\/\",\"url\":\"https:\/\/secure.gravatar.com\/avatar\/4315d6fb9ef244d729989f5f90268eb08d5bf8a3d84402f595fa194bb35784fd?s=96&d=mm&r=g\",\"contentUrl\":\"https:\/\/secure.gravatar.com\/avatar\/4315d6fb9ef244d729989f5f90268eb08d5bf8a3d84402f595fa194bb35784fd?s=96&d=mm&r=g\",\"caption\":\"David H\u00f8jmark\"},\"sameAs\":[\"https:\/\/www.kunmedierne.dk\"],\"url\":\"https:\/\/kunmedierne.dk\/mors\/author\/david\/\"}]}<\/script>\n<!-- \/ Yoast SEO plugin. -->","yoast_head_json":{"title":"Kulturm\u00f8det vrider kludene efter skybrud - Mors","robots":{"index":"index","follow":"follow","max-snippet":"max-snippet:-1","max-image-preview":"max-image-preview:large","max-video-preview":"max-video-preview:-1"},"canonical":"https:\/\/kunmedierne.dk\/mors\/kulturmoedet-vrider-kludene-efter-skybrud\/","og_locale":"da_DK","og_type":"article","og_title":"Kulturm\u00f8det vrider kludene efter skybrud - Mors","og_description":"MORS: Det var selvf\u00f8lgelig ikke lige det, man havde h\u00e5bet p\u00e5, men omvendt var fredagens regnskyl til at komme over. S\u00e5dan er stemningen l\u00f8rdag formiddag i Nyk\u00f8bing, hvor frivillige er p\u00e5 spring for at g\u00f8re klar til en ny dag i Kulturm\u00f8det Mors. &#8220;Vi har ryddet op i en god time, og nu skal vi [&hellip;]","og_url":"https:\/\/kunmedierne.dk\/mors\/kulturmoedet-vrider-kludene-efter-skybrud\/","og_site_name":"Mors","article_published_time":"2022-08-27T09:36:32+00:00","article_modified_time":"2024-08-12T11:27:30+00:00","og_image":[{"width":770,"height":520,"url":"https:\/\/kunmedierne.dk\/mors\/wp-content\/uploads\/2022\/08\/IMG_0269.jpg","type":"image\/jpeg"}],"author":"David H\u00f8jmark","twitter_card":"summary_large_image","twitter_misc":{"Skrevet af":"David H\u00f8jmark","Estimeret l\u00e6setid":"2 minutter"},"schema":{"@context":"https:\/\/schema.org","@graph":[{"@type":"Article","@id":"https:\/\/kunmedierne.dk\/mors\/kulturmoedet-vrider-kludene-efter-skybrud\/#article","isPartOf":{"@id":"https:\/\/kunmedierne.dk\/mors\/kulturmoedet-vrider-kludene-efter-skybrud\/"},"author":{"name":"David H\u00f8jmark","@id":"https:\/\/kunmedierne.dk\/mors\/#\/schema\/person\/5fe23251bf1d0abbcdc6f7896579d548"},"headline":"Kulturm\u00f8det vrider kludene efter skybrud","datePublished":"2022-08-27T09:36:32+00:00","dateModified":"2024-08-12T11:27:30+00:00","mainEntityOfPage":{"@id":"https:\/\/kunmedierne.dk\/mors\/kulturmoedet-vrider-kludene-efter-skybrud\/"},"wordCount":455,"publisher":{"@id":"https:\/\/kunmedierne.dk\/mors\/#organization"},"image":{"@id":"https:\/\/kunmedierne.dk\/mors\/kulturmoedet-vrider-kludene-efter-skybrud\/#primaryimage"},"thumbnailUrl":"https:\/\/kunmedierne.dk\/mors\/wp-content\/uploads\/2022\/08\/IMG_0269.jpg","keywords":["Kulturm\u00f8det"],"articleSection":["Kultur"],"inLanguage":"da-DK"},{"@type":"WebPage","@id":"https:\/\/kunmedierne.dk\/mors\/kulturmoedet-vrider-kludene-efter-skybrud\/","url":"https:\/\/kunmedierne.dk\/mors\/kulturmoedet-vrider-kludene-efter-skybrud\/","name":"Kulturm\u00f8det vrider kludene efter skybrud - Mors","isPartOf":{"@id":"https:\/\/kunmedierne.dk\/mors\/#website"},"primaryImageOfPage":{"@id":"https:\/\/kunmedierne.dk\/mors\/kulturmoedet-vrider-kludene-efter-skybrud\/#primaryimage"},"image":{"@id":"https:\/\/kunmedierne.dk\/mors\/kulturmoedet-vrider-kludene-efter-skybrud\/#primaryimage"},"thumbnailUrl":"https:\/\/kunmedierne.dk\/mors\/wp-content\/uploads\/2022\/08\/IMG_0269.jpg","datePublished":"2022-08-27T09:36:32+00:00","dateModified":"2024-08-12T11:27:30+00:00","breadcrumb":{"@id":"https:\/\/kunmedierne.dk\/mors\/kulturmoedet-vrider-kludene-efter-skybrud\/#breadcrumb"},"inLanguage":"da-DK","potentialAction":[{"@type":"ReadAction","target":["https:\/\/kunmedierne.dk\/mors\/kulturmoedet-vrider-kludene-efter-skybrud\/"]}]},{"@type":"ImageObject","inLanguage":"da-DK","@id":"https:\/\/kunmedierne.dk\/mors\/kulturmoedet-vrider-kludene-efter-skybrud\/#primaryimage","url":"https:\/\/kunmedierne.dk\/mors\/wp-content\/uploads\/2022\/08\/IMG_0269.jpg","contentUrl":"https:\/\/kunmedierne.dk\/mors\/wp-content\/uploads\/2022\/08\/IMG_0269.jpg","width":770,"height":520,"caption":"L\u00f8rdagen begyndte med oprydning efter fredagens regnskyl."},{"@type":"BreadcrumbList","@id":"https:\/\/kunmedierne.dk\/mors\/kulturmoedet-vrider-kludene-efter-skybrud\/#breadcrumb","itemListElement":[{"@type":"ListItem","position":1,"name":"Hjem","item":"https:\/\/kunmedierne.dk\/mors\/"},{"@type":"ListItem","position":2,"name":"Kulturm\u00f8det vrider kludene efter skybrud"}]},{"@type":"WebSite","@id":"https:\/\/kunmedierne.dk\/mors\/#website","url":"https:\/\/kunmedierne.dk\/mors\/","name":"Mors","description":"et netmedie med journalistik om livet p\u00e5 Mors","publisher":{"@id":"https:\/\/kunmedierne.dk\/mors\/#organization"},"potentialAction":[{"@type":"SearchAction","target":{"@type":"EntryPoint","urlTemplate":"https:\/\/kunmedierne.dk\/mors\/?s={search_term_string}"},"query-input":{"@type":"PropertyValueSpecification","valueRequired":true,"valueName":"search_term_string"}}],"inLanguage":"da-DK"},{"@type":"Organization","@id":"https:\/\/kunmedierne.dk\/mors\/#organization","name":"Mors","url":"https:\/\/kunmedierne.dk\/mors\/","logo":{"@type":"ImageObject","inLanguage":"da-DK","@id":"https:\/\/kunmedierne.dk\/mors\/#\/schema\/logo\/image\/","url":"https:\/\/kunmedierne.dk\/mors\/wp-content\/uploads\/2024\/08\/kunmors-logo.svg","contentUrl":"https:\/\/kunmedierne.dk\/mors\/wp-content\/uploads\/2024\/08\/kunmors-logo.svg","caption":"Mors"},"image":{"@id":"https:\/\/kunmedierne.dk\/mors\/#\/schema\/logo\/image\/"}},{"@type":"Person","@id":"https:\/\/kunmedierne.dk\/mors\/#\/schema\/person\/5fe23251bf1d0abbcdc6f7896579d548","name":"David H\u00f8jmark","image":{"@type":"ImageObject","inLanguage":"da-DK","@id":"https:\/\/kunmedierne.dk\/mors\/#\/schema\/person\/image\/","url":"https:\/\/secure.gravatar.com\/avatar\/4315d6fb9ef244d729989f5f90268eb08d5bf8a3d84402f595fa194bb35784fd?s=96&d=mm&r=g","contentUrl":"https:\/\/secure.gravatar.com\/avatar\/4315d6fb9ef244d729989f5f90268eb08d5bf8a3d84402f595fa194bb35784fd?s=96&d=mm&r=g","caption":"David H\u00f8jmark"},"sameAs":["https:\/\/www.kunmedierne.dk"],"url":"https:\/\/kunmedierne.dk\/mors\/author\/david\/"}]}},"_links":{"self":[{"href":"https:\/\/kunmedierne.dk\/mors\/wp-json\/wp\/v2\/posts\/76534","targetHints":{"allow":["GET"]}}],"collection":[{"href":"https:\/\/kunmedierne.dk\/mors\/wp-json\/wp\/v2\/posts"}],"about":[{"href":"https:\/\/kunmedierne.dk\/mors\/wp-json\/wp\/v2\/types\/post"}],"author":[{"embeddable":true,"href":"https:\/\/kunmedierne.dk\/mors\/wp-json\/wp\/v2\/users\/8"}],"replies":[{"embeddable":true,"href":"https:\/\/kunmedierne.dk\/mors\/wp-json\/wp\/v2\/comments?post=76534"}],"version-history":[{"count":7,"href":"https:\/\/kunmedierne.dk\/mors\/wp-json\/wp\/v2\/posts\/76534\/revisions"}],"predecessor-version":[{"id":76580,"href":"https:\/\/kunmedierne.dk\/mors\/wp-json\/wp\/v2\/posts\/76534\/revisions\/76580"}],"wp:featuredmedia":[{"embeddable":true,"href":"https:\/\/kunmedierne.dk\/mors\/wp-json\/wp\/v2\/media\/76539"}],"wp:attachment":[{"href":"https:\/\/kunmedierne.dk\/mors\/wp-json\/wp\/v2\/media?parent=76534"}],"wp:term":[{"taxonomy":"category","embeddable":true,"href":"https:\/\/kunmedierne.dk\/mors\/wp-json\/wp\/v2\/categories?post=76534"},{"taxonomy":"post_tag","embeddable":true,"href":"https:\/\/kunmedierne.dk\/mors\/wp-json\/wp\/v2\/tags?post=76534"}],"curies":[{"name":"wp","href":"https:\/\/api.w.org\/{rel}","templated":true}]}}