{"id":76529,"date":"2022-08-27T10:56:29","date_gmt":"2022-08-27T08:56:29","guid":{"rendered":"https:\/\/kunmedierne.dk\/mors\/?p=76529"},"modified":"2024-08-12T13:27:30","modified_gmt":"2024-08-12T11:27:30","slug":"advarsel-fra-samaritter-pas-paa-muslingerne-i-fjorden","status":"publish","type":"post","link":"https:\/\/kunmedierne.dk\/mors\/advarsel-fra-samaritter-pas-paa-muslingerne-i-fjorden\/","title":{"rendered":"Advarsel fra samaritter: Pas p\u00e5 muslingerne i fjorden"},"content":{"rendered":"<p><strong>MORS<\/strong>: Et varmt kulturm\u00f8de frister ogs\u00e5 til en tur i fjorden, men det er en god id\u00e9 at have noget p\u00e5 f\u00f8dderne.<\/p>\n<p>S\u00e5dan lyder advarslen fra R\u00f8de Kors-samaritterne fra Skive, der ogs\u00e5 i \u00e5r er tilknyttet Kulturm\u00f8det Mors.<\/p>\n<p>Det er med telt og behandlervogn. Og det sidste blev der brug for fredag, da otte g\u00e6ster uden det lokale kendskab til fjorden hoppede i den &#8211; og kom op igen med blodige fl\u00e6nger i f\u00f8dder efter at have tr\u00e5dt p\u00e5 knivmuslinger og andet med skarpe skaller.<\/p>\n<a class=\"dvrt-link\" onClick=\"cdmtrack_click(111725,jQuery(this));return false\" href=\"https:\/\/www.thistedforsikring.dk\/?utm_source=partnerskaber&amp;utm_campaign=kun_mors\"><img decoding=\"async\" style=\"width:100%;\" src=\"https:\/\/kunmedierne.dk\/mors\/wp-content\/uploads\/2024\/02\/269409KunMors-ThistedFor-1.png\"><\/a><script>cdmtrack_view(111725);<\/script>\n<p>Den slags ved lokale, at man skal passe p\u00e5, men advarslen m\u00e5 gerne komme ud til andre g\u00e6ster p\u00e5 Kulturm\u00f8det.<\/p>\n<p>&#8220;Vi har et problem hvert eneste \u00e5r med, at de ogs\u00e5 gerne vil ud og bade. Og det er en god id\u00e9 med fodt\u00f8j,&#8221; siger Jens Erik Kristensen, vagtleder for samaritterne p\u00e5 Kulturm\u00f8det.<\/p>\n<p>Her melder man ellers om en rolig f\u00f8rste del af det store folkem\u00f8de p\u00e5 Mors. Skybruddet fredag gav ikke anledning til opgaver for samaritterne, som fik lov at passe sig selv i ly under teltdugen. Og ingen g\u00e6ster har indtil nu f\u00e5et hedeslag.<\/p>\n<p>&#8220;Jeg havde t\u00e6nkt, at der ville v\u00e6re noget af det, men folk har v\u00e6ret fantastisk gode til at passe p\u00e5 hinanden,&#8221; siger Jens Erik Kristensen.<\/p>\n<a class=\"dvrt-link\" onClick=\"cdmtrack_click(169437,jQuery(this));return false\" href=\"https:\/\/thymors.dk\/sponsorater\/15-til-faellesskabet?utm_source=kunmors&amp;utm_medium=annonce&amp;utm_campaign=sponsorater\"><img decoding=\"async\" style=\"width:100%;\" src=\"https:\/\/kunmedierne.dk\/mors\/wp-content\/uploads\/2026\/03\/260407ThyMors-energi_faellesskab_generel-1.jpg\"><\/a><script>cdmtrack_view(169437);<\/script>\n<p>S\u00e5 indtil nu har opgaverne f\u00f8rst og fremmest st\u00e5et p\u00e5 behandling af snits\u00e5r fra fjordens skaldyr. Og ikke bare et enkelt snit, men i nogle tilf\u00e6lde b\u00e5de under f\u00f8dder og p\u00e5 ankler.<\/p>\n<p>&#8220;Der er nogle, der virkelig er plastret til,&#8221; lyder det.<\/p>\n<p><img loading=\"lazy\" decoding=\"async\" class=\"alignleft size-full wp-image-76227\" src=\"https:\/\/kunmedierne.dk\/mors\/wp-content\/uploads\/2022\/08\/fb-ann.jpg\" alt=\"\" width=\"770\" height=\"513\" \/><\/p>\n","protected":false},"excerpt":{"rendered":"<p>MORS: Et varmt kulturm\u00f8de frister ogs\u00e5 til en tur i fjorden, men det er en god id\u00e9 at have noget p\u00e5 f\u00f8dderne. S\u00e5dan lyder advarslen fra R\u00f8de Kors-samaritterne fra Skive, der ogs\u00e5 i \u00e5r er tilknyttet Kulturm\u00f8det Mors. Det er med telt og behandlervogn. Og det sidste blev der brug for fredag, da otte g\u00e6ster [&hellip;]<\/p>\n","protected":false},"author":8,"featured_media":76531,"comment_status":"closed","ping_status":"open","sticky":false,"template":"","format":"standard","meta":{"_acf_changed":false,"footnotes":""},"categories":[54,49],"tags":[162],"class_list":["post-76529","post","type-post","status-publish","format-standard","has-post-thumbnail","hentry","category-54","category-kultur","tag-kulturmoedet"],"acf":[],"yoast_head":"<!-- This site is optimized with the Yoast SEO plugin v26.8 - https:\/\/yoast.com\/product\/yoast-seo-wordpress\/ -->\n<title>Advarsel fra samaritter: Pas p\u00e5 muslingerne i fjorden - Mors<\/title>\n<meta name=\"robots\" content=\"index, follow, max-snippet:-1, max-image-preview:large, max-video-preview:-1\" \/>\n<link rel=\"canonical\" href=\"https:\/\/kunmedierne.dk\/mors\/advarsel-fra-samaritter-pas-paa-muslingerne-i-fjorden\/\" \/>\n<meta property=\"og:locale\" content=\"da_DK\" \/>\n<meta property=\"og:type\" content=\"article\" \/>\n<meta property=\"og:title\" content=\"Advarsel fra samaritter: Pas p\u00e5 muslingerne i fjorden - Mors\" \/>\n<meta property=\"og:description\" content=\"MORS: Et varmt kulturm\u00f8de frister ogs\u00e5 til en tur i fjorden, men det er en god id\u00e9 at have noget p\u00e5 f\u00f8dderne. S\u00e5dan lyder advarslen fra R\u00f8de Kors-samaritterne fra Skive, der ogs\u00e5 i \u00e5r er tilknyttet Kulturm\u00f8det Mors. Det er med telt og behandlervogn. Og det sidste blev der brug for fredag, da otte g\u00e6ster [&hellip;]\" \/>\n<meta property=\"og:url\" content=\"https:\/\/kunmedierne.dk\/mors\/advarsel-fra-samaritter-pas-paa-muslingerne-i-fjorden\/\" \/>\n<meta property=\"og:site_name\" content=\"Mors\" \/>\n<meta property=\"article:published_time\" content=\"2022-08-27T08:56:29+00:00\" \/>\n<meta property=\"article:modified_time\" content=\"2024-08-12T11:27:30+00:00\" \/>\n<meta property=\"og:image\" content=\"https:\/\/kunmedierne.dk\/mors\/wp-content\/uploads\/2022\/08\/IMG_0288.jpg\" \/>\n\t<meta property=\"og:image:width\" content=\"770\" \/>\n\t<meta property=\"og:image:height\" content=\"532\" \/>\n\t<meta property=\"og:image:type\" content=\"image\/jpeg\" \/>\n<meta name=\"author\" content=\"David H\u00f8jmark\" \/>\n<meta name=\"twitter:card\" content=\"summary_large_image\" \/>\n<meta name=\"twitter:label1\" content=\"Skrevet af\" \/>\n\t<meta name=\"twitter:data1\" content=\"David H\u00f8jmark\" \/>\n<script type=\"application\/ld+json\" class=\"yoast-schema-graph\">{\"@context\":\"https:\/\/schema.org\",\"@graph\":[{\"@type\":\"Article\",\"@id\":\"https:\/\/kunmedierne.dk\/mors\/advarsel-fra-samaritter-pas-paa-muslingerne-i-fjorden\/#article\",\"isPartOf\":{\"@id\":\"https:\/\/kunmedierne.dk\/mors\/advarsel-fra-samaritter-pas-paa-muslingerne-i-fjorden\/\"},\"author\":{\"name\":\"David H\u00f8jmark\",\"@id\":\"https:\/\/kunmedierne.dk\/mors\/#\/schema\/person\/5fe23251bf1d0abbcdc6f7896579d548\"},\"headline\":\"Advarsel fra samaritter: Pas p\u00e5 muslingerne i fjorden\",\"datePublished\":\"2022-08-27T08:56:29+00:00\",\"dateModified\":\"2024-08-12T11:27:30+00:00\",\"mainEntityOfPage\":{\"@id\":\"https:\/\/kunmedierne.dk\/mors\/advarsel-fra-samaritter-pas-paa-muslingerne-i-fjorden\/\"},\"wordCount\":286,\"publisher\":{\"@id\":\"https:\/\/kunmedierne.dk\/mors\/#organization\"},\"image\":{\"@id\":\"https:\/\/kunmedierne.dk\/mors\/advarsel-fra-samaritter-pas-paa-muslingerne-i-fjorden\/#primaryimage\"},\"thumbnailUrl\":\"https:\/\/kunmedierne.dk\/mors\/wp-content\/uploads\/2022\/08\/IMG_0288.jpg\",\"keywords\":[\"Kulturm\u00f8det\"],\"articleSection\":[\"112\",\"Kultur\"],\"inLanguage\":\"da-DK\"},{\"@type\":\"WebPage\",\"@id\":\"https:\/\/kunmedierne.dk\/mors\/advarsel-fra-samaritter-pas-paa-muslingerne-i-fjorden\/\",\"url\":\"https:\/\/kunmedierne.dk\/mors\/advarsel-fra-samaritter-pas-paa-muslingerne-i-fjorden\/\",\"name\":\"Advarsel fra samaritter: Pas p\u00e5 muslingerne i fjorden - Mors\",\"isPartOf\":{\"@id\":\"https:\/\/kunmedierne.dk\/mors\/#website\"},\"primaryImageOfPage\":{\"@id\":\"https:\/\/kunmedierne.dk\/mors\/advarsel-fra-samaritter-pas-paa-muslingerne-i-fjorden\/#primaryimage\"},\"image\":{\"@id\":\"https:\/\/kunmedierne.dk\/mors\/advarsel-fra-samaritter-pas-paa-muslingerne-i-fjorden\/#primaryimage\"},\"thumbnailUrl\":\"https:\/\/kunmedierne.dk\/mors\/wp-content\/uploads\/2022\/08\/IMG_0288.jpg\",\"datePublished\":\"2022-08-27T08:56:29+00:00\",\"dateModified\":\"2024-08-12T11:27:30+00:00\",\"breadcrumb\":{\"@id\":\"https:\/\/kunmedierne.dk\/mors\/advarsel-fra-samaritter-pas-paa-muslingerne-i-fjorden\/#breadcrumb\"},\"inLanguage\":\"da-DK\",\"potentialAction\":[{\"@type\":\"ReadAction\",\"target\":[\"https:\/\/kunmedierne.dk\/mors\/advarsel-fra-samaritter-pas-paa-muslingerne-i-fjorden\/\"]}]},{\"@type\":\"ImageObject\",\"inLanguage\":\"da-DK\",\"@id\":\"https:\/\/kunmedierne.dk\/mors\/advarsel-fra-samaritter-pas-paa-muslingerne-i-fjorden\/#primaryimage\",\"url\":\"https:\/\/kunmedierne.dk\/mors\/wp-content\/uploads\/2022\/08\/IMG_0288.jpg\",\"contentUrl\":\"https:\/\/kunmedierne.dk\/mors\/wp-content\/uploads\/2022\/08\/IMG_0288.jpg\",\"width\":770,\"height\":532,\"caption\":\"Samaritterne p\u00e5 Kulturm\u00f8det har indtil nu haft et par rolige d\u00f8gn - bortset fra snitskader efter ture i fjorden.\"},{\"@type\":\"BreadcrumbList\",\"@id\":\"https:\/\/kunmedierne.dk\/mors\/advarsel-fra-samaritter-pas-paa-muslingerne-i-fjorden\/#breadcrumb\",\"itemListElement\":[{\"@type\":\"ListItem\",\"position\":1,\"name\":\"Hjem\",\"item\":\"https:\/\/kunmedierne.dk\/mors\/\"},{\"@type\":\"ListItem\",\"position\":2,\"name\":\"Advarsel fra samaritter: Pas p\u00e5 muslingerne i fjorden\"}]},{\"@type\":\"WebSite\",\"@id\":\"https:\/\/kunmedierne.dk\/mors\/#website\",\"url\":\"https:\/\/kunmedierne.dk\/mors\/\",\"name\":\"Mors\",\"description\":\"et netmedie med journalistik om livet p\u00e5 Mors\",\"publisher\":{\"@id\":\"https:\/\/kunmedierne.dk\/mors\/#organization\"},\"potentialAction\":[{\"@type\":\"SearchAction\",\"target\":{\"@type\":\"EntryPoint\",\"urlTemplate\":\"https:\/\/kunmedierne.dk\/mors\/?s={search_term_string}\"},\"query-input\":{\"@type\":\"PropertyValueSpecification\",\"valueRequired\":true,\"valueName\":\"search_term_string\"}}],\"inLanguage\":\"da-DK\"},{\"@type\":\"Organization\",\"@id\":\"https:\/\/kunmedierne.dk\/mors\/#organization\",\"name\":\"Mors\",\"url\":\"https:\/\/kunmedierne.dk\/mors\/\",\"logo\":{\"@type\":\"ImageObject\",\"inLanguage\":\"da-DK\",\"@id\":\"https:\/\/kunmedierne.dk\/mors\/#\/schema\/logo\/image\/\",\"url\":\"https:\/\/kunmedierne.dk\/mors\/wp-content\/uploads\/2024\/08\/kunmors-logo.svg\",\"contentUrl\":\"https:\/\/kunmedierne.dk\/mors\/wp-content\/uploads\/2024\/08\/kunmors-logo.svg\",\"caption\":\"Mors\"},\"image\":{\"@id\":\"https:\/\/kunmedierne.dk\/mors\/#\/schema\/logo\/image\/\"}},{\"@type\":\"Person\",\"@id\":\"https:\/\/kunmedierne.dk\/mors\/#\/schema\/person\/5fe23251bf1d0abbcdc6f7896579d548\",\"name\":\"David H\u00f8jmark\",\"image\":{\"@type\":\"ImageObject\",\"inLanguage\":\"da-DK\",\"@id\":\"https:\/\/kunmedierne.dk\/mors\/#\/schema\/person\/image\/\",\"url\":\"https:\/\/secure.gravatar.com\/avatar\/4315d6fb9ef244d729989f5f90268eb08d5bf8a3d84402f595fa194bb35784fd?s=96&d=mm&r=g\",\"contentUrl\":\"https:\/\/secure.gravatar.com\/avatar\/4315d6fb9ef244d729989f5f90268eb08d5bf8a3d84402f595fa194bb35784fd?s=96&d=mm&r=g\",\"caption\":\"David H\u00f8jmark\"},\"sameAs\":[\"https:\/\/www.kunmedierne.dk\"],\"url\":\"https:\/\/kunmedierne.dk\/mors\/author\/david\/\"}]}<\/script>\n<!-- \/ Yoast SEO plugin. -->","yoast_head_json":{"title":"Advarsel fra samaritter: Pas p\u00e5 muslingerne i fjorden - Mors","robots":{"index":"index","follow":"follow","max-snippet":"max-snippet:-1","max-image-preview":"max-image-preview:large","max-video-preview":"max-video-preview:-1"},"canonical":"https:\/\/kunmedierne.dk\/mors\/advarsel-fra-samaritter-pas-paa-muslingerne-i-fjorden\/","og_locale":"da_DK","og_type":"article","og_title":"Advarsel fra samaritter: Pas p\u00e5 muslingerne i fjorden - Mors","og_description":"MORS: Et varmt kulturm\u00f8de frister ogs\u00e5 til en tur i fjorden, men det er en god id\u00e9 at have noget p\u00e5 f\u00f8dderne. S\u00e5dan lyder advarslen fra R\u00f8de Kors-samaritterne fra Skive, der ogs\u00e5 i \u00e5r er tilknyttet Kulturm\u00f8det Mors. Det er med telt og behandlervogn. Og det sidste blev der brug for fredag, da otte g\u00e6ster [&hellip;]","og_url":"https:\/\/kunmedierne.dk\/mors\/advarsel-fra-samaritter-pas-paa-muslingerne-i-fjorden\/","og_site_name":"Mors","article_published_time":"2022-08-27T08:56:29+00:00","article_modified_time":"2024-08-12T11:27:30+00:00","og_image":[{"width":770,"height":532,"url":"https:\/\/kunmedierne.dk\/mors\/wp-content\/uploads\/2022\/08\/IMG_0288.jpg","type":"image\/jpeg"}],"author":"David H\u00f8jmark","twitter_card":"summary_large_image","twitter_misc":{"Skrevet af":"David H\u00f8jmark"},"schema":{"@context":"https:\/\/schema.org","@graph":[{"@type":"Article","@id":"https:\/\/kunmedierne.dk\/mors\/advarsel-fra-samaritter-pas-paa-muslingerne-i-fjorden\/#article","isPartOf":{"@id":"https:\/\/kunmedierne.dk\/mors\/advarsel-fra-samaritter-pas-paa-muslingerne-i-fjorden\/"},"author":{"name":"David H\u00f8jmark","@id":"https:\/\/kunmedierne.dk\/mors\/#\/schema\/person\/5fe23251bf1d0abbcdc6f7896579d548"},"headline":"Advarsel fra samaritter: Pas p\u00e5 muslingerne i fjorden","datePublished":"2022-08-27T08:56:29+00:00","dateModified":"2024-08-12T11:27:30+00:00","mainEntityOfPage":{"@id":"https:\/\/kunmedierne.dk\/mors\/advarsel-fra-samaritter-pas-paa-muslingerne-i-fjorden\/"},"wordCount":286,"publisher":{"@id":"https:\/\/kunmedierne.dk\/mors\/#organization"},"image":{"@id":"https:\/\/kunmedierne.dk\/mors\/advarsel-fra-samaritter-pas-paa-muslingerne-i-fjorden\/#primaryimage"},"thumbnailUrl":"https:\/\/kunmedierne.dk\/mors\/wp-content\/uploads\/2022\/08\/IMG_0288.jpg","keywords":["Kulturm\u00f8det"],"articleSection":["112","Kultur"],"inLanguage":"da-DK"},{"@type":"WebPage","@id":"https:\/\/kunmedierne.dk\/mors\/advarsel-fra-samaritter-pas-paa-muslingerne-i-fjorden\/","url":"https:\/\/kunmedierne.dk\/mors\/advarsel-fra-samaritter-pas-paa-muslingerne-i-fjorden\/","name":"Advarsel fra samaritter: Pas p\u00e5 muslingerne i fjorden - Mors","isPartOf":{"@id":"https:\/\/kunmedierne.dk\/mors\/#website"},"primaryImageOfPage":{"@id":"https:\/\/kunmedierne.dk\/mors\/advarsel-fra-samaritter-pas-paa-muslingerne-i-fjorden\/#primaryimage"},"image":{"@id":"https:\/\/kunmedierne.dk\/mors\/advarsel-fra-samaritter-pas-paa-muslingerne-i-fjorden\/#primaryimage"},"thumbnailUrl":"https:\/\/kunmedierne.dk\/mors\/wp-content\/uploads\/2022\/08\/IMG_0288.jpg","datePublished":"2022-08-27T08:56:29+00:00","dateModified":"2024-08-12T11:27:30+00:00","breadcrumb":{"@id":"https:\/\/kunmedierne.dk\/mors\/advarsel-fra-samaritter-pas-paa-muslingerne-i-fjorden\/#breadcrumb"},"inLanguage":"da-DK","potentialAction":[{"@type":"ReadAction","target":["https:\/\/kunmedierne.dk\/mors\/advarsel-fra-samaritter-pas-paa-muslingerne-i-fjorden\/"]}]},{"@type":"ImageObject","inLanguage":"da-DK","@id":"https:\/\/kunmedierne.dk\/mors\/advarsel-fra-samaritter-pas-paa-muslingerne-i-fjorden\/#primaryimage","url":"https:\/\/kunmedierne.dk\/mors\/wp-content\/uploads\/2022\/08\/IMG_0288.jpg","contentUrl":"https:\/\/kunmedierne.dk\/mors\/wp-content\/uploads\/2022\/08\/IMG_0288.jpg","width":770,"height":532,"caption":"Samaritterne p\u00e5 Kulturm\u00f8det har indtil nu haft et par rolige d\u00f8gn - bortset fra snitskader efter ture i fjorden."},{"@type":"BreadcrumbList","@id":"https:\/\/kunmedierne.dk\/mors\/advarsel-fra-samaritter-pas-paa-muslingerne-i-fjorden\/#breadcrumb","itemListElement":[{"@type":"ListItem","position":1,"name":"Hjem","item":"https:\/\/kunmedierne.dk\/mors\/"},{"@type":"ListItem","position":2,"name":"Advarsel fra samaritter: Pas p\u00e5 muslingerne i fjorden"}]},{"@type":"WebSite","@id":"https:\/\/kunmedierne.dk\/mors\/#website","url":"https:\/\/kunmedierne.dk\/mors\/","name":"Mors","description":"et netmedie med journalistik om livet p\u00e5 Mors","publisher":{"@id":"https:\/\/kunmedierne.dk\/mors\/#organization"},"potentialAction":[{"@type":"SearchAction","target":{"@type":"EntryPoint","urlTemplate":"https:\/\/kunmedierne.dk\/mors\/?s={search_term_string}"},"query-input":{"@type":"PropertyValueSpecification","valueRequired":true,"valueName":"search_term_string"}}],"inLanguage":"da-DK"},{"@type":"Organization","@id":"https:\/\/kunmedierne.dk\/mors\/#organization","name":"Mors","url":"https:\/\/kunmedierne.dk\/mors\/","logo":{"@type":"ImageObject","inLanguage":"da-DK","@id":"https:\/\/kunmedierne.dk\/mors\/#\/schema\/logo\/image\/","url":"https:\/\/kunmedierne.dk\/mors\/wp-content\/uploads\/2024\/08\/kunmors-logo.svg","contentUrl":"https:\/\/kunmedierne.dk\/mors\/wp-content\/uploads\/2024\/08\/kunmors-logo.svg","caption":"Mors"},"image":{"@id":"https:\/\/kunmedierne.dk\/mors\/#\/schema\/logo\/image\/"}},{"@type":"Person","@id":"https:\/\/kunmedierne.dk\/mors\/#\/schema\/person\/5fe23251bf1d0abbcdc6f7896579d548","name":"David H\u00f8jmark","image":{"@type":"ImageObject","inLanguage":"da-DK","@id":"https:\/\/kunmedierne.dk\/mors\/#\/schema\/person\/image\/","url":"https:\/\/secure.gravatar.com\/avatar\/4315d6fb9ef244d729989f5f90268eb08d5bf8a3d84402f595fa194bb35784fd?s=96&d=mm&r=g","contentUrl":"https:\/\/secure.gravatar.com\/avatar\/4315d6fb9ef244d729989f5f90268eb08d5bf8a3d84402f595fa194bb35784fd?s=96&d=mm&r=g","caption":"David H\u00f8jmark"},"sameAs":["https:\/\/www.kunmedierne.dk"],"url":"https:\/\/kunmedierne.dk\/mors\/author\/david\/"}]}},"_links":{"self":[{"href":"https:\/\/kunmedierne.dk\/mors\/wp-json\/wp\/v2\/posts\/76529","targetHints":{"allow":["GET"]}}],"collection":[{"href":"https:\/\/kunmedierne.dk\/mors\/wp-json\/wp\/v2\/posts"}],"about":[{"href":"https:\/\/kunmedierne.dk\/mors\/wp-json\/wp\/v2\/types\/post"}],"author":[{"embeddable":true,"href":"https:\/\/kunmedierne.dk\/mors\/wp-json\/wp\/v2\/users\/8"}],"replies":[{"embeddable":true,"href":"https:\/\/kunmedierne.dk\/mors\/wp-json\/wp\/v2\/comments?post=76529"}],"version-history":[{"count":2,"href":"https:\/\/kunmedierne.dk\/mors\/wp-json\/wp\/v2\/posts\/76529\/revisions"}],"predecessor-version":[{"id":76532,"href":"https:\/\/kunmedierne.dk\/mors\/wp-json\/wp\/v2\/posts\/76529\/revisions\/76532"}],"wp:featuredmedia":[{"embeddable":true,"href":"https:\/\/kunmedierne.dk\/mors\/wp-json\/wp\/v2\/media\/76531"}],"wp:attachment":[{"href":"https:\/\/kunmedierne.dk\/mors\/wp-json\/wp\/v2\/media?parent=76529"}],"wp:term":[{"taxonomy":"category","embeddable":true,"href":"https:\/\/kunmedierne.dk\/mors\/wp-json\/wp\/v2\/categories?post=76529"},{"taxonomy":"post_tag","embeddable":true,"href":"https:\/\/kunmedierne.dk\/mors\/wp-json\/wp\/v2\/tags?post=76529"}],"curies":[{"name":"wp","href":"https:\/\/api.w.org\/{rel}","templated":true}]}}