{"id":76441,"date":"2022-08-25T16:52:35","date_gmt":"2022-08-25T14:52:35","guid":{"rendered":"https:\/\/kunmedierne.dk\/mors\/?p=76441"},"modified":"2024-08-12T13:27:30","modified_gmt":"2024-08-12T11:27:30","slug":"festen-er-i-gang-kulturmoede-nummer-10-er-aabnet","status":"publish","type":"post","link":"https:\/\/kunmedierne.dk\/mors\/festen-er-i-gang-kulturmoede-nummer-10-er-aabnet\/","title":{"rendered":"Festen er i gang: Kulturm\u00f8de nummer 10 er \u00e5bnet\u00a0"},"content":{"rendered":"<p><b>MORS<\/b>: Et kulturm\u00f8de er bedst, n\u00e5r man kan m\u00f8des om kulturen.<\/p>\n<p>Det kan tusindvis af morsingboer og g\u00e6ster p\u00e5 \u00f8en konstatere frem til l\u00f8rdag aften. Torsdag formiddag \u00e5bnede \u00e5rets udgave officielt, og en af dem, der gl\u00e6der sig over, at det igen er med fysisk fremm\u00f8de, er Hans Ejner Bertelsen (V), borgmester i Mors\u00f8 Kommune.<\/p>\n<p>&#8220;Det er fantastisk &#8211; og d\u00e9t er et stort ord for en vestjyde,&#8221; siger han.<\/p>\n<p>&#8220;Allerede nu er byen fuld af liv, og hele \u00f8en lever jo med i det her. Og selv om jeg er glad for, at vi holdt fast i Kulturm\u00f8det i b\u00e5de 2020 og 2021, er det her jo det \u00e6gte Kulturm\u00f8det,&#8221; siger han.<\/p>\n<a class=\"dvrt-link\" onClick=\"cdmtrack_click(104780,jQuery(this));return false\" href=\"https:\/\/www.spard.dk\/\"><img decoding=\"async\" style=\"width:100%;\" src=\"https:\/\/kunmedierne.dk\/mors\/wp-content\/uploads\/2023\/12\/sparekassen-dk-maj25.gif\"><\/a><script>cdmtrack_view(104780);<\/script>\n<p>I 2020 og 2021 f\u00f8rte coronapandemien til mere eller mindre begr\u00e6nset deltagelse for publikum. Men Hans Ejner Bertelsen, der ogs\u00e5 er formand for Kulturm\u00f8det Mors, gl\u00e6der sig over, at man ikke vurderede, at det var bedre helt at droppe Kulturm\u00f8det under coronaen.<\/p>\n<p>&#8220;Det var godt, at vi holdt fast i, at kulturen kan man ikke bare s\u00e5dan s\u00e6tte p\u00e5 pause,&#8221; siger han.<\/p>\n<p><i>Hvad kunne der v\u00e6re sket, hvis man havde valgt at aflyse det?<br \/>\n<\/i><\/p>\n<p>&#8220;Jeg kan v\u00e6re nerv\u00f8s for, hvor vi s\u00e5 havde st\u00e5et nu. S\u00e5 kunne man sige, at vi kan undv\u00e6re Kulturm\u00f8det. Og i min verden er det vigtigt, at vi har en kulturpolitik og et m\u00f8dested for kulturen,&#8221; siger han.<\/p>\n<p>&nbsp;<\/p>\n<p><b>Mors har taget det til sig<\/b><\/p>\n<p>Traditionen tro b\u00e6rer Nyk\u00f8bing stort pr\u00e6g af Kulturm\u00f8det. Det har byen gjort i tiltagende grad op imod \u00e5bningsdagen, og gik man tur i byen onsdag aften, var man ikke i tvivl om, at noget stort skulle lige til at ske.<\/p>\n<p>Hans Ejner Bertelsen gl\u00e6der sig da ogs\u00e5 over, at lokalbefolkningen i stigende grad har taget den \u00e5rlige k\u00e6mpeevent til sig.<\/p>\n<a class=\"dvrt-link\" onClick=\"cdmtrack_click(169437,jQuery(this));return false\" href=\"https:\/\/thymors.dk\/sponsorater\/15-til-faellesskabet?utm_source=kunmors&amp;utm_medium=annonce&amp;utm_campaign=sponsorater\"><img decoding=\"async\" style=\"width:100%;\" src=\"https:\/\/kunmedierne.dk\/mors\/wp-content\/uploads\/2026\/03\/260407ThyMors-energi_faellesskab_generel-1.jpg\"><\/a><script>cdmtrack_view(169437);<\/script>\n<p>&#8220;Det er blevet en folkelig begivenhed. I starten var vi som vestjyder m\u00e5ske lidt afventende og &#8216;lad os nu lige se&#8217;. Men det er min opfattelse, at morsingboerne over en bred kam har taget Kulturm\u00f8det til sig. De gl\u00e6der sig til det og byder ind med frivillighed. Og vi ser jo det liv, det giver,&#8221; siger han.<\/p>\n<p>&#8220;Og s\u00e5 kan man jo helt \u00e6rligt sige, at det giver noget oms\u00e6tning p\u00e5 \u00f8en i vores butikker og s\u00e5 videre. S\u00e5 det betyder rigtig meget,&#8221; siger Hans Ejner Bertelsen.<\/p>\n<p>&nbsp;<\/p>\n<p><b>F\u00f8lger man med i K\u00f8benhavn?<\/b><\/p>\n<p>Han er ogs\u00e5 tilfreds med, at netop Mors lige nu er centrum for den danske kulturdebat.<\/p>\n<p>&#8220;Det siger lidt om, at selv om vi er en lille kommune, kan vi godt l\u00f8fte store opgaver. Og det er det her jo for os,&#8221; siger han.<\/p>\n<a class=\"dvrt-link\" onClick=\"cdmtrack_click(104787,jQuery(this));return false\" href=\"https:\/\/www.jyskebank.dk\/kontakt\/afdelingsinfo?departmentid=11890\"><img decoding=\"async\" style=\"width:100%;\" src=\"https:\/\/kunmedierne.dk\/mors\/wp-content\/uploads\/2023\/10\/260325JyskeBankMorsNy-1.jpg\"><\/a><script>cdmtrack_view(104787);<\/script>\n<p><i>Men er det lige s\u00e5 stort ude i landet, som det er for morsingboerne? Har man lige s\u00e5 stort fokus p\u00e5 det i K\u00f8benhavn?<\/i><\/p>\n<p>&#8220;Jeg kan ikke svare p\u00e5 det med K\u00f8benhavn, men mange af de personligheder, der er i kulturlivet, finder jo vej til Mors i de her dage og timer. Det l\u00e6ser jeg som et signal om, at man er klar over, at hvis man \u00f8nsker at have debatten og v\u00e6re synlig, er det vigtigt, at man er p\u00e5 Mors.&#8221;<\/p>\n<a class=\"dvrt-link\" onClick=\"cdmtrack_click(104780,jQuery(this));return false\" href=\"https:\/\/www.spard.dk\/\"><img decoding=\"async\" style=\"width:100%;\" src=\"https:\/\/kunmedierne.dk\/mors\/wp-content\/uploads\/2023\/12\/sparekassen-dk-maj25.gif\"><\/a><script>cdmtrack_view(104780);<\/script>\n<div id=\"attachment_76449\" style=\"width: 780px\" class=\"wp-caption alignleft\"><img loading=\"lazy\" decoding=\"async\" aria-describedby=\"caption-attachment-76449\" class=\"size-full wp-image-76449\" src=\"https:\/\/kunmedierne.dk\/mors\/wp-content\/uploads\/2022\/08\/Kulturmoede-Aabning-web-Fotograf-Per-Bille-220825-DSC05568.jpg\" alt=\"\" width=\"770\" height=\"513\" srcset=\"https:\/\/kunmedierne.dk\/mors\/wp-content\/uploads\/2022\/08\/Kulturmoede-Aabning-web-Fotograf-Per-Bille-220825-DSC05568.jpg 770w, https:\/\/kunmedierne.dk\/mors\/wp-content\/uploads\/2022\/08\/Kulturmoede-Aabning-web-Fotograf-Per-Bille-220825-DSC05568-300x200.jpg 300w, https:\/\/kunmedierne.dk\/mors\/wp-content\/uploads\/2022\/08\/Kulturmoede-Aabning-web-Fotograf-Per-Bille-220825-DSC05568-768x512.jpg 768w, https:\/\/kunmedierne.dk\/mors\/wp-content\/uploads\/2022\/08\/Kulturmoede-Aabning-web-Fotograf-Per-Bille-220825-DSC05568-360x240.jpg 360w, https:\/\/kunmedierne.dk\/mors\/wp-content\/uploads\/2022\/08\/Kulturmoede-Aabning-web-Fotograf-Per-Bille-220825-DSC05568-600x400.jpg 600w\" sizes=\"auto, (max-width: 770px) 100vw, 770px\" \/><p id=\"caption-attachment-76449\" class=\"wp-caption-text\">Clement Kjersgaard var tilbage p\u00e5 Kulturm\u00f8det Mors. Foto: Per Bille<\/p><\/div>\n<a class=\"dvrt-link\" onClick=\"cdmtrack_click(111725,jQuery(this));return false\" href=\"https:\/\/www.thistedforsikring.dk\/?utm_source=partnerskaber&amp;utm_campaign=kun_mors\"><img decoding=\"async\" style=\"width:100%;\" src=\"https:\/\/kunmedierne.dk\/mors\/wp-content\/uploads\/2024\/02\/269409KunMors-ThistedFor-1.png\"><\/a><script>cdmtrack_view(111725);<\/script>\n<div id=\"attachment_76453\" style=\"width: 780px\" class=\"wp-caption alignleft\"><img loading=\"lazy\" decoding=\"async\" aria-describedby=\"caption-attachment-76453\" class=\"size-full wp-image-76453\" src=\"https:\/\/kunmedierne.dk\/mors\/wp-content\/uploads\/2022\/08\/Kulturmoede-Aabning-web-Fotograf-Per-Bille-220825-DSC05638.jpg\" alt=\"\" width=\"770\" height=\"513\" srcset=\"https:\/\/kunmedierne.dk\/mors\/wp-content\/uploads\/2022\/08\/Kulturmoede-Aabning-web-Fotograf-Per-Bille-220825-DSC05638.jpg 770w, https:\/\/kunmedierne.dk\/mors\/wp-content\/uploads\/2022\/08\/Kulturmoede-Aabning-web-Fotograf-Per-Bille-220825-DSC05638-300x200.jpg 300w, https:\/\/kunmedierne.dk\/mors\/wp-content\/uploads\/2022\/08\/Kulturmoede-Aabning-web-Fotograf-Per-Bille-220825-DSC05638-768x512.jpg 768w, https:\/\/kunmedierne.dk\/mors\/wp-content\/uploads\/2022\/08\/Kulturmoede-Aabning-web-Fotograf-Per-Bille-220825-DSC05638-360x240.jpg 360w, https:\/\/kunmedierne.dk\/mors\/wp-content\/uploads\/2022\/08\/Kulturmoede-Aabning-web-Fotograf-Per-Bille-220825-DSC05638-600x400.jpg 600w\" sizes=\"auto, (max-width: 770px) 100vw, 770px\" \/><p id=\"caption-attachment-76453\" class=\"wp-caption-text\">KulturPladsen trak mange til Folkescenen. Foto: Per Bille<\/p><\/div>\n<p>&nbsp;<\/p>\n<a class=\"dvrt-link\" onClick=\"cdmtrack_click(111725,jQuery(this));return false\" href=\"https:\/\/www.thistedforsikring.dk\/?utm_source=partnerskaber&amp;utm_campaign=kun_mors\"><img decoding=\"async\" style=\"width:100%;\" src=\"https:\/\/kunmedierne.dk\/mors\/wp-content\/uploads\/2024\/02\/269409KunMors-ThistedFor-1.png\"><\/a><script>cdmtrack_view(111725);<\/script>\n<div id=\"attachment_76452\" style=\"width: 780px\" class=\"wp-caption alignleft\"><img loading=\"lazy\" decoding=\"async\" aria-describedby=\"caption-attachment-76452\" class=\"size-full wp-image-76452\" src=\"https:\/\/kunmedierne.dk\/mors\/wp-content\/uploads\/2022\/08\/Kulturmoede-Aabning-web-Fotograf-Per-Bille-220825-DSC05620.jpg\" alt=\"\" width=\"770\" height=\"513\" srcset=\"https:\/\/kunmedierne.dk\/mors\/wp-content\/uploads\/2022\/08\/Kulturmoede-Aabning-web-Fotograf-Per-Bille-220825-DSC05620.jpg 770w, https:\/\/kunmedierne.dk\/mors\/wp-content\/uploads\/2022\/08\/Kulturmoede-Aabning-web-Fotograf-Per-Bille-220825-DSC05620-300x200.jpg 300w, https:\/\/kunmedierne.dk\/mors\/wp-content\/uploads\/2022\/08\/Kulturmoede-Aabning-web-Fotograf-Per-Bille-220825-DSC05620-768x512.jpg 768w, https:\/\/kunmedierne.dk\/mors\/wp-content\/uploads\/2022\/08\/Kulturmoede-Aabning-web-Fotograf-Per-Bille-220825-DSC05620-360x240.jpg 360w, https:\/\/kunmedierne.dk\/mors\/wp-content\/uploads\/2022\/08\/Kulturmoede-Aabning-web-Fotograf-Per-Bille-220825-DSC05620-600x400.jpg 600w\" sizes=\"auto, (max-width: 770px) 100vw, 770px\" \/><p id=\"caption-attachment-76452\" class=\"wp-caption-text\">Hans Ejner Bertelsen (V), borgmester i Mors\u00f8 Kommune. Foto: Per Bille<\/p><\/div>\n<a class=\"dvrt-link\" onClick=\"cdmtrack_click(104779,jQuery(this));return false\" href=\"https:\/\/morsoe-begravelsesforretning.dk\/\"><img decoding=\"async\" style=\"width:100%;\" src=\"https:\/\/kunmedierne.dk\/mors\/wp-content\/uploads\/2023\/11\/251215-morsoe-begravelsesforretning.jpg\"><\/a><script>cdmtrack_view(104779);<\/script>\n<div id=\"attachment_76450\" style=\"width: 780px\" class=\"wp-caption alignleft\"><img loading=\"lazy\" decoding=\"async\" aria-describedby=\"caption-attachment-76450\" class=\"size-full wp-image-76450\" src=\"https:\/\/kunmedierne.dk\/mors\/wp-content\/uploads\/2022\/08\/Kulturmoede-Aabning-web-Fotograf-Per-Bille-220825-DSC05583.jpg\" alt=\"\" width=\"770\" height=\"513\" srcset=\"https:\/\/kunmedierne.dk\/mors\/wp-content\/uploads\/2022\/08\/Kulturmoede-Aabning-web-Fotograf-Per-Bille-220825-DSC05583.jpg 770w, https:\/\/kunmedierne.dk\/mors\/wp-content\/uploads\/2022\/08\/Kulturmoede-Aabning-web-Fotograf-Per-Bille-220825-DSC05583-300x200.jpg 300w, https:\/\/kunmedierne.dk\/mors\/wp-content\/uploads\/2022\/08\/Kulturmoede-Aabning-web-Fotograf-Per-Bille-220825-DSC05583-768x512.jpg 768w, https:\/\/kunmedierne.dk\/mors\/wp-content\/uploads\/2022\/08\/Kulturmoede-Aabning-web-Fotograf-Per-Bille-220825-DSC05583-360x240.jpg 360w, https:\/\/kunmedierne.dk\/mors\/wp-content\/uploads\/2022\/08\/Kulturmoede-Aabning-web-Fotograf-Per-Bille-220825-DSC05583-600x400.jpg 600w\" sizes=\"auto, (max-width: 770px) 100vw, 770px\" \/><p id=\"caption-attachment-76450\" class=\"wp-caption-text\">H\u00e5ndv\u00e6rkerkoret \u00e5bnede traditionen tro med sang. Foto: Per Bille<\/p><\/div>\n<a class=\"dvrt-link\" onClick=\"cdmtrack_click(104778,jQuery(this));return false\" href=\"https:\/\/vester-begr.dk\/?gclid=CjwKCAjw5Kv7BRBSEiwAXGDElQB6WMfm9CgYVrruty-I1gaOkTkC3mlA4QRDtYNsxYgVC8sNzAJ7WhoCmBsQAvD_BwE\"><img decoding=\"async\" style=\"width:100%;\" src=\"https:\/\/kunmedierne.dk\/mors\/wp-content\/uploads\/2023\/10\/260203VesterHoukaer-02022026.jpg\"><\/a><script>cdmtrack_view(104778);<\/script>\n<div id=\"attachment_76455\" style=\"width: 780px\" class=\"wp-caption alignleft\"><img loading=\"lazy\" decoding=\"async\" aria-describedby=\"caption-attachment-76455\" class=\"size-full wp-image-76455\" src=\"https:\/\/kunmedierne.dk\/mors\/wp-content\/uploads\/2022\/08\/Kulturmoede-Aabning-web-Fotograf-Per-Bille-220825-DSC05787.jpg\" alt=\"\" width=\"770\" height=\"513\" srcset=\"https:\/\/kunmedierne.dk\/mors\/wp-content\/uploads\/2022\/08\/Kulturmoede-Aabning-web-Fotograf-Per-Bille-220825-DSC05787.jpg 770w, https:\/\/kunmedierne.dk\/mors\/wp-content\/uploads\/2022\/08\/Kulturmoede-Aabning-web-Fotograf-Per-Bille-220825-DSC05787-300x200.jpg 300w, https:\/\/kunmedierne.dk\/mors\/wp-content\/uploads\/2022\/08\/Kulturmoede-Aabning-web-Fotograf-Per-Bille-220825-DSC05787-768x512.jpg 768w, https:\/\/kunmedierne.dk\/mors\/wp-content\/uploads\/2022\/08\/Kulturmoede-Aabning-web-Fotograf-Per-Bille-220825-DSC05787-360x240.jpg 360w, https:\/\/kunmedierne.dk\/mors\/wp-content\/uploads\/2022\/08\/Kulturmoede-Aabning-web-Fotograf-Per-Bille-220825-DSC05787-600x400.jpg 600w\" sizes=\"auto, (max-width: 770px) 100vw, 770px\" \/><p id=\"caption-attachment-76455\" class=\"wp-caption-text\">Erhvervsminister Simon Kollerup (S) stod for \u00e5bningen p\u00e5 afbud fra kulturminister Ane-Halsboe J\u00f8rgensen (S). Foto: Per Bille<\/p><\/div>\n<a class=\"dvrt-link\" onClick=\"cdmtrack_click(111725,jQuery(this));return false\" href=\"https:\/\/www.thistedforsikring.dk\/?utm_source=partnerskaber&amp;utm_campaign=kun_mors\"><img decoding=\"async\" style=\"width:100%;\" src=\"https:\/\/kunmedierne.dk\/mors\/wp-content\/uploads\/2024\/02\/269409KunMors-ThistedFor-1.png\"><\/a><script>cdmtrack_view(111725);<\/script>\n<div id=\"attachment_76451\" style=\"width: 780px\" class=\"wp-caption alignleft\"><img loading=\"lazy\" decoding=\"async\" aria-describedby=\"caption-attachment-76451\" class=\"size-full wp-image-76451\" src=\"https:\/\/kunmedierne.dk\/mors\/wp-content\/uploads\/2022\/08\/Kulturmoede-Aabning-web-Fotograf-Per-Bille-220825-DSC05603.jpg\" alt=\"\" width=\"770\" height=\"513\" srcset=\"https:\/\/kunmedierne.dk\/mors\/wp-content\/uploads\/2022\/08\/Kulturmoede-Aabning-web-Fotograf-Per-Bille-220825-DSC05603.jpg 770w, https:\/\/kunmedierne.dk\/mors\/wp-content\/uploads\/2022\/08\/Kulturmoede-Aabning-web-Fotograf-Per-Bille-220825-DSC05603-300x200.jpg 300w, https:\/\/kunmedierne.dk\/mors\/wp-content\/uploads\/2022\/08\/Kulturmoede-Aabning-web-Fotograf-Per-Bille-220825-DSC05603-768x512.jpg 768w, https:\/\/kunmedierne.dk\/mors\/wp-content\/uploads\/2022\/08\/Kulturmoede-Aabning-web-Fotograf-Per-Bille-220825-DSC05603-360x240.jpg 360w, https:\/\/kunmedierne.dk\/mors\/wp-content\/uploads\/2022\/08\/Kulturmoede-Aabning-web-Fotograf-Per-Bille-220825-DSC05603-600x400.jpg 600w\" sizes=\"auto, (max-width: 770px) 100vw, 770px\" \/><p id=\"caption-attachment-76451\" class=\"wp-caption-text\">Foto: Per Bille<\/p><\/div>\n","protected":false},"excerpt":{"rendered":"<p>MORS: Et kulturm\u00f8de er bedst, n\u00e5r man kan m\u00f8des om kulturen. Det kan tusindvis af morsingboer og g\u00e6ster p\u00e5 \u00f8en konstatere frem til l\u00f8rdag aften. Torsdag formiddag \u00e5bnede \u00e5rets udgave officielt, og en af dem, der gl\u00e6der sig over, at det igen er med fysisk fremm\u00f8de, er Hans Ejner Bertelsen (V), borgmester i Mors\u00f8 Kommune. [&hellip;]<\/p>\n","protected":false},"author":8,"featured_media":76446,"comment_status":"closed","ping_status":"open","sticky":false,"template":"","format":"standard","meta":{"_acf_changed":false,"footnotes":""},"categories":[49],"tags":[162],"class_list":["post-76441","post","type-post","status-publish","format-standard","has-post-thumbnail","hentry","category-kultur","tag-kulturmoedet"],"acf":[],"yoast_head":"<!-- This site is optimized with the Yoast SEO plugin v26.8 - https:\/\/yoast.com\/product\/yoast-seo-wordpress\/ -->\n<title>Festen er i gang: Kulturm\u00f8de nummer 10 er \u00e5bnet\u00a0 - Mors<\/title>\n<meta name=\"robots\" content=\"index, follow, max-snippet:-1, max-image-preview:large, max-video-preview:-1\" \/>\n<link rel=\"canonical\" href=\"https:\/\/kunmedierne.dk\/mors\/festen-er-i-gang-kulturmoede-nummer-10-er-aabnet\/\" \/>\n<meta property=\"og:locale\" content=\"da_DK\" \/>\n<meta property=\"og:type\" content=\"article\" \/>\n<meta property=\"og:title\" content=\"Festen er i gang: Kulturm\u00f8de nummer 10 er \u00e5bnet\u00a0 - Mors\" \/>\n<meta property=\"og:description\" content=\"MORS: Et kulturm\u00f8de er bedst, n\u00e5r man kan m\u00f8des om kulturen. Det kan tusindvis af morsingboer og g\u00e6ster p\u00e5 \u00f8en konstatere frem til l\u00f8rdag aften. Torsdag formiddag \u00e5bnede \u00e5rets udgave officielt, og en af dem, der gl\u00e6der sig over, at det igen er med fysisk fremm\u00f8de, er Hans Ejner Bertelsen (V), borgmester i Mors\u00f8 Kommune. [&hellip;]\" \/>\n<meta property=\"og:url\" content=\"https:\/\/kunmedierne.dk\/mors\/festen-er-i-gang-kulturmoede-nummer-10-er-aabnet\/\" \/>\n<meta property=\"og:site_name\" content=\"Mors\" \/>\n<meta property=\"article:published_time\" content=\"2022-08-25T14:52:35+00:00\" \/>\n<meta property=\"article:modified_time\" content=\"2024-08-12T11:27:30+00:00\" \/>\n<meta property=\"og:image\" content=\"https:\/\/kunmedierne.dk\/mors\/wp-content\/uploads\/2022\/08\/Kulturmoede-Aabning-web-Fotograf-Per-Bille-220825-DSA00939.jpg\" \/>\n\t<meta property=\"og:image:width\" content=\"770\" \/>\n\t<meta property=\"og:image:height\" content=\"514\" \/>\n\t<meta property=\"og:image:type\" content=\"image\/jpeg\" \/>\n<meta name=\"author\" content=\"David H\u00f8jmark\" \/>\n<meta name=\"twitter:card\" content=\"summary_large_image\" \/>\n<meta name=\"twitter:label1\" content=\"Skrevet af\" \/>\n\t<meta name=\"twitter:data1\" content=\"David H\u00f8jmark\" \/>\n\t<meta name=\"twitter:label2\" content=\"Estimeret l\u00e6setid\" \/>\n\t<meta name=\"twitter:data2\" content=\"3 minutter\" \/>\n<script type=\"application\/ld+json\" class=\"yoast-schema-graph\">{\"@context\":\"https:\/\/schema.org\",\"@graph\":[{\"@type\":\"Article\",\"@id\":\"https:\/\/kunmedierne.dk\/mors\/festen-er-i-gang-kulturmoede-nummer-10-er-aabnet\/#article\",\"isPartOf\":{\"@id\":\"https:\/\/kunmedierne.dk\/mors\/festen-er-i-gang-kulturmoede-nummer-10-er-aabnet\/\"},\"author\":{\"name\":\"David H\u00f8jmark\",\"@id\":\"https:\/\/kunmedierne.dk\/mors\/#\/schema\/person\/5fe23251bf1d0abbcdc6f7896579d548\"},\"headline\":\"Festen er i gang: Kulturm\u00f8de nummer 10 er \u00e5bnet\u00a0\",\"datePublished\":\"2022-08-25T14:52:35+00:00\",\"dateModified\":\"2024-08-12T11:27:30+00:00\",\"mainEntityOfPage\":{\"@id\":\"https:\/\/kunmedierne.dk\/mors\/festen-er-i-gang-kulturmoede-nummer-10-er-aabnet\/\"},\"wordCount\":682,\"publisher\":{\"@id\":\"https:\/\/kunmedierne.dk\/mors\/#organization\"},\"image\":{\"@id\":\"https:\/\/kunmedierne.dk\/mors\/festen-er-i-gang-kulturmoede-nummer-10-er-aabnet\/#primaryimage\"},\"thumbnailUrl\":\"https:\/\/kunmedierne.dk\/mors\/wp-content\/uploads\/2022\/08\/Kulturmoede-Aabning-web-Fotograf-Per-Bille-220825-DSA00939.jpg\",\"keywords\":[\"Kulturm\u00f8det\"],\"articleSection\":[\"Kultur\"],\"inLanguage\":\"da-DK\"},{\"@type\":\"WebPage\",\"@id\":\"https:\/\/kunmedierne.dk\/mors\/festen-er-i-gang-kulturmoede-nummer-10-er-aabnet\/\",\"url\":\"https:\/\/kunmedierne.dk\/mors\/festen-er-i-gang-kulturmoede-nummer-10-er-aabnet\/\",\"name\":\"Festen er i gang: Kulturm\u00f8de nummer 10 er \u00e5bnet\u00a0 - Mors\",\"isPartOf\":{\"@id\":\"https:\/\/kunmedierne.dk\/mors\/#website\"},\"primaryImageOfPage\":{\"@id\":\"https:\/\/kunmedierne.dk\/mors\/festen-er-i-gang-kulturmoede-nummer-10-er-aabnet\/#primaryimage\"},\"image\":{\"@id\":\"https:\/\/kunmedierne.dk\/mors\/festen-er-i-gang-kulturmoede-nummer-10-er-aabnet\/#primaryimage\"},\"thumbnailUrl\":\"https:\/\/kunmedierne.dk\/mors\/wp-content\/uploads\/2022\/08\/Kulturmoede-Aabning-web-Fotograf-Per-Bille-220825-DSA00939.jpg\",\"datePublished\":\"2022-08-25T14:52:35+00:00\",\"dateModified\":\"2024-08-12T11:27:30+00:00\",\"breadcrumb\":{\"@id\":\"https:\/\/kunmedierne.dk\/mors\/festen-er-i-gang-kulturmoede-nummer-10-er-aabnet\/#breadcrumb\"},\"inLanguage\":\"da-DK\",\"potentialAction\":[{\"@type\":\"ReadAction\",\"target\":[\"https:\/\/kunmedierne.dk\/mors\/festen-er-i-gang-kulturmoede-nummer-10-er-aabnet\/\"]}]},{\"@type\":\"ImageObject\",\"inLanguage\":\"da-DK\",\"@id\":\"https:\/\/kunmedierne.dk\/mors\/festen-er-i-gang-kulturmoede-nummer-10-er-aabnet\/#primaryimage\",\"url\":\"https:\/\/kunmedierne.dk\/mors\/wp-content\/uploads\/2022\/08\/Kulturmoede-Aabning-web-Fotograf-Per-Bille-220825-DSA00939.jpg\",\"contentUrl\":\"https:\/\/kunmedierne.dk\/mors\/wp-content\/uploads\/2022\/08\/Kulturmoede-Aabning-web-Fotograf-Per-Bille-220825-DSA00939.jpg\",\"width\":770,\"height\":514,\"caption\":\"Kulturm\u00f8det \u00e5bnede med farver og fremm\u00f8de. Foto: Per Bille\"},{\"@type\":\"BreadcrumbList\",\"@id\":\"https:\/\/kunmedierne.dk\/mors\/festen-er-i-gang-kulturmoede-nummer-10-er-aabnet\/#breadcrumb\",\"itemListElement\":[{\"@type\":\"ListItem\",\"position\":1,\"name\":\"Hjem\",\"item\":\"https:\/\/kunmedierne.dk\/mors\/\"},{\"@type\":\"ListItem\",\"position\":2,\"name\":\"Festen er i gang: Kulturm\u00f8de nummer 10 er \u00e5bnet\u00a0\"}]},{\"@type\":\"WebSite\",\"@id\":\"https:\/\/kunmedierne.dk\/mors\/#website\",\"url\":\"https:\/\/kunmedierne.dk\/mors\/\",\"name\":\"Mors\",\"description\":\"et netmedie med journalistik om livet p\u00e5 Mors\",\"publisher\":{\"@id\":\"https:\/\/kunmedierne.dk\/mors\/#organization\"},\"potentialAction\":[{\"@type\":\"SearchAction\",\"target\":{\"@type\":\"EntryPoint\",\"urlTemplate\":\"https:\/\/kunmedierne.dk\/mors\/?s={search_term_string}\"},\"query-input\":{\"@type\":\"PropertyValueSpecification\",\"valueRequired\":true,\"valueName\":\"search_term_string\"}}],\"inLanguage\":\"da-DK\"},{\"@type\":\"Organization\",\"@id\":\"https:\/\/kunmedierne.dk\/mors\/#organization\",\"name\":\"Mors\",\"url\":\"https:\/\/kunmedierne.dk\/mors\/\",\"logo\":{\"@type\":\"ImageObject\",\"inLanguage\":\"da-DK\",\"@id\":\"https:\/\/kunmedierne.dk\/mors\/#\/schema\/logo\/image\/\",\"url\":\"https:\/\/kunmedierne.dk\/mors\/wp-content\/uploads\/2024\/08\/kunmors-logo.svg\",\"contentUrl\":\"https:\/\/kunmedierne.dk\/mors\/wp-content\/uploads\/2024\/08\/kunmors-logo.svg\",\"caption\":\"Mors\"},\"image\":{\"@id\":\"https:\/\/kunmedierne.dk\/mors\/#\/schema\/logo\/image\/\"}},{\"@type\":\"Person\",\"@id\":\"https:\/\/kunmedierne.dk\/mors\/#\/schema\/person\/5fe23251bf1d0abbcdc6f7896579d548\",\"name\":\"David H\u00f8jmark\",\"image\":{\"@type\":\"ImageObject\",\"inLanguage\":\"da-DK\",\"@id\":\"https:\/\/kunmedierne.dk\/mors\/#\/schema\/person\/image\/\",\"url\":\"https:\/\/secure.gravatar.com\/avatar\/4315d6fb9ef244d729989f5f90268eb08d5bf8a3d84402f595fa194bb35784fd?s=96&d=mm&r=g\",\"contentUrl\":\"https:\/\/secure.gravatar.com\/avatar\/4315d6fb9ef244d729989f5f90268eb08d5bf8a3d84402f595fa194bb35784fd?s=96&d=mm&r=g\",\"caption\":\"David H\u00f8jmark\"},\"sameAs\":[\"https:\/\/www.kunmedierne.dk\"],\"url\":\"https:\/\/kunmedierne.dk\/mors\/author\/david\/\"}]}<\/script>\n<!-- \/ Yoast SEO plugin. -->","yoast_head_json":{"title":"Festen er i gang: Kulturm\u00f8de nummer 10 er \u00e5bnet\u00a0 - Mors","robots":{"index":"index","follow":"follow","max-snippet":"max-snippet:-1","max-image-preview":"max-image-preview:large","max-video-preview":"max-video-preview:-1"},"canonical":"https:\/\/kunmedierne.dk\/mors\/festen-er-i-gang-kulturmoede-nummer-10-er-aabnet\/","og_locale":"da_DK","og_type":"article","og_title":"Festen er i gang: Kulturm\u00f8de nummer 10 er \u00e5bnet\u00a0 - Mors","og_description":"MORS: Et kulturm\u00f8de er bedst, n\u00e5r man kan m\u00f8des om kulturen. Det kan tusindvis af morsingboer og g\u00e6ster p\u00e5 \u00f8en konstatere frem til l\u00f8rdag aften. Torsdag formiddag \u00e5bnede \u00e5rets udgave officielt, og en af dem, der gl\u00e6der sig over, at det igen er med fysisk fremm\u00f8de, er Hans Ejner Bertelsen (V), borgmester i Mors\u00f8 Kommune. [&hellip;]","og_url":"https:\/\/kunmedierne.dk\/mors\/festen-er-i-gang-kulturmoede-nummer-10-er-aabnet\/","og_site_name":"Mors","article_published_time":"2022-08-25T14:52:35+00:00","article_modified_time":"2024-08-12T11:27:30+00:00","og_image":[{"width":770,"height":514,"url":"https:\/\/kunmedierne.dk\/mors\/wp-content\/uploads\/2022\/08\/Kulturmoede-Aabning-web-Fotograf-Per-Bille-220825-DSA00939.jpg","type":"image\/jpeg"}],"author":"David H\u00f8jmark","twitter_card":"summary_large_image","twitter_misc":{"Skrevet af":"David H\u00f8jmark","Estimeret l\u00e6setid":"3 minutter"},"schema":{"@context":"https:\/\/schema.org","@graph":[{"@type":"Article","@id":"https:\/\/kunmedierne.dk\/mors\/festen-er-i-gang-kulturmoede-nummer-10-er-aabnet\/#article","isPartOf":{"@id":"https:\/\/kunmedierne.dk\/mors\/festen-er-i-gang-kulturmoede-nummer-10-er-aabnet\/"},"author":{"name":"David H\u00f8jmark","@id":"https:\/\/kunmedierne.dk\/mors\/#\/schema\/person\/5fe23251bf1d0abbcdc6f7896579d548"},"headline":"Festen er i gang: Kulturm\u00f8de nummer 10 er \u00e5bnet\u00a0","datePublished":"2022-08-25T14:52:35+00:00","dateModified":"2024-08-12T11:27:30+00:00","mainEntityOfPage":{"@id":"https:\/\/kunmedierne.dk\/mors\/festen-er-i-gang-kulturmoede-nummer-10-er-aabnet\/"},"wordCount":682,"publisher":{"@id":"https:\/\/kunmedierne.dk\/mors\/#organization"},"image":{"@id":"https:\/\/kunmedierne.dk\/mors\/festen-er-i-gang-kulturmoede-nummer-10-er-aabnet\/#primaryimage"},"thumbnailUrl":"https:\/\/kunmedierne.dk\/mors\/wp-content\/uploads\/2022\/08\/Kulturmoede-Aabning-web-Fotograf-Per-Bille-220825-DSA00939.jpg","keywords":["Kulturm\u00f8det"],"articleSection":["Kultur"],"inLanguage":"da-DK"},{"@type":"WebPage","@id":"https:\/\/kunmedierne.dk\/mors\/festen-er-i-gang-kulturmoede-nummer-10-er-aabnet\/","url":"https:\/\/kunmedierne.dk\/mors\/festen-er-i-gang-kulturmoede-nummer-10-er-aabnet\/","name":"Festen er i gang: Kulturm\u00f8de nummer 10 er \u00e5bnet\u00a0 - Mors","isPartOf":{"@id":"https:\/\/kunmedierne.dk\/mors\/#website"},"primaryImageOfPage":{"@id":"https:\/\/kunmedierne.dk\/mors\/festen-er-i-gang-kulturmoede-nummer-10-er-aabnet\/#primaryimage"},"image":{"@id":"https:\/\/kunmedierne.dk\/mors\/festen-er-i-gang-kulturmoede-nummer-10-er-aabnet\/#primaryimage"},"thumbnailUrl":"https:\/\/kunmedierne.dk\/mors\/wp-content\/uploads\/2022\/08\/Kulturmoede-Aabning-web-Fotograf-Per-Bille-220825-DSA00939.jpg","datePublished":"2022-08-25T14:52:35+00:00","dateModified":"2024-08-12T11:27:30+00:00","breadcrumb":{"@id":"https:\/\/kunmedierne.dk\/mors\/festen-er-i-gang-kulturmoede-nummer-10-er-aabnet\/#breadcrumb"},"inLanguage":"da-DK","potentialAction":[{"@type":"ReadAction","target":["https:\/\/kunmedierne.dk\/mors\/festen-er-i-gang-kulturmoede-nummer-10-er-aabnet\/"]}]},{"@type":"ImageObject","inLanguage":"da-DK","@id":"https:\/\/kunmedierne.dk\/mors\/festen-er-i-gang-kulturmoede-nummer-10-er-aabnet\/#primaryimage","url":"https:\/\/kunmedierne.dk\/mors\/wp-content\/uploads\/2022\/08\/Kulturmoede-Aabning-web-Fotograf-Per-Bille-220825-DSA00939.jpg","contentUrl":"https:\/\/kunmedierne.dk\/mors\/wp-content\/uploads\/2022\/08\/Kulturmoede-Aabning-web-Fotograf-Per-Bille-220825-DSA00939.jpg","width":770,"height":514,"caption":"Kulturm\u00f8det \u00e5bnede med farver og fremm\u00f8de. Foto: Per Bille"},{"@type":"BreadcrumbList","@id":"https:\/\/kunmedierne.dk\/mors\/festen-er-i-gang-kulturmoede-nummer-10-er-aabnet\/#breadcrumb","itemListElement":[{"@type":"ListItem","position":1,"name":"Hjem","item":"https:\/\/kunmedierne.dk\/mors\/"},{"@type":"ListItem","position":2,"name":"Festen er i gang: Kulturm\u00f8de nummer 10 er \u00e5bnet\u00a0"}]},{"@type":"WebSite","@id":"https:\/\/kunmedierne.dk\/mors\/#website","url":"https:\/\/kunmedierne.dk\/mors\/","name":"Mors","description":"et netmedie med journalistik om livet p\u00e5 Mors","publisher":{"@id":"https:\/\/kunmedierne.dk\/mors\/#organization"},"potentialAction":[{"@type":"SearchAction","target":{"@type":"EntryPoint","urlTemplate":"https:\/\/kunmedierne.dk\/mors\/?s={search_term_string}"},"query-input":{"@type":"PropertyValueSpecification","valueRequired":true,"valueName":"search_term_string"}}],"inLanguage":"da-DK"},{"@type":"Organization","@id":"https:\/\/kunmedierne.dk\/mors\/#organization","name":"Mors","url":"https:\/\/kunmedierne.dk\/mors\/","logo":{"@type":"ImageObject","inLanguage":"da-DK","@id":"https:\/\/kunmedierne.dk\/mors\/#\/schema\/logo\/image\/","url":"https:\/\/kunmedierne.dk\/mors\/wp-content\/uploads\/2024\/08\/kunmors-logo.svg","contentUrl":"https:\/\/kunmedierne.dk\/mors\/wp-content\/uploads\/2024\/08\/kunmors-logo.svg","caption":"Mors"},"image":{"@id":"https:\/\/kunmedierne.dk\/mors\/#\/schema\/logo\/image\/"}},{"@type":"Person","@id":"https:\/\/kunmedierne.dk\/mors\/#\/schema\/person\/5fe23251bf1d0abbcdc6f7896579d548","name":"David H\u00f8jmark","image":{"@type":"ImageObject","inLanguage":"da-DK","@id":"https:\/\/kunmedierne.dk\/mors\/#\/schema\/person\/image\/","url":"https:\/\/secure.gravatar.com\/avatar\/4315d6fb9ef244d729989f5f90268eb08d5bf8a3d84402f595fa194bb35784fd?s=96&d=mm&r=g","contentUrl":"https:\/\/secure.gravatar.com\/avatar\/4315d6fb9ef244d729989f5f90268eb08d5bf8a3d84402f595fa194bb35784fd?s=96&d=mm&r=g","caption":"David H\u00f8jmark"},"sameAs":["https:\/\/www.kunmedierne.dk"],"url":"https:\/\/kunmedierne.dk\/mors\/author\/david\/"}]}},"_links":{"self":[{"href":"https:\/\/kunmedierne.dk\/mors\/wp-json\/wp\/v2\/posts\/76441","targetHints":{"allow":["GET"]}}],"collection":[{"href":"https:\/\/kunmedierne.dk\/mors\/wp-json\/wp\/v2\/posts"}],"about":[{"href":"https:\/\/kunmedierne.dk\/mors\/wp-json\/wp\/v2\/types\/post"}],"author":[{"embeddable":true,"href":"https:\/\/kunmedierne.dk\/mors\/wp-json\/wp\/v2\/users\/8"}],"replies":[{"embeddable":true,"href":"https:\/\/kunmedierne.dk\/mors\/wp-json\/wp\/v2\/comments?post=76441"}],"version-history":[{"count":1,"href":"https:\/\/kunmedierne.dk\/mors\/wp-json\/wp\/v2\/posts\/76441\/revisions"}],"predecessor-version":[{"id":76457,"href":"https:\/\/kunmedierne.dk\/mors\/wp-json\/wp\/v2\/posts\/76441\/revisions\/76457"}],"wp:featuredmedia":[{"embeddable":true,"href":"https:\/\/kunmedierne.dk\/mors\/wp-json\/wp\/v2\/media\/76446"}],"wp:attachment":[{"href":"https:\/\/kunmedierne.dk\/mors\/wp-json\/wp\/v2\/media?parent=76441"}],"wp:term":[{"taxonomy":"category","embeddable":true,"href":"https:\/\/kunmedierne.dk\/mors\/wp-json\/wp\/v2\/categories?post=76441"},{"taxonomy":"post_tag","embeddable":true,"href":"https:\/\/kunmedierne.dk\/mors\/wp-json\/wp\/v2\/tags?post=76441"}],"curies":[{"name":"wp","href":"https:\/\/api.w.org\/{rel}","templated":true}]}}