{"id":76431,"date":"2022-08-25T13:34:58","date_gmt":"2022-08-25T11:34:58","guid":{"rendered":"https:\/\/kunmedierne.dk\/mors\/?p=76431"},"modified":"2024-08-12T13:27:30","modified_gmt":"2024-08-12T11:27:30","slug":"40-aar-paa-toemmergaarden-med-et-stemmebaand-i-topform","status":"publish","type":"post","link":"https:\/\/kunmedierne.dk\/mors\/40-aar-paa-toemmergaarden-med-et-stemmebaand-i-topform\/","title":{"rendered":"40 \u00e5r p\u00e5 T\u00f8mmerg\u00e5rden &#8211; med et stemmeb\u00e5nd i topform"},"content":{"rendered":"<p><b>NYK\u00d8BING<\/b>: Har du talt med Niels Dybdahl \u00e9n gang, beh\u00f8ver han ikke at pr\u00e6sentere sig for dig n\u00e6ste gang.<\/p>\n<p>S\u00e5dan har mange det med den glade s\u00e6lger fra T\u00f8mmerg\u00e5rden i Nyk\u00f8bing. Her har den rutinerede s\u00e6lger leveret igennem 40 \u00e5r &#8211; og fredag bliver han fejret med en reception for kunder, familie, kollegaer og venner af huset.<\/p>\n<p>&#8220;Han har en stor kontaktflade. Og han har jo en charme, s\u00e5 han f\u00e5r sig snakket til mange ting,&#8221; siger Klaus Hansen, direkt\u00f8r for T\u00f8mmerg\u00e5rden, der i sin tale til jubilaren kommer til at s\u00e6tte pris p\u00e5 netop det.<\/p>\n<a class=\"dvrt-link\" onClick=\"cdmtrack_click(111725,jQuery(this));return false\" href=\"https:\/\/www.thistedforsikring.dk\/?utm_source=partnerskaber&amp;utm_campaign=kun_mors\"><img decoding=\"async\" style=\"width:100%;\" src=\"https:\/\/kunmedierne.dk\/mors\/wp-content\/uploads\/2024\/02\/269409KunMors-ThistedFor-1.png\"><\/a><script>cdmtrack_view(111725);<\/script>\n<p>For det er med velkendt stemme og lige s\u00e5 velkendt h\u00f8jt hum\u00f8r, at Niels Dybdahl igennem fire \u00e5rtier har gjort handler p\u00e5 en s\u00e5 jordn\u00e6r m\u00e5de, at kunderne er kommet glade igen.<\/p>\n<p>&#8220;Mange synes, at det er befriende, at han snakker med dialekt, som han alle dage har gjort. Det g\u00f8r, at mange af vores leverand\u00f8rer og kunder bare skal snakke med ham \u00e9n gang for at kunne huske ham,&#8221; siger Klaus Hansen og tilf\u00f8jer, at det ogs\u00e5 g\u00e6lder for dem, der kun m\u00f8der Niels Dybdahl gennem telefonen.<\/p>\n<p>&#8220;Og det er ikke kun, fordi han snakker h\u00f8jt. Det er ogs\u00e5, fordi han kommer om med det p\u00e5 en god m\u00e5de,&#8221; siger han.<\/p>\n<p>&nbsp;<\/p>\n<p><b>Mentor for mange elever<\/b><\/p>\n<p>Niels Dybdahl har v\u00e6ret ansat p\u00e5 T\u00f8mmerg\u00e5rden siden 1. november 1981 &#8211; kun afbrudt af en ni m\u00e5neder som soldat og 14 dages ferie. Jubil\u00e6et var s\u00e5ledes 15. august, og det bliver fejret i morgen med tre timer, der ogs\u00e5 markerer en s\u00e6lger med mange bolde i luften.<\/p>\n<p>Klaus Hansen beskriver ham ogs\u00e5 som &#8216;et omvandrende leksikon&#8217;, der med gl\u00e6de tilegner sig ny viden i en IT-verden helt anderledes end den, han begyndte i som ung.<\/p>\n<a class=\"dvrt-link\" onClick=\"cdmtrack_click(104779,jQuery(this));return false\" href=\"https:\/\/morsoe-begravelsesforretning.dk\/\"><img decoding=\"async\" style=\"width:100%;\" src=\"https:\/\/kunmedierne.dk\/mors\/wp-content\/uploads\/2023\/11\/251215-morsoe-begravelsesforretning.jpg\"><\/a><script>cdmtrack_view(104779);<\/script>\n<p>&#8220;Han kan selvf\u00f8lgelig huske mange ting. Det er mange elever, han har v\u00e6ret mentor for, og han kan huske meget om, hvordan man byggede 10, 20 og 30 \u00e5r siden &#8211; men det er ikke s\u00e5dan, at han ikke f\u00f8lger med,&#8221; siger Klaus Hansen.<\/p>\n<p>Han fremh\u00e6ver ogs\u00e5 det sj\u00e6ldne i at n\u00e5 40 \u00e5r p\u00e5 samme virksomhed &#8211; og at en type som Niels Dybdahl er med til at holde hum\u00f8ret oppe i det daglige.<\/p>\n<p>&#8220;Han er god kollega &#8211; og han er meget, meget hj\u00e6lpsom i forhold til elever. Han kan ikke blive tr\u00e6t af at blive spurgt om noget, det tror jeg er vanskeligt,&#8221; siger han.<\/p>\n<p>&nbsp;<\/p>\n<p><b>H\u00f8j volumen p\u00e5 stemmeb\u00e5ndet<\/b><\/p>\n<p>Det er ogs\u00e5 vanskeligt at fange Niels Dybdahl p\u00e5 det forkerte ben rent hum\u00f8rm\u00e6ssigt, n\u00e5r han st\u00e5r p\u00e5 sidelinjen under en kamp med Nordvestmors BK.<\/p>\n<p>Klubformanden, der i de senere har set f\u00f8rsteholdet tage turen op i serie 1 og v\u00e6re \u00f8ens f\u00f8rende &#8211; for s\u00e5 at dumpe ned i serie 3 &#8211; lyder nogenlunde lige begejstret og h\u00f8jr\u00f8stet uanset spillernes niveau.<\/p>\n<a class=\"dvrt-link\" onClick=\"cdmtrack_click(111725,jQuery(this));return false\" href=\"https:\/\/www.thistedforsikring.dk\/?utm_source=partnerskaber&amp;utm_campaign=kun_mors\"><img decoding=\"async\" style=\"width:100%;\" src=\"https:\/\/kunmedierne.dk\/mors\/wp-content\/uploads\/2024\/02\/269409KunMors-ThistedFor-1.png\"><\/a><script>cdmtrack_view(111725);<\/script>\n<p>Og det med den h\u00f8je volumen p\u00e5 stemmeb\u00e5ndet har selvf\u00f8lgelig ogs\u00e5 v\u00e6ret en del af den arbejdsm\u00e6ssige personlighed.<\/p>\n<p>&#8220;Det er m\u00e5ske n\u00e6vnt for ham, at n\u00e5r vi sidder i et \u00e5bent kontorlandskab, skal vi m\u00e5ske ikke snakke helt s\u00e5 h\u00f8jt. Det kan godt v\u00e6re, at det er blevet n\u00e6vnt,&#8221; siger Klaus Hansen og tilf\u00f8jer:<\/p>\n<p>&#8220;Men det er jo der, charmen kommer ind, for han slipper jo afsted med det &#8211; p\u00e5 en god m\u00e5de.&#8221;<\/p>\n<p>T\u00f8mmerg\u00e5rden holder reception for Niels Dybdahl fredag fra klokken 12 til 15.<\/p>\n<blockquote>\n<h5><b>L\u00e6s KunMors som din daglige avis: Tilmeld dig KunMors-avisen nederst p\u00e5 siden. S\u00e5 f\u00e5r du dagens artikler i samlet form p\u00e5 e-mail hver dag lige efter klokken 17.<\/b><\/h5>\n<\/blockquote>\n","protected":false},"excerpt":{"rendered":"<p>NYK\u00d8BING: Har du talt med Niels Dybdahl \u00e9n gang, beh\u00f8ver han ikke at pr\u00e6sentere sig for dig n\u00e6ste gang. S\u00e5dan har mange det med den glade s\u00e6lger fra T\u00f8mmerg\u00e5rden i Nyk\u00f8bing. Her har den rutinerede s\u00e6lger leveret igennem 40 \u00e5r &#8211; og fredag bliver han fejret med en reception for kunder, familie, kollegaer og venner [&hellip;]<\/p>\n","protected":false},"author":8,"featured_media":76432,"comment_status":"closed","ping_status":"open","sticky":false,"template":"","format":"standard","meta":{"_acf_changed":false,"footnotes":""},"categories":[51,52],"tags":[159],"class_list":["post-76431","post","type-post","status-publish","format-standard","has-post-thumbnail","hentry","category-lokalt","category-navne","tag-erhverv"],"acf":[],"yoast_head":"<!-- This site is optimized with the Yoast SEO plugin v26.8 - https:\/\/yoast.com\/product\/yoast-seo-wordpress\/ -->\n<title>40 \u00e5r p\u00e5 T\u00f8mmerg\u00e5rden - med et stemmeb\u00e5nd i topform - Mors<\/title>\n<meta name=\"robots\" content=\"index, follow, max-snippet:-1, max-image-preview:large, max-video-preview:-1\" \/>\n<link rel=\"canonical\" href=\"https:\/\/kunmedierne.dk\/mors\/40-aar-paa-toemmergaarden-med-et-stemmebaand-i-topform\/\" \/>\n<meta property=\"og:locale\" content=\"da_DK\" \/>\n<meta property=\"og:type\" content=\"article\" \/>\n<meta property=\"og:title\" content=\"40 \u00e5r p\u00e5 T\u00f8mmerg\u00e5rden - med et stemmeb\u00e5nd i topform - Mors\" \/>\n<meta property=\"og:description\" content=\"NYK\u00d8BING: Har du talt med Niels Dybdahl \u00e9n gang, beh\u00f8ver han ikke at pr\u00e6sentere sig for dig n\u00e6ste gang. S\u00e5dan har mange det med den glade s\u00e6lger fra T\u00f8mmerg\u00e5rden i Nyk\u00f8bing. Her har den rutinerede s\u00e6lger leveret igennem 40 \u00e5r &#8211; og fredag bliver han fejret med en reception for kunder, familie, kollegaer og venner [&hellip;]\" \/>\n<meta property=\"og:url\" content=\"https:\/\/kunmedierne.dk\/mors\/40-aar-paa-toemmergaarden-med-et-stemmebaand-i-topform\/\" \/>\n<meta property=\"og:site_name\" content=\"Mors\" \/>\n<meta property=\"article:published_time\" content=\"2022-08-25T11:34:58+00:00\" \/>\n<meta property=\"article:modified_time\" content=\"2024-08-12T11:27:30+00:00\" \/>\n<meta property=\"og:image\" content=\"https:\/\/kunmedierne.dk\/mors\/wp-content\/uploads\/2022\/08\/nielsdybdahl.jpg\" \/>\n\t<meta property=\"og:image:width\" content=\"770\" \/>\n\t<meta property=\"og:image:height\" content=\"513\" \/>\n\t<meta property=\"og:image:type\" content=\"image\/jpeg\" \/>\n<meta name=\"author\" content=\"David H\u00f8jmark\" \/>\n<meta name=\"twitter:card\" content=\"summary_large_image\" \/>\n<meta name=\"twitter:label1\" content=\"Skrevet af\" \/>\n\t<meta name=\"twitter:data1\" content=\"David H\u00f8jmark\" \/>\n\t<meta name=\"twitter:label2\" content=\"Estimeret l\u00e6setid\" \/>\n\t<meta name=\"twitter:data2\" content=\"3 minutter\" \/>\n<script type=\"application\/ld+json\" class=\"yoast-schema-graph\">{\"@context\":\"https:\/\/schema.org\",\"@graph\":[{\"@type\":\"Article\",\"@id\":\"https:\/\/kunmedierne.dk\/mors\/40-aar-paa-toemmergaarden-med-et-stemmebaand-i-topform\/#article\",\"isPartOf\":{\"@id\":\"https:\/\/kunmedierne.dk\/mors\/40-aar-paa-toemmergaarden-med-et-stemmebaand-i-topform\/\"},\"author\":{\"name\":\"David H\u00f8jmark\",\"@id\":\"https:\/\/kunmedierne.dk\/mors\/#\/schema\/person\/5fe23251bf1d0abbcdc6f7896579d548\"},\"headline\":\"40 \u00e5r p\u00e5 T\u00f8mmerg\u00e5rden &#8211; med et stemmeb\u00e5nd i topform\",\"datePublished\":\"2022-08-25T11:34:58+00:00\",\"dateModified\":\"2024-08-12T11:27:30+00:00\",\"mainEntityOfPage\":{\"@id\":\"https:\/\/kunmedierne.dk\/mors\/40-aar-paa-toemmergaarden-med-et-stemmebaand-i-topform\/\"},\"wordCount\":654,\"publisher\":{\"@id\":\"https:\/\/kunmedierne.dk\/mors\/#organization\"},\"image\":{\"@id\":\"https:\/\/kunmedierne.dk\/mors\/40-aar-paa-toemmergaarden-med-et-stemmebaand-i-topform\/#primaryimage\"},\"thumbnailUrl\":\"https:\/\/kunmedierne.dk\/mors\/wp-content\/uploads\/2022\/08\/nielsdybdahl.jpg\",\"keywords\":[\"Erhverv\"],\"articleSection\":[\"Lokalt\",\"Navne\"],\"inLanguage\":\"da-DK\"},{\"@type\":\"WebPage\",\"@id\":\"https:\/\/kunmedierne.dk\/mors\/40-aar-paa-toemmergaarden-med-et-stemmebaand-i-topform\/\",\"url\":\"https:\/\/kunmedierne.dk\/mors\/40-aar-paa-toemmergaarden-med-et-stemmebaand-i-topform\/\",\"name\":\"40 \u00e5r p\u00e5 T\u00f8mmerg\u00e5rden - med et stemmeb\u00e5nd i topform - Mors\",\"isPartOf\":{\"@id\":\"https:\/\/kunmedierne.dk\/mors\/#website\"},\"primaryImageOfPage\":{\"@id\":\"https:\/\/kunmedierne.dk\/mors\/40-aar-paa-toemmergaarden-med-et-stemmebaand-i-topform\/#primaryimage\"},\"image\":{\"@id\":\"https:\/\/kunmedierne.dk\/mors\/40-aar-paa-toemmergaarden-med-et-stemmebaand-i-topform\/#primaryimage\"},\"thumbnailUrl\":\"https:\/\/kunmedierne.dk\/mors\/wp-content\/uploads\/2022\/08\/nielsdybdahl.jpg\",\"datePublished\":\"2022-08-25T11:34:58+00:00\",\"dateModified\":\"2024-08-12T11:27:30+00:00\",\"breadcrumb\":{\"@id\":\"https:\/\/kunmedierne.dk\/mors\/40-aar-paa-toemmergaarden-med-et-stemmebaand-i-topform\/#breadcrumb\"},\"inLanguage\":\"da-DK\",\"potentialAction\":[{\"@type\":\"ReadAction\",\"target\":[\"https:\/\/kunmedierne.dk\/mors\/40-aar-paa-toemmergaarden-med-et-stemmebaand-i-topform\/\"]}]},{\"@type\":\"ImageObject\",\"inLanguage\":\"da-DK\",\"@id\":\"https:\/\/kunmedierne.dk\/mors\/40-aar-paa-toemmergaarden-med-et-stemmebaand-i-topform\/#primaryimage\",\"url\":\"https:\/\/kunmedierne.dk\/mors\/wp-content\/uploads\/2022\/08\/nielsdybdahl.jpg\",\"contentUrl\":\"https:\/\/kunmedierne.dk\/mors\/wp-content\/uploads\/2022\/08\/nielsdybdahl.jpg\",\"width\":770,\"height\":513,\"caption\":\"Niels Dybdahl, 40 \u00e5r hos XL-Byg T\u00f8mmerg\u00e5rden i Nyk\u00f8bing. Privatfoto\"},{\"@type\":\"BreadcrumbList\",\"@id\":\"https:\/\/kunmedierne.dk\/mors\/40-aar-paa-toemmergaarden-med-et-stemmebaand-i-topform\/#breadcrumb\",\"itemListElement\":[{\"@type\":\"ListItem\",\"position\":1,\"name\":\"Hjem\",\"item\":\"https:\/\/kunmedierne.dk\/mors\/\"},{\"@type\":\"ListItem\",\"position\":2,\"name\":\"40 \u00e5r p\u00e5 T\u00f8mmerg\u00e5rden &#8211; med et stemmeb\u00e5nd i topform\"}]},{\"@type\":\"WebSite\",\"@id\":\"https:\/\/kunmedierne.dk\/mors\/#website\",\"url\":\"https:\/\/kunmedierne.dk\/mors\/\",\"name\":\"Mors\",\"description\":\"et netmedie med journalistik om livet p\u00e5 Mors\",\"publisher\":{\"@id\":\"https:\/\/kunmedierne.dk\/mors\/#organization\"},\"potentialAction\":[{\"@type\":\"SearchAction\",\"target\":{\"@type\":\"EntryPoint\",\"urlTemplate\":\"https:\/\/kunmedierne.dk\/mors\/?s={search_term_string}\"},\"query-input\":{\"@type\":\"PropertyValueSpecification\",\"valueRequired\":true,\"valueName\":\"search_term_string\"}}],\"inLanguage\":\"da-DK\"},{\"@type\":\"Organization\",\"@id\":\"https:\/\/kunmedierne.dk\/mors\/#organization\",\"name\":\"Mors\",\"url\":\"https:\/\/kunmedierne.dk\/mors\/\",\"logo\":{\"@type\":\"ImageObject\",\"inLanguage\":\"da-DK\",\"@id\":\"https:\/\/kunmedierne.dk\/mors\/#\/schema\/logo\/image\/\",\"url\":\"https:\/\/kunmedierne.dk\/mors\/wp-content\/uploads\/2024\/08\/kunmors-logo.svg\",\"contentUrl\":\"https:\/\/kunmedierne.dk\/mors\/wp-content\/uploads\/2024\/08\/kunmors-logo.svg\",\"caption\":\"Mors\"},\"image\":{\"@id\":\"https:\/\/kunmedierne.dk\/mors\/#\/schema\/logo\/image\/\"}},{\"@type\":\"Person\",\"@id\":\"https:\/\/kunmedierne.dk\/mors\/#\/schema\/person\/5fe23251bf1d0abbcdc6f7896579d548\",\"name\":\"David H\u00f8jmark\",\"image\":{\"@type\":\"ImageObject\",\"inLanguage\":\"da-DK\",\"@id\":\"https:\/\/kunmedierne.dk\/mors\/#\/schema\/person\/image\/\",\"url\":\"https:\/\/secure.gravatar.com\/avatar\/4315d6fb9ef244d729989f5f90268eb08d5bf8a3d84402f595fa194bb35784fd?s=96&d=mm&r=g\",\"contentUrl\":\"https:\/\/secure.gravatar.com\/avatar\/4315d6fb9ef244d729989f5f90268eb08d5bf8a3d84402f595fa194bb35784fd?s=96&d=mm&r=g\",\"caption\":\"David H\u00f8jmark\"},\"sameAs\":[\"https:\/\/www.kunmedierne.dk\"],\"url\":\"https:\/\/kunmedierne.dk\/mors\/author\/david\/\"}]}<\/script>\n<!-- \/ Yoast SEO plugin. -->","yoast_head_json":{"title":"40 \u00e5r p\u00e5 T\u00f8mmerg\u00e5rden - med et stemmeb\u00e5nd i topform - Mors","robots":{"index":"index","follow":"follow","max-snippet":"max-snippet:-1","max-image-preview":"max-image-preview:large","max-video-preview":"max-video-preview:-1"},"canonical":"https:\/\/kunmedierne.dk\/mors\/40-aar-paa-toemmergaarden-med-et-stemmebaand-i-topform\/","og_locale":"da_DK","og_type":"article","og_title":"40 \u00e5r p\u00e5 T\u00f8mmerg\u00e5rden - med et stemmeb\u00e5nd i topform - Mors","og_description":"NYK\u00d8BING: Har du talt med Niels Dybdahl \u00e9n gang, beh\u00f8ver han ikke at pr\u00e6sentere sig for dig n\u00e6ste gang. S\u00e5dan har mange det med den glade s\u00e6lger fra T\u00f8mmerg\u00e5rden i Nyk\u00f8bing. Her har den rutinerede s\u00e6lger leveret igennem 40 \u00e5r &#8211; og fredag bliver han fejret med en reception for kunder, familie, kollegaer og venner [&hellip;]","og_url":"https:\/\/kunmedierne.dk\/mors\/40-aar-paa-toemmergaarden-med-et-stemmebaand-i-topform\/","og_site_name":"Mors","article_published_time":"2022-08-25T11:34:58+00:00","article_modified_time":"2024-08-12T11:27:30+00:00","og_image":[{"width":770,"height":513,"url":"https:\/\/kunmedierne.dk\/mors\/wp-content\/uploads\/2022\/08\/nielsdybdahl.jpg","type":"image\/jpeg"}],"author":"David H\u00f8jmark","twitter_card":"summary_large_image","twitter_misc":{"Skrevet af":"David H\u00f8jmark","Estimeret l\u00e6setid":"3 minutter"},"schema":{"@context":"https:\/\/schema.org","@graph":[{"@type":"Article","@id":"https:\/\/kunmedierne.dk\/mors\/40-aar-paa-toemmergaarden-med-et-stemmebaand-i-topform\/#article","isPartOf":{"@id":"https:\/\/kunmedierne.dk\/mors\/40-aar-paa-toemmergaarden-med-et-stemmebaand-i-topform\/"},"author":{"name":"David H\u00f8jmark","@id":"https:\/\/kunmedierne.dk\/mors\/#\/schema\/person\/5fe23251bf1d0abbcdc6f7896579d548"},"headline":"40 \u00e5r p\u00e5 T\u00f8mmerg\u00e5rden &#8211; med et stemmeb\u00e5nd i topform","datePublished":"2022-08-25T11:34:58+00:00","dateModified":"2024-08-12T11:27:30+00:00","mainEntityOfPage":{"@id":"https:\/\/kunmedierne.dk\/mors\/40-aar-paa-toemmergaarden-med-et-stemmebaand-i-topform\/"},"wordCount":654,"publisher":{"@id":"https:\/\/kunmedierne.dk\/mors\/#organization"},"image":{"@id":"https:\/\/kunmedierne.dk\/mors\/40-aar-paa-toemmergaarden-med-et-stemmebaand-i-topform\/#primaryimage"},"thumbnailUrl":"https:\/\/kunmedierne.dk\/mors\/wp-content\/uploads\/2022\/08\/nielsdybdahl.jpg","keywords":["Erhverv"],"articleSection":["Lokalt","Navne"],"inLanguage":"da-DK"},{"@type":"WebPage","@id":"https:\/\/kunmedierne.dk\/mors\/40-aar-paa-toemmergaarden-med-et-stemmebaand-i-topform\/","url":"https:\/\/kunmedierne.dk\/mors\/40-aar-paa-toemmergaarden-med-et-stemmebaand-i-topform\/","name":"40 \u00e5r p\u00e5 T\u00f8mmerg\u00e5rden - med et stemmeb\u00e5nd i topform - Mors","isPartOf":{"@id":"https:\/\/kunmedierne.dk\/mors\/#website"},"primaryImageOfPage":{"@id":"https:\/\/kunmedierne.dk\/mors\/40-aar-paa-toemmergaarden-med-et-stemmebaand-i-topform\/#primaryimage"},"image":{"@id":"https:\/\/kunmedierne.dk\/mors\/40-aar-paa-toemmergaarden-med-et-stemmebaand-i-topform\/#primaryimage"},"thumbnailUrl":"https:\/\/kunmedierne.dk\/mors\/wp-content\/uploads\/2022\/08\/nielsdybdahl.jpg","datePublished":"2022-08-25T11:34:58+00:00","dateModified":"2024-08-12T11:27:30+00:00","breadcrumb":{"@id":"https:\/\/kunmedierne.dk\/mors\/40-aar-paa-toemmergaarden-med-et-stemmebaand-i-topform\/#breadcrumb"},"inLanguage":"da-DK","potentialAction":[{"@type":"ReadAction","target":["https:\/\/kunmedierne.dk\/mors\/40-aar-paa-toemmergaarden-med-et-stemmebaand-i-topform\/"]}]},{"@type":"ImageObject","inLanguage":"da-DK","@id":"https:\/\/kunmedierne.dk\/mors\/40-aar-paa-toemmergaarden-med-et-stemmebaand-i-topform\/#primaryimage","url":"https:\/\/kunmedierne.dk\/mors\/wp-content\/uploads\/2022\/08\/nielsdybdahl.jpg","contentUrl":"https:\/\/kunmedierne.dk\/mors\/wp-content\/uploads\/2022\/08\/nielsdybdahl.jpg","width":770,"height":513,"caption":"Niels Dybdahl, 40 \u00e5r hos XL-Byg T\u00f8mmerg\u00e5rden i Nyk\u00f8bing. Privatfoto"},{"@type":"BreadcrumbList","@id":"https:\/\/kunmedierne.dk\/mors\/40-aar-paa-toemmergaarden-med-et-stemmebaand-i-topform\/#breadcrumb","itemListElement":[{"@type":"ListItem","position":1,"name":"Hjem","item":"https:\/\/kunmedierne.dk\/mors\/"},{"@type":"ListItem","position":2,"name":"40 \u00e5r p\u00e5 T\u00f8mmerg\u00e5rden &#8211; med et stemmeb\u00e5nd i topform"}]},{"@type":"WebSite","@id":"https:\/\/kunmedierne.dk\/mors\/#website","url":"https:\/\/kunmedierne.dk\/mors\/","name":"Mors","description":"et netmedie med journalistik om livet p\u00e5 Mors","publisher":{"@id":"https:\/\/kunmedierne.dk\/mors\/#organization"},"potentialAction":[{"@type":"SearchAction","target":{"@type":"EntryPoint","urlTemplate":"https:\/\/kunmedierne.dk\/mors\/?s={search_term_string}"},"query-input":{"@type":"PropertyValueSpecification","valueRequired":true,"valueName":"search_term_string"}}],"inLanguage":"da-DK"},{"@type":"Organization","@id":"https:\/\/kunmedierne.dk\/mors\/#organization","name":"Mors","url":"https:\/\/kunmedierne.dk\/mors\/","logo":{"@type":"ImageObject","inLanguage":"da-DK","@id":"https:\/\/kunmedierne.dk\/mors\/#\/schema\/logo\/image\/","url":"https:\/\/kunmedierne.dk\/mors\/wp-content\/uploads\/2024\/08\/kunmors-logo.svg","contentUrl":"https:\/\/kunmedierne.dk\/mors\/wp-content\/uploads\/2024\/08\/kunmors-logo.svg","caption":"Mors"},"image":{"@id":"https:\/\/kunmedierne.dk\/mors\/#\/schema\/logo\/image\/"}},{"@type":"Person","@id":"https:\/\/kunmedierne.dk\/mors\/#\/schema\/person\/5fe23251bf1d0abbcdc6f7896579d548","name":"David H\u00f8jmark","image":{"@type":"ImageObject","inLanguage":"da-DK","@id":"https:\/\/kunmedierne.dk\/mors\/#\/schema\/person\/image\/","url":"https:\/\/secure.gravatar.com\/avatar\/4315d6fb9ef244d729989f5f90268eb08d5bf8a3d84402f595fa194bb35784fd?s=96&d=mm&r=g","contentUrl":"https:\/\/secure.gravatar.com\/avatar\/4315d6fb9ef244d729989f5f90268eb08d5bf8a3d84402f595fa194bb35784fd?s=96&d=mm&r=g","caption":"David H\u00f8jmark"},"sameAs":["https:\/\/www.kunmedierne.dk"],"url":"https:\/\/kunmedierne.dk\/mors\/author\/david\/"}]}},"_links":{"self":[{"href":"https:\/\/kunmedierne.dk\/mors\/wp-json\/wp\/v2\/posts\/76431","targetHints":{"allow":["GET"]}}],"collection":[{"href":"https:\/\/kunmedierne.dk\/mors\/wp-json\/wp\/v2\/posts"}],"about":[{"href":"https:\/\/kunmedierne.dk\/mors\/wp-json\/wp\/v2\/types\/post"}],"author":[{"embeddable":true,"href":"https:\/\/kunmedierne.dk\/mors\/wp-json\/wp\/v2\/users\/8"}],"replies":[{"embeddable":true,"href":"https:\/\/kunmedierne.dk\/mors\/wp-json\/wp\/v2\/comments?post=76431"}],"version-history":[{"count":1,"href":"https:\/\/kunmedierne.dk\/mors\/wp-json\/wp\/v2\/posts\/76431\/revisions"}],"predecessor-version":[{"id":76433,"href":"https:\/\/kunmedierne.dk\/mors\/wp-json\/wp\/v2\/posts\/76431\/revisions\/76433"}],"wp:featuredmedia":[{"embeddable":true,"href":"https:\/\/kunmedierne.dk\/mors\/wp-json\/wp\/v2\/media\/76432"}],"wp:attachment":[{"href":"https:\/\/kunmedierne.dk\/mors\/wp-json\/wp\/v2\/media?parent=76431"}],"wp:term":[{"taxonomy":"category","embeddable":true,"href":"https:\/\/kunmedierne.dk\/mors\/wp-json\/wp\/v2\/categories?post=76431"},{"taxonomy":"post_tag","embeddable":true,"href":"https:\/\/kunmedierne.dk\/mors\/wp-json\/wp\/v2\/tags?post=76431"}],"curies":[{"name":"wp","href":"https:\/\/api.w.org\/{rel}","templated":true}]}}