{"id":76399,"date":"2022-08-24T23:24:42","date_gmt":"2022-08-24T21:24:42","guid":{"rendered":"https:\/\/kunmedierne.dk\/mors\/?p=76399"},"modified":"2024-08-12T13:27:30","modified_gmt":"2024-08-12T11:27:30","slug":"kirkebussen-klar-med-fokus-paa-naeste-generation","status":"publish","type":"post","link":"https:\/\/kunmedierne.dk\/mors\/kirkebussen-klar-med-fokus-paa-naeste-generation\/","title":{"rendered":"Kirkebussen klar med fokus p\u00e5 n\u00e6ste generation"},"content":{"rendered":"<p><strong>MORS<\/strong>: Hvordan kan vi favne alle uden at miste vores identitet?<\/p>\n<p>S\u00e5dan lyder sp\u00f8rgsm\u00e5let med et fokus p\u00e5 n\u00e6ste generation fra Kirkebussen p\u00e5 Kulturm\u00f8det, der ogs\u00e5 i \u00e5r har strikket et varieret program sammen.<\/p>\n<p>B\u00e5de den nuv\u00e6rende biskop, Thomas Reinholdt Rasmussen, og forg\u00e6ngeren Henning Toft Bro er at finde p\u00e5 forskellige tilbud under de tre dage, der \u00e5bner torsdag klokken 14.30 med f\u00e6llessang ved kirkebussen p\u00e5 Klostertorvet.<\/p>\n<a class=\"dvrt-link\" onClick=\"cdmtrack_click(169437,jQuery(this));return false\" href=\"https:\/\/thymors.dk\/sponsorater\/15-til-faellesskabet?utm_source=kunmors&amp;utm_medium=annonce&amp;utm_campaign=sponsorater\"><img decoding=\"async\" style=\"width:100%;\" src=\"https:\/\/kunmedierne.dk\/mors\/wp-content\/uploads\/2026\/03\/260407ThyMors-energi_faellesskab_generel-1.jpg\"><\/a><script>cdmtrack_view(169437);<\/script>\n<p>&#8220;En stor gruppe lokale kr\u00e6fter st\u00e5r endnu en gang sammen om et arrangement p\u00e5 Klostertorvet ved L\u00f8vbjerg.\u00a0De mange lokale kr\u00e6fter er fra hele \u00f8en! Der bliver sat en scene op, lige som de andre \u00e5r, og her foreg\u00e5r det hele omkring,&#8221; lyder det fra Randi Ottosen, en af de frivillige bag initiativet.<\/p>\n<p>Du kan se hele programmet for Kirkebussen p\u00e5 Kulturm\u00f8det herunder.<\/p>\n<p><img loading=\"lazy\" decoding=\"async\" class=\"alignleft size-full wp-image-76400\" src=\"https:\/\/kunmedierne.dk\/mors\/wp-content\/uploads\/2022\/08\/kirkebussen.jpg\" alt=\"\" width=\"770\" height=\"1044\" srcset=\"https:\/\/kunmedierne.dk\/mors\/wp-content\/uploads\/2022\/08\/kirkebussen.jpg 770w, https:\/\/kunmedierne.dk\/mors\/wp-content\/uploads\/2022\/08\/kirkebussen-221x300.jpg 221w, https:\/\/kunmedierne.dk\/mors\/wp-content\/uploads\/2022\/08\/kirkebussen-755x1024.jpg 755w, https:\/\/kunmedierne.dk\/mors\/wp-content\/uploads\/2022\/08\/kirkebussen-768x1041.jpg 768w, https:\/\/kunmedierne.dk\/mors\/wp-content\/uploads\/2022\/08\/kirkebussen-600x814.jpg 600w\" sizes=\"auto, (max-width: 770px) 100vw, 770px\" \/><\/p>\n","protected":false},"excerpt":{"rendered":"<p>MORS: Hvordan kan vi favne alle uden at miste vores identitet? S\u00e5dan lyder sp\u00f8rgsm\u00e5let med et fokus p\u00e5 n\u00e6ste generation fra Kirkebussen p\u00e5 Kulturm\u00f8det, der ogs\u00e5 i \u00e5r har strikket et varieret program sammen. B\u00e5de den nuv\u00e6rende biskop, Thomas Reinholdt Rasmussen, og forg\u00e6ngeren Henning Toft Bro er at finde p\u00e5 forskellige tilbud under de tre [&hellip;]<\/p>\n","protected":false},"author":8,"featured_media":76401,"comment_status":"closed","ping_status":"open","sticky":false,"template":"","format":"standard","meta":{"_acf_changed":false,"footnotes":""},"categories":[49],"tags":[161,162],"class_list":["post-76399","post","type-post","status-publish","format-standard","has-post-thumbnail","hentry","category-kultur","tag-kirker","tag-kulturmoedet"],"acf":[],"yoast_head":"<!-- This site is optimized with the Yoast SEO plugin v26.8 - https:\/\/yoast.com\/product\/yoast-seo-wordpress\/ -->\n<title>Kirkebussen klar med fokus p\u00e5 n\u00e6ste generation - Mors<\/title>\n<meta name=\"robots\" content=\"index, follow, max-snippet:-1, max-image-preview:large, max-video-preview:-1\" \/>\n<link rel=\"canonical\" href=\"https:\/\/kunmedierne.dk\/mors\/kirkebussen-klar-med-fokus-paa-naeste-generation\/\" \/>\n<meta property=\"og:locale\" content=\"da_DK\" \/>\n<meta property=\"og:type\" content=\"article\" \/>\n<meta property=\"og:title\" content=\"Kirkebussen klar med fokus p\u00e5 n\u00e6ste generation - Mors\" \/>\n<meta property=\"og:description\" content=\"MORS: Hvordan kan vi favne alle uden at miste vores identitet? S\u00e5dan lyder sp\u00f8rgsm\u00e5let med et fokus p\u00e5 n\u00e6ste generation fra Kirkebussen p\u00e5 Kulturm\u00f8det, der ogs\u00e5 i \u00e5r har strikket et varieret program sammen. B\u00e5de den nuv\u00e6rende biskop, Thomas Reinholdt Rasmussen, og forg\u00e6ngeren Henning Toft Bro er at finde p\u00e5 forskellige tilbud under de tre [&hellip;]\" \/>\n<meta property=\"og:url\" content=\"https:\/\/kunmedierne.dk\/mors\/kirkebussen-klar-med-fokus-paa-naeste-generation\/\" \/>\n<meta property=\"og:site_name\" content=\"Mors\" \/>\n<meta property=\"article:published_time\" content=\"2022-08-24T21:24:42+00:00\" \/>\n<meta property=\"article:modified_time\" content=\"2024-08-12T11:27:30+00:00\" \/>\n<meta property=\"og:image\" content=\"https:\/\/kunmedierne.dk\/mors\/wp-content\/uploads\/2022\/08\/IMG_1507-loevbjerg.jpg\" \/>\n\t<meta property=\"og:image:width\" content=\"770\" \/>\n\t<meta property=\"og:image:height\" content=\"513\" \/>\n\t<meta property=\"og:image:type\" content=\"image\/jpeg\" \/>\n<meta name=\"author\" content=\"David H\u00f8jmark\" \/>\n<meta name=\"twitter:card\" content=\"summary_large_image\" \/>\n<meta name=\"twitter:label1\" content=\"Skrevet af\" \/>\n\t<meta name=\"twitter:data1\" content=\"David H\u00f8jmark\" \/>\n\t<meta name=\"twitter:label2\" content=\"Estimeret l\u00e6setid\" \/>\n\t<meta name=\"twitter:data2\" content=\"1 minut\" \/>\n<script type=\"application\/ld+json\" class=\"yoast-schema-graph\">{\"@context\":\"https:\/\/schema.org\",\"@graph\":[{\"@type\":\"Article\",\"@id\":\"https:\/\/kunmedierne.dk\/mors\/kirkebussen-klar-med-fokus-paa-naeste-generation\/#article\",\"isPartOf\":{\"@id\":\"https:\/\/kunmedierne.dk\/mors\/kirkebussen-klar-med-fokus-paa-naeste-generation\/\"},\"author\":{\"name\":\"David H\u00f8jmark\",\"@id\":\"https:\/\/kunmedierne.dk\/mors\/#\/schema\/person\/5fe23251bf1d0abbcdc6f7896579d548\"},\"headline\":\"Kirkebussen klar med fokus p\u00e5 n\u00e6ste generation\",\"datePublished\":\"2022-08-24T21:24:42+00:00\",\"dateModified\":\"2024-08-12T11:27:30+00:00\",\"mainEntityOfPage\":{\"@id\":\"https:\/\/kunmedierne.dk\/mors\/kirkebussen-klar-med-fokus-paa-naeste-generation\/\"},\"wordCount\":154,\"publisher\":{\"@id\":\"https:\/\/kunmedierne.dk\/mors\/#organization\"},\"image\":{\"@id\":\"https:\/\/kunmedierne.dk\/mors\/kirkebussen-klar-med-fokus-paa-naeste-generation\/#primaryimage\"},\"thumbnailUrl\":\"https:\/\/kunmedierne.dk\/mors\/wp-content\/uploads\/2022\/08\/IMG_1507-loevbjerg.jpg\",\"keywords\":[\"Kirkestof\",\"Kulturm\u00f8det\"],\"articleSection\":[\"Kultur\"],\"inLanguage\":\"da-DK\"},{\"@type\":\"WebPage\",\"@id\":\"https:\/\/kunmedierne.dk\/mors\/kirkebussen-klar-med-fokus-paa-naeste-generation\/\",\"url\":\"https:\/\/kunmedierne.dk\/mors\/kirkebussen-klar-med-fokus-paa-naeste-generation\/\",\"name\":\"Kirkebussen klar med fokus p\u00e5 n\u00e6ste generation - Mors\",\"isPartOf\":{\"@id\":\"https:\/\/kunmedierne.dk\/mors\/#website\"},\"primaryImageOfPage\":{\"@id\":\"https:\/\/kunmedierne.dk\/mors\/kirkebussen-klar-med-fokus-paa-naeste-generation\/#primaryimage\"},\"image\":{\"@id\":\"https:\/\/kunmedierne.dk\/mors\/kirkebussen-klar-med-fokus-paa-naeste-generation\/#primaryimage\"},\"thumbnailUrl\":\"https:\/\/kunmedierne.dk\/mors\/wp-content\/uploads\/2022\/08\/IMG_1507-loevbjerg.jpg\",\"datePublished\":\"2022-08-24T21:24:42+00:00\",\"dateModified\":\"2024-08-12T11:27:30+00:00\",\"breadcrumb\":{\"@id\":\"https:\/\/kunmedierne.dk\/mors\/kirkebussen-klar-med-fokus-paa-naeste-generation\/#breadcrumb\"},\"inLanguage\":\"da-DK\",\"potentialAction\":[{\"@type\":\"ReadAction\",\"target\":[\"https:\/\/kunmedierne.dk\/mors\/kirkebussen-klar-med-fokus-paa-naeste-generation\/\"]}]},{\"@type\":\"ImageObject\",\"inLanguage\":\"da-DK\",\"@id\":\"https:\/\/kunmedierne.dk\/mors\/kirkebussen-klar-med-fokus-paa-naeste-generation\/#primaryimage\",\"url\":\"https:\/\/kunmedierne.dk\/mors\/wp-content\/uploads\/2022\/08\/IMG_1507-loevbjerg.jpg\",\"contentUrl\":\"https:\/\/kunmedierne.dk\/mors\/wp-content\/uploads\/2022\/08\/IMG_1507-loevbjerg.jpg\",\"width\":770,\"height\":513,\"caption\":\"Her vil Kirkebussen p\u00e5 Kulturm\u00f8det byde p\u00e5 indslag fra torsdag til s\u00f8ndag.\"},{\"@type\":\"BreadcrumbList\",\"@id\":\"https:\/\/kunmedierne.dk\/mors\/kirkebussen-klar-med-fokus-paa-naeste-generation\/#breadcrumb\",\"itemListElement\":[{\"@type\":\"ListItem\",\"position\":1,\"name\":\"Hjem\",\"item\":\"https:\/\/kunmedierne.dk\/mors\/\"},{\"@type\":\"ListItem\",\"position\":2,\"name\":\"Kirkebussen klar med fokus p\u00e5 n\u00e6ste generation\"}]},{\"@type\":\"WebSite\",\"@id\":\"https:\/\/kunmedierne.dk\/mors\/#website\",\"url\":\"https:\/\/kunmedierne.dk\/mors\/\",\"name\":\"Mors\",\"description\":\"et netmedie med journalistik om livet p\u00e5 Mors\",\"publisher\":{\"@id\":\"https:\/\/kunmedierne.dk\/mors\/#organization\"},\"potentialAction\":[{\"@type\":\"SearchAction\",\"target\":{\"@type\":\"EntryPoint\",\"urlTemplate\":\"https:\/\/kunmedierne.dk\/mors\/?s={search_term_string}\"},\"query-input\":{\"@type\":\"PropertyValueSpecification\",\"valueRequired\":true,\"valueName\":\"search_term_string\"}}],\"inLanguage\":\"da-DK\"},{\"@type\":\"Organization\",\"@id\":\"https:\/\/kunmedierne.dk\/mors\/#organization\",\"name\":\"Mors\",\"url\":\"https:\/\/kunmedierne.dk\/mors\/\",\"logo\":{\"@type\":\"ImageObject\",\"inLanguage\":\"da-DK\",\"@id\":\"https:\/\/kunmedierne.dk\/mors\/#\/schema\/logo\/image\/\",\"url\":\"https:\/\/kunmedierne.dk\/mors\/wp-content\/uploads\/2024\/08\/kunmors-logo.svg\",\"contentUrl\":\"https:\/\/kunmedierne.dk\/mors\/wp-content\/uploads\/2024\/08\/kunmors-logo.svg\",\"caption\":\"Mors\"},\"image\":{\"@id\":\"https:\/\/kunmedierne.dk\/mors\/#\/schema\/logo\/image\/\"}},{\"@type\":\"Person\",\"@id\":\"https:\/\/kunmedierne.dk\/mors\/#\/schema\/person\/5fe23251bf1d0abbcdc6f7896579d548\",\"name\":\"David H\u00f8jmark\",\"image\":{\"@type\":\"ImageObject\",\"inLanguage\":\"da-DK\",\"@id\":\"https:\/\/kunmedierne.dk\/mors\/#\/schema\/person\/image\/\",\"url\":\"https:\/\/secure.gravatar.com\/avatar\/4315d6fb9ef244d729989f5f90268eb08d5bf8a3d84402f595fa194bb35784fd?s=96&d=mm&r=g\",\"contentUrl\":\"https:\/\/secure.gravatar.com\/avatar\/4315d6fb9ef244d729989f5f90268eb08d5bf8a3d84402f595fa194bb35784fd?s=96&d=mm&r=g\",\"caption\":\"David H\u00f8jmark\"},\"sameAs\":[\"https:\/\/www.kunmedierne.dk\"],\"url\":\"https:\/\/kunmedierne.dk\/mors\/author\/david\/\"}]}<\/script>\n<!-- \/ Yoast SEO plugin. -->","yoast_head_json":{"title":"Kirkebussen klar med fokus p\u00e5 n\u00e6ste generation - Mors","robots":{"index":"index","follow":"follow","max-snippet":"max-snippet:-1","max-image-preview":"max-image-preview:large","max-video-preview":"max-video-preview:-1"},"canonical":"https:\/\/kunmedierne.dk\/mors\/kirkebussen-klar-med-fokus-paa-naeste-generation\/","og_locale":"da_DK","og_type":"article","og_title":"Kirkebussen klar med fokus p\u00e5 n\u00e6ste generation - Mors","og_description":"MORS: Hvordan kan vi favne alle uden at miste vores identitet? S\u00e5dan lyder sp\u00f8rgsm\u00e5let med et fokus p\u00e5 n\u00e6ste generation fra Kirkebussen p\u00e5 Kulturm\u00f8det, der ogs\u00e5 i \u00e5r har strikket et varieret program sammen. B\u00e5de den nuv\u00e6rende biskop, Thomas Reinholdt Rasmussen, og forg\u00e6ngeren Henning Toft Bro er at finde p\u00e5 forskellige tilbud under de tre [&hellip;]","og_url":"https:\/\/kunmedierne.dk\/mors\/kirkebussen-klar-med-fokus-paa-naeste-generation\/","og_site_name":"Mors","article_published_time":"2022-08-24T21:24:42+00:00","article_modified_time":"2024-08-12T11:27:30+00:00","og_image":[{"width":770,"height":513,"url":"https:\/\/kunmedierne.dk\/mors\/wp-content\/uploads\/2022\/08\/IMG_1507-loevbjerg.jpg","type":"image\/jpeg"}],"author":"David H\u00f8jmark","twitter_card":"summary_large_image","twitter_misc":{"Skrevet af":"David H\u00f8jmark","Estimeret l\u00e6setid":"1 minut"},"schema":{"@context":"https:\/\/schema.org","@graph":[{"@type":"Article","@id":"https:\/\/kunmedierne.dk\/mors\/kirkebussen-klar-med-fokus-paa-naeste-generation\/#article","isPartOf":{"@id":"https:\/\/kunmedierne.dk\/mors\/kirkebussen-klar-med-fokus-paa-naeste-generation\/"},"author":{"name":"David H\u00f8jmark","@id":"https:\/\/kunmedierne.dk\/mors\/#\/schema\/person\/5fe23251bf1d0abbcdc6f7896579d548"},"headline":"Kirkebussen klar med fokus p\u00e5 n\u00e6ste generation","datePublished":"2022-08-24T21:24:42+00:00","dateModified":"2024-08-12T11:27:30+00:00","mainEntityOfPage":{"@id":"https:\/\/kunmedierne.dk\/mors\/kirkebussen-klar-med-fokus-paa-naeste-generation\/"},"wordCount":154,"publisher":{"@id":"https:\/\/kunmedierne.dk\/mors\/#organization"},"image":{"@id":"https:\/\/kunmedierne.dk\/mors\/kirkebussen-klar-med-fokus-paa-naeste-generation\/#primaryimage"},"thumbnailUrl":"https:\/\/kunmedierne.dk\/mors\/wp-content\/uploads\/2022\/08\/IMG_1507-loevbjerg.jpg","keywords":["Kirkestof","Kulturm\u00f8det"],"articleSection":["Kultur"],"inLanguage":"da-DK"},{"@type":"WebPage","@id":"https:\/\/kunmedierne.dk\/mors\/kirkebussen-klar-med-fokus-paa-naeste-generation\/","url":"https:\/\/kunmedierne.dk\/mors\/kirkebussen-klar-med-fokus-paa-naeste-generation\/","name":"Kirkebussen klar med fokus p\u00e5 n\u00e6ste generation - Mors","isPartOf":{"@id":"https:\/\/kunmedierne.dk\/mors\/#website"},"primaryImageOfPage":{"@id":"https:\/\/kunmedierne.dk\/mors\/kirkebussen-klar-med-fokus-paa-naeste-generation\/#primaryimage"},"image":{"@id":"https:\/\/kunmedierne.dk\/mors\/kirkebussen-klar-med-fokus-paa-naeste-generation\/#primaryimage"},"thumbnailUrl":"https:\/\/kunmedierne.dk\/mors\/wp-content\/uploads\/2022\/08\/IMG_1507-loevbjerg.jpg","datePublished":"2022-08-24T21:24:42+00:00","dateModified":"2024-08-12T11:27:30+00:00","breadcrumb":{"@id":"https:\/\/kunmedierne.dk\/mors\/kirkebussen-klar-med-fokus-paa-naeste-generation\/#breadcrumb"},"inLanguage":"da-DK","potentialAction":[{"@type":"ReadAction","target":["https:\/\/kunmedierne.dk\/mors\/kirkebussen-klar-med-fokus-paa-naeste-generation\/"]}]},{"@type":"ImageObject","inLanguage":"da-DK","@id":"https:\/\/kunmedierne.dk\/mors\/kirkebussen-klar-med-fokus-paa-naeste-generation\/#primaryimage","url":"https:\/\/kunmedierne.dk\/mors\/wp-content\/uploads\/2022\/08\/IMG_1507-loevbjerg.jpg","contentUrl":"https:\/\/kunmedierne.dk\/mors\/wp-content\/uploads\/2022\/08\/IMG_1507-loevbjerg.jpg","width":770,"height":513,"caption":"Her vil Kirkebussen p\u00e5 Kulturm\u00f8det byde p\u00e5 indslag fra torsdag til s\u00f8ndag."},{"@type":"BreadcrumbList","@id":"https:\/\/kunmedierne.dk\/mors\/kirkebussen-klar-med-fokus-paa-naeste-generation\/#breadcrumb","itemListElement":[{"@type":"ListItem","position":1,"name":"Hjem","item":"https:\/\/kunmedierne.dk\/mors\/"},{"@type":"ListItem","position":2,"name":"Kirkebussen klar med fokus p\u00e5 n\u00e6ste generation"}]},{"@type":"WebSite","@id":"https:\/\/kunmedierne.dk\/mors\/#website","url":"https:\/\/kunmedierne.dk\/mors\/","name":"Mors","description":"et netmedie med journalistik om livet p\u00e5 Mors","publisher":{"@id":"https:\/\/kunmedierne.dk\/mors\/#organization"},"potentialAction":[{"@type":"SearchAction","target":{"@type":"EntryPoint","urlTemplate":"https:\/\/kunmedierne.dk\/mors\/?s={search_term_string}"},"query-input":{"@type":"PropertyValueSpecification","valueRequired":true,"valueName":"search_term_string"}}],"inLanguage":"da-DK"},{"@type":"Organization","@id":"https:\/\/kunmedierne.dk\/mors\/#organization","name":"Mors","url":"https:\/\/kunmedierne.dk\/mors\/","logo":{"@type":"ImageObject","inLanguage":"da-DK","@id":"https:\/\/kunmedierne.dk\/mors\/#\/schema\/logo\/image\/","url":"https:\/\/kunmedierne.dk\/mors\/wp-content\/uploads\/2024\/08\/kunmors-logo.svg","contentUrl":"https:\/\/kunmedierne.dk\/mors\/wp-content\/uploads\/2024\/08\/kunmors-logo.svg","caption":"Mors"},"image":{"@id":"https:\/\/kunmedierne.dk\/mors\/#\/schema\/logo\/image\/"}},{"@type":"Person","@id":"https:\/\/kunmedierne.dk\/mors\/#\/schema\/person\/5fe23251bf1d0abbcdc6f7896579d548","name":"David H\u00f8jmark","image":{"@type":"ImageObject","inLanguage":"da-DK","@id":"https:\/\/kunmedierne.dk\/mors\/#\/schema\/person\/image\/","url":"https:\/\/secure.gravatar.com\/avatar\/4315d6fb9ef244d729989f5f90268eb08d5bf8a3d84402f595fa194bb35784fd?s=96&d=mm&r=g","contentUrl":"https:\/\/secure.gravatar.com\/avatar\/4315d6fb9ef244d729989f5f90268eb08d5bf8a3d84402f595fa194bb35784fd?s=96&d=mm&r=g","caption":"David H\u00f8jmark"},"sameAs":["https:\/\/www.kunmedierne.dk"],"url":"https:\/\/kunmedierne.dk\/mors\/author\/david\/"}]}},"_links":{"self":[{"href":"https:\/\/kunmedierne.dk\/mors\/wp-json\/wp\/v2\/posts\/76399","targetHints":{"allow":["GET"]}}],"collection":[{"href":"https:\/\/kunmedierne.dk\/mors\/wp-json\/wp\/v2\/posts"}],"about":[{"href":"https:\/\/kunmedierne.dk\/mors\/wp-json\/wp\/v2\/types\/post"}],"author":[{"embeddable":true,"href":"https:\/\/kunmedierne.dk\/mors\/wp-json\/wp\/v2\/users\/8"}],"replies":[{"embeddable":true,"href":"https:\/\/kunmedierne.dk\/mors\/wp-json\/wp\/v2\/comments?post=76399"}],"version-history":[{"count":7,"href":"https:\/\/kunmedierne.dk\/mors\/wp-json\/wp\/v2\/posts\/76399\/revisions"}],"predecessor-version":[{"id":76417,"href":"https:\/\/kunmedierne.dk\/mors\/wp-json\/wp\/v2\/posts\/76399\/revisions\/76417"}],"wp:featuredmedia":[{"embeddable":true,"href":"https:\/\/kunmedierne.dk\/mors\/wp-json\/wp\/v2\/media\/76401"}],"wp:attachment":[{"href":"https:\/\/kunmedierne.dk\/mors\/wp-json\/wp\/v2\/media?parent=76399"}],"wp:term":[{"taxonomy":"category","embeddable":true,"href":"https:\/\/kunmedierne.dk\/mors\/wp-json\/wp\/v2\/categories?post=76399"},{"taxonomy":"post_tag","embeddable":true,"href":"https:\/\/kunmedierne.dk\/mors\/wp-json\/wp\/v2\/tags?post=76399"}],"curies":[{"name":"wp","href":"https:\/\/api.w.org\/{rel}","templated":true}]}}