{"id":76279,"date":"2022-08-23T09:28:02","date_gmt":"2022-08-23T07:28:02","guid":{"rendered":"https:\/\/kunmedierne.dk\/mors\/?p=76279"},"modified":"2024-08-12T13:27:31","modified_gmt":"2024-08-12T11:27:31","slug":"kunstforeningen-aabner-doerene-under-kulturmoedet","status":"publish","type":"post","link":"https:\/\/kunmedierne.dk\/mors\/kunstforeningen-aabner-doerene-under-kulturmoedet\/","title":{"rendered":"Kunstforeningen \u00e5bner d\u00f8rene under Kulturm\u00f8det"},"content":{"rendered":"<p><strong>NYK\u00d8BING<\/strong>: \u00c5bningstiderne bliver udvidet, og i Kulturm\u00f8dets \u00e5nd skal man ikke betale for at v\u00e6re med.<\/p>\n<p>S\u00e5dan er det hos Mors\u00f8 Kunstforening af 1961 i dagene torsdag til l\u00f8rdag. Under Kulturm\u00f8det Mors har man to s\u00e6rarrangementer p\u00e5 programmet i foreningens lokaler.<\/p>\n<p>Det f\u00f8rste finder sted torsdag fra klokken 13.30 til 15 og bliver afviklet i samarbejde med Folkeuniversitet Mors. Det har titlen &#8216;Dansk kunst Nu&#8217; og vil, fort\u00e6ller kunstforeningen, med kunsthistoriker Gitte Tandrup vise talrige eksempler p\u00e5 nye kunstv\u00e6rker skabt af kunstnere fra forskellige generationer.<\/p>\n<a class=\"dvrt-link\" onClick=\"cdmtrack_click(114591,jQuery(this));return false\" href=\"https:\/\/www.facebook.com\/kopogkandemors\"><img decoding=\"async\" style=\"width:100%;\" src=\"https:\/\/kunmedierne.dk\/mors\/wp-content\/uploads\/2024\/03\/kop-og-kande-ja-tak-tilbud.jpg\"><\/a><script>cdmtrack_view(114591);<\/script>\n<p>&#8220;Hvad er der p\u00e5 spil? Kan man komme n\u00e6rmere fort\u00e6llingerne i malerier og skulpturer. Hvad siger formen om vores virkelighed, forholdet mellem mennesker, den enkeltes muligheder og oplevelse af verden? Der er tragiske og poetiske dimensioner,&#8221; lyder det fra kunstforeningen.<\/p>\n<p>Der vil blive vist v\u00e6rker\u00a0af blandt andre Arne Haugen S\u00f8rensen, Peter Brandes, Jens Galschi\u00f8t, Maja Lisa Engelhardt, Lars N\u00f8rgaard, Kathrine \u00c6rtebjerg, Lilibeth Cuenca Rasmussen, Jeanette Ehlers, Sif Itona Westerberg og Benedicte\u00a0Bjerre.<\/p>\n<p>&#8220;Det er kunstnerstemmer i forskellige aldre med hver deres bud p\u00e5, hvad kunst kan give og g\u00f8re,&#8221; fort\u00e6ller Mors\u00f8 Kunstforening af 1961.<\/p>\n<p>&nbsp;<\/p>\n<p><strong>To kendte bladtegnere<\/strong><\/p>\n<p>For nylig \u00e5bnede foreningen en s\u00e6rlig udstilling om bladtegnere, og programmet p\u00e5 fredag kan roligt siges at passe p\u00e5 den.<\/p>\n<p>Det er nemlig to af de mest kendte bladtegnere, Roald Als og Jens Julius, som fra klokken 13 til 14.30 b\u00e5de viser tegninger og tegner undervejs.<\/p>\n<p>&#8220;Stort set alle, der l\u00e6ser aviser, kender de to tegneres streg og deres tilgang til aktuelle h\u00e6ndelser, som de spidder i tegninger, der er satiriske, morbide, ironiske, men ogs\u00e5 oftest med et humoristisk anstr\u00f8g,&#8221; fort\u00e6ller kunstforeningen, som tilf\u00f8jer, at der ogs\u00e5 bliver mulighed for at debattere med tegnerne.<\/p>\n<div><a class=\"dvrt-link\" onClick=\"cdmtrack_click(113414,jQuery(this));return false\" href=\"https:\/\/www.p-soerensen.dk\/\"><img decoding=\"async\" style=\"width:100%;\" src=\"https:\/\/kunmedierne.dk\/mors\/wp-content\/uploads\/2024\/03\/p-soerensen-juni25.jpg\"><\/a><script>cdmtrack_view(113414);<\/script><\/div>\n<div><\/div>\n<p>Roald Als er bladtegner hos Politiken og tegner politisk satire og beskrives af Kulturm\u00f8det Mors som en tegner med h\u00e5bet om at v\u00e6lte den til enhver tid siddende regering.<\/p>\n<p>Jens Julius Hansen er tegner p\u00e5 Horsens Folkeblad og blev verdenskendt, da han bidrog til de 12 tegninger af Muhammed, som Jyllands-Posten bragte i 2005.<\/p>\n<p>Mors\u00f8 Kunstforening af 1961 har \u00e5bent torsdag og fredag 12-21 og l\u00f8rdag 12-17 &#8211; begge dage med gratis adgang for alle.<\/p>\n<p>Find hele programmet for Kulturm\u00f8det Mors <a href=\"https:\/\/program.kulturmodet.dk\/\" target=\"_blank\" rel=\"noopener\">her<\/a>.<\/p>\n<blockquote>\n<h5><b>L\u00e6s KunMors som din daglige avis: Tilmeld dig KunMors-avisen nederst p\u00e5 siden. S\u00e5 f\u00e5r du dagens artikler i samlet form p\u00e5 e-mail hver dag lige efter klokken 17.<\/b><\/h5>\n<\/blockquote>\n","protected":false},"excerpt":{"rendered":"<p>NYK\u00d8BING: \u00c5bningstiderne bliver udvidet, og i Kulturm\u00f8dets \u00e5nd skal man ikke betale for at v\u00e6re med. S\u00e5dan er det hos Mors\u00f8 Kunstforening af 1961 i dagene torsdag til l\u00f8rdag. Under Kulturm\u00f8det Mors har man to s\u00e6rarrangementer p\u00e5 programmet i foreningens lokaler. Det f\u00f8rste finder sted torsdag fra klokken 13.30 til 15 og bliver afviklet i [&hellip;]<\/p>\n","protected":false},"author":8,"featured_media":76281,"comment_status":"closed","ping_status":"open","sticky":false,"template":"","format":"standard","meta":{"_acf_changed":false,"footnotes":""},"categories":[49],"tags":[162],"class_list":["post-76279","post","type-post","status-publish","format-standard","has-post-thumbnail","hentry","category-kultur","tag-kulturmoedet"],"acf":[],"yoast_head":"<!-- This site is optimized with the Yoast SEO plugin v26.8 - https:\/\/yoast.com\/product\/yoast-seo-wordpress\/ -->\n<title>Kunstforeningen \u00e5bner d\u00f8rene under Kulturm\u00f8det - Mors<\/title>\n<meta name=\"robots\" content=\"index, follow, max-snippet:-1, max-image-preview:large, max-video-preview:-1\" \/>\n<link rel=\"canonical\" href=\"https:\/\/kunmedierne.dk\/mors\/kunstforeningen-aabner-doerene-under-kulturmoedet\/\" \/>\n<meta property=\"og:locale\" content=\"da_DK\" \/>\n<meta property=\"og:type\" content=\"article\" \/>\n<meta property=\"og:title\" content=\"Kunstforeningen \u00e5bner d\u00f8rene under Kulturm\u00f8det - Mors\" \/>\n<meta property=\"og:description\" content=\"NYK\u00d8BING: \u00c5bningstiderne bliver udvidet, og i Kulturm\u00f8dets \u00e5nd skal man ikke betale for at v\u00e6re med. S\u00e5dan er det hos Mors\u00f8 Kunstforening af 1961 i dagene torsdag til l\u00f8rdag. Under Kulturm\u00f8det Mors har man to s\u00e6rarrangementer p\u00e5 programmet i foreningens lokaler. Det f\u00f8rste finder sted torsdag fra klokken 13.30 til 15 og bliver afviklet i [&hellip;]\" \/>\n<meta property=\"og:url\" content=\"https:\/\/kunmedierne.dk\/mors\/kunstforeningen-aabner-doerene-under-kulturmoedet\/\" \/>\n<meta property=\"og:site_name\" content=\"Mors\" \/>\n<meta property=\"article:published_time\" content=\"2022-08-23T07:28:02+00:00\" \/>\n<meta property=\"article:modified_time\" content=\"2024-08-12T11:27:31+00:00\" \/>\n<meta property=\"og:image\" content=\"https:\/\/kunmedierne.dk\/mors\/wp-content\/uploads\/2022\/08\/IMG_0061-1.jpg\" \/>\n\t<meta property=\"og:image:width\" content=\"770\" \/>\n\t<meta property=\"og:image:height\" content=\"513\" \/>\n\t<meta property=\"og:image:type\" content=\"image\/jpeg\" \/>\n<meta name=\"author\" content=\"David H\u00f8jmark\" \/>\n<meta name=\"twitter:card\" content=\"summary_large_image\" \/>\n<meta name=\"twitter:label1\" content=\"Skrevet af\" \/>\n\t<meta name=\"twitter:data1\" content=\"David H\u00f8jmark\" \/>\n\t<meta name=\"twitter:label2\" content=\"Estimeret l\u00e6setid\" \/>\n\t<meta name=\"twitter:data2\" content=\"3 minutter\" \/>\n<script type=\"application\/ld+json\" class=\"yoast-schema-graph\">{\"@context\":\"https:\/\/schema.org\",\"@graph\":[{\"@type\":\"Article\",\"@id\":\"https:\/\/kunmedierne.dk\/mors\/kunstforeningen-aabner-doerene-under-kulturmoedet\/#article\",\"isPartOf\":{\"@id\":\"https:\/\/kunmedierne.dk\/mors\/kunstforeningen-aabner-doerene-under-kulturmoedet\/\"},\"author\":{\"name\":\"David H\u00f8jmark\",\"@id\":\"https:\/\/kunmedierne.dk\/mors\/#\/schema\/person\/5fe23251bf1d0abbcdc6f7896579d548\"},\"headline\":\"Kunstforeningen \u00e5bner d\u00f8rene under Kulturm\u00f8det\",\"datePublished\":\"2022-08-23T07:28:02+00:00\",\"dateModified\":\"2024-08-12T11:27:31+00:00\",\"mainEntityOfPage\":{\"@id\":\"https:\/\/kunmedierne.dk\/mors\/kunstforeningen-aabner-doerene-under-kulturmoedet\/\"},\"wordCount\":421,\"publisher\":{\"@id\":\"https:\/\/kunmedierne.dk\/mors\/#organization\"},\"image\":{\"@id\":\"https:\/\/kunmedierne.dk\/mors\/kunstforeningen-aabner-doerene-under-kulturmoedet\/#primaryimage\"},\"thumbnailUrl\":\"https:\/\/kunmedierne.dk\/mors\/wp-content\/uploads\/2022\/08\/IMG_0061-1.jpg\",\"keywords\":[\"Kulturm\u00f8det\"],\"articleSection\":[\"Kultur\"],\"inLanguage\":\"da-DK\"},{\"@type\":\"WebPage\",\"@id\":\"https:\/\/kunmedierne.dk\/mors\/kunstforeningen-aabner-doerene-under-kulturmoedet\/\",\"url\":\"https:\/\/kunmedierne.dk\/mors\/kunstforeningen-aabner-doerene-under-kulturmoedet\/\",\"name\":\"Kunstforeningen \u00e5bner d\u00f8rene under Kulturm\u00f8det - Mors\",\"isPartOf\":{\"@id\":\"https:\/\/kunmedierne.dk\/mors\/#website\"},\"primaryImageOfPage\":{\"@id\":\"https:\/\/kunmedierne.dk\/mors\/kunstforeningen-aabner-doerene-under-kulturmoedet\/#primaryimage\"},\"image\":{\"@id\":\"https:\/\/kunmedierne.dk\/mors\/kunstforeningen-aabner-doerene-under-kulturmoedet\/#primaryimage\"},\"thumbnailUrl\":\"https:\/\/kunmedierne.dk\/mors\/wp-content\/uploads\/2022\/08\/IMG_0061-1.jpg\",\"datePublished\":\"2022-08-23T07:28:02+00:00\",\"dateModified\":\"2024-08-12T11:27:31+00:00\",\"breadcrumb\":{\"@id\":\"https:\/\/kunmedierne.dk\/mors\/kunstforeningen-aabner-doerene-under-kulturmoedet\/#breadcrumb\"},\"inLanguage\":\"da-DK\",\"potentialAction\":[{\"@type\":\"ReadAction\",\"target\":[\"https:\/\/kunmedierne.dk\/mors\/kunstforeningen-aabner-doerene-under-kulturmoedet\/\"]}]},{\"@type\":\"ImageObject\",\"inLanguage\":\"da-DK\",\"@id\":\"https:\/\/kunmedierne.dk\/mors\/kunstforeningen-aabner-doerene-under-kulturmoedet\/#primaryimage\",\"url\":\"https:\/\/kunmedierne.dk\/mors\/wp-content\/uploads\/2022\/08\/IMG_0061-1.jpg\",\"contentUrl\":\"https:\/\/kunmedierne.dk\/mors\/wp-content\/uploads\/2022\/08\/IMG_0061-1.jpg\",\"width\":770,\"height\":513,\"caption\":\"Mors\u00f8 Kunstforening af 1961 udstiller for tiden satiriske tegninger. P\u00e5 fredag kan man m\u00f8de to af de mest kendte tegnere p\u00e5 Holmen.\"},{\"@type\":\"BreadcrumbList\",\"@id\":\"https:\/\/kunmedierne.dk\/mors\/kunstforeningen-aabner-doerene-under-kulturmoedet\/#breadcrumb\",\"itemListElement\":[{\"@type\":\"ListItem\",\"position\":1,\"name\":\"Hjem\",\"item\":\"https:\/\/kunmedierne.dk\/mors\/\"},{\"@type\":\"ListItem\",\"position\":2,\"name\":\"Kunstforeningen \u00e5bner d\u00f8rene under Kulturm\u00f8det\"}]},{\"@type\":\"WebSite\",\"@id\":\"https:\/\/kunmedierne.dk\/mors\/#website\",\"url\":\"https:\/\/kunmedierne.dk\/mors\/\",\"name\":\"Mors\",\"description\":\"et netmedie med journalistik om livet p\u00e5 Mors\",\"publisher\":{\"@id\":\"https:\/\/kunmedierne.dk\/mors\/#organization\"},\"potentialAction\":[{\"@type\":\"SearchAction\",\"target\":{\"@type\":\"EntryPoint\",\"urlTemplate\":\"https:\/\/kunmedierne.dk\/mors\/?s={search_term_string}\"},\"query-input\":{\"@type\":\"PropertyValueSpecification\",\"valueRequired\":true,\"valueName\":\"search_term_string\"}}],\"inLanguage\":\"da-DK\"},{\"@type\":\"Organization\",\"@id\":\"https:\/\/kunmedierne.dk\/mors\/#organization\",\"name\":\"Mors\",\"url\":\"https:\/\/kunmedierne.dk\/mors\/\",\"logo\":{\"@type\":\"ImageObject\",\"inLanguage\":\"da-DK\",\"@id\":\"https:\/\/kunmedierne.dk\/mors\/#\/schema\/logo\/image\/\",\"url\":\"https:\/\/kunmedierne.dk\/mors\/wp-content\/uploads\/2024\/08\/kunmors-logo.svg\",\"contentUrl\":\"https:\/\/kunmedierne.dk\/mors\/wp-content\/uploads\/2024\/08\/kunmors-logo.svg\",\"caption\":\"Mors\"},\"image\":{\"@id\":\"https:\/\/kunmedierne.dk\/mors\/#\/schema\/logo\/image\/\"}},{\"@type\":\"Person\",\"@id\":\"https:\/\/kunmedierne.dk\/mors\/#\/schema\/person\/5fe23251bf1d0abbcdc6f7896579d548\",\"name\":\"David H\u00f8jmark\",\"image\":{\"@type\":\"ImageObject\",\"inLanguage\":\"da-DK\",\"@id\":\"https:\/\/kunmedierne.dk\/mors\/#\/schema\/person\/image\/\",\"url\":\"https:\/\/secure.gravatar.com\/avatar\/4315d6fb9ef244d729989f5f90268eb08d5bf8a3d84402f595fa194bb35784fd?s=96&d=mm&r=g\",\"contentUrl\":\"https:\/\/secure.gravatar.com\/avatar\/4315d6fb9ef244d729989f5f90268eb08d5bf8a3d84402f595fa194bb35784fd?s=96&d=mm&r=g\",\"caption\":\"David H\u00f8jmark\"},\"sameAs\":[\"https:\/\/www.kunmedierne.dk\"],\"url\":\"https:\/\/kunmedierne.dk\/mors\/author\/david\/\"}]}<\/script>\n<!-- \/ Yoast SEO plugin. -->","yoast_head_json":{"title":"Kunstforeningen \u00e5bner d\u00f8rene under Kulturm\u00f8det - Mors","robots":{"index":"index","follow":"follow","max-snippet":"max-snippet:-1","max-image-preview":"max-image-preview:large","max-video-preview":"max-video-preview:-1"},"canonical":"https:\/\/kunmedierne.dk\/mors\/kunstforeningen-aabner-doerene-under-kulturmoedet\/","og_locale":"da_DK","og_type":"article","og_title":"Kunstforeningen \u00e5bner d\u00f8rene under Kulturm\u00f8det - Mors","og_description":"NYK\u00d8BING: \u00c5bningstiderne bliver udvidet, og i Kulturm\u00f8dets \u00e5nd skal man ikke betale for at v\u00e6re med. S\u00e5dan er det hos Mors\u00f8 Kunstforening af 1961 i dagene torsdag til l\u00f8rdag. Under Kulturm\u00f8det Mors har man to s\u00e6rarrangementer p\u00e5 programmet i foreningens lokaler. Det f\u00f8rste finder sted torsdag fra klokken 13.30 til 15 og bliver afviklet i [&hellip;]","og_url":"https:\/\/kunmedierne.dk\/mors\/kunstforeningen-aabner-doerene-under-kulturmoedet\/","og_site_name":"Mors","article_published_time":"2022-08-23T07:28:02+00:00","article_modified_time":"2024-08-12T11:27:31+00:00","og_image":[{"width":770,"height":513,"url":"https:\/\/kunmedierne.dk\/mors\/wp-content\/uploads\/2022\/08\/IMG_0061-1.jpg","type":"image\/jpeg"}],"author":"David H\u00f8jmark","twitter_card":"summary_large_image","twitter_misc":{"Skrevet af":"David H\u00f8jmark","Estimeret l\u00e6setid":"3 minutter"},"schema":{"@context":"https:\/\/schema.org","@graph":[{"@type":"Article","@id":"https:\/\/kunmedierne.dk\/mors\/kunstforeningen-aabner-doerene-under-kulturmoedet\/#article","isPartOf":{"@id":"https:\/\/kunmedierne.dk\/mors\/kunstforeningen-aabner-doerene-under-kulturmoedet\/"},"author":{"name":"David H\u00f8jmark","@id":"https:\/\/kunmedierne.dk\/mors\/#\/schema\/person\/5fe23251bf1d0abbcdc6f7896579d548"},"headline":"Kunstforeningen \u00e5bner d\u00f8rene under Kulturm\u00f8det","datePublished":"2022-08-23T07:28:02+00:00","dateModified":"2024-08-12T11:27:31+00:00","mainEntityOfPage":{"@id":"https:\/\/kunmedierne.dk\/mors\/kunstforeningen-aabner-doerene-under-kulturmoedet\/"},"wordCount":421,"publisher":{"@id":"https:\/\/kunmedierne.dk\/mors\/#organization"},"image":{"@id":"https:\/\/kunmedierne.dk\/mors\/kunstforeningen-aabner-doerene-under-kulturmoedet\/#primaryimage"},"thumbnailUrl":"https:\/\/kunmedierne.dk\/mors\/wp-content\/uploads\/2022\/08\/IMG_0061-1.jpg","keywords":["Kulturm\u00f8det"],"articleSection":["Kultur"],"inLanguage":"da-DK"},{"@type":"WebPage","@id":"https:\/\/kunmedierne.dk\/mors\/kunstforeningen-aabner-doerene-under-kulturmoedet\/","url":"https:\/\/kunmedierne.dk\/mors\/kunstforeningen-aabner-doerene-under-kulturmoedet\/","name":"Kunstforeningen \u00e5bner d\u00f8rene under Kulturm\u00f8det - Mors","isPartOf":{"@id":"https:\/\/kunmedierne.dk\/mors\/#website"},"primaryImageOfPage":{"@id":"https:\/\/kunmedierne.dk\/mors\/kunstforeningen-aabner-doerene-under-kulturmoedet\/#primaryimage"},"image":{"@id":"https:\/\/kunmedierne.dk\/mors\/kunstforeningen-aabner-doerene-under-kulturmoedet\/#primaryimage"},"thumbnailUrl":"https:\/\/kunmedierne.dk\/mors\/wp-content\/uploads\/2022\/08\/IMG_0061-1.jpg","datePublished":"2022-08-23T07:28:02+00:00","dateModified":"2024-08-12T11:27:31+00:00","breadcrumb":{"@id":"https:\/\/kunmedierne.dk\/mors\/kunstforeningen-aabner-doerene-under-kulturmoedet\/#breadcrumb"},"inLanguage":"da-DK","potentialAction":[{"@type":"ReadAction","target":["https:\/\/kunmedierne.dk\/mors\/kunstforeningen-aabner-doerene-under-kulturmoedet\/"]}]},{"@type":"ImageObject","inLanguage":"da-DK","@id":"https:\/\/kunmedierne.dk\/mors\/kunstforeningen-aabner-doerene-under-kulturmoedet\/#primaryimage","url":"https:\/\/kunmedierne.dk\/mors\/wp-content\/uploads\/2022\/08\/IMG_0061-1.jpg","contentUrl":"https:\/\/kunmedierne.dk\/mors\/wp-content\/uploads\/2022\/08\/IMG_0061-1.jpg","width":770,"height":513,"caption":"Mors\u00f8 Kunstforening af 1961 udstiller for tiden satiriske tegninger. P\u00e5 fredag kan man m\u00f8de to af de mest kendte tegnere p\u00e5 Holmen."},{"@type":"BreadcrumbList","@id":"https:\/\/kunmedierne.dk\/mors\/kunstforeningen-aabner-doerene-under-kulturmoedet\/#breadcrumb","itemListElement":[{"@type":"ListItem","position":1,"name":"Hjem","item":"https:\/\/kunmedierne.dk\/mors\/"},{"@type":"ListItem","position":2,"name":"Kunstforeningen \u00e5bner d\u00f8rene under Kulturm\u00f8det"}]},{"@type":"WebSite","@id":"https:\/\/kunmedierne.dk\/mors\/#website","url":"https:\/\/kunmedierne.dk\/mors\/","name":"Mors","description":"et netmedie med journalistik om livet p\u00e5 Mors","publisher":{"@id":"https:\/\/kunmedierne.dk\/mors\/#organization"},"potentialAction":[{"@type":"SearchAction","target":{"@type":"EntryPoint","urlTemplate":"https:\/\/kunmedierne.dk\/mors\/?s={search_term_string}"},"query-input":{"@type":"PropertyValueSpecification","valueRequired":true,"valueName":"search_term_string"}}],"inLanguage":"da-DK"},{"@type":"Organization","@id":"https:\/\/kunmedierne.dk\/mors\/#organization","name":"Mors","url":"https:\/\/kunmedierne.dk\/mors\/","logo":{"@type":"ImageObject","inLanguage":"da-DK","@id":"https:\/\/kunmedierne.dk\/mors\/#\/schema\/logo\/image\/","url":"https:\/\/kunmedierne.dk\/mors\/wp-content\/uploads\/2024\/08\/kunmors-logo.svg","contentUrl":"https:\/\/kunmedierne.dk\/mors\/wp-content\/uploads\/2024\/08\/kunmors-logo.svg","caption":"Mors"},"image":{"@id":"https:\/\/kunmedierne.dk\/mors\/#\/schema\/logo\/image\/"}},{"@type":"Person","@id":"https:\/\/kunmedierne.dk\/mors\/#\/schema\/person\/5fe23251bf1d0abbcdc6f7896579d548","name":"David H\u00f8jmark","image":{"@type":"ImageObject","inLanguage":"da-DK","@id":"https:\/\/kunmedierne.dk\/mors\/#\/schema\/person\/image\/","url":"https:\/\/secure.gravatar.com\/avatar\/4315d6fb9ef244d729989f5f90268eb08d5bf8a3d84402f595fa194bb35784fd?s=96&d=mm&r=g","contentUrl":"https:\/\/secure.gravatar.com\/avatar\/4315d6fb9ef244d729989f5f90268eb08d5bf8a3d84402f595fa194bb35784fd?s=96&d=mm&r=g","caption":"David H\u00f8jmark"},"sameAs":["https:\/\/www.kunmedierne.dk"],"url":"https:\/\/kunmedierne.dk\/mors\/author\/david\/"}]}},"_links":{"self":[{"href":"https:\/\/kunmedierne.dk\/mors\/wp-json\/wp\/v2\/posts\/76279","targetHints":{"allow":["GET"]}}],"collection":[{"href":"https:\/\/kunmedierne.dk\/mors\/wp-json\/wp\/v2\/posts"}],"about":[{"href":"https:\/\/kunmedierne.dk\/mors\/wp-json\/wp\/v2\/types\/post"}],"author":[{"embeddable":true,"href":"https:\/\/kunmedierne.dk\/mors\/wp-json\/wp\/v2\/users\/8"}],"replies":[{"embeddable":true,"href":"https:\/\/kunmedierne.dk\/mors\/wp-json\/wp\/v2\/comments?post=76279"}],"version-history":[{"count":3,"href":"https:\/\/kunmedierne.dk\/mors\/wp-json\/wp\/v2\/posts\/76279\/revisions"}],"predecessor-version":[{"id":76283,"href":"https:\/\/kunmedierne.dk\/mors\/wp-json\/wp\/v2\/posts\/76279\/revisions\/76283"}],"wp:featuredmedia":[{"embeddable":true,"href":"https:\/\/kunmedierne.dk\/mors\/wp-json\/wp\/v2\/media\/76281"}],"wp:attachment":[{"href":"https:\/\/kunmedierne.dk\/mors\/wp-json\/wp\/v2\/media?parent=76279"}],"wp:term":[{"taxonomy":"category","embeddable":true,"href":"https:\/\/kunmedierne.dk\/mors\/wp-json\/wp\/v2\/categories?post=76279"},{"taxonomy":"post_tag","embeddable":true,"href":"https:\/\/kunmedierne.dk\/mors\/wp-json\/wp\/v2\/tags?post=76279"}],"curies":[{"name":"wp","href":"https:\/\/api.w.org\/{rel}","templated":true}]}}