{"id":76243,"date":"2022-08-22T16:00:14","date_gmt":"2022-08-22T14:00:14","guid":{"rendered":"https:\/\/kunmedierne.dk\/mors\/?p=76243"},"modified":"2024-08-12T13:27:31","modified_gmt":"2024-08-12T11:27:31","slug":"kulturminister-maa-melde-afbud-til-kulturmoedet","status":"publish","type":"post","link":"https:\/\/kunmedierne.dk\/mors\/kulturminister-maa-melde-afbud-til-kulturmoedet\/","title":{"rendered":"Kulturminister m\u00e5 melde afbud til Kulturm\u00f8det"},"content":{"rendered":"<p><strong>MORS<\/strong>: Det bliver ikke landets kulturminister, der \u00e5bner Kulturm\u00f8det Mors 2022.<\/p>\n<p>Det oplyser Kulturm\u00f8det Mors mandag eftermiddag i en pressemeddelelse, der citerer kulturminister Ane Halsboe-J\u00f8rgensen.<\/p>\n<p>&#8220;Kulturm\u00f8det er et af kulturverdens \u00e5rlige h\u00f8jdepunkter. Jeg havde s\u00e5dan gl\u00e6det mig til at deltage igen &#8211; denne gang uden restriktioner og med tusindvis af deltagere. Men jeg har v\u00e6ret n\u00f8dt til at melde afbud, fordi min s\u00f8n skal opereres. Heldigvis er \u00e5bningen i gode h\u00e6nder hos min kollega Simon Kollerup,&#8221; siger hun.<\/p>\n<a class=\"dvrt-link\" onClick=\"cdmtrack_click(104780,jQuery(this));return false\" href=\"https:\/\/www.spard.dk\/\"><img decoding=\"async\" style=\"width:100%;\" src=\"https:\/\/kunmedierne.dk\/mors\/wp-content\/uploads\/2023\/12\/sparekassen-dk-maj25.gif\"><\/a><script>cdmtrack_view(104780);<\/script>\n<p>Trine Bang, direkt\u00f8r for Kulturm\u00f8det,\u00a0udtaler:<\/p>\n<p>Jeg er selvf\u00f8lgelig ked af, at vi m\u00e5 undv\u00e6re kulturministeren i \u00e5r, men jeg synes ogs\u00e5, det er helt naturligt, at erhvervsministeren er med p\u00e5 Mors. Kunst og kultur g\u00e5r p\u00e5 tv\u00e6rs af politikomr\u00e5der og handler om det samfund, vi er f\u00e6lles om.&#8221;<\/p>\n<p>Simon Kollerup \u00e5bner kulturm\u00f8det p\u00e5 torsdag klokken 11. Udover \u00e5bningen vil han fredag deltage i en r\u00e6kke debatter og samtaler. Blandt andet om b\u00e6redygtig kulturturisme og et Danmark i balance med kulturpolitikken som redskab.<\/p>\n<a class=\"dvrt-link\" onClick=\"cdmtrack_click(104787,jQuery(this));return false\" href=\"https:\/\/www.jyskebank.dk\/kontakt\/afdelingsinfo?departmentid=11890\"><img decoding=\"async\" style=\"width:100%;\" src=\"https:\/\/kunmedierne.dk\/mors\/wp-content\/uploads\/2023\/10\/260325JyskeBankMorsNy-1.jpg\"><\/a><script>cdmtrack_view(104787);<\/script>\n<p>&#8220;Uanset om man kigger p\u00e5 kunstv\u00e6rker p\u00e5 et museum eller m\u00f8des med den lokale badmintonklub, s\u00e5 skaber kulturlivet sammenh\u00e6ngskraft i Danmark,&#8221; siger Simon Kollerup.<\/p>\n<p>&#8220;Det skaber f\u00e6llesskaber, som b\u00e5de udvider vores horisont og skaber liv i lokalsamfundene, og her ved jeg fra min opv\u00e6kst i Nordjylland, at Mors er det helt rigtige sted at holde Kulturm\u00f8det. Jeg gl\u00e6der mig til at s\u00e6tte kulturen og erhvervslivet p\u00e5 dagsordenen,&#8221; siger han.<\/p>\n<p>Kulturm\u00f8det Mors finder sted i dagene 25.-27. august og er det f\u00f8rste efter to \u00e5r med alternative udgaver som f\u00f8lge af coronanedlukninger.<\/p>\n<p>Hele programmet med 500 forskellige tilbud kan ses <a href=\"https:\/\/program.kulturmodet.dk\/\" target=\"_blank\" rel=\"noopener\">her<\/a>.<\/p>\n<a class=\"dvrt-link\" onClick=\"cdmtrack_click(114591,jQuery(this));return false\" href=\"https:\/\/www.facebook.com\/kopogkandemors\"><img decoding=\"async\" style=\"width:100%;\" src=\"https:\/\/kunmedierne.dk\/mors\/wp-content\/uploads\/2024\/03\/kop-og-kande-ja-tak-tilbud.jpg\"><\/a><script>cdmtrack_view(114591);<\/script>\n<blockquote>\n<h5><b>KunMors-avisen er gratis. Du kan tilmelde dig nederst p\u00e5 siden. S\u00e5 f\u00e5r du dagens overskrifter direkte i din mailboks lige efter klokken 17 \u2013 alle ugens dage \u00e5ret rundt.\u00a0<\/b><\/h5>\n<\/blockquote>\n","protected":false},"excerpt":{"rendered":"<p>MORS: Det bliver ikke landets kulturminister, der \u00e5bner Kulturm\u00f8det Mors 2022. Det oplyser Kulturm\u00f8det Mors mandag eftermiddag i en pressemeddelelse, der citerer kulturminister Ane Halsboe-J\u00f8rgensen. &#8220;Kulturm\u00f8det er et af kulturverdens \u00e5rlige h\u00f8jdepunkter. Jeg havde s\u00e5dan gl\u00e6det mig til at deltage igen &#8211; denne gang uden restriktioner og med tusindvis af deltagere. Men jeg har v\u00e6ret [&hellip;]<\/p>\n","protected":false},"author":8,"featured_media":50808,"comment_status":"closed","ping_status":"open","sticky":false,"template":"","format":"standard","meta":{"_acf_changed":false,"footnotes":""},"categories":[49],"tags":[162],"class_list":["post-76243","post","type-post","status-publish","format-standard","has-post-thumbnail","hentry","category-kultur","tag-kulturmoedet"],"acf":[],"yoast_head":"<!-- This site is optimized with the Yoast SEO plugin v26.8 - https:\/\/yoast.com\/product\/yoast-seo-wordpress\/ -->\n<title>Kulturminister m\u00e5 melde afbud til Kulturm\u00f8det - Mors<\/title>\n<meta name=\"robots\" content=\"index, follow, max-snippet:-1, max-image-preview:large, max-video-preview:-1\" \/>\n<link rel=\"canonical\" href=\"https:\/\/kunmedierne.dk\/mors\/kulturminister-maa-melde-afbud-til-kulturmoedet\/\" \/>\n<meta property=\"og:locale\" content=\"da_DK\" \/>\n<meta property=\"og:type\" content=\"article\" \/>\n<meta property=\"og:title\" content=\"Kulturminister m\u00e5 melde afbud til Kulturm\u00f8det - Mors\" \/>\n<meta property=\"og:description\" content=\"MORS: Det bliver ikke landets kulturminister, der \u00e5bner Kulturm\u00f8det Mors 2022. Det oplyser Kulturm\u00f8det Mors mandag eftermiddag i en pressemeddelelse, der citerer kulturminister Ane Halsboe-J\u00f8rgensen. &#8220;Kulturm\u00f8det er et af kulturverdens \u00e5rlige h\u00f8jdepunkter. Jeg havde s\u00e5dan gl\u00e6det mig til at deltage igen &#8211; denne gang uden restriktioner og med tusindvis af deltagere. Men jeg har v\u00e6ret [&hellip;]\" \/>\n<meta property=\"og:url\" content=\"https:\/\/kunmedierne.dk\/mors\/kulturminister-maa-melde-afbud-til-kulturmoedet\/\" \/>\n<meta property=\"og:site_name\" content=\"Mors\" \/>\n<meta property=\"article:published_time\" content=\"2022-08-22T14:00:14+00:00\" \/>\n<meta property=\"article:modified_time\" content=\"2024-08-12T11:27:31+00:00\" \/>\n<meta property=\"og:image\" content=\"https:\/\/kunmedierne.dk\/mors\/wp-content\/uploads\/2021\/08\/Kulturminister.jpg\" \/>\n\t<meta property=\"og:image:width\" content=\"770\" \/>\n\t<meta property=\"og:image:height\" content=\"513\" \/>\n\t<meta property=\"og:image:type\" content=\"image\/jpeg\" \/>\n<meta name=\"author\" content=\"David H\u00f8jmark\" \/>\n<meta name=\"twitter:card\" content=\"summary_large_image\" \/>\n<meta name=\"twitter:label1\" content=\"Skrevet af\" \/>\n\t<meta name=\"twitter:data1\" content=\"David H\u00f8jmark\" \/>\n\t<meta name=\"twitter:label2\" content=\"Estimeret l\u00e6setid\" \/>\n\t<meta name=\"twitter:data2\" content=\"2 minutter\" \/>\n<script type=\"application\/ld+json\" class=\"yoast-schema-graph\">{\"@context\":\"https:\/\/schema.org\",\"@graph\":[{\"@type\":\"Article\",\"@id\":\"https:\/\/kunmedierne.dk\/mors\/kulturminister-maa-melde-afbud-til-kulturmoedet\/#article\",\"isPartOf\":{\"@id\":\"https:\/\/kunmedierne.dk\/mors\/kulturminister-maa-melde-afbud-til-kulturmoedet\/\"},\"author\":{\"name\":\"David H\u00f8jmark\",\"@id\":\"https:\/\/kunmedierne.dk\/mors\/#\/schema\/person\/5fe23251bf1d0abbcdc6f7896579d548\"},\"headline\":\"Kulturminister m\u00e5 melde afbud til Kulturm\u00f8det\",\"datePublished\":\"2022-08-22T14:00:14+00:00\",\"dateModified\":\"2024-08-12T11:27:31+00:00\",\"mainEntityOfPage\":{\"@id\":\"https:\/\/kunmedierne.dk\/mors\/kulturminister-maa-melde-afbud-til-kulturmoedet\/\"},\"wordCount\":333,\"publisher\":{\"@id\":\"https:\/\/kunmedierne.dk\/mors\/#organization\"},\"image\":{\"@id\":\"https:\/\/kunmedierne.dk\/mors\/kulturminister-maa-melde-afbud-til-kulturmoedet\/#primaryimage\"},\"thumbnailUrl\":\"https:\/\/kunmedierne.dk\/mors\/wp-content\/uploads\/2021\/08\/Kulturminister.jpg\",\"keywords\":[\"Kulturm\u00f8det\"],\"articleSection\":[\"Kultur\"],\"inLanguage\":\"da-DK\"},{\"@type\":\"WebPage\",\"@id\":\"https:\/\/kunmedierne.dk\/mors\/kulturminister-maa-melde-afbud-til-kulturmoedet\/\",\"url\":\"https:\/\/kunmedierne.dk\/mors\/kulturminister-maa-melde-afbud-til-kulturmoedet\/\",\"name\":\"Kulturminister m\u00e5 melde afbud til Kulturm\u00f8det - Mors\",\"isPartOf\":{\"@id\":\"https:\/\/kunmedierne.dk\/mors\/#website\"},\"primaryImageOfPage\":{\"@id\":\"https:\/\/kunmedierne.dk\/mors\/kulturminister-maa-melde-afbud-til-kulturmoedet\/#primaryimage\"},\"image\":{\"@id\":\"https:\/\/kunmedierne.dk\/mors\/kulturminister-maa-melde-afbud-til-kulturmoedet\/#primaryimage\"},\"thumbnailUrl\":\"https:\/\/kunmedierne.dk\/mors\/wp-content\/uploads\/2021\/08\/Kulturminister.jpg\",\"datePublished\":\"2022-08-22T14:00:14+00:00\",\"dateModified\":\"2024-08-12T11:27:31+00:00\",\"breadcrumb\":{\"@id\":\"https:\/\/kunmedierne.dk\/mors\/kulturminister-maa-melde-afbud-til-kulturmoedet\/#breadcrumb\"},\"inLanguage\":\"da-DK\",\"potentialAction\":[{\"@type\":\"ReadAction\",\"target\":[\"https:\/\/kunmedierne.dk\/mors\/kulturminister-maa-melde-afbud-til-kulturmoedet\/\"]}]},{\"@type\":\"ImageObject\",\"inLanguage\":\"da-DK\",\"@id\":\"https:\/\/kunmedierne.dk\/mors\/kulturminister-maa-melde-afbud-til-kulturmoedet\/#primaryimage\",\"url\":\"https:\/\/kunmedierne.dk\/mors\/wp-content\/uploads\/2021\/08\/Kulturminister.jpg\",\"contentUrl\":\"https:\/\/kunmedierne.dk\/mors\/wp-content\/uploads\/2021\/08\/Kulturminister.jpg\",\"width\":770,\"height\":513,\"caption\":\"Kulturminister Ane-Halsboe J\u00f8rgensen (S) i \u00e5bningssamtalen 2021 med Christian Have. Foto: Per Bille.\"},{\"@type\":\"BreadcrumbList\",\"@id\":\"https:\/\/kunmedierne.dk\/mors\/kulturminister-maa-melde-afbud-til-kulturmoedet\/#breadcrumb\",\"itemListElement\":[{\"@type\":\"ListItem\",\"position\":1,\"name\":\"Hjem\",\"item\":\"https:\/\/kunmedierne.dk\/mors\/\"},{\"@type\":\"ListItem\",\"position\":2,\"name\":\"Kulturminister m\u00e5 melde afbud til Kulturm\u00f8det\"}]},{\"@type\":\"WebSite\",\"@id\":\"https:\/\/kunmedierne.dk\/mors\/#website\",\"url\":\"https:\/\/kunmedierne.dk\/mors\/\",\"name\":\"Mors\",\"description\":\"et netmedie med journalistik om livet p\u00e5 Mors\",\"publisher\":{\"@id\":\"https:\/\/kunmedierne.dk\/mors\/#organization\"},\"potentialAction\":[{\"@type\":\"SearchAction\",\"target\":{\"@type\":\"EntryPoint\",\"urlTemplate\":\"https:\/\/kunmedierne.dk\/mors\/?s={search_term_string}\"},\"query-input\":{\"@type\":\"PropertyValueSpecification\",\"valueRequired\":true,\"valueName\":\"search_term_string\"}}],\"inLanguage\":\"da-DK\"},{\"@type\":\"Organization\",\"@id\":\"https:\/\/kunmedierne.dk\/mors\/#organization\",\"name\":\"Mors\",\"url\":\"https:\/\/kunmedierne.dk\/mors\/\",\"logo\":{\"@type\":\"ImageObject\",\"inLanguage\":\"da-DK\",\"@id\":\"https:\/\/kunmedierne.dk\/mors\/#\/schema\/logo\/image\/\",\"url\":\"https:\/\/kunmedierne.dk\/mors\/wp-content\/uploads\/2024\/08\/kunmors-logo.svg\",\"contentUrl\":\"https:\/\/kunmedierne.dk\/mors\/wp-content\/uploads\/2024\/08\/kunmors-logo.svg\",\"caption\":\"Mors\"},\"image\":{\"@id\":\"https:\/\/kunmedierne.dk\/mors\/#\/schema\/logo\/image\/\"}},{\"@type\":\"Person\",\"@id\":\"https:\/\/kunmedierne.dk\/mors\/#\/schema\/person\/5fe23251bf1d0abbcdc6f7896579d548\",\"name\":\"David H\u00f8jmark\",\"image\":{\"@type\":\"ImageObject\",\"inLanguage\":\"da-DK\",\"@id\":\"https:\/\/kunmedierne.dk\/mors\/#\/schema\/person\/image\/\",\"url\":\"https:\/\/secure.gravatar.com\/avatar\/4315d6fb9ef244d729989f5f90268eb08d5bf8a3d84402f595fa194bb35784fd?s=96&d=mm&r=g\",\"contentUrl\":\"https:\/\/secure.gravatar.com\/avatar\/4315d6fb9ef244d729989f5f90268eb08d5bf8a3d84402f595fa194bb35784fd?s=96&d=mm&r=g\",\"caption\":\"David H\u00f8jmark\"},\"sameAs\":[\"https:\/\/www.kunmedierne.dk\"],\"url\":\"https:\/\/kunmedierne.dk\/mors\/author\/david\/\"}]}<\/script>\n<!-- \/ Yoast SEO plugin. -->","yoast_head_json":{"title":"Kulturminister m\u00e5 melde afbud til Kulturm\u00f8det - Mors","robots":{"index":"index","follow":"follow","max-snippet":"max-snippet:-1","max-image-preview":"max-image-preview:large","max-video-preview":"max-video-preview:-1"},"canonical":"https:\/\/kunmedierne.dk\/mors\/kulturminister-maa-melde-afbud-til-kulturmoedet\/","og_locale":"da_DK","og_type":"article","og_title":"Kulturminister m\u00e5 melde afbud til Kulturm\u00f8det - Mors","og_description":"MORS: Det bliver ikke landets kulturminister, der \u00e5bner Kulturm\u00f8det Mors 2022. Det oplyser Kulturm\u00f8det Mors mandag eftermiddag i en pressemeddelelse, der citerer kulturminister Ane Halsboe-J\u00f8rgensen. &#8220;Kulturm\u00f8det er et af kulturverdens \u00e5rlige h\u00f8jdepunkter. Jeg havde s\u00e5dan gl\u00e6det mig til at deltage igen &#8211; denne gang uden restriktioner og med tusindvis af deltagere. Men jeg har v\u00e6ret [&hellip;]","og_url":"https:\/\/kunmedierne.dk\/mors\/kulturminister-maa-melde-afbud-til-kulturmoedet\/","og_site_name":"Mors","article_published_time":"2022-08-22T14:00:14+00:00","article_modified_time":"2024-08-12T11:27:31+00:00","og_image":[{"width":770,"height":513,"url":"https:\/\/kunmedierne.dk\/mors\/wp-content\/uploads\/2021\/08\/Kulturminister.jpg","type":"image\/jpeg"}],"author":"David H\u00f8jmark","twitter_card":"summary_large_image","twitter_misc":{"Skrevet af":"David H\u00f8jmark","Estimeret l\u00e6setid":"2 minutter"},"schema":{"@context":"https:\/\/schema.org","@graph":[{"@type":"Article","@id":"https:\/\/kunmedierne.dk\/mors\/kulturminister-maa-melde-afbud-til-kulturmoedet\/#article","isPartOf":{"@id":"https:\/\/kunmedierne.dk\/mors\/kulturminister-maa-melde-afbud-til-kulturmoedet\/"},"author":{"name":"David H\u00f8jmark","@id":"https:\/\/kunmedierne.dk\/mors\/#\/schema\/person\/5fe23251bf1d0abbcdc6f7896579d548"},"headline":"Kulturminister m\u00e5 melde afbud til Kulturm\u00f8det","datePublished":"2022-08-22T14:00:14+00:00","dateModified":"2024-08-12T11:27:31+00:00","mainEntityOfPage":{"@id":"https:\/\/kunmedierne.dk\/mors\/kulturminister-maa-melde-afbud-til-kulturmoedet\/"},"wordCount":333,"publisher":{"@id":"https:\/\/kunmedierne.dk\/mors\/#organization"},"image":{"@id":"https:\/\/kunmedierne.dk\/mors\/kulturminister-maa-melde-afbud-til-kulturmoedet\/#primaryimage"},"thumbnailUrl":"https:\/\/kunmedierne.dk\/mors\/wp-content\/uploads\/2021\/08\/Kulturminister.jpg","keywords":["Kulturm\u00f8det"],"articleSection":["Kultur"],"inLanguage":"da-DK"},{"@type":"WebPage","@id":"https:\/\/kunmedierne.dk\/mors\/kulturminister-maa-melde-afbud-til-kulturmoedet\/","url":"https:\/\/kunmedierne.dk\/mors\/kulturminister-maa-melde-afbud-til-kulturmoedet\/","name":"Kulturminister m\u00e5 melde afbud til Kulturm\u00f8det - Mors","isPartOf":{"@id":"https:\/\/kunmedierne.dk\/mors\/#website"},"primaryImageOfPage":{"@id":"https:\/\/kunmedierne.dk\/mors\/kulturminister-maa-melde-afbud-til-kulturmoedet\/#primaryimage"},"image":{"@id":"https:\/\/kunmedierne.dk\/mors\/kulturminister-maa-melde-afbud-til-kulturmoedet\/#primaryimage"},"thumbnailUrl":"https:\/\/kunmedierne.dk\/mors\/wp-content\/uploads\/2021\/08\/Kulturminister.jpg","datePublished":"2022-08-22T14:00:14+00:00","dateModified":"2024-08-12T11:27:31+00:00","breadcrumb":{"@id":"https:\/\/kunmedierne.dk\/mors\/kulturminister-maa-melde-afbud-til-kulturmoedet\/#breadcrumb"},"inLanguage":"da-DK","potentialAction":[{"@type":"ReadAction","target":["https:\/\/kunmedierne.dk\/mors\/kulturminister-maa-melde-afbud-til-kulturmoedet\/"]}]},{"@type":"ImageObject","inLanguage":"da-DK","@id":"https:\/\/kunmedierne.dk\/mors\/kulturminister-maa-melde-afbud-til-kulturmoedet\/#primaryimage","url":"https:\/\/kunmedierne.dk\/mors\/wp-content\/uploads\/2021\/08\/Kulturminister.jpg","contentUrl":"https:\/\/kunmedierne.dk\/mors\/wp-content\/uploads\/2021\/08\/Kulturminister.jpg","width":770,"height":513,"caption":"Kulturminister Ane-Halsboe J\u00f8rgensen (S) i \u00e5bningssamtalen 2021 med Christian Have. Foto: Per Bille."},{"@type":"BreadcrumbList","@id":"https:\/\/kunmedierne.dk\/mors\/kulturminister-maa-melde-afbud-til-kulturmoedet\/#breadcrumb","itemListElement":[{"@type":"ListItem","position":1,"name":"Hjem","item":"https:\/\/kunmedierne.dk\/mors\/"},{"@type":"ListItem","position":2,"name":"Kulturminister m\u00e5 melde afbud til Kulturm\u00f8det"}]},{"@type":"WebSite","@id":"https:\/\/kunmedierne.dk\/mors\/#website","url":"https:\/\/kunmedierne.dk\/mors\/","name":"Mors","description":"et netmedie med journalistik om livet p\u00e5 Mors","publisher":{"@id":"https:\/\/kunmedierne.dk\/mors\/#organization"},"potentialAction":[{"@type":"SearchAction","target":{"@type":"EntryPoint","urlTemplate":"https:\/\/kunmedierne.dk\/mors\/?s={search_term_string}"},"query-input":{"@type":"PropertyValueSpecification","valueRequired":true,"valueName":"search_term_string"}}],"inLanguage":"da-DK"},{"@type":"Organization","@id":"https:\/\/kunmedierne.dk\/mors\/#organization","name":"Mors","url":"https:\/\/kunmedierne.dk\/mors\/","logo":{"@type":"ImageObject","inLanguage":"da-DK","@id":"https:\/\/kunmedierne.dk\/mors\/#\/schema\/logo\/image\/","url":"https:\/\/kunmedierne.dk\/mors\/wp-content\/uploads\/2024\/08\/kunmors-logo.svg","contentUrl":"https:\/\/kunmedierne.dk\/mors\/wp-content\/uploads\/2024\/08\/kunmors-logo.svg","caption":"Mors"},"image":{"@id":"https:\/\/kunmedierne.dk\/mors\/#\/schema\/logo\/image\/"}},{"@type":"Person","@id":"https:\/\/kunmedierne.dk\/mors\/#\/schema\/person\/5fe23251bf1d0abbcdc6f7896579d548","name":"David H\u00f8jmark","image":{"@type":"ImageObject","inLanguage":"da-DK","@id":"https:\/\/kunmedierne.dk\/mors\/#\/schema\/person\/image\/","url":"https:\/\/secure.gravatar.com\/avatar\/4315d6fb9ef244d729989f5f90268eb08d5bf8a3d84402f595fa194bb35784fd?s=96&d=mm&r=g","contentUrl":"https:\/\/secure.gravatar.com\/avatar\/4315d6fb9ef244d729989f5f90268eb08d5bf8a3d84402f595fa194bb35784fd?s=96&d=mm&r=g","caption":"David H\u00f8jmark"},"sameAs":["https:\/\/www.kunmedierne.dk"],"url":"https:\/\/kunmedierne.dk\/mors\/author\/david\/"}]}},"_links":{"self":[{"href":"https:\/\/kunmedierne.dk\/mors\/wp-json\/wp\/v2\/posts\/76243","targetHints":{"allow":["GET"]}}],"collection":[{"href":"https:\/\/kunmedierne.dk\/mors\/wp-json\/wp\/v2\/posts"}],"about":[{"href":"https:\/\/kunmedierne.dk\/mors\/wp-json\/wp\/v2\/types\/post"}],"author":[{"embeddable":true,"href":"https:\/\/kunmedierne.dk\/mors\/wp-json\/wp\/v2\/users\/8"}],"replies":[{"embeddable":true,"href":"https:\/\/kunmedierne.dk\/mors\/wp-json\/wp\/v2\/comments?post=76243"}],"version-history":[{"count":2,"href":"https:\/\/kunmedierne.dk\/mors\/wp-json\/wp\/v2\/posts\/76243\/revisions"}],"predecessor-version":[{"id":76245,"href":"https:\/\/kunmedierne.dk\/mors\/wp-json\/wp\/v2\/posts\/76243\/revisions\/76245"}],"wp:featuredmedia":[{"embeddable":true,"href":"https:\/\/kunmedierne.dk\/mors\/wp-json\/wp\/v2\/media\/50808"}],"wp:attachment":[{"href":"https:\/\/kunmedierne.dk\/mors\/wp-json\/wp\/v2\/media?parent=76243"}],"wp:term":[{"taxonomy":"category","embeddable":true,"href":"https:\/\/kunmedierne.dk\/mors\/wp-json\/wp\/v2\/categories?post=76243"},{"taxonomy":"post_tag","embeddable":true,"href":"https:\/\/kunmedierne.dk\/mors\/wp-json\/wp\/v2\/tags?post=76243"}],"curies":[{"name":"wp","href":"https:\/\/api.w.org\/{rel}","templated":true}]}}