{"id":75846,"date":"2022-08-16T11:18:00","date_gmt":"2022-08-16T09:18:00","guid":{"rendered":"https:\/\/kunmedierne.dk\/mors\/?p=75846"},"modified":"2024-08-12T13:27:34","modified_gmt":"2024-08-12T11:27:34","slug":"et-mekka-for-historieinteresserede","status":"publish","type":"post","link":"https:\/\/kunmedierne.dk\/mors\/et-mekka-for-historieinteresserede\/","title":{"rendered":"Et mekka for historieinteresserede"},"content":{"rendered":"<p><strong>NYK\u00d8BING<\/strong>: Kulturm\u00f8det Mors f\u00e5r endnu en ny scene.<\/p>\n<p>Limfjordsmuseets Samvirke, som er en sammenslutning af de otte statsanerkendte museer rundt om Limfjorden, er g\u00e5et sammen om at skabe det, de beskriver som &#8220;et sandt mekka for historieinteresserede.&#8221;<\/p>\n<p>I dagene 25.-27. august bliver haven p\u00e5 Dueholm Kloster til Historiehaven.<\/p>\n<p>\u201dHistoriehaven byder p\u00e5 et hav af sm\u00e5, sp\u00e6ndende historiske fort\u00e6llinger pr\u00e6senteret af museumsfolk fra museerne ved Limfjorden. Der er noget for enhver smag, og i Historiehaven kan man blive klogere p\u00e5 og lade sig fascinere af alt fra verdens \u00e6ldste sangfugl til russere p\u00e5 fl\u00f8deskumsfronten,\u201d siger Anders Have Espersen, museumsdirekt\u00f8r p\u00e5 Museum Mors, der sammen med sin kollega fra Limfjordsmuseet, Anders Bloksgaard, har arbejdet p\u00e5 at udvikle Historiehaven.<\/p>\n<a class=\"dvrt-link\" onClick=\"cdmtrack_click(104787,jQuery(this));return false\" href=\"https:\/\/www.jyskebank.dk\/kontakt\/afdelingsinfo?departmentid=11890\"><img decoding=\"async\" style=\"width:100%;\" src=\"https:\/\/kunmedierne.dk\/mors\/wp-content\/uploads\/2023\/10\/260325JyskeBankMorsNy-1.jpg\"><\/a><script>cdmtrack_view(104787);<\/script>\n<p>Han oplyser om den nye scene, at fort\u00e6llingerne bliver pr\u00e6senteret i stemningsfulde rammer i det store smukke telt, der kommer til at pr\u00e6ge den gamle have ved Dueholm.<\/p>\n<p>\u201dVi vil gerne give Kulturm\u00f8dets g\u00e6ster en ekstra mulighed for at slappe af og l\u00e6ne sig tilbage under de tre dages t\u00e6tte program. Mens man lader op, kan man nyde en r\u00e6kke gode museumsformidlere med noget p\u00e5 hjerte, der virkelig viser, hvad museerne har at byde p\u00e5,\u201d lyder det fra museumsdirekt\u00f8ren, der kan berette, at der ikke kun er noget godt til hovedet i Historiehaven.<\/p>\n<p>\u201dVi indretter vores helt egen lille bar i haven med salg af gode, forskellige \u00f8l fra Thisted Bryghus samt r\u00f8d og hvidvin,&#8221; siger Anders Have Espersen.<\/p>\n<a class=\"dvrt-link\" onClick=\"cdmtrack_click(111725,jQuery(this));return false\" href=\"https:\/\/www.thistedforsikring.dk\/?utm_source=partnerskaber&amp;utm_campaign=kun_mors\"><img decoding=\"async\" style=\"width:100%;\" src=\"https:\/\/kunmedierne.dk\/mors\/wp-content\/uploads\/2024\/02\/269409KunMors-ThistedFor-1.png\"><\/a><script>cdmtrack_view(111725);<\/script>\n<p>De mere end tyve forskellige fort\u00e6llinger er fordelt over dagtimerne i Kulturm\u00f8dets tre dage. N\u00e5r aftenen falder p\u00e5 torsdag og fredag, omdannes Historiehaven til et nyt, afslappet m\u00f8dested og \u00e5ndehul p\u00e5 Kulturm\u00f8det. Fra klokken 18.30 forvandles teltet til en hyggelig lounge, hvor en DJ resten af aftenen spiller op med afslappende toner, og der er god mulighed for at ford\u00f8je de mange indtryk fra Kulturm\u00f8det.<\/p>\n<p>Det er Museum Mors og Limfjordsmuseet i L\u00f8gst\u00f8r, som er initiativtagere og tovholdere p\u00e5 den nye scene, der udover Limfjordsmuseernes Samvirke selv er st\u00f8ttet af Europ\u00e6isk Kulturregion.<\/p>\n<p>Det fulde program for Historiehaven p\u00e5 Dueholm Kloster finder man blandt andet p\u00e5 Museum Mors\u2019 hjemmeside og naturligvis i Kulturm\u00f8dets digitale program.<\/p>\n<a class=\"dvrt-link\" onClick=\"cdmtrack_click(104778,jQuery(this));return false\" href=\"https:\/\/vester-begr.dk\/?gclid=CjwKCAjw5Kv7BRBSEiwAXGDElQB6WMfm9CgYVrruty-I1gaOkTkC3mlA4QRDtYNsxYgVC8sNzAJ7WhoCmBsQAvD_BwE\"><img decoding=\"async\" style=\"width:100%;\" src=\"https:\/\/kunmedierne.dk\/mors\/wp-content\/uploads\/2023\/10\/260203VesterHoukaer-02022026.jpg\"><\/a><script>cdmtrack_view(104778);<\/script>\n<blockquote>\n<h5><b>KunMors-avisen er gratis. Du kan tilmelde dig nederst p\u00e5 siden. S\u00e5 f\u00e5r du dagens overskrifter direkte i din mailboks lige efter klokken 17 \u2013 alle ugens dage \u00e5ret rundt.\u00a0<\/b><\/h5>\n<\/blockquote>\n","protected":false},"excerpt":{"rendered":"<p>NYK\u00d8BING: Kulturm\u00f8det Mors f\u00e5r endnu en ny scene. Limfjordsmuseets Samvirke, som er en sammenslutning af de otte statsanerkendte museer rundt om Limfjorden, er g\u00e5et sammen om at skabe det, de beskriver som &#8220;et sandt mekka for historieinteresserede.&#8221; I dagene 25.-27. august bliver haven p\u00e5 Dueholm Kloster til Historiehaven. \u201dHistoriehaven byder p\u00e5 et hav af sm\u00e5, [&hellip;]<\/p>\n","protected":false},"author":8,"featured_media":75847,"comment_status":"closed","ping_status":"open","sticky":false,"template":"","format":"standard","meta":{"_acf_changed":false,"footnotes":""},"categories":[49],"tags":[162],"class_list":["post-75846","post","type-post","status-publish","format-standard","has-post-thumbnail","hentry","category-kultur","tag-kulturmoedet"],"acf":[],"yoast_head":"<!-- This site is optimized with the Yoast SEO plugin v26.8 - https:\/\/yoast.com\/product\/yoast-seo-wordpress\/ -->\n<title>Et mekka for historieinteresserede - Mors<\/title>\n<meta name=\"robots\" content=\"index, follow, max-snippet:-1, max-image-preview:large, max-video-preview:-1\" \/>\n<link rel=\"canonical\" href=\"https:\/\/kunmedierne.dk\/mors\/et-mekka-for-historieinteresserede\/\" \/>\n<meta property=\"og:locale\" content=\"da_DK\" \/>\n<meta property=\"og:type\" content=\"article\" \/>\n<meta property=\"og:title\" content=\"Et mekka for historieinteresserede - Mors\" \/>\n<meta property=\"og:description\" content=\"NYK\u00d8BING: Kulturm\u00f8det Mors f\u00e5r endnu en ny scene. Limfjordsmuseets Samvirke, som er en sammenslutning af de otte statsanerkendte museer rundt om Limfjorden, er g\u00e5et sammen om at skabe det, de beskriver som &#8220;et sandt mekka for historieinteresserede.&#8221; I dagene 25.-27. august bliver haven p\u00e5 Dueholm Kloster til Historiehaven. \u201dHistoriehaven byder p\u00e5 et hav af sm\u00e5, [&hellip;]\" \/>\n<meta property=\"og:url\" content=\"https:\/\/kunmedierne.dk\/mors\/et-mekka-for-historieinteresserede\/\" \/>\n<meta property=\"og:site_name\" content=\"Mors\" \/>\n<meta property=\"article:published_time\" content=\"2022-08-16T09:18:00+00:00\" \/>\n<meta property=\"article:modified_time\" content=\"2024-08-12T11:27:34+00:00\" \/>\n<meta property=\"og:image\" content=\"https:\/\/kunmedierne.dk\/mors\/wp-content\/uploads\/2022\/08\/historiehaven.jpg\" \/>\n\t<meta property=\"og:image:width\" content=\"770\" \/>\n\t<meta property=\"og:image:height\" content=\"513\" \/>\n\t<meta property=\"og:image:type\" content=\"image\/jpeg\" \/>\n<meta name=\"author\" content=\"David H\u00f8jmark\" \/>\n<meta name=\"twitter:card\" content=\"summary_large_image\" \/>\n<meta name=\"twitter:label1\" content=\"Skrevet af\" \/>\n\t<meta name=\"twitter:data1\" content=\"David H\u00f8jmark\" \/>\n\t<meta name=\"twitter:label2\" content=\"Estimeret l\u00e6setid\" \/>\n\t<meta name=\"twitter:data2\" content=\"2 minutter\" \/>\n<script type=\"application\/ld+json\" class=\"yoast-schema-graph\">{\"@context\":\"https:\/\/schema.org\",\"@graph\":[{\"@type\":\"Article\",\"@id\":\"https:\/\/kunmedierne.dk\/mors\/et-mekka-for-historieinteresserede\/#article\",\"isPartOf\":{\"@id\":\"https:\/\/kunmedierne.dk\/mors\/et-mekka-for-historieinteresserede\/\"},\"author\":{\"name\":\"David H\u00f8jmark\",\"@id\":\"https:\/\/kunmedierne.dk\/mors\/#\/schema\/person\/5fe23251bf1d0abbcdc6f7896579d548\"},\"headline\":\"Et mekka for historieinteresserede\",\"datePublished\":\"2022-08-16T09:18:00+00:00\",\"dateModified\":\"2024-08-12T11:27:34+00:00\",\"mainEntityOfPage\":{\"@id\":\"https:\/\/kunmedierne.dk\/mors\/et-mekka-for-historieinteresserede\/\"},\"wordCount\":417,\"publisher\":{\"@id\":\"https:\/\/kunmedierne.dk\/mors\/#organization\"},\"image\":{\"@id\":\"https:\/\/kunmedierne.dk\/mors\/et-mekka-for-historieinteresserede\/#primaryimage\"},\"thumbnailUrl\":\"https:\/\/kunmedierne.dk\/mors\/wp-content\/uploads\/2022\/08\/historiehaven.jpg\",\"keywords\":[\"Kulturm\u00f8det\"],\"articleSection\":[\"Kultur\"],\"inLanguage\":\"da-DK\"},{\"@type\":\"WebPage\",\"@id\":\"https:\/\/kunmedierne.dk\/mors\/et-mekka-for-historieinteresserede\/\",\"url\":\"https:\/\/kunmedierne.dk\/mors\/et-mekka-for-historieinteresserede\/\",\"name\":\"Et mekka for historieinteresserede - Mors\",\"isPartOf\":{\"@id\":\"https:\/\/kunmedierne.dk\/mors\/#website\"},\"primaryImageOfPage\":{\"@id\":\"https:\/\/kunmedierne.dk\/mors\/et-mekka-for-historieinteresserede\/#primaryimage\"},\"image\":{\"@id\":\"https:\/\/kunmedierne.dk\/mors\/et-mekka-for-historieinteresserede\/#primaryimage\"},\"thumbnailUrl\":\"https:\/\/kunmedierne.dk\/mors\/wp-content\/uploads\/2022\/08\/historiehaven.jpg\",\"datePublished\":\"2022-08-16T09:18:00+00:00\",\"dateModified\":\"2024-08-12T11:27:34+00:00\",\"breadcrumb\":{\"@id\":\"https:\/\/kunmedierne.dk\/mors\/et-mekka-for-historieinteresserede\/#breadcrumb\"},\"inLanguage\":\"da-DK\",\"potentialAction\":[{\"@type\":\"ReadAction\",\"target\":[\"https:\/\/kunmedierne.dk\/mors\/et-mekka-for-historieinteresserede\/\"]}]},{\"@type\":\"ImageObject\",\"inLanguage\":\"da-DK\",\"@id\":\"https:\/\/kunmedierne.dk\/mors\/et-mekka-for-historieinteresserede\/#primaryimage\",\"url\":\"https:\/\/kunmedierne.dk\/mors\/wp-content\/uploads\/2022\/08\/historiehaven.jpg\",\"contentUrl\":\"https:\/\/kunmedierne.dk\/mors\/wp-content\/uploads\/2022\/08\/historiehaven.jpg\",\"width\":770,\"height\":513,\"caption\":\"Haven ved Dueholm Kloster. Foto: Museum Mors\"},{\"@type\":\"BreadcrumbList\",\"@id\":\"https:\/\/kunmedierne.dk\/mors\/et-mekka-for-historieinteresserede\/#breadcrumb\",\"itemListElement\":[{\"@type\":\"ListItem\",\"position\":1,\"name\":\"Hjem\",\"item\":\"https:\/\/kunmedierne.dk\/mors\/\"},{\"@type\":\"ListItem\",\"position\":2,\"name\":\"Et mekka for historieinteresserede\"}]},{\"@type\":\"WebSite\",\"@id\":\"https:\/\/kunmedierne.dk\/mors\/#website\",\"url\":\"https:\/\/kunmedierne.dk\/mors\/\",\"name\":\"Mors\",\"description\":\"et netmedie med journalistik om livet p\u00e5 Mors\",\"publisher\":{\"@id\":\"https:\/\/kunmedierne.dk\/mors\/#organization\"},\"potentialAction\":[{\"@type\":\"SearchAction\",\"target\":{\"@type\":\"EntryPoint\",\"urlTemplate\":\"https:\/\/kunmedierne.dk\/mors\/?s={search_term_string}\"},\"query-input\":{\"@type\":\"PropertyValueSpecification\",\"valueRequired\":true,\"valueName\":\"search_term_string\"}}],\"inLanguage\":\"da-DK\"},{\"@type\":\"Organization\",\"@id\":\"https:\/\/kunmedierne.dk\/mors\/#organization\",\"name\":\"Mors\",\"url\":\"https:\/\/kunmedierne.dk\/mors\/\",\"logo\":{\"@type\":\"ImageObject\",\"inLanguage\":\"da-DK\",\"@id\":\"https:\/\/kunmedierne.dk\/mors\/#\/schema\/logo\/image\/\",\"url\":\"https:\/\/kunmedierne.dk\/mors\/wp-content\/uploads\/2024\/08\/kunmors-logo.svg\",\"contentUrl\":\"https:\/\/kunmedierne.dk\/mors\/wp-content\/uploads\/2024\/08\/kunmors-logo.svg\",\"caption\":\"Mors\"},\"image\":{\"@id\":\"https:\/\/kunmedierne.dk\/mors\/#\/schema\/logo\/image\/\"}},{\"@type\":\"Person\",\"@id\":\"https:\/\/kunmedierne.dk\/mors\/#\/schema\/person\/5fe23251bf1d0abbcdc6f7896579d548\",\"name\":\"David H\u00f8jmark\",\"image\":{\"@type\":\"ImageObject\",\"inLanguage\":\"da-DK\",\"@id\":\"https:\/\/kunmedierne.dk\/mors\/#\/schema\/person\/image\/\",\"url\":\"https:\/\/secure.gravatar.com\/avatar\/4315d6fb9ef244d729989f5f90268eb08d5bf8a3d84402f595fa194bb35784fd?s=96&d=mm&r=g\",\"contentUrl\":\"https:\/\/secure.gravatar.com\/avatar\/4315d6fb9ef244d729989f5f90268eb08d5bf8a3d84402f595fa194bb35784fd?s=96&d=mm&r=g\",\"caption\":\"David H\u00f8jmark\"},\"sameAs\":[\"https:\/\/www.kunmedierne.dk\"],\"url\":\"https:\/\/kunmedierne.dk\/mors\/author\/david\/\"}]}<\/script>\n<!-- \/ Yoast SEO plugin. -->","yoast_head_json":{"title":"Et mekka for historieinteresserede - Mors","robots":{"index":"index","follow":"follow","max-snippet":"max-snippet:-1","max-image-preview":"max-image-preview:large","max-video-preview":"max-video-preview:-1"},"canonical":"https:\/\/kunmedierne.dk\/mors\/et-mekka-for-historieinteresserede\/","og_locale":"da_DK","og_type":"article","og_title":"Et mekka for historieinteresserede - Mors","og_description":"NYK\u00d8BING: Kulturm\u00f8det Mors f\u00e5r endnu en ny scene. Limfjordsmuseets Samvirke, som er en sammenslutning af de otte statsanerkendte museer rundt om Limfjorden, er g\u00e5et sammen om at skabe det, de beskriver som &#8220;et sandt mekka for historieinteresserede.&#8221; I dagene 25.-27. august bliver haven p\u00e5 Dueholm Kloster til Historiehaven. \u201dHistoriehaven byder p\u00e5 et hav af sm\u00e5, [&hellip;]","og_url":"https:\/\/kunmedierne.dk\/mors\/et-mekka-for-historieinteresserede\/","og_site_name":"Mors","article_published_time":"2022-08-16T09:18:00+00:00","article_modified_time":"2024-08-12T11:27:34+00:00","og_image":[{"width":770,"height":513,"url":"https:\/\/kunmedierne.dk\/mors\/wp-content\/uploads\/2022\/08\/historiehaven.jpg","type":"image\/jpeg"}],"author":"David H\u00f8jmark","twitter_card":"summary_large_image","twitter_misc":{"Skrevet af":"David H\u00f8jmark","Estimeret l\u00e6setid":"2 minutter"},"schema":{"@context":"https:\/\/schema.org","@graph":[{"@type":"Article","@id":"https:\/\/kunmedierne.dk\/mors\/et-mekka-for-historieinteresserede\/#article","isPartOf":{"@id":"https:\/\/kunmedierne.dk\/mors\/et-mekka-for-historieinteresserede\/"},"author":{"name":"David H\u00f8jmark","@id":"https:\/\/kunmedierne.dk\/mors\/#\/schema\/person\/5fe23251bf1d0abbcdc6f7896579d548"},"headline":"Et mekka for historieinteresserede","datePublished":"2022-08-16T09:18:00+00:00","dateModified":"2024-08-12T11:27:34+00:00","mainEntityOfPage":{"@id":"https:\/\/kunmedierne.dk\/mors\/et-mekka-for-historieinteresserede\/"},"wordCount":417,"publisher":{"@id":"https:\/\/kunmedierne.dk\/mors\/#organization"},"image":{"@id":"https:\/\/kunmedierne.dk\/mors\/et-mekka-for-historieinteresserede\/#primaryimage"},"thumbnailUrl":"https:\/\/kunmedierne.dk\/mors\/wp-content\/uploads\/2022\/08\/historiehaven.jpg","keywords":["Kulturm\u00f8det"],"articleSection":["Kultur"],"inLanguage":"da-DK"},{"@type":"WebPage","@id":"https:\/\/kunmedierne.dk\/mors\/et-mekka-for-historieinteresserede\/","url":"https:\/\/kunmedierne.dk\/mors\/et-mekka-for-historieinteresserede\/","name":"Et mekka for historieinteresserede - Mors","isPartOf":{"@id":"https:\/\/kunmedierne.dk\/mors\/#website"},"primaryImageOfPage":{"@id":"https:\/\/kunmedierne.dk\/mors\/et-mekka-for-historieinteresserede\/#primaryimage"},"image":{"@id":"https:\/\/kunmedierne.dk\/mors\/et-mekka-for-historieinteresserede\/#primaryimage"},"thumbnailUrl":"https:\/\/kunmedierne.dk\/mors\/wp-content\/uploads\/2022\/08\/historiehaven.jpg","datePublished":"2022-08-16T09:18:00+00:00","dateModified":"2024-08-12T11:27:34+00:00","breadcrumb":{"@id":"https:\/\/kunmedierne.dk\/mors\/et-mekka-for-historieinteresserede\/#breadcrumb"},"inLanguage":"da-DK","potentialAction":[{"@type":"ReadAction","target":["https:\/\/kunmedierne.dk\/mors\/et-mekka-for-historieinteresserede\/"]}]},{"@type":"ImageObject","inLanguage":"da-DK","@id":"https:\/\/kunmedierne.dk\/mors\/et-mekka-for-historieinteresserede\/#primaryimage","url":"https:\/\/kunmedierne.dk\/mors\/wp-content\/uploads\/2022\/08\/historiehaven.jpg","contentUrl":"https:\/\/kunmedierne.dk\/mors\/wp-content\/uploads\/2022\/08\/historiehaven.jpg","width":770,"height":513,"caption":"Haven ved Dueholm Kloster. Foto: Museum Mors"},{"@type":"BreadcrumbList","@id":"https:\/\/kunmedierne.dk\/mors\/et-mekka-for-historieinteresserede\/#breadcrumb","itemListElement":[{"@type":"ListItem","position":1,"name":"Hjem","item":"https:\/\/kunmedierne.dk\/mors\/"},{"@type":"ListItem","position":2,"name":"Et mekka for historieinteresserede"}]},{"@type":"WebSite","@id":"https:\/\/kunmedierne.dk\/mors\/#website","url":"https:\/\/kunmedierne.dk\/mors\/","name":"Mors","description":"et netmedie med journalistik om livet p\u00e5 Mors","publisher":{"@id":"https:\/\/kunmedierne.dk\/mors\/#organization"},"potentialAction":[{"@type":"SearchAction","target":{"@type":"EntryPoint","urlTemplate":"https:\/\/kunmedierne.dk\/mors\/?s={search_term_string}"},"query-input":{"@type":"PropertyValueSpecification","valueRequired":true,"valueName":"search_term_string"}}],"inLanguage":"da-DK"},{"@type":"Organization","@id":"https:\/\/kunmedierne.dk\/mors\/#organization","name":"Mors","url":"https:\/\/kunmedierne.dk\/mors\/","logo":{"@type":"ImageObject","inLanguage":"da-DK","@id":"https:\/\/kunmedierne.dk\/mors\/#\/schema\/logo\/image\/","url":"https:\/\/kunmedierne.dk\/mors\/wp-content\/uploads\/2024\/08\/kunmors-logo.svg","contentUrl":"https:\/\/kunmedierne.dk\/mors\/wp-content\/uploads\/2024\/08\/kunmors-logo.svg","caption":"Mors"},"image":{"@id":"https:\/\/kunmedierne.dk\/mors\/#\/schema\/logo\/image\/"}},{"@type":"Person","@id":"https:\/\/kunmedierne.dk\/mors\/#\/schema\/person\/5fe23251bf1d0abbcdc6f7896579d548","name":"David H\u00f8jmark","image":{"@type":"ImageObject","inLanguage":"da-DK","@id":"https:\/\/kunmedierne.dk\/mors\/#\/schema\/person\/image\/","url":"https:\/\/secure.gravatar.com\/avatar\/4315d6fb9ef244d729989f5f90268eb08d5bf8a3d84402f595fa194bb35784fd?s=96&d=mm&r=g","contentUrl":"https:\/\/secure.gravatar.com\/avatar\/4315d6fb9ef244d729989f5f90268eb08d5bf8a3d84402f595fa194bb35784fd?s=96&d=mm&r=g","caption":"David H\u00f8jmark"},"sameAs":["https:\/\/www.kunmedierne.dk"],"url":"https:\/\/kunmedierne.dk\/mors\/author\/david\/"}]}},"_links":{"self":[{"href":"https:\/\/kunmedierne.dk\/mors\/wp-json\/wp\/v2\/posts\/75846","targetHints":{"allow":["GET"]}}],"collection":[{"href":"https:\/\/kunmedierne.dk\/mors\/wp-json\/wp\/v2\/posts"}],"about":[{"href":"https:\/\/kunmedierne.dk\/mors\/wp-json\/wp\/v2\/types\/post"}],"author":[{"embeddable":true,"href":"https:\/\/kunmedierne.dk\/mors\/wp-json\/wp\/v2\/users\/8"}],"replies":[{"embeddable":true,"href":"https:\/\/kunmedierne.dk\/mors\/wp-json\/wp\/v2\/comments?post=75846"}],"version-history":[{"count":1,"href":"https:\/\/kunmedierne.dk\/mors\/wp-json\/wp\/v2\/posts\/75846\/revisions"}],"predecessor-version":[{"id":75848,"href":"https:\/\/kunmedierne.dk\/mors\/wp-json\/wp\/v2\/posts\/75846\/revisions\/75848"}],"wp:featuredmedia":[{"embeddable":true,"href":"https:\/\/kunmedierne.dk\/mors\/wp-json\/wp\/v2\/media\/75847"}],"wp:attachment":[{"href":"https:\/\/kunmedierne.dk\/mors\/wp-json\/wp\/v2\/media?parent=75846"}],"wp:term":[{"taxonomy":"category","embeddable":true,"href":"https:\/\/kunmedierne.dk\/mors\/wp-json\/wp\/v2\/categories?post=75846"},{"taxonomy":"post_tag","embeddable":true,"href":"https:\/\/kunmedierne.dk\/mors\/wp-json\/wp\/v2\/tags?post=75846"}],"curies":[{"name":"wp","href":"https:\/\/api.w.org\/{rel}","templated":true}]}}